{"id":2789,"date":"2019-06-21T18:44:02","date_gmt":"2019-06-21T16:44:02","guid":{"rendered":"https:\/\/regions-snetap-fsu.fr\/hdf\/?p=2789"},"modified":"2019-06-21T18:44:02","modified_gmt":"2019-06-21T16:44:02","slug":"bloquons-les-corrections","status":"publish","type":"post","link":"https:\/\/regions-snetap-fsu.fr\/formation\/2019\/06\/21\/bloquons-les-corrections\/","title":{"rendered":"Bloquons les corrections !"},"content":{"rendered":"<h2 style=\"text-align: center\"><span style=\"color: #ff0000\">Bloquons les corrections !<\/span><\/h2>\n<blockquote>\n<div style=\"text-align: justify\" align=\"left\"><span style=\"color: #0000ff;font-family: tahoma, arial, helvetica, sans-serif\">Le Minist\u00e8re reste sourd \u00e0 tout dialogue !<\/span><\/div>\n<div style=\"text-align: justify\" align=\"left\"><span style=\"color: #0000ff;font-family: tahoma, arial, helvetica, sans-serif\">Continuons et amplifions la mobilisation &#8230;<br \/>\n<\/span><\/div>\n<\/blockquote>\n<div align=\"left\"><\/div>\n<p><!--more--><\/p>\n<div align=\"left\">\n<div style=\"text-align: justify\" align=\"left\"><span style=\"color: #0000ff;font-family: tahoma, arial, helvetica, sans-serif\">Les forces de l\u2019ordre (?) perdent leurs nerfs !<\/span><\/div>\n<div align=\"left\"><span style=\"text-decoration: underline\"><span style=\"color: #000000\"><a style=\"color: #000000;text-decoration: underline\" href=\"https:\/\/www.facebook.com\/snetap\/videos\/332148534371123\/\" target=\"_blank\" rel=\"noopener noreferrer\">Lien : SNETAP-FSU &#8211; Coll\u00e8gues de l&rsquo;EN venus d\u00e9noncer les violences polici\u00e8res<\/a><\/span><\/span><\/div>\n<\/div>\n<div align=\"left\">.<\/div>\n<div align=\"left\">\n<div style=\"text-align: justify\" align=\"left\"><span style=\"color: #0000ff;font-family: tahoma, arial, helvetica, sans-serif\">Les autorit\u00e9s locales ne savent plus quoi faire\u2026<\/span><\/div>\n<div align=\"left\"><span style=\"text-decoration: underline\"><span style=\"color: #000000\"><a style=\"color: #000000;text-decoration: underline\" href=\"https:\/\/regions-snetap-fsu.fr\/hdf\/2019\/06\/15\/dans-les-hauts-de-france-rien-de-nouveau-maintenant-on-passe-a-laction\/\" target=\"_blank\" rel=\"noopener noreferrer\">Lien : Dans les Hauts-de-France, rien de nouveau ! Maintenant, on passe \u00e0 l\u2019action !<\/a><\/span><\/span><\/div>\n<\/div>\n<div align=\"left\">.<\/div>\n<div align=\"left\">\n<div style=\"text-align: justify\" align=\"left\"><span style=\"color: #0000ff;font-family: tahoma, arial, helvetica, sans-serif\">Une intersyndicale publique-priv\u00e9e in\u00e9dite se forme !<\/span><\/div>\n<\/div>\n<div align=\"left\">\n<div align=\"left\"><span style=\"text-decoration: underline\"><span style=\"color: #000000\"><a style=\"color: #000000;text-decoration: underline\" href=\"https:\/\/www.snetap-fsu.fr\/Greve-des-examens-toujours-pas-de-reponse-du-Ministre.html\" target=\"_blank\" rel=\"noopener noreferrer\">Lien : SNETAP-FSU &#8211; Gr\u00e8ve des corrections<\/a><\/span><\/span><\/div>\n<\/div>\n<div align=\"left\">.<\/div>\n<div align=\"left\">\n<div style=\"text-align: justify\" align=\"left\"><span style=\"color: #0000ff;font-family: tahoma, arial, helvetica, sans-serif\">Il faut continuer dans les Hauts-de-France en refusant de corriger pour un Minist\u00e8re qui nous demande de respecter les \u00e9l\u00e8ves alors qu\u2019il ne respecte ni les \u00e9l\u00e8ves, ni les correctrices\/correcteurs, ni les gr\u00e9vistes.<\/span><\/div>\n<\/div>\n<div align=\"left\"><\/div>\n<div align=\"left\">\n<h3 style=\"text-align: center\" align=\"left\"><span style=\"color: #ff0000;font-family: tahoma, arial, helvetica, sans-serif;font-size: 14pt\">R\u00e9pondons au silence du Minist\u00e8re par<\/span><\/h3>\n<h3 style=\"text-align: center\" align=\"left\"><span style=\"color: #ff0000;font-family: tahoma, arial, helvetica, sans-serif;font-size: 14pt\">le silence des corrections.<\/span><\/h3>\n<p><img fetchpriority=\"high\" decoding=\"async\" class=\"aligncenter wp-image-2737 size-full\" src=\"https:\/\/regions-snetap-fsu.fr\/hdf\/wp-content\/uploads\/sites\/5\/2019\/06\/Les_3_singes_Greve_examens_14_619.jpg\" alt=\"Gr\u00e8ve des examens - les 3 singes\" width=\"745\" height=\"308\" \/><\/p>\n<div style=\"text-align: justify\" align=\"left\"><span style=\"color: #0000ff;font-family: tahoma, arial, helvetica, sans-serif\">Pas la peine de se d\u00e9clarer gr\u00e9viste, le pr\u00e9avis couvre tous les gr\u00e9vistes. Attention, l&rsquo;obligation de se d\u00e9clarer dans les 5 jours pour la gr\u00e8ve est un \u00ab\u00a0fake news \u00a0\u00bb de directeurs z\u00e9l\u00e9s. C&rsquo;est \u00e0 l&rsquo;Administration de faire le point heure par heure et \u00e0 elle seule.<br \/>\n<\/span><\/div>\n<\/div>\n<div align=\"left\"><\/div>\n<div align=\"left\">\n<div style=\"text-align: justify\" align=\"left\"><span style=\"color: #0000ff;font-family: tahoma, arial, helvetica, sans-serif\">Pas la peine de r\u00e9pondre aux mails ou de passer son temps dans les casiers. Une convocation d\u2019urgence doit vous \u00eatre remise directement, sinon, il n\u2019y aucune certitude que vous l\u2019ayez re\u00e7ue\u2026<\/span><\/div>\n<\/div>\n<div align=\"left\"><\/div>\n<div align=\"left\">\n<h3 style=\"text-align: center\" align=\"left\"><span style=\"color: #ff0000;font-family: tahoma, arial, helvetica, sans-serif;font-size: 14pt\">Continuons et amplifions la mobilisation pour bloquer les corrections la semaine prochaine !<\/span><\/h3>\n<h3 style=\"text-align: center\"><span style=\"color: #ff0000;font-family: tahoma, arial, helvetica, sans-serif;font-size: 14pt\">Toutes et tous dans l&rsquo;action,<\/span><\/h3>\n<h3 style=\"text-align: center\"><span style=\"color: #ff0000;font-family: tahoma, arial, helvetica, sans-serif;font-size: 14pt\"> personnel du Public comme du Priv\u00e9 !<\/span><\/h3>\n<p><span style=\"font-family: tahoma, arial, helvetica, sans-serif;color: #0000ff\">Signalez-nous vos refus de r\u00e9pondre aux convocations de corrections d&rsquo;examens.<br \/>\n<\/span><\/p>\n<p><span style=\"text-decoration: underline\"><span style=\"color: #000000\"><a style=\"color: #000000;text-decoration: underline\" href=\"https:\/\/www.snetap-fsu.fr\/Maintenant-on-passe-a-l-action.html\" target=\"_blank\" rel=\"noopener noreferrer\">Lien : Carte des \u00e9tablissements mobilis\u00e9s<\/a><\/span><\/span><\/p>\n<\/div>\n","protected":false},"excerpt":{"rendered":"<p>Bloquons les corrections ! Le Minist\u00e8re reste sourd \u00e0 tout dialogue ! Continuons et amplifions la mobilisation &#8230;<\/p>\n","protected":false},"author":138,"featured_media":0,"comment_status":"closed","ping_status":"closed","sticky":false,"template":"","format":"standard","meta":{"ocean_post_layout":"","ocean_both_sidebars_style":"","ocean_both_sidebars_content_width":0,"ocean_both_sidebars_sidebars_width":0,"ocean_sidebar":"","ocean_second_sidebar":"","ocean_disable_margins":"enable","ocean_add_body_class":"","ocean_shortcode_before_top_bar":"","ocean_shortcode_after_top_bar":"","ocean_shortcode_before_header":"","ocean_shortcode_after_header":"","ocean_has_shortcode":"","ocean_shortcode_after_title":"","ocean_shortcode_before_footer_widgets":"","ocean_shortcode_after_footer_widgets":"","ocean_shortcode_before_footer_bottom":"","ocean_shortcode_after_footer_bottom":"","ocean_display_top_bar":"default","ocean_display_header":"default","ocean_header_style":"","ocean_center_header_left_menu":"","ocean_custom_header_template":"","ocean_custom_logo":0,"ocean_custom_retina_logo":0,"ocean_custom_logo_max_width":0,"ocean_custom_logo_tablet_max_width":0,"ocean_custom_logo_mobile_max_width":0,"ocean_custom_logo_max_height":0,"ocean_custom_logo_tablet_max_height":0,"ocean_custom_logo_mobile_max_height":0,"ocean_header_custom_menu":"","ocean_menu_typo_font_family":"","ocean_menu_typo_font_subset":"","ocean_menu_typo_font_size":0,"ocean_menu_typo_font_size_tablet":0,"ocean_menu_typo_font_size_mobile":0,"ocean_menu_typo_font_size_unit":"px","ocean_menu_typo_font_weight":"","ocean_menu_typo_font_weight_tablet":"","ocean_menu_typo_font_weight_mobile":"","ocean_menu_typo_transform":"","ocean_menu_typo_transform_tablet":"","ocean_menu_typo_transform_mobile":"","ocean_menu_typo_line_height":0,"ocean_menu_typo_line_height_tablet":0,"ocean_menu_typo_line_height_mobile":0,"ocean_menu_typo_line_height_unit":"","ocean_menu_typo_spacing":0,"ocean_menu_typo_spacing_tablet":0,"ocean_menu_typo_spacing_mobile":0,"ocean_menu_typo_spacing_unit":"","ocean_menu_link_color":"","ocean_menu_link_color_hover":"","ocean_menu_link_color_active":"","ocean_menu_link_background":"","ocean_menu_link_hover_background":"","ocean_menu_link_active_background":"","ocean_menu_social_links_bg":"","ocean_menu_social_hover_links_bg":"","ocean_menu_social_links_color":"","ocean_menu_social_hover_links_color":"","ocean_disable_title":"default","ocean_disable_heading":"default","ocean_post_title":"","ocean_post_subheading":"","ocean_post_title_style":"","ocean_post_title_background_color":"","ocean_post_title_background":0,"ocean_post_title_bg_image_position":"","ocean_post_title_bg_image_attachment":"","ocean_post_title_bg_image_repeat":"","ocean_post_title_bg_image_size":"","ocean_post_title_height":0,"ocean_post_title_bg_overlay":0.5,"ocean_post_title_bg_overlay_color":"","ocean_disable_breadcrumbs":"default","ocean_breadcrumbs_color":"","ocean_breadcrumbs_separator_color":"","ocean_breadcrumbs_links_color":"","ocean_breadcrumbs_links_hover_color":"","ocean_display_footer_widgets":"default","ocean_display_footer_bottom":"default","ocean_custom_footer_template":"","ocean_post_oembed":"","ocean_post_self_hosted_media":"","ocean_post_video_embed":"","ocean_link_format":"","ocean_link_format_target":"self","ocean_quote_format":"","ocean_quote_format_link":"post","ocean_gallery_link_images":"on","ocean_gallery_id":[],"footnotes":""},"categories":[3],"tags":[],"post_folder":[],"class_list":["post-2789","post","type-post","status-publish","format-standard","hentry","category-actions-greves-manifs","entry"],"yoast_head":"<!-- This site is optimized with the Yoast SEO plugin v27.4 - https:\/\/yoast.com\/product\/yoast-seo-wordpress\/ -->\n<title>Bloquons les corrections ! - Formation des sites R\u00e9gionaux du SNETAP-FSU<\/title>\n<meta name=\"robots\" content=\"index, follow, max-snippet:-1, max-image-preview:large, max-video-preview:-1\" \/>\n<link rel=\"canonical\" href=\"https:\/\/regions-snetap-fsu.fr\/formation\/2019\/06\/21\/bloquons-les-corrections\/\" \/>\n<meta property=\"og:locale\" content=\"fr_FR\" \/>\n<meta property=\"og:type\" content=\"article\" \/>\n<meta property=\"og:title\" content=\"Bloquons les corrections ! - Formation des sites R\u00e9gionaux du SNETAP-FSU\" \/>\n<meta property=\"og:description\" content=\"Bloquons les corrections ! Le Minist\u00e8re reste sourd \u00e0 tout dialogue ! Continuons et amplifions la mobilisation &#8230;\" \/>\n<meta property=\"og:url\" content=\"https:\/\/regions-snetap-fsu.fr\/formation\/2019\/06\/21\/bloquons-les-corrections\/\" \/>\n<meta property=\"og:site_name\" content=\"Formation des sites R\u00e9gionaux du SNETAP-FSU\" \/>\n<meta property=\"article:published_time\" content=\"2019-06-21T16:44:02+00:00\" \/>\n<meta name=\"author\" content=\"yoctavien\" \/>\n<meta name=\"twitter:card\" content=\"summary_large_image\" \/>\n<meta name=\"twitter:label1\" content=\"\u00c9crit par\" \/>\n\t<meta name=\"twitter:data1\" content=\"yoctavien\" \/>\n\t<meta name=\"twitter:label2\" content=\"Dur\u00e9e de lecture estim\u00e9e\" \/>\n\t<meta name=\"twitter:data2\" content=\"1 minute\" \/>\n<script type=\"application\/ld+json\" class=\"yoast-schema-graph\">{\"@context\":\"https:\\\/\\\/schema.org\",\"@graph\":[{\"@type\":\"Article\",\"@id\":\"https:\\\/\\\/regions-snetap-fsu.fr\\\/formation\\\/2019\\\/06\\\/21\\\/bloquons-les-corrections\\\/#article\",\"isPartOf\":{\"@id\":\"https:\\\/\\\/regions-snetap-fsu.fr\\\/formation\\\/2019\\\/06\\\/21\\\/bloquons-les-corrections\\\/\"},\"author\":{\"name\":\"yoctavien\",\"@id\":\"https:\\\/\\\/regions-snetap-fsu.fr\\\/formation\\\/#\\\/schema\\\/person\\\/f5dc7b6354e942ca9c5fa8e9ff7e5c93\"},\"headline\":\"Bloquons les corrections !\",\"datePublished\":\"2019-06-21T16:44:02+00:00\",\"mainEntityOfPage\":{\"@id\":\"https:\\\/\\\/regions-snetap-fsu.fr\\\/formation\\\/2019\\\/06\\\/21\\\/bloquons-les-corrections\\\/\"},\"wordCount\":261,\"publisher\":{\"@id\":\"https:\\\/\\\/regions-snetap-fsu.fr\\\/formation\\\/#organization\"},\"image\":{\"@id\":\"https:\\\/\\\/regions-snetap-fsu.fr\\\/formation\\\/2019\\\/06\\\/21\\\/bloquons-les-corrections\\\/#primaryimage\"},\"thumbnailUrl\":\"https:\\\/\\\/regions-snetap-fsu.fr\\\/hdf\\\/wp-content\\\/uploads\\\/sites\\\/5\\\/2019\\\/06\\\/Les_3_singes_Greve_examens_14_619.jpg\",\"articleSection\":[\"Actions - Gr\u00e8ves - Manifs\"],\"inLanguage\":\"fr-FR\"},{\"@type\":\"WebPage\",\"@id\":\"https:\\\/\\\/regions-snetap-fsu.fr\\\/formation\\\/2019\\\/06\\\/21\\\/bloquons-les-corrections\\\/\",\"url\":\"https:\\\/\\\/regions-snetap-fsu.fr\\\/formation\\\/2019\\\/06\\\/21\\\/bloquons-les-corrections\\\/\",\"name\":\"Bloquons les corrections ! - Formation des sites R\u00e9gionaux du SNETAP-FSU\",\"isPartOf\":{\"@id\":\"https:\\\/\\\/regions-snetap-fsu.fr\\\/formation\\\/#website\"},\"primaryImageOfPage\":{\"@id\":\"https:\\\/\\\/regions-snetap-fsu.fr\\\/formation\\\/2019\\\/06\\\/21\\\/bloquons-les-corrections\\\/#primaryimage\"},\"image\":{\"@id\":\"https:\\\/\\\/regions-snetap-fsu.fr\\\/formation\\\/2019\\\/06\\\/21\\\/bloquons-les-corrections\\\/#primaryimage\"},\"thumbnailUrl\":\"https:\\\/\\\/regions-snetap-fsu.fr\\\/hdf\\\/wp-content\\\/uploads\\\/sites\\\/5\\\/2019\\\/06\\\/Les_3_singes_Greve_examens_14_619.jpg\",\"datePublished\":\"2019-06-21T16:44:02+00:00\",\"breadcrumb\":{\"@id\":\"https:\\\/\\\/regions-snetap-fsu.fr\\\/formation\\\/2019\\\/06\\\/21\\\/bloquons-les-corrections\\\/#breadcrumb\"},\"inLanguage\":\"fr-FR\",\"potentialAction\":[{\"@type\":\"ReadAction\",\"target\":[\"https:\\\/\\\/regions-snetap-fsu.fr\\\/formation\\\/2019\\\/06\\\/21\\\/bloquons-les-corrections\\\/\"]}]},{\"@type\":\"ImageObject\",\"inLanguage\":\"fr-FR\",\"@id\":\"https:\\\/\\\/regions-snetap-fsu.fr\\\/formation\\\/2019\\\/06\\\/21\\\/bloquons-les-corrections\\\/#primaryimage\",\"url\":\"https:\\\/\\\/regions-snetap-fsu.fr\\\/hdf\\\/wp-content\\\/uploads\\\/sites\\\/5\\\/2019\\\/06\\\/Les_3_singes_Greve_examens_14_619.jpg\",\"contentUrl\":\"https:\\\/\\\/regions-snetap-fsu.fr\\\/hdf\\\/wp-content\\\/uploads\\\/sites\\\/5\\\/2019\\\/06\\\/Les_3_singes_Greve_examens_14_619.jpg\"},{\"@type\":\"BreadcrumbList\",\"@id\":\"https:\\\/\\\/regions-snetap-fsu.fr\\\/formation\\\/2019\\\/06\\\/21\\\/bloquons-les-corrections\\\/#breadcrumb\",\"itemListElement\":[{\"@type\":\"ListItem\",\"position\":1,\"name\":\"Accueil\",\"item\":\"https:\\\/\\\/regions-snetap-fsu.fr\\\/formation\\\/\"},{\"@type\":\"ListItem\",\"position\":2,\"name\":\"Bloquons les corrections !\"}]},{\"@type\":\"WebSite\",\"@id\":\"https:\\\/\\\/regions-snetap-fsu.fr\\\/formation\\\/#website\",\"url\":\"https:\\\/\\\/regions-snetap-fsu.fr\\\/formation\\\/\",\"name\":\"Formation des sites R\u00e9gionaux du SNETAP-FSU\",\"description\":\"\",\"publisher\":{\"@id\":\"https:\\\/\\\/regions-snetap-fsu.fr\\\/formation\\\/#organization\"},\"potentialAction\":[{\"@type\":\"SearchAction\",\"target\":{\"@type\":\"EntryPoint\",\"urlTemplate\":\"https:\\\/\\\/regions-snetap-fsu.fr\\\/formation\\\/?s={search_term_string}\"},\"query-input\":{\"@type\":\"PropertyValueSpecification\",\"valueRequired\":true,\"valueName\":\"search_term_string\"}}],\"inLanguage\":\"fr-FR\"},{\"@type\":\"Organization\",\"@id\":\"https:\\\/\\\/regions-snetap-fsu.fr\\\/formation\\\/#organization\",\"name\":\"Formation des sites R\u00e9gionaux du SNETAP-FSU\",\"url\":\"https:\\\/\\\/regions-snetap-fsu.fr\\\/formation\\\/\",\"logo\":{\"@type\":\"ImageObject\",\"inLanguage\":\"fr-FR\",\"@id\":\"https:\\\/\\\/regions-snetap-fsu.fr\\\/formation\\\/#\\\/schema\\\/logo\\\/image\\\/\",\"url\":\"https:\\\/\\\/regions-snetap-fsu.fr\\\/formation\\\/wp-content\\\/uploads\\\/sites\\\/20\\\/2025\\\/04\\\/cropped-Logo_blanc_fond_transparent_1000x755.png\",\"contentUrl\":\"https:\\\/\\\/regions-snetap-fsu.fr\\\/formation\\\/wp-content\\\/uploads\\\/sites\\\/20\\\/2025\\\/04\\\/cropped-Logo_blanc_fond_transparent_1000x755.png\",\"width\":998,\"height\":689,\"caption\":\"Formation des sites R\u00e9gionaux du SNETAP-FSU\"},\"image\":{\"@id\":\"https:\\\/\\\/regions-snetap-fsu.fr\\\/formation\\\/#\\\/schema\\\/logo\\\/image\\\/\"}},{\"@type\":\"Person\",\"@id\":\"https:\\\/\\\/regions-snetap-fsu.fr\\\/formation\\\/#\\\/schema\\\/person\\\/f5dc7b6354e942ca9c5fa8e9ff7e5c93\",\"name\":\"yoctavien\",\"image\":{\"@type\":\"ImageObject\",\"inLanguage\":\"fr-FR\",\"@id\":\"https:\\\/\\\/secure.gravatar.com\\\/avatar\\\/382642c092b6b9da14641d3c478df2f3da4a2d17eea25691c232d4dbf735c292?s=96&d=mm&r=g\",\"url\":\"https:\\\/\\\/secure.gravatar.com\\\/avatar\\\/382642c092b6b9da14641d3c478df2f3da4a2d17eea25691c232d4dbf735c292?s=96&d=mm&r=g\",\"contentUrl\":\"https:\\\/\\\/secure.gravatar.com\\\/avatar\\\/382642c092b6b9da14641d3c478df2f3da4a2d17eea25691c232d4dbf735c292?s=96&d=mm&r=g\",\"caption\":\"yoctavien\"},\"url\":\"https:\\\/\\\/regions-snetap-fsu.fr\\\/formation\\\/author\\\/yoctavien\\\/\"}]}<\/script>\n<!-- \/ Yoast SEO plugin. -->","yoast_head_json":{"title":"Bloquons les corrections ! - Formation des sites R\u00e9gionaux du SNETAP-FSU","robots":{"index":"index","follow":"follow","max-snippet":"max-snippet:-1","max-image-preview":"max-image-preview:large","max-video-preview":"max-video-preview:-1"},"canonical":"https:\/\/regions-snetap-fsu.fr\/formation\/2019\/06\/21\/bloquons-les-corrections\/","og_locale":"fr_FR","og_type":"article","og_title":"Bloquons les corrections ! - Formation des sites R\u00e9gionaux du SNETAP-FSU","og_description":"Bloquons les corrections ! Le Minist\u00e8re reste sourd \u00e0 tout dialogue ! Continuons et amplifions la mobilisation &#8230;","og_url":"https:\/\/regions-snetap-fsu.fr\/formation\/2019\/06\/21\/bloquons-les-corrections\/","og_site_name":"Formation des sites R\u00e9gionaux du SNETAP-FSU","article_published_time":"2019-06-21T16:44:02+00:00","author":"yoctavien","twitter_card":"summary_large_image","twitter_misc":{"\u00c9crit par":"yoctavien","Dur\u00e9e de lecture estim\u00e9e":"1 minute"},"schema":{"@context":"https:\/\/schema.org","@graph":[{"@type":"Article","@id":"https:\/\/regions-snetap-fsu.fr\/formation\/2019\/06\/21\/bloquons-les-corrections\/#article","isPartOf":{"@id":"https:\/\/regions-snetap-fsu.fr\/formation\/2019\/06\/21\/bloquons-les-corrections\/"},"author":{"name":"yoctavien","@id":"https:\/\/regions-snetap-fsu.fr\/formation\/#\/schema\/person\/f5dc7b6354e942ca9c5fa8e9ff7e5c93"},"headline":"Bloquons les corrections !","datePublished":"2019-06-21T16:44:02+00:00","mainEntityOfPage":{"@id":"https:\/\/regions-snetap-fsu.fr\/formation\/2019\/06\/21\/bloquons-les-corrections\/"},"wordCount":261,"publisher":{"@id":"https:\/\/regions-snetap-fsu.fr\/formation\/#organization"},"image":{"@id":"https:\/\/regions-snetap-fsu.fr\/formation\/2019\/06\/21\/bloquons-les-corrections\/#primaryimage"},"thumbnailUrl":"https:\/\/regions-snetap-fsu.fr\/hdf\/wp-content\/uploads\/sites\/5\/2019\/06\/Les_3_singes_Greve_examens_14_619.jpg","articleSection":["Actions - Gr\u00e8ves - Manifs"],"inLanguage":"fr-FR"},{"@type":"WebPage","@id":"https:\/\/regions-snetap-fsu.fr\/formation\/2019\/06\/21\/bloquons-les-corrections\/","url":"https:\/\/regions-snetap-fsu.fr\/formation\/2019\/06\/21\/bloquons-les-corrections\/","name":"Bloquons les corrections ! - Formation des sites R\u00e9gionaux du SNETAP-FSU","isPartOf":{"@id":"https:\/\/regions-snetap-fsu.fr\/formation\/#website"},"primaryImageOfPage":{"@id":"https:\/\/regions-snetap-fsu.fr\/formation\/2019\/06\/21\/bloquons-les-corrections\/#primaryimage"},"image":{"@id":"https:\/\/regions-snetap-fsu.fr\/formation\/2019\/06\/21\/bloquons-les-corrections\/#primaryimage"},"thumbnailUrl":"https:\/\/regions-snetap-fsu.fr\/hdf\/wp-content\/uploads\/sites\/5\/2019\/06\/Les_3_singes_Greve_examens_14_619.jpg","datePublished":"2019-06-21T16:44:02+00:00","breadcrumb":{"@id":"https:\/\/regions-snetap-fsu.fr\/formation\/2019\/06\/21\/bloquons-les-corrections\/#breadcrumb"},"inLanguage":"fr-FR","potentialAction":[{"@type":"ReadAction","target":["https:\/\/regions-snetap-fsu.fr\/formation\/2019\/06\/21\/bloquons-les-corrections\/"]}]},{"@type":"ImageObject","inLanguage":"fr-FR","@id":"https:\/\/regions-snetap-fsu.fr\/formation\/2019\/06\/21\/bloquons-les-corrections\/#primaryimage","url":"https:\/\/regions-snetap-fsu.fr\/hdf\/wp-content\/uploads\/sites\/5\/2019\/06\/Les_3_singes_Greve_examens_14_619.jpg","contentUrl":"https:\/\/regions-snetap-fsu.fr\/hdf\/wp-content\/uploads\/sites\/5\/2019\/06\/Les_3_singes_Greve_examens_14_619.jpg"},{"@type":"BreadcrumbList","@id":"https:\/\/regions-snetap-fsu.fr\/formation\/2019\/06\/21\/bloquons-les-corrections\/#breadcrumb","itemListElement":[{"@type":"ListItem","position":1,"name":"Accueil","item":"https:\/\/regions-snetap-fsu.fr\/formation\/"},{"@type":"ListItem","position":2,"name":"Bloquons les corrections !"}]},{"@type":"WebSite","@id":"https:\/\/regions-snetap-fsu.fr\/formation\/#website","url":"https:\/\/regions-snetap-fsu.fr\/formation\/","name":"Formation des sites R\u00e9gionaux du SNETAP-FSU","description":"","publisher":{"@id":"https:\/\/regions-snetap-fsu.fr\/formation\/#organization"},"potentialAction":[{"@type":"SearchAction","target":{"@type":"EntryPoint","urlTemplate":"https:\/\/regions-snetap-fsu.fr\/formation\/?s={search_term_string}"},"query-input":{"@type":"PropertyValueSpecification","valueRequired":true,"valueName":"search_term_string"}}],"inLanguage":"fr-FR"},{"@type":"Organization","@id":"https:\/\/regions-snetap-fsu.fr\/formation\/#organization","name":"Formation des sites R\u00e9gionaux du SNETAP-FSU","url":"https:\/\/regions-snetap-fsu.fr\/formation\/","logo":{"@type":"ImageObject","inLanguage":"fr-FR","@id":"https:\/\/regions-snetap-fsu.fr\/formation\/#\/schema\/logo\/image\/","url":"https:\/\/regions-snetap-fsu.fr\/formation\/wp-content\/uploads\/sites\/20\/2025\/04\/cropped-Logo_blanc_fond_transparent_1000x755.png","contentUrl":"https:\/\/regions-snetap-fsu.fr\/formation\/wp-content\/uploads\/sites\/20\/2025\/04\/cropped-Logo_blanc_fond_transparent_1000x755.png","width":998,"height":689,"caption":"Formation des sites R\u00e9gionaux du SNETAP-FSU"},"image":{"@id":"https:\/\/regions-snetap-fsu.fr\/formation\/#\/schema\/logo\/image\/"}},{"@type":"Person","@id":"https:\/\/regions-snetap-fsu.fr\/formation\/#\/schema\/person\/f5dc7b6354e942ca9c5fa8e9ff7e5c93","name":"yoctavien","image":{"@type":"ImageObject","inLanguage":"fr-FR","@id":"https:\/\/secure.gravatar.com\/avatar\/382642c092b6b9da14641d3c478df2f3da4a2d17eea25691c232d4dbf735c292?s=96&d=mm&r=g","url":"https:\/\/secure.gravatar.com\/avatar\/382642c092b6b9da14641d3c478df2f3da4a2d17eea25691c232d4dbf735c292?s=96&d=mm&r=g","contentUrl":"https:\/\/secure.gravatar.com\/avatar\/382642c092b6b9da14641d3c478df2f3da4a2d17eea25691c232d4dbf735c292?s=96&d=mm&r=g","caption":"yoctavien"},"url":"https:\/\/regions-snetap-fsu.fr\/formation\/author\/yoctavien\/"}]}},"_links":{"self":[{"href":"https:\/\/regions-snetap-fsu.fr\/formation\/wp-json\/wp\/v2\/posts\/2789","targetHints":{"allow":["GET"]}}],"collection":[{"href":"https:\/\/regions-snetap-fsu.fr\/formation\/wp-json\/wp\/v2\/posts"}],"about":[{"href":"https:\/\/regions-snetap-fsu.fr\/formation\/wp-json\/wp\/v2\/types\/post"}],"author":[{"embeddable":true,"href":"https:\/\/regions-snetap-fsu.fr\/formation\/wp-json\/wp\/v2\/users\/138"}],"replies":[{"embeddable":true,"href":"https:\/\/regions-snetap-fsu.fr\/formation\/wp-json\/wp\/v2\/comments?post=2789"}],"version-history":[{"count":0,"href":"https:\/\/regions-snetap-fsu.fr\/formation\/wp-json\/wp\/v2\/posts\/2789\/revisions"}],"wp:attachment":[{"href":"https:\/\/regions-snetap-fsu.fr\/formation\/wp-json\/wp\/v2\/media?parent=2789"}],"wp:term":[{"taxonomy":"category","embeddable":true,"href":"https:\/\/regions-snetap-fsu.fr\/formation\/wp-json\/wp\/v2\/categories?post=2789"},{"taxonomy":"post_tag","embeddable":true,"href":"https:\/\/regions-snetap-fsu.fr\/formation\/wp-json\/wp\/v2\/tags?post=2789"},{"taxonomy":"post_folder","embeddable":true,"href":"https:\/\/regions-snetap-fsu.fr\/formation\/wp-json\/wp\/v2\/post_folder?post=2789"}],"curies":[{"name":"wp","href":"https:\/\/api.w.org\/{rel}","templated":true}]}}