{"id":2754,"date":"2019-06-16T11:17:18","date_gmt":"2019-06-16T09:17:18","guid":{"rendered":"https:\/\/regions-snetap-fsu.fr\/hdf\/?p=2754"},"modified":"2019-06-16T11:17:18","modified_gmt":"2019-06-16T09:17:18","slug":"blanquer-lache-du-lest-contraignons-guillaume-den-lacher-aussi","status":"publish","type":"post","link":"https:\/\/regions-snetap-fsu.fr\/formation\/2019\/06\/16\/blanquer-lache-du-lest-contraignons-guillaume-den-lacher-aussi\/","title":{"rendered":"Blanquer l\u00e2che du lest, contraignons Guillaume d&rsquo;en l\u00e2cher aussi !"},"content":{"rendered":"<h2 style=\"text-align: center\"><span style=\"color: #ff0000\">Le Ministre de l&rsquo;EN l\u00e2che du lest,<\/span><\/h2>\n<h2 style=\"text-align: center\"><span style=\"color: #ff0000\">contraignons notre Ministre de l&rsquo;EA<\/span><\/h2>\n<h2 style=\"text-align: center\"><span style=\"color: #ff0000\">d&rsquo;en l\u00e2cher aussi !<\/span><\/h2>\n<blockquote>\n<p style=\"text-align: justify\"><span style=\"font-family: tahoma, arial, helvetica, sans-serif;color: #0000ff\">Le Ministre de l&rsquo;EN est en recul sur certains points importants de sa loi &#8211; il vient notamment de renoncer \u00e0 imposer un avis du directeur avant toute mutation d&rsquo;un\u00b7e enseignant\u00b7e sur un \u00e9tablissement ou encore d&rsquo;imposer que nous nous formions en dehors de notre temps de service&#8230; Bref, si M. Blanquer l\u00e2che du lest, M. Guillaume doit \u00eatre contraint d&rsquo;en l\u00e2cher aussi ! &#8230;<\/span><\/p>\n<\/blockquote>\n<p><!--more--><\/p>\n<p style=\"text-align: justify\"><span style=\"font-family: tahoma, arial, helvetica, sans-serif;color: #0000ff\">Contrairement \u00e0 l&rsquo;Enseignement Agricole (EA) et l&rsquo;Education Nationale (EN), l&rsquo;Enseignement Maritime (EM) a obtenu le maintien des seuils de d\u00e9doublement. Sans que cela soit enti\u00e8rement satisfaisant, ce recul est le fruit d&rsquo;une grande mobilisation de toutes et tous les coll\u00e8gues de l&rsquo;EM qui ont r\u00e9pondu \u00e0 l&rsquo;intersyndicale dans les lyc\u00e9es professionnels maritimes.<\/span><\/p>\n<h3 style=\"text-align: center\"><span style=\"color: #008000\">Les grandes mobilisations permettent encore de faire reculer le gouvernement.<\/span><\/h3>\n<p style=\"text-align: justify\"><span style=\"color: #0000ff;font-family: tahoma, arial, helvetica, sans-serif\">La f\u00e9brilit\u00e9 de notre Administration se confirme. Pour autant, et m\u00eame si nous avons enfin eu une premi\u00e8re proposition de rencontre avec la DGER (mais que nous sommes encore en train d&rsquo;\u00e9tudier avec l&rsquo;Intersyndicale), il semble que le Ministre n&rsquo;ait toujours pas entendu nos revendications, ni pris la mesure de notre d\u00e9termination.<\/span><\/p>\n<h3 style=\"text-align: center\"><span style=\"color: #ff0000\">Ne soyons pas en reste, renfor\u00e7ons notre mobilisation dans les Hauts-de-France !<\/span><\/h3>\n<p style=\"text-align: justify\"><span style=\"font-family: tahoma, arial, helvetica, sans-serif\"><span style=\"color: #ff0000\"><b>Les semaines \u00e0 venir sont donc d\u00e9terminantes<\/b><\/span>. <span style=\"color: #0000ff\">Il est n\u00e9cessaire d&rsquo;accentuer encore notre pression pendant la p\u00e9riode des examens.<\/span><\/span><\/p>\n<p style=\"text-align: justify\"><span style=\"font-family: tahoma, arial, helvetica, sans-serif;color: #0000ff\">Pour cela nous vous invitons \u00e0 :<\/span><\/p>\n<ul>\n<li style=\"text-align: justify\"><span style=\"font-family: tahoma, arial, helvetica, sans-serif;color: #0000ff\">poursuivre les diff\u00e9rentes actions engag\u00e9es (boycott prof principal et\/ou coordo, boycott des instances, <\/span><span style=\"font-family: tahoma, arial, helvetica, sans-serif;color: #000000\"><a style=\"color: #000000\" href=\"https:\/\/www.snetap-fsu.fr\/IMG\/odt\/degradation_des_conditions_de_travail_suite_aux_re_formes-.odt\" target=\"_blank\" rel=\"noopener noreferrer\"><span style=\"text-decoration: underline\">inscription au registre SST<\/span><\/a><\/span><span style=\"font-family: tahoma, arial, helvetica, sans-serif;color: #0000ff\">, &#8230;),<\/span><\/li>\n<li style=\"text-align: justify\"><span style=\"font-family: tahoma, arial, helvetica, sans-serif;color: #0000ff\">poursuivre et accentuer le mouvement de gr\u00e8ve des examens. Le nombre de coll\u00e8gues renvoyant leur convocation ou se d\u00e9clarant gr\u00e9vistes ne cesse d&rsquo;augmenter chaque jour, que ce soit cot\u00e9 lyc\u00e9e que cot\u00e9 UFA-CFPPA. Le mouvement monte dans les Hauts-de-France,<br \/>\n<\/span><\/li>\n<li style=\"text-align: justify\"><span style=\"font-family: tahoma, arial, helvetica, sans-serif;color: #0000ff\">de vous rapprocher de votre secr\u00e9taire de section ou de nous contacter par l&rsquo;interm\u00e9diaire de ce blog, si cela n&rsquo;est pas d\u00e9j\u00e0 fait, pour rejoindre les mobilisations et les actions qui se mettront en place dans les semaines qui arrivent devant les centres de corrections.<\/span><\/li>\n<\/ul>\n<p style=\"text-align: justify\"><span style=\"font-family: tahoma, arial, helvetica, sans-serif;color: #ff0000\">Enfin nous vous rappelons que <b>le SNETAP-FSU est aussi signataire de l&rsquo;appel \u00e0 la gr\u00e8ve et aux mobilisations <span id=\"OBJ_PREFIX_DWT105_com_zimbra_date\" class=\"Object\">lundi 17 juin<\/span>, premier jour du bac<\/b> (philo-fran\u00e7ais).<\/span><\/p>\n<p style=\"text-align: justify\"><span style=\"color: #0000ff;font-family: tahoma, arial, helvetica, sans-serif\">A la fin de cet article, le tract de l&rsquo;intersyndicale de l&rsquo;enseignement destin\u00e9 aux parents (distribution gare d&rsquo;Arras, lundi 17 juin d\u00e8s 7h).<\/span><\/p>\n<p style=\"text-align: justify\"><span style=\"font-family: tahoma, arial, helvetica, sans-serif;color: #0000ff\">Vous trouverez, ci-dessous, tous les \u00e9l\u00e9ments et outils de mobilisation du site national SNETAP-FSU :<\/span><\/p>\n<p><span style=\"text-decoration: underline;color: #000000\"><a style=\"color: #000000;text-decoration: underline\" href=\"https:\/\/www.snetap-fsu.fr\/IMG\/odt\/degradation_des_conditions_de_travail_suite_aux_re_formes-.odt\" target=\"_blank\" rel=\"noopener noreferrer\">Lien : SNETAP-FSU &#8211; Maintenant, on passe \u00e0 l\u2019action !<\/a><\/span><\/p>\n<h3 style=\"text-align: center\"><span style=\"color: #0000ff;font-family: tahoma, arial, helvetica, sans-serif\">Je ne comprends pas les enjeux.<\/span><\/h3>\n<p style=\"text-align: justify\"><span style=\"font-family: tahoma, arial, helvetica, sans-serif;color: #0000ff\">Consultez la premi\u00e8re partie de l&rsquo;article \u00a0\u00bb <a style=\"color: #0000ff\" href=\"https:\/\/regions-snetap-fsu.fr\/hdf\/2019\/06\/15\/dans-les-hauts-de-france-rien-de-nouveau-maintenant-on-passe-a-laction\/\" target=\"_blank\" rel=\"noopener noreferrer\"><span style=\"text-decoration: underline;color: #000000\">Dans les Hauts-de-France, rien de nouveau ! Maintenant, on passe \u00e0 l\u2019action !<\/span><\/a>\u00a0 \u00a0\u00bb .<\/span><\/p>\n<p style=\"text-align: justify\"><span style=\"font-family: tahoma, arial, helvetica, sans-serif;color: #0000ff\">Consultez \u00e0 droite de ce blog le Widget \u00ab\u00a0Pour mieux comprendre\u00a0\u00bb<br \/>\n<\/span><\/p>\n<h3 style=\"text-align: center\"><span style=\"font-family: tahoma, arial, helvetica, sans-serif;color: #ff0000\"> Tract de l&rsquo;intersyndicale de l&rsquo;enseignement destin\u00e9 aux parents<\/span><\/h3>\n\n\t\t<div class=\"wppdfemb-frame-container-1\" style=\"-webkit-overflow-scrolling:auto;\">\n\t\t\t<iframe class=\"pdfembed-iframe nonfullscreen wppdf-emb-iframe-1\"\n\t\t\t\tsrc=\"https:\/\/regions-snetap-fsu.fr\/formation\/?pdfemb-data=eyJ1cmwiOiJodHRwczpcL1wvcmVnaW9ucy1zbmV0YXAtZnN1LmZyXC9oZGZcL3dwLWNvbnRlbnRcL3VwbG9hZHNcL3NpdGVzXC81XC8yMDE5XC8wNlwvdHJhY3RfcGFyZW50c19hcnJhc18xN19qdWluXzIwMTkucGRmIiwiaW5kZXgiOjEsInBkZklEIjowfQ\"\n\t\t\t\t\t\t\t\tdata-pdf-id=\"0\"\n\t\t\t\tdata-pdf-index=\"1\"\n\t\t\t\tstyle=\"border:none;width:100%;max-width:100%;height:100vh;\"\n\t\t\t\tscrolling=\"yes\">\n\t\t\t<\/iframe>\n\t\t<\/div>\n\n\t\t\n<p><span style=\"text-decoration: underline;color: #000000\"><a style=\"color: #000000;text-decoration: underline\" href=\"https:\/\/drive.google.com\/open?id=1nV_pTJvFvPjHdOZtel46bivYlCZNPkT3\" target=\"_blank\" rel=\"noopener noreferrer\">Lien : Pour t\u00e9l\u00e9charger le tract de l&rsquo;intersyndicale de l&rsquo;enseignement destin\u00e9 aux parents<\/a><\/span><\/p>\n","protected":false},"excerpt":{"rendered":"<p>Le Ministre de l&rsquo;EN l\u00e2che du lest, contraignons notre Ministre de l&rsquo;EA d&rsquo;en l\u00e2cher aussi ! Le Ministre de l&rsquo;EN est en recul sur certains points importants de sa loi &#8211; il vient notamment de renoncer \u00e0 imposer un avis du directeur avant toute mutation d&rsquo;un\u00b7e enseignant\u00b7e sur un \u00e9tablissement ou encore d&rsquo;imposer que nous [&hellip;]<\/p>\n","protected":false},"author":138,"featured_media":0,"comment_status":"closed","ping_status":"closed","sticky":false,"template":"","format":"standard","meta":{"ocean_post_layout":"","ocean_both_sidebars_style":"","ocean_both_sidebars_content_width":0,"ocean_both_sidebars_sidebars_width":0,"ocean_sidebar":"","ocean_second_sidebar":"","ocean_disable_margins":"enable","ocean_add_body_class":"","ocean_shortcode_before_top_bar":"","ocean_shortcode_after_top_bar":"","ocean_shortcode_before_header":"","ocean_shortcode_after_header":"","ocean_has_shortcode":"","ocean_shortcode_after_title":"","ocean_shortcode_before_footer_widgets":"","ocean_shortcode_after_footer_widgets":"","ocean_shortcode_before_footer_bottom":"","ocean_shortcode_after_footer_bottom":"","ocean_display_top_bar":"default","ocean_display_header":"default","ocean_header_style":"","ocean_center_header_left_menu":"","ocean_custom_header_template":"","ocean_custom_logo":0,"ocean_custom_retina_logo":0,"ocean_custom_logo_max_width":0,"ocean_custom_logo_tablet_max_width":0,"ocean_custom_logo_mobile_max_width":0,"ocean_custom_logo_max_height":0,"ocean_custom_logo_tablet_max_height":0,"ocean_custom_logo_mobile_max_height":0,"ocean_header_custom_menu":"","ocean_menu_typo_font_family":"","ocean_menu_typo_font_subset":"","ocean_menu_typo_font_size":0,"ocean_menu_typo_font_size_tablet":0,"ocean_menu_typo_font_size_mobile":0,"ocean_menu_typo_font_size_unit":"px","ocean_menu_typo_font_weight":"","ocean_menu_typo_font_weight_tablet":"","ocean_menu_typo_font_weight_mobile":"","ocean_menu_typo_transform":"","ocean_menu_typo_transform_tablet":"","ocean_menu_typo_transform_mobile":"","ocean_menu_typo_line_height":0,"ocean_menu_typo_line_height_tablet":0,"ocean_menu_typo_line_height_mobile":0,"ocean_menu_typo_line_height_unit":"","ocean_menu_typo_spacing":0,"ocean_menu_typo_spacing_tablet":0,"ocean_menu_typo_spacing_mobile":0,"ocean_menu_typo_spacing_unit":"","ocean_menu_link_color":"","ocean_menu_link_color_hover":"","ocean_menu_link_color_active":"","ocean_menu_link_background":"","ocean_menu_link_hover_background":"","ocean_menu_link_active_background":"","ocean_menu_social_links_bg":"","ocean_menu_social_hover_links_bg":"","ocean_menu_social_links_color":"","ocean_menu_social_hover_links_color":"","ocean_disable_title":"default","ocean_disable_heading":"default","ocean_post_title":"","ocean_post_subheading":"","ocean_post_title_style":"","ocean_post_title_background_color":"","ocean_post_title_background":0,"ocean_post_title_bg_image_position":"","ocean_post_title_bg_image_attachment":"","ocean_post_title_bg_image_repeat":"","ocean_post_title_bg_image_size":"","ocean_post_title_height":0,"ocean_post_title_bg_overlay":0.5,"ocean_post_title_bg_overlay_color":"","ocean_disable_breadcrumbs":"default","ocean_breadcrumbs_color":"","ocean_breadcrumbs_separator_color":"","ocean_breadcrumbs_links_color":"","ocean_breadcrumbs_links_hover_color":"","ocean_display_footer_widgets":"default","ocean_display_footer_bottom":"default","ocean_custom_footer_template":"","ocean_post_oembed":"","ocean_post_self_hosted_media":"","ocean_post_video_embed":"","ocean_link_format":"","ocean_link_format_target":"self","ocean_quote_format":"","ocean_quote_format_link":"post","ocean_gallery_link_images":"on","ocean_gallery_id":[],"footnotes":""},"categories":[3,11],"tags":[],"post_folder":[],"class_list":["post-2754","post","type-post","status-publish","format-standard","hentry","category-actions-greves-manifs","category-communiques","entry"],"yoast_head":"<!-- This site is optimized with the Yoast SEO plugin v27.4 - https:\/\/yoast.com\/product\/yoast-seo-wordpress\/ -->\n<title>Blanquer l\u00e2che du lest, contraignons Guillaume d&#039;en l\u00e2cher aussi ! - Formation des sites R\u00e9gionaux du SNETAP-FSU<\/title>\n<meta name=\"robots\" content=\"index, follow, max-snippet:-1, max-image-preview:large, max-video-preview:-1\" \/>\n<link rel=\"canonical\" href=\"https:\/\/regions-snetap-fsu.fr\/formation\/2019\/06\/16\/blanquer-lache-du-lest-contraignons-guillaume-den-lacher-aussi\/\" \/>\n<meta property=\"og:locale\" content=\"fr_FR\" \/>\n<meta property=\"og:type\" content=\"article\" \/>\n<meta property=\"og:title\" content=\"Blanquer l\u00e2che du lest, contraignons Guillaume d&#039;en l\u00e2cher aussi ! - Formation des sites R\u00e9gionaux du SNETAP-FSU\" \/>\n<meta property=\"og:description\" content=\"Le Ministre de l&rsquo;EN l\u00e2che du lest, contraignons notre Ministre de l&rsquo;EA d&rsquo;en l\u00e2cher aussi ! Le Ministre de l&rsquo;EN est en recul sur certains points importants de sa loi &#8211; il vient notamment de renoncer \u00e0 imposer un avis du directeur avant toute mutation d&rsquo;un\u00b7e enseignant\u00b7e sur un \u00e9tablissement ou encore d&rsquo;imposer que nous [&hellip;]\" \/>\n<meta property=\"og:url\" content=\"https:\/\/regions-snetap-fsu.fr\/formation\/2019\/06\/16\/blanquer-lache-du-lest-contraignons-guillaume-den-lacher-aussi\/\" \/>\n<meta property=\"og:site_name\" content=\"Formation des sites R\u00e9gionaux du SNETAP-FSU\" \/>\n<meta property=\"article:published_time\" content=\"2019-06-16T09:17:18+00:00\" \/>\n<meta name=\"author\" content=\"yoctavien\" \/>\n<meta name=\"twitter:card\" content=\"summary_large_image\" \/>\n<meta name=\"twitter:label1\" content=\"\u00c9crit par\" \/>\n\t<meta name=\"twitter:data1\" content=\"yoctavien\" \/>\n\t<meta name=\"twitter:label2\" content=\"Dur\u00e9e de lecture estim\u00e9e\" \/>\n\t<meta name=\"twitter:data2\" content=\"2 minutes\" \/>\n<script type=\"application\/ld+json\" class=\"yoast-schema-graph\">{\"@context\":\"https:\\\/\\\/schema.org\",\"@graph\":[{\"@type\":\"Article\",\"@id\":\"https:\\\/\\\/regions-snetap-fsu.fr\\\/formation\\\/2019\\\/06\\\/16\\\/blanquer-lache-du-lest-contraignons-guillaume-den-lacher-aussi\\\/#article\",\"isPartOf\":{\"@id\":\"https:\\\/\\\/regions-snetap-fsu.fr\\\/formation\\\/2019\\\/06\\\/16\\\/blanquer-lache-du-lest-contraignons-guillaume-den-lacher-aussi\\\/\"},\"author\":{\"name\":\"yoctavien\",\"@id\":\"https:\\\/\\\/regions-snetap-fsu.fr\\\/formation\\\/#\\\/schema\\\/person\\\/f5dc7b6354e942ca9c5fa8e9ff7e5c93\"},\"headline\":\"Blanquer l\u00e2che du lest, contraignons Guillaume d&rsquo;en l\u00e2cher aussi !\",\"datePublished\":\"2019-06-16T09:17:18+00:00\",\"mainEntityOfPage\":{\"@id\":\"https:\\\/\\\/regions-snetap-fsu.fr\\\/formation\\\/2019\\\/06\\\/16\\\/blanquer-lache-du-lest-contraignons-guillaume-den-lacher-aussi\\\/\"},\"wordCount\":537,\"publisher\":{\"@id\":\"https:\\\/\\\/regions-snetap-fsu.fr\\\/formation\\\/#organization\"},\"articleSection\":[\"Actions - Gr\u00e8ves - Manifs\",\"Communiqu\u00e9s\"],\"inLanguage\":\"fr-FR\"},{\"@type\":\"WebPage\",\"@id\":\"https:\\\/\\\/regions-snetap-fsu.fr\\\/formation\\\/2019\\\/06\\\/16\\\/blanquer-lache-du-lest-contraignons-guillaume-den-lacher-aussi\\\/\",\"url\":\"https:\\\/\\\/regions-snetap-fsu.fr\\\/formation\\\/2019\\\/06\\\/16\\\/blanquer-lache-du-lest-contraignons-guillaume-den-lacher-aussi\\\/\",\"name\":\"Blanquer l\u00e2che du lest, contraignons Guillaume d'en l\u00e2cher aussi ! - Formation des sites R\u00e9gionaux du SNETAP-FSU\",\"isPartOf\":{\"@id\":\"https:\\\/\\\/regions-snetap-fsu.fr\\\/formation\\\/#website\"},\"datePublished\":\"2019-06-16T09:17:18+00:00\",\"breadcrumb\":{\"@id\":\"https:\\\/\\\/regions-snetap-fsu.fr\\\/formation\\\/2019\\\/06\\\/16\\\/blanquer-lache-du-lest-contraignons-guillaume-den-lacher-aussi\\\/#breadcrumb\"},\"inLanguage\":\"fr-FR\",\"potentialAction\":[{\"@type\":\"ReadAction\",\"target\":[\"https:\\\/\\\/regions-snetap-fsu.fr\\\/formation\\\/2019\\\/06\\\/16\\\/blanquer-lache-du-lest-contraignons-guillaume-den-lacher-aussi\\\/\"]}]},{\"@type\":\"BreadcrumbList\",\"@id\":\"https:\\\/\\\/regions-snetap-fsu.fr\\\/formation\\\/2019\\\/06\\\/16\\\/blanquer-lache-du-lest-contraignons-guillaume-den-lacher-aussi\\\/#breadcrumb\",\"itemListElement\":[{\"@type\":\"ListItem\",\"position\":1,\"name\":\"Accueil\",\"item\":\"https:\\\/\\\/regions-snetap-fsu.fr\\\/formation\\\/\"},{\"@type\":\"ListItem\",\"position\":2,\"name\":\"Blanquer l\u00e2che du lest, contraignons Guillaume d&rsquo;en l\u00e2cher aussi !\"}]},{\"@type\":\"WebSite\",\"@id\":\"https:\\\/\\\/regions-snetap-fsu.fr\\\/formation\\\/#website\",\"url\":\"https:\\\/\\\/regions-snetap-fsu.fr\\\/formation\\\/\",\"name\":\"Formation des sites R\u00e9gionaux du SNETAP-FSU\",\"description\":\"\",\"publisher\":{\"@id\":\"https:\\\/\\\/regions-snetap-fsu.fr\\\/formation\\\/#organization\"},\"potentialAction\":[{\"@type\":\"SearchAction\",\"target\":{\"@type\":\"EntryPoint\",\"urlTemplate\":\"https:\\\/\\\/regions-snetap-fsu.fr\\\/formation\\\/?s={search_term_string}\"},\"query-input\":{\"@type\":\"PropertyValueSpecification\",\"valueRequired\":true,\"valueName\":\"search_term_string\"}}],\"inLanguage\":\"fr-FR\"},{\"@type\":\"Organization\",\"@id\":\"https:\\\/\\\/regions-snetap-fsu.fr\\\/formation\\\/#organization\",\"name\":\"Formation des sites R\u00e9gionaux du SNETAP-FSU\",\"url\":\"https:\\\/\\\/regions-snetap-fsu.fr\\\/formation\\\/\",\"logo\":{\"@type\":\"ImageObject\",\"inLanguage\":\"fr-FR\",\"@id\":\"https:\\\/\\\/regions-snetap-fsu.fr\\\/formation\\\/#\\\/schema\\\/logo\\\/image\\\/\",\"url\":\"https:\\\/\\\/regions-snetap-fsu.fr\\\/formation\\\/wp-content\\\/uploads\\\/sites\\\/20\\\/2025\\\/04\\\/cropped-Logo_blanc_fond_transparent_1000x755.png\",\"contentUrl\":\"https:\\\/\\\/regions-snetap-fsu.fr\\\/formation\\\/wp-content\\\/uploads\\\/sites\\\/20\\\/2025\\\/04\\\/cropped-Logo_blanc_fond_transparent_1000x755.png\",\"width\":998,\"height\":689,\"caption\":\"Formation des sites R\u00e9gionaux du SNETAP-FSU\"},\"image\":{\"@id\":\"https:\\\/\\\/regions-snetap-fsu.fr\\\/formation\\\/#\\\/schema\\\/logo\\\/image\\\/\"}},{\"@type\":\"Person\",\"@id\":\"https:\\\/\\\/regions-snetap-fsu.fr\\\/formation\\\/#\\\/schema\\\/person\\\/f5dc7b6354e942ca9c5fa8e9ff7e5c93\",\"name\":\"yoctavien\",\"image\":{\"@type\":\"ImageObject\",\"inLanguage\":\"fr-FR\",\"@id\":\"https:\\\/\\\/secure.gravatar.com\\\/avatar\\\/382642c092b6b9da14641d3c478df2f3da4a2d17eea25691c232d4dbf735c292?s=96&d=mm&r=g\",\"url\":\"https:\\\/\\\/secure.gravatar.com\\\/avatar\\\/382642c092b6b9da14641d3c478df2f3da4a2d17eea25691c232d4dbf735c292?s=96&d=mm&r=g\",\"contentUrl\":\"https:\\\/\\\/secure.gravatar.com\\\/avatar\\\/382642c092b6b9da14641d3c478df2f3da4a2d17eea25691c232d4dbf735c292?s=96&d=mm&r=g\",\"caption\":\"yoctavien\"},\"url\":\"https:\\\/\\\/regions-snetap-fsu.fr\\\/formation\\\/author\\\/yoctavien\\\/\"}]}<\/script>\n<!-- \/ Yoast SEO plugin. -->","yoast_head_json":{"title":"Blanquer l\u00e2che du lest, contraignons Guillaume d'en l\u00e2cher aussi ! - Formation des sites R\u00e9gionaux du SNETAP-FSU","robots":{"index":"index","follow":"follow","max-snippet":"max-snippet:-1","max-image-preview":"max-image-preview:large","max-video-preview":"max-video-preview:-1"},"canonical":"https:\/\/regions-snetap-fsu.fr\/formation\/2019\/06\/16\/blanquer-lache-du-lest-contraignons-guillaume-den-lacher-aussi\/","og_locale":"fr_FR","og_type":"article","og_title":"Blanquer l\u00e2che du lest, contraignons Guillaume d'en l\u00e2cher aussi ! - Formation des sites R\u00e9gionaux du SNETAP-FSU","og_description":"Le Ministre de l&rsquo;EN l\u00e2che du lest, contraignons notre Ministre de l&rsquo;EA d&rsquo;en l\u00e2cher aussi ! Le Ministre de l&rsquo;EN est en recul sur certains points importants de sa loi &#8211; il vient notamment de renoncer \u00e0 imposer un avis du directeur avant toute mutation d&rsquo;un\u00b7e enseignant\u00b7e sur un \u00e9tablissement ou encore d&rsquo;imposer que nous [&hellip;]","og_url":"https:\/\/regions-snetap-fsu.fr\/formation\/2019\/06\/16\/blanquer-lache-du-lest-contraignons-guillaume-den-lacher-aussi\/","og_site_name":"Formation des sites R\u00e9gionaux du SNETAP-FSU","article_published_time":"2019-06-16T09:17:18+00:00","author":"yoctavien","twitter_card":"summary_large_image","twitter_misc":{"\u00c9crit par":"yoctavien","Dur\u00e9e de lecture estim\u00e9e":"2 minutes"},"schema":{"@context":"https:\/\/schema.org","@graph":[{"@type":"Article","@id":"https:\/\/regions-snetap-fsu.fr\/formation\/2019\/06\/16\/blanquer-lache-du-lest-contraignons-guillaume-den-lacher-aussi\/#article","isPartOf":{"@id":"https:\/\/regions-snetap-fsu.fr\/formation\/2019\/06\/16\/blanquer-lache-du-lest-contraignons-guillaume-den-lacher-aussi\/"},"author":{"name":"yoctavien","@id":"https:\/\/regions-snetap-fsu.fr\/formation\/#\/schema\/person\/f5dc7b6354e942ca9c5fa8e9ff7e5c93"},"headline":"Blanquer l\u00e2che du lest, contraignons Guillaume d&rsquo;en l\u00e2cher aussi !","datePublished":"2019-06-16T09:17:18+00:00","mainEntityOfPage":{"@id":"https:\/\/regions-snetap-fsu.fr\/formation\/2019\/06\/16\/blanquer-lache-du-lest-contraignons-guillaume-den-lacher-aussi\/"},"wordCount":537,"publisher":{"@id":"https:\/\/regions-snetap-fsu.fr\/formation\/#organization"},"articleSection":["Actions - Gr\u00e8ves - Manifs","Communiqu\u00e9s"],"inLanguage":"fr-FR"},{"@type":"WebPage","@id":"https:\/\/regions-snetap-fsu.fr\/formation\/2019\/06\/16\/blanquer-lache-du-lest-contraignons-guillaume-den-lacher-aussi\/","url":"https:\/\/regions-snetap-fsu.fr\/formation\/2019\/06\/16\/blanquer-lache-du-lest-contraignons-guillaume-den-lacher-aussi\/","name":"Blanquer l\u00e2che du lest, contraignons Guillaume d'en l\u00e2cher aussi ! - Formation des sites R\u00e9gionaux du SNETAP-FSU","isPartOf":{"@id":"https:\/\/regions-snetap-fsu.fr\/formation\/#website"},"datePublished":"2019-06-16T09:17:18+00:00","breadcrumb":{"@id":"https:\/\/regions-snetap-fsu.fr\/formation\/2019\/06\/16\/blanquer-lache-du-lest-contraignons-guillaume-den-lacher-aussi\/#breadcrumb"},"inLanguage":"fr-FR","potentialAction":[{"@type":"ReadAction","target":["https:\/\/regions-snetap-fsu.fr\/formation\/2019\/06\/16\/blanquer-lache-du-lest-contraignons-guillaume-den-lacher-aussi\/"]}]},{"@type":"BreadcrumbList","@id":"https:\/\/regions-snetap-fsu.fr\/formation\/2019\/06\/16\/blanquer-lache-du-lest-contraignons-guillaume-den-lacher-aussi\/#breadcrumb","itemListElement":[{"@type":"ListItem","position":1,"name":"Accueil","item":"https:\/\/regions-snetap-fsu.fr\/formation\/"},{"@type":"ListItem","position":2,"name":"Blanquer l\u00e2che du lest, contraignons Guillaume d&rsquo;en l\u00e2cher aussi !"}]},{"@type":"WebSite","@id":"https:\/\/regions-snetap-fsu.fr\/formation\/#website","url":"https:\/\/regions-snetap-fsu.fr\/formation\/","name":"Formation des sites R\u00e9gionaux du SNETAP-FSU","description":"","publisher":{"@id":"https:\/\/regions-snetap-fsu.fr\/formation\/#organization"},"potentialAction":[{"@type":"SearchAction","target":{"@type":"EntryPoint","urlTemplate":"https:\/\/regions-snetap-fsu.fr\/formation\/?s={search_term_string}"},"query-input":{"@type":"PropertyValueSpecification","valueRequired":true,"valueName":"search_term_string"}}],"inLanguage":"fr-FR"},{"@type":"Organization","@id":"https:\/\/regions-snetap-fsu.fr\/formation\/#organization","name":"Formation des sites R\u00e9gionaux du SNETAP-FSU","url":"https:\/\/regions-snetap-fsu.fr\/formation\/","logo":{"@type":"ImageObject","inLanguage":"fr-FR","@id":"https:\/\/regions-snetap-fsu.fr\/formation\/#\/schema\/logo\/image\/","url":"https:\/\/regions-snetap-fsu.fr\/formation\/wp-content\/uploads\/sites\/20\/2025\/04\/cropped-Logo_blanc_fond_transparent_1000x755.png","contentUrl":"https:\/\/regions-snetap-fsu.fr\/formation\/wp-content\/uploads\/sites\/20\/2025\/04\/cropped-Logo_blanc_fond_transparent_1000x755.png","width":998,"height":689,"caption":"Formation des sites R\u00e9gionaux du SNETAP-FSU"},"image":{"@id":"https:\/\/regions-snetap-fsu.fr\/formation\/#\/schema\/logo\/image\/"}},{"@type":"Person","@id":"https:\/\/regions-snetap-fsu.fr\/formation\/#\/schema\/person\/f5dc7b6354e942ca9c5fa8e9ff7e5c93","name":"yoctavien","image":{"@type":"ImageObject","inLanguage":"fr-FR","@id":"https:\/\/secure.gravatar.com\/avatar\/382642c092b6b9da14641d3c478df2f3da4a2d17eea25691c232d4dbf735c292?s=96&d=mm&r=g","url":"https:\/\/secure.gravatar.com\/avatar\/382642c092b6b9da14641d3c478df2f3da4a2d17eea25691c232d4dbf735c292?s=96&d=mm&r=g","contentUrl":"https:\/\/secure.gravatar.com\/avatar\/382642c092b6b9da14641d3c478df2f3da4a2d17eea25691c232d4dbf735c292?s=96&d=mm&r=g","caption":"yoctavien"},"url":"https:\/\/regions-snetap-fsu.fr\/formation\/author\/yoctavien\/"}]}},"_links":{"self":[{"href":"https:\/\/regions-snetap-fsu.fr\/formation\/wp-json\/wp\/v2\/posts\/2754","targetHints":{"allow":["GET"]}}],"collection":[{"href":"https:\/\/regions-snetap-fsu.fr\/formation\/wp-json\/wp\/v2\/posts"}],"about":[{"href":"https:\/\/regions-snetap-fsu.fr\/formation\/wp-json\/wp\/v2\/types\/post"}],"author":[{"embeddable":true,"href":"https:\/\/regions-snetap-fsu.fr\/formation\/wp-json\/wp\/v2\/users\/138"}],"replies":[{"embeddable":true,"href":"https:\/\/regions-snetap-fsu.fr\/formation\/wp-json\/wp\/v2\/comments?post=2754"}],"version-history":[{"count":0,"href":"https:\/\/regions-snetap-fsu.fr\/formation\/wp-json\/wp\/v2\/posts\/2754\/revisions"}],"wp:attachment":[{"href":"https:\/\/regions-snetap-fsu.fr\/formation\/wp-json\/wp\/v2\/media?parent=2754"}],"wp:term":[{"taxonomy":"category","embeddable":true,"href":"https:\/\/regions-snetap-fsu.fr\/formation\/wp-json\/wp\/v2\/categories?post=2754"},{"taxonomy":"post_tag","embeddable":true,"href":"https:\/\/regions-snetap-fsu.fr\/formation\/wp-json\/wp\/v2\/tags?post=2754"},{"taxonomy":"post_folder","embeddable":true,"href":"https:\/\/regions-snetap-fsu.fr\/formation\/wp-json\/wp\/v2\/post_folder?post=2754"}],"curies":[{"name":"wp","href":"https:\/\/api.w.org\/{rel}","templated":true}]}}