{"id":2726,"date":"2019-06-15T09:45:45","date_gmt":"2019-06-15T07:45:45","guid":{"rendered":"https:\/\/regions-snetap-fsu.fr\/hdf\/?p=2726"},"modified":"2019-06-15T09:45:45","modified_gmt":"2019-06-15T07:45:45","slug":"dans-les-hauts-de-france-rien-de-nouveau-maintenant-on-passe-a-laction","status":"publish","type":"post","link":"https:\/\/regions-snetap-fsu.fr\/formation\/2019\/06\/15\/dans-les-hauts-de-france-rien-de-nouveau-maintenant-on-passe-a-laction\/","title":{"rendered":"Dans les Hauts-de-France, rien de nouveau ! Maintenant, on passe \u00e0 l&rsquo;action !"},"content":{"rendered":"<h2 style=\"text-align: center\"><span style=\"color: #ff0000\">Dans les Hauts-de-France,<\/span><\/h2>\n<h2 style=\"text-align: center\"><span style=\"color: #ff0000\">rien de nouveau !<\/span><\/h2>\n<h2 style=\"text-align: center\"><span style=\"color: #ff0000\">Maintenant, on passe \u00e0 l&rsquo;action !<\/span><\/h2>\n<blockquote>\n<p style=\"text-align: justify\"><span style=\"font-family: tahoma, arial, helvetica, sans-serif;color: #0000ff;font-size: 12pt\">Le Minist\u00e8re de l\u2019Agriculture reste sourd \u00e0 nos demandes.<\/span><\/p>\n<p style=\"text-align: justify\"><span style=\"font-size: 12pt\"><span style=\"font-family: tahoma, arial, helvetica, sans-serif;color: #0000ff\">La DRAAF des Hauts-de-France ne propose rien de nouveau (<\/span><a href=\"https:\/\/regions-snetap-fsu.fr\/hdf\/2019\/06\/13\/rencontre-draaf-srfd-intersyndicale-du-mardi-11-juin-2019\/\" target=\"_blank\" rel=\"noopener noreferrer\"><span style=\"text-decoration: underline;color: #000000\">Rencontre DRAAF-SRFD \u2013 Intersyndicale du mardi 11 juin 2019<\/span><\/a><span style=\"font-family: tahoma, arial, helvetica, sans-serif;color: #0000ff\">).<\/span><\/span><\/p>\n<p style=\"text-align: justify\"><span style=\"font-family: tahoma, arial, helvetica, sans-serif;color: #0000ff\"><span style=\"font-size: 12pt\">C\u2019est la derni\u00e8re ligne droite avant la liquidation : &#8230;<\/span><br \/>\n<\/span><\/p>\n<\/blockquote>\n<p><!--more--><\/p>\n<ul>\n<li style=\"text-align: justify\"><span style=\"font-family: tahoma, arial, helvetica, sans-serif;color: #0000ff\">Autonomie des \u00e9tablissements pour g\u00e9rer le manque de moyens ;<\/span><\/li>\n<li style=\"text-align: justify\"><span style=\"font-family: tahoma, arial, helvetica, sans-serif;color: #0000ff\">Suppression des seuils ;<\/span><\/li>\n<li style=\"text-align: justify\"><span style=\"font-family: tahoma, arial, helvetica, sans-serif;color: #0000ff\">Suppressions de postes dans les CFPPA ;<\/span><\/li>\n<li style=\"text-align: justify\"><span style=\"font-family: tahoma, arial, helvetica, sans-serif;color: #0000ff\">Suppressions de postes de contractuels ou diminution de leur temps de travail ;<\/span><\/li>\n<li style=\"text-align: justify\"><span style=\"font-family: tahoma, arial, helvetica, sans-serif;color: #0000ff\">\u00c9changes forc\u00e9s entre centres ;<\/span><\/li>\n<li style=\"text-align: justify\"><span style=\"font-family: tahoma, arial, helvetica, sans-serif;color: #0000ff\">Mixit\u00e9 forc\u00e9e des publics ;<\/span><\/li>\n<\/ul>\n<p style=\"text-align: justify\"><span style=\"font-family: tahoma, arial, helvetica, sans-serif;color: #0000ff\">Tout cela n\u2019emp\u00eachera pas de rendre les moyens d\u2019ici 3 ans \u2026<\/span><\/p>\n<ul>\n<li style=\"text-align: justify\"><span style=\"font-family: tahoma, arial, helvetica, sans-serif;color: #0000ff\">Management autoritaire renforc\u00e9 par la possibilit\u00e9 accord\u00e9e au chef d&rsquo;\u00e9tablissement : de donner un avis pr\u00e9alable sur les mutations et les promotions, de mettre \u00e0 pied un coll\u00e8gue 3 jours sans traitement ;<\/span><\/li>\n<li style=\"text-align: justify\"><span style=\"font-family: tahoma, arial, helvetica, sans-serif;color: #0000ff\">Volont\u00e9 de rendre les personnels de toute la fonction publique serviles et corv\u00e9ables \u00e0 merci ;<\/span><\/li>\n<li style=\"text-align: justify\"><span style=\"font-family: tahoma, arial, helvetica, sans-serif;color: #0000ff\">Plus de regard de vos \u00e9lu\u00b7es SNETAP-FSU et autres OS sur les op\u00e9rations de gestion de votre carri\u00e8re. Le seul recours \u00e9tant le tribunal administratif ;<\/span><\/li>\n<li style=\"text-align: justify\"><span style=\"font-family: tahoma, arial, helvetica, sans-serif;color: #0000ff\">Plus de CHSCT pour se pr\u00e9occuper de nos conditions de travail ;<\/span><\/li>\n<li style=\"text-align: justify\"><span style=\"font-family: tahoma, arial, helvetica, sans-serif;color: #0000ff\">La contractualisation, c\u2019est \u00e0 terme, par la mise en concurrence avec ceux qui resteront titulaires, la disparition progressive de notre s\u00e9curit\u00e9 de l\u2019emploi, la possibilit\u00e9 de licencier des personnels, de les muter d\u2019office, de bloquer tout avancement &#8230; <\/span><\/li>\n<\/ul>\n<figure id=\"attachment_2265\" aria-describedby=\"caption-attachment-2265\" style=\"width: 300px\" class=\"wp-caption aligncenter\"><img fetchpriority=\"high\" decoding=\"async\" class=\"wp-image-2265 size-medium\" src=\"https:\/\/regions-snetap-fsu.fr\/hdf\/wp-content\/uploads\/sites\/5\/2019\/05\/vlcsnap-2019-05-05-11h39m35s383-300x169.png\" alt=\"\" width=\"300\" height=\"169\" \/><figcaption id=\"caption-attachment-2265\" class=\"wp-caption-text\">Pr\u00e9servons une Fonction Publique de qualit\u00e9 pour tous.<\/figcaption><\/figure>\n<p style=\"text-align: justify\"><span style=\"font-family: tahoma, arial, helvetica, sans-serif;color: #0000ff\">Le Minist\u00e8re, comme la DRAAF, fait la sourde oreille, mais ils commencent \u00e0 s\u2019inqui\u00e9ter de la mobilisation des personnels. Ils s\u2019inqui\u00e8tent des \u00ab\u00a0vagues\u00a0\u00bb et de la vraie information diffus\u00e9e \u00e0 la presse et aux parents.<br \/>\n<\/span><\/p>\n<h3 style=\"text-align: center\"><strong><span style=\"font-family: tahoma, arial, helvetica, sans-serif;color: #ff0000\">Nous devons continuer cette mobilisation !<\/span><\/strong><\/h3>\n<p style=\"text-align: justify\"><span style=\"font-family: tahoma, arial, helvetica, sans-serif;color: #0000ff\">Les <a style=\"color: #0000ff\" href=\"https:\/\/www.snetap-fsu.fr\/IMG\/pdf\/2019_06_04_-_preavis_de_greve_intersyndical_cgt_cfdt_cftc_fo_fsu_sud_unsa.pdf\" target=\"_blank\" rel=\"noopener noreferrer\"><span style=\"text-decoration: underline;color: #000000\">pr\u00e9avis d\u00e9pos\u00e9s par l\u2019intersyndicale<\/span><\/a> (qui n\u2019a jamais \u00e9t\u00e9 aussi large avec les coll\u00e8gues du priv\u00e9 &#8211; 4 organisations syndicales du priv\u00e9 dont un syndicat des travailleurs chr\u00e9tiens qui innove dans cette action) couvrent tous les agents qui refusent toutes les convocations aux surveillances et aux corrections. Il n\u2019y a pas de d\u00e9claration pr\u00e9alable \u00e0 faire. Nous avions propos\u00e9 cette proc\u00e9dure de <span style=\"text-decoration: underline;color: #000000\"><a style=\"color: #000000;text-decoration: underline\" href=\"https:\/\/www.snetap-fsu.fr\/IMG\/odt\/2019-06-05_refus_convocations_examens_courrier.odt\" target=\"_blank\" rel=\"noopener noreferrer\">lettre pr\u00e9alable de refus<\/a><\/span> aux agents pour laisser une porte de n\u00e9gociation au Minist\u00e8re, mais celui-ci n\u2019a pas r\u00e9pondu.<\/span><\/p>\n<p style=\"text-align: justify\"><span style=\"font-family: tahoma, arial, helvetica, sans-serif;color: #0000ff\">Vous avez le droit de ne pas vous rendre \u00e0 une surveillance ou \u00e0 une correction sans d\u00e9claration pr\u00e9alable.<\/span><\/p>\n<p style=\"text-align: justify\"><span style=\"font-family: tahoma, arial, helvetica, sans-serif;color: #0000ff\">Vous ne pouvez pas \u00eatre r\u00e9quisitionn\u00e9 par un chef d\u2019\u00e9tablissement.<\/span><\/p>\n<p style=\"text-align: justify\"><span style=\"font-family: tahoma, arial, helvetica, sans-serif;color: #0000ff\">Seul un conseil des ministres peut d\u00e9l\u00e9guer au pr\u00e9fet un ordre de r\u00e9quisition qui doit ensuite vous parvenir en mains propres !<\/span><\/p>\n<p style=\"text-align: justify\"><span style=\"font-family: tahoma, arial, helvetica, sans-serif;color: #0000ff\">Vous n\u2019\u00eates pas oblig\u00e9s de passer chaque jour dans vos casiers ou de regarder vos mails tous les jours. Si on vous convoque du jour au lendemain, vous n\u2019\u00eates donc pas oblig\u00e9 d\u2019en avoir connaissance sauf \u00e0 vous remettre cette convocation en mains propres.<\/span><\/p>\n<p style=\"text-align: justify\"><span style=\"font-family: tahoma, arial, helvetica, sans-serif;color: #0000ff\">Enfin, Le SNETAP-FSU a mis en place une caisse de solidarit\u00e9 pour les coll\u00e8gues syndiqu\u00e9\u00b7es pour qui une ou plusieurs journ\u00e9es de salaires en moins sont tr\u00e8s difficiles \u00e0 endurer.<\/span><\/p>\n<p style=\"text-align: justify\"><span style=\"font-family: tahoma, arial, helvetica, sans-serif;color: #0000ff\">D&rsquo;autres actions sont en cours de construction pour ces 15 jours qui arrivent, pour les pr\u00e9cisions,\u00a0 contactez votre secr\u00e9taire de section ou contactez-nous par l&rsquo;interm\u00e9diaire de ce blog.<\/span><\/p>\n<p><span style=\"font-family: tahoma, arial, helvetica, sans-serif;color: #0000ff\">Toutes les conditions d\u2019actions r\u00e9ussies sur les examens sont r\u00e9unies, le reste d\u00e9pend de nous.<\/span><\/p>\n<h3 style=\"text-align: center\"><span style=\"font-family: tahoma, arial, helvetica, sans-serif\"><strong><span style=\"color: #ff0000\">Il ne faut pas surveiller.<\/span><\/strong><\/span><\/h3>\n<h3 style=\"text-align: center\"><span style=\"font-family: tahoma, arial, helvetica, sans-serif\"><strong><span style=\"color: #ff0000\">Il ne faut pas corriger.<\/span><\/strong><\/span><\/h3>\n<h3 style=\"text-align: center\"><span style=\"font-family: tahoma, arial, helvetica, sans-serif\"><strong><span style=\"color: #ff0000\">Il faut rejoindre les coll\u00e8gues<\/span><\/strong><\/span><\/h3>\n<h3 style=\"text-align: center\"><span style=\"font-family: tahoma, arial, helvetica, sans-serif\"><strong><span style=\"color: #ff0000\">du public et du priv\u00e9 dans les actions.<\/span><\/strong><\/span><\/h3>\n<h3 style=\"text-align: justify\"><span style=\"font-family: tahoma, arial, helvetica, sans-serif;color: #0000ff\">C\u2019est le seul moyen de garder un enseignement agricole de qualit\u00e9 face \u00e0 un minist\u00e8re muet, aveugle et sourd.<\/span><\/h3>\n<p><img decoding=\"async\" class=\"aligncenter wp-image-2737 size-full\" src=\"https:\/\/regions-snetap-fsu.fr\/hdf\/wp-content\/uploads\/sites\/5\/2019\/06\/Les_3_singes_Greve_examens_14_619.jpg\" alt=\"Gr\u00e8ve des examens - les 3 singes\" width=\"745\" height=\"308\" \/><\/p>\n<h3 style=\"text-align: center\"><span style=\"font-family: tahoma, arial, helvetica, sans-serif;color: #ff0000\">Notre m\u00e9tier change contre notre gr\u00e9 &#8230;<\/span><\/h3>\n<h3 style=\"text-align: center\"><span style=\"font-family: tahoma, arial, helvetica, sans-serif;color: #ff0000\">C&rsquo;est maintenant qu&rsquo;il faut agir !<\/span><\/h3>\n","protected":false},"excerpt":{"rendered":"<p>Dans les Hauts-de-France, rien de nouveau ! Maintenant, on passe \u00e0 l&rsquo;action ! Le Minist\u00e8re de l\u2019Agriculture reste sourd \u00e0 nos demandes. La DRAAF des Hauts-de-France ne propose rien de nouveau (Rencontre DRAAF-SRFD \u2013 Intersyndicale du mardi 11 juin 2019). C\u2019est la derni\u00e8re ligne droite avant la liquidation : &#8230;<\/p>\n","protected":false},"author":138,"featured_media":0,"comment_status":"closed","ping_status":"closed","sticky":false,"template":"","format":"standard","meta":{"ocean_post_layout":"","ocean_both_sidebars_style":"","ocean_both_sidebars_content_width":0,"ocean_both_sidebars_sidebars_width":0,"ocean_sidebar":"","ocean_second_sidebar":"","ocean_disable_margins":"enable","ocean_add_body_class":"","ocean_shortcode_before_top_bar":"","ocean_shortcode_after_top_bar":"","ocean_shortcode_before_header":"","ocean_shortcode_after_header":"","ocean_has_shortcode":"","ocean_shortcode_after_title":"","ocean_shortcode_before_footer_widgets":"","ocean_shortcode_after_footer_widgets":"","ocean_shortcode_before_footer_bottom":"","ocean_shortcode_after_footer_bottom":"","ocean_display_top_bar":"default","ocean_display_header":"default","ocean_header_style":"","ocean_center_header_left_menu":"","ocean_custom_header_template":"","ocean_custom_logo":0,"ocean_custom_retina_logo":0,"ocean_custom_logo_max_width":0,"ocean_custom_logo_tablet_max_width":0,"ocean_custom_logo_mobile_max_width":0,"ocean_custom_logo_max_height":0,"ocean_custom_logo_tablet_max_height":0,"ocean_custom_logo_mobile_max_height":0,"ocean_header_custom_menu":"","ocean_menu_typo_font_family":"","ocean_menu_typo_font_subset":"","ocean_menu_typo_font_size":0,"ocean_menu_typo_font_size_tablet":0,"ocean_menu_typo_font_size_mobile":0,"ocean_menu_typo_font_size_unit":"px","ocean_menu_typo_font_weight":"","ocean_menu_typo_font_weight_tablet":"","ocean_menu_typo_font_weight_mobile":"","ocean_menu_typo_transform":"","ocean_menu_typo_transform_tablet":"","ocean_menu_typo_transform_mobile":"","ocean_menu_typo_line_height":0,"ocean_menu_typo_line_height_tablet":0,"ocean_menu_typo_line_height_mobile":0,"ocean_menu_typo_line_height_unit":"","ocean_menu_typo_spacing":0,"ocean_menu_typo_spacing_tablet":0,"ocean_menu_typo_spacing_mobile":0,"ocean_menu_typo_spacing_unit":"","ocean_menu_link_color":"","ocean_menu_link_color_hover":"","ocean_menu_link_color_active":"","ocean_menu_link_background":"","ocean_menu_link_hover_background":"","ocean_menu_link_active_background":"","ocean_menu_social_links_bg":"","ocean_menu_social_hover_links_bg":"","ocean_menu_social_links_color":"","ocean_menu_social_hover_links_color":"","ocean_disable_title":"default","ocean_disable_heading":"default","ocean_post_title":"","ocean_post_subheading":"","ocean_post_title_style":"","ocean_post_title_background_color":"","ocean_post_title_background":0,"ocean_post_title_bg_image_position":"","ocean_post_title_bg_image_attachment":"","ocean_post_title_bg_image_repeat":"","ocean_post_title_bg_image_size":"","ocean_post_title_height":0,"ocean_post_title_bg_overlay":0.5,"ocean_post_title_bg_overlay_color":"","ocean_disable_breadcrumbs":"default","ocean_breadcrumbs_color":"","ocean_breadcrumbs_separator_color":"","ocean_breadcrumbs_links_color":"","ocean_breadcrumbs_links_hover_color":"","ocean_display_footer_widgets":"default","ocean_display_footer_bottom":"default","ocean_custom_footer_template":"","ocean_post_oembed":"","ocean_post_self_hosted_media":"","ocean_post_video_embed":"","ocean_link_format":"","ocean_link_format_target":"self","ocean_quote_format":"","ocean_quote_format_link":"post","ocean_gallery_link_images":"on","ocean_gallery_id":[],"footnotes":""},"categories":[3,11],"tags":[],"post_folder":[],"class_list":["post-2726","post","type-post","status-publish","format-standard","hentry","category-actions-greves-manifs","category-communiques","entry"],"yoast_head":"<!-- This site is optimized with the Yoast SEO plugin v27.4 - https:\/\/yoast.com\/product\/yoast-seo-wordpress\/ -->\n<title>Dans les Hauts-de-France, rien de nouveau ! Maintenant, on passe \u00e0 l&#039;action ! - Formation des sites R\u00e9gionaux du SNETAP-FSU<\/title>\n<meta name=\"robots\" content=\"index, follow, max-snippet:-1, max-image-preview:large, max-video-preview:-1\" \/>\n<link rel=\"canonical\" href=\"https:\/\/regions-snetap-fsu.fr\/formation\/2019\/06\/15\/dans-les-hauts-de-france-rien-de-nouveau-maintenant-on-passe-a-laction\/\" \/>\n<meta property=\"og:locale\" content=\"fr_FR\" \/>\n<meta property=\"og:type\" content=\"article\" \/>\n<meta property=\"og:title\" content=\"Dans les Hauts-de-France, rien de nouveau ! Maintenant, on passe \u00e0 l&#039;action ! - Formation des sites R\u00e9gionaux du SNETAP-FSU\" \/>\n<meta property=\"og:description\" content=\"Dans les Hauts-de-France, rien de nouveau ! Maintenant, on passe \u00e0 l&rsquo;action ! Le Minist\u00e8re de l\u2019Agriculture reste sourd \u00e0 nos demandes. La DRAAF des Hauts-de-France ne propose rien de nouveau (Rencontre DRAAF-SRFD \u2013 Intersyndicale du mardi 11 juin 2019). C\u2019est la derni\u00e8re ligne droite avant la liquidation : &#8230;\" \/>\n<meta property=\"og:url\" content=\"https:\/\/regions-snetap-fsu.fr\/formation\/2019\/06\/15\/dans-les-hauts-de-france-rien-de-nouveau-maintenant-on-passe-a-laction\/\" \/>\n<meta property=\"og:site_name\" content=\"Formation des sites R\u00e9gionaux du SNETAP-FSU\" \/>\n<meta property=\"article:published_time\" content=\"2019-06-15T07:45:45+00:00\" \/>\n<meta name=\"author\" content=\"yoctavien\" \/>\n<meta name=\"twitter:card\" content=\"summary_large_image\" \/>\n<meta name=\"twitter:label1\" content=\"\u00c9crit par\" \/>\n\t<meta name=\"twitter:data1\" content=\"yoctavien\" \/>\n\t<meta name=\"twitter:label2\" content=\"Dur\u00e9e de lecture estim\u00e9e\" \/>\n\t<meta name=\"twitter:data2\" content=\"3 minutes\" \/>\n<script type=\"application\/ld+json\" class=\"yoast-schema-graph\">{\"@context\":\"https:\\\/\\\/schema.org\",\"@graph\":[{\"@type\":\"Article\",\"@id\":\"https:\\\/\\\/regions-snetap-fsu.fr\\\/formation\\\/2019\\\/06\\\/15\\\/dans-les-hauts-de-france-rien-de-nouveau-maintenant-on-passe-a-laction\\\/#article\",\"isPartOf\":{\"@id\":\"https:\\\/\\\/regions-snetap-fsu.fr\\\/formation\\\/2019\\\/06\\\/15\\\/dans-les-hauts-de-france-rien-de-nouveau-maintenant-on-passe-a-laction\\\/\"},\"author\":{\"name\":\"yoctavien\",\"@id\":\"https:\\\/\\\/regions-snetap-fsu.fr\\\/formation\\\/#\\\/schema\\\/person\\\/f5dc7b6354e942ca9c5fa8e9ff7e5c93\"},\"headline\":\"Dans les Hauts-de-France, rien de nouveau ! Maintenant, on passe \u00e0 l&rsquo;action !\",\"datePublished\":\"2019-06-15T07:45:45+00:00\",\"mainEntityOfPage\":{\"@id\":\"https:\\\/\\\/regions-snetap-fsu.fr\\\/formation\\\/2019\\\/06\\\/15\\\/dans-les-hauts-de-france-rien-de-nouveau-maintenant-on-passe-a-laction\\\/\"},\"wordCount\":639,\"publisher\":{\"@id\":\"https:\\\/\\\/regions-snetap-fsu.fr\\\/formation\\\/#organization\"},\"image\":{\"@id\":\"https:\\\/\\\/regions-snetap-fsu.fr\\\/formation\\\/2019\\\/06\\\/15\\\/dans-les-hauts-de-france-rien-de-nouveau-maintenant-on-passe-a-laction\\\/#primaryimage\"},\"thumbnailUrl\":\"https:\\\/\\\/regions-snetap-fsu.fr\\\/hdf\\\/wp-content\\\/uploads\\\/sites\\\/5\\\/2019\\\/05\\\/vlcsnap-2019-05-05-11h39m35s383-300x169.png\",\"articleSection\":[\"Actions - Gr\u00e8ves - Manifs\",\"Communiqu\u00e9s\"],\"inLanguage\":\"fr-FR\"},{\"@type\":\"WebPage\",\"@id\":\"https:\\\/\\\/regions-snetap-fsu.fr\\\/formation\\\/2019\\\/06\\\/15\\\/dans-les-hauts-de-france-rien-de-nouveau-maintenant-on-passe-a-laction\\\/\",\"url\":\"https:\\\/\\\/regions-snetap-fsu.fr\\\/formation\\\/2019\\\/06\\\/15\\\/dans-les-hauts-de-france-rien-de-nouveau-maintenant-on-passe-a-laction\\\/\",\"name\":\"Dans les Hauts-de-France, rien de nouveau ! Maintenant, on passe \u00e0 l'action ! - Formation des sites R\u00e9gionaux du SNETAP-FSU\",\"isPartOf\":{\"@id\":\"https:\\\/\\\/regions-snetap-fsu.fr\\\/formation\\\/#website\"},\"primaryImageOfPage\":{\"@id\":\"https:\\\/\\\/regions-snetap-fsu.fr\\\/formation\\\/2019\\\/06\\\/15\\\/dans-les-hauts-de-france-rien-de-nouveau-maintenant-on-passe-a-laction\\\/#primaryimage\"},\"image\":{\"@id\":\"https:\\\/\\\/regions-snetap-fsu.fr\\\/formation\\\/2019\\\/06\\\/15\\\/dans-les-hauts-de-france-rien-de-nouveau-maintenant-on-passe-a-laction\\\/#primaryimage\"},\"thumbnailUrl\":\"https:\\\/\\\/regions-snetap-fsu.fr\\\/hdf\\\/wp-content\\\/uploads\\\/sites\\\/5\\\/2019\\\/05\\\/vlcsnap-2019-05-05-11h39m35s383-300x169.png\",\"datePublished\":\"2019-06-15T07:45:45+00:00\",\"breadcrumb\":{\"@id\":\"https:\\\/\\\/regions-snetap-fsu.fr\\\/formation\\\/2019\\\/06\\\/15\\\/dans-les-hauts-de-france-rien-de-nouveau-maintenant-on-passe-a-laction\\\/#breadcrumb\"},\"inLanguage\":\"fr-FR\",\"potentialAction\":[{\"@type\":\"ReadAction\",\"target\":[\"https:\\\/\\\/regions-snetap-fsu.fr\\\/formation\\\/2019\\\/06\\\/15\\\/dans-les-hauts-de-france-rien-de-nouveau-maintenant-on-passe-a-laction\\\/\"]}]},{\"@type\":\"ImageObject\",\"inLanguage\":\"fr-FR\",\"@id\":\"https:\\\/\\\/regions-snetap-fsu.fr\\\/formation\\\/2019\\\/06\\\/15\\\/dans-les-hauts-de-france-rien-de-nouveau-maintenant-on-passe-a-laction\\\/#primaryimage\",\"url\":\"https:\\\/\\\/regions-snetap-fsu.fr\\\/hdf\\\/wp-content\\\/uploads\\\/sites\\\/5\\\/2019\\\/05\\\/vlcsnap-2019-05-05-11h39m35s383-300x169.png\",\"contentUrl\":\"https:\\\/\\\/regions-snetap-fsu.fr\\\/hdf\\\/wp-content\\\/uploads\\\/sites\\\/5\\\/2019\\\/05\\\/vlcsnap-2019-05-05-11h39m35s383-300x169.png\"},{\"@type\":\"BreadcrumbList\",\"@id\":\"https:\\\/\\\/regions-snetap-fsu.fr\\\/formation\\\/2019\\\/06\\\/15\\\/dans-les-hauts-de-france-rien-de-nouveau-maintenant-on-passe-a-laction\\\/#breadcrumb\",\"itemListElement\":[{\"@type\":\"ListItem\",\"position\":1,\"name\":\"Accueil\",\"item\":\"https:\\\/\\\/regions-snetap-fsu.fr\\\/formation\\\/\"},{\"@type\":\"ListItem\",\"position\":2,\"name\":\"Dans les Hauts-de-France, rien de nouveau ! Maintenant, on passe \u00e0 l&rsquo;action !\"}]},{\"@type\":\"WebSite\",\"@id\":\"https:\\\/\\\/regions-snetap-fsu.fr\\\/formation\\\/#website\",\"url\":\"https:\\\/\\\/regions-snetap-fsu.fr\\\/formation\\\/\",\"name\":\"Formation des sites R\u00e9gionaux du SNETAP-FSU\",\"description\":\"\",\"publisher\":{\"@id\":\"https:\\\/\\\/regions-snetap-fsu.fr\\\/formation\\\/#organization\"},\"potentialAction\":[{\"@type\":\"SearchAction\",\"target\":{\"@type\":\"EntryPoint\",\"urlTemplate\":\"https:\\\/\\\/regions-snetap-fsu.fr\\\/formation\\\/?s={search_term_string}\"},\"query-input\":{\"@type\":\"PropertyValueSpecification\",\"valueRequired\":true,\"valueName\":\"search_term_string\"}}],\"inLanguage\":\"fr-FR\"},{\"@type\":\"Organization\",\"@id\":\"https:\\\/\\\/regions-snetap-fsu.fr\\\/formation\\\/#organization\",\"name\":\"Formation des sites R\u00e9gionaux du SNETAP-FSU\",\"url\":\"https:\\\/\\\/regions-snetap-fsu.fr\\\/formation\\\/\",\"logo\":{\"@type\":\"ImageObject\",\"inLanguage\":\"fr-FR\",\"@id\":\"https:\\\/\\\/regions-snetap-fsu.fr\\\/formation\\\/#\\\/schema\\\/logo\\\/image\\\/\",\"url\":\"https:\\\/\\\/regions-snetap-fsu.fr\\\/formation\\\/wp-content\\\/uploads\\\/sites\\\/20\\\/2025\\\/04\\\/cropped-Logo_blanc_fond_transparent_1000x755.png\",\"contentUrl\":\"https:\\\/\\\/regions-snetap-fsu.fr\\\/formation\\\/wp-content\\\/uploads\\\/sites\\\/20\\\/2025\\\/04\\\/cropped-Logo_blanc_fond_transparent_1000x755.png\",\"width\":998,\"height\":689,\"caption\":\"Formation des sites R\u00e9gionaux du SNETAP-FSU\"},\"image\":{\"@id\":\"https:\\\/\\\/regions-snetap-fsu.fr\\\/formation\\\/#\\\/schema\\\/logo\\\/image\\\/\"}},{\"@type\":\"Person\",\"@id\":\"https:\\\/\\\/regions-snetap-fsu.fr\\\/formation\\\/#\\\/schema\\\/person\\\/f5dc7b6354e942ca9c5fa8e9ff7e5c93\",\"name\":\"yoctavien\",\"image\":{\"@type\":\"ImageObject\",\"inLanguage\":\"fr-FR\",\"@id\":\"https:\\\/\\\/secure.gravatar.com\\\/avatar\\\/382642c092b6b9da14641d3c478df2f3da4a2d17eea25691c232d4dbf735c292?s=96&d=mm&r=g\",\"url\":\"https:\\\/\\\/secure.gravatar.com\\\/avatar\\\/382642c092b6b9da14641d3c478df2f3da4a2d17eea25691c232d4dbf735c292?s=96&d=mm&r=g\",\"contentUrl\":\"https:\\\/\\\/secure.gravatar.com\\\/avatar\\\/382642c092b6b9da14641d3c478df2f3da4a2d17eea25691c232d4dbf735c292?s=96&d=mm&r=g\",\"caption\":\"yoctavien\"},\"url\":\"https:\\\/\\\/regions-snetap-fsu.fr\\\/formation\\\/author\\\/yoctavien\\\/\"}]}<\/script>\n<!-- \/ Yoast SEO plugin. -->","yoast_head_json":{"title":"Dans les Hauts-de-France, rien de nouveau ! Maintenant, on passe \u00e0 l'action ! - Formation des sites R\u00e9gionaux du SNETAP-FSU","robots":{"index":"index","follow":"follow","max-snippet":"max-snippet:-1","max-image-preview":"max-image-preview:large","max-video-preview":"max-video-preview:-1"},"canonical":"https:\/\/regions-snetap-fsu.fr\/formation\/2019\/06\/15\/dans-les-hauts-de-france-rien-de-nouveau-maintenant-on-passe-a-laction\/","og_locale":"fr_FR","og_type":"article","og_title":"Dans les Hauts-de-France, rien de nouveau ! Maintenant, on passe \u00e0 l'action ! - Formation des sites R\u00e9gionaux du SNETAP-FSU","og_description":"Dans les Hauts-de-France, rien de nouveau ! Maintenant, on passe \u00e0 l&rsquo;action ! Le Minist\u00e8re de l\u2019Agriculture reste sourd \u00e0 nos demandes. La DRAAF des Hauts-de-France ne propose rien de nouveau (Rencontre DRAAF-SRFD \u2013 Intersyndicale du mardi 11 juin 2019). C\u2019est la derni\u00e8re ligne droite avant la liquidation : &#8230;","og_url":"https:\/\/regions-snetap-fsu.fr\/formation\/2019\/06\/15\/dans-les-hauts-de-france-rien-de-nouveau-maintenant-on-passe-a-laction\/","og_site_name":"Formation des sites R\u00e9gionaux du SNETAP-FSU","article_published_time":"2019-06-15T07:45:45+00:00","author":"yoctavien","twitter_card":"summary_large_image","twitter_misc":{"\u00c9crit par":"yoctavien","Dur\u00e9e de lecture estim\u00e9e":"3 minutes"},"schema":{"@context":"https:\/\/schema.org","@graph":[{"@type":"Article","@id":"https:\/\/regions-snetap-fsu.fr\/formation\/2019\/06\/15\/dans-les-hauts-de-france-rien-de-nouveau-maintenant-on-passe-a-laction\/#article","isPartOf":{"@id":"https:\/\/regions-snetap-fsu.fr\/formation\/2019\/06\/15\/dans-les-hauts-de-france-rien-de-nouveau-maintenant-on-passe-a-laction\/"},"author":{"name":"yoctavien","@id":"https:\/\/regions-snetap-fsu.fr\/formation\/#\/schema\/person\/f5dc7b6354e942ca9c5fa8e9ff7e5c93"},"headline":"Dans les Hauts-de-France, rien de nouveau ! Maintenant, on passe \u00e0 l&rsquo;action !","datePublished":"2019-06-15T07:45:45+00:00","mainEntityOfPage":{"@id":"https:\/\/regions-snetap-fsu.fr\/formation\/2019\/06\/15\/dans-les-hauts-de-france-rien-de-nouveau-maintenant-on-passe-a-laction\/"},"wordCount":639,"publisher":{"@id":"https:\/\/regions-snetap-fsu.fr\/formation\/#organization"},"image":{"@id":"https:\/\/regions-snetap-fsu.fr\/formation\/2019\/06\/15\/dans-les-hauts-de-france-rien-de-nouveau-maintenant-on-passe-a-laction\/#primaryimage"},"thumbnailUrl":"https:\/\/regions-snetap-fsu.fr\/hdf\/wp-content\/uploads\/sites\/5\/2019\/05\/vlcsnap-2019-05-05-11h39m35s383-300x169.png","articleSection":["Actions - Gr\u00e8ves - Manifs","Communiqu\u00e9s"],"inLanguage":"fr-FR"},{"@type":"WebPage","@id":"https:\/\/regions-snetap-fsu.fr\/formation\/2019\/06\/15\/dans-les-hauts-de-france-rien-de-nouveau-maintenant-on-passe-a-laction\/","url":"https:\/\/regions-snetap-fsu.fr\/formation\/2019\/06\/15\/dans-les-hauts-de-france-rien-de-nouveau-maintenant-on-passe-a-laction\/","name":"Dans les Hauts-de-France, rien de nouveau ! Maintenant, on passe \u00e0 l'action ! - Formation des sites R\u00e9gionaux du SNETAP-FSU","isPartOf":{"@id":"https:\/\/regions-snetap-fsu.fr\/formation\/#website"},"primaryImageOfPage":{"@id":"https:\/\/regions-snetap-fsu.fr\/formation\/2019\/06\/15\/dans-les-hauts-de-france-rien-de-nouveau-maintenant-on-passe-a-laction\/#primaryimage"},"image":{"@id":"https:\/\/regions-snetap-fsu.fr\/formation\/2019\/06\/15\/dans-les-hauts-de-france-rien-de-nouveau-maintenant-on-passe-a-laction\/#primaryimage"},"thumbnailUrl":"https:\/\/regions-snetap-fsu.fr\/hdf\/wp-content\/uploads\/sites\/5\/2019\/05\/vlcsnap-2019-05-05-11h39m35s383-300x169.png","datePublished":"2019-06-15T07:45:45+00:00","breadcrumb":{"@id":"https:\/\/regions-snetap-fsu.fr\/formation\/2019\/06\/15\/dans-les-hauts-de-france-rien-de-nouveau-maintenant-on-passe-a-laction\/#breadcrumb"},"inLanguage":"fr-FR","potentialAction":[{"@type":"ReadAction","target":["https:\/\/regions-snetap-fsu.fr\/formation\/2019\/06\/15\/dans-les-hauts-de-france-rien-de-nouveau-maintenant-on-passe-a-laction\/"]}]},{"@type":"ImageObject","inLanguage":"fr-FR","@id":"https:\/\/regions-snetap-fsu.fr\/formation\/2019\/06\/15\/dans-les-hauts-de-france-rien-de-nouveau-maintenant-on-passe-a-laction\/#primaryimage","url":"https:\/\/regions-snetap-fsu.fr\/hdf\/wp-content\/uploads\/sites\/5\/2019\/05\/vlcsnap-2019-05-05-11h39m35s383-300x169.png","contentUrl":"https:\/\/regions-snetap-fsu.fr\/hdf\/wp-content\/uploads\/sites\/5\/2019\/05\/vlcsnap-2019-05-05-11h39m35s383-300x169.png"},{"@type":"BreadcrumbList","@id":"https:\/\/regions-snetap-fsu.fr\/formation\/2019\/06\/15\/dans-les-hauts-de-france-rien-de-nouveau-maintenant-on-passe-a-laction\/#breadcrumb","itemListElement":[{"@type":"ListItem","position":1,"name":"Accueil","item":"https:\/\/regions-snetap-fsu.fr\/formation\/"},{"@type":"ListItem","position":2,"name":"Dans les Hauts-de-France, rien de nouveau ! Maintenant, on passe \u00e0 l&rsquo;action !"}]},{"@type":"WebSite","@id":"https:\/\/regions-snetap-fsu.fr\/formation\/#website","url":"https:\/\/regions-snetap-fsu.fr\/formation\/","name":"Formation des sites R\u00e9gionaux du SNETAP-FSU","description":"","publisher":{"@id":"https:\/\/regions-snetap-fsu.fr\/formation\/#organization"},"potentialAction":[{"@type":"SearchAction","target":{"@type":"EntryPoint","urlTemplate":"https:\/\/regions-snetap-fsu.fr\/formation\/?s={search_term_string}"},"query-input":{"@type":"PropertyValueSpecification","valueRequired":true,"valueName":"search_term_string"}}],"inLanguage":"fr-FR"},{"@type":"Organization","@id":"https:\/\/regions-snetap-fsu.fr\/formation\/#organization","name":"Formation des sites R\u00e9gionaux du SNETAP-FSU","url":"https:\/\/regions-snetap-fsu.fr\/formation\/","logo":{"@type":"ImageObject","inLanguage":"fr-FR","@id":"https:\/\/regions-snetap-fsu.fr\/formation\/#\/schema\/logo\/image\/","url":"https:\/\/regions-snetap-fsu.fr\/formation\/wp-content\/uploads\/sites\/20\/2025\/04\/cropped-Logo_blanc_fond_transparent_1000x755.png","contentUrl":"https:\/\/regions-snetap-fsu.fr\/formation\/wp-content\/uploads\/sites\/20\/2025\/04\/cropped-Logo_blanc_fond_transparent_1000x755.png","width":998,"height":689,"caption":"Formation des sites R\u00e9gionaux du SNETAP-FSU"},"image":{"@id":"https:\/\/regions-snetap-fsu.fr\/formation\/#\/schema\/logo\/image\/"}},{"@type":"Person","@id":"https:\/\/regions-snetap-fsu.fr\/formation\/#\/schema\/person\/f5dc7b6354e942ca9c5fa8e9ff7e5c93","name":"yoctavien","image":{"@type":"ImageObject","inLanguage":"fr-FR","@id":"https:\/\/secure.gravatar.com\/avatar\/382642c092b6b9da14641d3c478df2f3da4a2d17eea25691c232d4dbf735c292?s=96&d=mm&r=g","url":"https:\/\/secure.gravatar.com\/avatar\/382642c092b6b9da14641d3c478df2f3da4a2d17eea25691c232d4dbf735c292?s=96&d=mm&r=g","contentUrl":"https:\/\/secure.gravatar.com\/avatar\/382642c092b6b9da14641d3c478df2f3da4a2d17eea25691c232d4dbf735c292?s=96&d=mm&r=g","caption":"yoctavien"},"url":"https:\/\/regions-snetap-fsu.fr\/formation\/author\/yoctavien\/"}]}},"_links":{"self":[{"href":"https:\/\/regions-snetap-fsu.fr\/formation\/wp-json\/wp\/v2\/posts\/2726","targetHints":{"allow":["GET"]}}],"collection":[{"href":"https:\/\/regions-snetap-fsu.fr\/formation\/wp-json\/wp\/v2\/posts"}],"about":[{"href":"https:\/\/regions-snetap-fsu.fr\/formation\/wp-json\/wp\/v2\/types\/post"}],"author":[{"embeddable":true,"href":"https:\/\/regions-snetap-fsu.fr\/formation\/wp-json\/wp\/v2\/users\/138"}],"replies":[{"embeddable":true,"href":"https:\/\/regions-snetap-fsu.fr\/formation\/wp-json\/wp\/v2\/comments?post=2726"}],"version-history":[{"count":0,"href":"https:\/\/regions-snetap-fsu.fr\/formation\/wp-json\/wp\/v2\/posts\/2726\/revisions"}],"wp:attachment":[{"href":"https:\/\/regions-snetap-fsu.fr\/formation\/wp-json\/wp\/v2\/media?parent=2726"}],"wp:term":[{"taxonomy":"category","embeddable":true,"href":"https:\/\/regions-snetap-fsu.fr\/formation\/wp-json\/wp\/v2\/categories?post=2726"},{"taxonomy":"post_tag","embeddable":true,"href":"https:\/\/regions-snetap-fsu.fr\/formation\/wp-json\/wp\/v2\/tags?post=2726"},{"taxonomy":"post_folder","embeddable":true,"href":"https:\/\/regions-snetap-fsu.fr\/formation\/wp-json\/wp\/v2\/post_folder?post=2726"}],"curies":[{"name":"wp","href":"https:\/\/api.w.org\/{rel}","templated":true}]}}