{"id":2649,"date":"2019-06-08T19:14:06","date_gmt":"2019-06-08T17:14:06","guid":{"rendered":"https:\/\/regions-snetap-fsu.fr\/hdf\/?p=2649"},"modified":"2019-06-08T19:14:06","modified_gmt":"2019-06-08T17:14:06","slug":"le-zele-dun-directeur-adjoint-traduisant-la-febrilite-de-la-dger","status":"publish","type":"post","link":"https:\/\/regions-snetap-fsu.fr\/formation\/2019\/06\/08\/le-zele-dun-directeur-adjoint-traduisant-la-febrilite-de-la-dger\/","title":{"rendered":"Le z\u00e8le d&rsquo;un directeur adjoint traduisant la f\u00e9brilit\u00e9 de la DGER"},"content":{"rendered":"<h2 style=\"text-align: center\"><span style=\"font-family: tahoma, arial, helvetica, sans-serif\"><span style=\"color: #ff0000\">Le z\u00e8le d&rsquo;un directeur adjoint des Hauts-de-France traduisant la f\u00e9brilit\u00e9 de la DGER<\/span><\/span><\/h2>\n<p><img fetchpriority=\"high\" decoding=\"async\" class=\"aligncenter size-medium wp-image-2652\" src=\"https:\/\/regions-snetap-fsu.fr\/hdf\/wp-content\/uploads\/sites\/5\/2019\/06\/Droit_de_Greve_8_619-300x175.jpg\" alt=\"Ilustration droit de gr\u00e8ve\" width=\"300\" height=\"175\" \/><\/p>\n<blockquote>\n<p style=\"text-align: justify\"><span style=\"font-size: 12pt\"><span style=\"font-family: tahoma, arial, helvetica, sans-serif\"><span style=\"color: #0000ff\">En cette p\u00e9riode de r\u00e9formes conduisant \u00e0 la d\u00e9gradation de nos conditions de travail et d&rsquo;apprentissage pour nos \u00e9l\u00e8ves, apprenti\u00b7es et \u00e9tudiant\u00b7es et <\/span><\/span><span style=\"font-family: tahoma, arial, helvetica, sans-serif\"><span style=\"color: #0000ff\">de rupture de dialogue social<\/span><\/span><span style=\"font-family: tahoma, arial, helvetica, sans-serif\"><span style=\"color: #0000ff\">, la DGER vise bien \u00e0 faire pression sur les agent\u00b7es \u00e0 travers de ses consignes donn\u00e9es aux diff\u00e9rents membres de l&rsquo;encadrement de l&rsquo;Enseignement Agricole Public (EAP).<\/span><br \/>\n<\/span><\/span><\/p>\n<p style=\"text-align: justify\"><span style=\"font-family: tahoma, arial, helvetica, sans-serif;color: #0000ff;font-size: 12pt\">Ces consignes prenant diff\u00e9rentes formes selon l&rsquo;interpr\u00e9tation et le z\u00e8le de tel directeur ou de tel DRAAF-SRFD visent \u00e0 casser le mouvement de gr\u00e8ve de ses agent\u00b7es bien plus soucieu\u00b7ses de l&rsquo;int\u00e9r\u00eat collectif des usagers que de leur propre carri\u00e8re.<\/span><\/p>\n<\/blockquote>\n<p><!--more--><\/p>\n<p style=\"text-align: justify\"><span style=\"font-family: tahoma, arial, helvetica, sans-serif;color: #0000ff;font-size: 12pt\">Le communiqu\u00e9 administratif diffus\u00e9 par l&rsquo;un des directeurs adjoints aupr\u00e8s de son personnel administratif, de la vie scolaire et enseignant, traduit bien une f\u00e9brilit\u00e9 avanc\u00e9e de notre Administration. Nous esp\u00e9rons que cela permettra \u00e0 notre minist\u00e8re d&rsquo;ouvrir \u00e0 de v\u00e9ritables n\u00e9gociations. <\/span><\/p>\n<p style=\"text-align: justify\"><span style=\"font-family: tahoma, arial, helvetica, sans-serif;color: #0000ff;font-size: 12pt\">C&rsquo;est pourquoi, le SNETAP-FSU appelle l&rsquo;ensemble des agent\u00b7es \u00e0 se montrer solidaires dans ce tournant de l&rsquo;EAP et \u00e0 r\u00e9pondre aux diff\u00e9rents appels intersyndicaux lanc\u00e9s par les organisations syndicales de l&rsquo;enseignement agricole priv\u00e9 et public.<\/span><\/p>\n<div style=\"text-align: justify\" align=\"left\"><span style=\"color: #0000ff;font-family: tahoma, arial, helvetica, sans-serif;font-size: 12pt\">Suite \u00e0 ce communiqu\u00e9 pitoyable, le SNETAP-FSU contrairement \u00e0 ses habitudes s&rsquo;est permis de r\u00e9pondre collectivement pour l&rsquo;\u00e9tablissement concern\u00e9, afin de pr\u00e9ciser quelques points de droit.<\/span><\/div>\n<div align=\"left\">.<\/div>\n<div align=\"left\"><img decoding=\"async\" class=\"aligncenter wp-image-2656 \" src=\"https:\/\/regions-snetap-fsu.fr\/hdf\/wp-content\/uploads\/sites\/5\/2019\/06\/Classeurs_droit_de_greve_8_619-300x213.jpg\" alt=\"Illustration classeurs droit de gr\u00e8ve\" width=\"125\" height=\"89\" \/><\/div>\n<div align=\"left\">.<\/div>\n<div style=\"text-align: justify\" align=\"left\"><span style=\"font-family: tahoma, arial, helvetica, sans-serif;color: #0000ff;font-size: 12pt\">Voici les r\u00e9ponses du SNETAP-FSU aux diff\u00e9rents points soulev\u00e9s par le directeur adjoint :<\/span><\/div>\n<div align=\"left\">.<\/div>\n<div align=\"left\"><span style=\"text-decoration: underline;font-size: 12pt\">Extrait du communiqu\u00e9 du directeur adjoint :<\/span><\/div>\n<div style=\"text-align: justify\" align=\"left\"><span style=\"color: #000000;font-family: georgia, palatino, serif;font-size: 12pt\"><i>\u00ab\u00a0&#8230;Suite au mouvement initi\u00e9 par les organisations syndicales sur le d\u00e9roulement des examens, le directeur g\u00e9n\u00e9ral de l&rsquo;enseignement et de la recherche (DGER) nous demande de rappeler \u00e0 l&rsquo;ensemble des agents concern\u00e9s par l&rsquo;organisation des examens les articles L2512-2 L1132-2 du code du travail fixant les conditions d&rsquo;exercice du droit de gr\u00e8ve (ex : d\u00e9lai de 5 jours francs de pr\u00e9avis) et les obligations des agents de droit public au regard de l&rsquo;organisation des examens \u00a0: loi 83-634 du <span id=\"OBJ_PREFIX_DWT609_com_zimbra_date\" class=\"Object\">13 juillet 1983<\/span> et article 4 de l&rsquo;arr\u00eat\u00e9 du 1er <span id=\"OBJ_PREFIX_DWT610_com_zimbra_date\" class=\"Object\">octobre 1990<\/span> (tout agent de droit public doit se tenir \u00e0 la disposition de l&rsquo;autorit\u00e9 acad\u00e9mique jusqu&rsquo;\u00e0 d\u00e9livrance du dipl\u00f4me)&#8230;\u00a0\u00bb<\/i><\/span><\/div>\n<div align=\"left\">.<\/div>\n<div align=\"left\"><span style=\"text-decoration: underline;font-family: tahoma, arial, helvetica, sans-serif;font-size: 12pt\"><span style=\"color: #0000ff;text-decoration: underline\">R\u00e9ponse du SNETAP-FSU :<\/span><\/span><\/div>\n<div style=\"text-align: justify\" align=\"left\">\n<div style=\"text-align: justify\" align=\"left\"><span style=\"color: #0000ff;font-family: tahoma, arial, helvetica, sans-serif;font-size: 12pt\">Les organisations syndicales signataires des appels \u00e0 la gr\u00e8ve (pour les formateurs de CFA-CFPPA, pour les agents de lyc\u00e9e, dans le Public comme dans le Priv\u00e9) tiennent \u00e0 rappeler, \u00e0 toutes fins utiles, que les pr\u00e9avis pr\u00e9-cit\u00e9s ont tous \u00e9t\u00e9 d\u00e9pos\u00e9s dans les d\u00e9lais l\u00e9gaux et enregistr\u00e9s comme tels par le Minist\u00e8re.<\/span><\/div>\n<p><span style=\"color: #0000ff;font-family: tahoma, arial, helvetica, sans-serif;font-size: 12pt\">Par ailleurs, nous tenons \u00e0 rappeler que la cessation du travail \u00e9tant un droit constitutionnel, celui-ci s&rsquo;applique en p\u00e9riode d&rsquo;examens comme en dehors de cette p\u00e9riode, ce qui par ailleurs est ind\u00e9pendant des obligations de service des agents publics.<\/span><\/p>\n<\/div>\n<div align=\"left\"><\/div>\n<div style=\"text-align: justify\" align=\"left\"><span style=\"font-family: tahoma, arial, helvetica, sans-serif;color: #0000ff;font-size: 12pt\"><span style=\"text-decoration: underline\">Compl\u00e9ment<\/span> : Le directeur adjoint joue l&rsquo;ambigu\u00eft\u00e9 entre le pr\u00e9avis de gr\u00e8ve et le fait de se mettre en gr\u00e8ve. Le pr\u00e9avis de gr\u00e8ve est toujours d\u00e9pos\u00e9 par les organisations syndicales dans les d\u00e9lais et avant l&rsquo;appel lanc\u00e9 aux coll\u00e8gues. Les personnels n&rsquo;ont aucune obligation de faire part de leur intention avant une gr\u00e8ve. Chacun\u00b7e peut et doit se d\u00e9terminer librement y compris au dernier moment. C&rsquo;est \u00e0 l&rsquo;Administration de faire le point heure par heure et \u00e0 elle seule. Elle doit en outre v\u00e9rifier que l&rsquo;absence n&rsquo;\u00e9tait pas justifi\u00e9e par un autre motif que la gr\u00e8ve. <\/span><\/div>\n<div style=\"text-align: justify\" align=\"left\"><span style=\"font-family: tahoma, arial, helvetica, sans-serif;color: #0000ff;font-size: 12pt\">Pour la p\u00e9riode d&rsquo;examen, le SNETAP-FSU vous demande, exceptionnellement, de transmettre un courrier \u00e0 l&rsquo;administration pour votre intention \u00e0 suivre la gr\u00e8ve, ceci afin de ne pas p\u00e9naliser les candidat\u00b7es et en donnant la possibilit\u00e9 \u00e0 l&rsquo;Administration de s&rsquo;organiser mais aussi en esp\u00e9rant que la DGER ouvre de v\u00e9ritables n\u00e9gociations avant la gr\u00e8ve. <\/span><\/div>\n<div align=\"left\"><\/div>\n<div align=\"left\">\n<p><span style=\"text-decoration: underline;font-size: 12pt\">Extrait du communiqu\u00e9 du directeur adjoint :<\/span><\/p>\n<p style=\"text-align: justify\"><span style=\"color: #000000;font-family: georgia, palatino, serif;font-size: 12pt\"><i>\u00ab\u00a0&#8230;Il nous est demand\u00e9 de pr\u00e9voir les personnels surnum\u00e9raires n\u00e9cessaires au bon d\u00e9roulement des examens que nous accueillons dans notre \u00e9tablissement&#8230;\u00a0\u00bb<\/i><\/span><\/p>\n<\/div>\n<p><span style=\"text-decoration: underline;font-family: tahoma, arial, helvetica, sans-serif;font-size: 12pt\"><span style=\"color: #0000ff;text-decoration: underline\">R\u00e9ponse du SNETAP-FSU :<\/span><\/span><\/p>\n<p style=\"text-align: justify\"><span style=\"color: #0000ff;font-family: tahoma, arial, helvetica, sans-serif;font-size: 12pt\">Ce qui s&rsquo;entend. Apr\u00e8s, les repr\u00e9sentants des personnels eux attendent autre chose de notre minist\u00e8re, \u00e0 savoir que s&rsquo;ouvrent de vraies n\u00e9gociations, sachant que c&rsquo;est par ailleurs la vocation premi\u00e8re d&rsquo;un pr\u00e9avis de gr\u00e8ve. Nous appelons par ailleurs l&rsquo;ensemble des coll\u00e8gues \u00e0 se montrer solidaires dans une p\u00e9riode charni\u00e8re pour l&rsquo;EA, tant pour les conditions d&rsquo;apprentissage des jeunes qui nous sont confi\u00e9s que pour les conditions de travail et d&#8217;emploi des agents de nos centres, conditions gravement menac\u00e9es de d\u00e9gradations si le Ministre ne revoit pas certaines de ces d\u00e9cisions (en lien avec les volumes de DGH, les seuils de d\u00e9doublement, les r\u00e9formes des lyc\u00e9es comme de l&rsquo;apprentissage).<\/span><\/p>\n<p><span style=\"text-decoration: underline;font-size: 12pt\">Extrait du communiqu\u00e9 du directeur adjoint :<\/span><\/p>\n<p style=\"text-align: justify\"><span style=\"color: #000000;font-family: georgia, palatino, serif;font-size: 12pt\"><i>\u00ab\u00a0&#8230;Par cons\u00e9quent je rappelle \u00e0 chacun que selon les circonstances et \u00e0 la demande des chefs de centre je serai dans l&rsquo;obligation de r\u00e9quisitionner les personnels n\u00e9cessaires \u00e0 la bonne organisation des examens dans l&rsquo;int\u00e9r\u00eat des candidats pr\u00e9sents&#8230;\u00a0\u00bb<\/i><\/span><\/p>\n<p><span style=\"text-decoration: underline;font-family: tahoma, arial, helvetica, sans-serif;font-size: 12pt\"><span style=\"color: #0000ff;text-decoration: underline\">R\u00e9ponse du SNETAP-FSU :<\/span><\/span><\/p>\n<div style=\"text-align: justify\" align=\"left\"><span style=\"color: #0000ff;font-family: tahoma, arial, helvetica, sans-serif;font-size: 12pt\">Ce paragraphe appelle de notre part un rappel du droit, car au-del\u00e0 des intentions, les mots employ\u00e9s ont un sens et ici le terme de \u00ab\u00a0r\u00e9quisition\u00a0\u00bb n&rsquo;est assur\u00e9ment pas neutre. C&rsquo;est en ce sens que le Secr\u00e9tariat G\u00e9n\u00e9ral (SRH) a tenu dans le cadre de la circulaire minist\u00e9rielle r\u00e9gissant les droits et moyens syndicaux au sein du MAA (<b>Instruction du Gouvernement SG\/SRH\/SDDPRS\/2015-106009\/12\/2015<\/b>) \u00e0 rappeler le cadre juridique tr\u00e8s pr\u00e9cis dans lequel de telles mesures sont fond\u00e9es \u00e0 \u00eatre prises et par qui elles peuvent l&rsquo;\u00eatre \u00e0 l&rsquo;exclusion de tout autre \u2013 cf. fiche 6 consacr\u00e9e aux \u00ab mouvements de gr\u00e8ve \u00bb point sp\u00e9cifique sur les r\u00e9quisitions (p26) :<\/span><\/div>\n<div style=\"text-align: justify\" align=\"left\"><span style=\"color: #0000ff;font-family: tahoma, arial, helvetica, sans-serif;font-size: 12pt\"><i><b>\u00ab\u00a0En cas de gr\u00e8ve portant gravement atteinte \u00e0 la continuit\u00e9 du service public ou aux besoins de la population, certains personnels peuvent \u00eatre r\u00e9quisitionn\u00e9s. La r\u00e9quisition peut \u00eatre d\u00e9cid\u00e9e par le ministre ou les pr\u00e9fets\u00a0\u00bb.<\/b><\/i><\/span><\/div>\n<div align=\"left\">.<\/div>\n<div style=\"text-align: justify\" align=\"left\"><span style=\"color: #0000ff;font-family: tahoma, arial, helvetica, sans-serif;font-size: 12pt\">Pour le dire autrement, les chefs de service, fussent-ils membres de l&rsquo;encadrement, chefs d&rsquo;\u00e9tablissement, de SRFD, DRAAF, DGER ou chef du SRH, n&rsquo;ont pas le droit d&rsquo;exercer quelque r\u00e9quisition que soit vis-\u00e0-vis des agents publics que nous sommes (gr\u00e9vistes comme non gr\u00e9vistes) \u2013 de leur propre initiative en tout cas.<\/span><\/div>\n<div align=\"left\">.<\/div>\n<div align=\"left\"><span style=\"font-family: tahoma, arial, helvetica, sans-serif;font-size: 12pt\"><strong><span style=\"color: #008000\">Pour le compl\u00e9ment sur vos droits de gr\u00e8ve, vous pouvez consultez le dossier du SNETAP-FSU au lien ci-dessous :<\/span><\/strong><\/span><\/div>\n<div align=\"left\"><span style=\"text-decoration: underline;color: #000000\"><a style=\"color: #000000;text-decoration: underline\" href=\"https:\/\/www.snetap-fsu.fr\/Greve-mode-d-emploi.html\" target=\"_blank\" rel=\"noopener noreferrer\">Lien : SNETAP-FSU &#8211; Gr\u00e8ve, mode d\u2019emploi !<\/a><\/span><\/div>\n<div align=\"left\">.<\/div>\n<div align=\"left\"><span style=\"text-decoration: underline;color: #000000\"><a style=\"color: #000000;text-decoration: underline\" href=\"https:\/\/www.snetap-fsu.fr\/Convocations-aux-examens-fonctions-de-prof-principaux-boycottees-repondez-M-le.html\" target=\"_blank\" rel=\"noopener noreferrer\">Lien : SNETAP-FSU &#8211; Outils convocations aux examens, fonctions de prof principaux boycott\u00e9es<\/a><\/span><\/div>\n<div align=\"left\"><span style=\"text-decoration: underline;color: #000000\"><a style=\"color: #000000;text-decoration: underline\" href=\"https:\/\/www.snetap-fsu.fr\/IMG\/pdf\/2019_modalite_s_cfa-cfppa_-_mise_en_oeuvre_action_refus_con.pdf\" target=\"_blank\" rel=\"noopener noreferrer\">Lien : SNETAP-FSU &#8211; Modalit\u00e9s CFA-CFPPA &#8211; mise en oeuvre action refus convoc. examens<\/a><\/span><\/div>\n","protected":false},"excerpt":{"rendered":"<p>Le z\u00e8le d&rsquo;un directeur adjoint des Hauts-de-France traduisant la f\u00e9brilit\u00e9 de la DGER En cette p\u00e9riode de r\u00e9formes conduisant \u00e0 la d\u00e9gradation de nos conditions de travail et d&rsquo;apprentissage pour nos \u00e9l\u00e8ves, apprenti\u00b7es et \u00e9tudiant\u00b7es et de rupture de dialogue social, la DGER vise bien \u00e0 faire pression sur les agent\u00b7es \u00e0 travers de ses [&hellip;]<\/p>\n","protected":false},"author":138,"featured_media":0,"comment_status":"closed","ping_status":"closed","sticky":false,"template":"","format":"standard","meta":{"ocean_post_layout":"","ocean_both_sidebars_style":"","ocean_both_sidebars_content_width":0,"ocean_both_sidebars_sidebars_width":0,"ocean_sidebar":"","ocean_second_sidebar":"","ocean_disable_margins":"enable","ocean_add_body_class":"","ocean_shortcode_before_top_bar":"","ocean_shortcode_after_top_bar":"","ocean_shortcode_before_header":"","ocean_shortcode_after_header":"","ocean_has_shortcode":"","ocean_shortcode_after_title":"","ocean_shortcode_before_footer_widgets":"","ocean_shortcode_after_footer_widgets":"","ocean_shortcode_before_footer_bottom":"","ocean_shortcode_after_footer_bottom":"","ocean_display_top_bar":"default","ocean_display_header":"default","ocean_header_style":"","ocean_center_header_left_menu":"","ocean_custom_header_template":"","ocean_custom_logo":0,"ocean_custom_retina_logo":0,"ocean_custom_logo_max_width":0,"ocean_custom_logo_tablet_max_width":0,"ocean_custom_logo_mobile_max_width":0,"ocean_custom_logo_max_height":0,"ocean_custom_logo_tablet_max_height":0,"ocean_custom_logo_mobile_max_height":0,"ocean_header_custom_menu":"","ocean_menu_typo_font_family":"","ocean_menu_typo_font_subset":"","ocean_menu_typo_font_size":0,"ocean_menu_typo_font_size_tablet":0,"ocean_menu_typo_font_size_mobile":0,"ocean_menu_typo_font_size_unit":"px","ocean_menu_typo_font_weight":"","ocean_menu_typo_font_weight_tablet":"","ocean_menu_typo_font_weight_mobile":"","ocean_menu_typo_transform":"","ocean_menu_typo_transform_tablet":"","ocean_menu_typo_transform_mobile":"","ocean_menu_typo_line_height":0,"ocean_menu_typo_line_height_tablet":0,"ocean_menu_typo_line_height_mobile":0,"ocean_menu_typo_line_height_unit":"","ocean_menu_typo_spacing":0,"ocean_menu_typo_spacing_tablet":0,"ocean_menu_typo_spacing_mobile":0,"ocean_menu_typo_spacing_unit":"","ocean_menu_link_color":"","ocean_menu_link_color_hover":"","ocean_menu_link_color_active":"","ocean_menu_link_background":"","ocean_menu_link_hover_background":"","ocean_menu_link_active_background":"","ocean_menu_social_links_bg":"","ocean_menu_social_hover_links_bg":"","ocean_menu_social_links_color":"","ocean_menu_social_hover_links_color":"","ocean_disable_title":"default","ocean_disable_heading":"default","ocean_post_title":"","ocean_post_subheading":"","ocean_post_title_style":"","ocean_post_title_background_color":"","ocean_post_title_background":0,"ocean_post_title_bg_image_position":"","ocean_post_title_bg_image_attachment":"","ocean_post_title_bg_image_repeat":"","ocean_post_title_bg_image_size":"","ocean_post_title_height":0,"ocean_post_title_bg_overlay":0.5,"ocean_post_title_bg_overlay_color":"","ocean_disable_breadcrumbs":"default","ocean_breadcrumbs_color":"","ocean_breadcrumbs_separator_color":"","ocean_breadcrumbs_links_color":"","ocean_breadcrumbs_links_hover_color":"","ocean_display_footer_widgets":"default","ocean_display_footer_bottom":"default","ocean_custom_footer_template":"","ocean_post_oembed":"","ocean_post_self_hosted_media":"","ocean_post_video_embed":"","ocean_link_format":"","ocean_link_format_target":"self","ocean_quote_format":"","ocean_quote_format_link":"post","ocean_gallery_link_images":"on","ocean_gallery_id":[],"footnotes":""},"categories":[11],"tags":[],"post_folder":[],"class_list":["post-2649","post","type-post","status-publish","format-standard","hentry","category-communiques","entry"],"yoast_head":"<!-- This site is optimized with the Yoast SEO plugin v27.4 - https:\/\/yoast.com\/product\/yoast-seo-wordpress\/ -->\n<title>Le z\u00e8le d&#039;un directeur adjoint traduisant la f\u00e9brilit\u00e9 de la DGER - Formation des sites R\u00e9gionaux du SNETAP-FSU<\/title>\n<meta name=\"robots\" content=\"index, follow, max-snippet:-1, max-image-preview:large, max-video-preview:-1\" \/>\n<link rel=\"canonical\" href=\"https:\/\/regions-snetap-fsu.fr\/formation\/2019\/06\/08\/le-zele-dun-directeur-adjoint-traduisant-la-febrilite-de-la-dger\/\" \/>\n<meta property=\"og:locale\" content=\"fr_FR\" \/>\n<meta property=\"og:type\" content=\"article\" \/>\n<meta property=\"og:title\" content=\"Le z\u00e8le d&#039;un directeur adjoint traduisant la f\u00e9brilit\u00e9 de la DGER - Formation des sites R\u00e9gionaux du SNETAP-FSU\" \/>\n<meta property=\"og:description\" content=\"Le z\u00e8le d&rsquo;un directeur adjoint des Hauts-de-France traduisant la f\u00e9brilit\u00e9 de la DGER En cette p\u00e9riode de r\u00e9formes conduisant \u00e0 la d\u00e9gradation de nos conditions de travail et d&rsquo;apprentissage pour nos \u00e9l\u00e8ves, apprenti\u00b7es et \u00e9tudiant\u00b7es et de rupture de dialogue social, la DGER vise bien \u00e0 faire pression sur les agent\u00b7es \u00e0 travers de ses [&hellip;]\" \/>\n<meta property=\"og:url\" content=\"https:\/\/regions-snetap-fsu.fr\/formation\/2019\/06\/08\/le-zele-dun-directeur-adjoint-traduisant-la-febrilite-de-la-dger\/\" \/>\n<meta property=\"og:site_name\" content=\"Formation des sites R\u00e9gionaux du SNETAP-FSU\" \/>\n<meta property=\"article:published_time\" content=\"2019-06-08T17:14:06+00:00\" \/>\n<meta name=\"author\" content=\"yoctavien\" \/>\n<meta name=\"twitter:card\" content=\"summary_large_image\" \/>\n<meta name=\"twitter:label1\" content=\"\u00c9crit par\" \/>\n\t<meta name=\"twitter:data1\" content=\"yoctavien\" \/>\n\t<meta name=\"twitter:label2\" content=\"Dur\u00e9e de lecture estim\u00e9e\" \/>\n\t<meta name=\"twitter:data2\" content=\"6 minutes\" \/>\n<script type=\"application\/ld+json\" class=\"yoast-schema-graph\">{\"@context\":\"https:\\\/\\\/schema.org\",\"@graph\":[{\"@type\":\"Article\",\"@id\":\"https:\\\/\\\/regions-snetap-fsu.fr\\\/formation\\\/2019\\\/06\\\/08\\\/le-zele-dun-directeur-adjoint-traduisant-la-febrilite-de-la-dger\\\/#article\",\"isPartOf\":{\"@id\":\"https:\\\/\\\/regions-snetap-fsu.fr\\\/formation\\\/2019\\\/06\\\/08\\\/le-zele-dun-directeur-adjoint-traduisant-la-febrilite-de-la-dger\\\/\"},\"author\":{\"name\":\"yoctavien\",\"@id\":\"https:\\\/\\\/regions-snetap-fsu.fr\\\/formation\\\/#\\\/schema\\\/person\\\/f5dc7b6354e942ca9c5fa8e9ff7e5c93\"},\"headline\":\"Le z\u00e8le d&rsquo;un directeur adjoint traduisant la f\u00e9brilit\u00e9 de la DGER\",\"datePublished\":\"2019-06-08T17:14:06+00:00\",\"mainEntityOfPage\":{\"@id\":\"https:\\\/\\\/regions-snetap-fsu.fr\\\/formation\\\/2019\\\/06\\\/08\\\/le-zele-dun-directeur-adjoint-traduisant-la-febrilite-de-la-dger\\\/\"},\"wordCount\":1183,\"publisher\":{\"@id\":\"https:\\\/\\\/regions-snetap-fsu.fr\\\/formation\\\/#organization\"},\"image\":{\"@id\":\"https:\\\/\\\/regions-snetap-fsu.fr\\\/formation\\\/2019\\\/06\\\/08\\\/le-zele-dun-directeur-adjoint-traduisant-la-febrilite-de-la-dger\\\/#primaryimage\"},\"thumbnailUrl\":\"https:\\\/\\\/regions-snetap-fsu.fr\\\/hdf\\\/wp-content\\\/uploads\\\/sites\\\/5\\\/2019\\\/06\\\/Droit_de_Greve_8_619-300x175.jpg\",\"articleSection\":[\"Communiqu\u00e9s\"],\"inLanguage\":\"fr-FR\"},{\"@type\":\"WebPage\",\"@id\":\"https:\\\/\\\/regions-snetap-fsu.fr\\\/formation\\\/2019\\\/06\\\/08\\\/le-zele-dun-directeur-adjoint-traduisant-la-febrilite-de-la-dger\\\/\",\"url\":\"https:\\\/\\\/regions-snetap-fsu.fr\\\/formation\\\/2019\\\/06\\\/08\\\/le-zele-dun-directeur-adjoint-traduisant-la-febrilite-de-la-dger\\\/\",\"name\":\"Le z\u00e8le d'un directeur adjoint traduisant la f\u00e9brilit\u00e9 de la DGER - Formation des sites R\u00e9gionaux du SNETAP-FSU\",\"isPartOf\":{\"@id\":\"https:\\\/\\\/regions-snetap-fsu.fr\\\/formation\\\/#website\"},\"primaryImageOfPage\":{\"@id\":\"https:\\\/\\\/regions-snetap-fsu.fr\\\/formation\\\/2019\\\/06\\\/08\\\/le-zele-dun-directeur-adjoint-traduisant-la-febrilite-de-la-dger\\\/#primaryimage\"},\"image\":{\"@id\":\"https:\\\/\\\/regions-snetap-fsu.fr\\\/formation\\\/2019\\\/06\\\/08\\\/le-zele-dun-directeur-adjoint-traduisant-la-febrilite-de-la-dger\\\/#primaryimage\"},\"thumbnailUrl\":\"https:\\\/\\\/regions-snetap-fsu.fr\\\/hdf\\\/wp-content\\\/uploads\\\/sites\\\/5\\\/2019\\\/06\\\/Droit_de_Greve_8_619-300x175.jpg\",\"datePublished\":\"2019-06-08T17:14:06+00:00\",\"breadcrumb\":{\"@id\":\"https:\\\/\\\/regions-snetap-fsu.fr\\\/formation\\\/2019\\\/06\\\/08\\\/le-zele-dun-directeur-adjoint-traduisant-la-febrilite-de-la-dger\\\/#breadcrumb\"},\"inLanguage\":\"fr-FR\",\"potentialAction\":[{\"@type\":\"ReadAction\",\"target\":[\"https:\\\/\\\/regions-snetap-fsu.fr\\\/formation\\\/2019\\\/06\\\/08\\\/le-zele-dun-directeur-adjoint-traduisant-la-febrilite-de-la-dger\\\/\"]}]},{\"@type\":\"ImageObject\",\"inLanguage\":\"fr-FR\",\"@id\":\"https:\\\/\\\/regions-snetap-fsu.fr\\\/formation\\\/2019\\\/06\\\/08\\\/le-zele-dun-directeur-adjoint-traduisant-la-febrilite-de-la-dger\\\/#primaryimage\",\"url\":\"https:\\\/\\\/regions-snetap-fsu.fr\\\/hdf\\\/wp-content\\\/uploads\\\/sites\\\/5\\\/2019\\\/06\\\/Droit_de_Greve_8_619-300x175.jpg\",\"contentUrl\":\"https:\\\/\\\/regions-snetap-fsu.fr\\\/hdf\\\/wp-content\\\/uploads\\\/sites\\\/5\\\/2019\\\/06\\\/Droit_de_Greve_8_619-300x175.jpg\"},{\"@type\":\"BreadcrumbList\",\"@id\":\"https:\\\/\\\/regions-snetap-fsu.fr\\\/formation\\\/2019\\\/06\\\/08\\\/le-zele-dun-directeur-adjoint-traduisant-la-febrilite-de-la-dger\\\/#breadcrumb\",\"itemListElement\":[{\"@type\":\"ListItem\",\"position\":1,\"name\":\"Accueil\",\"item\":\"https:\\\/\\\/regions-snetap-fsu.fr\\\/formation\\\/\"},{\"@type\":\"ListItem\",\"position\":2,\"name\":\"Le z\u00e8le d&rsquo;un directeur adjoint traduisant la f\u00e9brilit\u00e9 de la DGER\"}]},{\"@type\":\"WebSite\",\"@id\":\"https:\\\/\\\/regions-snetap-fsu.fr\\\/formation\\\/#website\",\"url\":\"https:\\\/\\\/regions-snetap-fsu.fr\\\/formation\\\/\",\"name\":\"Formation des sites R\u00e9gionaux du SNETAP-FSU\",\"description\":\"\",\"publisher\":{\"@id\":\"https:\\\/\\\/regions-snetap-fsu.fr\\\/formation\\\/#organization\"},\"potentialAction\":[{\"@type\":\"SearchAction\",\"target\":{\"@type\":\"EntryPoint\",\"urlTemplate\":\"https:\\\/\\\/regions-snetap-fsu.fr\\\/formation\\\/?s={search_term_string}\"},\"query-input\":{\"@type\":\"PropertyValueSpecification\",\"valueRequired\":true,\"valueName\":\"search_term_string\"}}],\"inLanguage\":\"fr-FR\"},{\"@type\":\"Organization\",\"@id\":\"https:\\\/\\\/regions-snetap-fsu.fr\\\/formation\\\/#organization\",\"name\":\"Formation des sites R\u00e9gionaux du SNETAP-FSU\",\"url\":\"https:\\\/\\\/regions-snetap-fsu.fr\\\/formation\\\/\",\"logo\":{\"@type\":\"ImageObject\",\"inLanguage\":\"fr-FR\",\"@id\":\"https:\\\/\\\/regions-snetap-fsu.fr\\\/formation\\\/#\\\/schema\\\/logo\\\/image\\\/\",\"url\":\"https:\\\/\\\/regions-snetap-fsu.fr\\\/formation\\\/wp-content\\\/uploads\\\/sites\\\/20\\\/2025\\\/04\\\/cropped-Logo_blanc_fond_transparent_1000x755.png\",\"contentUrl\":\"https:\\\/\\\/regions-snetap-fsu.fr\\\/formation\\\/wp-content\\\/uploads\\\/sites\\\/20\\\/2025\\\/04\\\/cropped-Logo_blanc_fond_transparent_1000x755.png\",\"width\":998,\"height\":689,\"caption\":\"Formation des sites R\u00e9gionaux du SNETAP-FSU\"},\"image\":{\"@id\":\"https:\\\/\\\/regions-snetap-fsu.fr\\\/formation\\\/#\\\/schema\\\/logo\\\/image\\\/\"}},{\"@type\":\"Person\",\"@id\":\"https:\\\/\\\/regions-snetap-fsu.fr\\\/formation\\\/#\\\/schema\\\/person\\\/f5dc7b6354e942ca9c5fa8e9ff7e5c93\",\"name\":\"yoctavien\",\"image\":{\"@type\":\"ImageObject\",\"inLanguage\":\"fr-FR\",\"@id\":\"https:\\\/\\\/secure.gravatar.com\\\/avatar\\\/382642c092b6b9da14641d3c478df2f3da4a2d17eea25691c232d4dbf735c292?s=96&d=mm&r=g\",\"url\":\"https:\\\/\\\/secure.gravatar.com\\\/avatar\\\/382642c092b6b9da14641d3c478df2f3da4a2d17eea25691c232d4dbf735c292?s=96&d=mm&r=g\",\"contentUrl\":\"https:\\\/\\\/secure.gravatar.com\\\/avatar\\\/382642c092b6b9da14641d3c478df2f3da4a2d17eea25691c232d4dbf735c292?s=96&d=mm&r=g\",\"caption\":\"yoctavien\"},\"url\":\"https:\\\/\\\/regions-snetap-fsu.fr\\\/formation\\\/author\\\/yoctavien\\\/\"}]}<\/script>\n<!-- \/ Yoast SEO plugin. -->","yoast_head_json":{"title":"Le z\u00e8le d'un directeur adjoint traduisant la f\u00e9brilit\u00e9 de la DGER - Formation des sites R\u00e9gionaux du SNETAP-FSU","robots":{"index":"index","follow":"follow","max-snippet":"max-snippet:-1","max-image-preview":"max-image-preview:large","max-video-preview":"max-video-preview:-1"},"canonical":"https:\/\/regions-snetap-fsu.fr\/formation\/2019\/06\/08\/le-zele-dun-directeur-adjoint-traduisant-la-febrilite-de-la-dger\/","og_locale":"fr_FR","og_type":"article","og_title":"Le z\u00e8le d'un directeur adjoint traduisant la f\u00e9brilit\u00e9 de la DGER - Formation des sites R\u00e9gionaux du SNETAP-FSU","og_description":"Le z\u00e8le d&rsquo;un directeur adjoint des Hauts-de-France traduisant la f\u00e9brilit\u00e9 de la DGER En cette p\u00e9riode de r\u00e9formes conduisant \u00e0 la d\u00e9gradation de nos conditions de travail et d&rsquo;apprentissage pour nos \u00e9l\u00e8ves, apprenti\u00b7es et \u00e9tudiant\u00b7es et de rupture de dialogue social, la DGER vise bien \u00e0 faire pression sur les agent\u00b7es \u00e0 travers de ses [&hellip;]","og_url":"https:\/\/regions-snetap-fsu.fr\/formation\/2019\/06\/08\/le-zele-dun-directeur-adjoint-traduisant-la-febrilite-de-la-dger\/","og_site_name":"Formation des sites R\u00e9gionaux du SNETAP-FSU","article_published_time":"2019-06-08T17:14:06+00:00","author":"yoctavien","twitter_card":"summary_large_image","twitter_misc":{"\u00c9crit par":"yoctavien","Dur\u00e9e de lecture estim\u00e9e":"6 minutes"},"schema":{"@context":"https:\/\/schema.org","@graph":[{"@type":"Article","@id":"https:\/\/regions-snetap-fsu.fr\/formation\/2019\/06\/08\/le-zele-dun-directeur-adjoint-traduisant-la-febrilite-de-la-dger\/#article","isPartOf":{"@id":"https:\/\/regions-snetap-fsu.fr\/formation\/2019\/06\/08\/le-zele-dun-directeur-adjoint-traduisant-la-febrilite-de-la-dger\/"},"author":{"name":"yoctavien","@id":"https:\/\/regions-snetap-fsu.fr\/formation\/#\/schema\/person\/f5dc7b6354e942ca9c5fa8e9ff7e5c93"},"headline":"Le z\u00e8le d&rsquo;un directeur adjoint traduisant la f\u00e9brilit\u00e9 de la DGER","datePublished":"2019-06-08T17:14:06+00:00","mainEntityOfPage":{"@id":"https:\/\/regions-snetap-fsu.fr\/formation\/2019\/06\/08\/le-zele-dun-directeur-adjoint-traduisant-la-febrilite-de-la-dger\/"},"wordCount":1183,"publisher":{"@id":"https:\/\/regions-snetap-fsu.fr\/formation\/#organization"},"image":{"@id":"https:\/\/regions-snetap-fsu.fr\/formation\/2019\/06\/08\/le-zele-dun-directeur-adjoint-traduisant-la-febrilite-de-la-dger\/#primaryimage"},"thumbnailUrl":"https:\/\/regions-snetap-fsu.fr\/hdf\/wp-content\/uploads\/sites\/5\/2019\/06\/Droit_de_Greve_8_619-300x175.jpg","articleSection":["Communiqu\u00e9s"],"inLanguage":"fr-FR"},{"@type":"WebPage","@id":"https:\/\/regions-snetap-fsu.fr\/formation\/2019\/06\/08\/le-zele-dun-directeur-adjoint-traduisant-la-febrilite-de-la-dger\/","url":"https:\/\/regions-snetap-fsu.fr\/formation\/2019\/06\/08\/le-zele-dun-directeur-adjoint-traduisant-la-febrilite-de-la-dger\/","name":"Le z\u00e8le d'un directeur adjoint traduisant la f\u00e9brilit\u00e9 de la DGER - Formation des sites R\u00e9gionaux du SNETAP-FSU","isPartOf":{"@id":"https:\/\/regions-snetap-fsu.fr\/formation\/#website"},"primaryImageOfPage":{"@id":"https:\/\/regions-snetap-fsu.fr\/formation\/2019\/06\/08\/le-zele-dun-directeur-adjoint-traduisant-la-febrilite-de-la-dger\/#primaryimage"},"image":{"@id":"https:\/\/regions-snetap-fsu.fr\/formation\/2019\/06\/08\/le-zele-dun-directeur-adjoint-traduisant-la-febrilite-de-la-dger\/#primaryimage"},"thumbnailUrl":"https:\/\/regions-snetap-fsu.fr\/hdf\/wp-content\/uploads\/sites\/5\/2019\/06\/Droit_de_Greve_8_619-300x175.jpg","datePublished":"2019-06-08T17:14:06+00:00","breadcrumb":{"@id":"https:\/\/regions-snetap-fsu.fr\/formation\/2019\/06\/08\/le-zele-dun-directeur-adjoint-traduisant-la-febrilite-de-la-dger\/#breadcrumb"},"inLanguage":"fr-FR","potentialAction":[{"@type":"ReadAction","target":["https:\/\/regions-snetap-fsu.fr\/formation\/2019\/06\/08\/le-zele-dun-directeur-adjoint-traduisant-la-febrilite-de-la-dger\/"]}]},{"@type":"ImageObject","inLanguage":"fr-FR","@id":"https:\/\/regions-snetap-fsu.fr\/formation\/2019\/06\/08\/le-zele-dun-directeur-adjoint-traduisant-la-febrilite-de-la-dger\/#primaryimage","url":"https:\/\/regions-snetap-fsu.fr\/hdf\/wp-content\/uploads\/sites\/5\/2019\/06\/Droit_de_Greve_8_619-300x175.jpg","contentUrl":"https:\/\/regions-snetap-fsu.fr\/hdf\/wp-content\/uploads\/sites\/5\/2019\/06\/Droit_de_Greve_8_619-300x175.jpg"},{"@type":"BreadcrumbList","@id":"https:\/\/regions-snetap-fsu.fr\/formation\/2019\/06\/08\/le-zele-dun-directeur-adjoint-traduisant-la-febrilite-de-la-dger\/#breadcrumb","itemListElement":[{"@type":"ListItem","position":1,"name":"Accueil","item":"https:\/\/regions-snetap-fsu.fr\/formation\/"},{"@type":"ListItem","position":2,"name":"Le z\u00e8le d&rsquo;un directeur adjoint traduisant la f\u00e9brilit\u00e9 de la DGER"}]},{"@type":"WebSite","@id":"https:\/\/regions-snetap-fsu.fr\/formation\/#website","url":"https:\/\/regions-snetap-fsu.fr\/formation\/","name":"Formation des sites R\u00e9gionaux du SNETAP-FSU","description":"","publisher":{"@id":"https:\/\/regions-snetap-fsu.fr\/formation\/#organization"},"potentialAction":[{"@type":"SearchAction","target":{"@type":"EntryPoint","urlTemplate":"https:\/\/regions-snetap-fsu.fr\/formation\/?s={search_term_string}"},"query-input":{"@type":"PropertyValueSpecification","valueRequired":true,"valueName":"search_term_string"}}],"inLanguage":"fr-FR"},{"@type":"Organization","@id":"https:\/\/regions-snetap-fsu.fr\/formation\/#organization","name":"Formation des sites R\u00e9gionaux du SNETAP-FSU","url":"https:\/\/regions-snetap-fsu.fr\/formation\/","logo":{"@type":"ImageObject","inLanguage":"fr-FR","@id":"https:\/\/regions-snetap-fsu.fr\/formation\/#\/schema\/logo\/image\/","url":"https:\/\/regions-snetap-fsu.fr\/formation\/wp-content\/uploads\/sites\/20\/2025\/04\/cropped-Logo_blanc_fond_transparent_1000x755.png","contentUrl":"https:\/\/regions-snetap-fsu.fr\/formation\/wp-content\/uploads\/sites\/20\/2025\/04\/cropped-Logo_blanc_fond_transparent_1000x755.png","width":998,"height":689,"caption":"Formation des sites R\u00e9gionaux du SNETAP-FSU"},"image":{"@id":"https:\/\/regions-snetap-fsu.fr\/formation\/#\/schema\/logo\/image\/"}},{"@type":"Person","@id":"https:\/\/regions-snetap-fsu.fr\/formation\/#\/schema\/person\/f5dc7b6354e942ca9c5fa8e9ff7e5c93","name":"yoctavien","image":{"@type":"ImageObject","inLanguage":"fr-FR","@id":"https:\/\/secure.gravatar.com\/avatar\/382642c092b6b9da14641d3c478df2f3da4a2d17eea25691c232d4dbf735c292?s=96&d=mm&r=g","url":"https:\/\/secure.gravatar.com\/avatar\/382642c092b6b9da14641d3c478df2f3da4a2d17eea25691c232d4dbf735c292?s=96&d=mm&r=g","contentUrl":"https:\/\/secure.gravatar.com\/avatar\/382642c092b6b9da14641d3c478df2f3da4a2d17eea25691c232d4dbf735c292?s=96&d=mm&r=g","caption":"yoctavien"},"url":"https:\/\/regions-snetap-fsu.fr\/formation\/author\/yoctavien\/"}]}},"_links":{"self":[{"href":"https:\/\/regions-snetap-fsu.fr\/formation\/wp-json\/wp\/v2\/posts\/2649","targetHints":{"allow":["GET"]}}],"collection":[{"href":"https:\/\/regions-snetap-fsu.fr\/formation\/wp-json\/wp\/v2\/posts"}],"about":[{"href":"https:\/\/regions-snetap-fsu.fr\/formation\/wp-json\/wp\/v2\/types\/post"}],"author":[{"embeddable":true,"href":"https:\/\/regions-snetap-fsu.fr\/formation\/wp-json\/wp\/v2\/users\/138"}],"replies":[{"embeddable":true,"href":"https:\/\/regions-snetap-fsu.fr\/formation\/wp-json\/wp\/v2\/comments?post=2649"}],"version-history":[{"count":0,"href":"https:\/\/regions-snetap-fsu.fr\/formation\/wp-json\/wp\/v2\/posts\/2649\/revisions"}],"wp:attachment":[{"href":"https:\/\/regions-snetap-fsu.fr\/formation\/wp-json\/wp\/v2\/media?parent=2649"}],"wp:term":[{"taxonomy":"category","embeddable":true,"href":"https:\/\/regions-snetap-fsu.fr\/formation\/wp-json\/wp\/v2\/categories?post=2649"},{"taxonomy":"post_tag","embeddable":true,"href":"https:\/\/regions-snetap-fsu.fr\/formation\/wp-json\/wp\/v2\/tags?post=2649"},{"taxonomy":"post_folder","embeddable":true,"href":"https:\/\/regions-snetap-fsu.fr\/formation\/wp-json\/wp\/v2\/post_folder?post=2649"}],"curies":[{"name":"wp","href":"https:\/\/api.w.org\/{rel}","templated":true}]}}