{"id":2619,"date":"2019-06-08T12:27:30","date_gmt":"2019-06-08T10:27:30","guid":{"rendered":"https:\/\/regions-snetap-fsu.fr\/hdf\/?p=2619"},"modified":"2019-06-08T12:27:30","modified_gmt":"2019-06-08T10:27:30","slug":"preparation-a-la-greve-du-17-juin-2019","status":"publish","type":"post","link":"https:\/\/regions-snetap-fsu.fr\/formation\/2019\/06\/08\/preparation-a-la-greve-du-17-juin-2019\/","title":{"rendered":"Pr\u00e9paration \u00e0 la gr\u00e8ve du 17 juin 2019"},"content":{"rendered":"<h2 style=\"text-align: center\"><span style=\"color: #ff0000;font-family: tahoma, arial, helvetica, sans-serif\">R\u00e9unions pour pr\u00e9parer la gr\u00e8ve du 17 juin 2019 <\/span><\/h2>\n<h2 style=\"text-align: center\"><span style=\"color: #ff0000;font-family: tahoma, arial, helvetica, sans-serif\">dans le Nord &#8211; Pas-de-Calais<br \/>\n<\/span><\/h2>\n<div class=\"p-like-f mt-30 crayon article-chapo-4052 \" style=\"text-align: justify\">\n<blockquote>\n<p style=\"text-align: justify\"><span style=\"font-family: tahoma, arial, helvetica, sans-serif;color: #0000ff;font-size: 12pt\">Pourquoi est-il n\u00e9cessaire de faire gr\u00e8ve le 17\u00a0juin<small class=\"fine\">\u00a0<\/small>? Comment en est-on arriv\u00e9 l\u00e0<small class=\"fine\">\u00a0<\/small>?<\/span><\/p>\n<p style=\"text-align: justify\"><span style=\"font-family: tahoma, arial, helvetica, sans-serif;color: #0000ff;font-size: 12pt\">Pour en discuter, le SNES-FSU appelle \u00e0 rejoindre les r\u00e9unions organis\u00e9es partout. Le SNETAP-FSU \u00e9tant associ\u00e9 \u00e0 ce mouvement, toutes et tous les syndiqu\u00e9\u00b7es du SNETAP-FSU sont invit\u00e9\u00b7es aux r\u00e9unions du SNES-FSU.<strong><br \/>\n<\/strong><\/span><\/p>\n<\/blockquote>\n<p style=\"text-align: justify\"><span style=\"font-family: tahoma, arial, helvetica, sans-serif;color: #0000ff;font-size: 12pt\">R\u00e9unions :<\/span><\/p>\n<\/div>\n<p><!--more--><\/p>\n<ul>\n<li style=\"text-align: justify\"><span style=\"font-family: tahoma, arial, helvetica, sans-serif;color: #0000ff\">12 juin : <strong>Lille<\/strong>, 14h, si\u00e8ge du SNES-FSU, 209 rue Nationale.<\/span><\/li>\n<li style=\"text-align: justify\"><span style=\"font-family: tahoma, arial, helvetica, sans-serif;color: #0000ff\">13 juin : <strong>Valencienne<\/strong>, 17h30, 2 rue du Grand Buille.<\/span><\/li>\n<li style=\"text-align: justify\"><span style=\"font-family: tahoma, arial, helvetica, sans-serif;color: #0000ff\">13 juin : <strong>Arras<\/strong>, 18h, r\u00e9union intersyndicale &#8211; Pour davantage de pr\u00e9cision contactez R\u00e9gis Martinage<\/span><\/li>\n<\/ul>\n<p style=\"text-align: justify\" align=\"justify\"><span style=\"font-family: tahoma, arial, helvetica, sans-serif;color: #0000ff\">L&rsquo;Enseignement Agricole Public est touch\u00e9 par toutes les r\u00e9formes contrairement \u00e0 l&rsquo;EN : augmentation des seuils, baisse de la DGH, r\u00e9forme du bac g\u00e9n\u00e9ral (EATDD), r\u00e9forme du bac technologique STAV (danger pour les pluri, nature du stage d\u00e9valoris\u00e9 avec son probl\u00e8me d&rsquo;\u00e9valuation, grand oral), r\u00e9forme de la voie professionnelle, r\u00e9forme de l&rsquo;apprentissage, enseignement sup\u00e9rieur (Soucis de Parcoursup), r\u00e9forme du statut de fonctionnaire.<\/span><\/p>\n<p style=\"text-align: justify\"><strong class=\"caractencadre-spip spip\"><strong><span style=\"font-family: tahoma, arial, helvetica, sans-serif;color: #ff0000\">Les organisations syndicales repr\u00e9sentatives du public et du priv\u00e9, de l\u2019enseignement agricole et les Stylos rouges, apr\u00e8s de nombreuses alertes au Ministre, appellent \u00e0 la gr\u00e8ve de la surveillance du premier jour du bac g\u00e9n\u00e9ral.<\/span><br \/>\n<\/strong><\/strong><\/p>\n<p style=\"text-align: justify\"><span style=\"font-family: tahoma, arial, helvetica, sans-serif;color: #0000ff\">Il ne s\u2019agit pas non plus d\u2019un appel irresponsable.<\/span><\/p>\n<p style=\"text-align: justify\"><span style=\"font-family: tahoma, arial, helvetica, sans-serif;color: #0000ff\">Le but n\u2019est pas d\u2019emp\u00eacher les \u00e9l\u00e8ves que nous avons pr\u00e9par\u00e9s durant de long mois, de passer leur examen.<\/span><\/p>\n<p style=\"text-align: justify\"><span style=\"font-family: tahoma, arial, helvetica, sans-serif;color: #0000ff\">Il s\u2019agit de peser, d\u2019\u00e9tablir un vrai rapport de force avec le gouvernement pour obtenir des \u00e9volutions sur les r\u00e9formes annonc\u00e9es, une mise \u00e0 plat par exemple de ce qui n\u2019est pas encore act\u00e9 : la classe terminale, les \u00e9preuves, les programmes. Obtenir une vraie revalorisation salariale, une reconnaissance de notre r\u00f4le et une \u00e9coute dans la volont\u00e9 de transformer notre syst\u00e8me \u00e9ducatif.<\/span><\/p>\n<p style=\"text-align: justify\"><span style=\"font-family: tahoma, arial, helvetica, sans-serif;color: #0000ff\">Ci-dessous un r\u00e9sum\u00e9 de 2 minutes par vid\u00e9o du SNES-FSU sur les raisons de cette gr\u00e8ve :<\/span><\/p>\n<p><a href=\"https:\/\/youtu.be\/7ce8FXoPrDY\" target=\"_blank\" rel=\"noopener noreferrer\"><span style=\"text-decoration: underline\"><span style=\"color: #000000;text-decoration: underline\">Lien : Vid\u00e9o SNES-FSU &#8211; Pourquoi la gr\u00e8ve du bac est-elle n\u00e9cessaire ?<\/span><\/span><\/a><\/p>\n<p><span style=\"text-decoration: underline\"><span style=\"color: #000000\"><a style=\"color: #000000;text-decoration: underline\" href=\"https:\/\/lille.snes.edu\/-Alerte-rouge-sur-nos-metiers-et-nos-statuts-.html\" target=\"_blank\" rel=\"noopener noreferrer\">Lien : SNES-FSU de Lille &#8211; Alerte rouge sur nos m\u00e9tiers et nos statuts<\/a><\/span><\/span><\/p>\n<p><span style=\"text-decoration: underline\"><span style=\"color: #000000\"><a style=\"color: #000000;text-decoration: underline\" href=\"https:\/\/www.snetap-fsu.fr\/Appel-unitaire-a-la-greve-le-17-juin.html\" target=\"_blank\" rel=\"noopener noreferrer\">Lien : SNETAP-FSU &#8211; Appel unitaire \u00e0 la gr\u00e8ve le 17 juin<\/a><\/span><\/span><\/p>\n","protected":false},"excerpt":{"rendered":"<p>R\u00e9unions pour pr\u00e9parer la gr\u00e8ve du 17 juin 2019 dans le Nord &#8211; Pas-de-Calais Pourquoi est-il n\u00e9cessaire de faire gr\u00e8ve le 17\u00a0juin\u00a0? Comment en est-on arriv\u00e9 l\u00e0\u00a0? Pour en discuter, le SNES-FSU appelle \u00e0 rejoindre les r\u00e9unions organis\u00e9es partout. Le SNETAP-FSU \u00e9tant associ\u00e9 \u00e0 ce mouvement, toutes et tous les syndiqu\u00e9\u00b7es du SNETAP-FSU sont invit\u00e9\u00b7es [&hellip;]<\/p>\n","protected":false},"author":138,"featured_media":0,"comment_status":"closed","ping_status":"closed","sticky":false,"template":"","format":"standard","meta":{"ocean_post_layout":"","ocean_both_sidebars_style":"","ocean_both_sidebars_content_width":0,"ocean_both_sidebars_sidebars_width":0,"ocean_sidebar":"","ocean_second_sidebar":"","ocean_disable_margins":"enable","ocean_add_body_class":"","ocean_shortcode_before_top_bar":"","ocean_shortcode_after_top_bar":"","ocean_shortcode_before_header":"","ocean_shortcode_after_header":"","ocean_has_shortcode":"","ocean_shortcode_after_title":"","ocean_shortcode_before_footer_widgets":"","ocean_shortcode_after_footer_widgets":"","ocean_shortcode_before_footer_bottom":"","ocean_shortcode_after_footer_bottom":"","ocean_display_top_bar":"default","ocean_display_header":"default","ocean_header_style":"","ocean_center_header_left_menu":"","ocean_custom_header_template":"","ocean_custom_logo":0,"ocean_custom_retina_logo":0,"ocean_custom_logo_max_width":0,"ocean_custom_logo_tablet_max_width":0,"ocean_custom_logo_mobile_max_width":0,"ocean_custom_logo_max_height":0,"ocean_custom_logo_tablet_max_height":0,"ocean_custom_logo_mobile_max_height":0,"ocean_header_custom_menu":"","ocean_menu_typo_font_family":"","ocean_menu_typo_font_subset":"","ocean_menu_typo_font_size":0,"ocean_menu_typo_font_size_tablet":0,"ocean_menu_typo_font_size_mobile":0,"ocean_menu_typo_font_size_unit":"px","ocean_menu_typo_font_weight":"","ocean_menu_typo_font_weight_tablet":"","ocean_menu_typo_font_weight_mobile":"","ocean_menu_typo_transform":"","ocean_menu_typo_transform_tablet":"","ocean_menu_typo_transform_mobile":"","ocean_menu_typo_line_height":0,"ocean_menu_typo_line_height_tablet":0,"ocean_menu_typo_line_height_mobile":0,"ocean_menu_typo_line_height_unit":"","ocean_menu_typo_spacing":0,"ocean_menu_typo_spacing_tablet":0,"ocean_menu_typo_spacing_mobile":0,"ocean_menu_typo_spacing_unit":"","ocean_menu_link_color":"","ocean_menu_link_color_hover":"","ocean_menu_link_color_active":"","ocean_menu_link_background":"","ocean_menu_link_hover_background":"","ocean_menu_link_active_background":"","ocean_menu_social_links_bg":"","ocean_menu_social_hover_links_bg":"","ocean_menu_social_links_color":"","ocean_menu_social_hover_links_color":"","ocean_disable_title":"default","ocean_disable_heading":"default","ocean_post_title":"","ocean_post_subheading":"","ocean_post_title_style":"","ocean_post_title_background_color":"","ocean_post_title_background":0,"ocean_post_title_bg_image_position":"","ocean_post_title_bg_image_attachment":"","ocean_post_title_bg_image_repeat":"","ocean_post_title_bg_image_size":"","ocean_post_title_height":0,"ocean_post_title_bg_overlay":0.5,"ocean_post_title_bg_overlay_color":"","ocean_disable_breadcrumbs":"default","ocean_breadcrumbs_color":"","ocean_breadcrumbs_separator_color":"","ocean_breadcrumbs_links_color":"","ocean_breadcrumbs_links_hover_color":"","ocean_display_footer_widgets":"default","ocean_display_footer_bottom":"default","ocean_custom_footer_template":"","ocean_post_oembed":"","ocean_post_self_hosted_media":"","ocean_post_video_embed":"","ocean_link_format":"","ocean_link_format_target":"self","ocean_quote_format":"","ocean_quote_format_link":"post","ocean_gallery_link_images":"on","ocean_gallery_id":[],"footnotes":""},"categories":[3],"tags":[],"post_folder":[],"class_list":["post-2619","post","type-post","status-publish","format-standard","hentry","category-actions-greves-manifs","entry"],"yoast_head":"<!-- This site is optimized with the Yoast SEO plugin v27.4 - https:\/\/yoast.com\/product\/yoast-seo-wordpress\/ -->\n<title>Pr\u00e9paration \u00e0 la gr\u00e8ve du 17 juin 2019 - Formation des sites R\u00e9gionaux du SNETAP-FSU<\/title>\n<meta name=\"robots\" content=\"index, follow, max-snippet:-1, max-image-preview:large, max-video-preview:-1\" \/>\n<link rel=\"canonical\" href=\"https:\/\/regions-snetap-fsu.fr\/formation\/2019\/06\/08\/preparation-a-la-greve-du-17-juin-2019\/\" \/>\n<meta property=\"og:locale\" content=\"fr_FR\" \/>\n<meta property=\"og:type\" content=\"article\" \/>\n<meta property=\"og:title\" content=\"Pr\u00e9paration \u00e0 la gr\u00e8ve du 17 juin 2019 - Formation des sites R\u00e9gionaux du SNETAP-FSU\" \/>\n<meta property=\"og:description\" content=\"R\u00e9unions pour pr\u00e9parer la gr\u00e8ve du 17 juin 2019 dans le Nord &#8211; Pas-de-Calais Pourquoi est-il n\u00e9cessaire de faire gr\u00e8ve le 17\u00a0juin\u00a0? Comment en est-on arriv\u00e9 l\u00e0\u00a0? Pour en discuter, le SNES-FSU appelle \u00e0 rejoindre les r\u00e9unions organis\u00e9es partout. Le SNETAP-FSU \u00e9tant associ\u00e9 \u00e0 ce mouvement, toutes et tous les syndiqu\u00e9\u00b7es du SNETAP-FSU sont invit\u00e9\u00b7es [&hellip;]\" \/>\n<meta property=\"og:url\" content=\"https:\/\/regions-snetap-fsu.fr\/formation\/2019\/06\/08\/preparation-a-la-greve-du-17-juin-2019\/\" \/>\n<meta property=\"og:site_name\" content=\"Formation des sites R\u00e9gionaux du SNETAP-FSU\" \/>\n<meta property=\"article:published_time\" content=\"2019-06-08T10:27:30+00:00\" \/>\n<meta name=\"author\" content=\"yoctavien\" \/>\n<meta name=\"twitter:card\" content=\"summary_large_image\" \/>\n<meta name=\"twitter:label1\" content=\"\u00c9crit par\" \/>\n\t<meta name=\"twitter:data1\" content=\"yoctavien\" \/>\n\t<meta name=\"twitter:label2\" content=\"Dur\u00e9e de lecture estim\u00e9e\" \/>\n\t<meta name=\"twitter:data2\" content=\"2 minutes\" \/>\n<script type=\"application\/ld+json\" class=\"yoast-schema-graph\">{\"@context\":\"https:\\\/\\\/schema.org\",\"@graph\":[{\"@type\":\"Article\",\"@id\":\"https:\\\/\\\/regions-snetap-fsu.fr\\\/formation\\\/2019\\\/06\\\/08\\\/preparation-a-la-greve-du-17-juin-2019\\\/#article\",\"isPartOf\":{\"@id\":\"https:\\\/\\\/regions-snetap-fsu.fr\\\/formation\\\/2019\\\/06\\\/08\\\/preparation-a-la-greve-du-17-juin-2019\\\/\"},\"author\":{\"name\":\"yoctavien\",\"@id\":\"https:\\\/\\\/regions-snetap-fsu.fr\\\/formation\\\/#\\\/schema\\\/person\\\/f5dc7b6354e942ca9c5fa8e9ff7e5c93\"},\"headline\":\"Pr\u00e9paration \u00e0 la gr\u00e8ve du 17 juin 2019\",\"datePublished\":\"2019-06-08T10:27:30+00:00\",\"mainEntityOfPage\":{\"@id\":\"https:\\\/\\\/regions-snetap-fsu.fr\\\/formation\\\/2019\\\/06\\\/08\\\/preparation-a-la-greve-du-17-juin-2019\\\/\"},\"wordCount\":381,\"publisher\":{\"@id\":\"https:\\\/\\\/regions-snetap-fsu.fr\\\/formation\\\/#organization\"},\"articleSection\":[\"Actions - Gr\u00e8ves - Manifs\"],\"inLanguage\":\"fr-FR\"},{\"@type\":\"WebPage\",\"@id\":\"https:\\\/\\\/regions-snetap-fsu.fr\\\/formation\\\/2019\\\/06\\\/08\\\/preparation-a-la-greve-du-17-juin-2019\\\/\",\"url\":\"https:\\\/\\\/regions-snetap-fsu.fr\\\/formation\\\/2019\\\/06\\\/08\\\/preparation-a-la-greve-du-17-juin-2019\\\/\",\"name\":\"Pr\u00e9paration \u00e0 la gr\u00e8ve du 17 juin 2019 - Formation des sites R\u00e9gionaux du SNETAP-FSU\",\"isPartOf\":{\"@id\":\"https:\\\/\\\/regions-snetap-fsu.fr\\\/formation\\\/#website\"},\"datePublished\":\"2019-06-08T10:27:30+00:00\",\"breadcrumb\":{\"@id\":\"https:\\\/\\\/regions-snetap-fsu.fr\\\/formation\\\/2019\\\/06\\\/08\\\/preparation-a-la-greve-du-17-juin-2019\\\/#breadcrumb\"},\"inLanguage\":\"fr-FR\",\"potentialAction\":[{\"@type\":\"ReadAction\",\"target\":[\"https:\\\/\\\/regions-snetap-fsu.fr\\\/formation\\\/2019\\\/06\\\/08\\\/preparation-a-la-greve-du-17-juin-2019\\\/\"]}]},{\"@type\":\"BreadcrumbList\",\"@id\":\"https:\\\/\\\/regions-snetap-fsu.fr\\\/formation\\\/2019\\\/06\\\/08\\\/preparation-a-la-greve-du-17-juin-2019\\\/#breadcrumb\",\"itemListElement\":[{\"@type\":\"ListItem\",\"position\":1,\"name\":\"Accueil\",\"item\":\"https:\\\/\\\/regions-snetap-fsu.fr\\\/formation\\\/\"},{\"@type\":\"ListItem\",\"position\":2,\"name\":\"Pr\u00e9paration \u00e0 la gr\u00e8ve du 17 juin 2019\"}]},{\"@type\":\"WebSite\",\"@id\":\"https:\\\/\\\/regions-snetap-fsu.fr\\\/formation\\\/#website\",\"url\":\"https:\\\/\\\/regions-snetap-fsu.fr\\\/formation\\\/\",\"name\":\"Formation des sites R\u00e9gionaux du SNETAP-FSU\",\"description\":\"\",\"publisher\":{\"@id\":\"https:\\\/\\\/regions-snetap-fsu.fr\\\/formation\\\/#organization\"},\"potentialAction\":[{\"@type\":\"SearchAction\",\"target\":{\"@type\":\"EntryPoint\",\"urlTemplate\":\"https:\\\/\\\/regions-snetap-fsu.fr\\\/formation\\\/?s={search_term_string}\"},\"query-input\":{\"@type\":\"PropertyValueSpecification\",\"valueRequired\":true,\"valueName\":\"search_term_string\"}}],\"inLanguage\":\"fr-FR\"},{\"@type\":\"Organization\",\"@id\":\"https:\\\/\\\/regions-snetap-fsu.fr\\\/formation\\\/#organization\",\"name\":\"Formation des sites R\u00e9gionaux du SNETAP-FSU\",\"url\":\"https:\\\/\\\/regions-snetap-fsu.fr\\\/formation\\\/\",\"logo\":{\"@type\":\"ImageObject\",\"inLanguage\":\"fr-FR\",\"@id\":\"https:\\\/\\\/regions-snetap-fsu.fr\\\/formation\\\/#\\\/schema\\\/logo\\\/image\\\/\",\"url\":\"https:\\\/\\\/regions-snetap-fsu.fr\\\/formation\\\/wp-content\\\/uploads\\\/sites\\\/20\\\/2025\\\/04\\\/cropped-Logo_blanc_fond_transparent_1000x755.png\",\"contentUrl\":\"https:\\\/\\\/regions-snetap-fsu.fr\\\/formation\\\/wp-content\\\/uploads\\\/sites\\\/20\\\/2025\\\/04\\\/cropped-Logo_blanc_fond_transparent_1000x755.png\",\"width\":998,\"height\":689,\"caption\":\"Formation des sites R\u00e9gionaux du SNETAP-FSU\"},\"image\":{\"@id\":\"https:\\\/\\\/regions-snetap-fsu.fr\\\/formation\\\/#\\\/schema\\\/logo\\\/image\\\/\"}},{\"@type\":\"Person\",\"@id\":\"https:\\\/\\\/regions-snetap-fsu.fr\\\/formation\\\/#\\\/schema\\\/person\\\/f5dc7b6354e942ca9c5fa8e9ff7e5c93\",\"name\":\"yoctavien\",\"image\":{\"@type\":\"ImageObject\",\"inLanguage\":\"fr-FR\",\"@id\":\"https:\\\/\\\/secure.gravatar.com\\\/avatar\\\/382642c092b6b9da14641d3c478df2f3da4a2d17eea25691c232d4dbf735c292?s=96&d=mm&r=g\",\"url\":\"https:\\\/\\\/secure.gravatar.com\\\/avatar\\\/382642c092b6b9da14641d3c478df2f3da4a2d17eea25691c232d4dbf735c292?s=96&d=mm&r=g\",\"contentUrl\":\"https:\\\/\\\/secure.gravatar.com\\\/avatar\\\/382642c092b6b9da14641d3c478df2f3da4a2d17eea25691c232d4dbf735c292?s=96&d=mm&r=g\",\"caption\":\"yoctavien\"},\"url\":\"https:\\\/\\\/regions-snetap-fsu.fr\\\/formation\\\/author\\\/yoctavien\\\/\"}]}<\/script>\n<!-- \/ Yoast SEO plugin. -->","yoast_head_json":{"title":"Pr\u00e9paration \u00e0 la gr\u00e8ve du 17 juin 2019 - Formation des sites R\u00e9gionaux du SNETAP-FSU","robots":{"index":"index","follow":"follow","max-snippet":"max-snippet:-1","max-image-preview":"max-image-preview:large","max-video-preview":"max-video-preview:-1"},"canonical":"https:\/\/regions-snetap-fsu.fr\/formation\/2019\/06\/08\/preparation-a-la-greve-du-17-juin-2019\/","og_locale":"fr_FR","og_type":"article","og_title":"Pr\u00e9paration \u00e0 la gr\u00e8ve du 17 juin 2019 - Formation des sites R\u00e9gionaux du SNETAP-FSU","og_description":"R\u00e9unions pour pr\u00e9parer la gr\u00e8ve du 17 juin 2019 dans le Nord &#8211; Pas-de-Calais Pourquoi est-il n\u00e9cessaire de faire gr\u00e8ve le 17\u00a0juin\u00a0? Comment en est-on arriv\u00e9 l\u00e0\u00a0? Pour en discuter, le SNES-FSU appelle \u00e0 rejoindre les r\u00e9unions organis\u00e9es partout. Le SNETAP-FSU \u00e9tant associ\u00e9 \u00e0 ce mouvement, toutes et tous les syndiqu\u00e9\u00b7es du SNETAP-FSU sont invit\u00e9\u00b7es [&hellip;]","og_url":"https:\/\/regions-snetap-fsu.fr\/formation\/2019\/06\/08\/preparation-a-la-greve-du-17-juin-2019\/","og_site_name":"Formation des sites R\u00e9gionaux du SNETAP-FSU","article_published_time":"2019-06-08T10:27:30+00:00","author":"yoctavien","twitter_card":"summary_large_image","twitter_misc":{"\u00c9crit par":"yoctavien","Dur\u00e9e de lecture estim\u00e9e":"2 minutes"},"schema":{"@context":"https:\/\/schema.org","@graph":[{"@type":"Article","@id":"https:\/\/regions-snetap-fsu.fr\/formation\/2019\/06\/08\/preparation-a-la-greve-du-17-juin-2019\/#article","isPartOf":{"@id":"https:\/\/regions-snetap-fsu.fr\/formation\/2019\/06\/08\/preparation-a-la-greve-du-17-juin-2019\/"},"author":{"name":"yoctavien","@id":"https:\/\/regions-snetap-fsu.fr\/formation\/#\/schema\/person\/f5dc7b6354e942ca9c5fa8e9ff7e5c93"},"headline":"Pr\u00e9paration \u00e0 la gr\u00e8ve du 17 juin 2019","datePublished":"2019-06-08T10:27:30+00:00","mainEntityOfPage":{"@id":"https:\/\/regions-snetap-fsu.fr\/formation\/2019\/06\/08\/preparation-a-la-greve-du-17-juin-2019\/"},"wordCount":381,"publisher":{"@id":"https:\/\/regions-snetap-fsu.fr\/formation\/#organization"},"articleSection":["Actions - Gr\u00e8ves - Manifs"],"inLanguage":"fr-FR"},{"@type":"WebPage","@id":"https:\/\/regions-snetap-fsu.fr\/formation\/2019\/06\/08\/preparation-a-la-greve-du-17-juin-2019\/","url":"https:\/\/regions-snetap-fsu.fr\/formation\/2019\/06\/08\/preparation-a-la-greve-du-17-juin-2019\/","name":"Pr\u00e9paration \u00e0 la gr\u00e8ve du 17 juin 2019 - Formation des sites R\u00e9gionaux du SNETAP-FSU","isPartOf":{"@id":"https:\/\/regions-snetap-fsu.fr\/formation\/#website"},"datePublished":"2019-06-08T10:27:30+00:00","breadcrumb":{"@id":"https:\/\/regions-snetap-fsu.fr\/formation\/2019\/06\/08\/preparation-a-la-greve-du-17-juin-2019\/#breadcrumb"},"inLanguage":"fr-FR","potentialAction":[{"@type":"ReadAction","target":["https:\/\/regions-snetap-fsu.fr\/formation\/2019\/06\/08\/preparation-a-la-greve-du-17-juin-2019\/"]}]},{"@type":"BreadcrumbList","@id":"https:\/\/regions-snetap-fsu.fr\/formation\/2019\/06\/08\/preparation-a-la-greve-du-17-juin-2019\/#breadcrumb","itemListElement":[{"@type":"ListItem","position":1,"name":"Accueil","item":"https:\/\/regions-snetap-fsu.fr\/formation\/"},{"@type":"ListItem","position":2,"name":"Pr\u00e9paration \u00e0 la gr\u00e8ve du 17 juin 2019"}]},{"@type":"WebSite","@id":"https:\/\/regions-snetap-fsu.fr\/formation\/#website","url":"https:\/\/regions-snetap-fsu.fr\/formation\/","name":"Formation des sites R\u00e9gionaux du SNETAP-FSU","description":"","publisher":{"@id":"https:\/\/regions-snetap-fsu.fr\/formation\/#organization"},"potentialAction":[{"@type":"SearchAction","target":{"@type":"EntryPoint","urlTemplate":"https:\/\/regions-snetap-fsu.fr\/formation\/?s={search_term_string}"},"query-input":{"@type":"PropertyValueSpecification","valueRequired":true,"valueName":"search_term_string"}}],"inLanguage":"fr-FR"},{"@type":"Organization","@id":"https:\/\/regions-snetap-fsu.fr\/formation\/#organization","name":"Formation des sites R\u00e9gionaux du SNETAP-FSU","url":"https:\/\/regions-snetap-fsu.fr\/formation\/","logo":{"@type":"ImageObject","inLanguage":"fr-FR","@id":"https:\/\/regions-snetap-fsu.fr\/formation\/#\/schema\/logo\/image\/","url":"https:\/\/regions-snetap-fsu.fr\/formation\/wp-content\/uploads\/sites\/20\/2025\/04\/cropped-Logo_blanc_fond_transparent_1000x755.png","contentUrl":"https:\/\/regions-snetap-fsu.fr\/formation\/wp-content\/uploads\/sites\/20\/2025\/04\/cropped-Logo_blanc_fond_transparent_1000x755.png","width":998,"height":689,"caption":"Formation des sites R\u00e9gionaux du SNETAP-FSU"},"image":{"@id":"https:\/\/regions-snetap-fsu.fr\/formation\/#\/schema\/logo\/image\/"}},{"@type":"Person","@id":"https:\/\/regions-snetap-fsu.fr\/formation\/#\/schema\/person\/f5dc7b6354e942ca9c5fa8e9ff7e5c93","name":"yoctavien","image":{"@type":"ImageObject","inLanguage":"fr-FR","@id":"https:\/\/secure.gravatar.com\/avatar\/382642c092b6b9da14641d3c478df2f3da4a2d17eea25691c232d4dbf735c292?s=96&d=mm&r=g","url":"https:\/\/secure.gravatar.com\/avatar\/382642c092b6b9da14641d3c478df2f3da4a2d17eea25691c232d4dbf735c292?s=96&d=mm&r=g","contentUrl":"https:\/\/secure.gravatar.com\/avatar\/382642c092b6b9da14641d3c478df2f3da4a2d17eea25691c232d4dbf735c292?s=96&d=mm&r=g","caption":"yoctavien"},"url":"https:\/\/regions-snetap-fsu.fr\/formation\/author\/yoctavien\/"}]}},"_links":{"self":[{"href":"https:\/\/regions-snetap-fsu.fr\/formation\/wp-json\/wp\/v2\/posts\/2619","targetHints":{"allow":["GET"]}}],"collection":[{"href":"https:\/\/regions-snetap-fsu.fr\/formation\/wp-json\/wp\/v2\/posts"}],"about":[{"href":"https:\/\/regions-snetap-fsu.fr\/formation\/wp-json\/wp\/v2\/types\/post"}],"author":[{"embeddable":true,"href":"https:\/\/regions-snetap-fsu.fr\/formation\/wp-json\/wp\/v2\/users\/138"}],"replies":[{"embeddable":true,"href":"https:\/\/regions-snetap-fsu.fr\/formation\/wp-json\/wp\/v2\/comments?post=2619"}],"version-history":[{"count":0,"href":"https:\/\/regions-snetap-fsu.fr\/formation\/wp-json\/wp\/v2\/posts\/2619\/revisions"}],"wp:attachment":[{"href":"https:\/\/regions-snetap-fsu.fr\/formation\/wp-json\/wp\/v2\/media?parent=2619"}],"wp:term":[{"taxonomy":"category","embeddable":true,"href":"https:\/\/regions-snetap-fsu.fr\/formation\/wp-json\/wp\/v2\/categories?post=2619"},{"taxonomy":"post_tag","embeddable":true,"href":"https:\/\/regions-snetap-fsu.fr\/formation\/wp-json\/wp\/v2\/tags?post=2619"},{"taxonomy":"post_folder","embeddable":true,"href":"https:\/\/regions-snetap-fsu.fr\/formation\/wp-json\/wp\/v2\/post_folder?post=2619"}],"curies":[{"name":"wp","href":"https:\/\/api.w.org\/{rel}","templated":true}]}}