{"id":2603,"date":"2019-06-08T17:27:40","date_gmt":"2019-06-08T15:27:40","guid":{"rendered":"https:\/\/regions-snetap-fsu.fr\/hdf\/?p=2603"},"modified":"2019-06-08T17:27:40","modified_gmt":"2019-06-08T15:27:40","slug":"airion-ribecourt-projet-de-fusion-ficele-a-linsu-de-son-personnel","status":"publish","type":"post","link":"https:\/\/regions-snetap-fsu.fr\/formation\/2019\/06\/08\/airion-ribecourt-projet-de-fusion-ficele-a-linsu-de-son-personnel\/","title":{"rendered":"Airion &#8211; Rib\u00e9court : Projet de fusion ficel\u00e9 \u00e0 l&rsquo;insu de son personnel"},"content":{"rendered":"<h2 style=\"text-align: center\"><span style=\"color: #ff0000;font-family: tahoma, arial, helvetica, sans-serif;font-size: 18pt\">Airion &#8211; Rib\u00e9court :<\/span><\/h2>\n<h2 style=\"text-align: center\"><span style=\"color: #ff0000;font-family: tahoma, arial, helvetica, sans-serif;font-size: 18pt\">Projet de fusion des \u00e9tablissements ficel\u00e9 \u00e0 l&rsquo;insu de son personnel<\/span><\/h2>\n<blockquote>\n<p style=\"text-align: justify\"><span style=\"font-family: tahoma, arial, helvetica, sans-serif;color: #0000ff;font-size: 12pt\">A l\u2019heure des tensions sociales dans les Hauts-de-France, comme dans le territoire national, suites aux mesures iniques de casse de l\u2019enseignement agricole public et du statut du fonctionnaire, les personnels des lyc\u00e9es agricoles publics d\u2019Airion-Beauvais et de Rib\u00e9court ont d\u00e9couvert un projet de fusion de leurs \u00e9tablissements.<\/span><\/p>\n<\/blockquote>\n<figure id=\"attachment_2640\" aria-describedby=\"caption-attachment-2640\" style=\"width: 605px\" class=\"wp-caption aligncenter\"><img fetchpriority=\"high\" decoding=\"async\" class=\"wp-image-2640 size-large\" src=\"https:\/\/regions-snetap-fsu.fr\/hdf\/wp-content\/uploads\/sites\/5\/2019\/06\/Entr\u00e9e_Lycee_Agricole_Oise_Airion_Google_8_619-1024x610.png\" alt=\"Photo EPL de l'oise\" width=\"605\" height=\"360\" \/><figcaption id=\"caption-attachment-2640\" class=\"wp-caption-text\">Entr\u00e9e du lyc\u00e9e agricole de l&rsquo;Oise<\/figcaption><\/figure>\n<figure id=\"attachment_2641\" aria-describedby=\"caption-attachment-2641\" style=\"width: 605px\" class=\"wp-caption aligncenter\"><img decoding=\"async\" class=\"wp-image-2641 size-large\" src=\"https:\/\/regions-snetap-fsu.fr\/hdf\/wp-content\/uploads\/sites\/5\/2019\/06\/Entr\u00e9e_Lycee_Agricole_Ribecourt_Google_8_619-1024x534.png\" alt=\"Photo EPL Rib\u00e9court\" width=\"605\" height=\"315\" \/><figcaption id=\"caption-attachment-2641\" class=\"wp-caption-text\">Entr\u00e9e du lyc\u00e9e horticole de Rib\u00e9court<\/figcaption><\/figure>\n<p>&nbsp;<\/p>\n<p><span style=\"font-family: tahoma, arial, helvetica, sans-serif;font-size: 12pt\"><!--more--><\/span><\/p>\n<p align=\"justify\"><span style=\"font-family: tahoma, arial, helvetica, sans-serif;color: #0000ff;font-size: 12pt\">Aucune pr\u00e9misse, aucun dialogue pr\u00e9alable avec le personnel ni m\u00eame les repr\u00e9sentant\u00b7es du personnel et\/ou les organisations syndicales n\u2019ont \u00e9t\u00e9 mis en place pour construire ce projet de fusion.<\/span><\/p>\n<p style=\"text-align: justify\" align=\"justify\"><span style=\"font-family: tahoma, arial, helvetica, sans-serif;color: #0000ff;font-size: 12pt\">Ceci pendant que la DRAAF-SRFD exhorte les repr\u00e9sentant\u00b7es SNETAP-FSU des Hauts-de-France, rentr\u00e9\u00b7es dans la r\u00e9sistance contre la casse de l\u2019EAP, de rester, au nom du dialogue \u00e0 ne pas perdre, autour de la table pour collaborer \u00e0 leurs projets de r\u00e9duction de moyens.<\/span><\/p>\n<p style=\"text-align: justify\" align=\"justify\"><span style=\"font-family: tahoma, arial, helvetica, sans-serif;color: #0000ff;font-size: 12pt\">Maintenant, la DRAAF-SRFD ne tient d\u00e9j\u00e0 pas ses promesses de consulter les organisations syndicales pour la mise en place du CFA r\u00e9gional mais pr\u00e9pare en catimini avec la complicit\u00e9 des \u00e9quipes de direction des projets comme celle de la fusion d\u2019Airion-Beauvais et de Rib\u00e9court pour les exposer \u00e0 son personnel quand tout est d\u00e9j\u00e0 ficel\u00e9.<\/span><\/p>\n<blockquote>\n<p style=\"text-align: justify\" align=\"justify\"><span style=\"font-family: tahoma, arial, helvetica, sans-serif;color: #ff0000;font-size: 12pt\">Cette fa\u00e7on de mettre le personnel au pied du mur traduit le m\u00e9pris qu\u2019a l\u2019Administration vis \u00e0 vis de ses agent\u00b7es qui au quotidien honorent le service public tant attendu et r\u00e9clam\u00e9 par nos concitoyen\u00b7nes.<\/span><\/p>\n<\/blockquote>\n<p style=\"text-align: justify\" align=\"justify\"><span style=\"font-family: tahoma, arial, helvetica, sans-serif;color: #0000ff;font-size: 12pt\">C\u2019est pourquoi, sur le fond et la forme, le personnel d\u2019Airion-Beauvais et de Rib\u00e9court ne peuvent qu\u2019exprimer leur m\u00e9fiance quant \u00e0 ce projet, surtout au regard des contextes pass\u00e9s (projet de fusion retoqu\u00e9 une premi\u00e8re fois en 2010) et actuel avec les contestations sociales suite aux mesures prises par le gouvernement au niveau de l\u2019\u00e9ducation en g\u00e9n\u00e9ral et de l\u2019enseignement agricole en particulier.<\/span><\/p>\n<p style=\"text-align: justify\" align=\"justify\"><span style=\"font-family: tahoma, arial, helvetica, sans-serif;color: #0000ff;font-size: 12pt\">La relation de confiance, qui pouvait exister, est rompue avec la DRAAF-SRFD des Hauts-de-France et la direction d\u2019Airion-Beauvais et de Rib\u00e9court. Les instances r\u00e9glementaires sont court-circuit\u00e9es, les syndicats ignor\u00e9s tout comme les repr\u00e9sentant\u00b7es des personnels, \u00e0 tous niveaux. L\u2019urgence dans laquelle nous est propos\u00e9 ce projet ne peut que nous inqui\u00e9ter et laisse \u00e0 penser qu\u2019on veut nous l\u2019imposer sans nous laisser r\u00e9ellement le temps de nous l\u2019approprier collectivement, d\u2019en discuter entre nous et \u00e9ventuellement de l\u2019amender.<\/span><\/p>\n<p style=\"text-align: justify\" align=\"justify\"><span style=\"font-family: tahoma, arial, helvetica, sans-serif;color: #0000ff;font-size: 12pt\">D\u00e8s la connaissance de ce projet de fusion pratiquement ficel\u00e9, les sections locales du SNETAP-FSU des deux \u00e9tablissements ont de leur propre initiative provoqu\u00e9 une r\u00e9union des personnels afin que chacun\u00b7e puisse tout de m\u00eame s\u2019exprimer.<\/span><\/p>\n<p style=\"text-align: justify\" align=\"justify\"><span style=\"font-family: tahoma, arial, helvetica, sans-serif;color: #0000ff;font-size: 12pt\">Le 28 mai, en r\u00e9union des personnels sur Airion, des annotations port\u00e9es au texte original ont \u00e9t\u00e9 valid\u00e9es par au moins la majorit\u00e9 des personnes pr\u00e9sentes repr\u00e9sentant diff\u00e9rentes fonctions de l&rsquo;EPL.<\/span><\/p>\n<p style=\"text-align: justify\" align=\"justify\"><span style=\"font-family: tahoma, arial, helvetica, sans-serif;font-size: 12pt\"><span style=\"color: #0000ff\">L\u2019opposition qui transpara\u00eet envers ce projet n\u2019est pas de principe, s\u2019il nous est d\u00e9montr\u00e9, qu\u2019il est dans l\u2019int\u00e9r\u00eat des usagers du service public que nous d\u00e9fendons et en coh\u00e9rence avec le maintien de conditions de travail des personnels non d\u00e9grad\u00e9es. Et pas comme nous en avons malheureusement trop souvent l\u2019habitude les pr\u00e9mices d\u2019une gestion purement comptable ou d\u2019enjeux \u00e9trangers \u00e0 la recherche de la qualit\u00e9 du service rendu \u00e0 ces m\u00eames usagers.<\/span><\/span><\/p>\n<p style=\"text-align: justify\" align=\"justify\"><span style=\"color: #0000ff;font-family: tahoma, arial, helvetica, sans-serif;font-size: 12pt\">Un tel projet m\u00e9rite, au minimum, une ambition partag\u00e9e par un \u00e9tat des lieux r\u00e9alis\u00e9 par les acteurs des deux \u00e9tablissements dans leur ensemble.<\/span><\/p>\n<p style=\"text-align: justify\" align=\"justify\"><span style=\"font-family: tahoma, arial, helvetica, sans-serif;color: #0000ff;font-size: 12pt\">Lors de la r\u00e9union syndicale organis\u00e9e par la section SNETAP-FSU d\u2019Airion-Beauvais il a \u00e9t\u00e9 d\u00e9cid\u00e9 de\u00a0:<\/span><\/p>\n<ul>\n<li style=\"text-align: justify\"><span style=\"color: #0000ff;font-family: tahoma, arial, helvetica, sans-serif;font-size: 12pt\">transmettre les remarques des personnels aux directeurs des EPLEFPA de l\u2019Oise et de Rib\u00e9court ainsi qu\u2019\u00e0 l\u2019autorit\u00e9 acad\u00e9mique la DRAAF-SRFD des Hauts-de-France, la DGER et la vice-pr\u00e9sidente r\u00e9gionale en charge des lyc\u00e9es et de l&rsquo;orientation, Mme Martin,<\/span><\/li>\n<li>\n<p style=\"text-align: justify\" align=\"justify\"><span style=\"font-family: tahoma, arial, helvetica, sans-serif;color: #0000ff;font-size: 12pt\">demander qu\u2019une r\u00e9ponse \u00e9crite reprenant les interrogations soulev\u00e9es soit produite dans les meilleurs d\u00e9lais et communiqu\u00e9e aux Personnels de l\u2019EPL de l\u2019Oise et de Rib\u00e9court,<\/span><\/p>\n<\/li>\n<li>\n<p style=\"text-align: justify\" align=\"justify\"><span style=\"font-family: tahoma, arial, helvetica, sans-serif;color: #0000ff;font-size: 12pt\">d\u2019organiser une consultation r\u00e9f\u00e9rendum avant le Conseil Administration afin que les repr\u00e9sentants des personnels votent en fonction du r\u00e9sultat de celle-ci,<\/span><\/p>\n<\/li>\n<li>\n<p style=\"text-align: justify\" align=\"justify\"><span style=\"color: #0000ff;font-family: tahoma, arial, helvetica, sans-serif;font-size: 12pt\">faire porter par l\u2019organisation syndicale majoritaire, le SNETAP-FSU, une d\u00e9claration liminaire pour expliquer aux \u00e9lu\u00b7es du Conseil d&rsquo;Administration notre d\u00e9marche,<\/span><\/p>\n<\/li>\n<li>\n<p style=\"text-align: justify\" align=\"justify\"><span style=\"color: #0000ff;font-family: tahoma, arial, helvetica, sans-serif;font-size: 12pt\">enfin de demander que les personnels des parties concern\u00e9es (de tous niveaux et de toutes fonctions) soient associ\u00e9s avant que les d\u00e9cisions ne soient ent\u00e9rin\u00e9es.<\/span><\/p>\n<\/li>\n<\/ul>\n<p style=\"text-align: justify\" align=\"justify\"><span style=\"color: #0000ff;font-family: tahoma, arial, helvetica, sans-serif;font-size: 12pt\">Ce comportement m\u00e9prisant de l\u2019Administration envers de ses agent\u00b7es d\u2019Airion-Beauvais et de Rib\u00e9court n\u2019est qu\u2019une anticipation de la vision de la gestion de la fonction publique du gouvernement actuel.<\/span><\/p>\n<p style=\"text-align: justify\" align=\"justify\"><span style=\"color: #0000ff;font-family: tahoma, arial, helvetica, sans-serif;font-size: 12pt\">L\u2019Enseignement Agricole Public n\u2019est pas \u00e9cart\u00e9, il est m\u00eame davantage impact\u00e9 que l\u2019\u00c9ducation Nationale par les diff\u00e9rentes r\u00e9formes : augmentation des seuils, baisse de la DGH, r\u00e9forme du bac g\u00e9n\u00e9ral (EATDD), r\u00e9forme du bac technologique STAV (danger pour les pluri, nature du stage d\u00e9valoris\u00e9 avec son probl\u00e8me d\u2019\u00e9valuation, grand oral), r\u00e9forme de la voie professionnelle, r\u00e9forme de l\u2019apprentissage, enseignement sup\u00e9rieur (Soucis de Parcoursup), r\u00e9forme du statut de fonctionnaire.<\/span><\/p>\n<p style=\"text-align: justify\" align=\"justify\"><strong><span style=\"color: #ff0000;font-family: tahoma, arial, helvetica, sans-serif;font-size: 12pt\">C\u2019est pourquoi, nous devons toutes et tous continuer \u00e0 nous engager pour d\u00e9fendre nos droits garants de conditions de travail et d\u2019apprentissage satisfaisantes pour nos \u00e9l\u00e8ves, apprenti.e.s et \u00e9tudiant.e.s : ne l\u00e2chons\u00a0 rien !<\/span><\/strong><\/p>\n<p align=\"justify\"><span style=\"text-decoration: underline\"><span style=\"color: #000000\"><a style=\"color: #000000;text-decoration: underline\" href=\"https:\/\/www.snetap-fsu.fr\/Convocations-aux-examens-fonctions-de-prof-principaux-boycottees-repondez-M-le.html\" target=\"_blank\" rel=\"noopener noreferrer\">Lien : SNETAP-FSU &#8211; Convocations aux examens, fonctions de prof principaux boycott\u00e9es : r\u00e9pondez M. le Ministre !<\/a><\/span><\/span><\/p>\n","protected":false},"excerpt":{"rendered":"<p>Airion &#8211; Rib\u00e9court : Projet de fusion des \u00e9tablissements ficel\u00e9 \u00e0 l&rsquo;insu de son personnel A l\u2019heure des tensions sociales dans les Hauts-de-France, comme dans le territoire national, suites aux mesures iniques de casse de l\u2019enseignement agricole public et du statut du fonctionnaire, les personnels des lyc\u00e9es agricoles publics d\u2019Airion-Beauvais et de Rib\u00e9court ont d\u00e9couvert [&hellip;]<\/p>\n","protected":false},"author":138,"featured_media":0,"comment_status":"closed","ping_status":"closed","sticky":false,"template":"","format":"standard","meta":{"ocean_post_layout":"","ocean_both_sidebars_style":"","ocean_both_sidebars_content_width":0,"ocean_both_sidebars_sidebars_width":0,"ocean_sidebar":"","ocean_second_sidebar":"","ocean_disable_margins":"enable","ocean_add_body_class":"","ocean_shortcode_before_top_bar":"","ocean_shortcode_after_top_bar":"","ocean_shortcode_before_header":"","ocean_shortcode_after_header":"","ocean_has_shortcode":"","ocean_shortcode_after_title":"","ocean_shortcode_before_footer_widgets":"","ocean_shortcode_after_footer_widgets":"","ocean_shortcode_before_footer_bottom":"","ocean_shortcode_after_footer_bottom":"","ocean_display_top_bar":"default","ocean_display_header":"default","ocean_header_style":"","ocean_center_header_left_menu":"","ocean_custom_header_template":"","ocean_custom_logo":0,"ocean_custom_retina_logo":0,"ocean_custom_logo_max_width":0,"ocean_custom_logo_tablet_max_width":0,"ocean_custom_logo_mobile_max_width":0,"ocean_custom_logo_max_height":0,"ocean_custom_logo_tablet_max_height":0,"ocean_custom_logo_mobile_max_height":0,"ocean_header_custom_menu":"","ocean_menu_typo_font_family":"","ocean_menu_typo_font_subset":"","ocean_menu_typo_font_size":0,"ocean_menu_typo_font_size_tablet":0,"ocean_menu_typo_font_size_mobile":0,"ocean_menu_typo_font_size_unit":"px","ocean_menu_typo_font_weight":"","ocean_menu_typo_font_weight_tablet":"","ocean_menu_typo_font_weight_mobile":"","ocean_menu_typo_transform":"","ocean_menu_typo_transform_tablet":"","ocean_menu_typo_transform_mobile":"","ocean_menu_typo_line_height":0,"ocean_menu_typo_line_height_tablet":0,"ocean_menu_typo_line_height_mobile":0,"ocean_menu_typo_line_height_unit":"","ocean_menu_typo_spacing":0,"ocean_menu_typo_spacing_tablet":0,"ocean_menu_typo_spacing_mobile":0,"ocean_menu_typo_spacing_unit":"","ocean_menu_link_color":"","ocean_menu_link_color_hover":"","ocean_menu_link_color_active":"","ocean_menu_link_background":"","ocean_menu_link_hover_background":"","ocean_menu_link_active_background":"","ocean_menu_social_links_bg":"","ocean_menu_social_hover_links_bg":"","ocean_menu_social_links_color":"","ocean_menu_social_hover_links_color":"","ocean_disable_title":"default","ocean_disable_heading":"default","ocean_post_title":"","ocean_post_subheading":"","ocean_post_title_style":"","ocean_post_title_background_color":"","ocean_post_title_background":0,"ocean_post_title_bg_image_position":"","ocean_post_title_bg_image_attachment":"","ocean_post_title_bg_image_repeat":"","ocean_post_title_bg_image_size":"","ocean_post_title_height":0,"ocean_post_title_bg_overlay":0.5,"ocean_post_title_bg_overlay_color":"","ocean_disable_breadcrumbs":"default","ocean_breadcrumbs_color":"","ocean_breadcrumbs_separator_color":"","ocean_breadcrumbs_links_color":"","ocean_breadcrumbs_links_hover_color":"","ocean_display_footer_widgets":"default","ocean_display_footer_bottom":"default","ocean_custom_footer_template":"","ocean_post_oembed":"","ocean_post_self_hosted_media":"","ocean_post_video_embed":"","ocean_link_format":"","ocean_link_format_target":"self","ocean_quote_format":"","ocean_quote_format_link":"post","ocean_gallery_link_images":"on","ocean_gallery_id":[],"footnotes":""},"categories":[11],"tags":[],"post_folder":[],"class_list":["post-2603","post","type-post","status-publish","format-standard","hentry","category-communiques","entry"],"yoast_head":"<!-- This site is optimized with the Yoast SEO plugin v27.4 - https:\/\/yoast.com\/product\/yoast-seo-wordpress\/ -->\n<title>Airion - Rib\u00e9court : Projet de fusion ficel\u00e9 \u00e0 l&#039;insu de son personnel - Formation des sites R\u00e9gionaux du SNETAP-FSU<\/title>\n<meta name=\"robots\" content=\"index, follow, max-snippet:-1, max-image-preview:large, max-video-preview:-1\" \/>\n<link rel=\"canonical\" href=\"https:\/\/regions-snetap-fsu.fr\/formation\/2019\/06\/08\/airion-ribecourt-projet-de-fusion-ficele-a-linsu-de-son-personnel\/\" \/>\n<meta property=\"og:locale\" content=\"fr_FR\" \/>\n<meta property=\"og:type\" content=\"article\" \/>\n<meta property=\"og:title\" content=\"Airion - Rib\u00e9court : Projet de fusion ficel\u00e9 \u00e0 l&#039;insu de son personnel - Formation des sites R\u00e9gionaux du SNETAP-FSU\" \/>\n<meta property=\"og:description\" content=\"Airion &#8211; Rib\u00e9court : Projet de fusion des \u00e9tablissements ficel\u00e9 \u00e0 l&rsquo;insu de son personnel A l\u2019heure des tensions sociales dans les Hauts-de-France, comme dans le territoire national, suites aux mesures iniques de casse de l\u2019enseignement agricole public et du statut du fonctionnaire, les personnels des lyc\u00e9es agricoles publics d\u2019Airion-Beauvais et de Rib\u00e9court ont d\u00e9couvert [&hellip;]\" \/>\n<meta property=\"og:url\" content=\"https:\/\/regions-snetap-fsu.fr\/formation\/2019\/06\/08\/airion-ribecourt-projet-de-fusion-ficele-a-linsu-de-son-personnel\/\" \/>\n<meta property=\"og:site_name\" content=\"Formation des sites R\u00e9gionaux du SNETAP-FSU\" \/>\n<meta property=\"article:published_time\" content=\"2019-06-08T15:27:40+00:00\" \/>\n<meta name=\"author\" content=\"yoctavien\" \/>\n<meta name=\"twitter:card\" content=\"summary_large_image\" \/>\n<meta name=\"twitter:label1\" content=\"\u00c9crit par\" \/>\n\t<meta name=\"twitter:data1\" content=\"yoctavien\" \/>\n\t<meta name=\"twitter:label2\" content=\"Dur\u00e9e de lecture estim\u00e9e\" \/>\n\t<meta name=\"twitter:data2\" content=\"5 minutes\" \/>\n<script type=\"application\/ld+json\" class=\"yoast-schema-graph\">{\"@context\":\"https:\\\/\\\/schema.org\",\"@graph\":[{\"@type\":\"Article\",\"@id\":\"https:\\\/\\\/regions-snetap-fsu.fr\\\/formation\\\/2019\\\/06\\\/08\\\/airion-ribecourt-projet-de-fusion-ficele-a-linsu-de-son-personnel\\\/#article\",\"isPartOf\":{\"@id\":\"https:\\\/\\\/regions-snetap-fsu.fr\\\/formation\\\/2019\\\/06\\\/08\\\/airion-ribecourt-projet-de-fusion-ficele-a-linsu-de-son-personnel\\\/\"},\"author\":{\"name\":\"yoctavien\",\"@id\":\"https:\\\/\\\/regions-snetap-fsu.fr\\\/formation\\\/#\\\/schema\\\/person\\\/f5dc7b6354e942ca9c5fa8e9ff7e5c93\"},\"headline\":\"Airion &#8211; Rib\u00e9court : Projet de fusion ficel\u00e9 \u00e0 l&rsquo;insu de son personnel\",\"datePublished\":\"2019-06-08T15:27:40+00:00\",\"mainEntityOfPage\":{\"@id\":\"https:\\\/\\\/regions-snetap-fsu.fr\\\/formation\\\/2019\\\/06\\\/08\\\/airion-ribecourt-projet-de-fusion-ficele-a-linsu-de-son-personnel\\\/\"},\"wordCount\":1010,\"publisher\":{\"@id\":\"https:\\\/\\\/regions-snetap-fsu.fr\\\/formation\\\/#organization\"},\"articleSection\":[\"Communiqu\u00e9s\"],\"inLanguage\":\"fr-FR\"},{\"@type\":\"WebPage\",\"@id\":\"https:\\\/\\\/regions-snetap-fsu.fr\\\/formation\\\/2019\\\/06\\\/08\\\/airion-ribecourt-projet-de-fusion-ficele-a-linsu-de-son-personnel\\\/\",\"url\":\"https:\\\/\\\/regions-snetap-fsu.fr\\\/formation\\\/2019\\\/06\\\/08\\\/airion-ribecourt-projet-de-fusion-ficele-a-linsu-de-son-personnel\\\/\",\"name\":\"Airion - Rib\u00e9court : Projet de fusion ficel\u00e9 \u00e0 l'insu de son personnel - Formation des sites R\u00e9gionaux du SNETAP-FSU\",\"isPartOf\":{\"@id\":\"https:\\\/\\\/regions-snetap-fsu.fr\\\/formation\\\/#website\"},\"datePublished\":\"2019-06-08T15:27:40+00:00\",\"breadcrumb\":{\"@id\":\"https:\\\/\\\/regions-snetap-fsu.fr\\\/formation\\\/2019\\\/06\\\/08\\\/airion-ribecourt-projet-de-fusion-ficele-a-linsu-de-son-personnel\\\/#breadcrumb\"},\"inLanguage\":\"fr-FR\",\"potentialAction\":[{\"@type\":\"ReadAction\",\"target\":[\"https:\\\/\\\/regions-snetap-fsu.fr\\\/formation\\\/2019\\\/06\\\/08\\\/airion-ribecourt-projet-de-fusion-ficele-a-linsu-de-son-personnel\\\/\"]}]},{\"@type\":\"BreadcrumbList\",\"@id\":\"https:\\\/\\\/regions-snetap-fsu.fr\\\/formation\\\/2019\\\/06\\\/08\\\/airion-ribecourt-projet-de-fusion-ficele-a-linsu-de-son-personnel\\\/#breadcrumb\",\"itemListElement\":[{\"@type\":\"ListItem\",\"position\":1,\"name\":\"Accueil\",\"item\":\"https:\\\/\\\/regions-snetap-fsu.fr\\\/formation\\\/\"},{\"@type\":\"ListItem\",\"position\":2,\"name\":\"Airion &#8211; Rib\u00e9court : Projet de fusion ficel\u00e9 \u00e0 l&rsquo;insu de son personnel\"}]},{\"@type\":\"WebSite\",\"@id\":\"https:\\\/\\\/regions-snetap-fsu.fr\\\/formation\\\/#website\",\"url\":\"https:\\\/\\\/regions-snetap-fsu.fr\\\/formation\\\/\",\"name\":\"Formation des sites R\u00e9gionaux du SNETAP-FSU\",\"description\":\"\",\"publisher\":{\"@id\":\"https:\\\/\\\/regions-snetap-fsu.fr\\\/formation\\\/#organization\"},\"potentialAction\":[{\"@type\":\"SearchAction\",\"target\":{\"@type\":\"EntryPoint\",\"urlTemplate\":\"https:\\\/\\\/regions-snetap-fsu.fr\\\/formation\\\/?s={search_term_string}\"},\"query-input\":{\"@type\":\"PropertyValueSpecification\",\"valueRequired\":true,\"valueName\":\"search_term_string\"}}],\"inLanguage\":\"fr-FR\"},{\"@type\":\"Organization\",\"@id\":\"https:\\\/\\\/regions-snetap-fsu.fr\\\/formation\\\/#organization\",\"name\":\"Formation des sites R\u00e9gionaux du SNETAP-FSU\",\"url\":\"https:\\\/\\\/regions-snetap-fsu.fr\\\/formation\\\/\",\"logo\":{\"@type\":\"ImageObject\",\"inLanguage\":\"fr-FR\",\"@id\":\"https:\\\/\\\/regions-snetap-fsu.fr\\\/formation\\\/#\\\/schema\\\/logo\\\/image\\\/\",\"url\":\"https:\\\/\\\/regions-snetap-fsu.fr\\\/formation\\\/wp-content\\\/uploads\\\/sites\\\/20\\\/2025\\\/04\\\/cropped-Logo_blanc_fond_transparent_1000x755.png\",\"contentUrl\":\"https:\\\/\\\/regions-snetap-fsu.fr\\\/formation\\\/wp-content\\\/uploads\\\/sites\\\/20\\\/2025\\\/04\\\/cropped-Logo_blanc_fond_transparent_1000x755.png\",\"width\":998,\"height\":689,\"caption\":\"Formation des sites R\u00e9gionaux du SNETAP-FSU\"},\"image\":{\"@id\":\"https:\\\/\\\/regions-snetap-fsu.fr\\\/formation\\\/#\\\/schema\\\/logo\\\/image\\\/\"}},{\"@type\":\"Person\",\"@id\":\"https:\\\/\\\/regions-snetap-fsu.fr\\\/formation\\\/#\\\/schema\\\/person\\\/f5dc7b6354e942ca9c5fa8e9ff7e5c93\",\"name\":\"yoctavien\",\"image\":{\"@type\":\"ImageObject\",\"inLanguage\":\"fr-FR\",\"@id\":\"https:\\\/\\\/secure.gravatar.com\\\/avatar\\\/382642c092b6b9da14641d3c478df2f3da4a2d17eea25691c232d4dbf735c292?s=96&d=mm&r=g\",\"url\":\"https:\\\/\\\/secure.gravatar.com\\\/avatar\\\/382642c092b6b9da14641d3c478df2f3da4a2d17eea25691c232d4dbf735c292?s=96&d=mm&r=g\",\"contentUrl\":\"https:\\\/\\\/secure.gravatar.com\\\/avatar\\\/382642c092b6b9da14641d3c478df2f3da4a2d17eea25691c232d4dbf735c292?s=96&d=mm&r=g\",\"caption\":\"yoctavien\"},\"url\":\"https:\\\/\\\/regions-snetap-fsu.fr\\\/formation\\\/author\\\/yoctavien\\\/\"}]}<\/script>\n<!-- \/ Yoast SEO plugin. -->","yoast_head_json":{"title":"Airion - Rib\u00e9court : Projet de fusion ficel\u00e9 \u00e0 l'insu de son personnel - Formation des sites R\u00e9gionaux du SNETAP-FSU","robots":{"index":"index","follow":"follow","max-snippet":"max-snippet:-1","max-image-preview":"max-image-preview:large","max-video-preview":"max-video-preview:-1"},"canonical":"https:\/\/regions-snetap-fsu.fr\/formation\/2019\/06\/08\/airion-ribecourt-projet-de-fusion-ficele-a-linsu-de-son-personnel\/","og_locale":"fr_FR","og_type":"article","og_title":"Airion - Rib\u00e9court : Projet de fusion ficel\u00e9 \u00e0 l'insu de son personnel - Formation des sites R\u00e9gionaux du SNETAP-FSU","og_description":"Airion &#8211; Rib\u00e9court : Projet de fusion des \u00e9tablissements ficel\u00e9 \u00e0 l&rsquo;insu de son personnel A l\u2019heure des tensions sociales dans les Hauts-de-France, comme dans le territoire national, suites aux mesures iniques de casse de l\u2019enseignement agricole public et du statut du fonctionnaire, les personnels des lyc\u00e9es agricoles publics d\u2019Airion-Beauvais et de Rib\u00e9court ont d\u00e9couvert [&hellip;]","og_url":"https:\/\/regions-snetap-fsu.fr\/formation\/2019\/06\/08\/airion-ribecourt-projet-de-fusion-ficele-a-linsu-de-son-personnel\/","og_site_name":"Formation des sites R\u00e9gionaux du SNETAP-FSU","article_published_time":"2019-06-08T15:27:40+00:00","author":"yoctavien","twitter_card":"summary_large_image","twitter_misc":{"\u00c9crit par":"yoctavien","Dur\u00e9e de lecture estim\u00e9e":"5 minutes"},"schema":{"@context":"https:\/\/schema.org","@graph":[{"@type":"Article","@id":"https:\/\/regions-snetap-fsu.fr\/formation\/2019\/06\/08\/airion-ribecourt-projet-de-fusion-ficele-a-linsu-de-son-personnel\/#article","isPartOf":{"@id":"https:\/\/regions-snetap-fsu.fr\/formation\/2019\/06\/08\/airion-ribecourt-projet-de-fusion-ficele-a-linsu-de-son-personnel\/"},"author":{"name":"yoctavien","@id":"https:\/\/regions-snetap-fsu.fr\/formation\/#\/schema\/person\/f5dc7b6354e942ca9c5fa8e9ff7e5c93"},"headline":"Airion &#8211; Rib\u00e9court : Projet de fusion ficel\u00e9 \u00e0 l&rsquo;insu de son personnel","datePublished":"2019-06-08T15:27:40+00:00","mainEntityOfPage":{"@id":"https:\/\/regions-snetap-fsu.fr\/formation\/2019\/06\/08\/airion-ribecourt-projet-de-fusion-ficele-a-linsu-de-son-personnel\/"},"wordCount":1010,"publisher":{"@id":"https:\/\/regions-snetap-fsu.fr\/formation\/#organization"},"articleSection":["Communiqu\u00e9s"],"inLanguage":"fr-FR"},{"@type":"WebPage","@id":"https:\/\/regions-snetap-fsu.fr\/formation\/2019\/06\/08\/airion-ribecourt-projet-de-fusion-ficele-a-linsu-de-son-personnel\/","url":"https:\/\/regions-snetap-fsu.fr\/formation\/2019\/06\/08\/airion-ribecourt-projet-de-fusion-ficele-a-linsu-de-son-personnel\/","name":"Airion - Rib\u00e9court : Projet de fusion ficel\u00e9 \u00e0 l'insu de son personnel - Formation des sites R\u00e9gionaux du SNETAP-FSU","isPartOf":{"@id":"https:\/\/regions-snetap-fsu.fr\/formation\/#website"},"datePublished":"2019-06-08T15:27:40+00:00","breadcrumb":{"@id":"https:\/\/regions-snetap-fsu.fr\/formation\/2019\/06\/08\/airion-ribecourt-projet-de-fusion-ficele-a-linsu-de-son-personnel\/#breadcrumb"},"inLanguage":"fr-FR","potentialAction":[{"@type":"ReadAction","target":["https:\/\/regions-snetap-fsu.fr\/formation\/2019\/06\/08\/airion-ribecourt-projet-de-fusion-ficele-a-linsu-de-son-personnel\/"]}]},{"@type":"BreadcrumbList","@id":"https:\/\/regions-snetap-fsu.fr\/formation\/2019\/06\/08\/airion-ribecourt-projet-de-fusion-ficele-a-linsu-de-son-personnel\/#breadcrumb","itemListElement":[{"@type":"ListItem","position":1,"name":"Accueil","item":"https:\/\/regions-snetap-fsu.fr\/formation\/"},{"@type":"ListItem","position":2,"name":"Airion &#8211; Rib\u00e9court : Projet de fusion ficel\u00e9 \u00e0 l&rsquo;insu de son personnel"}]},{"@type":"WebSite","@id":"https:\/\/regions-snetap-fsu.fr\/formation\/#website","url":"https:\/\/regions-snetap-fsu.fr\/formation\/","name":"Formation des sites R\u00e9gionaux du SNETAP-FSU","description":"","publisher":{"@id":"https:\/\/regions-snetap-fsu.fr\/formation\/#organization"},"potentialAction":[{"@type":"SearchAction","target":{"@type":"EntryPoint","urlTemplate":"https:\/\/regions-snetap-fsu.fr\/formation\/?s={search_term_string}"},"query-input":{"@type":"PropertyValueSpecification","valueRequired":true,"valueName":"search_term_string"}}],"inLanguage":"fr-FR"},{"@type":"Organization","@id":"https:\/\/regions-snetap-fsu.fr\/formation\/#organization","name":"Formation des sites R\u00e9gionaux du SNETAP-FSU","url":"https:\/\/regions-snetap-fsu.fr\/formation\/","logo":{"@type":"ImageObject","inLanguage":"fr-FR","@id":"https:\/\/regions-snetap-fsu.fr\/formation\/#\/schema\/logo\/image\/","url":"https:\/\/regions-snetap-fsu.fr\/formation\/wp-content\/uploads\/sites\/20\/2025\/04\/cropped-Logo_blanc_fond_transparent_1000x755.png","contentUrl":"https:\/\/regions-snetap-fsu.fr\/formation\/wp-content\/uploads\/sites\/20\/2025\/04\/cropped-Logo_blanc_fond_transparent_1000x755.png","width":998,"height":689,"caption":"Formation des sites R\u00e9gionaux du SNETAP-FSU"},"image":{"@id":"https:\/\/regions-snetap-fsu.fr\/formation\/#\/schema\/logo\/image\/"}},{"@type":"Person","@id":"https:\/\/regions-snetap-fsu.fr\/formation\/#\/schema\/person\/f5dc7b6354e942ca9c5fa8e9ff7e5c93","name":"yoctavien","image":{"@type":"ImageObject","inLanguage":"fr-FR","@id":"https:\/\/secure.gravatar.com\/avatar\/382642c092b6b9da14641d3c478df2f3da4a2d17eea25691c232d4dbf735c292?s=96&d=mm&r=g","url":"https:\/\/secure.gravatar.com\/avatar\/382642c092b6b9da14641d3c478df2f3da4a2d17eea25691c232d4dbf735c292?s=96&d=mm&r=g","contentUrl":"https:\/\/secure.gravatar.com\/avatar\/382642c092b6b9da14641d3c478df2f3da4a2d17eea25691c232d4dbf735c292?s=96&d=mm&r=g","caption":"yoctavien"},"url":"https:\/\/regions-snetap-fsu.fr\/formation\/author\/yoctavien\/"}]}},"_links":{"self":[{"href":"https:\/\/regions-snetap-fsu.fr\/formation\/wp-json\/wp\/v2\/posts\/2603","targetHints":{"allow":["GET"]}}],"collection":[{"href":"https:\/\/regions-snetap-fsu.fr\/formation\/wp-json\/wp\/v2\/posts"}],"about":[{"href":"https:\/\/regions-snetap-fsu.fr\/formation\/wp-json\/wp\/v2\/types\/post"}],"author":[{"embeddable":true,"href":"https:\/\/regions-snetap-fsu.fr\/formation\/wp-json\/wp\/v2\/users\/138"}],"replies":[{"embeddable":true,"href":"https:\/\/regions-snetap-fsu.fr\/formation\/wp-json\/wp\/v2\/comments?post=2603"}],"version-history":[{"count":0,"href":"https:\/\/regions-snetap-fsu.fr\/formation\/wp-json\/wp\/v2\/posts\/2603\/revisions"}],"wp:attachment":[{"href":"https:\/\/regions-snetap-fsu.fr\/formation\/wp-json\/wp\/v2\/media?parent=2603"}],"wp:term":[{"taxonomy":"category","embeddable":true,"href":"https:\/\/regions-snetap-fsu.fr\/formation\/wp-json\/wp\/v2\/categories?post=2603"},{"taxonomy":"post_tag","embeddable":true,"href":"https:\/\/regions-snetap-fsu.fr\/formation\/wp-json\/wp\/v2\/tags?post=2603"},{"taxonomy":"post_folder","embeddable":true,"href":"https:\/\/regions-snetap-fsu.fr\/formation\/wp-json\/wp\/v2\/post_folder?post=2603"}],"curies":[{"name":"wp","href":"https:\/\/api.w.org\/{rel}","templated":true}]}}