{"id":2501,"date":"2019-05-28T23:54:45","date_gmt":"2019-05-28T21:54:45","guid":{"rendered":"https:\/\/regions-snetap-fsu.fr\/hdf\/?p=2501"},"modified":"2019-05-28T23:54:45","modified_gmt":"2019-05-28T21:54:45","slug":"la-draaf-des-hauts-de-france-febrile","status":"publish","type":"post","link":"https:\/\/regions-snetap-fsu.fr\/formation\/2019\/05\/28\/la-draaf-des-hauts-de-france-febrile\/","title":{"rendered":"La DRAAF des Hauts-de-France f\u00e9brile !"},"content":{"rendered":"<h2 style=\"text-align: center\"><span style=\"color: #ff0000\">Suite \u00e0 notre action du 21 mai, la DRAAF des Hauts-de-France f\u00e9brile !<\/span><\/h2>\n<p style=\"text-align: justify\"><span style=\"color: #0000ff\">Suite \u00e0 l&rsquo;action des sympathisant\u00b7es et militant\u00b7es du SNETAP-FSU du 21 mai 2019, la DRAAF des Hauts-de-France f\u00e9brile face \u00e0 notre r\u00e9sistance.<\/span><\/p>\n<p style=\"text-align: justify\"><span style=\"color: #0000ff\">En effet la DRAAF nous demande de revenir \u00e0 la \u00ab\u00a0table des n\u00e9gociations\u00a0\u00bb afin de se d\u00e9responsabiliser, en cherchant \u00e0 nous rendre complice dans leur projet de casse de l&rsquo;Enseignement Agricole Public (r\u00e9duction de moyens, baisse de la DGH, r\u00e9forme des bacs, baisse d&rsquo;ETP, suppression du statut de fonctionnaire).<\/span><\/p>\n<figure id=\"attachment_2505\" aria-describedby=\"caption-attachment-2505\" style=\"width: 300px\" class=\"wp-caption aligncenter\"><img decoding=\"async\" class=\"size-medium wp-image-2505\" src=\"https:\/\/regions-snetap-fsu.fr\/hdf\/wp-content\/uploads\/sites\/5\/2019\/05\/Rencontre_DRAAF-SRFD_R_21mai-300x144.png\" alt=\"\" width=\"300\" height=\"144\" \/><figcaption id=\"caption-attachment-2505\" class=\"wp-caption-text\">21 mai 2019 : Avant de quitter la table de la DRAAF des Hauts-de-France<\/figcaption><\/figure>\n<p style=\"text-align: justify\"><strong><span style=\"color: #008000\">Le SNETAP-FSU des Hauts-de-France \u00e9tudie la faisabilit\u00e9 d&rsquo;une rencontre en intersyndical, FO &#8211; Enseignement Agricole \/ SEA &#8211; UNSA \u00c9ducation \/ SNETAP-FSU \/ Solidaires &#8211; Sud Rural Territoires, le 11 juin 2019 avec le Directeur de la DRAAF.<\/span><\/strong><\/p>\n<p><!--more--><\/p>\n<p style=\"text-align: justify\"><strong><span style=\"color: #008000\">Pour cela une r\u00e9union pr\u00e9paratoire en intersyndical se tiendra le 6 juin \u00e0 Tilloy-les-Mofflaines.<\/span><\/strong><\/p>\n<p style=\"text-align: justify\"><span style=\"color: #0000ff\">Nos revendications serons claires, nous exigerons :<\/span><\/p>\n<ol style=\"text-align: justify\">\n<li><span style=\"color: #0000ff\">Le maintien de tous les postes dans l&rsquo;Enseignement Agricole Public ;<\/span><\/li>\n<li><span style=\"color: #0000ff\">Le r\u00e9tablissement des seuils de d\u00e9doublement r\u00e9glementaires (16, 24, 32) avec obligation pour les chefs d&rsquo;\u00e9tablissement et non pas indicatifs ;<\/span><\/li>\n<li><span style=\"color: #0000ff\">Un moratoire d&rsquo;une ann\u00e9e sur la r\u00e9forme du STAV ;<\/span><\/li>\n<li><span style=\"color: #0000ff\">Une r\u00e9vision des DGH notifi\u00e9es, avec le doublement de la part dite optionnelle ;<\/span><\/li>\n<li><span style=\"color: #0000ff\">Un texte r\u00e9glementaire sur les obligations de service des enseignant\u00b7es des UFA (ex CFA) &#8211; CFPPA afin de garantir leurs conditions de travail ;<\/span><\/li>\n<li><span style=\"color: #0000ff\">De vrais moyens pour l&rsquo;inclusion des \u00e9l\u00e8ves handicap\u00e9\u00b7es ;<\/span><\/li>\n<li><span style=\"color: #0000ff\">Pour les personnels (enseignant\u00b7es et non-enseignant\u00b7es) assurant la fonction de lecteurs-scripteurs, qu&rsquo;ils soient : volontaires, form\u00e9s (et comp\u00e9tents pour la mati\u00e8re \u00e9valu\u00e9e) et r\u00e9mun\u00e9r\u00e9s (travail reconnu).<\/span><\/li>\n<\/ol>\n<p style=\"text-align: justify\"><span style=\"color: #0000ff\">Comme nous l&rsquo;avons d\u00e9j\u00e0 exprim\u00e9 le 21 mai 2019, nous refuserons de collaborer \u00e0 cette casse de l&rsquo;Enseignement Agricole Public qui ne met en avant des solutions que pour mieux faire passer la \u00ab\u00a0pilule\u00a0\u00bb.<\/span><\/p>\n<h3 style=\"text-align: center\"><span style=\"color: #ff0000\">Toutes et tous ensemble, r\u00e9sistons et agissons collectivement pour une autre politique \u00e9ducative !<\/span><\/h3>\n<p style=\"text-align: justify\"><span style=\"color: #ff0000\">Poursuivons la mobilisation :<\/span><\/p>\n<ul>\n<li style=\"text-align: justify\"><span style=\"color: #ff0000\"><strong>en nous rangeant aux c\u00f4t\u00e9s de nos coll\u00e8gues de l&rsquo;EN<\/strong>, \u00e0 chaque fois que cela sera possible, afin d&rsquo;obtenir le retrait du projet de loi Blanquer pour les lyc\u00e9es et l&rsquo;abrogation de la loi P\u00e9nicaud pour l&rsquo;apprentissage et la formation continue,<br \/>\n<\/span><\/li>\n<li style=\"text-align: justify\"><span style=\"color: #ff0000\"><strong>en refusant de r\u00e9pondre favorablement aux convocations d&rsquo;examen<\/strong> &#8211; action, d\u00e9j\u00e0 engag\u00e9e dans les CFA-CFPPA \u00e9tendue aux enseignant\u00b7es des LEGTA comme des LPA et LPM !<\/span><\/li>\n<\/ul>\n<p><span style=\"text-decoration: underline;color: #000000\"><a style=\"color: #000000;text-decoration: underline\" href=\"https:\/\/drive.google.com\/open?id=1mGYDDfLjOg3dpHwpXhDGCZogj2imX69c\" target=\"_blank\" rel=\"noopener noreferrer\">Lien : Mod\u00e8le pour refus de r\u00e9pondre favorablement aux convocations d&rsquo;examens<\/a><\/span><\/p>\n<ul>\n<li style=\"text-align: justify\"><span style=\"color: #ff0000\"><strong>en refusant<\/strong>, en l&rsquo;\u00e9tat des conditions de rentr\u00e9e annonc\u00e9es, <strong>de se positionner comme Professeur Principal et\/ou Coordinateur<\/strong> &#8211; sachant que ces fonctions ne peuvent \u00eatre impos\u00e9es et n\u00e9cessitent r\u00e9glementairement l&rsquo;accord des agents,<\/span><\/li>\n<\/ul>\n<p><span style=\"text-decoration: underline;color: #000000\"><a style=\"color: #000000;text-decoration: underline\" href=\"https:\/\/drive.google.com\/open?id=1XeYFrDBHLyow9FkHkPyPnvAtrBcvqnTv\" target=\"_blank\" rel=\"noopener noreferrer\">Lien : Mod\u00e8le our refus de se positionner comme Professeur Principal et\/ou Coordinateur<\/a><\/span><\/p>\n<ul>\n<li style=\"text-align: justify\"><strong><span style=\"color: #ff0000\">en interpellant syndicalement et syst\u00e9matiquement nos ministres et nos parlementaires de la majorit\u00e9 et en prenant contact avec l&rsquo;ensemble des autres composantes politiques dans le territoire des Hauts-de-France.<\/span><\/strong><\/li>\n<\/ul>\n<p class=\"western\" style=\"text-align: justify\" align=\"justify\"><span style=\"font-family: georgia, palatino, serif;font-size: 12pt;color: #0000ff\">L&rsquo;heure est grave et plus que jamais la force de nos collectifs de travail doit nous permettre de <b>RESISTER<\/b>\u00a0dans l&rsquo;int\u00e9r\u00eat de nos \u00e9tablissements, des jeunes qui nous sont confi\u00e9s, des conditions d&rsquo;exercice de nos m\u00e9tiers et de nos communaut\u00e9s de travail \u2013 \u00e9quipes de direction comprises \u2013&#8230; et d&rsquo;<b>AGIR<\/b> pour faire valoir, aux c\u00f4t\u00e9s de jeunes et de leurs familles qui nous font confiance, une autre politique \u00e9ducative garante d&rsquo;\u00e9galit\u00e9 et de progr\u00e8s social\u00a0!<\/span><\/p>\n<figure id=\"attachment_2455\" aria-describedby=\"caption-attachment-2455\" style=\"width: 605px\" class=\"wp-caption aligncenter\"><img fetchpriority=\"high\" decoding=\"async\" class=\"wp-image-2455 size-large\" src=\"https:\/\/regions-snetap-fsu.fr\/hdf\/wp-content\/uploads\/sites\/5\/2019\/05\/21mai_Banderole-1024x609.jpg\" alt=\"\" width=\"605\" height=\"360\" \/><figcaption id=\"caption-attachment-2455\" class=\"wp-caption-text\">La banderole SNETAP-FSU des Hauts-de-France<\/figcaption><\/figure>\n","protected":false},"excerpt":{"rendered":"<p>Suite \u00e0 notre action du 21 mai, la DRAAF des Hauts-de-France f\u00e9brile ! Suite \u00e0 l&rsquo;action des sympathisant\u00b7es et militant\u00b7es du SNETAP-FSU du 21 mai 2019, la DRAAF des Hauts-de-France f\u00e9brile face \u00e0 notre r\u00e9sistance. En effet la DRAAF nous demande de revenir \u00e0 la \u00ab\u00a0table des n\u00e9gociations\u00a0\u00bb afin de se d\u00e9responsabiliser, en cherchant \u00e0 [&hellip;]<\/p>\n","protected":false},"author":138,"featured_media":0,"comment_status":"closed","ping_status":"closed","sticky":false,"template":"","format":"standard","meta":{"ocean_post_layout":"","ocean_both_sidebars_style":"","ocean_both_sidebars_content_width":0,"ocean_both_sidebars_sidebars_width":0,"ocean_sidebar":"","ocean_second_sidebar":"","ocean_disable_margins":"enable","ocean_add_body_class":"","ocean_shortcode_before_top_bar":"","ocean_shortcode_after_top_bar":"","ocean_shortcode_before_header":"","ocean_shortcode_after_header":"","ocean_has_shortcode":"","ocean_shortcode_after_title":"","ocean_shortcode_before_footer_widgets":"","ocean_shortcode_after_footer_widgets":"","ocean_shortcode_before_footer_bottom":"","ocean_shortcode_after_footer_bottom":"","ocean_display_top_bar":"default","ocean_display_header":"default","ocean_header_style":"","ocean_center_header_left_menu":"","ocean_custom_header_template":"","ocean_custom_logo":0,"ocean_custom_retina_logo":0,"ocean_custom_logo_max_width":0,"ocean_custom_logo_tablet_max_width":0,"ocean_custom_logo_mobile_max_width":0,"ocean_custom_logo_max_height":0,"ocean_custom_logo_tablet_max_height":0,"ocean_custom_logo_mobile_max_height":0,"ocean_header_custom_menu":"","ocean_menu_typo_font_family":"","ocean_menu_typo_font_subset":"","ocean_menu_typo_font_size":0,"ocean_menu_typo_font_size_tablet":0,"ocean_menu_typo_font_size_mobile":0,"ocean_menu_typo_font_size_unit":"px","ocean_menu_typo_font_weight":"","ocean_menu_typo_font_weight_tablet":"","ocean_menu_typo_font_weight_mobile":"","ocean_menu_typo_transform":"","ocean_menu_typo_transform_tablet":"","ocean_menu_typo_transform_mobile":"","ocean_menu_typo_line_height":0,"ocean_menu_typo_line_height_tablet":0,"ocean_menu_typo_line_height_mobile":0,"ocean_menu_typo_line_height_unit":"","ocean_menu_typo_spacing":0,"ocean_menu_typo_spacing_tablet":0,"ocean_menu_typo_spacing_mobile":0,"ocean_menu_typo_spacing_unit":"","ocean_menu_link_color":"","ocean_menu_link_color_hover":"","ocean_menu_link_color_active":"","ocean_menu_link_background":"","ocean_menu_link_hover_background":"","ocean_menu_link_active_background":"","ocean_menu_social_links_bg":"","ocean_menu_social_hover_links_bg":"","ocean_menu_social_links_color":"","ocean_menu_social_hover_links_color":"","ocean_disable_title":"default","ocean_disable_heading":"default","ocean_post_title":"","ocean_post_subheading":"","ocean_post_title_style":"","ocean_post_title_background_color":"","ocean_post_title_background":0,"ocean_post_title_bg_image_position":"","ocean_post_title_bg_image_attachment":"","ocean_post_title_bg_image_repeat":"","ocean_post_title_bg_image_size":"","ocean_post_title_height":0,"ocean_post_title_bg_overlay":0.5,"ocean_post_title_bg_overlay_color":"","ocean_disable_breadcrumbs":"default","ocean_breadcrumbs_color":"","ocean_breadcrumbs_separator_color":"","ocean_breadcrumbs_links_color":"","ocean_breadcrumbs_links_hover_color":"","ocean_display_footer_widgets":"default","ocean_display_footer_bottom":"default","ocean_custom_footer_template":"","ocean_post_oembed":"","ocean_post_self_hosted_media":"","ocean_post_video_embed":"","ocean_link_format":"","ocean_link_format_target":"self","ocean_quote_format":"","ocean_quote_format_link":"post","ocean_gallery_link_images":"on","ocean_gallery_id":[],"footnotes":""},"categories":[3,11],"tags":[],"post_folder":[],"class_list":["post-2501","post","type-post","status-publish","format-standard","hentry","category-actions-greves-manifs","category-communiques","entry"],"yoast_head":"<!-- This site is optimized with the Yoast SEO plugin v27.4 - https:\/\/yoast.com\/product\/yoast-seo-wordpress\/ -->\n<title>La DRAAF des Hauts-de-France f\u00e9brile ! - Formation des sites R\u00e9gionaux du SNETAP-FSU<\/title>\n<meta name=\"robots\" content=\"index, follow, max-snippet:-1, max-image-preview:large, max-video-preview:-1\" \/>\n<link rel=\"canonical\" href=\"https:\/\/regions-snetap-fsu.fr\/formation\/2019\/05\/28\/la-draaf-des-hauts-de-france-febrile\/\" \/>\n<meta property=\"og:locale\" content=\"fr_FR\" \/>\n<meta property=\"og:type\" content=\"article\" \/>\n<meta property=\"og:title\" content=\"La DRAAF des Hauts-de-France f\u00e9brile ! - Formation des sites R\u00e9gionaux du SNETAP-FSU\" \/>\n<meta property=\"og:description\" content=\"Suite \u00e0 notre action du 21 mai, la DRAAF des Hauts-de-France f\u00e9brile ! Suite \u00e0 l&rsquo;action des sympathisant\u00b7es et militant\u00b7es du SNETAP-FSU du 21 mai 2019, la DRAAF des Hauts-de-France f\u00e9brile face \u00e0 notre r\u00e9sistance. En effet la DRAAF nous demande de revenir \u00e0 la \u00ab\u00a0table des n\u00e9gociations\u00a0\u00bb afin de se d\u00e9responsabiliser, en cherchant \u00e0 [&hellip;]\" \/>\n<meta property=\"og:url\" content=\"https:\/\/regions-snetap-fsu.fr\/formation\/2019\/05\/28\/la-draaf-des-hauts-de-france-febrile\/\" \/>\n<meta property=\"og:site_name\" content=\"Formation des sites R\u00e9gionaux du SNETAP-FSU\" \/>\n<meta property=\"article:published_time\" content=\"2019-05-28T21:54:45+00:00\" \/>\n<meta name=\"author\" content=\"yoctavien\" \/>\n<meta name=\"twitter:card\" content=\"summary_large_image\" \/>\n<meta name=\"twitter:label1\" content=\"\u00c9crit par\" \/>\n\t<meta name=\"twitter:data1\" content=\"yoctavien\" \/>\n\t<meta name=\"twitter:label2\" content=\"Dur\u00e9e de lecture estim\u00e9e\" \/>\n\t<meta name=\"twitter:data2\" content=\"3 minutes\" \/>\n<script type=\"application\/ld+json\" class=\"yoast-schema-graph\">{\"@context\":\"https:\\\/\\\/schema.org\",\"@graph\":[{\"@type\":\"Article\",\"@id\":\"https:\\\/\\\/regions-snetap-fsu.fr\\\/formation\\\/2019\\\/05\\\/28\\\/la-draaf-des-hauts-de-france-febrile\\\/#article\",\"isPartOf\":{\"@id\":\"https:\\\/\\\/regions-snetap-fsu.fr\\\/formation\\\/2019\\\/05\\\/28\\\/la-draaf-des-hauts-de-france-febrile\\\/\"},\"author\":{\"name\":\"yoctavien\",\"@id\":\"https:\\\/\\\/regions-snetap-fsu.fr\\\/formation\\\/#\\\/schema\\\/person\\\/f5dc7b6354e942ca9c5fa8e9ff7e5c93\"},\"headline\":\"La DRAAF des Hauts-de-France f\u00e9brile !\",\"datePublished\":\"2019-05-28T21:54:45+00:00\",\"mainEntityOfPage\":{\"@id\":\"https:\\\/\\\/regions-snetap-fsu.fr\\\/formation\\\/2019\\\/05\\\/28\\\/la-draaf-des-hauts-de-france-febrile\\\/\"},\"wordCount\":620,\"publisher\":{\"@id\":\"https:\\\/\\\/regions-snetap-fsu.fr\\\/formation\\\/#organization\"},\"image\":{\"@id\":\"https:\\\/\\\/regions-snetap-fsu.fr\\\/formation\\\/2019\\\/05\\\/28\\\/la-draaf-des-hauts-de-france-febrile\\\/#primaryimage\"},\"thumbnailUrl\":\"https:\\\/\\\/regions-snetap-fsu.fr\\\/hdf\\\/wp-content\\\/uploads\\\/sites\\\/5\\\/2019\\\/05\\\/Rencontre_DRAAF-SRFD_R_21mai-300x144.png\",\"articleSection\":[\"Actions - Gr\u00e8ves - Manifs\",\"Communiqu\u00e9s\"],\"inLanguage\":\"fr-FR\"},{\"@type\":\"WebPage\",\"@id\":\"https:\\\/\\\/regions-snetap-fsu.fr\\\/formation\\\/2019\\\/05\\\/28\\\/la-draaf-des-hauts-de-france-febrile\\\/\",\"url\":\"https:\\\/\\\/regions-snetap-fsu.fr\\\/formation\\\/2019\\\/05\\\/28\\\/la-draaf-des-hauts-de-france-febrile\\\/\",\"name\":\"La DRAAF des Hauts-de-France f\u00e9brile ! - Formation des sites R\u00e9gionaux du SNETAP-FSU\",\"isPartOf\":{\"@id\":\"https:\\\/\\\/regions-snetap-fsu.fr\\\/formation\\\/#website\"},\"primaryImageOfPage\":{\"@id\":\"https:\\\/\\\/regions-snetap-fsu.fr\\\/formation\\\/2019\\\/05\\\/28\\\/la-draaf-des-hauts-de-france-febrile\\\/#primaryimage\"},\"image\":{\"@id\":\"https:\\\/\\\/regions-snetap-fsu.fr\\\/formation\\\/2019\\\/05\\\/28\\\/la-draaf-des-hauts-de-france-febrile\\\/#primaryimage\"},\"thumbnailUrl\":\"https:\\\/\\\/regions-snetap-fsu.fr\\\/hdf\\\/wp-content\\\/uploads\\\/sites\\\/5\\\/2019\\\/05\\\/Rencontre_DRAAF-SRFD_R_21mai-300x144.png\",\"datePublished\":\"2019-05-28T21:54:45+00:00\",\"breadcrumb\":{\"@id\":\"https:\\\/\\\/regions-snetap-fsu.fr\\\/formation\\\/2019\\\/05\\\/28\\\/la-draaf-des-hauts-de-france-febrile\\\/#breadcrumb\"},\"inLanguage\":\"fr-FR\",\"potentialAction\":[{\"@type\":\"ReadAction\",\"target\":[\"https:\\\/\\\/regions-snetap-fsu.fr\\\/formation\\\/2019\\\/05\\\/28\\\/la-draaf-des-hauts-de-france-febrile\\\/\"]}]},{\"@type\":\"ImageObject\",\"inLanguage\":\"fr-FR\",\"@id\":\"https:\\\/\\\/regions-snetap-fsu.fr\\\/formation\\\/2019\\\/05\\\/28\\\/la-draaf-des-hauts-de-france-febrile\\\/#primaryimage\",\"url\":\"https:\\\/\\\/regions-snetap-fsu.fr\\\/hdf\\\/wp-content\\\/uploads\\\/sites\\\/5\\\/2019\\\/05\\\/Rencontre_DRAAF-SRFD_R_21mai-300x144.png\",\"contentUrl\":\"https:\\\/\\\/regions-snetap-fsu.fr\\\/hdf\\\/wp-content\\\/uploads\\\/sites\\\/5\\\/2019\\\/05\\\/Rencontre_DRAAF-SRFD_R_21mai-300x144.png\"},{\"@type\":\"BreadcrumbList\",\"@id\":\"https:\\\/\\\/regions-snetap-fsu.fr\\\/formation\\\/2019\\\/05\\\/28\\\/la-draaf-des-hauts-de-france-febrile\\\/#breadcrumb\",\"itemListElement\":[{\"@type\":\"ListItem\",\"position\":1,\"name\":\"Accueil\",\"item\":\"https:\\\/\\\/regions-snetap-fsu.fr\\\/formation\\\/\"},{\"@type\":\"ListItem\",\"position\":2,\"name\":\"La DRAAF des Hauts-de-France f\u00e9brile !\"}]},{\"@type\":\"WebSite\",\"@id\":\"https:\\\/\\\/regions-snetap-fsu.fr\\\/formation\\\/#website\",\"url\":\"https:\\\/\\\/regions-snetap-fsu.fr\\\/formation\\\/\",\"name\":\"Formation des sites R\u00e9gionaux du SNETAP-FSU\",\"description\":\"\",\"publisher\":{\"@id\":\"https:\\\/\\\/regions-snetap-fsu.fr\\\/formation\\\/#organization\"},\"potentialAction\":[{\"@type\":\"SearchAction\",\"target\":{\"@type\":\"EntryPoint\",\"urlTemplate\":\"https:\\\/\\\/regions-snetap-fsu.fr\\\/formation\\\/?s={search_term_string}\"},\"query-input\":{\"@type\":\"PropertyValueSpecification\",\"valueRequired\":true,\"valueName\":\"search_term_string\"}}],\"inLanguage\":\"fr-FR\"},{\"@type\":\"Organization\",\"@id\":\"https:\\\/\\\/regions-snetap-fsu.fr\\\/formation\\\/#organization\",\"name\":\"Formation des sites R\u00e9gionaux du SNETAP-FSU\",\"url\":\"https:\\\/\\\/regions-snetap-fsu.fr\\\/formation\\\/\",\"logo\":{\"@type\":\"ImageObject\",\"inLanguage\":\"fr-FR\",\"@id\":\"https:\\\/\\\/regions-snetap-fsu.fr\\\/formation\\\/#\\\/schema\\\/logo\\\/image\\\/\",\"url\":\"https:\\\/\\\/regions-snetap-fsu.fr\\\/formation\\\/wp-content\\\/uploads\\\/sites\\\/20\\\/2025\\\/04\\\/cropped-Logo_blanc_fond_transparent_1000x755.png\",\"contentUrl\":\"https:\\\/\\\/regions-snetap-fsu.fr\\\/formation\\\/wp-content\\\/uploads\\\/sites\\\/20\\\/2025\\\/04\\\/cropped-Logo_blanc_fond_transparent_1000x755.png\",\"width\":998,\"height\":689,\"caption\":\"Formation des sites R\u00e9gionaux du SNETAP-FSU\"},\"image\":{\"@id\":\"https:\\\/\\\/regions-snetap-fsu.fr\\\/formation\\\/#\\\/schema\\\/logo\\\/image\\\/\"}},{\"@type\":\"Person\",\"@id\":\"https:\\\/\\\/regions-snetap-fsu.fr\\\/formation\\\/#\\\/schema\\\/person\\\/f5dc7b6354e942ca9c5fa8e9ff7e5c93\",\"name\":\"yoctavien\",\"image\":{\"@type\":\"ImageObject\",\"inLanguage\":\"fr-FR\",\"@id\":\"https:\\\/\\\/secure.gravatar.com\\\/avatar\\\/382642c092b6b9da14641d3c478df2f3da4a2d17eea25691c232d4dbf735c292?s=96&d=mm&r=g\",\"url\":\"https:\\\/\\\/secure.gravatar.com\\\/avatar\\\/382642c092b6b9da14641d3c478df2f3da4a2d17eea25691c232d4dbf735c292?s=96&d=mm&r=g\",\"contentUrl\":\"https:\\\/\\\/secure.gravatar.com\\\/avatar\\\/382642c092b6b9da14641d3c478df2f3da4a2d17eea25691c232d4dbf735c292?s=96&d=mm&r=g\",\"caption\":\"yoctavien\"},\"url\":\"https:\\\/\\\/regions-snetap-fsu.fr\\\/formation\\\/author\\\/yoctavien\\\/\"}]}<\/script>\n<!-- \/ Yoast SEO plugin. -->","yoast_head_json":{"title":"La DRAAF des Hauts-de-France f\u00e9brile ! - Formation des sites R\u00e9gionaux du SNETAP-FSU","robots":{"index":"index","follow":"follow","max-snippet":"max-snippet:-1","max-image-preview":"max-image-preview:large","max-video-preview":"max-video-preview:-1"},"canonical":"https:\/\/regions-snetap-fsu.fr\/formation\/2019\/05\/28\/la-draaf-des-hauts-de-france-febrile\/","og_locale":"fr_FR","og_type":"article","og_title":"La DRAAF des Hauts-de-France f\u00e9brile ! - Formation des sites R\u00e9gionaux du SNETAP-FSU","og_description":"Suite \u00e0 notre action du 21 mai, la DRAAF des Hauts-de-France f\u00e9brile ! Suite \u00e0 l&rsquo;action des sympathisant\u00b7es et militant\u00b7es du SNETAP-FSU du 21 mai 2019, la DRAAF des Hauts-de-France f\u00e9brile face \u00e0 notre r\u00e9sistance. En effet la DRAAF nous demande de revenir \u00e0 la \u00ab\u00a0table des n\u00e9gociations\u00a0\u00bb afin de se d\u00e9responsabiliser, en cherchant \u00e0 [&hellip;]","og_url":"https:\/\/regions-snetap-fsu.fr\/formation\/2019\/05\/28\/la-draaf-des-hauts-de-france-febrile\/","og_site_name":"Formation des sites R\u00e9gionaux du SNETAP-FSU","article_published_time":"2019-05-28T21:54:45+00:00","author":"yoctavien","twitter_card":"summary_large_image","twitter_misc":{"\u00c9crit par":"yoctavien","Dur\u00e9e de lecture estim\u00e9e":"3 minutes"},"schema":{"@context":"https:\/\/schema.org","@graph":[{"@type":"Article","@id":"https:\/\/regions-snetap-fsu.fr\/formation\/2019\/05\/28\/la-draaf-des-hauts-de-france-febrile\/#article","isPartOf":{"@id":"https:\/\/regions-snetap-fsu.fr\/formation\/2019\/05\/28\/la-draaf-des-hauts-de-france-febrile\/"},"author":{"name":"yoctavien","@id":"https:\/\/regions-snetap-fsu.fr\/formation\/#\/schema\/person\/f5dc7b6354e942ca9c5fa8e9ff7e5c93"},"headline":"La DRAAF des Hauts-de-France f\u00e9brile !","datePublished":"2019-05-28T21:54:45+00:00","mainEntityOfPage":{"@id":"https:\/\/regions-snetap-fsu.fr\/formation\/2019\/05\/28\/la-draaf-des-hauts-de-france-febrile\/"},"wordCount":620,"publisher":{"@id":"https:\/\/regions-snetap-fsu.fr\/formation\/#organization"},"image":{"@id":"https:\/\/regions-snetap-fsu.fr\/formation\/2019\/05\/28\/la-draaf-des-hauts-de-france-febrile\/#primaryimage"},"thumbnailUrl":"https:\/\/regions-snetap-fsu.fr\/hdf\/wp-content\/uploads\/sites\/5\/2019\/05\/Rencontre_DRAAF-SRFD_R_21mai-300x144.png","articleSection":["Actions - Gr\u00e8ves - Manifs","Communiqu\u00e9s"],"inLanguage":"fr-FR"},{"@type":"WebPage","@id":"https:\/\/regions-snetap-fsu.fr\/formation\/2019\/05\/28\/la-draaf-des-hauts-de-france-febrile\/","url":"https:\/\/regions-snetap-fsu.fr\/formation\/2019\/05\/28\/la-draaf-des-hauts-de-france-febrile\/","name":"La DRAAF des Hauts-de-France f\u00e9brile ! - Formation des sites R\u00e9gionaux du SNETAP-FSU","isPartOf":{"@id":"https:\/\/regions-snetap-fsu.fr\/formation\/#website"},"primaryImageOfPage":{"@id":"https:\/\/regions-snetap-fsu.fr\/formation\/2019\/05\/28\/la-draaf-des-hauts-de-france-febrile\/#primaryimage"},"image":{"@id":"https:\/\/regions-snetap-fsu.fr\/formation\/2019\/05\/28\/la-draaf-des-hauts-de-france-febrile\/#primaryimage"},"thumbnailUrl":"https:\/\/regions-snetap-fsu.fr\/hdf\/wp-content\/uploads\/sites\/5\/2019\/05\/Rencontre_DRAAF-SRFD_R_21mai-300x144.png","datePublished":"2019-05-28T21:54:45+00:00","breadcrumb":{"@id":"https:\/\/regions-snetap-fsu.fr\/formation\/2019\/05\/28\/la-draaf-des-hauts-de-france-febrile\/#breadcrumb"},"inLanguage":"fr-FR","potentialAction":[{"@type":"ReadAction","target":["https:\/\/regions-snetap-fsu.fr\/formation\/2019\/05\/28\/la-draaf-des-hauts-de-france-febrile\/"]}]},{"@type":"ImageObject","inLanguage":"fr-FR","@id":"https:\/\/regions-snetap-fsu.fr\/formation\/2019\/05\/28\/la-draaf-des-hauts-de-france-febrile\/#primaryimage","url":"https:\/\/regions-snetap-fsu.fr\/hdf\/wp-content\/uploads\/sites\/5\/2019\/05\/Rencontre_DRAAF-SRFD_R_21mai-300x144.png","contentUrl":"https:\/\/regions-snetap-fsu.fr\/hdf\/wp-content\/uploads\/sites\/5\/2019\/05\/Rencontre_DRAAF-SRFD_R_21mai-300x144.png"},{"@type":"BreadcrumbList","@id":"https:\/\/regions-snetap-fsu.fr\/formation\/2019\/05\/28\/la-draaf-des-hauts-de-france-febrile\/#breadcrumb","itemListElement":[{"@type":"ListItem","position":1,"name":"Accueil","item":"https:\/\/regions-snetap-fsu.fr\/formation\/"},{"@type":"ListItem","position":2,"name":"La DRAAF des Hauts-de-France f\u00e9brile !"}]},{"@type":"WebSite","@id":"https:\/\/regions-snetap-fsu.fr\/formation\/#website","url":"https:\/\/regions-snetap-fsu.fr\/formation\/","name":"Formation des sites R\u00e9gionaux du SNETAP-FSU","description":"","publisher":{"@id":"https:\/\/regions-snetap-fsu.fr\/formation\/#organization"},"potentialAction":[{"@type":"SearchAction","target":{"@type":"EntryPoint","urlTemplate":"https:\/\/regions-snetap-fsu.fr\/formation\/?s={search_term_string}"},"query-input":{"@type":"PropertyValueSpecification","valueRequired":true,"valueName":"search_term_string"}}],"inLanguage":"fr-FR"},{"@type":"Organization","@id":"https:\/\/regions-snetap-fsu.fr\/formation\/#organization","name":"Formation des sites R\u00e9gionaux du SNETAP-FSU","url":"https:\/\/regions-snetap-fsu.fr\/formation\/","logo":{"@type":"ImageObject","inLanguage":"fr-FR","@id":"https:\/\/regions-snetap-fsu.fr\/formation\/#\/schema\/logo\/image\/","url":"https:\/\/regions-snetap-fsu.fr\/formation\/wp-content\/uploads\/sites\/20\/2025\/04\/cropped-Logo_blanc_fond_transparent_1000x755.png","contentUrl":"https:\/\/regions-snetap-fsu.fr\/formation\/wp-content\/uploads\/sites\/20\/2025\/04\/cropped-Logo_blanc_fond_transparent_1000x755.png","width":998,"height":689,"caption":"Formation des sites R\u00e9gionaux du SNETAP-FSU"},"image":{"@id":"https:\/\/regions-snetap-fsu.fr\/formation\/#\/schema\/logo\/image\/"}},{"@type":"Person","@id":"https:\/\/regions-snetap-fsu.fr\/formation\/#\/schema\/person\/f5dc7b6354e942ca9c5fa8e9ff7e5c93","name":"yoctavien","image":{"@type":"ImageObject","inLanguage":"fr-FR","@id":"https:\/\/secure.gravatar.com\/avatar\/382642c092b6b9da14641d3c478df2f3da4a2d17eea25691c232d4dbf735c292?s=96&d=mm&r=g","url":"https:\/\/secure.gravatar.com\/avatar\/382642c092b6b9da14641d3c478df2f3da4a2d17eea25691c232d4dbf735c292?s=96&d=mm&r=g","contentUrl":"https:\/\/secure.gravatar.com\/avatar\/382642c092b6b9da14641d3c478df2f3da4a2d17eea25691c232d4dbf735c292?s=96&d=mm&r=g","caption":"yoctavien"},"url":"https:\/\/regions-snetap-fsu.fr\/formation\/author\/yoctavien\/"}]}},"_links":{"self":[{"href":"https:\/\/regions-snetap-fsu.fr\/formation\/wp-json\/wp\/v2\/posts\/2501","targetHints":{"allow":["GET"]}}],"collection":[{"href":"https:\/\/regions-snetap-fsu.fr\/formation\/wp-json\/wp\/v2\/posts"}],"about":[{"href":"https:\/\/regions-snetap-fsu.fr\/formation\/wp-json\/wp\/v2\/types\/post"}],"author":[{"embeddable":true,"href":"https:\/\/regions-snetap-fsu.fr\/formation\/wp-json\/wp\/v2\/users\/138"}],"replies":[{"embeddable":true,"href":"https:\/\/regions-snetap-fsu.fr\/formation\/wp-json\/wp\/v2\/comments?post=2501"}],"version-history":[{"count":0,"href":"https:\/\/regions-snetap-fsu.fr\/formation\/wp-json\/wp\/v2\/posts\/2501\/revisions"}],"wp:attachment":[{"href":"https:\/\/regions-snetap-fsu.fr\/formation\/wp-json\/wp\/v2\/media?parent=2501"}],"wp:term":[{"taxonomy":"category","embeddable":true,"href":"https:\/\/regions-snetap-fsu.fr\/formation\/wp-json\/wp\/v2\/categories?post=2501"},{"taxonomy":"post_tag","embeddable":true,"href":"https:\/\/regions-snetap-fsu.fr\/formation\/wp-json\/wp\/v2\/tags?post=2501"},{"taxonomy":"post_folder","embeddable":true,"href":"https:\/\/regions-snetap-fsu.fr\/formation\/wp-json\/wp\/v2\/post_folder?post=2501"}],"curies":[{"name":"wp","href":"https:\/\/api.w.org\/{rel}","templated":true}]}}