{"id":2471,"date":"2019-05-22T00:27:00","date_gmt":"2019-05-21T22:27:00","guid":{"rendered":"https:\/\/regions-snetap-fsu.fr\/hdf\/?p=2471"},"modified":"2019-05-22T00:27:00","modified_gmt":"2019-05-21T22:27:00","slug":"21-mai-2019-le-snetap-fsu-ferme-et-determine-face-a-la-draaf","status":"publish","type":"post","link":"https:\/\/regions-snetap-fsu.fr\/formation\/2019\/05\/22\/21-mai-2019-le-snetap-fsu-ferme-et-determine-face-a-la-draaf\/","title":{"rendered":"21 mai 2019 : Le SNETAP-FSU ferme et d\u00e9termin\u00e9 face \u00e0 la DRAAF"},"content":{"rendered":"<h2 style=\"text-align: center\"><span style=\"color: #ff0000\">Le SNETAP-FSU des Hauts-de-France ferme et d\u00e9termin\u00e9 face \u00e0 la DRAAF<\/span><\/h2>\n<p style=\"text-align: justify\"><span style=\"color: #0000ff\">Au cours du rassemblement-barbecue de grande ampleur de ce mardi 21 mai, une d\u00e9l\u00e9gation du SNETAP-FSU des Hauts-de-France a \u00e9t\u00e9 re\u00e7ue par la Directrice Adjointe de la DRAAF et la Cheffe du SRFD.<\/span><\/p>\n<p><span style=\"text-decoration: underline\"><span style=\"color: #000000\"><a style=\"color: #000000;text-decoration: underline\" href=\"https:\/\/regions-snetap-fsu.fr\/hdf\/?p=2448&amp;preview=true\" target=\"_blank\" rel=\"noopener noreferrer\">Lien : SNETAP-FSU HdF &#8211; 21 mai 2019 : Une mobilisation du SNETAP-FSU des Hauts-de-France de grande ampleur<\/a><\/span><\/span><\/p>\n<p style=\"text-align: justify\"><span style=\"color: #0000ff\">Globalement, la DRAAF-SRFD a expliqu\u00e9 \u00e0 la d\u00e9l\u00e9gation qu&rsquo;elle ne peut rien et quelle doit suivre les directives de la DGER. La DRAAF demandant de faire passer les r\u00e9formes iniques en travaillant sans faire de bruit avec moins de moyens&#8230; la d\u00e9l\u00e9gation a pr\u00e9f\u00e9r\u00e9 quitter la table.<\/span><\/p>\n<p style=\"text-align: justify\"><span style=\"color: #0000ff\">Surprenant ainsi la DRAAF-SRFD qui pensait nous endormir, le SNETAP-FSU des Hauts-de-France avec ses camarades du territoire fran\u00e7ais sont d\u00e9termin\u00e9s \u00e0 poursuivre la r\u00e9sistance.<\/span><\/p>\n<p style=\"text-align: center\"><strong><span style=\"color: #ff0000\">Toutes et tous ensemble, ne l\u00e2chons rien, poursuivons la r\u00e9sistance !<\/span><\/strong><\/p>\n<p style=\"text-align: center\"><strong><span style=\"color: #ff0000\">Nos jeunes m\u00e9ritent mieux que cela !<\/span><\/strong><\/p>\n<p><span style=\"color: #0000ff\">Ci-dessous le communiqu\u00e9 d&rsquo;une page du secr\u00e9tariat SNETAP-FSU des Hauts-de-France :<\/span><\/p>\n\n\t\t<div class=\"wppdfemb-frame-container-1\" style=\"-webkit-overflow-scrolling:auto;\">\n\t\t\t<iframe class=\"pdfembed-iframe nonfullscreen wppdf-emb-iframe-1\"\n\t\t\t\tsrc=\"https:\/\/regions-snetap-fsu.fr\/formation\/?pdfemb-data=eyJ1cmwiOiJodHRwczpcL1wvcmVnaW9ucy1zbmV0YXAtZnN1LmZyXC9oZGZcL3dwLWNvbnRlbnRcL3VwbG9hZHNcL3NpdGVzXC81XC8yMDE5XC8wNVwvQy1QcmVzc2UtQmlsYW4tMjEtbWFpLnBkZiIsInRpdGxlIjoiQyBQcmVzc2UgQmlsYW4gMjEgbWFpIiwiaW5kZXgiOjEsInBkZklEIjowfQ\"\n\t\t\t\ttitle=\"C Presse Bilan 21 mai\"\t\t\t\tdata-pdf-id=\"0\"\n\t\t\t\tdata-pdf-index=\"1\"\n\t\t\t\tstyle=\"border:none;width:100%;max-width:100%;height:100vh;\"\n\t\t\t\tscrolling=\"yes\">\n\t\t\t<\/iframe>\n\t\t<\/div>\n\n\t\t\n","protected":false},"excerpt":{"rendered":"<p>Le SNETAP-FSU des Hauts-de-France ferme et d\u00e9termin\u00e9 face \u00e0 la DRAAF Au cours du rassemblement-barbecue de grande ampleur de ce mardi 21 mai, une d\u00e9l\u00e9gation du SNETAP-FSU des Hauts-de-France a \u00e9t\u00e9 re\u00e7ue par la Directrice Adjointe de la DRAAF et la Cheffe du SRFD. Lien : SNETAP-FSU HdF &#8211; 21 mai 2019 : Une mobilisation [&hellip;]<\/p>\n","protected":false},"author":138,"featured_media":0,"comment_status":"closed","ping_status":"closed","sticky":false,"template":"","format":"standard","meta":{"ocean_post_layout":"","ocean_both_sidebars_style":"","ocean_both_sidebars_content_width":0,"ocean_both_sidebars_sidebars_width":0,"ocean_sidebar":"","ocean_second_sidebar":"","ocean_disable_margins":"enable","ocean_add_body_class":"","ocean_shortcode_before_top_bar":"","ocean_shortcode_after_top_bar":"","ocean_shortcode_before_header":"","ocean_shortcode_after_header":"","ocean_has_shortcode":"","ocean_shortcode_after_title":"","ocean_shortcode_before_footer_widgets":"","ocean_shortcode_after_footer_widgets":"","ocean_shortcode_before_footer_bottom":"","ocean_shortcode_after_footer_bottom":"","ocean_display_top_bar":"default","ocean_display_header":"default","ocean_header_style":"","ocean_center_header_left_menu":"","ocean_custom_header_template":"","ocean_custom_logo":0,"ocean_custom_retina_logo":0,"ocean_custom_logo_max_width":0,"ocean_custom_logo_tablet_max_width":0,"ocean_custom_logo_mobile_max_width":0,"ocean_custom_logo_max_height":0,"ocean_custom_logo_tablet_max_height":0,"ocean_custom_logo_mobile_max_height":0,"ocean_header_custom_menu":"","ocean_menu_typo_font_family":"","ocean_menu_typo_font_subset":"","ocean_menu_typo_font_size":0,"ocean_menu_typo_font_size_tablet":0,"ocean_menu_typo_font_size_mobile":0,"ocean_menu_typo_font_size_unit":"px","ocean_menu_typo_font_weight":"","ocean_menu_typo_font_weight_tablet":"","ocean_menu_typo_font_weight_mobile":"","ocean_menu_typo_transform":"","ocean_menu_typo_transform_tablet":"","ocean_menu_typo_transform_mobile":"","ocean_menu_typo_line_height":0,"ocean_menu_typo_line_height_tablet":0,"ocean_menu_typo_line_height_mobile":0,"ocean_menu_typo_line_height_unit":"","ocean_menu_typo_spacing":0,"ocean_menu_typo_spacing_tablet":0,"ocean_menu_typo_spacing_mobile":0,"ocean_menu_typo_spacing_unit":"","ocean_menu_link_color":"","ocean_menu_link_color_hover":"","ocean_menu_link_color_active":"","ocean_menu_link_background":"","ocean_menu_link_hover_background":"","ocean_menu_link_active_background":"","ocean_menu_social_links_bg":"","ocean_menu_social_hover_links_bg":"","ocean_menu_social_links_color":"","ocean_menu_social_hover_links_color":"","ocean_disable_title":"default","ocean_disable_heading":"default","ocean_post_title":"","ocean_post_subheading":"","ocean_post_title_style":"","ocean_post_title_background_color":"","ocean_post_title_background":0,"ocean_post_title_bg_image_position":"","ocean_post_title_bg_image_attachment":"","ocean_post_title_bg_image_repeat":"","ocean_post_title_bg_image_size":"","ocean_post_title_height":0,"ocean_post_title_bg_overlay":0.5,"ocean_post_title_bg_overlay_color":"","ocean_disable_breadcrumbs":"default","ocean_breadcrumbs_color":"","ocean_breadcrumbs_separator_color":"","ocean_breadcrumbs_links_color":"","ocean_breadcrumbs_links_hover_color":"","ocean_display_footer_widgets":"default","ocean_display_footer_bottom":"default","ocean_custom_footer_template":"","ocean_post_oembed":"","ocean_post_self_hosted_media":"","ocean_post_video_embed":"","ocean_link_format":"","ocean_link_format_target":"self","ocean_quote_format":"","ocean_quote_format_link":"post","ocean_gallery_link_images":"on","ocean_gallery_id":[],"footnotes":""},"categories":[3,11],"tags":[],"post_folder":[],"class_list":["post-2471","post","type-post","status-publish","format-standard","hentry","category-actions-greves-manifs","category-communiques","entry"],"yoast_head":"<!-- This site is optimized with the Yoast SEO plugin v27.4 - https:\/\/yoast.com\/product\/yoast-seo-wordpress\/ -->\n<title>21 mai 2019 : Le SNETAP-FSU ferme et d\u00e9termin\u00e9 face \u00e0 la DRAAF - Formation des sites R\u00e9gionaux du SNETAP-FSU<\/title>\n<meta name=\"robots\" content=\"index, follow, max-snippet:-1, max-image-preview:large, max-video-preview:-1\" \/>\n<link rel=\"canonical\" href=\"https:\/\/regions-snetap-fsu.fr\/formation\/2019\/05\/22\/21-mai-2019-le-snetap-fsu-ferme-et-determine-face-a-la-draaf\/\" \/>\n<meta property=\"og:locale\" content=\"fr_FR\" \/>\n<meta property=\"og:type\" content=\"article\" \/>\n<meta property=\"og:title\" content=\"21 mai 2019 : Le SNETAP-FSU ferme et d\u00e9termin\u00e9 face \u00e0 la DRAAF - Formation des sites R\u00e9gionaux du SNETAP-FSU\" \/>\n<meta property=\"og:description\" content=\"Le SNETAP-FSU des Hauts-de-France ferme et d\u00e9termin\u00e9 face \u00e0 la DRAAF Au cours du rassemblement-barbecue de grande ampleur de ce mardi 21 mai, une d\u00e9l\u00e9gation du SNETAP-FSU des Hauts-de-France a \u00e9t\u00e9 re\u00e7ue par la Directrice Adjointe de la DRAAF et la Cheffe du SRFD. Lien : SNETAP-FSU HdF &#8211; 21 mai 2019 : Une mobilisation [&hellip;]\" \/>\n<meta property=\"og:url\" content=\"https:\/\/regions-snetap-fsu.fr\/formation\/2019\/05\/22\/21-mai-2019-le-snetap-fsu-ferme-et-determine-face-a-la-draaf\/\" \/>\n<meta property=\"og:site_name\" content=\"Formation des sites R\u00e9gionaux du SNETAP-FSU\" \/>\n<meta property=\"article:published_time\" content=\"2019-05-21T22:27:00+00:00\" \/>\n<meta name=\"author\" content=\"yoctavien\" \/>\n<meta name=\"twitter:card\" content=\"summary_large_image\" \/>\n<meta name=\"twitter:label1\" content=\"\u00c9crit par\" \/>\n\t<meta name=\"twitter:data1\" content=\"yoctavien\" \/>\n\t<meta name=\"twitter:label2\" content=\"Dur\u00e9e de lecture estim\u00e9e\" \/>\n\t<meta name=\"twitter:data2\" content=\"1 minute\" \/>\n<script type=\"application\/ld+json\" class=\"yoast-schema-graph\">{\"@context\":\"https:\\\/\\\/schema.org\",\"@graph\":[{\"@type\":\"Article\",\"@id\":\"https:\\\/\\\/regions-snetap-fsu.fr\\\/formation\\\/2019\\\/05\\\/22\\\/21-mai-2019-le-snetap-fsu-ferme-et-determine-face-a-la-draaf\\\/#article\",\"isPartOf\":{\"@id\":\"https:\\\/\\\/regions-snetap-fsu.fr\\\/formation\\\/2019\\\/05\\\/22\\\/21-mai-2019-le-snetap-fsu-ferme-et-determine-face-a-la-draaf\\\/\"},\"author\":{\"name\":\"yoctavien\",\"@id\":\"https:\\\/\\\/regions-snetap-fsu.fr\\\/formation\\\/#\\\/schema\\\/person\\\/f5dc7b6354e942ca9c5fa8e9ff7e5c93\"},\"headline\":\"21 mai 2019 : Le SNETAP-FSU ferme et d\u00e9termin\u00e9 face \u00e0 la DRAAF\",\"datePublished\":\"2019-05-21T22:27:00+00:00\",\"mainEntityOfPage\":{\"@id\":\"https:\\\/\\\/regions-snetap-fsu.fr\\\/formation\\\/2019\\\/05\\\/22\\\/21-mai-2019-le-snetap-fsu-ferme-et-determine-face-a-la-draaf\\\/\"},\"wordCount\":199,\"publisher\":{\"@id\":\"https:\\\/\\\/regions-snetap-fsu.fr\\\/formation\\\/#organization\"},\"articleSection\":[\"Actions - Gr\u00e8ves - Manifs\",\"Communiqu\u00e9s\"],\"inLanguage\":\"fr-FR\"},{\"@type\":\"WebPage\",\"@id\":\"https:\\\/\\\/regions-snetap-fsu.fr\\\/formation\\\/2019\\\/05\\\/22\\\/21-mai-2019-le-snetap-fsu-ferme-et-determine-face-a-la-draaf\\\/\",\"url\":\"https:\\\/\\\/regions-snetap-fsu.fr\\\/formation\\\/2019\\\/05\\\/22\\\/21-mai-2019-le-snetap-fsu-ferme-et-determine-face-a-la-draaf\\\/\",\"name\":\"21 mai 2019 : Le SNETAP-FSU ferme et d\u00e9termin\u00e9 face \u00e0 la DRAAF - Formation des sites R\u00e9gionaux du SNETAP-FSU\",\"isPartOf\":{\"@id\":\"https:\\\/\\\/regions-snetap-fsu.fr\\\/formation\\\/#website\"},\"datePublished\":\"2019-05-21T22:27:00+00:00\",\"breadcrumb\":{\"@id\":\"https:\\\/\\\/regions-snetap-fsu.fr\\\/formation\\\/2019\\\/05\\\/22\\\/21-mai-2019-le-snetap-fsu-ferme-et-determine-face-a-la-draaf\\\/#breadcrumb\"},\"inLanguage\":\"fr-FR\",\"potentialAction\":[{\"@type\":\"ReadAction\",\"target\":[\"https:\\\/\\\/regions-snetap-fsu.fr\\\/formation\\\/2019\\\/05\\\/22\\\/21-mai-2019-le-snetap-fsu-ferme-et-determine-face-a-la-draaf\\\/\"]}]},{\"@type\":\"BreadcrumbList\",\"@id\":\"https:\\\/\\\/regions-snetap-fsu.fr\\\/formation\\\/2019\\\/05\\\/22\\\/21-mai-2019-le-snetap-fsu-ferme-et-determine-face-a-la-draaf\\\/#breadcrumb\",\"itemListElement\":[{\"@type\":\"ListItem\",\"position\":1,\"name\":\"Accueil\",\"item\":\"https:\\\/\\\/regions-snetap-fsu.fr\\\/formation\\\/\"},{\"@type\":\"ListItem\",\"position\":2,\"name\":\"21 mai 2019 : Le SNETAP-FSU ferme et d\u00e9termin\u00e9 face \u00e0 la DRAAF\"}]},{\"@type\":\"WebSite\",\"@id\":\"https:\\\/\\\/regions-snetap-fsu.fr\\\/formation\\\/#website\",\"url\":\"https:\\\/\\\/regions-snetap-fsu.fr\\\/formation\\\/\",\"name\":\"Formation des sites R\u00e9gionaux du SNETAP-FSU\",\"description\":\"\",\"publisher\":{\"@id\":\"https:\\\/\\\/regions-snetap-fsu.fr\\\/formation\\\/#organization\"},\"potentialAction\":[{\"@type\":\"SearchAction\",\"target\":{\"@type\":\"EntryPoint\",\"urlTemplate\":\"https:\\\/\\\/regions-snetap-fsu.fr\\\/formation\\\/?s={search_term_string}\"},\"query-input\":{\"@type\":\"PropertyValueSpecification\",\"valueRequired\":true,\"valueName\":\"search_term_string\"}}],\"inLanguage\":\"fr-FR\"},{\"@type\":\"Organization\",\"@id\":\"https:\\\/\\\/regions-snetap-fsu.fr\\\/formation\\\/#organization\",\"name\":\"Formation des sites R\u00e9gionaux du SNETAP-FSU\",\"url\":\"https:\\\/\\\/regions-snetap-fsu.fr\\\/formation\\\/\",\"logo\":{\"@type\":\"ImageObject\",\"inLanguage\":\"fr-FR\",\"@id\":\"https:\\\/\\\/regions-snetap-fsu.fr\\\/formation\\\/#\\\/schema\\\/logo\\\/image\\\/\",\"url\":\"https:\\\/\\\/regions-snetap-fsu.fr\\\/formation\\\/wp-content\\\/uploads\\\/sites\\\/20\\\/2025\\\/04\\\/cropped-Logo_blanc_fond_transparent_1000x755.png\",\"contentUrl\":\"https:\\\/\\\/regions-snetap-fsu.fr\\\/formation\\\/wp-content\\\/uploads\\\/sites\\\/20\\\/2025\\\/04\\\/cropped-Logo_blanc_fond_transparent_1000x755.png\",\"width\":998,\"height\":689,\"caption\":\"Formation des sites R\u00e9gionaux du SNETAP-FSU\"},\"image\":{\"@id\":\"https:\\\/\\\/regions-snetap-fsu.fr\\\/formation\\\/#\\\/schema\\\/logo\\\/image\\\/\"}},{\"@type\":\"Person\",\"@id\":\"https:\\\/\\\/regions-snetap-fsu.fr\\\/formation\\\/#\\\/schema\\\/person\\\/f5dc7b6354e942ca9c5fa8e9ff7e5c93\",\"name\":\"yoctavien\",\"image\":{\"@type\":\"ImageObject\",\"inLanguage\":\"fr-FR\",\"@id\":\"https:\\\/\\\/secure.gravatar.com\\\/avatar\\\/382642c092b6b9da14641d3c478df2f3da4a2d17eea25691c232d4dbf735c292?s=96&d=mm&r=g\",\"url\":\"https:\\\/\\\/secure.gravatar.com\\\/avatar\\\/382642c092b6b9da14641d3c478df2f3da4a2d17eea25691c232d4dbf735c292?s=96&d=mm&r=g\",\"contentUrl\":\"https:\\\/\\\/secure.gravatar.com\\\/avatar\\\/382642c092b6b9da14641d3c478df2f3da4a2d17eea25691c232d4dbf735c292?s=96&d=mm&r=g\",\"caption\":\"yoctavien\"},\"url\":\"https:\\\/\\\/regions-snetap-fsu.fr\\\/formation\\\/author\\\/yoctavien\\\/\"}]}<\/script>\n<!-- \/ Yoast SEO plugin. -->","yoast_head_json":{"title":"21 mai 2019 : Le SNETAP-FSU ferme et d\u00e9termin\u00e9 face \u00e0 la DRAAF - Formation des sites R\u00e9gionaux du SNETAP-FSU","robots":{"index":"index","follow":"follow","max-snippet":"max-snippet:-1","max-image-preview":"max-image-preview:large","max-video-preview":"max-video-preview:-1"},"canonical":"https:\/\/regions-snetap-fsu.fr\/formation\/2019\/05\/22\/21-mai-2019-le-snetap-fsu-ferme-et-determine-face-a-la-draaf\/","og_locale":"fr_FR","og_type":"article","og_title":"21 mai 2019 : Le SNETAP-FSU ferme et d\u00e9termin\u00e9 face \u00e0 la DRAAF - Formation des sites R\u00e9gionaux du SNETAP-FSU","og_description":"Le SNETAP-FSU des Hauts-de-France ferme et d\u00e9termin\u00e9 face \u00e0 la DRAAF Au cours du rassemblement-barbecue de grande ampleur de ce mardi 21 mai, une d\u00e9l\u00e9gation du SNETAP-FSU des Hauts-de-France a \u00e9t\u00e9 re\u00e7ue par la Directrice Adjointe de la DRAAF et la Cheffe du SRFD. Lien : SNETAP-FSU HdF &#8211; 21 mai 2019 : Une mobilisation [&hellip;]","og_url":"https:\/\/regions-snetap-fsu.fr\/formation\/2019\/05\/22\/21-mai-2019-le-snetap-fsu-ferme-et-determine-face-a-la-draaf\/","og_site_name":"Formation des sites R\u00e9gionaux du SNETAP-FSU","article_published_time":"2019-05-21T22:27:00+00:00","author":"yoctavien","twitter_card":"summary_large_image","twitter_misc":{"\u00c9crit par":"yoctavien","Dur\u00e9e de lecture estim\u00e9e":"1 minute"},"schema":{"@context":"https:\/\/schema.org","@graph":[{"@type":"Article","@id":"https:\/\/regions-snetap-fsu.fr\/formation\/2019\/05\/22\/21-mai-2019-le-snetap-fsu-ferme-et-determine-face-a-la-draaf\/#article","isPartOf":{"@id":"https:\/\/regions-snetap-fsu.fr\/formation\/2019\/05\/22\/21-mai-2019-le-snetap-fsu-ferme-et-determine-face-a-la-draaf\/"},"author":{"name":"yoctavien","@id":"https:\/\/regions-snetap-fsu.fr\/formation\/#\/schema\/person\/f5dc7b6354e942ca9c5fa8e9ff7e5c93"},"headline":"21 mai 2019 : Le SNETAP-FSU ferme et d\u00e9termin\u00e9 face \u00e0 la DRAAF","datePublished":"2019-05-21T22:27:00+00:00","mainEntityOfPage":{"@id":"https:\/\/regions-snetap-fsu.fr\/formation\/2019\/05\/22\/21-mai-2019-le-snetap-fsu-ferme-et-determine-face-a-la-draaf\/"},"wordCount":199,"publisher":{"@id":"https:\/\/regions-snetap-fsu.fr\/formation\/#organization"},"articleSection":["Actions - Gr\u00e8ves - Manifs","Communiqu\u00e9s"],"inLanguage":"fr-FR"},{"@type":"WebPage","@id":"https:\/\/regions-snetap-fsu.fr\/formation\/2019\/05\/22\/21-mai-2019-le-snetap-fsu-ferme-et-determine-face-a-la-draaf\/","url":"https:\/\/regions-snetap-fsu.fr\/formation\/2019\/05\/22\/21-mai-2019-le-snetap-fsu-ferme-et-determine-face-a-la-draaf\/","name":"21 mai 2019 : Le SNETAP-FSU ferme et d\u00e9termin\u00e9 face \u00e0 la DRAAF - Formation des sites R\u00e9gionaux du SNETAP-FSU","isPartOf":{"@id":"https:\/\/regions-snetap-fsu.fr\/formation\/#website"},"datePublished":"2019-05-21T22:27:00+00:00","breadcrumb":{"@id":"https:\/\/regions-snetap-fsu.fr\/formation\/2019\/05\/22\/21-mai-2019-le-snetap-fsu-ferme-et-determine-face-a-la-draaf\/#breadcrumb"},"inLanguage":"fr-FR","potentialAction":[{"@type":"ReadAction","target":["https:\/\/regions-snetap-fsu.fr\/formation\/2019\/05\/22\/21-mai-2019-le-snetap-fsu-ferme-et-determine-face-a-la-draaf\/"]}]},{"@type":"BreadcrumbList","@id":"https:\/\/regions-snetap-fsu.fr\/formation\/2019\/05\/22\/21-mai-2019-le-snetap-fsu-ferme-et-determine-face-a-la-draaf\/#breadcrumb","itemListElement":[{"@type":"ListItem","position":1,"name":"Accueil","item":"https:\/\/regions-snetap-fsu.fr\/formation\/"},{"@type":"ListItem","position":2,"name":"21 mai 2019 : Le SNETAP-FSU ferme et d\u00e9termin\u00e9 face \u00e0 la DRAAF"}]},{"@type":"WebSite","@id":"https:\/\/regions-snetap-fsu.fr\/formation\/#website","url":"https:\/\/regions-snetap-fsu.fr\/formation\/","name":"Formation des sites R\u00e9gionaux du SNETAP-FSU","description":"","publisher":{"@id":"https:\/\/regions-snetap-fsu.fr\/formation\/#organization"},"potentialAction":[{"@type":"SearchAction","target":{"@type":"EntryPoint","urlTemplate":"https:\/\/regions-snetap-fsu.fr\/formation\/?s={search_term_string}"},"query-input":{"@type":"PropertyValueSpecification","valueRequired":true,"valueName":"search_term_string"}}],"inLanguage":"fr-FR"},{"@type":"Organization","@id":"https:\/\/regions-snetap-fsu.fr\/formation\/#organization","name":"Formation des sites R\u00e9gionaux du SNETAP-FSU","url":"https:\/\/regions-snetap-fsu.fr\/formation\/","logo":{"@type":"ImageObject","inLanguage":"fr-FR","@id":"https:\/\/regions-snetap-fsu.fr\/formation\/#\/schema\/logo\/image\/","url":"https:\/\/regions-snetap-fsu.fr\/formation\/wp-content\/uploads\/sites\/20\/2025\/04\/cropped-Logo_blanc_fond_transparent_1000x755.png","contentUrl":"https:\/\/regions-snetap-fsu.fr\/formation\/wp-content\/uploads\/sites\/20\/2025\/04\/cropped-Logo_blanc_fond_transparent_1000x755.png","width":998,"height":689,"caption":"Formation des sites R\u00e9gionaux du SNETAP-FSU"},"image":{"@id":"https:\/\/regions-snetap-fsu.fr\/formation\/#\/schema\/logo\/image\/"}},{"@type":"Person","@id":"https:\/\/regions-snetap-fsu.fr\/formation\/#\/schema\/person\/f5dc7b6354e942ca9c5fa8e9ff7e5c93","name":"yoctavien","image":{"@type":"ImageObject","inLanguage":"fr-FR","@id":"https:\/\/secure.gravatar.com\/avatar\/382642c092b6b9da14641d3c478df2f3da4a2d17eea25691c232d4dbf735c292?s=96&d=mm&r=g","url":"https:\/\/secure.gravatar.com\/avatar\/382642c092b6b9da14641d3c478df2f3da4a2d17eea25691c232d4dbf735c292?s=96&d=mm&r=g","contentUrl":"https:\/\/secure.gravatar.com\/avatar\/382642c092b6b9da14641d3c478df2f3da4a2d17eea25691c232d4dbf735c292?s=96&d=mm&r=g","caption":"yoctavien"},"url":"https:\/\/regions-snetap-fsu.fr\/formation\/author\/yoctavien\/"}]}},"_links":{"self":[{"href":"https:\/\/regions-snetap-fsu.fr\/formation\/wp-json\/wp\/v2\/posts\/2471","targetHints":{"allow":["GET"]}}],"collection":[{"href":"https:\/\/regions-snetap-fsu.fr\/formation\/wp-json\/wp\/v2\/posts"}],"about":[{"href":"https:\/\/regions-snetap-fsu.fr\/formation\/wp-json\/wp\/v2\/types\/post"}],"author":[{"embeddable":true,"href":"https:\/\/regions-snetap-fsu.fr\/formation\/wp-json\/wp\/v2\/users\/138"}],"replies":[{"embeddable":true,"href":"https:\/\/regions-snetap-fsu.fr\/formation\/wp-json\/wp\/v2\/comments?post=2471"}],"version-history":[{"count":0,"href":"https:\/\/regions-snetap-fsu.fr\/formation\/wp-json\/wp\/v2\/posts\/2471\/revisions"}],"wp:attachment":[{"href":"https:\/\/regions-snetap-fsu.fr\/formation\/wp-json\/wp\/v2\/media?parent=2471"}],"wp:term":[{"taxonomy":"category","embeddable":true,"href":"https:\/\/regions-snetap-fsu.fr\/formation\/wp-json\/wp\/v2\/categories?post=2471"},{"taxonomy":"post_tag","embeddable":true,"href":"https:\/\/regions-snetap-fsu.fr\/formation\/wp-json\/wp\/v2\/tags?post=2471"},{"taxonomy":"post_folder","embeddable":true,"href":"https:\/\/regions-snetap-fsu.fr\/formation\/wp-json\/wp\/v2\/post_folder?post=2471"}],"curies":[{"name":"wp","href":"https:\/\/api.w.org\/{rel}","templated":true}]}}