{"id":2448,"date":"2019-05-22T00:26:44","date_gmt":"2019-05-21T22:26:44","guid":{"rendered":"https:\/\/regions-snetap-fsu.fr\/hdf\/?p=2448"},"modified":"2019-05-22T00:26:44","modified_gmt":"2019-05-21T22:26:44","slug":"21-mai-2019-une-mobilisation-du-snetap-fsu-des-hauts-de-france-de-grande-ampleur","status":"publish","type":"post","link":"https:\/\/regions-snetap-fsu.fr\/formation\/2019\/05\/22\/21-mai-2019-une-mobilisation-du-snetap-fsu-des-hauts-de-france-de-grande-ampleur\/","title":{"rendered":"21 mai 2019 : Une mobilisation du SNETAP-FSU des Hauts-de-France de grande ampleur"},"content":{"rendered":"<h2 style=\"text-align: center\"><span style=\"color: #ff0000\">21 mai 2019 : Une mobilisation du SNETAP-FSU des Hauts-de-France d&rsquo;une ampleur jamais vu depuis 10 ans !<\/span><\/h2>\n<p style=\"text-align: justify\"><span style=\"color: #0000ff\">Contre la baisse de moyens, la r\u00e9duction du nombre de postes et le d\u00e9r\u00e8glement de l&rsquo;Enseignement Agricole Public, une cinquantaine de manifestant\u00b7es s&rsquo;\u00e9taient rassembl\u00e9\u00b7es ce mardi 21 mai midi devant la DRAAF-SRFD.<\/span><\/p>\n<p style=\"text-align: justify\"><span style=\"color: #0000ff\">Autour d&rsquo;un barbecue et dans le calme, nous avons d\u00e9nonc\u00e9 aux m\u00e9dias pr\u00e9sents la d\u00e9gradation de nos conditions p\u00e9dagogiques, de travail et la perte de moyen humain\u00a0 programm\u00e9es par la DGER. Ci-dessous les liens pour les journaux t\u00e9l\u00e9vis\u00e9s qui se compl\u00e8tent dans l&rsquo;information de notre action et revendications.<\/span><\/p>\n<p><span style=\"text-decoration: underline\"><span style=\"color: #000000\"><a style=\"color: #000000;text-decoration: underline\" href=\"https:\/\/drive.google.com\/open?id=1VGg-ZuOFtl4c-WclJspONNg4DlArS8U3\" target=\"_blank\" rel=\"noopener noreferrer\">Lien : France3 Hauts-de-France &#8211; JT Picardie \u00d7 3<\/a><\/span><\/span><\/p>\n<p><span style=\"text-decoration: underline\"><span style=\"color: #000000\"><a style=\"color: #000000;text-decoration: underline\" href=\"https:\/\/www.weo.fr\/video\/lenseignement-agricole-manifeste\/\" target=\"_blank\" rel=\"noopener noreferrer\">Lien : W\u00e9o &#8211; L&rsquo;enseignement agricole manifeste<\/a><\/span><\/span><\/p>\n<p style=\"text-align: justify\"><span style=\"color: #0000ff\">Un article du \u00ab\u00a0Courrier Picard\u00a0\u00bb :<\/span><\/p>\n<figure id=\"attachment_2494\" aria-describedby=\"caption-attachment-2494\" style=\"width: 772px\" class=\"wp-caption aligncenter\"><img fetchpriority=\"high\" decoding=\"async\" class=\"wp-image-2494 size-full\" src=\"https:\/\/regions-snetap-fsu.fr\/hdf\/wp-content\/uploads\/sites\/5\/2019\/05\/Courrier_Picard_du_22-05-19_manif_21-05-19.png\" alt=\"\" width=\"772\" height=\"895\" \/><figcaption id=\"caption-attachment-2494\" class=\"wp-caption-text\">Courrier Picard du 22\/05\/2019<\/figcaption><\/figure>\n<p><span style=\"color: #0000ff\">Un article de \u00ab\u00a0Terres et Territoires\u00a0\u00bb :<\/span><\/p>\n\n\t\t<div class=\"wppdfemb-frame-container-1\" style=\"-webkit-overflow-scrolling:auto;\">\n\t\t\t<iframe class=\"pdfembed-iframe nonfullscreen wppdf-emb-iframe-1\"\n\t\t\t\tsrc=\"https:\/\/regions-snetap-fsu.fr\/formation\/?pdfemb-data=eyJ1cmwiOiJodHRwczpcL1wvcmVnaW9ucy1zbmV0YXAtZnN1LmZyXC9oZGZcL3dwLWNvbnRlbnRcL3VwbG9hZHNcL3NpdGVzXC81XC8yMDE5XC8wNVwvVGVycmVzX2V0X1RlcnJpdG9pcmVzX2R1XzI0bWFpX1Jhc3NlbWJsZW1lbnRfRFJBQUZfMjFtYWkucGRmIiwiaW5kZXgiOjEsInBkZklEIjowfQ\"\n\t\t\t\t\t\t\t\tdata-pdf-id=\"0\"\n\t\t\t\tdata-pdf-index=\"1\"\n\t\t\t\tstyle=\"border:none;width:100%;max-width:100%;height:100vh;\"\n\t\t\t\tscrolling=\"yes\">\n\t\t\t<\/iframe>\n\t\t<\/div>\n\n\t\t\n<p style=\"text-align: justify\"><span style=\"color: #0000ff\">Ensuite une d\u00e9l\u00e9gation a \u00e9t\u00e9 re\u00e7ue par la DRAAF-SRFD. Pour le bilan de cette rencontre consultez l&rsquo;article d\u00e9di\u00e9 au lien ci-dessous :<\/span><\/p>\n<p><span style=\"text-decoration: underline\"><span style=\"color: #000000\"><a style=\"color: #000000;text-decoration: underline\" href=\"https:\/\/regions-snetap-fsu.fr\/hdf\/?p=2471&amp;preview=true\" target=\"_blank\" rel=\"noopener noreferrer\">Lien : SNETAP-FSU HdF &#8211; 21 mai 2019 : Le SNETAP-FSU ferme et d\u00e9termin\u00e9 face \u00e0 la DRAAF<\/a><\/span><\/span><\/p>\n<p style=\"text-align: justify\"><strong><span style=\"color: #0000ff\">Cette mobilisation d&rsquo;un genre in\u00e9dit a \u00e9t\u00e9 un succ\u00e8s. La derni\u00e8re manifestation de cette ampleur date de presque 10 ann\u00e9es.<\/span><\/strong><\/p>\n<figure id=\"attachment_2455\" aria-describedby=\"caption-attachment-2455\" style=\"width: 605px\" class=\"wp-caption aligncenter\"><img decoding=\"async\" class=\"wp-image-2455 size-large\" src=\"https:\/\/regions-snetap-fsu.fr\/hdf\/wp-content\/uploads\/sites\/5\/2019\/05\/21mai_Banderole-1024x609.jpg\" alt=\"\" width=\"605\" height=\"360\" \/><figcaption id=\"caption-attachment-2455\" class=\"wp-caption-text\">La banderole SNETAP-FSU<\/figcaption><\/figure>\n<figure id=\"attachment_2454\" aria-describedby=\"caption-attachment-2454\" style=\"width: 300px\" class=\"wp-caption aligncenter\"><img decoding=\"async\" class=\"size-medium wp-image-2454\" src=\"https:\/\/regions-snetap-fsu.fr\/hdf\/wp-content\/uploads\/sites\/5\/2019\/05\/21mai_arrivee_manifestants-300x273.jpg\" alt=\"\" width=\"300\" height=\"273\" \/><figcaption id=\"caption-attachment-2454\" class=\"wp-caption-text\">L&rsquo;arriv\u00e9e des manifestant\u00b7es<\/figcaption><\/figure>\n<figure id=\"attachment_2457\" aria-describedby=\"caption-attachment-2457\" style=\"width: 300px\" class=\"wp-caption aligncenter\"><img loading=\"lazy\" decoding=\"async\" class=\"size-medium wp-image-2457\" src=\"https:\/\/regions-snetap-fsu.fr\/hdf\/wp-content\/uploads\/sites\/5\/2019\/05\/21mai_installation_barbecue-300x191.jpg\" alt=\"\" width=\"300\" height=\"191\" \/><figcaption id=\"caption-attachment-2457\" class=\"wp-caption-text\">Les manifestant\u00b7es s&rsquo;installent<\/figcaption><\/figure>\n<figure id=\"attachment_2453\" aria-describedby=\"caption-attachment-2453\" style=\"width: 300px\" class=\"wp-caption aligncenter\"><img loading=\"lazy\" decoding=\"async\" class=\"size-medium wp-image-2453\" src=\"https:\/\/regions-snetap-fsu.fr\/hdf\/wp-content\/uploads\/sites\/5\/2019\/05\/21mai_Allee_DRAAF-300x225.jpg\" alt=\"\" width=\"300\" height=\"225\" \/><figcaption id=\"caption-attachment-2453\" class=\"wp-caption-text\">L\u2019accueil de la DRAAF am\u00e9nag\u00e9 \u00e0 la fa\u00e7on SNETAP-FSU<\/figcaption><\/figure>\n<figure id=\"attachment_2461\" aria-describedby=\"caption-attachment-2461\" style=\"width: 605px\" class=\"wp-caption aligncenter\"><img loading=\"lazy\" decoding=\"async\" class=\"wp-image-2461 size-large\" src=\"https:\/\/regions-snetap-fsu.fr\/hdf\/wp-content\/uploads\/sites\/5\/2019\/05\/21mai_Portes_DRAAF-1024x768.jpg\" alt=\"\" width=\"605\" height=\"454\" \/><figcaption id=\"caption-attachment-2461\" class=\"wp-caption-text\">Placardage des portes de la DRAAF<\/figcaption><\/figure>\n<figure id=\"attachment_2456\" aria-describedby=\"caption-attachment-2456\" style=\"width: 605px\" class=\"wp-caption aligncenter\"><img loading=\"lazy\" decoding=\"async\" class=\"wp-image-2456 size-large\" src=\"https:\/\/regions-snetap-fsu.fr\/hdf\/wp-content\/uploads\/sites\/5\/2019\/05\/21mai_installation-1024x653.jpg\" alt=\"\" width=\"605\" height=\"386\" \/><figcaption id=\"caption-attachment-2456\" class=\"wp-caption-text\">Eh oui du pognon il y en a, mais pas pour l&rsquo;EAP ! Rendez le pognon de dingue pour l&rsquo;EAP !<\/figcaption><\/figure>\n<figure id=\"attachment_2460\" aria-describedby=\"caption-attachment-2460\" style=\"width: 300px\" class=\"wp-caption aligncenter\"><img loading=\"lazy\" decoding=\"async\" class=\"size-medium wp-image-2460\" src=\"https:\/\/regions-snetap-fsu.fr\/hdf\/wp-content\/uploads\/sites\/5\/2019\/05\/21mai_point_presse-300x152.jpg\" alt=\"\" width=\"300\" height=\"152\" \/><figcaption id=\"caption-attachment-2460\" class=\"wp-caption-text\">Les m\u00e9dias \u00e0 l&rsquo;\u00e9coute !<\/figcaption><\/figure>\n<figure id=\"attachment_2462\" aria-describedby=\"caption-attachment-2462\" style=\"width: 300px\" class=\"wp-caption aligncenter\"><img loading=\"lazy\" decoding=\"async\" class=\"size-medium wp-image-2462\" src=\"https:\/\/regions-snetap-fsu.fr\/hdf\/wp-content\/uploads\/sites\/5\/2019\/05\/21mai_repas-300x169.jpg\" alt=\"\" width=\"300\" height=\"169\" \/><figcaption id=\"caption-attachment-2462\" class=\"wp-caption-text\">Dans l&rsquo;attente de la rencontre avec la DRAAF-SRFD<\/figcaption><\/figure>\n<figure id=\"attachment_2459\" aria-describedby=\"caption-attachment-2459\" style=\"width: 605px\" class=\"wp-caption aligncenter\"><img loading=\"lazy\" decoding=\"async\" class=\"wp-image-2459 size-large\" src=\"https:\/\/regions-snetap-fsu.fr\/hdf\/wp-content\/uploads\/sites\/5\/2019\/05\/21mai_Plus_de_Profs_Moins_de_Glypho-1024x535.jpg\" alt=\"\" width=\"605\" height=\"316\" \/><figcaption id=\"caption-attachment-2459\" class=\"wp-caption-text\">Plus de Profs, moins de Glypho !<\/figcaption><\/figure>\n<figure id=\"attachment_2458\" aria-describedby=\"caption-attachment-2458\" style=\"width: 605px\" class=\"wp-caption aligncenter\"><img loading=\"lazy\" decoding=\"async\" class=\"wp-image-2458 size-large\" src=\"https:\/\/regions-snetap-fsu.fr\/hdf\/wp-content\/uploads\/sites\/5\/2019\/05\/21mai_Paradis_Radis-1024x564.jpg\" alt=\"\" width=\"605\" height=\"333\" \/><figcaption id=\"caption-attachment-2458\" class=\"wp-caption-text\">Paradis pour les uns, pas un radis pour l&rsquo;Enseignement Agricole Public !<\/figcaption><\/figure>\n<p>&nbsp;<\/p>\n","protected":false},"excerpt":{"rendered":"<p>21 mai 2019 : Une mobilisation du SNETAP-FSU des Hauts-de-France d&rsquo;une ampleur jamais vu depuis 10 ans ! Contre la baisse de moyens, la r\u00e9duction du nombre de postes et le d\u00e9r\u00e8glement de l&rsquo;Enseignement Agricole Public, une cinquantaine de manifestant\u00b7es s&rsquo;\u00e9taient rassembl\u00e9\u00b7es ce mardi 21 mai midi devant la DRAAF-SRFD. Autour d&rsquo;un barbecue et dans [&hellip;]<\/p>\n","protected":false},"author":138,"featured_media":0,"comment_status":"closed","ping_status":"closed","sticky":false,"template":"","format":"standard","meta":{"ocean_post_layout":"","ocean_both_sidebars_style":"","ocean_both_sidebars_content_width":0,"ocean_both_sidebars_sidebars_width":0,"ocean_sidebar":"","ocean_second_sidebar":"","ocean_disable_margins":"enable","ocean_add_body_class":"","ocean_shortcode_before_top_bar":"","ocean_shortcode_after_top_bar":"","ocean_shortcode_before_header":"","ocean_shortcode_after_header":"","ocean_has_shortcode":"","ocean_shortcode_after_title":"","ocean_shortcode_before_footer_widgets":"","ocean_shortcode_after_footer_widgets":"","ocean_shortcode_before_footer_bottom":"","ocean_shortcode_after_footer_bottom":"","ocean_display_top_bar":"default","ocean_display_header":"default","ocean_header_style":"","ocean_center_header_left_menu":"","ocean_custom_header_template":"","ocean_custom_logo":0,"ocean_custom_retina_logo":0,"ocean_custom_logo_max_width":0,"ocean_custom_logo_tablet_max_width":0,"ocean_custom_logo_mobile_max_width":0,"ocean_custom_logo_max_height":0,"ocean_custom_logo_tablet_max_height":0,"ocean_custom_logo_mobile_max_height":0,"ocean_header_custom_menu":"","ocean_menu_typo_font_family":"","ocean_menu_typo_font_subset":"","ocean_menu_typo_font_size":0,"ocean_menu_typo_font_size_tablet":0,"ocean_menu_typo_font_size_mobile":0,"ocean_menu_typo_font_size_unit":"px","ocean_menu_typo_font_weight":"","ocean_menu_typo_font_weight_tablet":"","ocean_menu_typo_font_weight_mobile":"","ocean_menu_typo_transform":"","ocean_menu_typo_transform_tablet":"","ocean_menu_typo_transform_mobile":"","ocean_menu_typo_line_height":0,"ocean_menu_typo_line_height_tablet":0,"ocean_menu_typo_line_height_mobile":0,"ocean_menu_typo_line_height_unit":"","ocean_menu_typo_spacing":0,"ocean_menu_typo_spacing_tablet":0,"ocean_menu_typo_spacing_mobile":0,"ocean_menu_typo_spacing_unit":"","ocean_menu_link_color":"","ocean_menu_link_color_hover":"","ocean_menu_link_color_active":"","ocean_menu_link_background":"","ocean_menu_link_hover_background":"","ocean_menu_link_active_background":"","ocean_menu_social_links_bg":"","ocean_menu_social_hover_links_bg":"","ocean_menu_social_links_color":"","ocean_menu_social_hover_links_color":"","ocean_disable_title":"default","ocean_disable_heading":"default","ocean_post_title":"","ocean_post_subheading":"","ocean_post_title_style":"","ocean_post_title_background_color":"","ocean_post_title_background":0,"ocean_post_title_bg_image_position":"","ocean_post_title_bg_image_attachment":"","ocean_post_title_bg_image_repeat":"","ocean_post_title_bg_image_size":"","ocean_post_title_height":0,"ocean_post_title_bg_overlay":0.5,"ocean_post_title_bg_overlay_color":"","ocean_disable_breadcrumbs":"default","ocean_breadcrumbs_color":"","ocean_breadcrumbs_separator_color":"","ocean_breadcrumbs_links_color":"","ocean_breadcrumbs_links_hover_color":"","ocean_display_footer_widgets":"default","ocean_display_footer_bottom":"default","ocean_custom_footer_template":"","ocean_post_oembed":"","ocean_post_self_hosted_media":"","ocean_post_video_embed":"","ocean_link_format":"","ocean_link_format_target":"self","ocean_quote_format":"","ocean_quote_format_link":"post","ocean_gallery_link_images":"on","ocean_gallery_id":[],"footnotes":""},"categories":[3,11],"tags":[],"post_folder":[],"class_list":["post-2448","post","type-post","status-publish","format-standard","hentry","category-actions-greves-manifs","category-communiques","entry"],"yoast_head":"<!-- This site is optimized with the Yoast SEO plugin v27.4 - https:\/\/yoast.com\/product\/yoast-seo-wordpress\/ -->\n<title>21 mai 2019 : Une mobilisation du SNETAP-FSU des Hauts-de-France de grande ampleur - Formation des sites R\u00e9gionaux du SNETAP-FSU<\/title>\n<meta name=\"robots\" content=\"index, follow, max-snippet:-1, max-image-preview:large, max-video-preview:-1\" \/>\n<link rel=\"canonical\" href=\"https:\/\/regions-snetap-fsu.fr\/formation\/2019\/05\/22\/21-mai-2019-une-mobilisation-du-snetap-fsu-des-hauts-de-france-de-grande-ampleur\/\" \/>\n<meta property=\"og:locale\" content=\"fr_FR\" \/>\n<meta property=\"og:type\" content=\"article\" \/>\n<meta property=\"og:title\" content=\"21 mai 2019 : Une mobilisation du SNETAP-FSU des Hauts-de-France de grande ampleur - Formation des sites R\u00e9gionaux du SNETAP-FSU\" \/>\n<meta property=\"og:description\" content=\"21 mai 2019 : Une mobilisation du SNETAP-FSU des Hauts-de-France d&rsquo;une ampleur jamais vu depuis 10 ans ! Contre la baisse de moyens, la r\u00e9duction du nombre de postes et le d\u00e9r\u00e8glement de l&rsquo;Enseignement Agricole Public, une cinquantaine de manifestant\u00b7es s&rsquo;\u00e9taient rassembl\u00e9\u00b7es ce mardi 21 mai midi devant la DRAAF-SRFD. Autour d&rsquo;un barbecue et dans [&hellip;]\" \/>\n<meta property=\"og:url\" content=\"https:\/\/regions-snetap-fsu.fr\/formation\/2019\/05\/22\/21-mai-2019-une-mobilisation-du-snetap-fsu-des-hauts-de-france-de-grande-ampleur\/\" \/>\n<meta property=\"og:site_name\" content=\"Formation des sites R\u00e9gionaux du SNETAP-FSU\" \/>\n<meta property=\"article:published_time\" content=\"2019-05-21T22:26:44+00:00\" \/>\n<meta name=\"author\" content=\"yoctavien\" \/>\n<meta name=\"twitter:card\" content=\"summary_large_image\" \/>\n<meta name=\"twitter:label1\" content=\"\u00c9crit par\" \/>\n\t<meta name=\"twitter:data1\" content=\"yoctavien\" \/>\n\t<meta name=\"twitter:label2\" content=\"Dur\u00e9e de lecture estim\u00e9e\" \/>\n\t<meta name=\"twitter:data2\" content=\"2 minutes\" \/>\n<script type=\"application\/ld+json\" class=\"yoast-schema-graph\">{\"@context\":\"https:\\\/\\\/schema.org\",\"@graph\":[{\"@type\":\"Article\",\"@id\":\"https:\\\/\\\/regions-snetap-fsu.fr\\\/formation\\\/2019\\\/05\\\/22\\\/21-mai-2019-une-mobilisation-du-snetap-fsu-des-hauts-de-france-de-grande-ampleur\\\/#article\",\"isPartOf\":{\"@id\":\"https:\\\/\\\/regions-snetap-fsu.fr\\\/formation\\\/2019\\\/05\\\/22\\\/21-mai-2019-une-mobilisation-du-snetap-fsu-des-hauts-de-france-de-grande-ampleur\\\/\"},\"author\":{\"name\":\"yoctavien\",\"@id\":\"https:\\\/\\\/regions-snetap-fsu.fr\\\/formation\\\/#\\\/schema\\\/person\\\/f5dc7b6354e942ca9c5fa8e9ff7e5c93\"},\"headline\":\"21 mai 2019 : Une mobilisation du SNETAP-FSU des Hauts-de-France de grande ampleur\",\"datePublished\":\"2019-05-21T22:26:44+00:00\",\"mainEntityOfPage\":{\"@id\":\"https:\\\/\\\/regions-snetap-fsu.fr\\\/formation\\\/2019\\\/05\\\/22\\\/21-mai-2019-une-mobilisation-du-snetap-fsu-des-hauts-de-france-de-grande-ampleur\\\/\"},\"wordCount\":394,\"publisher\":{\"@id\":\"https:\\\/\\\/regions-snetap-fsu.fr\\\/formation\\\/#organization\"},\"image\":{\"@id\":\"https:\\\/\\\/regions-snetap-fsu.fr\\\/formation\\\/2019\\\/05\\\/22\\\/21-mai-2019-une-mobilisation-du-snetap-fsu-des-hauts-de-france-de-grande-ampleur\\\/#primaryimage\"},\"thumbnailUrl\":\"https:\\\/\\\/regions-snetap-fsu.fr\\\/hdf\\\/wp-content\\\/uploads\\\/sites\\\/5\\\/2019\\\/05\\\/Courrier_Picard_du_22-05-19_manif_21-05-19.png\",\"articleSection\":[\"Actions - Gr\u00e8ves - Manifs\",\"Communiqu\u00e9s\"],\"inLanguage\":\"fr-FR\"},{\"@type\":\"WebPage\",\"@id\":\"https:\\\/\\\/regions-snetap-fsu.fr\\\/formation\\\/2019\\\/05\\\/22\\\/21-mai-2019-une-mobilisation-du-snetap-fsu-des-hauts-de-france-de-grande-ampleur\\\/\",\"url\":\"https:\\\/\\\/regions-snetap-fsu.fr\\\/formation\\\/2019\\\/05\\\/22\\\/21-mai-2019-une-mobilisation-du-snetap-fsu-des-hauts-de-france-de-grande-ampleur\\\/\",\"name\":\"21 mai 2019 : Une mobilisation du SNETAP-FSU des Hauts-de-France de grande ampleur - Formation des sites R\u00e9gionaux du SNETAP-FSU\",\"isPartOf\":{\"@id\":\"https:\\\/\\\/regions-snetap-fsu.fr\\\/formation\\\/#website\"},\"primaryImageOfPage\":{\"@id\":\"https:\\\/\\\/regions-snetap-fsu.fr\\\/formation\\\/2019\\\/05\\\/22\\\/21-mai-2019-une-mobilisation-du-snetap-fsu-des-hauts-de-france-de-grande-ampleur\\\/#primaryimage\"},\"image\":{\"@id\":\"https:\\\/\\\/regions-snetap-fsu.fr\\\/formation\\\/2019\\\/05\\\/22\\\/21-mai-2019-une-mobilisation-du-snetap-fsu-des-hauts-de-france-de-grande-ampleur\\\/#primaryimage\"},\"thumbnailUrl\":\"https:\\\/\\\/regions-snetap-fsu.fr\\\/hdf\\\/wp-content\\\/uploads\\\/sites\\\/5\\\/2019\\\/05\\\/Courrier_Picard_du_22-05-19_manif_21-05-19.png\",\"datePublished\":\"2019-05-21T22:26:44+00:00\",\"breadcrumb\":{\"@id\":\"https:\\\/\\\/regions-snetap-fsu.fr\\\/formation\\\/2019\\\/05\\\/22\\\/21-mai-2019-une-mobilisation-du-snetap-fsu-des-hauts-de-france-de-grande-ampleur\\\/#breadcrumb\"},\"inLanguage\":\"fr-FR\",\"potentialAction\":[{\"@type\":\"ReadAction\",\"target\":[\"https:\\\/\\\/regions-snetap-fsu.fr\\\/formation\\\/2019\\\/05\\\/22\\\/21-mai-2019-une-mobilisation-du-snetap-fsu-des-hauts-de-france-de-grande-ampleur\\\/\"]}]},{\"@type\":\"ImageObject\",\"inLanguage\":\"fr-FR\",\"@id\":\"https:\\\/\\\/regions-snetap-fsu.fr\\\/formation\\\/2019\\\/05\\\/22\\\/21-mai-2019-une-mobilisation-du-snetap-fsu-des-hauts-de-france-de-grande-ampleur\\\/#primaryimage\",\"url\":\"https:\\\/\\\/regions-snetap-fsu.fr\\\/hdf\\\/wp-content\\\/uploads\\\/sites\\\/5\\\/2019\\\/05\\\/Courrier_Picard_du_22-05-19_manif_21-05-19.png\",\"contentUrl\":\"https:\\\/\\\/regions-snetap-fsu.fr\\\/hdf\\\/wp-content\\\/uploads\\\/sites\\\/5\\\/2019\\\/05\\\/Courrier_Picard_du_22-05-19_manif_21-05-19.png\"},{\"@type\":\"BreadcrumbList\",\"@id\":\"https:\\\/\\\/regions-snetap-fsu.fr\\\/formation\\\/2019\\\/05\\\/22\\\/21-mai-2019-une-mobilisation-du-snetap-fsu-des-hauts-de-france-de-grande-ampleur\\\/#breadcrumb\",\"itemListElement\":[{\"@type\":\"ListItem\",\"position\":1,\"name\":\"Accueil\",\"item\":\"https:\\\/\\\/regions-snetap-fsu.fr\\\/formation\\\/\"},{\"@type\":\"ListItem\",\"position\":2,\"name\":\"21 mai 2019 : Une mobilisation du SNETAP-FSU des Hauts-de-France de grande ampleur\"}]},{\"@type\":\"WebSite\",\"@id\":\"https:\\\/\\\/regions-snetap-fsu.fr\\\/formation\\\/#website\",\"url\":\"https:\\\/\\\/regions-snetap-fsu.fr\\\/formation\\\/\",\"name\":\"Formation des sites R\u00e9gionaux du SNETAP-FSU\",\"description\":\"\",\"publisher\":{\"@id\":\"https:\\\/\\\/regions-snetap-fsu.fr\\\/formation\\\/#organization\"},\"potentialAction\":[{\"@type\":\"SearchAction\",\"target\":{\"@type\":\"EntryPoint\",\"urlTemplate\":\"https:\\\/\\\/regions-snetap-fsu.fr\\\/formation\\\/?s={search_term_string}\"},\"query-input\":{\"@type\":\"PropertyValueSpecification\",\"valueRequired\":true,\"valueName\":\"search_term_string\"}}],\"inLanguage\":\"fr-FR\"},{\"@type\":\"Organization\",\"@id\":\"https:\\\/\\\/regions-snetap-fsu.fr\\\/formation\\\/#organization\",\"name\":\"Formation des sites R\u00e9gionaux du SNETAP-FSU\",\"url\":\"https:\\\/\\\/regions-snetap-fsu.fr\\\/formation\\\/\",\"logo\":{\"@type\":\"ImageObject\",\"inLanguage\":\"fr-FR\",\"@id\":\"https:\\\/\\\/regions-snetap-fsu.fr\\\/formation\\\/#\\\/schema\\\/logo\\\/image\\\/\",\"url\":\"https:\\\/\\\/regions-snetap-fsu.fr\\\/formation\\\/wp-content\\\/uploads\\\/sites\\\/20\\\/2025\\\/04\\\/cropped-Logo_blanc_fond_transparent_1000x755.png\",\"contentUrl\":\"https:\\\/\\\/regions-snetap-fsu.fr\\\/formation\\\/wp-content\\\/uploads\\\/sites\\\/20\\\/2025\\\/04\\\/cropped-Logo_blanc_fond_transparent_1000x755.png\",\"width\":998,\"height\":689,\"caption\":\"Formation des sites R\u00e9gionaux du SNETAP-FSU\"},\"image\":{\"@id\":\"https:\\\/\\\/regions-snetap-fsu.fr\\\/formation\\\/#\\\/schema\\\/logo\\\/image\\\/\"}},{\"@type\":\"Person\",\"@id\":\"https:\\\/\\\/regions-snetap-fsu.fr\\\/formation\\\/#\\\/schema\\\/person\\\/f5dc7b6354e942ca9c5fa8e9ff7e5c93\",\"name\":\"yoctavien\",\"image\":{\"@type\":\"ImageObject\",\"inLanguage\":\"fr-FR\",\"@id\":\"https:\\\/\\\/secure.gravatar.com\\\/avatar\\\/382642c092b6b9da14641d3c478df2f3da4a2d17eea25691c232d4dbf735c292?s=96&d=mm&r=g\",\"url\":\"https:\\\/\\\/secure.gravatar.com\\\/avatar\\\/382642c092b6b9da14641d3c478df2f3da4a2d17eea25691c232d4dbf735c292?s=96&d=mm&r=g\",\"contentUrl\":\"https:\\\/\\\/secure.gravatar.com\\\/avatar\\\/382642c092b6b9da14641d3c478df2f3da4a2d17eea25691c232d4dbf735c292?s=96&d=mm&r=g\",\"caption\":\"yoctavien\"},\"url\":\"https:\\\/\\\/regions-snetap-fsu.fr\\\/formation\\\/author\\\/yoctavien\\\/\"}]}<\/script>\n<!-- \/ Yoast SEO plugin. -->","yoast_head_json":{"title":"21 mai 2019 : Une mobilisation du SNETAP-FSU des Hauts-de-France de grande ampleur - Formation des sites R\u00e9gionaux du SNETAP-FSU","robots":{"index":"index","follow":"follow","max-snippet":"max-snippet:-1","max-image-preview":"max-image-preview:large","max-video-preview":"max-video-preview:-1"},"canonical":"https:\/\/regions-snetap-fsu.fr\/formation\/2019\/05\/22\/21-mai-2019-une-mobilisation-du-snetap-fsu-des-hauts-de-france-de-grande-ampleur\/","og_locale":"fr_FR","og_type":"article","og_title":"21 mai 2019 : Une mobilisation du SNETAP-FSU des Hauts-de-France de grande ampleur - Formation des sites R\u00e9gionaux du SNETAP-FSU","og_description":"21 mai 2019 : Une mobilisation du SNETAP-FSU des Hauts-de-France d&rsquo;une ampleur jamais vu depuis 10 ans ! Contre la baisse de moyens, la r\u00e9duction du nombre de postes et le d\u00e9r\u00e8glement de l&rsquo;Enseignement Agricole Public, une cinquantaine de manifestant\u00b7es s&rsquo;\u00e9taient rassembl\u00e9\u00b7es ce mardi 21 mai midi devant la DRAAF-SRFD. Autour d&rsquo;un barbecue et dans [&hellip;]","og_url":"https:\/\/regions-snetap-fsu.fr\/formation\/2019\/05\/22\/21-mai-2019-une-mobilisation-du-snetap-fsu-des-hauts-de-france-de-grande-ampleur\/","og_site_name":"Formation des sites R\u00e9gionaux du SNETAP-FSU","article_published_time":"2019-05-21T22:26:44+00:00","author":"yoctavien","twitter_card":"summary_large_image","twitter_misc":{"\u00c9crit par":"yoctavien","Dur\u00e9e de lecture estim\u00e9e":"2 minutes"},"schema":{"@context":"https:\/\/schema.org","@graph":[{"@type":"Article","@id":"https:\/\/regions-snetap-fsu.fr\/formation\/2019\/05\/22\/21-mai-2019-une-mobilisation-du-snetap-fsu-des-hauts-de-france-de-grande-ampleur\/#article","isPartOf":{"@id":"https:\/\/regions-snetap-fsu.fr\/formation\/2019\/05\/22\/21-mai-2019-une-mobilisation-du-snetap-fsu-des-hauts-de-france-de-grande-ampleur\/"},"author":{"name":"yoctavien","@id":"https:\/\/regions-snetap-fsu.fr\/formation\/#\/schema\/person\/f5dc7b6354e942ca9c5fa8e9ff7e5c93"},"headline":"21 mai 2019 : Une mobilisation du SNETAP-FSU des Hauts-de-France de grande ampleur","datePublished":"2019-05-21T22:26:44+00:00","mainEntityOfPage":{"@id":"https:\/\/regions-snetap-fsu.fr\/formation\/2019\/05\/22\/21-mai-2019-une-mobilisation-du-snetap-fsu-des-hauts-de-france-de-grande-ampleur\/"},"wordCount":394,"publisher":{"@id":"https:\/\/regions-snetap-fsu.fr\/formation\/#organization"},"image":{"@id":"https:\/\/regions-snetap-fsu.fr\/formation\/2019\/05\/22\/21-mai-2019-une-mobilisation-du-snetap-fsu-des-hauts-de-france-de-grande-ampleur\/#primaryimage"},"thumbnailUrl":"https:\/\/regions-snetap-fsu.fr\/hdf\/wp-content\/uploads\/sites\/5\/2019\/05\/Courrier_Picard_du_22-05-19_manif_21-05-19.png","articleSection":["Actions - Gr\u00e8ves - Manifs","Communiqu\u00e9s"],"inLanguage":"fr-FR"},{"@type":"WebPage","@id":"https:\/\/regions-snetap-fsu.fr\/formation\/2019\/05\/22\/21-mai-2019-une-mobilisation-du-snetap-fsu-des-hauts-de-france-de-grande-ampleur\/","url":"https:\/\/regions-snetap-fsu.fr\/formation\/2019\/05\/22\/21-mai-2019-une-mobilisation-du-snetap-fsu-des-hauts-de-france-de-grande-ampleur\/","name":"21 mai 2019 : Une mobilisation du SNETAP-FSU des Hauts-de-France de grande ampleur - Formation des sites R\u00e9gionaux du SNETAP-FSU","isPartOf":{"@id":"https:\/\/regions-snetap-fsu.fr\/formation\/#website"},"primaryImageOfPage":{"@id":"https:\/\/regions-snetap-fsu.fr\/formation\/2019\/05\/22\/21-mai-2019-une-mobilisation-du-snetap-fsu-des-hauts-de-france-de-grande-ampleur\/#primaryimage"},"image":{"@id":"https:\/\/regions-snetap-fsu.fr\/formation\/2019\/05\/22\/21-mai-2019-une-mobilisation-du-snetap-fsu-des-hauts-de-france-de-grande-ampleur\/#primaryimage"},"thumbnailUrl":"https:\/\/regions-snetap-fsu.fr\/hdf\/wp-content\/uploads\/sites\/5\/2019\/05\/Courrier_Picard_du_22-05-19_manif_21-05-19.png","datePublished":"2019-05-21T22:26:44+00:00","breadcrumb":{"@id":"https:\/\/regions-snetap-fsu.fr\/formation\/2019\/05\/22\/21-mai-2019-une-mobilisation-du-snetap-fsu-des-hauts-de-france-de-grande-ampleur\/#breadcrumb"},"inLanguage":"fr-FR","potentialAction":[{"@type":"ReadAction","target":["https:\/\/regions-snetap-fsu.fr\/formation\/2019\/05\/22\/21-mai-2019-une-mobilisation-du-snetap-fsu-des-hauts-de-france-de-grande-ampleur\/"]}]},{"@type":"ImageObject","inLanguage":"fr-FR","@id":"https:\/\/regions-snetap-fsu.fr\/formation\/2019\/05\/22\/21-mai-2019-une-mobilisation-du-snetap-fsu-des-hauts-de-france-de-grande-ampleur\/#primaryimage","url":"https:\/\/regions-snetap-fsu.fr\/hdf\/wp-content\/uploads\/sites\/5\/2019\/05\/Courrier_Picard_du_22-05-19_manif_21-05-19.png","contentUrl":"https:\/\/regions-snetap-fsu.fr\/hdf\/wp-content\/uploads\/sites\/5\/2019\/05\/Courrier_Picard_du_22-05-19_manif_21-05-19.png"},{"@type":"BreadcrumbList","@id":"https:\/\/regions-snetap-fsu.fr\/formation\/2019\/05\/22\/21-mai-2019-une-mobilisation-du-snetap-fsu-des-hauts-de-france-de-grande-ampleur\/#breadcrumb","itemListElement":[{"@type":"ListItem","position":1,"name":"Accueil","item":"https:\/\/regions-snetap-fsu.fr\/formation\/"},{"@type":"ListItem","position":2,"name":"21 mai 2019 : Une mobilisation du SNETAP-FSU des Hauts-de-France de grande ampleur"}]},{"@type":"WebSite","@id":"https:\/\/regions-snetap-fsu.fr\/formation\/#website","url":"https:\/\/regions-snetap-fsu.fr\/formation\/","name":"Formation des sites R\u00e9gionaux du SNETAP-FSU","description":"","publisher":{"@id":"https:\/\/regions-snetap-fsu.fr\/formation\/#organization"},"potentialAction":[{"@type":"SearchAction","target":{"@type":"EntryPoint","urlTemplate":"https:\/\/regions-snetap-fsu.fr\/formation\/?s={search_term_string}"},"query-input":{"@type":"PropertyValueSpecification","valueRequired":true,"valueName":"search_term_string"}}],"inLanguage":"fr-FR"},{"@type":"Organization","@id":"https:\/\/regions-snetap-fsu.fr\/formation\/#organization","name":"Formation des sites R\u00e9gionaux du SNETAP-FSU","url":"https:\/\/regions-snetap-fsu.fr\/formation\/","logo":{"@type":"ImageObject","inLanguage":"fr-FR","@id":"https:\/\/regions-snetap-fsu.fr\/formation\/#\/schema\/logo\/image\/","url":"https:\/\/regions-snetap-fsu.fr\/formation\/wp-content\/uploads\/sites\/20\/2025\/04\/cropped-Logo_blanc_fond_transparent_1000x755.png","contentUrl":"https:\/\/regions-snetap-fsu.fr\/formation\/wp-content\/uploads\/sites\/20\/2025\/04\/cropped-Logo_blanc_fond_transparent_1000x755.png","width":998,"height":689,"caption":"Formation des sites R\u00e9gionaux du SNETAP-FSU"},"image":{"@id":"https:\/\/regions-snetap-fsu.fr\/formation\/#\/schema\/logo\/image\/"}},{"@type":"Person","@id":"https:\/\/regions-snetap-fsu.fr\/formation\/#\/schema\/person\/f5dc7b6354e942ca9c5fa8e9ff7e5c93","name":"yoctavien","image":{"@type":"ImageObject","inLanguage":"fr-FR","@id":"https:\/\/secure.gravatar.com\/avatar\/382642c092b6b9da14641d3c478df2f3da4a2d17eea25691c232d4dbf735c292?s=96&d=mm&r=g","url":"https:\/\/secure.gravatar.com\/avatar\/382642c092b6b9da14641d3c478df2f3da4a2d17eea25691c232d4dbf735c292?s=96&d=mm&r=g","contentUrl":"https:\/\/secure.gravatar.com\/avatar\/382642c092b6b9da14641d3c478df2f3da4a2d17eea25691c232d4dbf735c292?s=96&d=mm&r=g","caption":"yoctavien"},"url":"https:\/\/regions-snetap-fsu.fr\/formation\/author\/yoctavien\/"}]}},"_links":{"self":[{"href":"https:\/\/regions-snetap-fsu.fr\/formation\/wp-json\/wp\/v2\/posts\/2448","targetHints":{"allow":["GET"]}}],"collection":[{"href":"https:\/\/regions-snetap-fsu.fr\/formation\/wp-json\/wp\/v2\/posts"}],"about":[{"href":"https:\/\/regions-snetap-fsu.fr\/formation\/wp-json\/wp\/v2\/types\/post"}],"author":[{"embeddable":true,"href":"https:\/\/regions-snetap-fsu.fr\/formation\/wp-json\/wp\/v2\/users\/138"}],"replies":[{"embeddable":true,"href":"https:\/\/regions-snetap-fsu.fr\/formation\/wp-json\/wp\/v2\/comments?post=2448"}],"version-history":[{"count":0,"href":"https:\/\/regions-snetap-fsu.fr\/formation\/wp-json\/wp\/v2\/posts\/2448\/revisions"}],"wp:attachment":[{"href":"https:\/\/regions-snetap-fsu.fr\/formation\/wp-json\/wp\/v2\/media?parent=2448"}],"wp:term":[{"taxonomy":"category","embeddable":true,"href":"https:\/\/regions-snetap-fsu.fr\/formation\/wp-json\/wp\/v2\/categories?post=2448"},{"taxonomy":"post_tag","embeddable":true,"href":"https:\/\/regions-snetap-fsu.fr\/formation\/wp-json\/wp\/v2\/tags?post=2448"},{"taxonomy":"post_folder","embeddable":true,"href":"https:\/\/regions-snetap-fsu.fr\/formation\/wp-json\/wp\/v2\/post_folder?post=2448"}],"curies":[{"name":"wp","href":"https:\/\/api.w.org\/{rel}","templated":true}]}}