{"id":2421,"date":"2019-05-19T23:36:01","date_gmt":"2019-05-19T21:36:01","guid":{"rendered":"https:\/\/regions-snetap-fsu.fr\/hdf\/?p=2421"},"modified":"2019-05-19T23:36:01","modified_gmt":"2019-05-19T21:36:01","slug":"stop-a-la-liquidation-de-lenseignement-agricole-public","status":"publish","type":"post","link":"https:\/\/regions-snetap-fsu.fr\/formation\/2019\/05\/19\/stop-a-la-liquidation-de-lenseignement-agricole-public\/","title":{"rendered":"Stop \u00e0 la liquidation de l&rsquo;Enseignement Agricole Public !"},"content":{"rendered":"<h2 style=\"text-align: center\"><span style=\"color: #ff0000\">Stop \u00e0 la liquidation de<\/span><\/h2>\n<h2 style=\"text-align: center\"><span style=\"color: #ff0000\">l&rsquo;Enseignement Agricole Public !<\/span><\/h2>\n<p style=\"text-align: justify\"><span style=\"color: #0000ff\">Stop \u00e0 la liquidation des r\u00e9f\u00e9rentiels des baccalaur\u00e9ats g\u00e9n\u00e9raux, professionnels et technologiques !<\/span><\/p>\n<p style=\"text-align: justify\"><span style=\"color: #0000ff\">Stop \u00e0 la liquidation des seuils !<\/span><\/p>\n<p style=\"text-align: justify\"><span style=\"color: #0000ff\">Stop \u00e0 la liquidation de l&rsquo;affectation des heures aux mati\u00e8res !<\/span><\/p>\n<p style=\"text-align: justify\"><span style=\"color: #0000ff\">Stop \u00e0 la liquidation de la p\u00e9dagogie des pluridisciplinarit\u00e9s !<\/span><\/p>\n<p style=\"text-align: justify\"><span style=\"color: #0000ff\">Stop \u00e0 la liquidation des statuts de fonctionnaire !<\/span><\/p>\n<p style=\"text-align: justify\"><span style=\"color: #0000ff\">Stop \u00e0 la privatisation de la fonction publique, la cr\u00e9ation de CDI, CDD et de contrat de mission !<\/span><\/p>\n<p style=\"text-align: justify\"><span style=\"color: #0000ff\">Stop \u00e0 la liquidation des postes de titulaires, contractuel\u00b7les, formatrices et formateurs !<\/span><\/p>\n<p style=\"text-align: justify\"><span style=\"color: #0000ff\">Stop au projet de statut de professeur-formatrice, professeur-formateur, multidisciplinaire, annualis\u00e9 et corv\u00e9able \u00e0 souhait !<\/span><\/p>\n<p><img fetchpriority=\"high\" decoding=\"async\" class=\"alignleft wp-image-1912 size-medium\" src=\"https:\/\/regions-snetap-fsu.fr\/hdf\/wp-content\/uploads\/sites\/5\/2019\/03\/fsu-campagne-loi_trans_fp-v3-6-300x293.jpg\" alt=\"\" width=\"300\" height=\"293\" \/><\/p>\n<p style=\"text-align: center\"><strong><span style=\"color: #ff0000;font-size: 14pt\"><img decoding=\"async\" class=\"aligncenter wp-image-1911 size-medium\" src=\"https:\/\/regions-snetap-fsu.fr\/hdf\/wp-content\/uploads\/sites\/5\/2019\/03\/fsu-campagne-loi_trans_fp-v3-4-300x293.jpg\" alt=\"\" width=\"300\" height=\"293\" \/><\/span><\/strong><\/p>\n<p>&nbsp;<\/p>\n<p style=\"text-align: center\"><strong><span style=\"color: #ff0000;font-size: 14pt\">Ne baissons pas la t\u00eate, agissons, r\u00e9sistons !<\/span> <\/strong><\/p>\n<p style=\"text-align: center\"><strong><span style=\"color: #ff0000;font-size: 14pt\">Toutes et tous devant la DRAAF \u00e0 Amiens,<\/span><\/strong><\/p>\n<p style=\"text-align: center\"><strong><span style=\"color: #ff0000;font-size: 14pt\">mardi 21 mai \u00e0 partir de 11h<\/span><\/strong><\/p>\n<p style=\"text-align: center\"><span style=\"color: #ff0000;font-size: 14pt\">&#8230; pour dire non \u00e0 ces r\u00e9formes iniques qui n&rsquo;ont pour but que la r\u00e9duction drastique des moyens de l&rsquo;Enseignement Agricole Public <\/span><br \/>\n<span style=\"font-size: 14pt;color: #ff0000\">&#8230; pour dire non au casseurs de l&rsquo;Enseignement Agricole Public<br \/>\n<\/span><\/p>\n<p style=\"text-align: justify\"><span style=\"color: #0000ff\">Au moment de l\u2019\u00e9tude des lois sur l\u2019\u00e9cole au parlement, nous devons <\/span><span style=\"color: #0000ff\">mettre la pression. On ne peut pas dire \u00abon ne savait pas\u00bb, \u00abils ne <\/span><span style=\"color: #0000ff\">vont pas oser\u00bb, \u00abil faut penser aux \u00e9l\u00e8ves\u00bb\u2026 <\/span><br \/>\n<span style=\"color: #0000ff\">On sait, le minist\u00e8re ose et il ne pense pas aux \u00e9l\u00e8ves, car il n\u2019est <\/span><span style=\"color: #0000ff\">pas devant eux !<\/span><\/p>\n<p style=\"text-align: center\"><strong><span style=\"color: #ff0000;font-size: 14pt\">Nous avons une obligation d\u2019action, de mobilisation<\/span><\/strong><\/p>\n<p style=\"text-align: center\"><strong><span style=\"color: #ff0000;font-size: 14pt\">sinon c\u2019est la <\/span><\/strong><span style=\"color: #0000ff\"><strong><span style=\"color: #ff0000;font-size: 14pt\">liquidation !<\/span><\/strong><br \/>\n<\/span><\/p>\n<p><img decoding=\"async\" class=\"aligncenter size-medium wp-image-2195\" src=\"https:\/\/regions-snetap-fsu.fr\/hdf\/wp-content\/uploads\/sites\/5\/2019\/04\/Barbecue_party_DRAAF_29_419-161x300.jpg\" alt=\"\" width=\"161\" height=\"300\" \/><\/p>\n<p><span style=\"text-decoration: underline;color: #000000\"><a style=\"color: #000000;text-decoration: underline\" href=\"https:\/\/regions-snetap-fsu.fr\/hdf\/2019\/05\/12\/21-mai-2019-une-journee-action-pour-leap-des-hauts-de-france\/\" target=\"_blank\" rel=\"noopener noreferrer\">Lien : SNETAP-FSU HdF &#8211; 21 mai 2019 : Une journ\u00e9e action pour l\u2019EAP des Hauts-de-France<\/a><\/span><\/p>\n\n\t\t<div class=\"wppdfemb-frame-container-1\" style=\"-webkit-overflow-scrolling:auto;\">\n\t\t\t<iframe class=\"pdfembed-iframe nonfullscreen wppdf-emb-iframe-1\"\n\t\t\t\tsrc=\"https:\/\/regions-snetap-fsu.fr\/formation\/?pdfemb-data=eyJ1cmwiOiJodHRwczpcL1wvcmVnaW9ucy1zbmV0YXAtZnN1LmZyXC9oZGZcL3dwLWNvbnRlbnRcL3VwbG9hZHNcL3NpdGVzXC81XC8yMDE5XC8wNVwvVHJhY3RfYXZpc19kZV9yZWNoZXJjaGVfMTVfNTE5LnBkZiIsImluZGV4IjoxLCJwZGZJRCI6MH0\"\n\t\t\t\t\t\t\t\tdata-pdf-id=\"0\"\n\t\t\t\tdata-pdf-index=\"1\"\n\t\t\t\tstyle=\"border:none;width:100%;max-width:100%;height:100vh;\"\n\t\t\t\tscrolling=\"yes\">\n\t\t\t<\/iframe>\n\t\t<\/div>\n\n\t\t\n","protected":false},"excerpt":{"rendered":"<p>Stop \u00e0 la liquidation de l&rsquo;Enseignement Agricole Public ! Stop \u00e0 la liquidation des r\u00e9f\u00e9rentiels des baccalaur\u00e9ats g\u00e9n\u00e9raux, professionnels et technologiques ! Stop \u00e0 la liquidation des seuils ! Stop \u00e0 la liquidation de l&rsquo;affectation des heures aux mati\u00e8res ! Stop \u00e0 la liquidation de la p\u00e9dagogie des pluridisciplinarit\u00e9s ! Stop \u00e0 la liquidation des [&hellip;]<\/p>\n","protected":false},"author":138,"featured_media":0,"comment_status":"closed","ping_status":"closed","sticky":false,"template":"","format":"standard","meta":{"ocean_post_layout":"","ocean_both_sidebars_style":"","ocean_both_sidebars_content_width":0,"ocean_both_sidebars_sidebars_width":0,"ocean_sidebar":"","ocean_second_sidebar":"","ocean_disable_margins":"enable","ocean_add_body_class":"","ocean_shortcode_before_top_bar":"","ocean_shortcode_after_top_bar":"","ocean_shortcode_before_header":"","ocean_shortcode_after_header":"","ocean_has_shortcode":"","ocean_shortcode_after_title":"","ocean_shortcode_before_footer_widgets":"","ocean_shortcode_after_footer_widgets":"","ocean_shortcode_before_footer_bottom":"","ocean_shortcode_after_footer_bottom":"","ocean_display_top_bar":"default","ocean_display_header":"default","ocean_header_style":"","ocean_center_header_left_menu":"","ocean_custom_header_template":"","ocean_custom_logo":0,"ocean_custom_retina_logo":0,"ocean_custom_logo_max_width":0,"ocean_custom_logo_tablet_max_width":0,"ocean_custom_logo_mobile_max_width":0,"ocean_custom_logo_max_height":0,"ocean_custom_logo_tablet_max_height":0,"ocean_custom_logo_mobile_max_height":0,"ocean_header_custom_menu":"","ocean_menu_typo_font_family":"","ocean_menu_typo_font_subset":"","ocean_menu_typo_font_size":0,"ocean_menu_typo_font_size_tablet":0,"ocean_menu_typo_font_size_mobile":0,"ocean_menu_typo_font_size_unit":"px","ocean_menu_typo_font_weight":"","ocean_menu_typo_font_weight_tablet":"","ocean_menu_typo_font_weight_mobile":"","ocean_menu_typo_transform":"","ocean_menu_typo_transform_tablet":"","ocean_menu_typo_transform_mobile":"","ocean_menu_typo_line_height":0,"ocean_menu_typo_line_height_tablet":0,"ocean_menu_typo_line_height_mobile":0,"ocean_menu_typo_line_height_unit":"","ocean_menu_typo_spacing":0,"ocean_menu_typo_spacing_tablet":0,"ocean_menu_typo_spacing_mobile":0,"ocean_menu_typo_spacing_unit":"","ocean_menu_link_color":"","ocean_menu_link_color_hover":"","ocean_menu_link_color_active":"","ocean_menu_link_background":"","ocean_menu_link_hover_background":"","ocean_menu_link_active_background":"","ocean_menu_social_links_bg":"","ocean_menu_social_hover_links_bg":"","ocean_menu_social_links_color":"","ocean_menu_social_hover_links_color":"","ocean_disable_title":"default","ocean_disable_heading":"default","ocean_post_title":"","ocean_post_subheading":"","ocean_post_title_style":"","ocean_post_title_background_color":"","ocean_post_title_background":0,"ocean_post_title_bg_image_position":"","ocean_post_title_bg_image_attachment":"","ocean_post_title_bg_image_repeat":"","ocean_post_title_bg_image_size":"","ocean_post_title_height":0,"ocean_post_title_bg_overlay":0.5,"ocean_post_title_bg_overlay_color":"","ocean_disable_breadcrumbs":"default","ocean_breadcrumbs_color":"","ocean_breadcrumbs_separator_color":"","ocean_breadcrumbs_links_color":"","ocean_breadcrumbs_links_hover_color":"","ocean_display_footer_widgets":"default","ocean_display_footer_bottom":"default","ocean_custom_footer_template":"","ocean_post_oembed":"","ocean_post_self_hosted_media":"","ocean_post_video_embed":"","ocean_link_format":"","ocean_link_format_target":"self","ocean_quote_format":"","ocean_quote_format_link":"post","ocean_gallery_link_images":"on","ocean_gallery_id":[],"footnotes":""},"categories":[11],"tags":[],"post_folder":[],"class_list":["post-2421","post","type-post","status-publish","format-standard","hentry","category-communiques","entry"],"yoast_head":"<!-- This site is optimized with the Yoast SEO plugin v27.4 - https:\/\/yoast.com\/product\/yoast-seo-wordpress\/ -->\n<title>Stop \u00e0 la liquidation de l&#039;Enseignement Agricole Public ! - Formation des sites R\u00e9gionaux du SNETAP-FSU<\/title>\n<meta name=\"robots\" content=\"index, follow, max-snippet:-1, max-image-preview:large, max-video-preview:-1\" \/>\n<link rel=\"canonical\" href=\"https:\/\/regions-snetap-fsu.fr\/formation\/2019\/05\/19\/stop-a-la-liquidation-de-lenseignement-agricole-public\/\" \/>\n<meta property=\"og:locale\" content=\"fr_FR\" \/>\n<meta property=\"og:type\" content=\"article\" \/>\n<meta property=\"og:title\" content=\"Stop \u00e0 la liquidation de l&#039;Enseignement Agricole Public ! - Formation des sites R\u00e9gionaux du SNETAP-FSU\" \/>\n<meta property=\"og:description\" content=\"Stop \u00e0 la liquidation de l&rsquo;Enseignement Agricole Public ! Stop \u00e0 la liquidation des r\u00e9f\u00e9rentiels des baccalaur\u00e9ats g\u00e9n\u00e9raux, professionnels et technologiques ! Stop \u00e0 la liquidation des seuils ! Stop \u00e0 la liquidation de l&rsquo;affectation des heures aux mati\u00e8res ! Stop \u00e0 la liquidation de la p\u00e9dagogie des pluridisciplinarit\u00e9s ! Stop \u00e0 la liquidation des [&hellip;]\" \/>\n<meta property=\"og:url\" content=\"https:\/\/regions-snetap-fsu.fr\/formation\/2019\/05\/19\/stop-a-la-liquidation-de-lenseignement-agricole-public\/\" \/>\n<meta property=\"og:site_name\" content=\"Formation des sites R\u00e9gionaux du SNETAP-FSU\" \/>\n<meta property=\"article:published_time\" content=\"2019-05-19T21:36:01+00:00\" \/>\n<meta name=\"author\" content=\"yoctavien\" \/>\n<meta name=\"twitter:card\" content=\"summary_large_image\" \/>\n<meta name=\"twitter:label1\" content=\"\u00c9crit par\" \/>\n\t<meta name=\"twitter:data1\" content=\"yoctavien\" \/>\n\t<meta name=\"twitter:label2\" content=\"Dur\u00e9e de lecture estim\u00e9e\" \/>\n\t<meta name=\"twitter:data2\" content=\"1 minute\" \/>\n<script type=\"application\/ld+json\" class=\"yoast-schema-graph\">{\"@context\":\"https:\\\/\\\/schema.org\",\"@graph\":[{\"@type\":\"Article\",\"@id\":\"https:\\\/\\\/regions-snetap-fsu.fr\\\/formation\\\/2019\\\/05\\\/19\\\/stop-a-la-liquidation-de-lenseignement-agricole-public\\\/#article\",\"isPartOf\":{\"@id\":\"https:\\\/\\\/regions-snetap-fsu.fr\\\/formation\\\/2019\\\/05\\\/19\\\/stop-a-la-liquidation-de-lenseignement-agricole-public\\\/\"},\"author\":{\"name\":\"yoctavien\",\"@id\":\"https:\\\/\\\/regions-snetap-fsu.fr\\\/formation\\\/#\\\/schema\\\/person\\\/f5dc7b6354e942ca9c5fa8e9ff7e5c93\"},\"headline\":\"Stop \u00e0 la liquidation de l&rsquo;Enseignement Agricole Public !\",\"datePublished\":\"2019-05-19T21:36:01+00:00\",\"mainEntityOfPage\":{\"@id\":\"https:\\\/\\\/regions-snetap-fsu.fr\\\/formation\\\/2019\\\/05\\\/19\\\/stop-a-la-liquidation-de-lenseignement-agricole-public\\\/\"},\"wordCount\":264,\"publisher\":{\"@id\":\"https:\\\/\\\/regions-snetap-fsu.fr\\\/formation\\\/#organization\"},\"image\":{\"@id\":\"https:\\\/\\\/regions-snetap-fsu.fr\\\/formation\\\/2019\\\/05\\\/19\\\/stop-a-la-liquidation-de-lenseignement-agricole-public\\\/#primaryimage\"},\"thumbnailUrl\":\"https:\\\/\\\/regions-snetap-fsu.fr\\\/hdf\\\/wp-content\\\/uploads\\\/sites\\\/5\\\/2019\\\/03\\\/fsu-campagne-loi_trans_fp-v3-6-300x293.jpg\",\"articleSection\":[\"Communiqu\u00e9s\"],\"inLanguage\":\"fr-FR\"},{\"@type\":\"WebPage\",\"@id\":\"https:\\\/\\\/regions-snetap-fsu.fr\\\/formation\\\/2019\\\/05\\\/19\\\/stop-a-la-liquidation-de-lenseignement-agricole-public\\\/\",\"url\":\"https:\\\/\\\/regions-snetap-fsu.fr\\\/formation\\\/2019\\\/05\\\/19\\\/stop-a-la-liquidation-de-lenseignement-agricole-public\\\/\",\"name\":\"Stop \u00e0 la liquidation de l'Enseignement Agricole Public ! - Formation des sites R\u00e9gionaux du SNETAP-FSU\",\"isPartOf\":{\"@id\":\"https:\\\/\\\/regions-snetap-fsu.fr\\\/formation\\\/#website\"},\"primaryImageOfPage\":{\"@id\":\"https:\\\/\\\/regions-snetap-fsu.fr\\\/formation\\\/2019\\\/05\\\/19\\\/stop-a-la-liquidation-de-lenseignement-agricole-public\\\/#primaryimage\"},\"image\":{\"@id\":\"https:\\\/\\\/regions-snetap-fsu.fr\\\/formation\\\/2019\\\/05\\\/19\\\/stop-a-la-liquidation-de-lenseignement-agricole-public\\\/#primaryimage\"},\"thumbnailUrl\":\"https:\\\/\\\/regions-snetap-fsu.fr\\\/hdf\\\/wp-content\\\/uploads\\\/sites\\\/5\\\/2019\\\/03\\\/fsu-campagne-loi_trans_fp-v3-6-300x293.jpg\",\"datePublished\":\"2019-05-19T21:36:01+00:00\",\"breadcrumb\":{\"@id\":\"https:\\\/\\\/regions-snetap-fsu.fr\\\/formation\\\/2019\\\/05\\\/19\\\/stop-a-la-liquidation-de-lenseignement-agricole-public\\\/#breadcrumb\"},\"inLanguage\":\"fr-FR\",\"potentialAction\":[{\"@type\":\"ReadAction\",\"target\":[\"https:\\\/\\\/regions-snetap-fsu.fr\\\/formation\\\/2019\\\/05\\\/19\\\/stop-a-la-liquidation-de-lenseignement-agricole-public\\\/\"]}]},{\"@type\":\"ImageObject\",\"inLanguage\":\"fr-FR\",\"@id\":\"https:\\\/\\\/regions-snetap-fsu.fr\\\/formation\\\/2019\\\/05\\\/19\\\/stop-a-la-liquidation-de-lenseignement-agricole-public\\\/#primaryimage\",\"url\":\"https:\\\/\\\/regions-snetap-fsu.fr\\\/hdf\\\/wp-content\\\/uploads\\\/sites\\\/5\\\/2019\\\/03\\\/fsu-campagne-loi_trans_fp-v3-6-300x293.jpg\",\"contentUrl\":\"https:\\\/\\\/regions-snetap-fsu.fr\\\/hdf\\\/wp-content\\\/uploads\\\/sites\\\/5\\\/2019\\\/03\\\/fsu-campagne-loi_trans_fp-v3-6-300x293.jpg\"},{\"@type\":\"BreadcrumbList\",\"@id\":\"https:\\\/\\\/regions-snetap-fsu.fr\\\/formation\\\/2019\\\/05\\\/19\\\/stop-a-la-liquidation-de-lenseignement-agricole-public\\\/#breadcrumb\",\"itemListElement\":[{\"@type\":\"ListItem\",\"position\":1,\"name\":\"Accueil\",\"item\":\"https:\\\/\\\/regions-snetap-fsu.fr\\\/formation\\\/\"},{\"@type\":\"ListItem\",\"position\":2,\"name\":\"Stop \u00e0 la liquidation de l&rsquo;Enseignement Agricole Public !\"}]},{\"@type\":\"WebSite\",\"@id\":\"https:\\\/\\\/regions-snetap-fsu.fr\\\/formation\\\/#website\",\"url\":\"https:\\\/\\\/regions-snetap-fsu.fr\\\/formation\\\/\",\"name\":\"Formation des sites R\u00e9gionaux du SNETAP-FSU\",\"description\":\"\",\"publisher\":{\"@id\":\"https:\\\/\\\/regions-snetap-fsu.fr\\\/formation\\\/#organization\"},\"potentialAction\":[{\"@type\":\"SearchAction\",\"target\":{\"@type\":\"EntryPoint\",\"urlTemplate\":\"https:\\\/\\\/regions-snetap-fsu.fr\\\/formation\\\/?s={search_term_string}\"},\"query-input\":{\"@type\":\"PropertyValueSpecification\",\"valueRequired\":true,\"valueName\":\"search_term_string\"}}],\"inLanguage\":\"fr-FR\"},{\"@type\":\"Organization\",\"@id\":\"https:\\\/\\\/regions-snetap-fsu.fr\\\/formation\\\/#organization\",\"name\":\"Formation des sites R\u00e9gionaux du SNETAP-FSU\",\"url\":\"https:\\\/\\\/regions-snetap-fsu.fr\\\/formation\\\/\",\"logo\":{\"@type\":\"ImageObject\",\"inLanguage\":\"fr-FR\",\"@id\":\"https:\\\/\\\/regions-snetap-fsu.fr\\\/formation\\\/#\\\/schema\\\/logo\\\/image\\\/\",\"url\":\"https:\\\/\\\/regions-snetap-fsu.fr\\\/formation\\\/wp-content\\\/uploads\\\/sites\\\/20\\\/2025\\\/04\\\/cropped-Logo_blanc_fond_transparent_1000x755.png\",\"contentUrl\":\"https:\\\/\\\/regions-snetap-fsu.fr\\\/formation\\\/wp-content\\\/uploads\\\/sites\\\/20\\\/2025\\\/04\\\/cropped-Logo_blanc_fond_transparent_1000x755.png\",\"width\":998,\"height\":689,\"caption\":\"Formation des sites R\u00e9gionaux du SNETAP-FSU\"},\"image\":{\"@id\":\"https:\\\/\\\/regions-snetap-fsu.fr\\\/formation\\\/#\\\/schema\\\/logo\\\/image\\\/\"}},{\"@type\":\"Person\",\"@id\":\"https:\\\/\\\/regions-snetap-fsu.fr\\\/formation\\\/#\\\/schema\\\/person\\\/f5dc7b6354e942ca9c5fa8e9ff7e5c93\",\"name\":\"yoctavien\",\"image\":{\"@type\":\"ImageObject\",\"inLanguage\":\"fr-FR\",\"@id\":\"https:\\\/\\\/secure.gravatar.com\\\/avatar\\\/382642c092b6b9da14641d3c478df2f3da4a2d17eea25691c232d4dbf735c292?s=96&d=mm&r=g\",\"url\":\"https:\\\/\\\/secure.gravatar.com\\\/avatar\\\/382642c092b6b9da14641d3c478df2f3da4a2d17eea25691c232d4dbf735c292?s=96&d=mm&r=g\",\"contentUrl\":\"https:\\\/\\\/secure.gravatar.com\\\/avatar\\\/382642c092b6b9da14641d3c478df2f3da4a2d17eea25691c232d4dbf735c292?s=96&d=mm&r=g\",\"caption\":\"yoctavien\"},\"url\":\"https:\\\/\\\/regions-snetap-fsu.fr\\\/formation\\\/author\\\/yoctavien\\\/\"}]}<\/script>\n<!-- \/ Yoast SEO plugin. -->","yoast_head_json":{"title":"Stop \u00e0 la liquidation de l'Enseignement Agricole Public ! - Formation des sites R\u00e9gionaux du SNETAP-FSU","robots":{"index":"index","follow":"follow","max-snippet":"max-snippet:-1","max-image-preview":"max-image-preview:large","max-video-preview":"max-video-preview:-1"},"canonical":"https:\/\/regions-snetap-fsu.fr\/formation\/2019\/05\/19\/stop-a-la-liquidation-de-lenseignement-agricole-public\/","og_locale":"fr_FR","og_type":"article","og_title":"Stop \u00e0 la liquidation de l'Enseignement Agricole Public ! - Formation des sites R\u00e9gionaux du SNETAP-FSU","og_description":"Stop \u00e0 la liquidation de l&rsquo;Enseignement Agricole Public ! Stop \u00e0 la liquidation des r\u00e9f\u00e9rentiels des baccalaur\u00e9ats g\u00e9n\u00e9raux, professionnels et technologiques ! Stop \u00e0 la liquidation des seuils ! Stop \u00e0 la liquidation de l&rsquo;affectation des heures aux mati\u00e8res ! Stop \u00e0 la liquidation de la p\u00e9dagogie des pluridisciplinarit\u00e9s ! Stop \u00e0 la liquidation des [&hellip;]","og_url":"https:\/\/regions-snetap-fsu.fr\/formation\/2019\/05\/19\/stop-a-la-liquidation-de-lenseignement-agricole-public\/","og_site_name":"Formation des sites R\u00e9gionaux du SNETAP-FSU","article_published_time":"2019-05-19T21:36:01+00:00","author":"yoctavien","twitter_card":"summary_large_image","twitter_misc":{"\u00c9crit par":"yoctavien","Dur\u00e9e de lecture estim\u00e9e":"1 minute"},"schema":{"@context":"https:\/\/schema.org","@graph":[{"@type":"Article","@id":"https:\/\/regions-snetap-fsu.fr\/formation\/2019\/05\/19\/stop-a-la-liquidation-de-lenseignement-agricole-public\/#article","isPartOf":{"@id":"https:\/\/regions-snetap-fsu.fr\/formation\/2019\/05\/19\/stop-a-la-liquidation-de-lenseignement-agricole-public\/"},"author":{"name":"yoctavien","@id":"https:\/\/regions-snetap-fsu.fr\/formation\/#\/schema\/person\/f5dc7b6354e942ca9c5fa8e9ff7e5c93"},"headline":"Stop \u00e0 la liquidation de l&rsquo;Enseignement Agricole Public !","datePublished":"2019-05-19T21:36:01+00:00","mainEntityOfPage":{"@id":"https:\/\/regions-snetap-fsu.fr\/formation\/2019\/05\/19\/stop-a-la-liquidation-de-lenseignement-agricole-public\/"},"wordCount":264,"publisher":{"@id":"https:\/\/regions-snetap-fsu.fr\/formation\/#organization"},"image":{"@id":"https:\/\/regions-snetap-fsu.fr\/formation\/2019\/05\/19\/stop-a-la-liquidation-de-lenseignement-agricole-public\/#primaryimage"},"thumbnailUrl":"https:\/\/regions-snetap-fsu.fr\/hdf\/wp-content\/uploads\/sites\/5\/2019\/03\/fsu-campagne-loi_trans_fp-v3-6-300x293.jpg","articleSection":["Communiqu\u00e9s"],"inLanguage":"fr-FR"},{"@type":"WebPage","@id":"https:\/\/regions-snetap-fsu.fr\/formation\/2019\/05\/19\/stop-a-la-liquidation-de-lenseignement-agricole-public\/","url":"https:\/\/regions-snetap-fsu.fr\/formation\/2019\/05\/19\/stop-a-la-liquidation-de-lenseignement-agricole-public\/","name":"Stop \u00e0 la liquidation de l'Enseignement Agricole Public ! - Formation des sites R\u00e9gionaux du SNETAP-FSU","isPartOf":{"@id":"https:\/\/regions-snetap-fsu.fr\/formation\/#website"},"primaryImageOfPage":{"@id":"https:\/\/regions-snetap-fsu.fr\/formation\/2019\/05\/19\/stop-a-la-liquidation-de-lenseignement-agricole-public\/#primaryimage"},"image":{"@id":"https:\/\/regions-snetap-fsu.fr\/formation\/2019\/05\/19\/stop-a-la-liquidation-de-lenseignement-agricole-public\/#primaryimage"},"thumbnailUrl":"https:\/\/regions-snetap-fsu.fr\/hdf\/wp-content\/uploads\/sites\/5\/2019\/03\/fsu-campagne-loi_trans_fp-v3-6-300x293.jpg","datePublished":"2019-05-19T21:36:01+00:00","breadcrumb":{"@id":"https:\/\/regions-snetap-fsu.fr\/formation\/2019\/05\/19\/stop-a-la-liquidation-de-lenseignement-agricole-public\/#breadcrumb"},"inLanguage":"fr-FR","potentialAction":[{"@type":"ReadAction","target":["https:\/\/regions-snetap-fsu.fr\/formation\/2019\/05\/19\/stop-a-la-liquidation-de-lenseignement-agricole-public\/"]}]},{"@type":"ImageObject","inLanguage":"fr-FR","@id":"https:\/\/regions-snetap-fsu.fr\/formation\/2019\/05\/19\/stop-a-la-liquidation-de-lenseignement-agricole-public\/#primaryimage","url":"https:\/\/regions-snetap-fsu.fr\/hdf\/wp-content\/uploads\/sites\/5\/2019\/03\/fsu-campagne-loi_trans_fp-v3-6-300x293.jpg","contentUrl":"https:\/\/regions-snetap-fsu.fr\/hdf\/wp-content\/uploads\/sites\/5\/2019\/03\/fsu-campagne-loi_trans_fp-v3-6-300x293.jpg"},{"@type":"BreadcrumbList","@id":"https:\/\/regions-snetap-fsu.fr\/formation\/2019\/05\/19\/stop-a-la-liquidation-de-lenseignement-agricole-public\/#breadcrumb","itemListElement":[{"@type":"ListItem","position":1,"name":"Accueil","item":"https:\/\/regions-snetap-fsu.fr\/formation\/"},{"@type":"ListItem","position":2,"name":"Stop \u00e0 la liquidation de l&rsquo;Enseignement Agricole Public !"}]},{"@type":"WebSite","@id":"https:\/\/regions-snetap-fsu.fr\/formation\/#website","url":"https:\/\/regions-snetap-fsu.fr\/formation\/","name":"Formation des sites R\u00e9gionaux du SNETAP-FSU","description":"","publisher":{"@id":"https:\/\/regions-snetap-fsu.fr\/formation\/#organization"},"potentialAction":[{"@type":"SearchAction","target":{"@type":"EntryPoint","urlTemplate":"https:\/\/regions-snetap-fsu.fr\/formation\/?s={search_term_string}"},"query-input":{"@type":"PropertyValueSpecification","valueRequired":true,"valueName":"search_term_string"}}],"inLanguage":"fr-FR"},{"@type":"Organization","@id":"https:\/\/regions-snetap-fsu.fr\/formation\/#organization","name":"Formation des sites R\u00e9gionaux du SNETAP-FSU","url":"https:\/\/regions-snetap-fsu.fr\/formation\/","logo":{"@type":"ImageObject","inLanguage":"fr-FR","@id":"https:\/\/regions-snetap-fsu.fr\/formation\/#\/schema\/logo\/image\/","url":"https:\/\/regions-snetap-fsu.fr\/formation\/wp-content\/uploads\/sites\/20\/2025\/04\/cropped-Logo_blanc_fond_transparent_1000x755.png","contentUrl":"https:\/\/regions-snetap-fsu.fr\/formation\/wp-content\/uploads\/sites\/20\/2025\/04\/cropped-Logo_blanc_fond_transparent_1000x755.png","width":998,"height":689,"caption":"Formation des sites R\u00e9gionaux du SNETAP-FSU"},"image":{"@id":"https:\/\/regions-snetap-fsu.fr\/formation\/#\/schema\/logo\/image\/"}},{"@type":"Person","@id":"https:\/\/regions-snetap-fsu.fr\/formation\/#\/schema\/person\/f5dc7b6354e942ca9c5fa8e9ff7e5c93","name":"yoctavien","image":{"@type":"ImageObject","inLanguage":"fr-FR","@id":"https:\/\/secure.gravatar.com\/avatar\/382642c092b6b9da14641d3c478df2f3da4a2d17eea25691c232d4dbf735c292?s=96&d=mm&r=g","url":"https:\/\/secure.gravatar.com\/avatar\/382642c092b6b9da14641d3c478df2f3da4a2d17eea25691c232d4dbf735c292?s=96&d=mm&r=g","contentUrl":"https:\/\/secure.gravatar.com\/avatar\/382642c092b6b9da14641d3c478df2f3da4a2d17eea25691c232d4dbf735c292?s=96&d=mm&r=g","caption":"yoctavien"},"url":"https:\/\/regions-snetap-fsu.fr\/formation\/author\/yoctavien\/"}]}},"_links":{"self":[{"href":"https:\/\/regions-snetap-fsu.fr\/formation\/wp-json\/wp\/v2\/posts\/2421","targetHints":{"allow":["GET"]}}],"collection":[{"href":"https:\/\/regions-snetap-fsu.fr\/formation\/wp-json\/wp\/v2\/posts"}],"about":[{"href":"https:\/\/regions-snetap-fsu.fr\/formation\/wp-json\/wp\/v2\/types\/post"}],"author":[{"embeddable":true,"href":"https:\/\/regions-snetap-fsu.fr\/formation\/wp-json\/wp\/v2\/users\/138"}],"replies":[{"embeddable":true,"href":"https:\/\/regions-snetap-fsu.fr\/formation\/wp-json\/wp\/v2\/comments?post=2421"}],"version-history":[{"count":0,"href":"https:\/\/regions-snetap-fsu.fr\/formation\/wp-json\/wp\/v2\/posts\/2421\/revisions"}],"wp:attachment":[{"href":"https:\/\/regions-snetap-fsu.fr\/formation\/wp-json\/wp\/v2\/media?parent=2421"}],"wp:term":[{"taxonomy":"category","embeddable":true,"href":"https:\/\/regions-snetap-fsu.fr\/formation\/wp-json\/wp\/v2\/categories?post=2421"},{"taxonomy":"post_tag","embeddable":true,"href":"https:\/\/regions-snetap-fsu.fr\/formation\/wp-json\/wp\/v2\/tags?post=2421"},{"taxonomy":"post_folder","embeddable":true,"href":"https:\/\/regions-snetap-fsu.fr\/formation\/wp-json\/wp\/v2\/post_folder?post=2421"}],"curies":[{"name":"wp","href":"https:\/\/api.w.org\/{rel}","templated":true}]}}