{"id":2385,"date":"2019-05-19T17:39:33","date_gmt":"2019-05-19T15:39:33","guid":{"rendered":"https:\/\/regions-snetap-fsu.fr\/hdf\/?p=2385"},"modified":"2019-05-19T17:39:33","modified_gmt":"2019-05-19T15:39:33","slug":"18-mai-2019-les-hauts-de-france-dans-la-manifestation-parisienne-sereine","status":"publish","type":"post","link":"https:\/\/regions-snetap-fsu.fr\/formation\/2019\/05\/19\/18-mai-2019-les-hauts-de-france-dans-la-manifestation-parisienne-sereine\/","title":{"rendered":"18 mai 2019 : Les Hauts-de-France dans la manifestation parisienne sereine"},"content":{"rendered":"<h2 style=\"text-align: center\"><span style=\"color: #ff0000\">18 mai 2019 : Les Hauts-de-France dans la manifestation parisienne <\/span><span style=\"color: #ff0000\">sereine <\/span><\/h2>\n<figure id=\"attachment_2392\" aria-describedby=\"caption-attachment-2392\" style=\"width: 605px\" class=\"wp-caption aligncenter\"><img fetchpriority=\"high\" decoding=\"async\" class=\"wp-image-2392 size-large\" src=\"https:\/\/regions-snetap-fsu.fr\/hdf\/wp-content\/uploads\/sites\/5\/2019\/05\/18mai19_Demarrage_R-1024x550.jpg\" alt=\"\" width=\"605\" height=\"325\" \/><figcaption id=\"caption-attachment-2392\" class=\"wp-caption-text\">La FSU 59-62 suivi des Picards d\u00e9marre<\/figcaption><\/figure>\n<p style=\"text-align: justify\"><span style=\"color: #0000ff\">Alors que depuis des semaines de nombreuses actions ont lieu partout dans le pays et aura encore lieu le 21 mai devant la DRAAF \u00e0 Amiens, le SNETAP-FSU des Hauts-de-France se f\u00e9licite de la manifestation de ce 18 mai 2019 qui avec nos camarades de la FSU a r\u00e9uni plus de 10 000 manifestant\u00b7es contre la destruction de l&rsquo;Enseignement Agricole Public.<\/span><\/p>\n<p><a href=\"https:\/\/www.snetap-fsu.fr\/La-FSU-mobilisee-pour-le-service-public-d-education.html\" target=\"_blank\" rel=\"noopener noreferrer\"><span style=\"text-decoration: underline\"><span style=\"color: #000000;text-decoration: underline\">Lien : SNETAP-FSU &#8211; La FSU mobilis\u00e9e pour le service public d\u2019\u00e9ducation !<\/span><\/span><\/a><\/p>\n<figure id=\"attachment_2395\" aria-describedby=\"caption-attachment-2395\" style=\"width: 300px\" class=\"wp-caption aligncenter\"><img decoding=\"async\" class=\"wp-image-2395 size-medium\" src=\"https:\/\/regions-snetap-fsu.fr\/hdf\/wp-content\/uploads\/sites\/5\/2019\/05\/18mai19_Snetap_demarre-300x235.jpg\" alt=\"\" width=\"300\" height=\"235\" \/><figcaption id=\"caption-attachment-2395\" class=\"wp-caption-text\">Le SNETAP-FSU rejoint le cort\u00e8ge<\/figcaption><\/figure>\n<p style=\"text-align: justify\"><span style=\"color: #0000ff\">Gr\u00e2ce \u00e0 ces mobilisations, le gouvernement, les parlementaires, le ministre et la DGER ont d\u00e9j\u00e0 d\u00fb reculer : annonce du Pr\u00e9sident de la R\u00e9publique sur la revalorisation des enseignant\u00b7es, restauration des 5 semaines de stage en STAV&#8230;<br \/>\n<\/span><\/p>\n<p style=\"text-align: justify\"><span style=\"color: #0000ff\">Mais nous ne devons pas l\u00e2cher, nous devons continuer \u00e0 r\u00e9sister afin de ne pas assister passivement aux mesures destructrices de l&rsquo;Enseignement Agricole Public : diminution de la DGH de 2,66 %, seuils r\u00e9-hauss\u00e9s, nouveaux bugs de Parcoursup mettant nos jeunes dans l&rsquo;anxi\u00e9t\u00e9 \u00e0 quelques semaines des \u00e9preuves du baccalaur\u00e9at.<\/span><\/p>\n<figure id=\"attachment_2399\" aria-describedby=\"caption-attachment-2399\" style=\"width: 929px\" class=\"wp-caption aligncenter\"><img decoding=\"async\" class=\"wp-image-2399 size-full\" src=\"https:\/\/regions-snetap-fsu.fr\/hdf\/wp-content\/uploads\/sites\/5\/2019\/05\/18mai19_Slogan_port\u00e9_R.jpg\" alt=\"\" width=\"929\" height=\"626\" \/><figcaption id=\"caption-attachment-2399\" class=\"wp-caption-text\">Un Ch&rsquo;ti homme-sandwich !<\/figcaption><\/figure>\n<p style=\"text-align: justify\"><strong><span style=\"color: #0000ff\">Pour un enseignement agricole de qualit\u00e9, \u00e9galitaire pour nos jeunes et valorisant pour son personnel, rejoignez nous le 21 mai d\u00e8s 11h au rassemblement &#8211; barbecue devant la DRAAF \u00e0 Amiens.<\/span><\/strong><\/p>\n<p><a href=\"https:\/\/regions-snetap-fsu.fr\/hdf\/2019\/05\/12\/21-mai-2019-une-journee-action-pour-leap-des-hauts-de-france\/\" target=\"_blank\" rel=\"noopener noreferrer\"><span style=\"text-decoration: underline;color: #000000\">Lien : SNETAP HdF &#8211; 21 mai 2019 : Une journ\u00e9e action pour l\u2019EAP des Hauts-de-France<\/span><\/a><\/p>\n<p><img loading=\"lazy\" decoding=\"async\" class=\"aligncenter size-medium wp-image-2195\" src=\"https:\/\/regions-snetap-fsu.fr\/hdf\/wp-content\/uploads\/sites\/5\/2019\/04\/Barbecue_party_DRAAF_29_419-161x300.jpg\" alt=\"\" width=\"161\" height=\"300\" \/><\/p>\n<p style=\"text-align: justify\"><span style=\"color: #0000ff\">Lors de cette journ\u00e9e nous allons conforter notre communication d\u00e9j\u00e0 lanc\u00e9e aux diff\u00e9rentes Presses pr\u00e9sentes. Une d\u00e9l\u00e9gation rencontrera la DRAAF-SRFD. Soyons nombreu\u00b7ses \u00e0 montrer que nous sommes d\u00e9termin\u00e9\u00b7es plus que jamais.<br \/>\n<\/span><\/p>\n<p style=\"text-align: justify\"><strong><span style=\"color: #0000ff\">Ce n&rsquo;est pas fini ! Poursuivons nos batailles afin de faire reculer jusqu&rsquo;au bout ceux qui veulent casser l&rsquo;Enseignement Agricole Public !<\/span><\/strong><\/p>\n<p style=\"text-align: justify\"><strong><span style=\"color: #008000\">Le SNETAP-FSU des Hauts-de-France remercie le SNUipp, le SNES et la FSU qui ont assur\u00e9 la logistique pour la r\u00e9ussite de cette mobilisation du 18 mai 2019 \u00e0 Paris.<\/span><\/strong><\/p>\n<figure id=\"attachment_2407\" aria-describedby=\"caption-attachment-2407\" style=\"width: 218px\" class=\"wp-caption alignleft\"><img loading=\"lazy\" decoding=\"async\" class=\"size-medium wp-image-2407\" src=\"https:\/\/regions-snetap-fsu.fr\/hdf\/wp-content\/uploads\/sites\/5\/2019\/05\/18mai19_Slogan_Prof-Glypho-218x300.jpg\" alt=\"\" width=\"218\" height=\"300\" \/><figcaption id=\"caption-attachment-2407\" class=\"wp-caption-text\">1er slogan pl\u00e9biscit\u00e9<\/figcaption><\/figure>\n<figure id=\"attachment_2406\" aria-describedby=\"caption-attachment-2406\" style=\"width: 217px\" class=\"wp-caption alignright\"><img loading=\"lazy\" decoding=\"async\" class=\"size-medium wp-image-2406\" src=\"https:\/\/regions-snetap-fsu.fr\/hdf\/wp-content\/uploads\/sites\/5\/2019\/05\/18mai19_Slogan_EAP_part_en_fum\u00e9-217x300.jpg\" alt=\"\" width=\"217\" height=\"300\" \/><figcaption id=\"caption-attachment-2406\" class=\"wp-caption-text\">2e slogan pl\u00e9biscit\u00e9<\/figcaption><\/figure>\n<p>&nbsp;<\/p>\n<p>&nbsp;<\/p>\n<p>&nbsp;<\/p>\n<p>&nbsp;<\/p>\n<p>&nbsp;<\/p>\n<p>&nbsp;<\/p>\n<p>&nbsp;<\/p>\n<p>&nbsp;<\/p>\n<p>&nbsp;<\/p>\n<figure id=\"attachment_2446\" aria-describedby=\"caption-attachment-2446\" style=\"width: 225px\" class=\"wp-caption aligncenter\"><img loading=\"lazy\" decoding=\"async\" class=\"size-medium wp-image-2446\" src=\"https:\/\/regions-snetap-fsu.fr\/hdf\/wp-content\/uploads\/sites\/5\/2019\/05\/18mai19_CFA-225x300.jpg\" alt=\"\" width=\"225\" height=\"300\" \/><figcaption id=\"caption-attachment-2446\" class=\"wp-caption-text\">Une pens\u00e9e pour les CFA<\/figcaption><\/figure>\n<figure id=\"attachment_2409\" aria-describedby=\"caption-attachment-2409\" style=\"width: 605px\" class=\"wp-caption alignleft\"><img loading=\"lazy\" decoding=\"async\" class=\"wp-image-2409 size-large\" src=\"https:\/\/regions-snetap-fsu.fr\/hdf\/wp-content\/uploads\/sites\/5\/2019\/05\/18mai19_La_Rotonde-1024x335.jpg\" alt=\"\" width=\"605\" height=\"198\" \/><figcaption id=\"caption-attachment-2409\" class=\"wp-caption-text\">Le seul endroit o\u00f9 les CRS \u00e9taient en force. Comme ci &#8230;<\/figcaption><\/figure>\n<p>&nbsp;<\/p>\n<p>&nbsp;<\/p>\n<figure id=\"attachment_2410\" aria-describedby=\"caption-attachment-2410\" style=\"width: 605px\" class=\"wp-caption alignright\"><img loading=\"lazy\" decoding=\"async\" class=\"wp-image-2410 size-large\" src=\"https:\/\/regions-snetap-fsu.fr\/hdf\/wp-content\/uploads\/sites\/5\/2019\/05\/18mai19_CRS_s_en_vont-1024x411.jpg\" alt=\"\" width=\"605\" height=\"243\" \/><figcaption id=\"caption-attachment-2410\" class=\"wp-caption-text\">Les CRS ont compris que nous sommes des pacifiques, donc ils s&rsquo;en vont rejoindre le d\u00e9marrage des GJ<\/figcaption><\/figure>\n<p>&nbsp;<\/p>\n<p>&nbsp;<\/p>\n<p>&nbsp;<\/p>\n<figure id=\"attachment_2411\" aria-describedby=\"caption-attachment-2411\" style=\"width: 605px\" class=\"wp-caption aligncenter\"><img loading=\"lazy\" decoding=\"async\" class=\"wp-image-2411 size-large\" src=\"https:\/\/regions-snetap-fsu.fr\/hdf\/wp-content\/uploads\/sites\/5\/2019\/05\/18mai19_Slogan_de_rue-1024x166.jpg\" alt=\"\" width=\"605\" height=\"98\" \/><figcaption id=\"caption-attachment-2411\" class=\"wp-caption-text\">Un slogan de rue que nous avons aim\u00e9<\/figcaption><\/figure>\n","protected":false},"excerpt":{"rendered":"<p>18 mai 2019 : Les Hauts-de-France dans la manifestation parisienne sereine Alors que depuis des semaines de nombreuses actions ont lieu partout dans le pays et aura encore lieu le 21 mai devant la DRAAF \u00e0 Amiens, le SNETAP-FSU des Hauts-de-France se f\u00e9licite de la manifestation de ce 18 mai 2019 qui avec nos camarades [&hellip;]<\/p>\n","protected":false},"author":138,"featured_media":0,"comment_status":"closed","ping_status":"closed","sticky":false,"template":"","format":"standard","meta":{"ocean_post_layout":"","ocean_both_sidebars_style":"","ocean_both_sidebars_content_width":0,"ocean_both_sidebars_sidebars_width":0,"ocean_sidebar":"","ocean_second_sidebar":"","ocean_disable_margins":"enable","ocean_add_body_class":"","ocean_shortcode_before_top_bar":"","ocean_shortcode_after_top_bar":"","ocean_shortcode_before_header":"","ocean_shortcode_after_header":"","ocean_has_shortcode":"","ocean_shortcode_after_title":"","ocean_shortcode_before_footer_widgets":"","ocean_shortcode_after_footer_widgets":"","ocean_shortcode_before_footer_bottom":"","ocean_shortcode_after_footer_bottom":"","ocean_display_top_bar":"default","ocean_display_header":"default","ocean_header_style":"","ocean_center_header_left_menu":"","ocean_custom_header_template":"","ocean_custom_logo":0,"ocean_custom_retina_logo":0,"ocean_custom_logo_max_width":0,"ocean_custom_logo_tablet_max_width":0,"ocean_custom_logo_mobile_max_width":0,"ocean_custom_logo_max_height":0,"ocean_custom_logo_tablet_max_height":0,"ocean_custom_logo_mobile_max_height":0,"ocean_header_custom_menu":"","ocean_menu_typo_font_family":"","ocean_menu_typo_font_subset":"","ocean_menu_typo_font_size":0,"ocean_menu_typo_font_size_tablet":0,"ocean_menu_typo_font_size_mobile":0,"ocean_menu_typo_font_size_unit":"px","ocean_menu_typo_font_weight":"","ocean_menu_typo_font_weight_tablet":"","ocean_menu_typo_font_weight_mobile":"","ocean_menu_typo_transform":"","ocean_menu_typo_transform_tablet":"","ocean_menu_typo_transform_mobile":"","ocean_menu_typo_line_height":0,"ocean_menu_typo_line_height_tablet":0,"ocean_menu_typo_line_height_mobile":0,"ocean_menu_typo_line_height_unit":"","ocean_menu_typo_spacing":0,"ocean_menu_typo_spacing_tablet":0,"ocean_menu_typo_spacing_mobile":0,"ocean_menu_typo_spacing_unit":"","ocean_menu_link_color":"","ocean_menu_link_color_hover":"","ocean_menu_link_color_active":"","ocean_menu_link_background":"","ocean_menu_link_hover_background":"","ocean_menu_link_active_background":"","ocean_menu_social_links_bg":"","ocean_menu_social_hover_links_bg":"","ocean_menu_social_links_color":"","ocean_menu_social_hover_links_color":"","ocean_disable_title":"default","ocean_disable_heading":"default","ocean_post_title":"","ocean_post_subheading":"","ocean_post_title_style":"","ocean_post_title_background_color":"","ocean_post_title_background":0,"ocean_post_title_bg_image_position":"","ocean_post_title_bg_image_attachment":"","ocean_post_title_bg_image_repeat":"","ocean_post_title_bg_image_size":"","ocean_post_title_height":0,"ocean_post_title_bg_overlay":0.5,"ocean_post_title_bg_overlay_color":"","ocean_disable_breadcrumbs":"default","ocean_breadcrumbs_color":"","ocean_breadcrumbs_separator_color":"","ocean_breadcrumbs_links_color":"","ocean_breadcrumbs_links_hover_color":"","ocean_display_footer_widgets":"default","ocean_display_footer_bottom":"default","ocean_custom_footer_template":"","ocean_post_oembed":"","ocean_post_self_hosted_media":"","ocean_post_video_embed":"","ocean_link_format":"","ocean_link_format_target":"self","ocean_quote_format":"","ocean_quote_format_link":"post","ocean_gallery_link_images":"on","ocean_gallery_id":[],"footnotes":""},"categories":[3],"tags":[],"post_folder":[],"class_list":["post-2385","post","type-post","status-publish","format-standard","hentry","category-actions-greves-manifs","entry"],"yoast_head":"<!-- This site is optimized with the Yoast SEO plugin v27.4 - https:\/\/yoast.com\/product\/yoast-seo-wordpress\/ -->\n<title>18 mai 2019 : Les Hauts-de-France dans la manifestation parisienne sereine - Formation des sites R\u00e9gionaux du SNETAP-FSU<\/title>\n<meta name=\"robots\" content=\"index, follow, max-snippet:-1, max-image-preview:large, max-video-preview:-1\" \/>\n<link rel=\"canonical\" href=\"https:\/\/regions-snetap-fsu.fr\/formation\/2019\/05\/19\/18-mai-2019-les-hauts-de-france-dans-la-manifestation-parisienne-sereine\/\" \/>\n<meta property=\"og:locale\" content=\"fr_FR\" \/>\n<meta property=\"og:type\" content=\"article\" \/>\n<meta property=\"og:title\" content=\"18 mai 2019 : Les Hauts-de-France dans la manifestation parisienne sereine - Formation des sites R\u00e9gionaux du SNETAP-FSU\" \/>\n<meta property=\"og:description\" content=\"18 mai 2019 : Les Hauts-de-France dans la manifestation parisienne sereine Alors que depuis des semaines de nombreuses actions ont lieu partout dans le pays et aura encore lieu le 21 mai devant la DRAAF \u00e0 Amiens, le SNETAP-FSU des Hauts-de-France se f\u00e9licite de la manifestation de ce 18 mai 2019 qui avec nos camarades [&hellip;]\" \/>\n<meta property=\"og:url\" content=\"https:\/\/regions-snetap-fsu.fr\/formation\/2019\/05\/19\/18-mai-2019-les-hauts-de-france-dans-la-manifestation-parisienne-sereine\/\" \/>\n<meta property=\"og:site_name\" content=\"Formation des sites R\u00e9gionaux du SNETAP-FSU\" \/>\n<meta property=\"article:published_time\" content=\"2019-05-19T15:39:33+00:00\" \/>\n<meta name=\"author\" content=\"yoctavien\" \/>\n<meta name=\"twitter:card\" content=\"summary_large_image\" \/>\n<meta name=\"twitter:label1\" content=\"\u00c9crit par\" \/>\n\t<meta name=\"twitter:data1\" content=\"yoctavien\" \/>\n\t<meta name=\"twitter:label2\" content=\"Dur\u00e9e de lecture estim\u00e9e\" \/>\n\t<meta name=\"twitter:data2\" content=\"2 minutes\" \/>\n<script type=\"application\/ld+json\" class=\"yoast-schema-graph\">{\"@context\":\"https:\\\/\\\/schema.org\",\"@graph\":[{\"@type\":\"Article\",\"@id\":\"https:\\\/\\\/regions-snetap-fsu.fr\\\/formation\\\/2019\\\/05\\\/19\\\/18-mai-2019-les-hauts-de-france-dans-la-manifestation-parisienne-sereine\\\/#article\",\"isPartOf\":{\"@id\":\"https:\\\/\\\/regions-snetap-fsu.fr\\\/formation\\\/2019\\\/05\\\/19\\\/18-mai-2019-les-hauts-de-france-dans-la-manifestation-parisienne-sereine\\\/\"},\"author\":{\"name\":\"yoctavien\",\"@id\":\"https:\\\/\\\/regions-snetap-fsu.fr\\\/formation\\\/#\\\/schema\\\/person\\\/f5dc7b6354e942ca9c5fa8e9ff7e5c93\"},\"headline\":\"18 mai 2019 : Les Hauts-de-France dans la manifestation parisienne sereine\",\"datePublished\":\"2019-05-19T15:39:33+00:00\",\"mainEntityOfPage\":{\"@id\":\"https:\\\/\\\/regions-snetap-fsu.fr\\\/formation\\\/2019\\\/05\\\/19\\\/18-mai-2019-les-hauts-de-france-dans-la-manifestation-parisienne-sereine\\\/\"},\"wordCount\":462,\"publisher\":{\"@id\":\"https:\\\/\\\/regions-snetap-fsu.fr\\\/formation\\\/#organization\"},\"image\":{\"@id\":\"https:\\\/\\\/regions-snetap-fsu.fr\\\/formation\\\/2019\\\/05\\\/19\\\/18-mai-2019-les-hauts-de-france-dans-la-manifestation-parisienne-sereine\\\/#primaryimage\"},\"thumbnailUrl\":\"https:\\\/\\\/regions-snetap-fsu.fr\\\/hdf\\\/wp-content\\\/uploads\\\/sites\\\/5\\\/2019\\\/05\\\/18mai19_Demarrage_R-1024x550.jpg\",\"articleSection\":[\"Actions - Gr\u00e8ves - Manifs\"],\"inLanguage\":\"fr-FR\"},{\"@type\":\"WebPage\",\"@id\":\"https:\\\/\\\/regions-snetap-fsu.fr\\\/formation\\\/2019\\\/05\\\/19\\\/18-mai-2019-les-hauts-de-france-dans-la-manifestation-parisienne-sereine\\\/\",\"url\":\"https:\\\/\\\/regions-snetap-fsu.fr\\\/formation\\\/2019\\\/05\\\/19\\\/18-mai-2019-les-hauts-de-france-dans-la-manifestation-parisienne-sereine\\\/\",\"name\":\"18 mai 2019 : Les Hauts-de-France dans la manifestation parisienne sereine - Formation des sites R\u00e9gionaux du SNETAP-FSU\",\"isPartOf\":{\"@id\":\"https:\\\/\\\/regions-snetap-fsu.fr\\\/formation\\\/#website\"},\"primaryImageOfPage\":{\"@id\":\"https:\\\/\\\/regions-snetap-fsu.fr\\\/formation\\\/2019\\\/05\\\/19\\\/18-mai-2019-les-hauts-de-france-dans-la-manifestation-parisienne-sereine\\\/#primaryimage\"},\"image\":{\"@id\":\"https:\\\/\\\/regions-snetap-fsu.fr\\\/formation\\\/2019\\\/05\\\/19\\\/18-mai-2019-les-hauts-de-france-dans-la-manifestation-parisienne-sereine\\\/#primaryimage\"},\"thumbnailUrl\":\"https:\\\/\\\/regions-snetap-fsu.fr\\\/hdf\\\/wp-content\\\/uploads\\\/sites\\\/5\\\/2019\\\/05\\\/18mai19_Demarrage_R-1024x550.jpg\",\"datePublished\":\"2019-05-19T15:39:33+00:00\",\"breadcrumb\":{\"@id\":\"https:\\\/\\\/regions-snetap-fsu.fr\\\/formation\\\/2019\\\/05\\\/19\\\/18-mai-2019-les-hauts-de-france-dans-la-manifestation-parisienne-sereine\\\/#breadcrumb\"},\"inLanguage\":\"fr-FR\",\"potentialAction\":[{\"@type\":\"ReadAction\",\"target\":[\"https:\\\/\\\/regions-snetap-fsu.fr\\\/formation\\\/2019\\\/05\\\/19\\\/18-mai-2019-les-hauts-de-france-dans-la-manifestation-parisienne-sereine\\\/\"]}]},{\"@type\":\"ImageObject\",\"inLanguage\":\"fr-FR\",\"@id\":\"https:\\\/\\\/regions-snetap-fsu.fr\\\/formation\\\/2019\\\/05\\\/19\\\/18-mai-2019-les-hauts-de-france-dans-la-manifestation-parisienne-sereine\\\/#primaryimage\",\"url\":\"https:\\\/\\\/regions-snetap-fsu.fr\\\/hdf\\\/wp-content\\\/uploads\\\/sites\\\/5\\\/2019\\\/05\\\/18mai19_Demarrage_R-1024x550.jpg\",\"contentUrl\":\"https:\\\/\\\/regions-snetap-fsu.fr\\\/hdf\\\/wp-content\\\/uploads\\\/sites\\\/5\\\/2019\\\/05\\\/18mai19_Demarrage_R-1024x550.jpg\"},{\"@type\":\"BreadcrumbList\",\"@id\":\"https:\\\/\\\/regions-snetap-fsu.fr\\\/formation\\\/2019\\\/05\\\/19\\\/18-mai-2019-les-hauts-de-france-dans-la-manifestation-parisienne-sereine\\\/#breadcrumb\",\"itemListElement\":[{\"@type\":\"ListItem\",\"position\":1,\"name\":\"Accueil\",\"item\":\"https:\\\/\\\/regions-snetap-fsu.fr\\\/formation\\\/\"},{\"@type\":\"ListItem\",\"position\":2,\"name\":\"18 mai 2019 : Les Hauts-de-France dans la manifestation parisienne sereine\"}]},{\"@type\":\"WebSite\",\"@id\":\"https:\\\/\\\/regions-snetap-fsu.fr\\\/formation\\\/#website\",\"url\":\"https:\\\/\\\/regions-snetap-fsu.fr\\\/formation\\\/\",\"name\":\"Formation des sites R\u00e9gionaux du SNETAP-FSU\",\"description\":\"\",\"publisher\":{\"@id\":\"https:\\\/\\\/regions-snetap-fsu.fr\\\/formation\\\/#organization\"},\"potentialAction\":[{\"@type\":\"SearchAction\",\"target\":{\"@type\":\"EntryPoint\",\"urlTemplate\":\"https:\\\/\\\/regions-snetap-fsu.fr\\\/formation\\\/?s={search_term_string}\"},\"query-input\":{\"@type\":\"PropertyValueSpecification\",\"valueRequired\":true,\"valueName\":\"search_term_string\"}}],\"inLanguage\":\"fr-FR\"},{\"@type\":\"Organization\",\"@id\":\"https:\\\/\\\/regions-snetap-fsu.fr\\\/formation\\\/#organization\",\"name\":\"Formation des sites R\u00e9gionaux du SNETAP-FSU\",\"url\":\"https:\\\/\\\/regions-snetap-fsu.fr\\\/formation\\\/\",\"logo\":{\"@type\":\"ImageObject\",\"inLanguage\":\"fr-FR\",\"@id\":\"https:\\\/\\\/regions-snetap-fsu.fr\\\/formation\\\/#\\\/schema\\\/logo\\\/image\\\/\",\"url\":\"https:\\\/\\\/regions-snetap-fsu.fr\\\/formation\\\/wp-content\\\/uploads\\\/sites\\\/20\\\/2025\\\/04\\\/cropped-Logo_blanc_fond_transparent_1000x755.png\",\"contentUrl\":\"https:\\\/\\\/regions-snetap-fsu.fr\\\/formation\\\/wp-content\\\/uploads\\\/sites\\\/20\\\/2025\\\/04\\\/cropped-Logo_blanc_fond_transparent_1000x755.png\",\"width\":998,\"height\":689,\"caption\":\"Formation des sites R\u00e9gionaux du SNETAP-FSU\"},\"image\":{\"@id\":\"https:\\\/\\\/regions-snetap-fsu.fr\\\/formation\\\/#\\\/schema\\\/logo\\\/image\\\/\"}},{\"@type\":\"Person\",\"@id\":\"https:\\\/\\\/regions-snetap-fsu.fr\\\/formation\\\/#\\\/schema\\\/person\\\/f5dc7b6354e942ca9c5fa8e9ff7e5c93\",\"name\":\"yoctavien\",\"image\":{\"@type\":\"ImageObject\",\"inLanguage\":\"fr-FR\",\"@id\":\"https:\\\/\\\/secure.gravatar.com\\\/avatar\\\/382642c092b6b9da14641d3c478df2f3da4a2d17eea25691c232d4dbf735c292?s=96&d=mm&r=g\",\"url\":\"https:\\\/\\\/secure.gravatar.com\\\/avatar\\\/382642c092b6b9da14641d3c478df2f3da4a2d17eea25691c232d4dbf735c292?s=96&d=mm&r=g\",\"contentUrl\":\"https:\\\/\\\/secure.gravatar.com\\\/avatar\\\/382642c092b6b9da14641d3c478df2f3da4a2d17eea25691c232d4dbf735c292?s=96&d=mm&r=g\",\"caption\":\"yoctavien\"},\"url\":\"https:\\\/\\\/regions-snetap-fsu.fr\\\/formation\\\/author\\\/yoctavien\\\/\"}]}<\/script>\n<!-- \/ Yoast SEO plugin. -->","yoast_head_json":{"title":"18 mai 2019 : Les Hauts-de-France dans la manifestation parisienne sereine - Formation des sites R\u00e9gionaux du SNETAP-FSU","robots":{"index":"index","follow":"follow","max-snippet":"max-snippet:-1","max-image-preview":"max-image-preview:large","max-video-preview":"max-video-preview:-1"},"canonical":"https:\/\/regions-snetap-fsu.fr\/formation\/2019\/05\/19\/18-mai-2019-les-hauts-de-france-dans-la-manifestation-parisienne-sereine\/","og_locale":"fr_FR","og_type":"article","og_title":"18 mai 2019 : Les Hauts-de-France dans la manifestation parisienne sereine - Formation des sites R\u00e9gionaux du SNETAP-FSU","og_description":"18 mai 2019 : Les Hauts-de-France dans la manifestation parisienne sereine Alors que depuis des semaines de nombreuses actions ont lieu partout dans le pays et aura encore lieu le 21 mai devant la DRAAF \u00e0 Amiens, le SNETAP-FSU des Hauts-de-France se f\u00e9licite de la manifestation de ce 18 mai 2019 qui avec nos camarades [&hellip;]","og_url":"https:\/\/regions-snetap-fsu.fr\/formation\/2019\/05\/19\/18-mai-2019-les-hauts-de-france-dans-la-manifestation-parisienne-sereine\/","og_site_name":"Formation des sites R\u00e9gionaux du SNETAP-FSU","article_published_time":"2019-05-19T15:39:33+00:00","author":"yoctavien","twitter_card":"summary_large_image","twitter_misc":{"\u00c9crit par":"yoctavien","Dur\u00e9e de lecture estim\u00e9e":"2 minutes"},"schema":{"@context":"https:\/\/schema.org","@graph":[{"@type":"Article","@id":"https:\/\/regions-snetap-fsu.fr\/formation\/2019\/05\/19\/18-mai-2019-les-hauts-de-france-dans-la-manifestation-parisienne-sereine\/#article","isPartOf":{"@id":"https:\/\/regions-snetap-fsu.fr\/formation\/2019\/05\/19\/18-mai-2019-les-hauts-de-france-dans-la-manifestation-parisienne-sereine\/"},"author":{"name":"yoctavien","@id":"https:\/\/regions-snetap-fsu.fr\/formation\/#\/schema\/person\/f5dc7b6354e942ca9c5fa8e9ff7e5c93"},"headline":"18 mai 2019 : Les Hauts-de-France dans la manifestation parisienne sereine","datePublished":"2019-05-19T15:39:33+00:00","mainEntityOfPage":{"@id":"https:\/\/regions-snetap-fsu.fr\/formation\/2019\/05\/19\/18-mai-2019-les-hauts-de-france-dans-la-manifestation-parisienne-sereine\/"},"wordCount":462,"publisher":{"@id":"https:\/\/regions-snetap-fsu.fr\/formation\/#organization"},"image":{"@id":"https:\/\/regions-snetap-fsu.fr\/formation\/2019\/05\/19\/18-mai-2019-les-hauts-de-france-dans-la-manifestation-parisienne-sereine\/#primaryimage"},"thumbnailUrl":"https:\/\/regions-snetap-fsu.fr\/hdf\/wp-content\/uploads\/sites\/5\/2019\/05\/18mai19_Demarrage_R-1024x550.jpg","articleSection":["Actions - Gr\u00e8ves - Manifs"],"inLanguage":"fr-FR"},{"@type":"WebPage","@id":"https:\/\/regions-snetap-fsu.fr\/formation\/2019\/05\/19\/18-mai-2019-les-hauts-de-france-dans-la-manifestation-parisienne-sereine\/","url":"https:\/\/regions-snetap-fsu.fr\/formation\/2019\/05\/19\/18-mai-2019-les-hauts-de-france-dans-la-manifestation-parisienne-sereine\/","name":"18 mai 2019 : Les Hauts-de-France dans la manifestation parisienne sereine - Formation des sites R\u00e9gionaux du SNETAP-FSU","isPartOf":{"@id":"https:\/\/regions-snetap-fsu.fr\/formation\/#website"},"primaryImageOfPage":{"@id":"https:\/\/regions-snetap-fsu.fr\/formation\/2019\/05\/19\/18-mai-2019-les-hauts-de-france-dans-la-manifestation-parisienne-sereine\/#primaryimage"},"image":{"@id":"https:\/\/regions-snetap-fsu.fr\/formation\/2019\/05\/19\/18-mai-2019-les-hauts-de-france-dans-la-manifestation-parisienne-sereine\/#primaryimage"},"thumbnailUrl":"https:\/\/regions-snetap-fsu.fr\/hdf\/wp-content\/uploads\/sites\/5\/2019\/05\/18mai19_Demarrage_R-1024x550.jpg","datePublished":"2019-05-19T15:39:33+00:00","breadcrumb":{"@id":"https:\/\/regions-snetap-fsu.fr\/formation\/2019\/05\/19\/18-mai-2019-les-hauts-de-france-dans-la-manifestation-parisienne-sereine\/#breadcrumb"},"inLanguage":"fr-FR","potentialAction":[{"@type":"ReadAction","target":["https:\/\/regions-snetap-fsu.fr\/formation\/2019\/05\/19\/18-mai-2019-les-hauts-de-france-dans-la-manifestation-parisienne-sereine\/"]}]},{"@type":"ImageObject","inLanguage":"fr-FR","@id":"https:\/\/regions-snetap-fsu.fr\/formation\/2019\/05\/19\/18-mai-2019-les-hauts-de-france-dans-la-manifestation-parisienne-sereine\/#primaryimage","url":"https:\/\/regions-snetap-fsu.fr\/hdf\/wp-content\/uploads\/sites\/5\/2019\/05\/18mai19_Demarrage_R-1024x550.jpg","contentUrl":"https:\/\/regions-snetap-fsu.fr\/hdf\/wp-content\/uploads\/sites\/5\/2019\/05\/18mai19_Demarrage_R-1024x550.jpg"},{"@type":"BreadcrumbList","@id":"https:\/\/regions-snetap-fsu.fr\/formation\/2019\/05\/19\/18-mai-2019-les-hauts-de-france-dans-la-manifestation-parisienne-sereine\/#breadcrumb","itemListElement":[{"@type":"ListItem","position":1,"name":"Accueil","item":"https:\/\/regions-snetap-fsu.fr\/formation\/"},{"@type":"ListItem","position":2,"name":"18 mai 2019 : Les Hauts-de-France dans la manifestation parisienne sereine"}]},{"@type":"WebSite","@id":"https:\/\/regions-snetap-fsu.fr\/formation\/#website","url":"https:\/\/regions-snetap-fsu.fr\/formation\/","name":"Formation des sites R\u00e9gionaux du SNETAP-FSU","description":"","publisher":{"@id":"https:\/\/regions-snetap-fsu.fr\/formation\/#organization"},"potentialAction":[{"@type":"SearchAction","target":{"@type":"EntryPoint","urlTemplate":"https:\/\/regions-snetap-fsu.fr\/formation\/?s={search_term_string}"},"query-input":{"@type":"PropertyValueSpecification","valueRequired":true,"valueName":"search_term_string"}}],"inLanguage":"fr-FR"},{"@type":"Organization","@id":"https:\/\/regions-snetap-fsu.fr\/formation\/#organization","name":"Formation des sites R\u00e9gionaux du SNETAP-FSU","url":"https:\/\/regions-snetap-fsu.fr\/formation\/","logo":{"@type":"ImageObject","inLanguage":"fr-FR","@id":"https:\/\/regions-snetap-fsu.fr\/formation\/#\/schema\/logo\/image\/","url":"https:\/\/regions-snetap-fsu.fr\/formation\/wp-content\/uploads\/sites\/20\/2025\/04\/cropped-Logo_blanc_fond_transparent_1000x755.png","contentUrl":"https:\/\/regions-snetap-fsu.fr\/formation\/wp-content\/uploads\/sites\/20\/2025\/04\/cropped-Logo_blanc_fond_transparent_1000x755.png","width":998,"height":689,"caption":"Formation des sites R\u00e9gionaux du SNETAP-FSU"},"image":{"@id":"https:\/\/regions-snetap-fsu.fr\/formation\/#\/schema\/logo\/image\/"}},{"@type":"Person","@id":"https:\/\/regions-snetap-fsu.fr\/formation\/#\/schema\/person\/f5dc7b6354e942ca9c5fa8e9ff7e5c93","name":"yoctavien","image":{"@type":"ImageObject","inLanguage":"fr-FR","@id":"https:\/\/secure.gravatar.com\/avatar\/382642c092b6b9da14641d3c478df2f3da4a2d17eea25691c232d4dbf735c292?s=96&d=mm&r=g","url":"https:\/\/secure.gravatar.com\/avatar\/382642c092b6b9da14641d3c478df2f3da4a2d17eea25691c232d4dbf735c292?s=96&d=mm&r=g","contentUrl":"https:\/\/secure.gravatar.com\/avatar\/382642c092b6b9da14641d3c478df2f3da4a2d17eea25691c232d4dbf735c292?s=96&d=mm&r=g","caption":"yoctavien"},"url":"https:\/\/regions-snetap-fsu.fr\/formation\/author\/yoctavien\/"}]}},"_links":{"self":[{"href":"https:\/\/regions-snetap-fsu.fr\/formation\/wp-json\/wp\/v2\/posts\/2385","targetHints":{"allow":["GET"]}}],"collection":[{"href":"https:\/\/regions-snetap-fsu.fr\/formation\/wp-json\/wp\/v2\/posts"}],"about":[{"href":"https:\/\/regions-snetap-fsu.fr\/formation\/wp-json\/wp\/v2\/types\/post"}],"author":[{"embeddable":true,"href":"https:\/\/regions-snetap-fsu.fr\/formation\/wp-json\/wp\/v2\/users\/138"}],"replies":[{"embeddable":true,"href":"https:\/\/regions-snetap-fsu.fr\/formation\/wp-json\/wp\/v2\/comments?post=2385"}],"version-history":[{"count":0,"href":"https:\/\/regions-snetap-fsu.fr\/formation\/wp-json\/wp\/v2\/posts\/2385\/revisions"}],"wp:attachment":[{"href":"https:\/\/regions-snetap-fsu.fr\/formation\/wp-json\/wp\/v2\/media?parent=2385"}],"wp:term":[{"taxonomy":"category","embeddable":true,"href":"https:\/\/regions-snetap-fsu.fr\/formation\/wp-json\/wp\/v2\/categories?post=2385"},{"taxonomy":"post_tag","embeddable":true,"href":"https:\/\/regions-snetap-fsu.fr\/formation\/wp-json\/wp\/v2\/tags?post=2385"},{"taxonomy":"post_folder","embeddable":true,"href":"https:\/\/regions-snetap-fsu.fr\/formation\/wp-json\/wp\/v2\/post_folder?post=2385"}],"curies":[{"name":"wp","href":"https:\/\/api.w.org\/{rel}","templated":true}]}}