{"id":2340,"date":"2019-05-20T22:35:08","date_gmt":"2019-05-20T20:35:08","guid":{"rendered":"https:\/\/regions-snetap-fsu.fr\/hdf\/?p=2340"},"modified":"2019-05-20T22:35:08","modified_gmt":"2019-05-20T20:35:08","slug":"21-mai-2019-une-journee-action-pour-leap-des-hauts-de-france","status":"publish","type":"post","link":"https:\/\/regions-snetap-fsu.fr\/formation\/2019\/05\/20\/21-mai-2019-une-journee-action-pour-leap-des-hauts-de-france\/","title":{"rendered":"21 mai 2019 : Une journ\u00e9e action pour l&rsquo;EAP des Hauts-de-France"},"content":{"rendered":"<h2 style=\"text-align: center\"><span style=\"color: #ff0000\">21 mai 2019 : Une journ\u00e9e action pour l&rsquo;Enseignement Agricole Public des Hauts-de-France<\/span><\/h2>\n<p><span style=\"color: #0000ff\">La journ\u00e9e d&rsquo;action du mardi 21 mai 2019 se partagera en deux temps :<\/span><\/p>\n<ul>\n<li><span style=\"color: #0000ff\">Op\u00e9ration \u00ab\u00a0Je donne de mes nouvelles\u00a0\u00bb.<\/span><\/li>\n<li><span style=\"color: #0000ff\">Gr\u00e8ve et rassemblement &#8211; barbecue devant la DRAAF \u00e0 Amiens.<\/span><\/li>\n<\/ul>\n<h3 style=\"text-align: center\"><span style=\"color: #008000\">Op\u00e9ration \u00ab\u00a0je donne de mes nouvelles\u00a0\u00bb<\/span><\/h3>\n<p><span style=\"color: #0000ff\">Pour cette op\u00e9ration, nous vous solliciterons pour agir le mardi 21 mai de 8h \u00e0 9h. Vous pourrez effectuer cette op\u00e9ration m\u00eame si vous vous ne d\u00e9clarez pas gr\u00e9vistes.<\/span><\/p>\n<p style=\"text-align: justify\"><span style=\"color: #0000ff\">L&rsquo;objectif est de d\u00e9montrer que nous sommes nombreu\u00b7ses \u00e0 refuser les r\u00e9formes iniques qui n&rsquo;ont pour but la r\u00e9duction de moyens.<\/span><\/p>\n<p style=\"text-align: justify\"><span style=\"color: #0000ff\">Pour nous faire entendre, envoyer un mail le <span id=\"OBJ_PREFIX_DWT407_com_zimbra_date\" class=\"Object-active\"><span id=\"OBJ_PREFIX_DWT1217_com_zimbra_date\" class=\"Object\"><span id=\"OBJ_PREFIX_DWT1222_com_zimbra_date\" class=\"Object\">mardi<\/span><\/span><\/span> 21 mai de 8H \u00e0 9H (voire apr\u00e8s si vous l&rsquo;avez rat\u00e9) aux adresses suivantes :<\/span><\/p>\n<div>MINISTRE Sp &lt; <span id=\"OBJ_PREFIX_DWT854_com_zimbra_email\" class=\"Object\"><span id=\"OBJ_PREFIX_DWT855_com_zimbra_email\" class=\"Object\"><span id=\"OBJ_PREFIX_DWT871_com_zimbra_email\" class=\"Object\"><span id=\"OBJ_PREFIX_DWT619_com_zimbra_email\" class=\"Object\"><span id=\"OBJ_PREFIX_DWT408_com_zimbra_email\" class=\"Object\"><span id=\"OBJ_PREFIX_DWT1218_com_zimbra_email\" class=\"Object\"><span id=\"OBJ_PREFIX_DWT1223_com_zimbra_email\" class=\"Object\"><a href=\"mailto:sp.ministre@agriculture.gouv.fr\" target=\"_blank\" rel=\"noopener noreferrer\">sp.ministre@agriculture.gouv.fr<\/a><\/span><\/span> <\/span><\/span><\/span><\/span><\/span>&gt;<br \/>\nCONSEILLER MINISTRE &lt; <span id=\"OBJ_PREFIX_DWT856_com_zimbra_email\" class=\"Object\"><span id=\"OBJ_PREFIX_DWT857_com_zimbra_email\" class=\"Object\"><span id=\"OBJ_PREFIX_DWT872_com_zimbra_email\" class=\"Object\"><span id=\"OBJ_PREFIX_DWT620_com_zimbra_email\" class=\"Object\"><span id=\"OBJ_PREFIX_DWT409_com_zimbra_email\" class=\"Object\"><span id=\"OBJ_PREFIX_DWT1219_com_zimbra_email\" class=\"Object\"><span id=\"OBJ_PREFIX_DWT1224_com_zimbra_email\" class=\"Object\"><a href=\"mailto:benoit.bonaime@agriculture.gouv.fr\" target=\"_blank\" rel=\"noopener noreferrer\">benoit.bonaime@agriculture.gouv.fr<\/a><\/span><\/span> <\/span><\/span><\/span><\/span><\/span>&gt;<br \/>\nDGER&lt; <span id=\"OBJ_PREFIX_DWT858_com_zimbra_email\" class=\"Object\"><span id=\"OBJ_PREFIX_DWT859_com_zimbra_email\" class=\"Object\"><span id=\"OBJ_PREFIX_DWT873_com_zimbra_email\" class=\"Object\"><span id=\"OBJ_PREFIX_DWT621_com_zimbra_email\" class=\"Object\"><span id=\"OBJ_PREFIX_DWT410_com_zimbra_email\" class=\"Object\"><span id=\"OBJ_PREFIX_DWT1220_com_zimbra_email\" class=\"Object\"><span id=\"OBJ_PREFIX_DWT1225_com_zimbra_email\" class=\"Object\"><a href=\"mailto:philippe.vincon@agriculture.gouv.fr\" target=\"_blank\" rel=\"noopener noreferrer\">philippe.vincon@agriculture.gouv.fr<\/a><\/span><\/span> <\/span><\/span><\/span><\/span><\/span>\u00a0 &gt;<\/div>\n<p style=\"text-align: justify\"><span style=\"color: #0000ff\">Nous avons le droit de donner de nos nouvelles \u00ab\u00a0\u00e0 qui de droit\u00a0\u00bb.<\/span><\/p>\n<div>\n<div>\n<div>\n<div style=\"text-align: justify\"><span style=\"color: #0000ff\">Pour \u00e9viter d&rsquo;avoir toutes et tous le m\u00eame objet, indiquez en objet : \u00ab\u00a0Je donne de mes nouvelles de\u00a0\u00bb en terminant par le nom de votre village.<\/span><\/div>\n<p><span style=\"color: #0000ff\">Pour le texte indiquez : \u00ab\u00a0Je vous envoie une carte des Hauts-de-France\u00a0\u00bb.<\/span><\/p>\n<\/div>\n<div><span style=\"color: #0000ff\">Et n&rsquo;oubliez pas de mettre en pi\u00e8ce jointe la carte pourrie ci-dessous :<\/span><\/div>\n<\/div>\n<\/div>\n<div><img fetchpriority=\"high\" decoding=\"async\" class=\"aligncenter wp-image-2441 size-full\" src=\"https:\/\/regions-snetap-fsu.fr\/hdf\/wp-content\/uploads\/sites\/5\/2019\/05\/Je_donnne_de_mes_nouvelles_10_519.jpg\" alt=\"\" width=\"858\" height=\"583\" \/><\/div>\n<p><span style=\"color: #0000ff\"><span style=\"text-decoration: underline\"><span style=\"color: #000000;text-decoration: underline\"><a style=\"color: #000000;text-decoration: underline\" href=\"https:\/\/drive.google.com\/open?id=1IE9mgr21PyXFeh8youPsRwqscBUsNQ6L\" target=\"_blank\" rel=\"noopener noreferrer\">Lien : Pour t\u00e9l\u00e9charger la carte \u00ab\u00a0Je donne de mes nouvelles des Hauts-de-France<\/a><\/span><\/span><br \/>\n<\/span><\/p>\n<h3><\/h3>\n<h3 style=\"text-align: center\"><strong><span style=\"color: #008000\">Rassemblement\u00a0 &#8211; Barbecue<\/span><\/strong><\/h3>\n<h3 style=\"text-align: center\"><strong><span style=\"color: #008000\">devant la DRAAF \u00e0 Amiens<\/span><\/strong><\/h3>\n<h3 style=\"text-align: center\"><strong><span style=\"color: #008000\">mardi 21 mai 11h<\/span><\/strong><\/h3>\n<ul>\n<li style=\"text-align: justify\"><span style=\"color: #0000ff\">Nous voulons une vraie ambition pour l\u2019enseignement agricole public des Hauts-de-France ;<\/span><\/li>\n<li style=\"text-align: justify\"><span style=\"color: #0000ff\">Nous voulons que la priorit\u00e9 de l\u2019inclusion des \u00e9l\u00e8ves handicap\u00e9\u00b7es ne soit pas qu\u2019un effet d\u2019annonce ;<\/span><\/li>\n<li style=\"text-align: justify\"><span style=\"color: #0000ff\">Nous voulons des textes nationaux contraignants et non indicatifs.<\/span><\/li>\n<li style=\"text-align: justify\"><span style=\"color: #0000ff\">Nous ne voulons pas de seuils al\u00e9atoires au bon vouloir du chef d\u2019\u00e9tablissement ;<\/span><\/li>\n<li style=\"text-align: justify\"><span style=\"color: #0000ff\">Nous ne voulons pas plus d\u2019\u00e9l\u00e8ves et moins de moyens ;<\/span><\/li>\n<li style=\"text-align: justify\"><span style=\"color: #0000ff\">Nous ne voulons pas que les s\u00e9ances de pluridisciplinarit\u00e9 et les d\u00e9doublements deviennent des sources de conflits entre coll\u00e8gues.<\/span><\/li>\n<\/ul>\n<p class=\"western\" style=\"text-align: justify\"><span style=\"font-size: 12pt;color: #0000ff\"><b>Mobilisons-nous le 21 mai devant la DRAAF des Hauts-de-France \u00e0 Amiens pour affirmer que nous ne l\u00e2cherons pas sur les aspects fondamentaux de notre m\u00e9tier et sur la r\u00e9ussite des \u00e9l\u00e8ves.<\/b><\/span><\/p>\n<p class=\"western\" style=\"text-align: justify\"><span style=\"font-size: 12pt;color: #0000ff\"><b>Ne rien faire c\u2019est accepter \u00e0 l\u2019horizon 2021 la mixit\u00e9 des publics, la fermeture de l\u2019\u00e9quivalent de 11 postes sur les Hauts-de-France, des licenciements de formatrices et formateurs dans les UFA et CFPPA.<\/b><\/span><\/p>\n<p class=\"western\" style=\"text-align: justify\"><span style=\"font-size: 12pt;color: #0000ff\"><b>C\u2019est accepter de gagner moins pour travailler plus dans de moins bonnes conditions.<\/b><\/span><\/p>\n<p class=\"western\" style=\"text-align: center\"><span style=\"color: #ff0000;font-size: 18pt\"><b>Toutes et tous ensembles devant la DRAAF des Hauts-de-France pour dire non \u00e0 ce mod\u00e8le purement financier de l\u2019\u00e9ducation !<\/b><\/span><\/p>\n<p><img decoding=\"async\" class=\"aligncenter size-medium wp-image-2195\" src=\"https:\/\/regions-snetap-fsu.fr\/hdf\/wp-content\/uploads\/sites\/5\/2019\/04\/Barbecue_party_DRAAF_29_419-161x300.jpg\" alt=\"\" width=\"161\" height=\"300\" \/><\/p>\n<p style=\"text-align: justify\"><span style=\"color: #0000ff\">Avec les parents, toutes et tous devant la DRAAF des Hauts-de-France au 518 rue St Fuscien \u00e0 Amiens (GPS : lattitude 49 52 5.384 N \u2013 longitude 2 18 20.087 E).<\/span><\/p>\n<p style=\"text-align: justify\"><span style=\"color: #0000ff\">Barbecue gratuit pour les mobilis\u00e9\u00b7es. Remboursement des frais de transport pour les syndiqu\u00e9\u00b7es du SNETAP-FSU. Si possible, covoiturez.<\/span><\/p>\n<p><span style=\"color: #0000ff\">Pr\u00e9sence des m\u00e9dias (TV &#8211; Radio &#8211; Presse \u00e9crite) d\u00e8s 12h.<\/span><\/p>\n","protected":false},"excerpt":{"rendered":"<p>21 mai 2019 : Une journ\u00e9e action pour l&rsquo;Enseignement Agricole Public des Hauts-de-France La journ\u00e9e d&rsquo;action du mardi 21 mai 2019 se partagera en deux temps : Op\u00e9ration \u00ab\u00a0Je donne de mes nouvelles\u00a0\u00bb. Gr\u00e8ve et rassemblement &#8211; barbecue devant la DRAAF \u00e0 Amiens. Op\u00e9ration \u00ab\u00a0je donne de mes nouvelles\u00a0\u00bb Pour cette op\u00e9ration, nous vous solliciterons [&hellip;]<\/p>\n","protected":false},"author":138,"featured_media":0,"comment_status":"closed","ping_status":"closed","sticky":false,"template":"","format":"standard","meta":{"ocean_post_layout":"","ocean_both_sidebars_style":"","ocean_both_sidebars_content_width":0,"ocean_both_sidebars_sidebars_width":0,"ocean_sidebar":"","ocean_second_sidebar":"","ocean_disable_margins":"enable","ocean_add_body_class":"","ocean_shortcode_before_top_bar":"","ocean_shortcode_after_top_bar":"","ocean_shortcode_before_header":"","ocean_shortcode_after_header":"","ocean_has_shortcode":"","ocean_shortcode_after_title":"","ocean_shortcode_before_footer_widgets":"","ocean_shortcode_after_footer_widgets":"","ocean_shortcode_before_footer_bottom":"","ocean_shortcode_after_footer_bottom":"","ocean_display_top_bar":"default","ocean_display_header":"default","ocean_header_style":"","ocean_center_header_left_menu":"","ocean_custom_header_template":"","ocean_custom_logo":0,"ocean_custom_retina_logo":0,"ocean_custom_logo_max_width":0,"ocean_custom_logo_tablet_max_width":0,"ocean_custom_logo_mobile_max_width":0,"ocean_custom_logo_max_height":0,"ocean_custom_logo_tablet_max_height":0,"ocean_custom_logo_mobile_max_height":0,"ocean_header_custom_menu":"","ocean_menu_typo_font_family":"","ocean_menu_typo_font_subset":"","ocean_menu_typo_font_size":0,"ocean_menu_typo_font_size_tablet":0,"ocean_menu_typo_font_size_mobile":0,"ocean_menu_typo_font_size_unit":"px","ocean_menu_typo_font_weight":"","ocean_menu_typo_font_weight_tablet":"","ocean_menu_typo_font_weight_mobile":"","ocean_menu_typo_transform":"","ocean_menu_typo_transform_tablet":"","ocean_menu_typo_transform_mobile":"","ocean_menu_typo_line_height":0,"ocean_menu_typo_line_height_tablet":0,"ocean_menu_typo_line_height_mobile":0,"ocean_menu_typo_line_height_unit":"","ocean_menu_typo_spacing":0,"ocean_menu_typo_spacing_tablet":0,"ocean_menu_typo_spacing_mobile":0,"ocean_menu_typo_spacing_unit":"","ocean_menu_link_color":"","ocean_menu_link_color_hover":"","ocean_menu_link_color_active":"","ocean_menu_link_background":"","ocean_menu_link_hover_background":"","ocean_menu_link_active_background":"","ocean_menu_social_links_bg":"","ocean_menu_social_hover_links_bg":"","ocean_menu_social_links_color":"","ocean_menu_social_hover_links_color":"","ocean_disable_title":"default","ocean_disable_heading":"default","ocean_post_title":"","ocean_post_subheading":"","ocean_post_title_style":"","ocean_post_title_background_color":"","ocean_post_title_background":0,"ocean_post_title_bg_image_position":"","ocean_post_title_bg_image_attachment":"","ocean_post_title_bg_image_repeat":"","ocean_post_title_bg_image_size":"","ocean_post_title_height":0,"ocean_post_title_bg_overlay":0.5,"ocean_post_title_bg_overlay_color":"","ocean_disable_breadcrumbs":"default","ocean_breadcrumbs_color":"","ocean_breadcrumbs_separator_color":"","ocean_breadcrumbs_links_color":"","ocean_breadcrumbs_links_hover_color":"","ocean_display_footer_widgets":"default","ocean_display_footer_bottom":"default","ocean_custom_footer_template":"","ocean_post_oembed":"","ocean_post_self_hosted_media":"","ocean_post_video_embed":"","ocean_link_format":"","ocean_link_format_target":"self","ocean_quote_format":"","ocean_quote_format_link":"post","ocean_gallery_link_images":"on","ocean_gallery_id":[],"footnotes":""},"categories":[3],"tags":[],"post_folder":[],"class_list":["post-2340","post","type-post","status-publish","format-standard","hentry","category-actions-greves-manifs","entry"],"yoast_head":"<!-- This site is optimized with the Yoast SEO plugin v27.4 - https:\/\/yoast.com\/product\/yoast-seo-wordpress\/ -->\n<title>21 mai 2019 : Une journ\u00e9e action pour l&#039;EAP des Hauts-de-France - Formation des sites R\u00e9gionaux du SNETAP-FSU<\/title>\n<meta name=\"robots\" content=\"index, follow, max-snippet:-1, max-image-preview:large, max-video-preview:-1\" \/>\n<link rel=\"canonical\" href=\"https:\/\/regions-snetap-fsu.fr\/formation\/2019\/05\/20\/21-mai-2019-une-journee-action-pour-leap-des-hauts-de-france\/\" \/>\n<meta property=\"og:locale\" content=\"fr_FR\" \/>\n<meta property=\"og:type\" content=\"article\" \/>\n<meta property=\"og:title\" content=\"21 mai 2019 : Une journ\u00e9e action pour l&#039;EAP des Hauts-de-France - Formation des sites R\u00e9gionaux du SNETAP-FSU\" \/>\n<meta property=\"og:description\" content=\"21 mai 2019 : Une journ\u00e9e action pour l&rsquo;Enseignement Agricole Public des Hauts-de-France La journ\u00e9e d&rsquo;action du mardi 21 mai 2019 se partagera en deux temps : Op\u00e9ration \u00ab\u00a0Je donne de mes nouvelles\u00a0\u00bb. Gr\u00e8ve et rassemblement &#8211; barbecue devant la DRAAF \u00e0 Amiens. Op\u00e9ration \u00ab\u00a0je donne de mes nouvelles\u00a0\u00bb Pour cette op\u00e9ration, nous vous solliciterons [&hellip;]\" \/>\n<meta property=\"og:url\" content=\"https:\/\/regions-snetap-fsu.fr\/formation\/2019\/05\/20\/21-mai-2019-une-journee-action-pour-leap-des-hauts-de-france\/\" \/>\n<meta property=\"og:site_name\" content=\"Formation des sites R\u00e9gionaux du SNETAP-FSU\" \/>\n<meta property=\"article:published_time\" content=\"2019-05-20T20:35:08+00:00\" \/>\n<meta name=\"author\" content=\"yoctavien\" \/>\n<meta name=\"twitter:card\" content=\"summary_large_image\" \/>\n<meta name=\"twitter:label1\" content=\"\u00c9crit par\" \/>\n\t<meta name=\"twitter:data1\" content=\"yoctavien\" \/>\n\t<meta name=\"twitter:label2\" content=\"Dur\u00e9e de lecture estim\u00e9e\" \/>\n\t<meta name=\"twitter:data2\" content=\"2 minutes\" \/>\n<script type=\"application\/ld+json\" class=\"yoast-schema-graph\">{\"@context\":\"https:\\\/\\\/schema.org\",\"@graph\":[{\"@type\":\"Article\",\"@id\":\"https:\\\/\\\/regions-snetap-fsu.fr\\\/formation\\\/2019\\\/05\\\/20\\\/21-mai-2019-une-journee-action-pour-leap-des-hauts-de-france\\\/#article\",\"isPartOf\":{\"@id\":\"https:\\\/\\\/regions-snetap-fsu.fr\\\/formation\\\/2019\\\/05\\\/20\\\/21-mai-2019-une-journee-action-pour-leap-des-hauts-de-france\\\/\"},\"author\":{\"name\":\"yoctavien\",\"@id\":\"https:\\\/\\\/regions-snetap-fsu.fr\\\/formation\\\/#\\\/schema\\\/person\\\/f5dc7b6354e942ca9c5fa8e9ff7e5c93\"},\"headline\":\"21 mai 2019 : Une journ\u00e9e action pour l&rsquo;EAP des Hauts-de-France\",\"datePublished\":\"2019-05-20T20:35:08+00:00\",\"mainEntityOfPage\":{\"@id\":\"https:\\\/\\\/regions-snetap-fsu.fr\\\/formation\\\/2019\\\/05\\\/20\\\/21-mai-2019-une-journee-action-pour-leap-des-hauts-de-france\\\/\"},\"wordCount\":502,\"publisher\":{\"@id\":\"https:\\\/\\\/regions-snetap-fsu.fr\\\/formation\\\/#organization\"},\"image\":{\"@id\":\"https:\\\/\\\/regions-snetap-fsu.fr\\\/formation\\\/2019\\\/05\\\/20\\\/21-mai-2019-une-journee-action-pour-leap-des-hauts-de-france\\\/#primaryimage\"},\"thumbnailUrl\":\"https:\\\/\\\/regions-snetap-fsu.fr\\\/hdf\\\/wp-content\\\/uploads\\\/sites\\\/5\\\/2019\\\/05\\\/Je_donnne_de_mes_nouvelles_10_519.jpg\",\"articleSection\":[\"Actions - Gr\u00e8ves - Manifs\"],\"inLanguage\":\"fr-FR\"},{\"@type\":\"WebPage\",\"@id\":\"https:\\\/\\\/regions-snetap-fsu.fr\\\/formation\\\/2019\\\/05\\\/20\\\/21-mai-2019-une-journee-action-pour-leap-des-hauts-de-france\\\/\",\"url\":\"https:\\\/\\\/regions-snetap-fsu.fr\\\/formation\\\/2019\\\/05\\\/20\\\/21-mai-2019-une-journee-action-pour-leap-des-hauts-de-france\\\/\",\"name\":\"21 mai 2019 : Une journ\u00e9e action pour l'EAP des Hauts-de-France - Formation des sites R\u00e9gionaux du SNETAP-FSU\",\"isPartOf\":{\"@id\":\"https:\\\/\\\/regions-snetap-fsu.fr\\\/formation\\\/#website\"},\"primaryImageOfPage\":{\"@id\":\"https:\\\/\\\/regions-snetap-fsu.fr\\\/formation\\\/2019\\\/05\\\/20\\\/21-mai-2019-une-journee-action-pour-leap-des-hauts-de-france\\\/#primaryimage\"},\"image\":{\"@id\":\"https:\\\/\\\/regions-snetap-fsu.fr\\\/formation\\\/2019\\\/05\\\/20\\\/21-mai-2019-une-journee-action-pour-leap-des-hauts-de-france\\\/#primaryimage\"},\"thumbnailUrl\":\"https:\\\/\\\/regions-snetap-fsu.fr\\\/hdf\\\/wp-content\\\/uploads\\\/sites\\\/5\\\/2019\\\/05\\\/Je_donnne_de_mes_nouvelles_10_519.jpg\",\"datePublished\":\"2019-05-20T20:35:08+00:00\",\"breadcrumb\":{\"@id\":\"https:\\\/\\\/regions-snetap-fsu.fr\\\/formation\\\/2019\\\/05\\\/20\\\/21-mai-2019-une-journee-action-pour-leap-des-hauts-de-france\\\/#breadcrumb\"},\"inLanguage\":\"fr-FR\",\"potentialAction\":[{\"@type\":\"ReadAction\",\"target\":[\"https:\\\/\\\/regions-snetap-fsu.fr\\\/formation\\\/2019\\\/05\\\/20\\\/21-mai-2019-une-journee-action-pour-leap-des-hauts-de-france\\\/\"]}]},{\"@type\":\"ImageObject\",\"inLanguage\":\"fr-FR\",\"@id\":\"https:\\\/\\\/regions-snetap-fsu.fr\\\/formation\\\/2019\\\/05\\\/20\\\/21-mai-2019-une-journee-action-pour-leap-des-hauts-de-france\\\/#primaryimage\",\"url\":\"https:\\\/\\\/regions-snetap-fsu.fr\\\/hdf\\\/wp-content\\\/uploads\\\/sites\\\/5\\\/2019\\\/05\\\/Je_donnne_de_mes_nouvelles_10_519.jpg\",\"contentUrl\":\"https:\\\/\\\/regions-snetap-fsu.fr\\\/hdf\\\/wp-content\\\/uploads\\\/sites\\\/5\\\/2019\\\/05\\\/Je_donnne_de_mes_nouvelles_10_519.jpg\"},{\"@type\":\"BreadcrumbList\",\"@id\":\"https:\\\/\\\/regions-snetap-fsu.fr\\\/formation\\\/2019\\\/05\\\/20\\\/21-mai-2019-une-journee-action-pour-leap-des-hauts-de-france\\\/#breadcrumb\",\"itemListElement\":[{\"@type\":\"ListItem\",\"position\":1,\"name\":\"Accueil\",\"item\":\"https:\\\/\\\/regions-snetap-fsu.fr\\\/formation\\\/\"},{\"@type\":\"ListItem\",\"position\":2,\"name\":\"21 mai 2019 : Une journ\u00e9e action pour l&rsquo;EAP des Hauts-de-France\"}]},{\"@type\":\"WebSite\",\"@id\":\"https:\\\/\\\/regions-snetap-fsu.fr\\\/formation\\\/#website\",\"url\":\"https:\\\/\\\/regions-snetap-fsu.fr\\\/formation\\\/\",\"name\":\"Formation des sites R\u00e9gionaux du SNETAP-FSU\",\"description\":\"\",\"publisher\":{\"@id\":\"https:\\\/\\\/regions-snetap-fsu.fr\\\/formation\\\/#organization\"},\"potentialAction\":[{\"@type\":\"SearchAction\",\"target\":{\"@type\":\"EntryPoint\",\"urlTemplate\":\"https:\\\/\\\/regions-snetap-fsu.fr\\\/formation\\\/?s={search_term_string}\"},\"query-input\":{\"@type\":\"PropertyValueSpecification\",\"valueRequired\":true,\"valueName\":\"search_term_string\"}}],\"inLanguage\":\"fr-FR\"},{\"@type\":\"Organization\",\"@id\":\"https:\\\/\\\/regions-snetap-fsu.fr\\\/formation\\\/#organization\",\"name\":\"Formation des sites R\u00e9gionaux du SNETAP-FSU\",\"url\":\"https:\\\/\\\/regions-snetap-fsu.fr\\\/formation\\\/\",\"logo\":{\"@type\":\"ImageObject\",\"inLanguage\":\"fr-FR\",\"@id\":\"https:\\\/\\\/regions-snetap-fsu.fr\\\/formation\\\/#\\\/schema\\\/logo\\\/image\\\/\",\"url\":\"https:\\\/\\\/regions-snetap-fsu.fr\\\/formation\\\/wp-content\\\/uploads\\\/sites\\\/20\\\/2025\\\/04\\\/cropped-Logo_blanc_fond_transparent_1000x755.png\",\"contentUrl\":\"https:\\\/\\\/regions-snetap-fsu.fr\\\/formation\\\/wp-content\\\/uploads\\\/sites\\\/20\\\/2025\\\/04\\\/cropped-Logo_blanc_fond_transparent_1000x755.png\",\"width\":998,\"height\":689,\"caption\":\"Formation des sites R\u00e9gionaux du SNETAP-FSU\"},\"image\":{\"@id\":\"https:\\\/\\\/regions-snetap-fsu.fr\\\/formation\\\/#\\\/schema\\\/logo\\\/image\\\/\"}},{\"@type\":\"Person\",\"@id\":\"https:\\\/\\\/regions-snetap-fsu.fr\\\/formation\\\/#\\\/schema\\\/person\\\/f5dc7b6354e942ca9c5fa8e9ff7e5c93\",\"name\":\"yoctavien\",\"image\":{\"@type\":\"ImageObject\",\"inLanguage\":\"fr-FR\",\"@id\":\"https:\\\/\\\/secure.gravatar.com\\\/avatar\\\/382642c092b6b9da14641d3c478df2f3da4a2d17eea25691c232d4dbf735c292?s=96&d=mm&r=g\",\"url\":\"https:\\\/\\\/secure.gravatar.com\\\/avatar\\\/382642c092b6b9da14641d3c478df2f3da4a2d17eea25691c232d4dbf735c292?s=96&d=mm&r=g\",\"contentUrl\":\"https:\\\/\\\/secure.gravatar.com\\\/avatar\\\/382642c092b6b9da14641d3c478df2f3da4a2d17eea25691c232d4dbf735c292?s=96&d=mm&r=g\",\"caption\":\"yoctavien\"},\"url\":\"https:\\\/\\\/regions-snetap-fsu.fr\\\/formation\\\/author\\\/yoctavien\\\/\"}]}<\/script>\n<!-- \/ Yoast SEO plugin. -->","yoast_head_json":{"title":"21 mai 2019 : Une journ\u00e9e action pour l'EAP des Hauts-de-France - Formation des sites R\u00e9gionaux du SNETAP-FSU","robots":{"index":"index","follow":"follow","max-snippet":"max-snippet:-1","max-image-preview":"max-image-preview:large","max-video-preview":"max-video-preview:-1"},"canonical":"https:\/\/regions-snetap-fsu.fr\/formation\/2019\/05\/20\/21-mai-2019-une-journee-action-pour-leap-des-hauts-de-france\/","og_locale":"fr_FR","og_type":"article","og_title":"21 mai 2019 : Une journ\u00e9e action pour l'EAP des Hauts-de-France - Formation des sites R\u00e9gionaux du SNETAP-FSU","og_description":"21 mai 2019 : Une journ\u00e9e action pour l&rsquo;Enseignement Agricole Public des Hauts-de-France La journ\u00e9e d&rsquo;action du mardi 21 mai 2019 se partagera en deux temps : Op\u00e9ration \u00ab\u00a0Je donne de mes nouvelles\u00a0\u00bb. Gr\u00e8ve et rassemblement &#8211; barbecue devant la DRAAF \u00e0 Amiens. Op\u00e9ration \u00ab\u00a0je donne de mes nouvelles\u00a0\u00bb Pour cette op\u00e9ration, nous vous solliciterons [&hellip;]","og_url":"https:\/\/regions-snetap-fsu.fr\/formation\/2019\/05\/20\/21-mai-2019-une-journee-action-pour-leap-des-hauts-de-france\/","og_site_name":"Formation des sites R\u00e9gionaux du SNETAP-FSU","article_published_time":"2019-05-20T20:35:08+00:00","author":"yoctavien","twitter_card":"summary_large_image","twitter_misc":{"\u00c9crit par":"yoctavien","Dur\u00e9e de lecture estim\u00e9e":"2 minutes"},"schema":{"@context":"https:\/\/schema.org","@graph":[{"@type":"Article","@id":"https:\/\/regions-snetap-fsu.fr\/formation\/2019\/05\/20\/21-mai-2019-une-journee-action-pour-leap-des-hauts-de-france\/#article","isPartOf":{"@id":"https:\/\/regions-snetap-fsu.fr\/formation\/2019\/05\/20\/21-mai-2019-une-journee-action-pour-leap-des-hauts-de-france\/"},"author":{"name":"yoctavien","@id":"https:\/\/regions-snetap-fsu.fr\/formation\/#\/schema\/person\/f5dc7b6354e942ca9c5fa8e9ff7e5c93"},"headline":"21 mai 2019 : Une journ\u00e9e action pour l&rsquo;EAP des Hauts-de-France","datePublished":"2019-05-20T20:35:08+00:00","mainEntityOfPage":{"@id":"https:\/\/regions-snetap-fsu.fr\/formation\/2019\/05\/20\/21-mai-2019-une-journee-action-pour-leap-des-hauts-de-france\/"},"wordCount":502,"publisher":{"@id":"https:\/\/regions-snetap-fsu.fr\/formation\/#organization"},"image":{"@id":"https:\/\/regions-snetap-fsu.fr\/formation\/2019\/05\/20\/21-mai-2019-une-journee-action-pour-leap-des-hauts-de-france\/#primaryimage"},"thumbnailUrl":"https:\/\/regions-snetap-fsu.fr\/hdf\/wp-content\/uploads\/sites\/5\/2019\/05\/Je_donnne_de_mes_nouvelles_10_519.jpg","articleSection":["Actions - Gr\u00e8ves - Manifs"],"inLanguage":"fr-FR"},{"@type":"WebPage","@id":"https:\/\/regions-snetap-fsu.fr\/formation\/2019\/05\/20\/21-mai-2019-une-journee-action-pour-leap-des-hauts-de-france\/","url":"https:\/\/regions-snetap-fsu.fr\/formation\/2019\/05\/20\/21-mai-2019-une-journee-action-pour-leap-des-hauts-de-france\/","name":"21 mai 2019 : Une journ\u00e9e action pour l'EAP des Hauts-de-France - Formation des sites R\u00e9gionaux du SNETAP-FSU","isPartOf":{"@id":"https:\/\/regions-snetap-fsu.fr\/formation\/#website"},"primaryImageOfPage":{"@id":"https:\/\/regions-snetap-fsu.fr\/formation\/2019\/05\/20\/21-mai-2019-une-journee-action-pour-leap-des-hauts-de-france\/#primaryimage"},"image":{"@id":"https:\/\/regions-snetap-fsu.fr\/formation\/2019\/05\/20\/21-mai-2019-une-journee-action-pour-leap-des-hauts-de-france\/#primaryimage"},"thumbnailUrl":"https:\/\/regions-snetap-fsu.fr\/hdf\/wp-content\/uploads\/sites\/5\/2019\/05\/Je_donnne_de_mes_nouvelles_10_519.jpg","datePublished":"2019-05-20T20:35:08+00:00","breadcrumb":{"@id":"https:\/\/regions-snetap-fsu.fr\/formation\/2019\/05\/20\/21-mai-2019-une-journee-action-pour-leap-des-hauts-de-france\/#breadcrumb"},"inLanguage":"fr-FR","potentialAction":[{"@type":"ReadAction","target":["https:\/\/regions-snetap-fsu.fr\/formation\/2019\/05\/20\/21-mai-2019-une-journee-action-pour-leap-des-hauts-de-france\/"]}]},{"@type":"ImageObject","inLanguage":"fr-FR","@id":"https:\/\/regions-snetap-fsu.fr\/formation\/2019\/05\/20\/21-mai-2019-une-journee-action-pour-leap-des-hauts-de-france\/#primaryimage","url":"https:\/\/regions-snetap-fsu.fr\/hdf\/wp-content\/uploads\/sites\/5\/2019\/05\/Je_donnne_de_mes_nouvelles_10_519.jpg","contentUrl":"https:\/\/regions-snetap-fsu.fr\/hdf\/wp-content\/uploads\/sites\/5\/2019\/05\/Je_donnne_de_mes_nouvelles_10_519.jpg"},{"@type":"BreadcrumbList","@id":"https:\/\/regions-snetap-fsu.fr\/formation\/2019\/05\/20\/21-mai-2019-une-journee-action-pour-leap-des-hauts-de-france\/#breadcrumb","itemListElement":[{"@type":"ListItem","position":1,"name":"Accueil","item":"https:\/\/regions-snetap-fsu.fr\/formation\/"},{"@type":"ListItem","position":2,"name":"21 mai 2019 : Une journ\u00e9e action pour l&rsquo;EAP des Hauts-de-France"}]},{"@type":"WebSite","@id":"https:\/\/regions-snetap-fsu.fr\/formation\/#website","url":"https:\/\/regions-snetap-fsu.fr\/formation\/","name":"Formation des sites R\u00e9gionaux du SNETAP-FSU","description":"","publisher":{"@id":"https:\/\/regions-snetap-fsu.fr\/formation\/#organization"},"potentialAction":[{"@type":"SearchAction","target":{"@type":"EntryPoint","urlTemplate":"https:\/\/regions-snetap-fsu.fr\/formation\/?s={search_term_string}"},"query-input":{"@type":"PropertyValueSpecification","valueRequired":true,"valueName":"search_term_string"}}],"inLanguage":"fr-FR"},{"@type":"Organization","@id":"https:\/\/regions-snetap-fsu.fr\/formation\/#organization","name":"Formation des sites R\u00e9gionaux du SNETAP-FSU","url":"https:\/\/regions-snetap-fsu.fr\/formation\/","logo":{"@type":"ImageObject","inLanguage":"fr-FR","@id":"https:\/\/regions-snetap-fsu.fr\/formation\/#\/schema\/logo\/image\/","url":"https:\/\/regions-snetap-fsu.fr\/formation\/wp-content\/uploads\/sites\/20\/2025\/04\/cropped-Logo_blanc_fond_transparent_1000x755.png","contentUrl":"https:\/\/regions-snetap-fsu.fr\/formation\/wp-content\/uploads\/sites\/20\/2025\/04\/cropped-Logo_blanc_fond_transparent_1000x755.png","width":998,"height":689,"caption":"Formation des sites R\u00e9gionaux du SNETAP-FSU"},"image":{"@id":"https:\/\/regions-snetap-fsu.fr\/formation\/#\/schema\/logo\/image\/"}},{"@type":"Person","@id":"https:\/\/regions-snetap-fsu.fr\/formation\/#\/schema\/person\/f5dc7b6354e942ca9c5fa8e9ff7e5c93","name":"yoctavien","image":{"@type":"ImageObject","inLanguage":"fr-FR","@id":"https:\/\/secure.gravatar.com\/avatar\/382642c092b6b9da14641d3c478df2f3da4a2d17eea25691c232d4dbf735c292?s=96&d=mm&r=g","url":"https:\/\/secure.gravatar.com\/avatar\/382642c092b6b9da14641d3c478df2f3da4a2d17eea25691c232d4dbf735c292?s=96&d=mm&r=g","contentUrl":"https:\/\/secure.gravatar.com\/avatar\/382642c092b6b9da14641d3c478df2f3da4a2d17eea25691c232d4dbf735c292?s=96&d=mm&r=g","caption":"yoctavien"},"url":"https:\/\/regions-snetap-fsu.fr\/formation\/author\/yoctavien\/"}]}},"_links":{"self":[{"href":"https:\/\/regions-snetap-fsu.fr\/formation\/wp-json\/wp\/v2\/posts\/2340","targetHints":{"allow":["GET"]}}],"collection":[{"href":"https:\/\/regions-snetap-fsu.fr\/formation\/wp-json\/wp\/v2\/posts"}],"about":[{"href":"https:\/\/regions-snetap-fsu.fr\/formation\/wp-json\/wp\/v2\/types\/post"}],"author":[{"embeddable":true,"href":"https:\/\/regions-snetap-fsu.fr\/formation\/wp-json\/wp\/v2\/users\/138"}],"replies":[{"embeddable":true,"href":"https:\/\/regions-snetap-fsu.fr\/formation\/wp-json\/wp\/v2\/comments?post=2340"}],"version-history":[{"count":0,"href":"https:\/\/regions-snetap-fsu.fr\/formation\/wp-json\/wp\/v2\/posts\/2340\/revisions"}],"wp:attachment":[{"href":"https:\/\/regions-snetap-fsu.fr\/formation\/wp-json\/wp\/v2\/media?parent=2340"}],"wp:term":[{"taxonomy":"category","embeddable":true,"href":"https:\/\/regions-snetap-fsu.fr\/formation\/wp-json\/wp\/v2\/categories?post=2340"},{"taxonomy":"post_tag","embeddable":true,"href":"https:\/\/regions-snetap-fsu.fr\/formation\/wp-json\/wp\/v2\/tags?post=2340"},{"taxonomy":"post_folder","embeddable":true,"href":"https:\/\/regions-snetap-fsu.fr\/formation\/wp-json\/wp\/v2\/post_folder?post=2340"}],"curies":[{"name":"wp","href":"https:\/\/api.w.org\/{rel}","templated":true}]}}