{"id":2316,"date":"2019-05-10T23:19:16","date_gmt":"2019-05-10T21:19:16","guid":{"rendered":"https:\/\/regions-snetap-fsu.fr\/hdf\/?p=2316"},"modified":"2019-05-10T23:19:16","modified_gmt":"2019-05-10T21:19:16","slug":"radinghem-a-veille-pour-lenseignement-agricole-public","status":"publish","type":"post","link":"https:\/\/regions-snetap-fsu.fr\/formation\/2019\/05\/10\/radinghem-a-veille-pour-lenseignement-agricole-public\/","title":{"rendered":"Radinghem a veill\u00e9 pour l&rsquo;enseignement agricole public"},"content":{"rendered":"<h2 style=\"text-align: center\"><span style=\"color: #ff0000\">Radinghem a veill\u00e9 pour l&rsquo;enseignement agricole public<\/span><\/h2>\n<figure id=\"attachment_2319\" aria-describedby=\"caption-attachment-2319\" style=\"width: 605px\" class=\"wp-caption aligncenter\"><img fetchpriority=\"high\" decoding=\"async\" class=\"wp-image-2319 size-large\" src=\"https:\/\/regions-snetap-fsu.fr\/hdf\/wp-content\/uploads\/sites\/5\/2019\/05\/Radinghem_nuit_9mai_rogne-1024x833.jpg\" alt=\"\" width=\"605\" height=\"492\" \/><figcaption id=\"caption-attachment-2319\" class=\"wp-caption-text\">La nuit commence&#8230;<\/figcaption><\/figure>\n<p style=\"text-align: justify\" align=\"justify\"><span style=\"color: #0000ff;font-size: 12pt\">L\u2019\u00e9quipe p\u00e9dagogique mobilis\u00e9e du lyc\u00e9e agricole public de Radinghem, \u00e0 l\u2019instar de la grande majorit\u00e9 des \u00e9tablissements agricoles publics de France r\u00e9pondant \u00e0 l\u2019appel des syndicats CGT Agri, FO Enseignement Agricole, SNETAP-FSU, SUD Rural \u00c9quipement, a pass\u00e9 la soir\u00e9e du 9 mai dans l\u2019\u00e9tablissement pour d\u00e9noncer la d\u00e9gradation annonc\u00e9e des conditions d\u2019apprentissage de leurs \u00e9l\u00e8ves et \u00e9tudiants et de leurs conditions de travail et d\u2019emploi.<\/span><\/p>\n<p align=\"justify\"><span style=\"text-decoration: underline;color: #000000\"><a style=\"color: #000000;text-decoration: underline\" href=\"https:\/\/www.snetap-fsu.fr\/En-direct-de-la-Nuit-des-Lycees-Agricoles-Publics.html\" target=\"_blank\" rel=\"noopener noreferrer\">Lien : SNETAP-FSU &#8211; La Nuit des Lyc\u00e9es Agricoles Publics<\/a><\/span><\/p>\n<h3 style=\"text-align: center\" align=\"justify\"><span style=\"color: #ff0000\"><u><b>Notre enseignement agricole public menac\u00e9\u00a0!<\/b><\/u><\/span><\/h3>\n<p style=\"text-align: justify\" align=\"justify\"><span style=\"color: #0000ff;font-size: 12pt\">En effet, la reprise des suppressions de postes dans l\u2019\u00c9ducation, conjugu\u00e9e avec des contre-r\u00e9formes \u00e0 l&rsquo;\u00e9conomie (du lyc\u00e9e, des seuils de d\u00e9doublements&#8230;), met en difficult\u00e9 le lyc\u00e9e agricole de Radinghem dans sa pr\u00e9paration de la rentr\u00e9e 2019, comme l&rsquo;ensemble des lyc\u00e9es de l&rsquo;Enseignement Agricole Public.<\/span><\/p>\n<p style=\"text-align: justify\" align=\"justify\"><span style=\"color: #0000ff;font-size: 12pt\">On citera la difficult\u00e9 d&rsquo;assurer l&rsquo;ensemble des d\u00e9doublements de classes, dont les seuils sont r\u00e9-hauss\u00e9s et, de surcro\u00eet, deviennent indicatifs. Les seuils seront laiss\u00e9s \u00e0 l\u2019appr\u00e9ciation du chef d\u2019\u00e9tablissement qui devra composer avec un volume horaire en baisse. Dans ces conditions, comment assurer la s\u00e9curit\u00e9 des \u00e9l\u00e8ves et \u00e9tudiants (en laboratoire, en atelier, en TP&#8230;) et comment conduire une p\u00e9dagogie permettant l&rsquo;accompagnement de tous les jeunes\u00a0?!<\/span><\/p>\n<p style=\"text-align: justify\" align=\"justify\"><span style=\"color: #0000ff;font-size: 12pt\">Autre difficult\u00e9 majeure, comment assurer le financement des enseignements facultatifs (cyn\u00e9g\u00e9tique, engagement citoyen)\u00a0?&#8230; S&rsquo;il restent optionnels pour nos \u00e9l\u00e8ves, nos \u00e9tablissements ont l&rsquo;obligation de les proposer\u00a0!<\/span><\/p>\n<p style=\"text-align: justify\" align=\"justify\"><span style=\"color: #0000ff;font-size: 12pt\">On citera, enfin, une approche strictement gestionnaire des conditions de travail des formatrices et formateurs de l\u2019UFA (ex-CFA) et CFPPA qui conduit \u00e0 une r\u00e9gression inacceptable, sur fond de lib\u00e9ralisation, pour ne pas dire de privatisation de l&rsquo;apprentissage livr\u00e9 aux branches professionnelles.<\/span><\/p>\n<p style=\"text-align: justify\" align=\"justify\"><span style=\"color: #0000ff;font-size: 12pt\">Ces d\u00e9gradations annonc\u00e9es, les personnels mobilis\u00e9\u00b7es les refusent. Ils entendent par leur soir\u00e9e militante d\u00e9noncer ces mesures et exiger l\u2019abandon de la politique engag\u00e9e.<\/span><\/p>\n<h3 style=\"text-align: center\" align=\"justify\"><span style=\"color: #ff0000\"><u><b>Notre mobilisation prend de l\u2019ampleur\u00a0!<\/b><\/u><\/span><\/h3>\n<p style=\"text-align: justify\" align=\"justify\"><span style=\"color: #0000ff;font-size: 12pt\">Des actions diverses se sont d\u00e9roul\u00e9es\u00a0: boycotts d\u2019instances nationales, p\u00e9tition en ligne (<span style=\"text-decoration: underline\"><span style=\"color: #000000;text-decoration: underline\"><a style=\"color: #000000;text-decoration: underline\" href=\"https:\/\/intersyndicale.fr\/\" target=\"_blank\" rel=\"noopener noreferrer\">https:\/\/intersyndicale.fr\/<\/a><\/span><\/span>) et papier, interpellation des parlementaires pour exiger les moyens de fonctionnement pour l\u2019enseignement agricole public. Cette d\u00e9cision sur les d\u00e9doublements est la goutte d\u2019eau faisant d\u00e9border le vase dans un contexte de r\u00e9formes tous azimuts \u00e0 marche forc\u00e9e.<\/span><\/p>\n<p style=\"text-align: justify\" align=\"justify\"><span style=\"color: #0000ff;font-size: 12pt\">Celles-ci ne tiennent pas compte de l\u2019avis des professionnel\u00b7les que nous sommes et ne prennent pas en consid\u00e9ration l\u2019int\u00e9r\u00eat des \u00e9l\u00e8ves : r\u00e9forme de la fili\u00e8re technologique (la r\u00e9sistance des enseignant\u00b7es a permis de conserver les p\u00e9riodes de stage en milieu professionnel mais la d\u00e9r\u00e9gulation des enseignements pluridisciplinaires reste inacceptable), r\u00e9forme de la voie professionnelle et de l\u2019apprentissage (les UFA (ex-CFA) rentrant de plein fouet dans le champ de la concurrence), r\u00e9forme de l\u2019acc\u00e8s \u00e0 l\u2019enseignement sup\u00e9rieur (fonctionnement anxiog\u00e8ne de Parcoursup)\u2026<\/span><\/p>\n<p style=\"text-align: justify\" align=\"justify\"><span style=\"color: #0000ff;font-size: 12pt\">Ne tenant pas compte des aspirations sociales et soci\u00e9tales exprim\u00e9es dans les mouvements de ces derniers mois, ces mesures visent \u00e0 affaiblir les services publics et \u00e0 supprimer des postes de fonctionnaire.<\/span><\/p>\n<p style=\"text-align: justify\" align=\"justify\"><span style=\"color: #0000ff;font-size: 12pt\">Notre instance acad\u00e9mique, la DRAAF-SRFD, nous a annonc\u00e9 une baisse de la Dotation Globale Horaire de 2,66\u00a0% sur les trois ann\u00e9es qui arrivent pour les \u00e9tablissements agricoles publics des Hauts-de-France. Ceci repr\u00e9sente une diminution de 7 502 heures, soit l\u2019\u00e9quivalent de 5 classes ou de 11 postes.<\/span><\/p>\n<p style=\"text-align: justify\" align=\"justify\"><span style=\"color: #0000ff;font-size: 12pt\">Pour parvenir \u00e0 cet objectif, la DRAAF-SRFD propose de d\u00e9structurer l\u2019Enseignement Agricole Public des Hauts-de-France en croisant les parcours de l\u2019apprentissage et du scolaire temps plein, en mixant les publics (apprentis et \u00e9l\u00e8ves), en instaurant des parcours composites\u2026 Elle compte adapter les formations \u00e0 la r\u00e9forme de l\u2019apprentissage\u00a0: moins de bac pro dans les lyc\u00e9es en d\u00e9coupant la formation avec les UFA, quelques miettes de formations g\u00e9n\u00e9rales pour donner l\u2019impression d\u2019un nombre de classes maintenu\u2026<\/span><\/p>\n<p style=\"text-align: justify\" align=\"justify\"><span style=\"color: #0000ff;font-size: 12pt\">La DRAAF-SRFD a d\u00e9j\u00e0 profit\u00e9 de la r\u00e9forme du bac g\u00e9n\u00e9ral et technologique pour \u00e9conomiser 1 500 heures \u00e0 la rentr\u00e9e 2019.<\/span><\/p>\n<p style=\"text-align: justify\" align=\"justify\"><span style=\"color: #0000ff;font-size: 12pt\">La DRAAF-SRFD ne donnera aucun moyen suppl\u00e9mentaire pour l\u2019inclusion des \u00e9l\u00e8ves handicap\u00e9\u00b7es et ceci malgr\u00e9 les besoins grandissants\u00a0: le Minist\u00e8re dit oui \u00e0 l\u2019inclusion des \u00e9l\u00e8ves handicap\u00e9\u00b7es, oui \u00e0 la p\u00e9dagogie, mais ne donne pas de moyens.<\/span><\/p>\n<h3 style=\"text-align: center\" align=\"justify\"><span style=\"color: #ff0000\"><u><b>Nous ne l\u00e2cherons rien\u00a0!<\/b><\/u><\/span><\/h3>\n<p style=\"text-align: justify\" align=\"justify\"><span style=\"color: #0000ff;font-size: 12pt\">Ces luttes ont d\u00e9j\u00e0 conduit le pr\u00e9sident de la R\u00e9publique \u00e0 se dire pr\u00eat \u00e0 revenir sur l\u2019objectif de suppression des 120 000 postes de fonctionnaire, si le budget le permet.<\/span><\/p>\n<p style=\"text-align: justify\" align=\"justify\"><span style=\"color: #0000ff;font-size: 12pt\">C\u2019est pourquoi, nous avons d\u00e9cid\u00e9 d\u2019accentuer le bras de fer engag\u00e9 en prolongeant la mobilisation pour la Fonction Publique du 9 mai par une \u00ab\u00a0soir\u00e9e de veille de l\u2019enseignement agricole public\u00a0\u00bb.<\/span><\/p>\n<p style=\"text-align: justify\" align=\"justify\"><span style=\"color: #0000ff;font-size: 12pt\">Nous pr\u00e9voyons aussi de nous retrouver avec les coll\u00e8gues \u00e0 la manifestation parisienne pour l\u2019\u00c9ducation le 18 mai et \u00e0 la mobilisation de l\u2019enseignement agricole public des Hauts-de-France le 21 mai devant la DRAAF-SRFD d\u2019Amiens.<\/span><\/p>\n<h3 style=\"text-align: center\" align=\"justify\"><span style=\"text-decoration: underline\"><b><span style=\"color: #ff0000;text-decoration: underline\">Notre action dans la presse<\/span><\/b><\/span><u><b><br \/>\n<\/b><\/u><\/h3>\n<p style=\"text-align: justify\"><span style=\"color: #0000ff\">Le journal agricole et rural du Nord et du Pas-de-Calais, \u00ab\u00a0Terres et Territoires\u00a0\u00bb, a relay\u00e9 notre action. Vous pouvez le consultez au lien ci-dessous :<\/span><\/p>\n<p><a href=\"https:\/\/terres-et-territoires.com\/radinghem-une-nuit-au-lycee-pour-denoncer-les-difficultes-de-lenseignement-agricole\/\" target=\"_blank\" rel=\"noopener noreferrer\"><span style=\"text-decoration: underline;color: #000000\">Lien : Terres et territoires &#8211; Radinghem. Une nuit au lyc\u00e9e pour d\u00e9noncer les difficult\u00e9s de l\u2019enseignement agricole<\/span><\/a><\/p>\n<p><span style=\"color: #0000ff\">Ci-dessous l&rsquo;article du journal \u00ab\u00a0La Voix du Nord\u00a0\u00bb :<\/span><\/p>\n\n\t\t<div class=\"wppdfemb-frame-container-1\" style=\"-webkit-overflow-scrolling:auto;\">\n\t\t\t<iframe class=\"pdfembed-iframe nonfullscreen wppdf-emb-iframe-1\"\n\t\t\t\tsrc=\"https:\/\/regions-snetap-fsu.fr\/formation\/?pdfemb-data=eyJ1cmwiOiJodHRwczpcL1wvcmVnaW9ucy1zbmV0YXAtZnN1LmZyXC9oZGZcL3dwLWNvbnRlbnRcL3VwbG9hZHNcL3NpdGVzXC81XC8yMDE5XC8wNVwvTGFfdm9peF9kdV9ub3JkX3NvaXJlZV85bWFpX1JhZF8xMV81MTkucGRmIiwiaW5kZXgiOjEsInBkZklEIjowfQ\"\n\t\t\t\t\t\t\t\tdata-pdf-id=\"0\"\n\t\t\t\tdata-pdf-index=\"1\"\n\t\t\t\tstyle=\"border:none;width:100%;max-width:100%;height:100vh;\"\n\t\t\t\tscrolling=\"yes\">\n\t\t\t<\/iframe>\n\t\t<\/div>\n\n\t\t\n","protected":false},"excerpt":{"rendered":"<p>Radinghem a veill\u00e9 pour l&rsquo;enseignement agricole public L\u2019\u00e9quipe p\u00e9dagogique mobilis\u00e9e du lyc\u00e9e agricole public de Radinghem, \u00e0 l\u2019instar de la grande majorit\u00e9 des \u00e9tablissements agricoles publics de France r\u00e9pondant \u00e0 l\u2019appel des syndicats CGT Agri, FO Enseignement Agricole, SNETAP-FSU, SUD Rural \u00c9quipement, a pass\u00e9 la soir\u00e9e du 9 mai dans l\u2019\u00e9tablissement pour d\u00e9noncer la d\u00e9gradation [&hellip;]<\/p>\n","protected":false},"author":138,"featured_media":0,"comment_status":"closed","ping_status":"closed","sticky":false,"template":"","format":"standard","meta":{"ocean_post_layout":"","ocean_both_sidebars_style":"","ocean_both_sidebars_content_width":0,"ocean_both_sidebars_sidebars_width":0,"ocean_sidebar":"","ocean_second_sidebar":"","ocean_disable_margins":"enable","ocean_add_body_class":"","ocean_shortcode_before_top_bar":"","ocean_shortcode_after_top_bar":"","ocean_shortcode_before_header":"","ocean_shortcode_after_header":"","ocean_has_shortcode":"","ocean_shortcode_after_title":"","ocean_shortcode_before_footer_widgets":"","ocean_shortcode_after_footer_widgets":"","ocean_shortcode_before_footer_bottom":"","ocean_shortcode_after_footer_bottom":"","ocean_display_top_bar":"default","ocean_display_header":"default","ocean_header_style":"","ocean_center_header_left_menu":"","ocean_custom_header_template":"","ocean_custom_logo":0,"ocean_custom_retina_logo":0,"ocean_custom_logo_max_width":0,"ocean_custom_logo_tablet_max_width":0,"ocean_custom_logo_mobile_max_width":0,"ocean_custom_logo_max_height":0,"ocean_custom_logo_tablet_max_height":0,"ocean_custom_logo_mobile_max_height":0,"ocean_header_custom_menu":"","ocean_menu_typo_font_family":"","ocean_menu_typo_font_subset":"","ocean_menu_typo_font_size":0,"ocean_menu_typo_font_size_tablet":0,"ocean_menu_typo_font_size_mobile":0,"ocean_menu_typo_font_size_unit":"px","ocean_menu_typo_font_weight":"","ocean_menu_typo_font_weight_tablet":"","ocean_menu_typo_font_weight_mobile":"","ocean_menu_typo_transform":"","ocean_menu_typo_transform_tablet":"","ocean_menu_typo_transform_mobile":"","ocean_menu_typo_line_height":0,"ocean_menu_typo_line_height_tablet":0,"ocean_menu_typo_line_height_mobile":0,"ocean_menu_typo_line_height_unit":"","ocean_menu_typo_spacing":0,"ocean_menu_typo_spacing_tablet":0,"ocean_menu_typo_spacing_mobile":0,"ocean_menu_typo_spacing_unit":"","ocean_menu_link_color":"","ocean_menu_link_color_hover":"","ocean_menu_link_color_active":"","ocean_menu_link_background":"","ocean_menu_link_hover_background":"","ocean_menu_link_active_background":"","ocean_menu_social_links_bg":"","ocean_menu_social_hover_links_bg":"","ocean_menu_social_links_color":"","ocean_menu_social_hover_links_color":"","ocean_disable_title":"default","ocean_disable_heading":"default","ocean_post_title":"","ocean_post_subheading":"","ocean_post_title_style":"","ocean_post_title_background_color":"","ocean_post_title_background":0,"ocean_post_title_bg_image_position":"","ocean_post_title_bg_image_attachment":"","ocean_post_title_bg_image_repeat":"","ocean_post_title_bg_image_size":"","ocean_post_title_height":0,"ocean_post_title_bg_overlay":0.5,"ocean_post_title_bg_overlay_color":"","ocean_disable_breadcrumbs":"default","ocean_breadcrumbs_color":"","ocean_breadcrumbs_separator_color":"","ocean_breadcrumbs_links_color":"","ocean_breadcrumbs_links_hover_color":"","ocean_display_footer_widgets":"default","ocean_display_footer_bottom":"default","ocean_custom_footer_template":"","ocean_post_oembed":"","ocean_post_self_hosted_media":"","ocean_post_video_embed":"","ocean_link_format":"","ocean_link_format_target":"self","ocean_quote_format":"","ocean_quote_format_link":"post","ocean_gallery_link_images":"on","ocean_gallery_id":[],"footnotes":""},"categories":[3,11],"tags":[],"post_folder":[],"class_list":["post-2316","post","type-post","status-publish","format-standard","hentry","category-actions-greves-manifs","category-communiques","entry"],"yoast_head":"<!-- This site is optimized with the Yoast SEO plugin v27.4 - https:\/\/yoast.com\/product\/yoast-seo-wordpress\/ -->\n<title>Radinghem a veill\u00e9 pour l&#039;enseignement agricole public - Formation des sites R\u00e9gionaux du SNETAP-FSU<\/title>\n<meta name=\"robots\" content=\"index, follow, max-snippet:-1, max-image-preview:large, max-video-preview:-1\" \/>\n<link rel=\"canonical\" href=\"https:\/\/regions-snetap-fsu.fr\/formation\/2019\/05\/10\/radinghem-a-veille-pour-lenseignement-agricole-public\/\" \/>\n<meta property=\"og:locale\" content=\"fr_FR\" \/>\n<meta property=\"og:type\" content=\"article\" \/>\n<meta property=\"og:title\" content=\"Radinghem a veill\u00e9 pour l&#039;enseignement agricole public - Formation des sites R\u00e9gionaux du SNETAP-FSU\" \/>\n<meta property=\"og:description\" content=\"Radinghem a veill\u00e9 pour l&rsquo;enseignement agricole public L\u2019\u00e9quipe p\u00e9dagogique mobilis\u00e9e du lyc\u00e9e agricole public de Radinghem, \u00e0 l\u2019instar de la grande majorit\u00e9 des \u00e9tablissements agricoles publics de France r\u00e9pondant \u00e0 l\u2019appel des syndicats CGT Agri, FO Enseignement Agricole, SNETAP-FSU, SUD Rural \u00c9quipement, a pass\u00e9 la soir\u00e9e du 9 mai dans l\u2019\u00e9tablissement pour d\u00e9noncer la d\u00e9gradation [&hellip;]\" \/>\n<meta property=\"og:url\" content=\"https:\/\/regions-snetap-fsu.fr\/formation\/2019\/05\/10\/radinghem-a-veille-pour-lenseignement-agricole-public\/\" \/>\n<meta property=\"og:site_name\" content=\"Formation des sites R\u00e9gionaux du SNETAP-FSU\" \/>\n<meta property=\"article:published_time\" content=\"2019-05-10T21:19:16+00:00\" \/>\n<meta name=\"author\" content=\"yoctavien\" \/>\n<meta name=\"twitter:card\" content=\"summary_large_image\" \/>\n<meta name=\"twitter:label1\" content=\"\u00c9crit par\" \/>\n\t<meta name=\"twitter:data1\" content=\"yoctavien\" \/>\n\t<meta name=\"twitter:label2\" content=\"Dur\u00e9e de lecture estim\u00e9e\" \/>\n\t<meta name=\"twitter:data2\" content=\"5 minutes\" \/>\n<script type=\"application\/ld+json\" class=\"yoast-schema-graph\">{\"@context\":\"https:\\\/\\\/schema.org\",\"@graph\":[{\"@type\":\"Article\",\"@id\":\"https:\\\/\\\/regions-snetap-fsu.fr\\\/formation\\\/2019\\\/05\\\/10\\\/radinghem-a-veille-pour-lenseignement-agricole-public\\\/#article\",\"isPartOf\":{\"@id\":\"https:\\\/\\\/regions-snetap-fsu.fr\\\/formation\\\/2019\\\/05\\\/10\\\/radinghem-a-veille-pour-lenseignement-agricole-public\\\/\"},\"author\":{\"name\":\"yoctavien\",\"@id\":\"https:\\\/\\\/regions-snetap-fsu.fr\\\/formation\\\/#\\\/schema\\\/person\\\/f5dc7b6354e942ca9c5fa8e9ff7e5c93\"},\"headline\":\"Radinghem a veill\u00e9 pour l&rsquo;enseignement agricole public\",\"datePublished\":\"2019-05-10T21:19:16+00:00\",\"mainEntityOfPage\":{\"@id\":\"https:\\\/\\\/regions-snetap-fsu.fr\\\/formation\\\/2019\\\/05\\\/10\\\/radinghem-a-veille-pour-lenseignement-agricole-public\\\/\"},\"wordCount\":943,\"publisher\":{\"@id\":\"https:\\\/\\\/regions-snetap-fsu.fr\\\/formation\\\/#organization\"},\"image\":{\"@id\":\"https:\\\/\\\/regions-snetap-fsu.fr\\\/formation\\\/2019\\\/05\\\/10\\\/radinghem-a-veille-pour-lenseignement-agricole-public\\\/#primaryimage\"},\"thumbnailUrl\":\"https:\\\/\\\/regions-snetap-fsu.fr\\\/hdf\\\/wp-content\\\/uploads\\\/sites\\\/5\\\/2019\\\/05\\\/Radinghem_nuit_9mai_rogne-1024x833.jpg\",\"articleSection\":[\"Actions - Gr\u00e8ves - Manifs\",\"Communiqu\u00e9s\"],\"inLanguage\":\"fr-FR\"},{\"@type\":\"WebPage\",\"@id\":\"https:\\\/\\\/regions-snetap-fsu.fr\\\/formation\\\/2019\\\/05\\\/10\\\/radinghem-a-veille-pour-lenseignement-agricole-public\\\/\",\"url\":\"https:\\\/\\\/regions-snetap-fsu.fr\\\/formation\\\/2019\\\/05\\\/10\\\/radinghem-a-veille-pour-lenseignement-agricole-public\\\/\",\"name\":\"Radinghem a veill\u00e9 pour l'enseignement agricole public - Formation des sites R\u00e9gionaux du SNETAP-FSU\",\"isPartOf\":{\"@id\":\"https:\\\/\\\/regions-snetap-fsu.fr\\\/formation\\\/#website\"},\"primaryImageOfPage\":{\"@id\":\"https:\\\/\\\/regions-snetap-fsu.fr\\\/formation\\\/2019\\\/05\\\/10\\\/radinghem-a-veille-pour-lenseignement-agricole-public\\\/#primaryimage\"},\"image\":{\"@id\":\"https:\\\/\\\/regions-snetap-fsu.fr\\\/formation\\\/2019\\\/05\\\/10\\\/radinghem-a-veille-pour-lenseignement-agricole-public\\\/#primaryimage\"},\"thumbnailUrl\":\"https:\\\/\\\/regions-snetap-fsu.fr\\\/hdf\\\/wp-content\\\/uploads\\\/sites\\\/5\\\/2019\\\/05\\\/Radinghem_nuit_9mai_rogne-1024x833.jpg\",\"datePublished\":\"2019-05-10T21:19:16+00:00\",\"breadcrumb\":{\"@id\":\"https:\\\/\\\/regions-snetap-fsu.fr\\\/formation\\\/2019\\\/05\\\/10\\\/radinghem-a-veille-pour-lenseignement-agricole-public\\\/#breadcrumb\"},\"inLanguage\":\"fr-FR\",\"potentialAction\":[{\"@type\":\"ReadAction\",\"target\":[\"https:\\\/\\\/regions-snetap-fsu.fr\\\/formation\\\/2019\\\/05\\\/10\\\/radinghem-a-veille-pour-lenseignement-agricole-public\\\/\"]}]},{\"@type\":\"ImageObject\",\"inLanguage\":\"fr-FR\",\"@id\":\"https:\\\/\\\/regions-snetap-fsu.fr\\\/formation\\\/2019\\\/05\\\/10\\\/radinghem-a-veille-pour-lenseignement-agricole-public\\\/#primaryimage\",\"url\":\"https:\\\/\\\/regions-snetap-fsu.fr\\\/hdf\\\/wp-content\\\/uploads\\\/sites\\\/5\\\/2019\\\/05\\\/Radinghem_nuit_9mai_rogne-1024x833.jpg\",\"contentUrl\":\"https:\\\/\\\/regions-snetap-fsu.fr\\\/hdf\\\/wp-content\\\/uploads\\\/sites\\\/5\\\/2019\\\/05\\\/Radinghem_nuit_9mai_rogne-1024x833.jpg\"},{\"@type\":\"BreadcrumbList\",\"@id\":\"https:\\\/\\\/regions-snetap-fsu.fr\\\/formation\\\/2019\\\/05\\\/10\\\/radinghem-a-veille-pour-lenseignement-agricole-public\\\/#breadcrumb\",\"itemListElement\":[{\"@type\":\"ListItem\",\"position\":1,\"name\":\"Accueil\",\"item\":\"https:\\\/\\\/regions-snetap-fsu.fr\\\/formation\\\/\"},{\"@type\":\"ListItem\",\"position\":2,\"name\":\"Radinghem a veill\u00e9 pour l&rsquo;enseignement agricole public\"}]},{\"@type\":\"WebSite\",\"@id\":\"https:\\\/\\\/regions-snetap-fsu.fr\\\/formation\\\/#website\",\"url\":\"https:\\\/\\\/regions-snetap-fsu.fr\\\/formation\\\/\",\"name\":\"Formation des sites R\u00e9gionaux du SNETAP-FSU\",\"description\":\"\",\"publisher\":{\"@id\":\"https:\\\/\\\/regions-snetap-fsu.fr\\\/formation\\\/#organization\"},\"potentialAction\":[{\"@type\":\"SearchAction\",\"target\":{\"@type\":\"EntryPoint\",\"urlTemplate\":\"https:\\\/\\\/regions-snetap-fsu.fr\\\/formation\\\/?s={search_term_string}\"},\"query-input\":{\"@type\":\"PropertyValueSpecification\",\"valueRequired\":true,\"valueName\":\"search_term_string\"}}],\"inLanguage\":\"fr-FR\"},{\"@type\":\"Organization\",\"@id\":\"https:\\\/\\\/regions-snetap-fsu.fr\\\/formation\\\/#organization\",\"name\":\"Formation des sites R\u00e9gionaux du SNETAP-FSU\",\"url\":\"https:\\\/\\\/regions-snetap-fsu.fr\\\/formation\\\/\",\"logo\":{\"@type\":\"ImageObject\",\"inLanguage\":\"fr-FR\",\"@id\":\"https:\\\/\\\/regions-snetap-fsu.fr\\\/formation\\\/#\\\/schema\\\/logo\\\/image\\\/\",\"url\":\"https:\\\/\\\/regions-snetap-fsu.fr\\\/formation\\\/wp-content\\\/uploads\\\/sites\\\/20\\\/2025\\\/04\\\/cropped-Logo_blanc_fond_transparent_1000x755.png\",\"contentUrl\":\"https:\\\/\\\/regions-snetap-fsu.fr\\\/formation\\\/wp-content\\\/uploads\\\/sites\\\/20\\\/2025\\\/04\\\/cropped-Logo_blanc_fond_transparent_1000x755.png\",\"width\":998,\"height\":689,\"caption\":\"Formation des sites R\u00e9gionaux du SNETAP-FSU\"},\"image\":{\"@id\":\"https:\\\/\\\/regions-snetap-fsu.fr\\\/formation\\\/#\\\/schema\\\/logo\\\/image\\\/\"}},{\"@type\":\"Person\",\"@id\":\"https:\\\/\\\/regions-snetap-fsu.fr\\\/formation\\\/#\\\/schema\\\/person\\\/f5dc7b6354e942ca9c5fa8e9ff7e5c93\",\"name\":\"yoctavien\",\"image\":{\"@type\":\"ImageObject\",\"inLanguage\":\"fr-FR\",\"@id\":\"https:\\\/\\\/secure.gravatar.com\\\/avatar\\\/382642c092b6b9da14641d3c478df2f3da4a2d17eea25691c232d4dbf735c292?s=96&d=mm&r=g\",\"url\":\"https:\\\/\\\/secure.gravatar.com\\\/avatar\\\/382642c092b6b9da14641d3c478df2f3da4a2d17eea25691c232d4dbf735c292?s=96&d=mm&r=g\",\"contentUrl\":\"https:\\\/\\\/secure.gravatar.com\\\/avatar\\\/382642c092b6b9da14641d3c478df2f3da4a2d17eea25691c232d4dbf735c292?s=96&d=mm&r=g\",\"caption\":\"yoctavien\"},\"url\":\"https:\\\/\\\/regions-snetap-fsu.fr\\\/formation\\\/author\\\/yoctavien\\\/\"}]}<\/script>\n<!-- \/ Yoast SEO plugin. -->","yoast_head_json":{"title":"Radinghem a veill\u00e9 pour l'enseignement agricole public - Formation des sites R\u00e9gionaux du SNETAP-FSU","robots":{"index":"index","follow":"follow","max-snippet":"max-snippet:-1","max-image-preview":"max-image-preview:large","max-video-preview":"max-video-preview:-1"},"canonical":"https:\/\/regions-snetap-fsu.fr\/formation\/2019\/05\/10\/radinghem-a-veille-pour-lenseignement-agricole-public\/","og_locale":"fr_FR","og_type":"article","og_title":"Radinghem a veill\u00e9 pour l'enseignement agricole public - Formation des sites R\u00e9gionaux du SNETAP-FSU","og_description":"Radinghem a veill\u00e9 pour l&rsquo;enseignement agricole public L\u2019\u00e9quipe p\u00e9dagogique mobilis\u00e9e du lyc\u00e9e agricole public de Radinghem, \u00e0 l\u2019instar de la grande majorit\u00e9 des \u00e9tablissements agricoles publics de France r\u00e9pondant \u00e0 l\u2019appel des syndicats CGT Agri, FO Enseignement Agricole, SNETAP-FSU, SUD Rural \u00c9quipement, a pass\u00e9 la soir\u00e9e du 9 mai dans l\u2019\u00e9tablissement pour d\u00e9noncer la d\u00e9gradation [&hellip;]","og_url":"https:\/\/regions-snetap-fsu.fr\/formation\/2019\/05\/10\/radinghem-a-veille-pour-lenseignement-agricole-public\/","og_site_name":"Formation des sites R\u00e9gionaux du SNETAP-FSU","article_published_time":"2019-05-10T21:19:16+00:00","author":"yoctavien","twitter_card":"summary_large_image","twitter_misc":{"\u00c9crit par":"yoctavien","Dur\u00e9e de lecture estim\u00e9e":"5 minutes"},"schema":{"@context":"https:\/\/schema.org","@graph":[{"@type":"Article","@id":"https:\/\/regions-snetap-fsu.fr\/formation\/2019\/05\/10\/radinghem-a-veille-pour-lenseignement-agricole-public\/#article","isPartOf":{"@id":"https:\/\/regions-snetap-fsu.fr\/formation\/2019\/05\/10\/radinghem-a-veille-pour-lenseignement-agricole-public\/"},"author":{"name":"yoctavien","@id":"https:\/\/regions-snetap-fsu.fr\/formation\/#\/schema\/person\/f5dc7b6354e942ca9c5fa8e9ff7e5c93"},"headline":"Radinghem a veill\u00e9 pour l&rsquo;enseignement agricole public","datePublished":"2019-05-10T21:19:16+00:00","mainEntityOfPage":{"@id":"https:\/\/regions-snetap-fsu.fr\/formation\/2019\/05\/10\/radinghem-a-veille-pour-lenseignement-agricole-public\/"},"wordCount":943,"publisher":{"@id":"https:\/\/regions-snetap-fsu.fr\/formation\/#organization"},"image":{"@id":"https:\/\/regions-snetap-fsu.fr\/formation\/2019\/05\/10\/radinghem-a-veille-pour-lenseignement-agricole-public\/#primaryimage"},"thumbnailUrl":"https:\/\/regions-snetap-fsu.fr\/hdf\/wp-content\/uploads\/sites\/5\/2019\/05\/Radinghem_nuit_9mai_rogne-1024x833.jpg","articleSection":["Actions - Gr\u00e8ves - Manifs","Communiqu\u00e9s"],"inLanguage":"fr-FR"},{"@type":"WebPage","@id":"https:\/\/regions-snetap-fsu.fr\/formation\/2019\/05\/10\/radinghem-a-veille-pour-lenseignement-agricole-public\/","url":"https:\/\/regions-snetap-fsu.fr\/formation\/2019\/05\/10\/radinghem-a-veille-pour-lenseignement-agricole-public\/","name":"Radinghem a veill\u00e9 pour l'enseignement agricole public - Formation des sites R\u00e9gionaux du SNETAP-FSU","isPartOf":{"@id":"https:\/\/regions-snetap-fsu.fr\/formation\/#website"},"primaryImageOfPage":{"@id":"https:\/\/regions-snetap-fsu.fr\/formation\/2019\/05\/10\/radinghem-a-veille-pour-lenseignement-agricole-public\/#primaryimage"},"image":{"@id":"https:\/\/regions-snetap-fsu.fr\/formation\/2019\/05\/10\/radinghem-a-veille-pour-lenseignement-agricole-public\/#primaryimage"},"thumbnailUrl":"https:\/\/regions-snetap-fsu.fr\/hdf\/wp-content\/uploads\/sites\/5\/2019\/05\/Radinghem_nuit_9mai_rogne-1024x833.jpg","datePublished":"2019-05-10T21:19:16+00:00","breadcrumb":{"@id":"https:\/\/regions-snetap-fsu.fr\/formation\/2019\/05\/10\/radinghem-a-veille-pour-lenseignement-agricole-public\/#breadcrumb"},"inLanguage":"fr-FR","potentialAction":[{"@type":"ReadAction","target":["https:\/\/regions-snetap-fsu.fr\/formation\/2019\/05\/10\/radinghem-a-veille-pour-lenseignement-agricole-public\/"]}]},{"@type":"ImageObject","inLanguage":"fr-FR","@id":"https:\/\/regions-snetap-fsu.fr\/formation\/2019\/05\/10\/radinghem-a-veille-pour-lenseignement-agricole-public\/#primaryimage","url":"https:\/\/regions-snetap-fsu.fr\/hdf\/wp-content\/uploads\/sites\/5\/2019\/05\/Radinghem_nuit_9mai_rogne-1024x833.jpg","contentUrl":"https:\/\/regions-snetap-fsu.fr\/hdf\/wp-content\/uploads\/sites\/5\/2019\/05\/Radinghem_nuit_9mai_rogne-1024x833.jpg"},{"@type":"BreadcrumbList","@id":"https:\/\/regions-snetap-fsu.fr\/formation\/2019\/05\/10\/radinghem-a-veille-pour-lenseignement-agricole-public\/#breadcrumb","itemListElement":[{"@type":"ListItem","position":1,"name":"Accueil","item":"https:\/\/regions-snetap-fsu.fr\/formation\/"},{"@type":"ListItem","position":2,"name":"Radinghem a veill\u00e9 pour l&rsquo;enseignement agricole public"}]},{"@type":"WebSite","@id":"https:\/\/regions-snetap-fsu.fr\/formation\/#website","url":"https:\/\/regions-snetap-fsu.fr\/formation\/","name":"Formation des sites R\u00e9gionaux du SNETAP-FSU","description":"","publisher":{"@id":"https:\/\/regions-snetap-fsu.fr\/formation\/#organization"},"potentialAction":[{"@type":"SearchAction","target":{"@type":"EntryPoint","urlTemplate":"https:\/\/regions-snetap-fsu.fr\/formation\/?s={search_term_string}"},"query-input":{"@type":"PropertyValueSpecification","valueRequired":true,"valueName":"search_term_string"}}],"inLanguage":"fr-FR"},{"@type":"Organization","@id":"https:\/\/regions-snetap-fsu.fr\/formation\/#organization","name":"Formation des sites R\u00e9gionaux du SNETAP-FSU","url":"https:\/\/regions-snetap-fsu.fr\/formation\/","logo":{"@type":"ImageObject","inLanguage":"fr-FR","@id":"https:\/\/regions-snetap-fsu.fr\/formation\/#\/schema\/logo\/image\/","url":"https:\/\/regions-snetap-fsu.fr\/formation\/wp-content\/uploads\/sites\/20\/2025\/04\/cropped-Logo_blanc_fond_transparent_1000x755.png","contentUrl":"https:\/\/regions-snetap-fsu.fr\/formation\/wp-content\/uploads\/sites\/20\/2025\/04\/cropped-Logo_blanc_fond_transparent_1000x755.png","width":998,"height":689,"caption":"Formation des sites R\u00e9gionaux du SNETAP-FSU"},"image":{"@id":"https:\/\/regions-snetap-fsu.fr\/formation\/#\/schema\/logo\/image\/"}},{"@type":"Person","@id":"https:\/\/regions-snetap-fsu.fr\/formation\/#\/schema\/person\/f5dc7b6354e942ca9c5fa8e9ff7e5c93","name":"yoctavien","image":{"@type":"ImageObject","inLanguage":"fr-FR","@id":"https:\/\/secure.gravatar.com\/avatar\/382642c092b6b9da14641d3c478df2f3da4a2d17eea25691c232d4dbf735c292?s=96&d=mm&r=g","url":"https:\/\/secure.gravatar.com\/avatar\/382642c092b6b9da14641d3c478df2f3da4a2d17eea25691c232d4dbf735c292?s=96&d=mm&r=g","contentUrl":"https:\/\/secure.gravatar.com\/avatar\/382642c092b6b9da14641d3c478df2f3da4a2d17eea25691c232d4dbf735c292?s=96&d=mm&r=g","caption":"yoctavien"},"url":"https:\/\/regions-snetap-fsu.fr\/formation\/author\/yoctavien\/"}]}},"_links":{"self":[{"href":"https:\/\/regions-snetap-fsu.fr\/formation\/wp-json\/wp\/v2\/posts\/2316","targetHints":{"allow":["GET"]}}],"collection":[{"href":"https:\/\/regions-snetap-fsu.fr\/formation\/wp-json\/wp\/v2\/posts"}],"about":[{"href":"https:\/\/regions-snetap-fsu.fr\/formation\/wp-json\/wp\/v2\/types\/post"}],"author":[{"embeddable":true,"href":"https:\/\/regions-snetap-fsu.fr\/formation\/wp-json\/wp\/v2\/users\/138"}],"replies":[{"embeddable":true,"href":"https:\/\/regions-snetap-fsu.fr\/formation\/wp-json\/wp\/v2\/comments?post=2316"}],"version-history":[{"count":0,"href":"https:\/\/regions-snetap-fsu.fr\/formation\/wp-json\/wp\/v2\/posts\/2316\/revisions"}],"wp:attachment":[{"href":"https:\/\/regions-snetap-fsu.fr\/formation\/wp-json\/wp\/v2\/media?parent=2316"}],"wp:term":[{"taxonomy":"category","embeddable":true,"href":"https:\/\/regions-snetap-fsu.fr\/formation\/wp-json\/wp\/v2\/categories?post=2316"},{"taxonomy":"post_tag","embeddable":true,"href":"https:\/\/regions-snetap-fsu.fr\/formation\/wp-json\/wp\/v2\/tags?post=2316"},{"taxonomy":"post_folder","embeddable":true,"href":"https:\/\/regions-snetap-fsu.fr\/formation\/wp-json\/wp\/v2\/post_folder?post=2316"}],"curies":[{"name":"wp","href":"https:\/\/api.w.org\/{rel}","templated":true}]}}