{"id":2269,"date":"2019-05-04T12:00:14","date_gmt":"2019-05-04T10:00:14","guid":{"rendered":"https:\/\/regions-snetap-fsu.fr\/hdf\/?p=2269"},"modified":"2019-05-04T12:00:14","modified_gmt":"2019-05-04T10:00:14","slug":"soutien-aux-camarades-victimes-de-la-violence-policiere-du-1er-mai","status":"publish","type":"post","link":"https:\/\/regions-snetap-fsu.fr\/formation\/2019\/05\/04\/soutien-aux-camarades-victimes-de-la-violence-policiere-du-1er-mai\/","title":{"rendered":"Soutien aux camarades victimes de la violence polici\u00e8re du 1er mai"},"content":{"rendered":"<h2 style=\"text-align: center\"><span style=\"color: #ff0000\">Soutien aux camarades victimes de la violence polici\u00e8re du 1er mai<\/span><\/h2>\n<p style=\"text-align: justify\"><span style=\"color: #0000ff\">Le SNETAP-FSU des Hauts-de-France apporte son soutien aux camarades d&rsquo;Ile-de-France qui ont eu \u00e0 subir les violences polici\u00e8res lors de la manifestation du 1er mai.<\/span><\/p>\n<p style=\"text-align: justify\"><span style=\"color: #0000ff\">Nous avons appris avec stupeur que certains de nos camarades de la FSU Ile-de-France ont \u00e9t\u00e9 bless\u00e9s suite \u00e0 des charges des forces de l&rsquo;ordre alors qu&rsquo;ils attendaient, pacifiquement comme \u00e0 leur habitude, le d\u00e9marrage du cort\u00e8ge.<\/span><\/p>\n<p style=\"text-align: justify\"><span style=\"color: #0000ff\">D\u00e9go\u00fbt\u00e9s de cette violence et craignant pour leur int\u00e9grit\u00e9 physique, nos camarades ont pris la sage d\u00e9cision d&rsquo;annuler la manifestation avant m\u00eame de l&rsquo;avoir d\u00e9marr\u00e9e.<\/span><\/p>\n<p style=\"text-align: justify\"><span style=\"color: #0000ff\">Nous apportons aussi notre soutien \u00e0 toutes et tous nos camarades des autres r\u00e9gions de France qui ont souffert des dispersions violentes, disproportionn\u00e9es, injustifi\u00e9es m\u00eame, \u00e0 coup de gaz lacrymog\u00e8ne. Avec une pens\u00e9e toute particuli\u00e8re pour Toulouse.<\/span><\/p>\n<p><span style=\"color: #0000ff\">Ci-dessous vous avez le communiqu\u00e9 d&rsquo;une page des Unions R\u00e9gionales Ile-de-France :<\/span><\/p>\n\n\t\t<div class=\"wppdfemb-frame-container-1\" style=\"-webkit-overflow-scrolling:auto;\">\n\t\t\t<iframe class=\"pdfembed-iframe nonfullscreen wppdf-emb-iframe-1\"\n\t\t\t\tsrc=\"https:\/\/regions-snetap-fsu.fr\/formation\/?pdfemb-data=eyJ1cmwiOiJodHRwczpcL1wvcmVnaW9ucy1zbmV0YXAtZnN1LmZyXC9oZGZcL3dwLWNvbnRlbnRcL3VwbG9hZHNcL3NpdGVzXC81XC8yMDE5XC8wNVwvY29tbXVuaXF1ZV9jb21tdW5fZGVzX3VyaWZfLV92ZXJzaW9uX2RlZmluaXRpdmVfM19tYWlfMjAxOS5wZGYiLCJpbmRleCI6MSwicGRmSUQiOjB9\"\n\t\t\t\t\t\t\t\tdata-pdf-id=\"0\"\n\t\t\t\tdata-pdf-index=\"1\"\n\t\t\t\tstyle=\"border:none;width:100%;max-width:100%;height:100vh;\"\n\t\t\t\tscrolling=\"yes\">\n\t\t\t<\/iframe>\n\t\t<\/div>\n\n\t\t\n<p style=\"text-align: justify\"><span style=\"color: #0000ff\">En cliquant sur le lien ci-dessous, vous trouverez la tribune des personnalit\u00e9s du monde de la culture qui apportent leur soutien \u00e0 un mouvement sans pr\u00e9c\u00e9dent et d\u00e9noncent les \u00ab\u00a0ficelles us\u00e9es \u00e0 outrance\u00a0\u00bb qu&rsquo;utilise le pouvoir. Pouvoir qui ne\u00a0 cherche \u00e0 discr\u00e9diter ce mouvement avec m\u00e9pris et une violence jamais vu sous la Ve R\u00e9publique. Nous avons encore des personnes qui ne sont pas dupes et qui nous permettent de garder espoir dans nos actions.<\/span><\/p>\n<p><a href=\"https:\/\/www.liberation.fr\/debats\/2019\/05\/04\/gilets-jaunes-nous-ne-sommes-pas-dupes_1724724\" target=\"_blank\" rel=\"noopener noreferrer\"><span style=\"text-decoration: underline;color: #000000\">Lien : Lib\u00e9ration &#8211; Gilets jaunes\u200a: nous ne sommes pas dupes \u200a!<\/span><\/a><\/p>\n<p style=\"text-align: justify\"><span style=\"font-family: georgia, palatino, serif;color: #0000ff\"><span style=\"font-size: 12pt\">Ci-dessous, vous trouverez aussi, l&rsquo;intervention de l&rsquo;acad\u00e9micienne Dani\u00e8le Sallenave qui d\u00e9nonce le m\u00e9pris dont a fait preuve la classe politique envers le mouvement citoyen.<\/span> <\/span><\/p>\n<p><span style=\"text-decoration: underline;color: #000000\"><a style=\"color: #000000;text-decoration: underline\" href=\"https:\/\/rmc.bfmtv.com\/mediaplayer\/video\/mon-sang-republicain-n-a-fait-qu-un-tour-pourquoi-il-y-aurait-une-difference-entre-jojo-le-gilet-jaune-et-un-ministre-1158693.html?fbclid=IwAR3Ept0kjOzGrBo1uHwzZ_K9RWa9mFVyhJXx7Z1VSSSUbX1qVBDjIDCplzQ\" target=\"_blank\" rel=\"noopener noreferrer\">Lien : BFM avec RMC &#8211; \u00ab\u00a0Mon sang r\u00e9publicain n\u2019a fait qu\u2019un tour ! Pourquoi il y aurait une diff\u00e9rence entre \u00ab Jojo le gilet jaune \u00bb et un ministre ?\u00a0\u00bb<\/a><\/span><\/p>\n","protected":false},"excerpt":{"rendered":"<p>Soutien aux camarades victimes de la violence polici\u00e8re du 1er mai Le SNETAP-FSU des Hauts-de-France apporte son soutien aux camarades d&rsquo;Ile-de-France qui ont eu \u00e0 subir les violences polici\u00e8res lors de la manifestation du 1er mai. Nous avons appris avec stupeur que certains de nos camarades de la FSU Ile-de-France ont \u00e9t\u00e9 bless\u00e9s suite \u00e0 [&hellip;]<\/p>\n","protected":false},"author":138,"featured_media":0,"comment_status":"closed","ping_status":"closed","sticky":false,"template":"","format":"standard","meta":{"ocean_post_layout":"","ocean_both_sidebars_style":"","ocean_both_sidebars_content_width":0,"ocean_both_sidebars_sidebars_width":0,"ocean_sidebar":"","ocean_second_sidebar":"","ocean_disable_margins":"enable","ocean_add_body_class":"","ocean_shortcode_before_top_bar":"","ocean_shortcode_after_top_bar":"","ocean_shortcode_before_header":"","ocean_shortcode_after_header":"","ocean_has_shortcode":"","ocean_shortcode_after_title":"","ocean_shortcode_before_footer_widgets":"","ocean_shortcode_after_footer_widgets":"","ocean_shortcode_before_footer_bottom":"","ocean_shortcode_after_footer_bottom":"","ocean_display_top_bar":"default","ocean_display_header":"default","ocean_header_style":"","ocean_center_header_left_menu":"","ocean_custom_header_template":"","ocean_custom_logo":0,"ocean_custom_retina_logo":0,"ocean_custom_logo_max_width":0,"ocean_custom_logo_tablet_max_width":0,"ocean_custom_logo_mobile_max_width":0,"ocean_custom_logo_max_height":0,"ocean_custom_logo_tablet_max_height":0,"ocean_custom_logo_mobile_max_height":0,"ocean_header_custom_menu":"","ocean_menu_typo_font_family":"","ocean_menu_typo_font_subset":"","ocean_menu_typo_font_size":0,"ocean_menu_typo_font_size_tablet":0,"ocean_menu_typo_font_size_mobile":0,"ocean_menu_typo_font_size_unit":"px","ocean_menu_typo_font_weight":"","ocean_menu_typo_font_weight_tablet":"","ocean_menu_typo_font_weight_mobile":"","ocean_menu_typo_transform":"","ocean_menu_typo_transform_tablet":"","ocean_menu_typo_transform_mobile":"","ocean_menu_typo_line_height":0,"ocean_menu_typo_line_height_tablet":0,"ocean_menu_typo_line_height_mobile":0,"ocean_menu_typo_line_height_unit":"","ocean_menu_typo_spacing":0,"ocean_menu_typo_spacing_tablet":0,"ocean_menu_typo_spacing_mobile":0,"ocean_menu_typo_spacing_unit":"","ocean_menu_link_color":"","ocean_menu_link_color_hover":"","ocean_menu_link_color_active":"","ocean_menu_link_background":"","ocean_menu_link_hover_background":"","ocean_menu_link_active_background":"","ocean_menu_social_links_bg":"","ocean_menu_social_hover_links_bg":"","ocean_menu_social_links_color":"","ocean_menu_social_hover_links_color":"","ocean_disable_title":"default","ocean_disable_heading":"default","ocean_post_title":"","ocean_post_subheading":"","ocean_post_title_style":"","ocean_post_title_background_color":"","ocean_post_title_background":0,"ocean_post_title_bg_image_position":"","ocean_post_title_bg_image_attachment":"","ocean_post_title_bg_image_repeat":"","ocean_post_title_bg_image_size":"","ocean_post_title_height":0,"ocean_post_title_bg_overlay":0.5,"ocean_post_title_bg_overlay_color":"","ocean_disable_breadcrumbs":"default","ocean_breadcrumbs_color":"","ocean_breadcrumbs_separator_color":"","ocean_breadcrumbs_links_color":"","ocean_breadcrumbs_links_hover_color":"","ocean_display_footer_widgets":"default","ocean_display_footer_bottom":"default","ocean_custom_footer_template":"","ocean_post_oembed":"","ocean_post_self_hosted_media":"","ocean_post_video_embed":"","ocean_link_format":"","ocean_link_format_target":"self","ocean_quote_format":"","ocean_quote_format_link":"post","ocean_gallery_link_images":"on","ocean_gallery_id":[],"footnotes":""},"categories":[3,11],"tags":[],"post_folder":[],"class_list":["post-2269","post","type-post","status-publish","format-standard","hentry","category-actions-greves-manifs","category-communiques","entry"],"yoast_head":"<!-- This site is optimized with the Yoast SEO plugin v27.4 - https:\/\/yoast.com\/product\/yoast-seo-wordpress\/ -->\n<title>Soutien aux camarades victimes de la violence polici\u00e8re du 1er mai - Formation des sites R\u00e9gionaux du SNETAP-FSU<\/title>\n<meta name=\"robots\" content=\"index, follow, max-snippet:-1, max-image-preview:large, max-video-preview:-1\" \/>\n<link rel=\"canonical\" href=\"https:\/\/regions-snetap-fsu.fr\/formation\/2019\/05\/04\/soutien-aux-camarades-victimes-de-la-violence-policiere-du-1er-mai\/\" \/>\n<meta property=\"og:locale\" content=\"fr_FR\" \/>\n<meta property=\"og:type\" content=\"article\" \/>\n<meta property=\"og:title\" content=\"Soutien aux camarades victimes de la violence polici\u00e8re du 1er mai - Formation des sites R\u00e9gionaux du SNETAP-FSU\" \/>\n<meta property=\"og:description\" content=\"Soutien aux camarades victimes de la violence polici\u00e8re du 1er mai Le SNETAP-FSU des Hauts-de-France apporte son soutien aux camarades d&rsquo;Ile-de-France qui ont eu \u00e0 subir les violences polici\u00e8res lors de la manifestation du 1er mai. Nous avons appris avec stupeur que certains de nos camarades de la FSU Ile-de-France ont \u00e9t\u00e9 bless\u00e9s suite \u00e0 [&hellip;]\" \/>\n<meta property=\"og:url\" content=\"https:\/\/regions-snetap-fsu.fr\/formation\/2019\/05\/04\/soutien-aux-camarades-victimes-de-la-violence-policiere-du-1er-mai\/\" \/>\n<meta property=\"og:site_name\" content=\"Formation des sites R\u00e9gionaux du SNETAP-FSU\" \/>\n<meta property=\"article:published_time\" content=\"2019-05-04T10:00:14+00:00\" \/>\n<meta name=\"author\" content=\"yoctavien\" \/>\n<meta name=\"twitter:card\" content=\"summary_large_image\" \/>\n<meta name=\"twitter:label1\" content=\"\u00c9crit par\" \/>\n\t<meta name=\"twitter:data1\" content=\"yoctavien\" \/>\n\t<meta name=\"twitter:label2\" content=\"Dur\u00e9e de lecture estim\u00e9e\" \/>\n\t<meta name=\"twitter:data2\" content=\"2 minutes\" \/>\n<script type=\"application\/ld+json\" class=\"yoast-schema-graph\">{\"@context\":\"https:\\\/\\\/schema.org\",\"@graph\":[{\"@type\":\"Article\",\"@id\":\"https:\\\/\\\/regions-snetap-fsu.fr\\\/formation\\\/2019\\\/05\\\/04\\\/soutien-aux-camarades-victimes-de-la-violence-policiere-du-1er-mai\\\/#article\",\"isPartOf\":{\"@id\":\"https:\\\/\\\/regions-snetap-fsu.fr\\\/formation\\\/2019\\\/05\\\/04\\\/soutien-aux-camarades-victimes-de-la-violence-policiere-du-1er-mai\\\/\"},\"author\":{\"name\":\"yoctavien\",\"@id\":\"https:\\\/\\\/regions-snetap-fsu.fr\\\/formation\\\/#\\\/schema\\\/person\\\/f5dc7b6354e942ca9c5fa8e9ff7e5c93\"},\"headline\":\"Soutien aux camarades victimes de la violence polici\u00e8re du 1er mai\",\"datePublished\":\"2019-05-04T10:00:14+00:00\",\"mainEntityOfPage\":{\"@id\":\"https:\\\/\\\/regions-snetap-fsu.fr\\\/formation\\\/2019\\\/05\\\/04\\\/soutien-aux-camarades-victimes-de-la-violence-policiere-du-1er-mai\\\/\"},\"wordCount\":350,\"publisher\":{\"@id\":\"https:\\\/\\\/regions-snetap-fsu.fr\\\/formation\\\/#organization\"},\"articleSection\":[\"Actions - Gr\u00e8ves - Manifs\",\"Communiqu\u00e9s\"],\"inLanguage\":\"fr-FR\"},{\"@type\":\"WebPage\",\"@id\":\"https:\\\/\\\/regions-snetap-fsu.fr\\\/formation\\\/2019\\\/05\\\/04\\\/soutien-aux-camarades-victimes-de-la-violence-policiere-du-1er-mai\\\/\",\"url\":\"https:\\\/\\\/regions-snetap-fsu.fr\\\/formation\\\/2019\\\/05\\\/04\\\/soutien-aux-camarades-victimes-de-la-violence-policiere-du-1er-mai\\\/\",\"name\":\"Soutien aux camarades victimes de la violence polici\u00e8re du 1er mai - Formation des sites R\u00e9gionaux du SNETAP-FSU\",\"isPartOf\":{\"@id\":\"https:\\\/\\\/regions-snetap-fsu.fr\\\/formation\\\/#website\"},\"datePublished\":\"2019-05-04T10:00:14+00:00\",\"breadcrumb\":{\"@id\":\"https:\\\/\\\/regions-snetap-fsu.fr\\\/formation\\\/2019\\\/05\\\/04\\\/soutien-aux-camarades-victimes-de-la-violence-policiere-du-1er-mai\\\/#breadcrumb\"},\"inLanguage\":\"fr-FR\",\"potentialAction\":[{\"@type\":\"ReadAction\",\"target\":[\"https:\\\/\\\/regions-snetap-fsu.fr\\\/formation\\\/2019\\\/05\\\/04\\\/soutien-aux-camarades-victimes-de-la-violence-policiere-du-1er-mai\\\/\"]}]},{\"@type\":\"BreadcrumbList\",\"@id\":\"https:\\\/\\\/regions-snetap-fsu.fr\\\/formation\\\/2019\\\/05\\\/04\\\/soutien-aux-camarades-victimes-de-la-violence-policiere-du-1er-mai\\\/#breadcrumb\",\"itemListElement\":[{\"@type\":\"ListItem\",\"position\":1,\"name\":\"Accueil\",\"item\":\"https:\\\/\\\/regions-snetap-fsu.fr\\\/formation\\\/\"},{\"@type\":\"ListItem\",\"position\":2,\"name\":\"Soutien aux camarades victimes de la violence polici\u00e8re du 1er mai\"}]},{\"@type\":\"WebSite\",\"@id\":\"https:\\\/\\\/regions-snetap-fsu.fr\\\/formation\\\/#website\",\"url\":\"https:\\\/\\\/regions-snetap-fsu.fr\\\/formation\\\/\",\"name\":\"Formation des sites R\u00e9gionaux du SNETAP-FSU\",\"description\":\"\",\"publisher\":{\"@id\":\"https:\\\/\\\/regions-snetap-fsu.fr\\\/formation\\\/#organization\"},\"potentialAction\":[{\"@type\":\"SearchAction\",\"target\":{\"@type\":\"EntryPoint\",\"urlTemplate\":\"https:\\\/\\\/regions-snetap-fsu.fr\\\/formation\\\/?s={search_term_string}\"},\"query-input\":{\"@type\":\"PropertyValueSpecification\",\"valueRequired\":true,\"valueName\":\"search_term_string\"}}],\"inLanguage\":\"fr-FR\"},{\"@type\":\"Organization\",\"@id\":\"https:\\\/\\\/regions-snetap-fsu.fr\\\/formation\\\/#organization\",\"name\":\"Formation des sites R\u00e9gionaux du SNETAP-FSU\",\"url\":\"https:\\\/\\\/regions-snetap-fsu.fr\\\/formation\\\/\",\"logo\":{\"@type\":\"ImageObject\",\"inLanguage\":\"fr-FR\",\"@id\":\"https:\\\/\\\/regions-snetap-fsu.fr\\\/formation\\\/#\\\/schema\\\/logo\\\/image\\\/\",\"url\":\"https:\\\/\\\/regions-snetap-fsu.fr\\\/formation\\\/wp-content\\\/uploads\\\/sites\\\/20\\\/2025\\\/04\\\/cropped-Logo_blanc_fond_transparent_1000x755.png\",\"contentUrl\":\"https:\\\/\\\/regions-snetap-fsu.fr\\\/formation\\\/wp-content\\\/uploads\\\/sites\\\/20\\\/2025\\\/04\\\/cropped-Logo_blanc_fond_transparent_1000x755.png\",\"width\":998,\"height\":689,\"caption\":\"Formation des sites R\u00e9gionaux du SNETAP-FSU\"},\"image\":{\"@id\":\"https:\\\/\\\/regions-snetap-fsu.fr\\\/formation\\\/#\\\/schema\\\/logo\\\/image\\\/\"}},{\"@type\":\"Person\",\"@id\":\"https:\\\/\\\/regions-snetap-fsu.fr\\\/formation\\\/#\\\/schema\\\/person\\\/f5dc7b6354e942ca9c5fa8e9ff7e5c93\",\"name\":\"yoctavien\",\"image\":{\"@type\":\"ImageObject\",\"inLanguage\":\"fr-FR\",\"@id\":\"https:\\\/\\\/secure.gravatar.com\\\/avatar\\\/382642c092b6b9da14641d3c478df2f3da4a2d17eea25691c232d4dbf735c292?s=96&d=mm&r=g\",\"url\":\"https:\\\/\\\/secure.gravatar.com\\\/avatar\\\/382642c092b6b9da14641d3c478df2f3da4a2d17eea25691c232d4dbf735c292?s=96&d=mm&r=g\",\"contentUrl\":\"https:\\\/\\\/secure.gravatar.com\\\/avatar\\\/382642c092b6b9da14641d3c478df2f3da4a2d17eea25691c232d4dbf735c292?s=96&d=mm&r=g\",\"caption\":\"yoctavien\"},\"url\":\"https:\\\/\\\/regions-snetap-fsu.fr\\\/formation\\\/author\\\/yoctavien\\\/\"}]}<\/script>\n<!-- \/ Yoast SEO plugin. -->","yoast_head_json":{"title":"Soutien aux camarades victimes de la violence polici\u00e8re du 1er mai - Formation des sites R\u00e9gionaux du SNETAP-FSU","robots":{"index":"index","follow":"follow","max-snippet":"max-snippet:-1","max-image-preview":"max-image-preview:large","max-video-preview":"max-video-preview:-1"},"canonical":"https:\/\/regions-snetap-fsu.fr\/formation\/2019\/05\/04\/soutien-aux-camarades-victimes-de-la-violence-policiere-du-1er-mai\/","og_locale":"fr_FR","og_type":"article","og_title":"Soutien aux camarades victimes de la violence polici\u00e8re du 1er mai - Formation des sites R\u00e9gionaux du SNETAP-FSU","og_description":"Soutien aux camarades victimes de la violence polici\u00e8re du 1er mai Le SNETAP-FSU des Hauts-de-France apporte son soutien aux camarades d&rsquo;Ile-de-France qui ont eu \u00e0 subir les violences polici\u00e8res lors de la manifestation du 1er mai. Nous avons appris avec stupeur que certains de nos camarades de la FSU Ile-de-France ont \u00e9t\u00e9 bless\u00e9s suite \u00e0 [&hellip;]","og_url":"https:\/\/regions-snetap-fsu.fr\/formation\/2019\/05\/04\/soutien-aux-camarades-victimes-de-la-violence-policiere-du-1er-mai\/","og_site_name":"Formation des sites R\u00e9gionaux du SNETAP-FSU","article_published_time":"2019-05-04T10:00:14+00:00","author":"yoctavien","twitter_card":"summary_large_image","twitter_misc":{"\u00c9crit par":"yoctavien","Dur\u00e9e de lecture estim\u00e9e":"2 minutes"},"schema":{"@context":"https:\/\/schema.org","@graph":[{"@type":"Article","@id":"https:\/\/regions-snetap-fsu.fr\/formation\/2019\/05\/04\/soutien-aux-camarades-victimes-de-la-violence-policiere-du-1er-mai\/#article","isPartOf":{"@id":"https:\/\/regions-snetap-fsu.fr\/formation\/2019\/05\/04\/soutien-aux-camarades-victimes-de-la-violence-policiere-du-1er-mai\/"},"author":{"name":"yoctavien","@id":"https:\/\/regions-snetap-fsu.fr\/formation\/#\/schema\/person\/f5dc7b6354e942ca9c5fa8e9ff7e5c93"},"headline":"Soutien aux camarades victimes de la violence polici\u00e8re du 1er mai","datePublished":"2019-05-04T10:00:14+00:00","mainEntityOfPage":{"@id":"https:\/\/regions-snetap-fsu.fr\/formation\/2019\/05\/04\/soutien-aux-camarades-victimes-de-la-violence-policiere-du-1er-mai\/"},"wordCount":350,"publisher":{"@id":"https:\/\/regions-snetap-fsu.fr\/formation\/#organization"},"articleSection":["Actions - Gr\u00e8ves - Manifs","Communiqu\u00e9s"],"inLanguage":"fr-FR"},{"@type":"WebPage","@id":"https:\/\/regions-snetap-fsu.fr\/formation\/2019\/05\/04\/soutien-aux-camarades-victimes-de-la-violence-policiere-du-1er-mai\/","url":"https:\/\/regions-snetap-fsu.fr\/formation\/2019\/05\/04\/soutien-aux-camarades-victimes-de-la-violence-policiere-du-1er-mai\/","name":"Soutien aux camarades victimes de la violence polici\u00e8re du 1er mai - Formation des sites R\u00e9gionaux du SNETAP-FSU","isPartOf":{"@id":"https:\/\/regions-snetap-fsu.fr\/formation\/#website"},"datePublished":"2019-05-04T10:00:14+00:00","breadcrumb":{"@id":"https:\/\/regions-snetap-fsu.fr\/formation\/2019\/05\/04\/soutien-aux-camarades-victimes-de-la-violence-policiere-du-1er-mai\/#breadcrumb"},"inLanguage":"fr-FR","potentialAction":[{"@type":"ReadAction","target":["https:\/\/regions-snetap-fsu.fr\/formation\/2019\/05\/04\/soutien-aux-camarades-victimes-de-la-violence-policiere-du-1er-mai\/"]}]},{"@type":"BreadcrumbList","@id":"https:\/\/regions-snetap-fsu.fr\/formation\/2019\/05\/04\/soutien-aux-camarades-victimes-de-la-violence-policiere-du-1er-mai\/#breadcrumb","itemListElement":[{"@type":"ListItem","position":1,"name":"Accueil","item":"https:\/\/regions-snetap-fsu.fr\/formation\/"},{"@type":"ListItem","position":2,"name":"Soutien aux camarades victimes de la violence polici\u00e8re du 1er mai"}]},{"@type":"WebSite","@id":"https:\/\/regions-snetap-fsu.fr\/formation\/#website","url":"https:\/\/regions-snetap-fsu.fr\/formation\/","name":"Formation des sites R\u00e9gionaux du SNETAP-FSU","description":"","publisher":{"@id":"https:\/\/regions-snetap-fsu.fr\/formation\/#organization"},"potentialAction":[{"@type":"SearchAction","target":{"@type":"EntryPoint","urlTemplate":"https:\/\/regions-snetap-fsu.fr\/formation\/?s={search_term_string}"},"query-input":{"@type":"PropertyValueSpecification","valueRequired":true,"valueName":"search_term_string"}}],"inLanguage":"fr-FR"},{"@type":"Organization","@id":"https:\/\/regions-snetap-fsu.fr\/formation\/#organization","name":"Formation des sites R\u00e9gionaux du SNETAP-FSU","url":"https:\/\/regions-snetap-fsu.fr\/formation\/","logo":{"@type":"ImageObject","inLanguage":"fr-FR","@id":"https:\/\/regions-snetap-fsu.fr\/formation\/#\/schema\/logo\/image\/","url":"https:\/\/regions-snetap-fsu.fr\/formation\/wp-content\/uploads\/sites\/20\/2025\/04\/cropped-Logo_blanc_fond_transparent_1000x755.png","contentUrl":"https:\/\/regions-snetap-fsu.fr\/formation\/wp-content\/uploads\/sites\/20\/2025\/04\/cropped-Logo_blanc_fond_transparent_1000x755.png","width":998,"height":689,"caption":"Formation des sites R\u00e9gionaux du SNETAP-FSU"},"image":{"@id":"https:\/\/regions-snetap-fsu.fr\/formation\/#\/schema\/logo\/image\/"}},{"@type":"Person","@id":"https:\/\/regions-snetap-fsu.fr\/formation\/#\/schema\/person\/f5dc7b6354e942ca9c5fa8e9ff7e5c93","name":"yoctavien","image":{"@type":"ImageObject","inLanguage":"fr-FR","@id":"https:\/\/secure.gravatar.com\/avatar\/382642c092b6b9da14641d3c478df2f3da4a2d17eea25691c232d4dbf735c292?s=96&d=mm&r=g","url":"https:\/\/secure.gravatar.com\/avatar\/382642c092b6b9da14641d3c478df2f3da4a2d17eea25691c232d4dbf735c292?s=96&d=mm&r=g","contentUrl":"https:\/\/secure.gravatar.com\/avatar\/382642c092b6b9da14641d3c478df2f3da4a2d17eea25691c232d4dbf735c292?s=96&d=mm&r=g","caption":"yoctavien"},"url":"https:\/\/regions-snetap-fsu.fr\/formation\/author\/yoctavien\/"}]}},"_links":{"self":[{"href":"https:\/\/regions-snetap-fsu.fr\/formation\/wp-json\/wp\/v2\/posts\/2269","targetHints":{"allow":["GET"]}}],"collection":[{"href":"https:\/\/regions-snetap-fsu.fr\/formation\/wp-json\/wp\/v2\/posts"}],"about":[{"href":"https:\/\/regions-snetap-fsu.fr\/formation\/wp-json\/wp\/v2\/types\/post"}],"author":[{"embeddable":true,"href":"https:\/\/regions-snetap-fsu.fr\/formation\/wp-json\/wp\/v2\/users\/138"}],"replies":[{"embeddable":true,"href":"https:\/\/regions-snetap-fsu.fr\/formation\/wp-json\/wp\/v2\/comments?post=2269"}],"version-history":[{"count":0,"href":"https:\/\/regions-snetap-fsu.fr\/formation\/wp-json\/wp\/v2\/posts\/2269\/revisions"}],"wp:attachment":[{"href":"https:\/\/regions-snetap-fsu.fr\/formation\/wp-json\/wp\/v2\/media?parent=2269"}],"wp:term":[{"taxonomy":"category","embeddable":true,"href":"https:\/\/regions-snetap-fsu.fr\/formation\/wp-json\/wp\/v2\/categories?post=2269"},{"taxonomy":"post_tag","embeddable":true,"href":"https:\/\/regions-snetap-fsu.fr\/formation\/wp-json\/wp\/v2\/tags?post=2269"},{"taxonomy":"post_folder","embeddable":true,"href":"https:\/\/regions-snetap-fsu.fr\/formation\/wp-json\/wp\/v2\/post_folder?post=2269"}],"curies":[{"name":"wp","href":"https:\/\/api.w.org\/{rel}","templated":true}]}}