{"id":2247,"date":"2019-05-04T11:18:35","date_gmt":"2019-05-04T09:18:35","guid":{"rendered":"https:\/\/regions-snetap-fsu.fr\/hdf\/?p=2247"},"modified":"2019-05-04T11:18:35","modified_gmt":"2019-05-04T09:18:35","slug":"printemps-de-legalite-des-droits-du-8-mai-au-22-juin-2019","status":"publish","type":"post","link":"https:\/\/regions-snetap-fsu.fr\/formation\/2019\/05\/04\/printemps-de-legalite-des-droits-du-8-mai-au-22-juin-2019\/","title":{"rendered":"Printemps de l&rsquo;\u00e9galit\u00e9 des droits du 8 mai au 22 juin 2019"},"content":{"rendered":"<h2 style=\"text-align: center\"><span style=\"color: #ff0000\">Printemps de l&rsquo;\u00e9galit\u00e9 des droits<\/span><\/h2>\n<h2 style=\"text-align: center\"><span style=\"color: #ff0000\">du 8 mai au <span id=\"OBJ_PREFIX_DWT69_com_zimbra_date\" class=\"Object\">22 juin 2019<\/span><\/span><\/h2>\n<h2 style=\"text-align: center\"><span style=\"color: #ff0000\"><span id=\"OBJ_PREFIX_DWT69_com_zimbra_date\" class=\"Object\">dans les Hauts-de-France<br \/>\n<\/span><\/span><\/h2>\n<p style=\"text-align: justify\"><span style=\"color: #0000ff\">Des animations sur les terres de l&rsquo;exil et des migrations entre Calais, Lille, Grande-Synthe, &#8230;<\/span><\/p>\n<p><img fetchpriority=\"high\" decoding=\"async\" class=\"aligncenter wp-image-2246\" src=\"https:\/\/regions-snetap-fsu.fr\/hdf\/wp-content\/uploads\/sites\/5\/2019\/05\/Printemps_egalite_droits_5_519-215x300.png\" alt=\"\" width=\"289\" height=\"403\" \/><\/p>\n<p><strong><span style=\"color: #0000ff\">Les dates de ces animations :<\/span><\/strong><\/p>\n<p style=\"text-align: justify\"><span style=\"color: #0000ff\"><strong><u>8 mai Calais 18h30<\/u><\/strong> : accueil de la marche Vintimille \u2013 Calais et Manifestation des exil\u00e9s \u00e0 partir du rond-point de la route de St Omer jusqu\u2019au port de Calais. Petite restauration pr\u00e9vue.<\/span><\/p>\n<p style=\"text-align: justify\"><span style=\"color: #0000ff\"><strong><u>8 mai 10h, Lille<\/u><\/strong> : Marche du CSP59 de Porte des Postes au cimeti\u00e8re d\u2019Haubourdin pour rendre hommage aux \u00ab tirailleurs \u00bb Africains morts pour lib\u00e9rer la France.<\/span><\/p>\n<p style=\"text-align: justify\"><span style=\"color: #0000ff\"><strong><u>10 au 17 mai Lille<\/u><\/strong>, FUIQP : projet de d\u00e9baptiser une (ou plusieurs) rue qui porte un nom raciste et de la rebaptiser avec une appellation en r\u00e9f\u00e9rence aux r\u00e9fugi\u00e9s.<\/span><\/p>\n<p><span style=\"color: #0000ff\"><strong><u>15 ou 16 mai Valenciennes<\/u><\/strong> organis\u00e9 par ? proposition en cours.<\/span><\/p>\n<p style=\"text-align: justify\"><span style=\"color: #0000ff\"><strong><u>17, 18, 19 mai \u00e0 Saint Sauveur \u2013 Lille<\/u><\/strong> : organis\u00e9 la ligue des droits de l&rsquo;homme. F\u00eate de l&rsquo;environnement \u00e0 Saint Sauveur sur l&rsquo;eldorado en lien avec le Mexique. Autour des questions: l&rsquo;eldorado pour qui ? qu&rsquo;est-ce que c&rsquo;est ? les murs aux USA\/Mexique et les murs en France.<\/span><\/p>\n<p style=\"text-align: justify\"><span style=\"color: #0000ff\"><strong><u>25 Mai STOP\/ DUBLIN : LILLE<\/u><\/strong> place de la R\u00e9publique de 17h \u00e0 22h &#8211; Marche du CSP59 14 h de Porte de Douai au CRA de Lesquin pour revendiquer l\u2019abrogation de l\u2019accord Dublin.<\/span><\/p>\n<p style=\"text-align: justify\"><span style=\"color: #0000ff\"><strong><u>3 juin Hazebrouck<\/u><\/strong>, 20 h00 Projection du film sur Grande-Synthe une ville ou tout se joue, en pr\u00e9sence de la r\u00e9alisatrice.<\/span><\/p>\n<p style=\"text-align: justify\"><span style=\"color: #0000ff\"><strong><u>8 juin dans le B\u00e9thunois :\u00a0<\/u><\/strong> Un tournoi de foot et une seconde activit\u00e9 sportive sont pr\u00e9vues. Un concert et un repas festif le soir (lieux horaires a pr\u00e9ciser).<\/span><\/p>\n<p><span style=\"color: #0000ff\"><strong><u>9 juin \u00e0 Lille : <\/u><\/strong>Festival de la Charni\u00e8re, projection du film Harragas (\u00ab\u00a0les br\u00fbleurs\u00a0\u00bb).<\/span><\/p>\n<p style=\"text-align: justify\"><span style=\"color: #0000ff\"><strong><u>22 juin Lille<\/u><\/strong> : Concert \u00e0 Lille de 14h \u00e0 17h. A partir de 15h : ateliers d&rsquo;histoires critiques avec un atelier sur la parole des migrants.<\/span><\/p>\n<p style=\"text-align: justify\"><span style=\"color: #0000ff\"><strong><u>26 juin Lille<\/u><\/strong> : le Grdr souhaite proposer 2 projection-d\u00e9bat dans le cadre du printemps 2019. L\u2019une \u00e0 Lille (cin\u00e9ma l\u2019univers) le 26 juin en soir\u00e9e.<\/span><\/p>\n","protected":false},"excerpt":{"rendered":"<p>Printemps de l&rsquo;\u00e9galit\u00e9 des droits du 8 mai au 22 juin 2019 dans les Hauts-de-France Des animations sur les terres de l&rsquo;exil et des migrations entre Calais, Lille, Grande-Synthe, &#8230; Les dates de ces animations : 8 mai Calais 18h30 : accueil de la marche Vintimille \u2013 Calais et Manifestation des exil\u00e9s \u00e0 partir du [&hellip;]<\/p>\n","protected":false},"author":138,"featured_media":0,"comment_status":"closed","ping_status":"closed","sticky":false,"template":"","format":"standard","meta":{"ocean_post_layout":"","ocean_both_sidebars_style":"","ocean_both_sidebars_content_width":0,"ocean_both_sidebars_sidebars_width":0,"ocean_sidebar":"","ocean_second_sidebar":"","ocean_disable_margins":"enable","ocean_add_body_class":"","ocean_shortcode_before_top_bar":"","ocean_shortcode_after_top_bar":"","ocean_shortcode_before_header":"","ocean_shortcode_after_header":"","ocean_has_shortcode":"","ocean_shortcode_after_title":"","ocean_shortcode_before_footer_widgets":"","ocean_shortcode_after_footer_widgets":"","ocean_shortcode_before_footer_bottom":"","ocean_shortcode_after_footer_bottom":"","ocean_display_top_bar":"default","ocean_display_header":"default","ocean_header_style":"","ocean_center_header_left_menu":"","ocean_custom_header_template":"","ocean_custom_logo":0,"ocean_custom_retina_logo":0,"ocean_custom_logo_max_width":0,"ocean_custom_logo_tablet_max_width":0,"ocean_custom_logo_mobile_max_width":0,"ocean_custom_logo_max_height":0,"ocean_custom_logo_tablet_max_height":0,"ocean_custom_logo_mobile_max_height":0,"ocean_header_custom_menu":"","ocean_menu_typo_font_family":"","ocean_menu_typo_font_subset":"","ocean_menu_typo_font_size":0,"ocean_menu_typo_font_size_tablet":0,"ocean_menu_typo_font_size_mobile":0,"ocean_menu_typo_font_size_unit":"px","ocean_menu_typo_font_weight":"","ocean_menu_typo_font_weight_tablet":"","ocean_menu_typo_font_weight_mobile":"","ocean_menu_typo_transform":"","ocean_menu_typo_transform_tablet":"","ocean_menu_typo_transform_mobile":"","ocean_menu_typo_line_height":0,"ocean_menu_typo_line_height_tablet":0,"ocean_menu_typo_line_height_mobile":0,"ocean_menu_typo_line_height_unit":"","ocean_menu_typo_spacing":0,"ocean_menu_typo_spacing_tablet":0,"ocean_menu_typo_spacing_mobile":0,"ocean_menu_typo_spacing_unit":"","ocean_menu_link_color":"","ocean_menu_link_color_hover":"","ocean_menu_link_color_active":"","ocean_menu_link_background":"","ocean_menu_link_hover_background":"","ocean_menu_link_active_background":"","ocean_menu_social_links_bg":"","ocean_menu_social_hover_links_bg":"","ocean_menu_social_links_color":"","ocean_menu_social_hover_links_color":"","ocean_disable_title":"default","ocean_disable_heading":"default","ocean_post_title":"","ocean_post_subheading":"","ocean_post_title_style":"","ocean_post_title_background_color":"","ocean_post_title_background":0,"ocean_post_title_bg_image_position":"","ocean_post_title_bg_image_attachment":"","ocean_post_title_bg_image_repeat":"","ocean_post_title_bg_image_size":"","ocean_post_title_height":0,"ocean_post_title_bg_overlay":0.5,"ocean_post_title_bg_overlay_color":"","ocean_disable_breadcrumbs":"default","ocean_breadcrumbs_color":"","ocean_breadcrumbs_separator_color":"","ocean_breadcrumbs_links_color":"","ocean_breadcrumbs_links_hover_color":"","ocean_display_footer_widgets":"default","ocean_display_footer_bottom":"default","ocean_custom_footer_template":"","ocean_post_oembed":"","ocean_post_self_hosted_media":"","ocean_post_video_embed":"","ocean_link_format":"","ocean_link_format_target":"self","ocean_quote_format":"","ocean_quote_format_link":"post","ocean_gallery_link_images":"on","ocean_gallery_id":[],"footnotes":""},"categories":[27],"tags":[],"post_folder":[],"class_list":["post-2247","post","type-post","status-publish","format-standard","hentry","category-pour-information","entry"],"yoast_head":"<!-- This site is optimized with the Yoast SEO plugin v27.4 - https:\/\/yoast.com\/product\/yoast-seo-wordpress\/ -->\n<title>Printemps de l&#039;\u00e9galit\u00e9 des droits du 8 mai au 22 juin 2019 - Formation des sites R\u00e9gionaux du SNETAP-FSU<\/title>\n<meta name=\"robots\" content=\"index, follow, max-snippet:-1, max-image-preview:large, max-video-preview:-1\" \/>\n<link rel=\"canonical\" href=\"https:\/\/regions-snetap-fsu.fr\/formation\/2019\/05\/04\/printemps-de-legalite-des-droits-du-8-mai-au-22-juin-2019\/\" \/>\n<meta property=\"og:locale\" content=\"fr_FR\" \/>\n<meta property=\"og:type\" content=\"article\" \/>\n<meta property=\"og:title\" content=\"Printemps de l&#039;\u00e9galit\u00e9 des droits du 8 mai au 22 juin 2019 - Formation des sites R\u00e9gionaux du SNETAP-FSU\" \/>\n<meta property=\"og:description\" content=\"Printemps de l&rsquo;\u00e9galit\u00e9 des droits du 8 mai au 22 juin 2019 dans les Hauts-de-France Des animations sur les terres de l&rsquo;exil et des migrations entre Calais, Lille, Grande-Synthe, &#8230; Les dates de ces animations : 8 mai Calais 18h30 : accueil de la marche Vintimille \u2013 Calais et Manifestation des exil\u00e9s \u00e0 partir du [&hellip;]\" \/>\n<meta property=\"og:url\" content=\"https:\/\/regions-snetap-fsu.fr\/formation\/2019\/05\/04\/printemps-de-legalite-des-droits-du-8-mai-au-22-juin-2019\/\" \/>\n<meta property=\"og:site_name\" content=\"Formation des sites R\u00e9gionaux du SNETAP-FSU\" \/>\n<meta property=\"article:published_time\" content=\"2019-05-04T09:18:35+00:00\" \/>\n<meta name=\"author\" content=\"yoctavien\" \/>\n<meta name=\"twitter:card\" content=\"summary_large_image\" \/>\n<meta name=\"twitter:label1\" content=\"\u00c9crit par\" \/>\n\t<meta name=\"twitter:data1\" content=\"yoctavien\" \/>\n\t<meta name=\"twitter:label2\" content=\"Dur\u00e9e de lecture estim\u00e9e\" \/>\n\t<meta name=\"twitter:data2\" content=\"2 minutes\" \/>\n<script type=\"application\/ld+json\" class=\"yoast-schema-graph\">{\"@context\":\"https:\\\/\\\/schema.org\",\"@graph\":[{\"@type\":\"Article\",\"@id\":\"https:\\\/\\\/regions-snetap-fsu.fr\\\/formation\\\/2019\\\/05\\\/04\\\/printemps-de-legalite-des-droits-du-8-mai-au-22-juin-2019\\\/#article\",\"isPartOf\":{\"@id\":\"https:\\\/\\\/regions-snetap-fsu.fr\\\/formation\\\/2019\\\/05\\\/04\\\/printemps-de-legalite-des-droits-du-8-mai-au-22-juin-2019\\\/\"},\"author\":{\"name\":\"yoctavien\",\"@id\":\"https:\\\/\\\/regions-snetap-fsu.fr\\\/formation\\\/#\\\/schema\\\/person\\\/f5dc7b6354e942ca9c5fa8e9ff7e5c93\"},\"headline\":\"Printemps de l&rsquo;\u00e9galit\u00e9 des droits du 8 mai au 22 juin 2019\",\"datePublished\":\"2019-05-04T09:18:35+00:00\",\"mainEntityOfPage\":{\"@id\":\"https:\\\/\\\/regions-snetap-fsu.fr\\\/formation\\\/2019\\\/05\\\/04\\\/printemps-de-legalite-des-droits-du-8-mai-au-22-juin-2019\\\/\"},\"wordCount\":337,\"publisher\":{\"@id\":\"https:\\\/\\\/regions-snetap-fsu.fr\\\/formation\\\/#organization\"},\"image\":{\"@id\":\"https:\\\/\\\/regions-snetap-fsu.fr\\\/formation\\\/2019\\\/05\\\/04\\\/printemps-de-legalite-des-droits-du-8-mai-au-22-juin-2019\\\/#primaryimage\"},\"thumbnailUrl\":\"https:\\\/\\\/regions-snetap-fsu.fr\\\/hdf\\\/wp-content\\\/uploads\\\/sites\\\/5\\\/2019\\\/05\\\/Printemps_egalite_droits_5_519-215x300.png\",\"articleSection\":[\"Pour information\"],\"inLanguage\":\"fr-FR\"},{\"@type\":\"WebPage\",\"@id\":\"https:\\\/\\\/regions-snetap-fsu.fr\\\/formation\\\/2019\\\/05\\\/04\\\/printemps-de-legalite-des-droits-du-8-mai-au-22-juin-2019\\\/\",\"url\":\"https:\\\/\\\/regions-snetap-fsu.fr\\\/formation\\\/2019\\\/05\\\/04\\\/printemps-de-legalite-des-droits-du-8-mai-au-22-juin-2019\\\/\",\"name\":\"Printemps de l'\u00e9galit\u00e9 des droits du 8 mai au 22 juin 2019 - Formation des sites R\u00e9gionaux du SNETAP-FSU\",\"isPartOf\":{\"@id\":\"https:\\\/\\\/regions-snetap-fsu.fr\\\/formation\\\/#website\"},\"primaryImageOfPage\":{\"@id\":\"https:\\\/\\\/regions-snetap-fsu.fr\\\/formation\\\/2019\\\/05\\\/04\\\/printemps-de-legalite-des-droits-du-8-mai-au-22-juin-2019\\\/#primaryimage\"},\"image\":{\"@id\":\"https:\\\/\\\/regions-snetap-fsu.fr\\\/formation\\\/2019\\\/05\\\/04\\\/printemps-de-legalite-des-droits-du-8-mai-au-22-juin-2019\\\/#primaryimage\"},\"thumbnailUrl\":\"https:\\\/\\\/regions-snetap-fsu.fr\\\/hdf\\\/wp-content\\\/uploads\\\/sites\\\/5\\\/2019\\\/05\\\/Printemps_egalite_droits_5_519-215x300.png\",\"datePublished\":\"2019-05-04T09:18:35+00:00\",\"breadcrumb\":{\"@id\":\"https:\\\/\\\/regions-snetap-fsu.fr\\\/formation\\\/2019\\\/05\\\/04\\\/printemps-de-legalite-des-droits-du-8-mai-au-22-juin-2019\\\/#breadcrumb\"},\"inLanguage\":\"fr-FR\",\"potentialAction\":[{\"@type\":\"ReadAction\",\"target\":[\"https:\\\/\\\/regions-snetap-fsu.fr\\\/formation\\\/2019\\\/05\\\/04\\\/printemps-de-legalite-des-droits-du-8-mai-au-22-juin-2019\\\/\"]}]},{\"@type\":\"ImageObject\",\"inLanguage\":\"fr-FR\",\"@id\":\"https:\\\/\\\/regions-snetap-fsu.fr\\\/formation\\\/2019\\\/05\\\/04\\\/printemps-de-legalite-des-droits-du-8-mai-au-22-juin-2019\\\/#primaryimage\",\"url\":\"https:\\\/\\\/regions-snetap-fsu.fr\\\/hdf\\\/wp-content\\\/uploads\\\/sites\\\/5\\\/2019\\\/05\\\/Printemps_egalite_droits_5_519-215x300.png\",\"contentUrl\":\"https:\\\/\\\/regions-snetap-fsu.fr\\\/hdf\\\/wp-content\\\/uploads\\\/sites\\\/5\\\/2019\\\/05\\\/Printemps_egalite_droits_5_519-215x300.png\"},{\"@type\":\"BreadcrumbList\",\"@id\":\"https:\\\/\\\/regions-snetap-fsu.fr\\\/formation\\\/2019\\\/05\\\/04\\\/printemps-de-legalite-des-droits-du-8-mai-au-22-juin-2019\\\/#breadcrumb\",\"itemListElement\":[{\"@type\":\"ListItem\",\"position\":1,\"name\":\"Accueil\",\"item\":\"https:\\\/\\\/regions-snetap-fsu.fr\\\/formation\\\/\"},{\"@type\":\"ListItem\",\"position\":2,\"name\":\"Printemps de l&rsquo;\u00e9galit\u00e9 des droits du 8 mai au 22 juin 2019\"}]},{\"@type\":\"WebSite\",\"@id\":\"https:\\\/\\\/regions-snetap-fsu.fr\\\/formation\\\/#website\",\"url\":\"https:\\\/\\\/regions-snetap-fsu.fr\\\/formation\\\/\",\"name\":\"Formation des sites R\u00e9gionaux du SNETAP-FSU\",\"description\":\"\",\"publisher\":{\"@id\":\"https:\\\/\\\/regions-snetap-fsu.fr\\\/formation\\\/#organization\"},\"potentialAction\":[{\"@type\":\"SearchAction\",\"target\":{\"@type\":\"EntryPoint\",\"urlTemplate\":\"https:\\\/\\\/regions-snetap-fsu.fr\\\/formation\\\/?s={search_term_string}\"},\"query-input\":{\"@type\":\"PropertyValueSpecification\",\"valueRequired\":true,\"valueName\":\"search_term_string\"}}],\"inLanguage\":\"fr-FR\"},{\"@type\":\"Organization\",\"@id\":\"https:\\\/\\\/regions-snetap-fsu.fr\\\/formation\\\/#organization\",\"name\":\"Formation des sites R\u00e9gionaux du SNETAP-FSU\",\"url\":\"https:\\\/\\\/regions-snetap-fsu.fr\\\/formation\\\/\",\"logo\":{\"@type\":\"ImageObject\",\"inLanguage\":\"fr-FR\",\"@id\":\"https:\\\/\\\/regions-snetap-fsu.fr\\\/formation\\\/#\\\/schema\\\/logo\\\/image\\\/\",\"url\":\"https:\\\/\\\/regions-snetap-fsu.fr\\\/formation\\\/wp-content\\\/uploads\\\/sites\\\/20\\\/2025\\\/04\\\/cropped-Logo_blanc_fond_transparent_1000x755.png\",\"contentUrl\":\"https:\\\/\\\/regions-snetap-fsu.fr\\\/formation\\\/wp-content\\\/uploads\\\/sites\\\/20\\\/2025\\\/04\\\/cropped-Logo_blanc_fond_transparent_1000x755.png\",\"width\":998,\"height\":689,\"caption\":\"Formation des sites R\u00e9gionaux du SNETAP-FSU\"},\"image\":{\"@id\":\"https:\\\/\\\/regions-snetap-fsu.fr\\\/formation\\\/#\\\/schema\\\/logo\\\/image\\\/\"}},{\"@type\":\"Person\",\"@id\":\"https:\\\/\\\/regions-snetap-fsu.fr\\\/formation\\\/#\\\/schema\\\/person\\\/f5dc7b6354e942ca9c5fa8e9ff7e5c93\",\"name\":\"yoctavien\",\"image\":{\"@type\":\"ImageObject\",\"inLanguage\":\"fr-FR\",\"@id\":\"https:\\\/\\\/secure.gravatar.com\\\/avatar\\\/382642c092b6b9da14641d3c478df2f3da4a2d17eea25691c232d4dbf735c292?s=96&d=mm&r=g\",\"url\":\"https:\\\/\\\/secure.gravatar.com\\\/avatar\\\/382642c092b6b9da14641d3c478df2f3da4a2d17eea25691c232d4dbf735c292?s=96&d=mm&r=g\",\"contentUrl\":\"https:\\\/\\\/secure.gravatar.com\\\/avatar\\\/382642c092b6b9da14641d3c478df2f3da4a2d17eea25691c232d4dbf735c292?s=96&d=mm&r=g\",\"caption\":\"yoctavien\"},\"url\":\"https:\\\/\\\/regions-snetap-fsu.fr\\\/formation\\\/author\\\/yoctavien\\\/\"}]}<\/script>\n<!-- \/ Yoast SEO plugin. -->","yoast_head_json":{"title":"Printemps de l'\u00e9galit\u00e9 des droits du 8 mai au 22 juin 2019 - Formation des sites R\u00e9gionaux du SNETAP-FSU","robots":{"index":"index","follow":"follow","max-snippet":"max-snippet:-1","max-image-preview":"max-image-preview:large","max-video-preview":"max-video-preview:-1"},"canonical":"https:\/\/regions-snetap-fsu.fr\/formation\/2019\/05\/04\/printemps-de-legalite-des-droits-du-8-mai-au-22-juin-2019\/","og_locale":"fr_FR","og_type":"article","og_title":"Printemps de l'\u00e9galit\u00e9 des droits du 8 mai au 22 juin 2019 - Formation des sites R\u00e9gionaux du SNETAP-FSU","og_description":"Printemps de l&rsquo;\u00e9galit\u00e9 des droits du 8 mai au 22 juin 2019 dans les Hauts-de-France Des animations sur les terres de l&rsquo;exil et des migrations entre Calais, Lille, Grande-Synthe, &#8230; Les dates de ces animations : 8 mai Calais 18h30 : accueil de la marche Vintimille \u2013 Calais et Manifestation des exil\u00e9s \u00e0 partir du [&hellip;]","og_url":"https:\/\/regions-snetap-fsu.fr\/formation\/2019\/05\/04\/printemps-de-legalite-des-droits-du-8-mai-au-22-juin-2019\/","og_site_name":"Formation des sites R\u00e9gionaux du SNETAP-FSU","article_published_time":"2019-05-04T09:18:35+00:00","author":"yoctavien","twitter_card":"summary_large_image","twitter_misc":{"\u00c9crit par":"yoctavien","Dur\u00e9e de lecture estim\u00e9e":"2 minutes"},"schema":{"@context":"https:\/\/schema.org","@graph":[{"@type":"Article","@id":"https:\/\/regions-snetap-fsu.fr\/formation\/2019\/05\/04\/printemps-de-legalite-des-droits-du-8-mai-au-22-juin-2019\/#article","isPartOf":{"@id":"https:\/\/regions-snetap-fsu.fr\/formation\/2019\/05\/04\/printemps-de-legalite-des-droits-du-8-mai-au-22-juin-2019\/"},"author":{"name":"yoctavien","@id":"https:\/\/regions-snetap-fsu.fr\/formation\/#\/schema\/person\/f5dc7b6354e942ca9c5fa8e9ff7e5c93"},"headline":"Printemps de l&rsquo;\u00e9galit\u00e9 des droits du 8 mai au 22 juin 2019","datePublished":"2019-05-04T09:18:35+00:00","mainEntityOfPage":{"@id":"https:\/\/regions-snetap-fsu.fr\/formation\/2019\/05\/04\/printemps-de-legalite-des-droits-du-8-mai-au-22-juin-2019\/"},"wordCount":337,"publisher":{"@id":"https:\/\/regions-snetap-fsu.fr\/formation\/#organization"},"image":{"@id":"https:\/\/regions-snetap-fsu.fr\/formation\/2019\/05\/04\/printemps-de-legalite-des-droits-du-8-mai-au-22-juin-2019\/#primaryimage"},"thumbnailUrl":"https:\/\/regions-snetap-fsu.fr\/hdf\/wp-content\/uploads\/sites\/5\/2019\/05\/Printemps_egalite_droits_5_519-215x300.png","articleSection":["Pour information"],"inLanguage":"fr-FR"},{"@type":"WebPage","@id":"https:\/\/regions-snetap-fsu.fr\/formation\/2019\/05\/04\/printemps-de-legalite-des-droits-du-8-mai-au-22-juin-2019\/","url":"https:\/\/regions-snetap-fsu.fr\/formation\/2019\/05\/04\/printemps-de-legalite-des-droits-du-8-mai-au-22-juin-2019\/","name":"Printemps de l'\u00e9galit\u00e9 des droits du 8 mai au 22 juin 2019 - Formation des sites R\u00e9gionaux du SNETAP-FSU","isPartOf":{"@id":"https:\/\/regions-snetap-fsu.fr\/formation\/#website"},"primaryImageOfPage":{"@id":"https:\/\/regions-snetap-fsu.fr\/formation\/2019\/05\/04\/printemps-de-legalite-des-droits-du-8-mai-au-22-juin-2019\/#primaryimage"},"image":{"@id":"https:\/\/regions-snetap-fsu.fr\/formation\/2019\/05\/04\/printemps-de-legalite-des-droits-du-8-mai-au-22-juin-2019\/#primaryimage"},"thumbnailUrl":"https:\/\/regions-snetap-fsu.fr\/hdf\/wp-content\/uploads\/sites\/5\/2019\/05\/Printemps_egalite_droits_5_519-215x300.png","datePublished":"2019-05-04T09:18:35+00:00","breadcrumb":{"@id":"https:\/\/regions-snetap-fsu.fr\/formation\/2019\/05\/04\/printemps-de-legalite-des-droits-du-8-mai-au-22-juin-2019\/#breadcrumb"},"inLanguage":"fr-FR","potentialAction":[{"@type":"ReadAction","target":["https:\/\/regions-snetap-fsu.fr\/formation\/2019\/05\/04\/printemps-de-legalite-des-droits-du-8-mai-au-22-juin-2019\/"]}]},{"@type":"ImageObject","inLanguage":"fr-FR","@id":"https:\/\/regions-snetap-fsu.fr\/formation\/2019\/05\/04\/printemps-de-legalite-des-droits-du-8-mai-au-22-juin-2019\/#primaryimage","url":"https:\/\/regions-snetap-fsu.fr\/hdf\/wp-content\/uploads\/sites\/5\/2019\/05\/Printemps_egalite_droits_5_519-215x300.png","contentUrl":"https:\/\/regions-snetap-fsu.fr\/hdf\/wp-content\/uploads\/sites\/5\/2019\/05\/Printemps_egalite_droits_5_519-215x300.png"},{"@type":"BreadcrumbList","@id":"https:\/\/regions-snetap-fsu.fr\/formation\/2019\/05\/04\/printemps-de-legalite-des-droits-du-8-mai-au-22-juin-2019\/#breadcrumb","itemListElement":[{"@type":"ListItem","position":1,"name":"Accueil","item":"https:\/\/regions-snetap-fsu.fr\/formation\/"},{"@type":"ListItem","position":2,"name":"Printemps de l&rsquo;\u00e9galit\u00e9 des droits du 8 mai au 22 juin 2019"}]},{"@type":"WebSite","@id":"https:\/\/regions-snetap-fsu.fr\/formation\/#website","url":"https:\/\/regions-snetap-fsu.fr\/formation\/","name":"Formation des sites R\u00e9gionaux du SNETAP-FSU","description":"","publisher":{"@id":"https:\/\/regions-snetap-fsu.fr\/formation\/#organization"},"potentialAction":[{"@type":"SearchAction","target":{"@type":"EntryPoint","urlTemplate":"https:\/\/regions-snetap-fsu.fr\/formation\/?s={search_term_string}"},"query-input":{"@type":"PropertyValueSpecification","valueRequired":true,"valueName":"search_term_string"}}],"inLanguage":"fr-FR"},{"@type":"Organization","@id":"https:\/\/regions-snetap-fsu.fr\/formation\/#organization","name":"Formation des sites R\u00e9gionaux du SNETAP-FSU","url":"https:\/\/regions-snetap-fsu.fr\/formation\/","logo":{"@type":"ImageObject","inLanguage":"fr-FR","@id":"https:\/\/regions-snetap-fsu.fr\/formation\/#\/schema\/logo\/image\/","url":"https:\/\/regions-snetap-fsu.fr\/formation\/wp-content\/uploads\/sites\/20\/2025\/04\/cropped-Logo_blanc_fond_transparent_1000x755.png","contentUrl":"https:\/\/regions-snetap-fsu.fr\/formation\/wp-content\/uploads\/sites\/20\/2025\/04\/cropped-Logo_blanc_fond_transparent_1000x755.png","width":998,"height":689,"caption":"Formation des sites R\u00e9gionaux du SNETAP-FSU"},"image":{"@id":"https:\/\/regions-snetap-fsu.fr\/formation\/#\/schema\/logo\/image\/"}},{"@type":"Person","@id":"https:\/\/regions-snetap-fsu.fr\/formation\/#\/schema\/person\/f5dc7b6354e942ca9c5fa8e9ff7e5c93","name":"yoctavien","image":{"@type":"ImageObject","inLanguage":"fr-FR","@id":"https:\/\/secure.gravatar.com\/avatar\/382642c092b6b9da14641d3c478df2f3da4a2d17eea25691c232d4dbf735c292?s=96&d=mm&r=g","url":"https:\/\/secure.gravatar.com\/avatar\/382642c092b6b9da14641d3c478df2f3da4a2d17eea25691c232d4dbf735c292?s=96&d=mm&r=g","contentUrl":"https:\/\/secure.gravatar.com\/avatar\/382642c092b6b9da14641d3c478df2f3da4a2d17eea25691c232d4dbf735c292?s=96&d=mm&r=g","caption":"yoctavien"},"url":"https:\/\/regions-snetap-fsu.fr\/formation\/author\/yoctavien\/"}]}},"_links":{"self":[{"href":"https:\/\/regions-snetap-fsu.fr\/formation\/wp-json\/wp\/v2\/posts\/2247","targetHints":{"allow":["GET"]}}],"collection":[{"href":"https:\/\/regions-snetap-fsu.fr\/formation\/wp-json\/wp\/v2\/posts"}],"about":[{"href":"https:\/\/regions-snetap-fsu.fr\/formation\/wp-json\/wp\/v2\/types\/post"}],"author":[{"embeddable":true,"href":"https:\/\/regions-snetap-fsu.fr\/formation\/wp-json\/wp\/v2\/users\/138"}],"replies":[{"embeddable":true,"href":"https:\/\/regions-snetap-fsu.fr\/formation\/wp-json\/wp\/v2\/comments?post=2247"}],"version-history":[{"count":0,"href":"https:\/\/regions-snetap-fsu.fr\/formation\/wp-json\/wp\/v2\/posts\/2247\/revisions"}],"wp:attachment":[{"href":"https:\/\/regions-snetap-fsu.fr\/formation\/wp-json\/wp\/v2\/media?parent=2247"}],"wp:term":[{"taxonomy":"category","embeddable":true,"href":"https:\/\/regions-snetap-fsu.fr\/formation\/wp-json\/wp\/v2\/categories?post=2247"},{"taxonomy":"post_tag","embeddable":true,"href":"https:\/\/regions-snetap-fsu.fr\/formation\/wp-json\/wp\/v2\/tags?post=2247"},{"taxonomy":"post_folder","embeddable":true,"href":"https:\/\/regions-snetap-fsu.fr\/formation\/wp-json\/wp\/v2\/post_folder?post=2247"}],"curies":[{"name":"wp","href":"https:\/\/api.w.org\/{rel}","templated":true}]}}