{"id":2148,"date":"2019-05-04T12:41:54","date_gmt":"2019-05-04T10:41:54","guid":{"rendered":"https:\/\/regions-snetap-fsu.fr\/hdf\/?p=2148"},"modified":"2019-05-04T12:41:54","modified_gmt":"2019-05-04T10:41:54","slug":"la-resistance-se-prepare-dans-les-hauts-de-france","status":"publish","type":"post","link":"https:\/\/regions-snetap-fsu.fr\/formation\/2019\/05\/04\/la-resistance-se-prepare-dans-les-hauts-de-france\/","title":{"rendered":"La r\u00e9sistance se pr\u00e9pare dans les Hauts-de-France"},"content":{"rendered":"<h2 style=\"text-align: center\"><span style=\"color: #ff0000\">Le SNETAP-FSU des Hauts-de-France pr\u00e9pare sa r\u00e9sistance !<\/span><\/h2>\n<p style=\"text-align: justify\"><span style=\"color: #0000ff\">Face \u00e0 la <span style=\"text-decoration: underline\"><span style=\"color: #000000;text-decoration: underline\"><a style=\"color: #000000;text-decoration: underline\" href=\"https:\/\/www.snetap-fsu.fr\/La-FSU-s-oppose-a-la-destruction-de-la-Fonction-publique.html\" target=\"_blank\" rel=\"noopener noreferrer\">loi de transformation de la fonction de la fonction publique<\/a><\/span><\/span>, aux contre-r\u00e9formes du lyc\u00e9e, de l\u2019apprentissage qui fragilisent nos \u00e9tablissements sous couvert d\u2019ouvrir les choix des jeunes et aux coupes sombres lanc\u00e9es par la DRAAF-SRFD des Hauts-de-France \u00e0 notre enseignement agricole public, un plan d&rsquo;action et plusieurs mobilisations sont pr\u00e9vus dans notre r\u00e9gion des Hauts-de-France.<\/span><\/p>\n<p style=\"text-align: justify\"><span style=\"color: #0000ff\">Pour le rappel du contexte et le plan d&rsquo;action \u00e0 mettre en place dans les diff\u00e9rentes sections, consultez le lien ci-dessous :<\/span><\/p>\n<p><span style=\"text-decoration: underline\"><span style=\"color: #000000\"><a style=\"color: #000000;text-decoration: underline\" href=\"https:\/\/www.snetap-fsu.fr\/Plan-d-Action-EAP-conditions-de-rentree-2019-5891.html\" target=\"_blank\" rel=\"noopener noreferrer\">Lien : SNETAP-FSU &#8211; Plan d\u2019Action EAP conditions de rentr\u00e9e 2019<\/a><\/span><\/span><\/p>\n<p style=\"text-align: justify\"><strong><span style=\"color: #0000ff\">Pour ce mois de mai, diff\u00e9rents temps forts seront mis en place. Dont le 21 mai, qui sera sp\u00e9cifique pour l&rsquo;enseignement agricole public des Hauts-de-France.<br \/>\n<\/span><\/strong><\/p>\n<p><strong><span style=\"color: #0000ff\">Mobilisez-vous en nombre !<\/span><\/strong><\/p>\n<h3 style=\"text-align: center\"><strong><span style=\"color: #ff0000\">1er mai<br \/>\n<\/span><\/strong><\/h3>\n<p style=\"text-align: justify\"><span style=\"color: #ff0000\"><strong>C&rsquo;est la journ\u00e9e d\u2019action et de mobilisation internationale pour les droits des travailleur\u00b7ses, le progr\u00e8s social, la paix et la solidarit\u00e9.<\/strong><\/span><\/p>\n<p style=\"text-align: justify\"><span style=\"color: #0000ff\">Cette f\u00eate internationale telle qu&rsquo;elle est c\u00e9l\u00e9br\u00e9e de nos jours tire son origine des combats du mouvement ouvrier pour obtenir la <a style=\"color: #0000ff\" title=\"Journ\u00e9e de huit heures\" href=\"https:\/\/fr.wikipedia.org\/wiki\/Journ%C3%A9e_de_huit_heures\"><span style=\"color: #000000\"><span style=\"text-decoration: underline\">journ\u00e9e de huit heures<\/span><\/span><\/a>, \u00e0 la fin du XIXe si\u00e8cle. Dans notre r\u00e9gion, le 1er mai 1891, \u00e0 Fourmies (Nord) la manifestation pacifique pour r\u00e9clamer les huit heures tourne au drame : la police tire sur les ouvrier\u00b7es et fait neuf morts et trente cinq bless\u00e9\u00b7es (voir la <a style=\"color: #0000ff\" title=\"Fusillade de Fourmies\" href=\"https:\/\/fr.wikipedia.org\/wiki\/Fusillade_de_Fourmies\"><span style=\"color: #000000\"><span style=\"text-decoration: underline\">Fusillade de Fourmies<\/span><\/span><\/a> et <a style=\"color: #0000ff\" title=\"Affaire de Clichy\" href=\"https:\/\/fr.wikipedia.org\/wiki\/Affaire_de_Clichy\"><span style=\"color: #000000\"><span style=\"text-decoration: underline\">affaire de Clichy<\/span><\/span><\/a>). Avec ce nouveau drame, le 1er mai s\u2019enracine dans la tradition de lutte des ouvrier\u00b7es europ\u00e9en\u00b7nes.<\/span><\/p>\n<p style=\"text-align: justify\"><strong><span style=\"color: #0000ff\">Aujourd&rsquo;hui, dans la continuit\u00e9 des nombreuses luttes men\u00e9es, il s\u2019agit de poursuivre et d\u2019amplifier les batailles pour que les urgences sociales et climatiques soient enfin prises en compte par le gouvernement et le patronat. Et d&#8217;emp\u00eacher toutes destructions des mesures sociales que nos ancien\u00b7nes ont acquises, parfois m\u00eame au prix de leur sang.<\/span><\/strong><\/p>\n<p style=\"text-align: justify\"><span style=\"color: #0000ff\">Pour participer aux diff\u00e9rentes mobilisations dans notre r\u00e9gion, cliquez sur le lien ci-dessous :<\/span><\/p>\n<p><a href=\"https:\/\/regions-snetap-fsu.fr\/hdf\/2019\/04\/27\/mobilisations-1er-mai-2019-en-hauts-de-france\/\" target=\"_blank\" rel=\"noopener noreferrer\"><span style=\"text-decoration: underline\"><span style=\"color: #000000;text-decoration: underline\">Lien : SNETAP-FSU HdF &#8211; Mobilisations 1er mai 2019 en Hauts-de-France<\/span><\/span><\/a><\/p>\n<h3 style=\"text-align: center\"><span style=\"color: #ff0000\"><strong>9 mai<\/strong><\/span><\/h3>\n<p style=\"text-align: justify\"><span style=\"color: #ff0000\"><strong>Gr\u00e8ve et manifestations pour la d\u00e9fense des services publics et de la fonction publique.<\/strong><\/span><\/p>\n<p style=\"text-align: justify\"><span style=\"color: #0000ff\">Le projet de loi dit de transformation de la fonction publique qui vient d\u2019\u00eatre pr\u00e9sent\u00e9 au Conseil des Ministres va faciliter, par la g\u00e9n\u00e9ralisation du recours au contrat, parfois sur des contrats de mission, les restructurations, les suppressions, externalisations ou privatisation des missions de service public.<\/span><\/p>\n<p><img decoding=\"async\" class=\"wp-image-1914 alignleft\" src=\"https:\/\/regions-snetap-fsu.fr\/hdf\/wp-content\/uploads\/sites\/5\/2019\/03\/fsu-campagne-loi_trans_fp-v3-8-300x273.jpg\" alt=\"\" width=\"212\" height=\"193\" \/><img decoding=\"async\" class=\"aligncenter wp-image-1913\" src=\"https:\/\/regions-snetap-fsu.fr\/hdf\/wp-content\/uploads\/sites\/5\/2019\/03\/fsu-campagne-loi_trans_fp-v3-7-300x268.jpg\" alt=\"\" width=\"221\" height=\"197\" \/><\/p>\n<p style=\"text-align: justify\"><span style=\"color: #0000ff\">Pour davantage de pr\u00e9cisions sur les dangers de cette loi, consultez l&rsquo;article \u00ab\u00a0Disparition du statut de fonctionnaire, pourquoi cette crainte ?\u00a0\u00bb en cliquant sur le lien ci-dessous :<\/span><\/p>\n<p><a href=\"https:\/\/regions-snetap-fsu.fr\/hdf\/2019\/03\/20\/disparition-du-statut-de-fonctionnaire\/\" target=\"_blank\" rel=\"noopener noreferrer\"><span style=\"text-decoration: underline\"><span style=\"color: #000000;text-decoration: underline\">Lien : SNETAP-FSU HdF &#8211; Disparition du statut de fonctionnaire<\/span><\/span><\/a><\/p>\n<p style=\"text-align: justify\"><span style=\"color: #0000ff\">Pour consulter l&rsquo;appel de la FSU, cliquez sur le lien ci-contre :<\/span> <span style=\"text-decoration: underline\"><span style=\"color: #000000\"><a style=\"color: #000000;text-decoration: underline\" href=\"http:\/\/fsu.fr\/Fonction-publique-Greve-unitaire-et-manifestations-le-9-mai-prochain.html\" target=\"_blank\" rel=\"noopener noreferrer\">Lien : FSU &#8211; Fonction publique : Gr\u00e8ve unitaire et manifestations le 9 mai prochain<\/a><\/span><\/span><\/p>\n<p style=\"text-align: justify\"><span style=\"color: #0000ff\">Les diff\u00e9rentes actions du 9 mai dans notre r\u00e9gion des Hauts-de-France, vous serons communiqu\u00e9es prochainement.<\/span><\/p>\n<p style=\"text-align: justify\"><span style=\"color: #0000ff\">Vous pouvez distribuer le tract unitaire aux usagers, en cliquant sur le lien suivant :<\/span> <span style=\"text-decoration: underline\"><span style=\"color: #000000\"><a style=\"color: #000000;text-decoration: underline\" href=\"http:\/\/fsu.fr\/IMG\/pdf\/tract_fp_unitiare_9_mai_usager-e-s.pdf\" target=\"_blank\" rel=\"noopener noreferrer\">Lien : FSU &#8211; Tract unitaire pour les usagers<\/a><\/span><\/span><\/p>\n<h3 style=\"text-align: center\"><span style=\"color: #ff0000\"><strong>21 mai<\/strong><\/span><\/h3>\n<p style=\"text-align: justify\"><span style=\"color: #ff0000\"><strong>Marche pour la d\u00e9fense de l&rsquo;enseignement agricole public des Hauts-de-France.<\/strong><\/span><\/p>\n<p style=\"text-align: justify\"><span style=\"color: #0000ff\">Suite \u00e0 la baisse de moyens pour les \u00e9tablissements des Hauts-de-France<\/span> ( <a href=\"https:\/\/regions-snetap-fsu.fr\/hdf\/2019\/04\/11\/coupes-sombres-dans-lenseignement-agricole-public-des-hauts-de-france-des-la-rentree-prochaine\/\" target=\"_blank\" rel=\"noopener noreferrer\"><span style=\"text-decoration: underline\"><span style=\"color: #000000;text-decoration: underline\">Lien : SNETAP-FSU &#8211; Coupes sombres dans l\u2019enseignement agricole public des Hauts-de-France d\u00e8s la rentr\u00e9e prochaine<\/span><\/span><\/a> ) <span style=\"color: #0000ff\">nous organiserons un rassemblement devant la DRAAF-SRFD d&rsquo;Amiens.<\/span><\/p>\n<p style=\"text-align: justify\"><span style=\"color: #0000ff\">Les pr\u00e9cisions de ce rassemblement avec un barbecue devant la DRAAF vous seront communiqu\u00e9es prochainement.<\/span><\/p>\n<p><img decoding=\"async\" class=\"aligncenter size-medium wp-image-2195\" src=\"https:\/\/regions-snetap-fsu.fr\/hdf\/wp-content\/uploads\/sites\/5\/2019\/04\/Barbecue_party_DRAAF_29_419-161x300.jpg\" alt=\"\" width=\"161\" height=\"300\" \/><\/p>\n","protected":false},"excerpt":{"rendered":"<p>Le SNETAP-FSU des Hauts-de-France pr\u00e9pare sa r\u00e9sistance ! Face \u00e0 la loi de transformation de la fonction de la fonction publique, aux contre-r\u00e9formes du lyc\u00e9e, de l\u2019apprentissage qui fragilisent nos \u00e9tablissements sous couvert d\u2019ouvrir les choix des jeunes et aux coupes sombres lanc\u00e9es par la DRAAF-SRFD des Hauts-de-France \u00e0 notre enseignement agricole public, un plan [&hellip;]<\/p>\n","protected":false},"author":138,"featured_media":0,"comment_status":"closed","ping_status":"closed","sticky":false,"template":"","format":"standard","meta":{"ocean_post_layout":"","ocean_both_sidebars_style":"","ocean_both_sidebars_content_width":0,"ocean_both_sidebars_sidebars_width":0,"ocean_sidebar":"","ocean_second_sidebar":"","ocean_disable_margins":"enable","ocean_add_body_class":"","ocean_shortcode_before_top_bar":"","ocean_shortcode_after_top_bar":"","ocean_shortcode_before_header":"","ocean_shortcode_after_header":"","ocean_has_shortcode":"","ocean_shortcode_after_title":"","ocean_shortcode_before_footer_widgets":"","ocean_shortcode_after_footer_widgets":"","ocean_shortcode_before_footer_bottom":"","ocean_shortcode_after_footer_bottom":"","ocean_display_top_bar":"default","ocean_display_header":"default","ocean_header_style":"","ocean_center_header_left_menu":"","ocean_custom_header_template":"","ocean_custom_logo":0,"ocean_custom_retina_logo":0,"ocean_custom_logo_max_width":0,"ocean_custom_logo_tablet_max_width":0,"ocean_custom_logo_mobile_max_width":0,"ocean_custom_logo_max_height":0,"ocean_custom_logo_tablet_max_height":0,"ocean_custom_logo_mobile_max_height":0,"ocean_header_custom_menu":"","ocean_menu_typo_font_family":"","ocean_menu_typo_font_subset":"","ocean_menu_typo_font_size":0,"ocean_menu_typo_font_size_tablet":0,"ocean_menu_typo_font_size_mobile":0,"ocean_menu_typo_font_size_unit":"px","ocean_menu_typo_font_weight":"","ocean_menu_typo_font_weight_tablet":"","ocean_menu_typo_font_weight_mobile":"","ocean_menu_typo_transform":"","ocean_menu_typo_transform_tablet":"","ocean_menu_typo_transform_mobile":"","ocean_menu_typo_line_height":0,"ocean_menu_typo_line_height_tablet":0,"ocean_menu_typo_line_height_mobile":0,"ocean_menu_typo_line_height_unit":"","ocean_menu_typo_spacing":0,"ocean_menu_typo_spacing_tablet":0,"ocean_menu_typo_spacing_mobile":0,"ocean_menu_typo_spacing_unit":"","ocean_menu_link_color":"","ocean_menu_link_color_hover":"","ocean_menu_link_color_active":"","ocean_menu_link_background":"","ocean_menu_link_hover_background":"","ocean_menu_link_active_background":"","ocean_menu_social_links_bg":"","ocean_menu_social_hover_links_bg":"","ocean_menu_social_links_color":"","ocean_menu_social_hover_links_color":"","ocean_disable_title":"default","ocean_disable_heading":"default","ocean_post_title":"","ocean_post_subheading":"","ocean_post_title_style":"","ocean_post_title_background_color":"","ocean_post_title_background":0,"ocean_post_title_bg_image_position":"","ocean_post_title_bg_image_attachment":"","ocean_post_title_bg_image_repeat":"","ocean_post_title_bg_image_size":"","ocean_post_title_height":0,"ocean_post_title_bg_overlay":0.5,"ocean_post_title_bg_overlay_color":"","ocean_disable_breadcrumbs":"default","ocean_breadcrumbs_color":"","ocean_breadcrumbs_separator_color":"","ocean_breadcrumbs_links_color":"","ocean_breadcrumbs_links_hover_color":"","ocean_display_footer_widgets":"default","ocean_display_footer_bottom":"default","ocean_custom_footer_template":"","ocean_post_oembed":"","ocean_post_self_hosted_media":"","ocean_post_video_embed":"","ocean_link_format":"","ocean_link_format_target":"self","ocean_quote_format":"","ocean_quote_format_link":"post","ocean_gallery_link_images":"on","ocean_gallery_id":[],"footnotes":""},"categories":[3],"tags":[],"post_folder":[],"class_list":["post-2148","post","type-post","status-publish","format-standard","hentry","category-actions-greves-manifs","entry"],"yoast_head":"<!-- This site is optimized with the Yoast SEO plugin v27.4 - https:\/\/yoast.com\/product\/yoast-seo-wordpress\/ -->\n<title>La r\u00e9sistance se pr\u00e9pare dans les Hauts-de-France - Formation des sites R\u00e9gionaux du SNETAP-FSU<\/title>\n<meta name=\"robots\" content=\"index, follow, max-snippet:-1, max-image-preview:large, max-video-preview:-1\" \/>\n<link rel=\"canonical\" href=\"https:\/\/regions-snetap-fsu.fr\/formation\/2019\/05\/04\/la-resistance-se-prepare-dans-les-hauts-de-france\/\" \/>\n<meta property=\"og:locale\" content=\"fr_FR\" \/>\n<meta property=\"og:type\" content=\"article\" \/>\n<meta property=\"og:title\" content=\"La r\u00e9sistance se pr\u00e9pare dans les Hauts-de-France - Formation des sites R\u00e9gionaux du SNETAP-FSU\" \/>\n<meta property=\"og:description\" content=\"Le SNETAP-FSU des Hauts-de-France pr\u00e9pare sa r\u00e9sistance ! Face \u00e0 la loi de transformation de la fonction de la fonction publique, aux contre-r\u00e9formes du lyc\u00e9e, de l\u2019apprentissage qui fragilisent nos \u00e9tablissements sous couvert d\u2019ouvrir les choix des jeunes et aux coupes sombres lanc\u00e9es par la DRAAF-SRFD des Hauts-de-France \u00e0 notre enseignement agricole public, un plan [&hellip;]\" \/>\n<meta property=\"og:url\" content=\"https:\/\/regions-snetap-fsu.fr\/formation\/2019\/05\/04\/la-resistance-se-prepare-dans-les-hauts-de-france\/\" \/>\n<meta property=\"og:site_name\" content=\"Formation des sites R\u00e9gionaux du SNETAP-FSU\" \/>\n<meta property=\"article:published_time\" content=\"2019-05-04T10:41:54+00:00\" \/>\n<meta name=\"author\" content=\"yoctavien\" \/>\n<meta name=\"twitter:card\" content=\"summary_large_image\" \/>\n<meta name=\"twitter:label1\" content=\"\u00c9crit par\" \/>\n\t<meta name=\"twitter:data1\" content=\"yoctavien\" \/>\n\t<meta name=\"twitter:label2\" content=\"Dur\u00e9e de lecture estim\u00e9e\" \/>\n\t<meta name=\"twitter:data2\" content=\"3 minutes\" \/>\n<script type=\"application\/ld+json\" class=\"yoast-schema-graph\">{\"@context\":\"https:\\\/\\\/schema.org\",\"@graph\":[{\"@type\":\"Article\",\"@id\":\"https:\\\/\\\/regions-snetap-fsu.fr\\\/formation\\\/2019\\\/05\\\/04\\\/la-resistance-se-prepare-dans-les-hauts-de-france\\\/#article\",\"isPartOf\":{\"@id\":\"https:\\\/\\\/regions-snetap-fsu.fr\\\/formation\\\/2019\\\/05\\\/04\\\/la-resistance-se-prepare-dans-les-hauts-de-france\\\/\"},\"author\":{\"name\":\"yoctavien\",\"@id\":\"https:\\\/\\\/regions-snetap-fsu.fr\\\/formation\\\/#\\\/schema\\\/person\\\/f5dc7b6354e942ca9c5fa8e9ff7e5c93\"},\"headline\":\"La r\u00e9sistance se pr\u00e9pare dans les Hauts-de-France\",\"datePublished\":\"2019-05-04T10:41:54+00:00\",\"mainEntityOfPage\":{\"@id\":\"https:\\\/\\\/regions-snetap-fsu.fr\\\/formation\\\/2019\\\/05\\\/04\\\/la-resistance-se-prepare-dans-les-hauts-de-france\\\/\"},\"wordCount\":596,\"publisher\":{\"@id\":\"https:\\\/\\\/regions-snetap-fsu.fr\\\/formation\\\/#organization\"},\"image\":{\"@id\":\"https:\\\/\\\/regions-snetap-fsu.fr\\\/formation\\\/2019\\\/05\\\/04\\\/la-resistance-se-prepare-dans-les-hauts-de-france\\\/#primaryimage\"},\"thumbnailUrl\":\"https:\\\/\\\/regions-snetap-fsu.fr\\\/hdf\\\/wp-content\\\/uploads\\\/sites\\\/5\\\/2019\\\/03\\\/fsu-campagne-loi_trans_fp-v3-8-300x273.jpg\",\"articleSection\":[\"Actions - Gr\u00e8ves - Manifs\"],\"inLanguage\":\"fr-FR\"},{\"@type\":\"WebPage\",\"@id\":\"https:\\\/\\\/regions-snetap-fsu.fr\\\/formation\\\/2019\\\/05\\\/04\\\/la-resistance-se-prepare-dans-les-hauts-de-france\\\/\",\"url\":\"https:\\\/\\\/regions-snetap-fsu.fr\\\/formation\\\/2019\\\/05\\\/04\\\/la-resistance-se-prepare-dans-les-hauts-de-france\\\/\",\"name\":\"La r\u00e9sistance se pr\u00e9pare dans les Hauts-de-France - Formation des sites R\u00e9gionaux du SNETAP-FSU\",\"isPartOf\":{\"@id\":\"https:\\\/\\\/regions-snetap-fsu.fr\\\/formation\\\/#website\"},\"primaryImageOfPage\":{\"@id\":\"https:\\\/\\\/regions-snetap-fsu.fr\\\/formation\\\/2019\\\/05\\\/04\\\/la-resistance-se-prepare-dans-les-hauts-de-france\\\/#primaryimage\"},\"image\":{\"@id\":\"https:\\\/\\\/regions-snetap-fsu.fr\\\/formation\\\/2019\\\/05\\\/04\\\/la-resistance-se-prepare-dans-les-hauts-de-france\\\/#primaryimage\"},\"thumbnailUrl\":\"https:\\\/\\\/regions-snetap-fsu.fr\\\/hdf\\\/wp-content\\\/uploads\\\/sites\\\/5\\\/2019\\\/03\\\/fsu-campagne-loi_trans_fp-v3-8-300x273.jpg\",\"datePublished\":\"2019-05-04T10:41:54+00:00\",\"breadcrumb\":{\"@id\":\"https:\\\/\\\/regions-snetap-fsu.fr\\\/formation\\\/2019\\\/05\\\/04\\\/la-resistance-se-prepare-dans-les-hauts-de-france\\\/#breadcrumb\"},\"inLanguage\":\"fr-FR\",\"potentialAction\":[{\"@type\":\"ReadAction\",\"target\":[\"https:\\\/\\\/regions-snetap-fsu.fr\\\/formation\\\/2019\\\/05\\\/04\\\/la-resistance-se-prepare-dans-les-hauts-de-france\\\/\"]}]},{\"@type\":\"ImageObject\",\"inLanguage\":\"fr-FR\",\"@id\":\"https:\\\/\\\/regions-snetap-fsu.fr\\\/formation\\\/2019\\\/05\\\/04\\\/la-resistance-se-prepare-dans-les-hauts-de-france\\\/#primaryimage\",\"url\":\"https:\\\/\\\/regions-snetap-fsu.fr\\\/hdf\\\/wp-content\\\/uploads\\\/sites\\\/5\\\/2019\\\/03\\\/fsu-campagne-loi_trans_fp-v3-8-300x273.jpg\",\"contentUrl\":\"https:\\\/\\\/regions-snetap-fsu.fr\\\/hdf\\\/wp-content\\\/uploads\\\/sites\\\/5\\\/2019\\\/03\\\/fsu-campagne-loi_trans_fp-v3-8-300x273.jpg\"},{\"@type\":\"BreadcrumbList\",\"@id\":\"https:\\\/\\\/regions-snetap-fsu.fr\\\/formation\\\/2019\\\/05\\\/04\\\/la-resistance-se-prepare-dans-les-hauts-de-france\\\/#breadcrumb\",\"itemListElement\":[{\"@type\":\"ListItem\",\"position\":1,\"name\":\"Accueil\",\"item\":\"https:\\\/\\\/regions-snetap-fsu.fr\\\/formation\\\/\"},{\"@type\":\"ListItem\",\"position\":2,\"name\":\"La r\u00e9sistance se pr\u00e9pare dans les Hauts-de-France\"}]},{\"@type\":\"WebSite\",\"@id\":\"https:\\\/\\\/regions-snetap-fsu.fr\\\/formation\\\/#website\",\"url\":\"https:\\\/\\\/regions-snetap-fsu.fr\\\/formation\\\/\",\"name\":\"Formation des sites R\u00e9gionaux du SNETAP-FSU\",\"description\":\"\",\"publisher\":{\"@id\":\"https:\\\/\\\/regions-snetap-fsu.fr\\\/formation\\\/#organization\"},\"potentialAction\":[{\"@type\":\"SearchAction\",\"target\":{\"@type\":\"EntryPoint\",\"urlTemplate\":\"https:\\\/\\\/regions-snetap-fsu.fr\\\/formation\\\/?s={search_term_string}\"},\"query-input\":{\"@type\":\"PropertyValueSpecification\",\"valueRequired\":true,\"valueName\":\"search_term_string\"}}],\"inLanguage\":\"fr-FR\"},{\"@type\":\"Organization\",\"@id\":\"https:\\\/\\\/regions-snetap-fsu.fr\\\/formation\\\/#organization\",\"name\":\"Formation des sites R\u00e9gionaux du SNETAP-FSU\",\"url\":\"https:\\\/\\\/regions-snetap-fsu.fr\\\/formation\\\/\",\"logo\":{\"@type\":\"ImageObject\",\"inLanguage\":\"fr-FR\",\"@id\":\"https:\\\/\\\/regions-snetap-fsu.fr\\\/formation\\\/#\\\/schema\\\/logo\\\/image\\\/\",\"url\":\"https:\\\/\\\/regions-snetap-fsu.fr\\\/formation\\\/wp-content\\\/uploads\\\/sites\\\/20\\\/2025\\\/04\\\/cropped-Logo_blanc_fond_transparent_1000x755.png\",\"contentUrl\":\"https:\\\/\\\/regions-snetap-fsu.fr\\\/formation\\\/wp-content\\\/uploads\\\/sites\\\/20\\\/2025\\\/04\\\/cropped-Logo_blanc_fond_transparent_1000x755.png\",\"width\":998,\"height\":689,\"caption\":\"Formation des sites R\u00e9gionaux du SNETAP-FSU\"},\"image\":{\"@id\":\"https:\\\/\\\/regions-snetap-fsu.fr\\\/formation\\\/#\\\/schema\\\/logo\\\/image\\\/\"}},{\"@type\":\"Person\",\"@id\":\"https:\\\/\\\/regions-snetap-fsu.fr\\\/formation\\\/#\\\/schema\\\/person\\\/f5dc7b6354e942ca9c5fa8e9ff7e5c93\",\"name\":\"yoctavien\",\"image\":{\"@type\":\"ImageObject\",\"inLanguage\":\"fr-FR\",\"@id\":\"https:\\\/\\\/secure.gravatar.com\\\/avatar\\\/382642c092b6b9da14641d3c478df2f3da4a2d17eea25691c232d4dbf735c292?s=96&d=mm&r=g\",\"url\":\"https:\\\/\\\/secure.gravatar.com\\\/avatar\\\/382642c092b6b9da14641d3c478df2f3da4a2d17eea25691c232d4dbf735c292?s=96&d=mm&r=g\",\"contentUrl\":\"https:\\\/\\\/secure.gravatar.com\\\/avatar\\\/382642c092b6b9da14641d3c478df2f3da4a2d17eea25691c232d4dbf735c292?s=96&d=mm&r=g\",\"caption\":\"yoctavien\"},\"url\":\"https:\\\/\\\/regions-snetap-fsu.fr\\\/formation\\\/author\\\/yoctavien\\\/\"}]}<\/script>\n<!-- \/ Yoast SEO plugin. -->","yoast_head_json":{"title":"La r\u00e9sistance se pr\u00e9pare dans les Hauts-de-France - Formation des sites R\u00e9gionaux du SNETAP-FSU","robots":{"index":"index","follow":"follow","max-snippet":"max-snippet:-1","max-image-preview":"max-image-preview:large","max-video-preview":"max-video-preview:-1"},"canonical":"https:\/\/regions-snetap-fsu.fr\/formation\/2019\/05\/04\/la-resistance-se-prepare-dans-les-hauts-de-france\/","og_locale":"fr_FR","og_type":"article","og_title":"La r\u00e9sistance se pr\u00e9pare dans les Hauts-de-France - Formation des sites R\u00e9gionaux du SNETAP-FSU","og_description":"Le SNETAP-FSU des Hauts-de-France pr\u00e9pare sa r\u00e9sistance ! Face \u00e0 la loi de transformation de la fonction de la fonction publique, aux contre-r\u00e9formes du lyc\u00e9e, de l\u2019apprentissage qui fragilisent nos \u00e9tablissements sous couvert d\u2019ouvrir les choix des jeunes et aux coupes sombres lanc\u00e9es par la DRAAF-SRFD des Hauts-de-France \u00e0 notre enseignement agricole public, un plan [&hellip;]","og_url":"https:\/\/regions-snetap-fsu.fr\/formation\/2019\/05\/04\/la-resistance-se-prepare-dans-les-hauts-de-france\/","og_site_name":"Formation des sites R\u00e9gionaux du SNETAP-FSU","article_published_time":"2019-05-04T10:41:54+00:00","author":"yoctavien","twitter_card":"summary_large_image","twitter_misc":{"\u00c9crit par":"yoctavien","Dur\u00e9e de lecture estim\u00e9e":"3 minutes"},"schema":{"@context":"https:\/\/schema.org","@graph":[{"@type":"Article","@id":"https:\/\/regions-snetap-fsu.fr\/formation\/2019\/05\/04\/la-resistance-se-prepare-dans-les-hauts-de-france\/#article","isPartOf":{"@id":"https:\/\/regions-snetap-fsu.fr\/formation\/2019\/05\/04\/la-resistance-se-prepare-dans-les-hauts-de-france\/"},"author":{"name":"yoctavien","@id":"https:\/\/regions-snetap-fsu.fr\/formation\/#\/schema\/person\/f5dc7b6354e942ca9c5fa8e9ff7e5c93"},"headline":"La r\u00e9sistance se pr\u00e9pare dans les Hauts-de-France","datePublished":"2019-05-04T10:41:54+00:00","mainEntityOfPage":{"@id":"https:\/\/regions-snetap-fsu.fr\/formation\/2019\/05\/04\/la-resistance-se-prepare-dans-les-hauts-de-france\/"},"wordCount":596,"publisher":{"@id":"https:\/\/regions-snetap-fsu.fr\/formation\/#organization"},"image":{"@id":"https:\/\/regions-snetap-fsu.fr\/formation\/2019\/05\/04\/la-resistance-se-prepare-dans-les-hauts-de-france\/#primaryimage"},"thumbnailUrl":"https:\/\/regions-snetap-fsu.fr\/hdf\/wp-content\/uploads\/sites\/5\/2019\/03\/fsu-campagne-loi_trans_fp-v3-8-300x273.jpg","articleSection":["Actions - Gr\u00e8ves - Manifs"],"inLanguage":"fr-FR"},{"@type":"WebPage","@id":"https:\/\/regions-snetap-fsu.fr\/formation\/2019\/05\/04\/la-resistance-se-prepare-dans-les-hauts-de-france\/","url":"https:\/\/regions-snetap-fsu.fr\/formation\/2019\/05\/04\/la-resistance-se-prepare-dans-les-hauts-de-france\/","name":"La r\u00e9sistance se pr\u00e9pare dans les Hauts-de-France - Formation des sites R\u00e9gionaux du SNETAP-FSU","isPartOf":{"@id":"https:\/\/regions-snetap-fsu.fr\/formation\/#website"},"primaryImageOfPage":{"@id":"https:\/\/regions-snetap-fsu.fr\/formation\/2019\/05\/04\/la-resistance-se-prepare-dans-les-hauts-de-france\/#primaryimage"},"image":{"@id":"https:\/\/regions-snetap-fsu.fr\/formation\/2019\/05\/04\/la-resistance-se-prepare-dans-les-hauts-de-france\/#primaryimage"},"thumbnailUrl":"https:\/\/regions-snetap-fsu.fr\/hdf\/wp-content\/uploads\/sites\/5\/2019\/03\/fsu-campagne-loi_trans_fp-v3-8-300x273.jpg","datePublished":"2019-05-04T10:41:54+00:00","breadcrumb":{"@id":"https:\/\/regions-snetap-fsu.fr\/formation\/2019\/05\/04\/la-resistance-se-prepare-dans-les-hauts-de-france\/#breadcrumb"},"inLanguage":"fr-FR","potentialAction":[{"@type":"ReadAction","target":["https:\/\/regions-snetap-fsu.fr\/formation\/2019\/05\/04\/la-resistance-se-prepare-dans-les-hauts-de-france\/"]}]},{"@type":"ImageObject","inLanguage":"fr-FR","@id":"https:\/\/regions-snetap-fsu.fr\/formation\/2019\/05\/04\/la-resistance-se-prepare-dans-les-hauts-de-france\/#primaryimage","url":"https:\/\/regions-snetap-fsu.fr\/hdf\/wp-content\/uploads\/sites\/5\/2019\/03\/fsu-campagne-loi_trans_fp-v3-8-300x273.jpg","contentUrl":"https:\/\/regions-snetap-fsu.fr\/hdf\/wp-content\/uploads\/sites\/5\/2019\/03\/fsu-campagne-loi_trans_fp-v3-8-300x273.jpg"},{"@type":"BreadcrumbList","@id":"https:\/\/regions-snetap-fsu.fr\/formation\/2019\/05\/04\/la-resistance-se-prepare-dans-les-hauts-de-france\/#breadcrumb","itemListElement":[{"@type":"ListItem","position":1,"name":"Accueil","item":"https:\/\/regions-snetap-fsu.fr\/formation\/"},{"@type":"ListItem","position":2,"name":"La r\u00e9sistance se pr\u00e9pare dans les Hauts-de-France"}]},{"@type":"WebSite","@id":"https:\/\/regions-snetap-fsu.fr\/formation\/#website","url":"https:\/\/regions-snetap-fsu.fr\/formation\/","name":"Formation des sites R\u00e9gionaux du SNETAP-FSU","description":"","publisher":{"@id":"https:\/\/regions-snetap-fsu.fr\/formation\/#organization"},"potentialAction":[{"@type":"SearchAction","target":{"@type":"EntryPoint","urlTemplate":"https:\/\/regions-snetap-fsu.fr\/formation\/?s={search_term_string}"},"query-input":{"@type":"PropertyValueSpecification","valueRequired":true,"valueName":"search_term_string"}}],"inLanguage":"fr-FR"},{"@type":"Organization","@id":"https:\/\/regions-snetap-fsu.fr\/formation\/#organization","name":"Formation des sites R\u00e9gionaux du SNETAP-FSU","url":"https:\/\/regions-snetap-fsu.fr\/formation\/","logo":{"@type":"ImageObject","inLanguage":"fr-FR","@id":"https:\/\/regions-snetap-fsu.fr\/formation\/#\/schema\/logo\/image\/","url":"https:\/\/regions-snetap-fsu.fr\/formation\/wp-content\/uploads\/sites\/20\/2025\/04\/cropped-Logo_blanc_fond_transparent_1000x755.png","contentUrl":"https:\/\/regions-snetap-fsu.fr\/formation\/wp-content\/uploads\/sites\/20\/2025\/04\/cropped-Logo_blanc_fond_transparent_1000x755.png","width":998,"height":689,"caption":"Formation des sites R\u00e9gionaux du SNETAP-FSU"},"image":{"@id":"https:\/\/regions-snetap-fsu.fr\/formation\/#\/schema\/logo\/image\/"}},{"@type":"Person","@id":"https:\/\/regions-snetap-fsu.fr\/formation\/#\/schema\/person\/f5dc7b6354e942ca9c5fa8e9ff7e5c93","name":"yoctavien","image":{"@type":"ImageObject","inLanguage":"fr-FR","@id":"https:\/\/secure.gravatar.com\/avatar\/382642c092b6b9da14641d3c478df2f3da4a2d17eea25691c232d4dbf735c292?s=96&d=mm&r=g","url":"https:\/\/secure.gravatar.com\/avatar\/382642c092b6b9da14641d3c478df2f3da4a2d17eea25691c232d4dbf735c292?s=96&d=mm&r=g","contentUrl":"https:\/\/secure.gravatar.com\/avatar\/382642c092b6b9da14641d3c478df2f3da4a2d17eea25691c232d4dbf735c292?s=96&d=mm&r=g","caption":"yoctavien"},"url":"https:\/\/regions-snetap-fsu.fr\/formation\/author\/yoctavien\/"}]}},"_links":{"self":[{"href":"https:\/\/regions-snetap-fsu.fr\/formation\/wp-json\/wp\/v2\/posts\/2148","targetHints":{"allow":["GET"]}}],"collection":[{"href":"https:\/\/regions-snetap-fsu.fr\/formation\/wp-json\/wp\/v2\/posts"}],"about":[{"href":"https:\/\/regions-snetap-fsu.fr\/formation\/wp-json\/wp\/v2\/types\/post"}],"author":[{"embeddable":true,"href":"https:\/\/regions-snetap-fsu.fr\/formation\/wp-json\/wp\/v2\/users\/138"}],"replies":[{"embeddable":true,"href":"https:\/\/regions-snetap-fsu.fr\/formation\/wp-json\/wp\/v2\/comments?post=2148"}],"version-history":[{"count":0,"href":"https:\/\/regions-snetap-fsu.fr\/formation\/wp-json\/wp\/v2\/posts\/2148\/revisions"}],"wp:attachment":[{"href":"https:\/\/regions-snetap-fsu.fr\/formation\/wp-json\/wp\/v2\/media?parent=2148"}],"wp:term":[{"taxonomy":"category","embeddable":true,"href":"https:\/\/regions-snetap-fsu.fr\/formation\/wp-json\/wp\/v2\/categories?post=2148"},{"taxonomy":"post_tag","embeddable":true,"href":"https:\/\/regions-snetap-fsu.fr\/formation\/wp-json\/wp\/v2\/tags?post=2148"},{"taxonomy":"post_folder","embeddable":true,"href":"https:\/\/regions-snetap-fsu.fr\/formation\/wp-json\/wp\/v2\/post_folder?post=2148"}],"curies":[{"name":"wp","href":"https:\/\/api.w.org\/{rel}","templated":true}]}}