{"id":2119,"date":"2019-04-24T19:21:28","date_gmt":"2019-04-24T17:21:28","guid":{"rendered":"https:\/\/regions-snetap-fsu.fr\/hdf\/?p=2119"},"modified":"2019-04-24T19:21:28","modified_gmt":"2019-04-24T17:21:28","slug":"paraclet-declaration-et-motion-au-conseil-dadministration-du-23-avril-2019","status":"publish","type":"post","link":"https:\/\/regions-snetap-fsu.fr\/formation\/2019\/04\/24\/paraclet-declaration-et-motion-au-conseil-dadministration-du-23-avril-2019\/","title":{"rendered":"Paraclet : D\u00e9claration et motion au Conseil d&rsquo;Administration du 23 avril 2019"},"content":{"rendered":"<h2 class=\"western\" style=\"text-align: center\"><span style=\"font-size: 18pt;color: #ff0000\"><b>D\u00e9claration et motion des repr\u00e9sentants des personnels du Paraclet<\/b><\/span><\/h2>\n<p class=\"western\" style=\"text-align: justify\"><span style=\"font-size: 12pt;color: #0000ff\">Depuis 20 ans, limitation des moyens, tout d\u2019abord par le blocage des classes puis par la diminution des seuils.<\/span><\/p>\n<p class=\"western\" style=\"text-align: justify\"><span style=\"font-size: 12pt;color: #0000ff\">R\u00e9guli\u00e8rement, doucement, suppression des moyens, de moins en moins d\u2019adultes dans les \u00e9tablissements (surveillant\u00b7es, enseignant\u00b7es, agent\u00b7es administratifs\u00b7ves, personnels de r\u00e9gion).<\/span><\/p>\n<p class=\"western\" style=\"text-align: justify\"><span style=\"font-size: 12pt;color: #0000ff\">Un lyc\u00e9e comme le Paraclet accueille sur 10 ans le m\u00eame nombre d\u2019\u00e9l\u00e8ves pour une dizaine de pour cent d\u2019encadrement en moins.<\/span><\/p>\n<p class=\"western\" style=\"text-align: justify\"><strong><span style=\"font-size: 12pt;color: #ff0000\">Aujourd\u2019hui, la politique des moyens atteint des sommets de d\u00e9r\u00e9glementation. Les politiques de l\u2019\u00c9tat\u00a0: priorit\u00e9 \u00e0 l\u2019\u00e9ducation, inclusion, innovation ne sont que des affichages des coquilles creuses.<\/span><\/strong><\/p>\n<p class=\"western\"><span style=\"text-decoration: underline;color: #ff0000;font-size: 12pt\"><b>Priorit\u00e9 \u00e0 l\u2019\u00e9ducation\u00a0:<\/b><\/span><\/p>\n<p class=\"western\" style=\"text-align: justify\"><span style=\"font-size: 12pt\"><span style=\"color: #0000ff\">Les Hauts-de-France devront rendre, d\u2019ici la rentr\u00e9e 2020, 7 200 heures (l\u2019\u00e9quivalent de 11,5 postes). Selon la DRAAF, rencontr\u00e9e jeudi 4 avril \u00e0 Lille, la chance de la rentr\u00e9e prochaine pour notre r\u00e9gion est la suppression de la classe exp\u00e9rimentale du Paraclet qui rendra \u00e0 elle seule, en deux ans, 3 000 heures.<\/span> <\/span><\/p>\n<p class=\"western\"><span style=\"font-size: 12pt;color: #0000ff\">Il faudra dire cela aux deux mi-temps d\u2019agentes contractuelles qui disparaissent.<\/span><\/p>\n<p class=\"western\"><span style=\"text-decoration: underline;color: #ff0000;font-size: 12pt\"><b>Priorit\u00e9 \u00e0 l\u2019inclusion\u00a0:<\/b><\/span><\/p>\n<p class=\"western\" style=\"text-align: justify\"><span style=\"font-size: 12pt\"><span style=\"color: #0000ff\">La DRAAF ne donne les moyens que sur les dossiers tr\u00e8s lourds dans des cas tr\u00e8s particuliers. Le reste ne rentre pas dans la note de service qui, pour une fois, n\u2019est pas indicative.<\/span> <\/span><\/p>\n<p class=\"western\"><span style=\"font-size: 12pt;color: #0000ff\">L\u2019inclusion des \u00e9l\u00e8ves handicap\u00e9\u00b7es n\u2019est donc qu\u2019une relative priorit\u00e9.<\/span><\/p>\n<p class=\"western\"><span style=\"text-decoration: underline;color: #ff0000;font-size: 12pt\"><b>Priorit\u00e9 \u00e0 l\u2019innovation\u00a0:<\/b><\/span><\/p>\n<p class=\"western\" style=\"text-align: justify\"><span style=\"font-size: 12pt;color: #0000ff\">Les seuils de la rentr\u00e9e 2019 seront indicatifs, la DRAAF ne donnera donc pas exactement les moyens correspondants. Il y aura, de fait, des mati\u00e8res perdantes. Comme la s\u00e9curit\u00e9 des laboratoires et les langues sont prioritaires\u2026<\/span><\/p>\n<p class=\"western\" style=\"text-align: justify\"><span style=\"font-size: 12pt;color: #0000ff\">Les heures non affect\u00e9es sont de plus en plus importantes. Elles vont permettre de faire co\u00efncider le mieux possible l\u2019absence des moyens aux heures \u00e9l\u00e8ves en affectant les sous-services et en limitant les heures suppl\u00e9mentaires au m\u00e9pris de l\u2019int\u00e9r\u00eat p\u00e9dagogique.<\/span><\/p>\n<p class=\"western\" style=\"text-align: justify\"><span style=\"font-size: 12pt;color: #0000ff\">Pire, la classe exp\u00e9rimentale du Paraclet a \u00e9t\u00e9 supprim\u00e9e avant son \u00e9valuation par l\u2019inspection. L\u2019\u00c9tat ne fait m\u00eame plus semblant.<\/span><\/p>\n<p><span style=\"font-size: 12pt\">.<\/span><\/p>\n<p><strong><span style=\"font-size: 12pt;color: #ff0000\">La rentr\u00e9e 2019, sauf gros probl\u00e8mes de recrutement dans une classe, se fera avec un semblant de normalit\u00e9, mais 2020 sera catastrophique.<\/span><\/strong><\/p>\n<p class=\"western\" style=\"text-align: justify\"><strong><span style=\"font-size: 12pt;color: #ff0000\">La DRAAF compte sur les r\u00e9formes (apprentissage, baccalaur\u00e9at) et les suppressions d\u2019exp\u00e9rimentations pour combler une grosse moiti\u00e9 de la suppression des moyens, mais en 2020 il faudra attaquer l\u2019os.<\/span><\/strong><\/p>\n<p class=\"western\" style=\"text-align: justify\"><span style=\"font-size: 12pt;color: #0000ff\">Nous ne voulons pas de public mix\u00e9 dans les classes, nous connaissons trop les probl\u00e8mes de m\u00e9lange des publics avec la classe de BTS GEMEAU TC.<\/span><\/p>\n<p class=\"western\" style=\"text-align: justify\"><span style=\"font-size: 12pt;color: #0000ff\">Nous demandions les moyens d\u2019une inclusion r\u00e9elle en d\u00e9but avril, nous profitons de ce CA pour demander simplement les moyens de faire dignement notre m\u00e9tier.<\/span><\/p>\n<p class=\"western\" style=\"text-align: justify\"><span style=\"font-size: 12pt;color: #0000ff\">Nous ne voulons pas d\u2019une confusion entretenue entre r\u00e9forme, d\u00e9r\u00e9glementation et p\u00e9dagogie.<\/span><\/p>\n<p class=\"western\" style=\"text-align: justify\"><span style=\"font-size: 12pt\"><strong><span style=\"color: #008000\">Nous demandons que le CA du Paraclet demande au directeur r\u00e9gional de l\u2019agriculture, de l\u2019alimentation et de la for\u00eat :<\/span><\/strong><\/span><\/p>\n<ul>\n<li style=\"text-align: justify\"><span style=\"font-size: 12pt\"><strong><span style=\"color: #008000\">Les vrais moyens pour permettre l\u2019inclusion des \u00e9l\u00e8ves en situation de handicap, tout au long de l\u2019ann\u00e9e, pas seulement en sollicitant du b\u00e9n\u00e9volat lors des examens\u00a0;<\/span><\/strong><\/span><\/li>\n<li><span style=\"font-size: 12pt\"><strong><span style=\"color: #008000\">Le maintien de vrais seuils obligatoires dans les classes qui ne mettent pas les mati\u00e8res en concurrences ;<\/span><\/strong><\/span><\/li>\n<li style=\"text-align: justify\"><span style=\"font-size: 12pt\"><strong><span style=\"color: #008000\">L\u2019affectation des heures non affect\u00e9es en fonction des projets p\u00e9dagogiques, pas des r\u00e9partitions math\u00e9matiques des services.<\/span><\/strong><\/span><\/li>\n<\/ul>\n<p class=\"western\" style=\"text-align: justify\"><strong><span style=\"font-size: 12pt;color: #ff0000\">Sans ces engagements de la DRAAF, nous continuerions nos actions et les amplifierons, car l\u2019\u00e9ducation de la jeunesse ne peut d\u00e9pendre du b\u00e9n\u00e9volat des personnels d\u00e9j\u00e0 press\u00e9\u00b7es au-del\u00e0 du raisonnable notamment en :<\/span><\/strong><\/p>\n<ul>\n<li>\n<p style=\"text-align: justify\"><strong><span style=\"font-size: 12pt;color: #ff0000\">Continuant \u00e0 ne pas r\u00e9aliser les CFF de premi\u00e8re ann\u00e9e n\u00e9cessitant des tiers-temps, car les conditions d\u2019une \u00e9valuation sereine et impartiale ne seraient pas r\u00e9unies\u00a0;<\/span><\/strong><\/p>\n<\/li>\n<li>\n<p style=\"text-align: justify\"><strong><span style=\"font-size: 12pt;color: #ff0000\">Refusant l\u2019entr\u00e9e des notes sur libellule qui n\u2019ont jamais \u00e9t\u00e9 \u00e0 la charge des enseignant\u00b7es dans cet \u00e9tablissement alors que nous n\u2019avons pas les moyens pour nos missions initiales ;<\/span><\/strong><\/p>\n<\/li>\n<li>\n<p style=\"text-align: justify\"><strong><span style=\"font-size: 12pt;color: #ff0000\">Organisant une manifestation pour porter nos revendications jusqu\u2019\u00e0 la DRAAF des Hauts de France.<\/span><\/strong><\/p>\n<\/li>\n<\/ul>\n<p class=\"western\"><span style=\"font-size: 12pt;color: #0000ff\">Cottenchy, le 23 avril 2019.<\/span><\/p>\n<p><span style=\"color: #0000ff\">16 Pour, 2 Abstentions, 0 Contre, 0 Refus de vote.<\/span><\/p>\n","protected":false},"excerpt":{"rendered":"<p>D\u00e9claration et motion des repr\u00e9sentants des personnels du Paraclet Depuis 20 ans, limitation des moyens, tout d\u2019abord par le blocage des classes puis par la diminution des seuils. R\u00e9guli\u00e8rement, doucement, suppression des moyens, de moins en moins d\u2019adultes dans les \u00e9tablissements (surveillant\u00b7es, enseignant\u00b7es, agent\u00b7es administratifs\u00b7ves, personnels de r\u00e9gion). Un lyc\u00e9e comme le Paraclet accueille sur [&hellip;]<\/p>\n","protected":false},"author":138,"featured_media":0,"comment_status":"closed","ping_status":"closed","sticky":false,"template":"","format":"standard","meta":{"ocean_post_layout":"","ocean_both_sidebars_style":"","ocean_both_sidebars_content_width":0,"ocean_both_sidebars_sidebars_width":0,"ocean_sidebar":"","ocean_second_sidebar":"","ocean_disable_margins":"enable","ocean_add_body_class":"","ocean_shortcode_before_top_bar":"","ocean_shortcode_after_top_bar":"","ocean_shortcode_before_header":"","ocean_shortcode_after_header":"","ocean_has_shortcode":"","ocean_shortcode_after_title":"","ocean_shortcode_before_footer_widgets":"","ocean_shortcode_after_footer_widgets":"","ocean_shortcode_before_footer_bottom":"","ocean_shortcode_after_footer_bottom":"","ocean_display_top_bar":"default","ocean_display_header":"default","ocean_header_style":"","ocean_center_header_left_menu":"","ocean_custom_header_template":"","ocean_custom_logo":0,"ocean_custom_retina_logo":0,"ocean_custom_logo_max_width":0,"ocean_custom_logo_tablet_max_width":0,"ocean_custom_logo_mobile_max_width":0,"ocean_custom_logo_max_height":0,"ocean_custom_logo_tablet_max_height":0,"ocean_custom_logo_mobile_max_height":0,"ocean_header_custom_menu":"","ocean_menu_typo_font_family":"","ocean_menu_typo_font_subset":"","ocean_menu_typo_font_size":0,"ocean_menu_typo_font_size_tablet":0,"ocean_menu_typo_font_size_mobile":0,"ocean_menu_typo_font_size_unit":"px","ocean_menu_typo_font_weight":"","ocean_menu_typo_font_weight_tablet":"","ocean_menu_typo_font_weight_mobile":"","ocean_menu_typo_transform":"","ocean_menu_typo_transform_tablet":"","ocean_menu_typo_transform_mobile":"","ocean_menu_typo_line_height":0,"ocean_menu_typo_line_height_tablet":0,"ocean_menu_typo_line_height_mobile":0,"ocean_menu_typo_line_height_unit":"","ocean_menu_typo_spacing":0,"ocean_menu_typo_spacing_tablet":0,"ocean_menu_typo_spacing_mobile":0,"ocean_menu_typo_spacing_unit":"","ocean_menu_link_color":"","ocean_menu_link_color_hover":"","ocean_menu_link_color_active":"","ocean_menu_link_background":"","ocean_menu_link_hover_background":"","ocean_menu_link_active_background":"","ocean_menu_social_links_bg":"","ocean_menu_social_hover_links_bg":"","ocean_menu_social_links_color":"","ocean_menu_social_hover_links_color":"","ocean_disable_title":"default","ocean_disable_heading":"default","ocean_post_title":"","ocean_post_subheading":"","ocean_post_title_style":"","ocean_post_title_background_color":"","ocean_post_title_background":0,"ocean_post_title_bg_image_position":"","ocean_post_title_bg_image_attachment":"","ocean_post_title_bg_image_repeat":"","ocean_post_title_bg_image_size":"","ocean_post_title_height":0,"ocean_post_title_bg_overlay":0.5,"ocean_post_title_bg_overlay_color":"","ocean_disable_breadcrumbs":"default","ocean_breadcrumbs_color":"","ocean_breadcrumbs_separator_color":"","ocean_breadcrumbs_links_color":"","ocean_breadcrumbs_links_hover_color":"","ocean_display_footer_widgets":"default","ocean_display_footer_bottom":"default","ocean_custom_footer_template":"","ocean_post_oembed":"","ocean_post_self_hosted_media":"","ocean_post_video_embed":"","ocean_link_format":"","ocean_link_format_target":"self","ocean_quote_format":"","ocean_quote_format_link":"post","ocean_gallery_link_images":"on","ocean_gallery_id":[],"footnotes":""},"categories":[3,11],"tags":[],"post_folder":[],"class_list":["post-2119","post","type-post","status-publish","format-standard","hentry","category-actions-greves-manifs","category-communiques","entry"],"yoast_head":"<!-- This site is optimized with the Yoast SEO plugin v27.4 - https:\/\/yoast.com\/product\/yoast-seo-wordpress\/ -->\n<title>Paraclet : D\u00e9claration et motion au Conseil d&#039;Administration du 23 avril 2019 - Formation des sites R\u00e9gionaux du SNETAP-FSU<\/title>\n<meta name=\"robots\" content=\"index, follow, max-snippet:-1, max-image-preview:large, max-video-preview:-1\" \/>\n<link rel=\"canonical\" href=\"https:\/\/regions-snetap-fsu.fr\/formation\/2019\/04\/24\/paraclet-declaration-et-motion-au-conseil-dadministration-du-23-avril-2019\/\" \/>\n<meta property=\"og:locale\" content=\"fr_FR\" \/>\n<meta property=\"og:type\" content=\"article\" \/>\n<meta property=\"og:title\" content=\"Paraclet : D\u00e9claration et motion au Conseil d&#039;Administration du 23 avril 2019 - Formation des sites R\u00e9gionaux du SNETAP-FSU\" \/>\n<meta property=\"og:description\" content=\"D\u00e9claration et motion des repr\u00e9sentants des personnels du Paraclet Depuis 20 ans, limitation des moyens, tout d\u2019abord par le blocage des classes puis par la diminution des seuils. R\u00e9guli\u00e8rement, doucement, suppression des moyens, de moins en moins d\u2019adultes dans les \u00e9tablissements (surveillant\u00b7es, enseignant\u00b7es, agent\u00b7es administratifs\u00b7ves, personnels de r\u00e9gion). Un lyc\u00e9e comme le Paraclet accueille sur [&hellip;]\" \/>\n<meta property=\"og:url\" content=\"https:\/\/regions-snetap-fsu.fr\/formation\/2019\/04\/24\/paraclet-declaration-et-motion-au-conseil-dadministration-du-23-avril-2019\/\" \/>\n<meta property=\"og:site_name\" content=\"Formation des sites R\u00e9gionaux du SNETAP-FSU\" \/>\n<meta property=\"article:published_time\" content=\"2019-04-24T17:21:28+00:00\" \/>\n<meta name=\"author\" content=\"yoctavien\" \/>\n<meta name=\"twitter:card\" content=\"summary_large_image\" \/>\n<meta name=\"twitter:label1\" content=\"\u00c9crit par\" \/>\n\t<meta name=\"twitter:data1\" content=\"yoctavien\" \/>\n\t<meta name=\"twitter:label2\" content=\"Dur\u00e9e de lecture estim\u00e9e\" \/>\n\t<meta name=\"twitter:data2\" content=\"3 minutes\" \/>\n<script type=\"application\/ld+json\" class=\"yoast-schema-graph\">{\"@context\":\"https:\\\/\\\/schema.org\",\"@graph\":[{\"@type\":\"Article\",\"@id\":\"https:\\\/\\\/regions-snetap-fsu.fr\\\/formation\\\/2019\\\/04\\\/24\\\/paraclet-declaration-et-motion-au-conseil-dadministration-du-23-avril-2019\\\/#article\",\"isPartOf\":{\"@id\":\"https:\\\/\\\/regions-snetap-fsu.fr\\\/formation\\\/2019\\\/04\\\/24\\\/paraclet-declaration-et-motion-au-conseil-dadministration-du-23-avril-2019\\\/\"},\"author\":{\"name\":\"yoctavien\",\"@id\":\"https:\\\/\\\/regions-snetap-fsu.fr\\\/formation\\\/#\\\/schema\\\/person\\\/f5dc7b6354e942ca9c5fa8e9ff7e5c93\"},\"headline\":\"Paraclet : D\u00e9claration et motion au Conseil d&rsquo;Administration du 23 avril 2019\",\"datePublished\":\"2019-04-24T17:21:28+00:00\",\"mainEntityOfPage\":{\"@id\":\"https:\\\/\\\/regions-snetap-fsu.fr\\\/formation\\\/2019\\\/04\\\/24\\\/paraclet-declaration-et-motion-au-conseil-dadministration-du-23-avril-2019\\\/\"},\"wordCount\":709,\"publisher\":{\"@id\":\"https:\\\/\\\/regions-snetap-fsu.fr\\\/formation\\\/#organization\"},\"articleSection\":[\"Actions - Gr\u00e8ves - Manifs\",\"Communiqu\u00e9s\"],\"inLanguage\":\"fr-FR\"},{\"@type\":\"WebPage\",\"@id\":\"https:\\\/\\\/regions-snetap-fsu.fr\\\/formation\\\/2019\\\/04\\\/24\\\/paraclet-declaration-et-motion-au-conseil-dadministration-du-23-avril-2019\\\/\",\"url\":\"https:\\\/\\\/regions-snetap-fsu.fr\\\/formation\\\/2019\\\/04\\\/24\\\/paraclet-declaration-et-motion-au-conseil-dadministration-du-23-avril-2019\\\/\",\"name\":\"Paraclet : D\u00e9claration et motion au Conseil d'Administration du 23 avril 2019 - Formation des sites R\u00e9gionaux du SNETAP-FSU\",\"isPartOf\":{\"@id\":\"https:\\\/\\\/regions-snetap-fsu.fr\\\/formation\\\/#website\"},\"datePublished\":\"2019-04-24T17:21:28+00:00\",\"breadcrumb\":{\"@id\":\"https:\\\/\\\/regions-snetap-fsu.fr\\\/formation\\\/2019\\\/04\\\/24\\\/paraclet-declaration-et-motion-au-conseil-dadministration-du-23-avril-2019\\\/#breadcrumb\"},\"inLanguage\":\"fr-FR\",\"potentialAction\":[{\"@type\":\"ReadAction\",\"target\":[\"https:\\\/\\\/regions-snetap-fsu.fr\\\/formation\\\/2019\\\/04\\\/24\\\/paraclet-declaration-et-motion-au-conseil-dadministration-du-23-avril-2019\\\/\"]}]},{\"@type\":\"BreadcrumbList\",\"@id\":\"https:\\\/\\\/regions-snetap-fsu.fr\\\/formation\\\/2019\\\/04\\\/24\\\/paraclet-declaration-et-motion-au-conseil-dadministration-du-23-avril-2019\\\/#breadcrumb\",\"itemListElement\":[{\"@type\":\"ListItem\",\"position\":1,\"name\":\"Accueil\",\"item\":\"https:\\\/\\\/regions-snetap-fsu.fr\\\/formation\\\/\"},{\"@type\":\"ListItem\",\"position\":2,\"name\":\"Paraclet : D\u00e9claration et motion au Conseil d&rsquo;Administration du 23 avril 2019\"}]},{\"@type\":\"WebSite\",\"@id\":\"https:\\\/\\\/regions-snetap-fsu.fr\\\/formation\\\/#website\",\"url\":\"https:\\\/\\\/regions-snetap-fsu.fr\\\/formation\\\/\",\"name\":\"Formation des sites R\u00e9gionaux du SNETAP-FSU\",\"description\":\"\",\"publisher\":{\"@id\":\"https:\\\/\\\/regions-snetap-fsu.fr\\\/formation\\\/#organization\"},\"potentialAction\":[{\"@type\":\"SearchAction\",\"target\":{\"@type\":\"EntryPoint\",\"urlTemplate\":\"https:\\\/\\\/regions-snetap-fsu.fr\\\/formation\\\/?s={search_term_string}\"},\"query-input\":{\"@type\":\"PropertyValueSpecification\",\"valueRequired\":true,\"valueName\":\"search_term_string\"}}],\"inLanguage\":\"fr-FR\"},{\"@type\":\"Organization\",\"@id\":\"https:\\\/\\\/regions-snetap-fsu.fr\\\/formation\\\/#organization\",\"name\":\"Formation des sites R\u00e9gionaux du SNETAP-FSU\",\"url\":\"https:\\\/\\\/regions-snetap-fsu.fr\\\/formation\\\/\",\"logo\":{\"@type\":\"ImageObject\",\"inLanguage\":\"fr-FR\",\"@id\":\"https:\\\/\\\/regions-snetap-fsu.fr\\\/formation\\\/#\\\/schema\\\/logo\\\/image\\\/\",\"url\":\"https:\\\/\\\/regions-snetap-fsu.fr\\\/formation\\\/wp-content\\\/uploads\\\/sites\\\/20\\\/2025\\\/04\\\/cropped-Logo_blanc_fond_transparent_1000x755.png\",\"contentUrl\":\"https:\\\/\\\/regions-snetap-fsu.fr\\\/formation\\\/wp-content\\\/uploads\\\/sites\\\/20\\\/2025\\\/04\\\/cropped-Logo_blanc_fond_transparent_1000x755.png\",\"width\":998,\"height\":689,\"caption\":\"Formation des sites R\u00e9gionaux du SNETAP-FSU\"},\"image\":{\"@id\":\"https:\\\/\\\/regions-snetap-fsu.fr\\\/formation\\\/#\\\/schema\\\/logo\\\/image\\\/\"}},{\"@type\":\"Person\",\"@id\":\"https:\\\/\\\/regions-snetap-fsu.fr\\\/formation\\\/#\\\/schema\\\/person\\\/f5dc7b6354e942ca9c5fa8e9ff7e5c93\",\"name\":\"yoctavien\",\"image\":{\"@type\":\"ImageObject\",\"inLanguage\":\"fr-FR\",\"@id\":\"https:\\\/\\\/secure.gravatar.com\\\/avatar\\\/382642c092b6b9da14641d3c478df2f3da4a2d17eea25691c232d4dbf735c292?s=96&d=mm&r=g\",\"url\":\"https:\\\/\\\/secure.gravatar.com\\\/avatar\\\/382642c092b6b9da14641d3c478df2f3da4a2d17eea25691c232d4dbf735c292?s=96&d=mm&r=g\",\"contentUrl\":\"https:\\\/\\\/secure.gravatar.com\\\/avatar\\\/382642c092b6b9da14641d3c478df2f3da4a2d17eea25691c232d4dbf735c292?s=96&d=mm&r=g\",\"caption\":\"yoctavien\"},\"url\":\"https:\\\/\\\/regions-snetap-fsu.fr\\\/formation\\\/author\\\/yoctavien\\\/\"}]}<\/script>\n<!-- \/ Yoast SEO plugin. -->","yoast_head_json":{"title":"Paraclet : D\u00e9claration et motion au Conseil d'Administration du 23 avril 2019 - Formation des sites R\u00e9gionaux du SNETAP-FSU","robots":{"index":"index","follow":"follow","max-snippet":"max-snippet:-1","max-image-preview":"max-image-preview:large","max-video-preview":"max-video-preview:-1"},"canonical":"https:\/\/regions-snetap-fsu.fr\/formation\/2019\/04\/24\/paraclet-declaration-et-motion-au-conseil-dadministration-du-23-avril-2019\/","og_locale":"fr_FR","og_type":"article","og_title":"Paraclet : D\u00e9claration et motion au Conseil d'Administration du 23 avril 2019 - Formation des sites R\u00e9gionaux du SNETAP-FSU","og_description":"D\u00e9claration et motion des repr\u00e9sentants des personnels du Paraclet Depuis 20 ans, limitation des moyens, tout d\u2019abord par le blocage des classes puis par la diminution des seuils. R\u00e9guli\u00e8rement, doucement, suppression des moyens, de moins en moins d\u2019adultes dans les \u00e9tablissements (surveillant\u00b7es, enseignant\u00b7es, agent\u00b7es administratifs\u00b7ves, personnels de r\u00e9gion). Un lyc\u00e9e comme le Paraclet accueille sur [&hellip;]","og_url":"https:\/\/regions-snetap-fsu.fr\/formation\/2019\/04\/24\/paraclet-declaration-et-motion-au-conseil-dadministration-du-23-avril-2019\/","og_site_name":"Formation des sites R\u00e9gionaux du SNETAP-FSU","article_published_time":"2019-04-24T17:21:28+00:00","author":"yoctavien","twitter_card":"summary_large_image","twitter_misc":{"\u00c9crit par":"yoctavien","Dur\u00e9e de lecture estim\u00e9e":"3 minutes"},"schema":{"@context":"https:\/\/schema.org","@graph":[{"@type":"Article","@id":"https:\/\/regions-snetap-fsu.fr\/formation\/2019\/04\/24\/paraclet-declaration-et-motion-au-conseil-dadministration-du-23-avril-2019\/#article","isPartOf":{"@id":"https:\/\/regions-snetap-fsu.fr\/formation\/2019\/04\/24\/paraclet-declaration-et-motion-au-conseil-dadministration-du-23-avril-2019\/"},"author":{"name":"yoctavien","@id":"https:\/\/regions-snetap-fsu.fr\/formation\/#\/schema\/person\/f5dc7b6354e942ca9c5fa8e9ff7e5c93"},"headline":"Paraclet : D\u00e9claration et motion au Conseil d&rsquo;Administration du 23 avril 2019","datePublished":"2019-04-24T17:21:28+00:00","mainEntityOfPage":{"@id":"https:\/\/regions-snetap-fsu.fr\/formation\/2019\/04\/24\/paraclet-declaration-et-motion-au-conseil-dadministration-du-23-avril-2019\/"},"wordCount":709,"publisher":{"@id":"https:\/\/regions-snetap-fsu.fr\/formation\/#organization"},"articleSection":["Actions - Gr\u00e8ves - Manifs","Communiqu\u00e9s"],"inLanguage":"fr-FR"},{"@type":"WebPage","@id":"https:\/\/regions-snetap-fsu.fr\/formation\/2019\/04\/24\/paraclet-declaration-et-motion-au-conseil-dadministration-du-23-avril-2019\/","url":"https:\/\/regions-snetap-fsu.fr\/formation\/2019\/04\/24\/paraclet-declaration-et-motion-au-conseil-dadministration-du-23-avril-2019\/","name":"Paraclet : D\u00e9claration et motion au Conseil d'Administration du 23 avril 2019 - Formation des sites R\u00e9gionaux du SNETAP-FSU","isPartOf":{"@id":"https:\/\/regions-snetap-fsu.fr\/formation\/#website"},"datePublished":"2019-04-24T17:21:28+00:00","breadcrumb":{"@id":"https:\/\/regions-snetap-fsu.fr\/formation\/2019\/04\/24\/paraclet-declaration-et-motion-au-conseil-dadministration-du-23-avril-2019\/#breadcrumb"},"inLanguage":"fr-FR","potentialAction":[{"@type":"ReadAction","target":["https:\/\/regions-snetap-fsu.fr\/formation\/2019\/04\/24\/paraclet-declaration-et-motion-au-conseil-dadministration-du-23-avril-2019\/"]}]},{"@type":"BreadcrumbList","@id":"https:\/\/regions-snetap-fsu.fr\/formation\/2019\/04\/24\/paraclet-declaration-et-motion-au-conseil-dadministration-du-23-avril-2019\/#breadcrumb","itemListElement":[{"@type":"ListItem","position":1,"name":"Accueil","item":"https:\/\/regions-snetap-fsu.fr\/formation\/"},{"@type":"ListItem","position":2,"name":"Paraclet : D\u00e9claration et motion au Conseil d&rsquo;Administration du 23 avril 2019"}]},{"@type":"WebSite","@id":"https:\/\/regions-snetap-fsu.fr\/formation\/#website","url":"https:\/\/regions-snetap-fsu.fr\/formation\/","name":"Formation des sites R\u00e9gionaux du SNETAP-FSU","description":"","publisher":{"@id":"https:\/\/regions-snetap-fsu.fr\/formation\/#organization"},"potentialAction":[{"@type":"SearchAction","target":{"@type":"EntryPoint","urlTemplate":"https:\/\/regions-snetap-fsu.fr\/formation\/?s={search_term_string}"},"query-input":{"@type":"PropertyValueSpecification","valueRequired":true,"valueName":"search_term_string"}}],"inLanguage":"fr-FR"},{"@type":"Organization","@id":"https:\/\/regions-snetap-fsu.fr\/formation\/#organization","name":"Formation des sites R\u00e9gionaux du SNETAP-FSU","url":"https:\/\/regions-snetap-fsu.fr\/formation\/","logo":{"@type":"ImageObject","inLanguage":"fr-FR","@id":"https:\/\/regions-snetap-fsu.fr\/formation\/#\/schema\/logo\/image\/","url":"https:\/\/regions-snetap-fsu.fr\/formation\/wp-content\/uploads\/sites\/20\/2025\/04\/cropped-Logo_blanc_fond_transparent_1000x755.png","contentUrl":"https:\/\/regions-snetap-fsu.fr\/formation\/wp-content\/uploads\/sites\/20\/2025\/04\/cropped-Logo_blanc_fond_transparent_1000x755.png","width":998,"height":689,"caption":"Formation des sites R\u00e9gionaux du SNETAP-FSU"},"image":{"@id":"https:\/\/regions-snetap-fsu.fr\/formation\/#\/schema\/logo\/image\/"}},{"@type":"Person","@id":"https:\/\/regions-snetap-fsu.fr\/formation\/#\/schema\/person\/f5dc7b6354e942ca9c5fa8e9ff7e5c93","name":"yoctavien","image":{"@type":"ImageObject","inLanguage":"fr-FR","@id":"https:\/\/secure.gravatar.com\/avatar\/382642c092b6b9da14641d3c478df2f3da4a2d17eea25691c232d4dbf735c292?s=96&d=mm&r=g","url":"https:\/\/secure.gravatar.com\/avatar\/382642c092b6b9da14641d3c478df2f3da4a2d17eea25691c232d4dbf735c292?s=96&d=mm&r=g","contentUrl":"https:\/\/secure.gravatar.com\/avatar\/382642c092b6b9da14641d3c478df2f3da4a2d17eea25691c232d4dbf735c292?s=96&d=mm&r=g","caption":"yoctavien"},"url":"https:\/\/regions-snetap-fsu.fr\/formation\/author\/yoctavien\/"}]}},"_links":{"self":[{"href":"https:\/\/regions-snetap-fsu.fr\/formation\/wp-json\/wp\/v2\/posts\/2119","targetHints":{"allow":["GET"]}}],"collection":[{"href":"https:\/\/regions-snetap-fsu.fr\/formation\/wp-json\/wp\/v2\/posts"}],"about":[{"href":"https:\/\/regions-snetap-fsu.fr\/formation\/wp-json\/wp\/v2\/types\/post"}],"author":[{"embeddable":true,"href":"https:\/\/regions-snetap-fsu.fr\/formation\/wp-json\/wp\/v2\/users\/138"}],"replies":[{"embeddable":true,"href":"https:\/\/regions-snetap-fsu.fr\/formation\/wp-json\/wp\/v2\/comments?post=2119"}],"version-history":[{"count":0,"href":"https:\/\/regions-snetap-fsu.fr\/formation\/wp-json\/wp\/v2\/posts\/2119\/revisions"}],"wp:attachment":[{"href":"https:\/\/regions-snetap-fsu.fr\/formation\/wp-json\/wp\/v2\/media?parent=2119"}],"wp:term":[{"taxonomy":"category","embeddable":true,"href":"https:\/\/regions-snetap-fsu.fr\/formation\/wp-json\/wp\/v2\/categories?post=2119"},{"taxonomy":"post_tag","embeddable":true,"href":"https:\/\/regions-snetap-fsu.fr\/formation\/wp-json\/wp\/v2\/tags?post=2119"},{"taxonomy":"post_folder","embeddable":true,"href":"https:\/\/regions-snetap-fsu.fr\/formation\/wp-json\/wp\/v2\/post_folder?post=2119"}],"curies":[{"name":"wp","href":"https:\/\/api.w.org\/{rel}","templated":true}]}}