{"id":2104,"date":"2019-04-15T18:08:24","date_gmt":"2019-04-15T16:08:24","guid":{"rendered":"https:\/\/regions-snetap-fsu.fr\/hdf\/?p=2104"},"modified":"2019-04-15T18:08:24","modified_gmt":"2019-04-15T16:08:24","slug":"lenseignement-agricole-prive-ne-respect-pas-le-code-rural","status":"publish","type":"post","link":"https:\/\/regions-snetap-fsu.fr\/formation\/2019\/04\/15\/lenseignement-agricole-prive-ne-respect-pas-le-code-rural\/","title":{"rendered":"L&rsquo;enseignement agricole priv\u00e9 ne respect pas le code rural"},"content":{"rendered":"<h2 style=\"text-align: center\"><span style=\"color: #ff0000\">Quand l&rsquo;enseignement agricole priv\u00e9<\/span><\/h2>\n<h2 style=\"text-align: center\"><span style=\"color: #ff0000\">communique sans respecter<\/span><\/h2>\n<h2 style=\"text-align: center\"><span style=\"color: #ff0000\">le code rural &#8230;<\/span><\/h2>\n<p style=\"text-align: justify\"><span style=\"color: #0000ff\">Ci-dessous, le courrier adress\u00e9 par la section r\u00e9gionale SNETAP-FSU des Hauts-deFrance \u00e0 la DRAAF de la R\u00e9gion Hauts-de-France :<\/span><\/p>\n<p align=\"right\"><span style=\"font-size: 12pt;color: #000000\">Radinghem, le 15 avril 2019<\/span><\/p>\n<p><span style=\"font-size: 12pt;color: #000000\"><u>Objet<\/u> : Vigilance Priv\u00e9.<\/span><\/p>\n<p align=\"left\"><span style=\"font-size: 12pt;color: #000000\">Monsieur le Directeur r\u00e9gional,<\/span><\/p>\n<p style=\"text-align: justify\"><span style=\"font-size: 12pt;color: #000000\">La section r\u00e9gionale du SNETAP-FSU attire votre attention en cette p\u00e9riode de l\u2019ann\u00e9e (au moment o\u00f9 s\u2019ouvre la p\u00e9riode de recrutement et de portes ouvertes) sur une situation qui perdure depuis de nombreuses ann\u00e9es \u00e0 savoir la d\u00e9ferlante des messages publicitaires des \u00e9tablissements de l\u2019enseignement agricole priv\u00e9 et des Maisons Familiales et Rurales. Ainsi que ce soit sur Internet ou dans la presse locale ou r\u00e9gionale, ces \u00e9tablissements d\u00e9veloppent une communication intense. A cette occasion, certains de ces \u00e9tablissements omettent de mentionner le caract\u00e8re priv\u00e9 de leur structure.<\/span><\/p>\n<p style=\"text-align: justify\"><span style=\"font-size: 12pt;color: #000000\">De m\u00eame, un \u00e9tablissement priv\u00e9 ne peut utiliser les logos types de la R\u00e9publique ou Marianne voire m\u00eame de l\u2019\u00c9ducation Nationale.<\/span><\/p>\n<p style=\"text-align: justify\"><span style=\"font-size: 12pt;color: #000000\">Les Maisons Familiales et Rurales omettent tr\u00e8s souvent de mentionner que les formations universitaires qu\u2019ils sous-traitent sont de la g\u00e9rance des universit\u00e9s.<\/span><\/p>\n<p style=\"text-align: justify\"><span style=\"font-size: 12pt;color: #000000\">A titre d\u2019exemples, dans le cahier sp\u00e9cial de l\u2019hebdomadaire Terre et Territoires n\u00b096 du vendredi 15 f\u00e9vrier 2019 ou sur internet, les lyc\u00e9es agricoles priv\u00e9s d\u2019Hazebrouck, de Savy-Berlette, de Pecquencourt, ainsi que les MFR des Hauts-de-France, de Samer, de Campagne, de Marconne, d\u2019Hucquelier, de Rollancourt, de Berlencourt, d\u2019Eclusier-Vaux, du Cateau, d\u2019Avesne-sur-Helpe, n\u2019ont pas respect\u00e9 le code rural en ne mentionnant pas leur caract\u00e8re priv\u00e9 et\/ou en utilisant les logos dont ils n\u2019ont pas la propri\u00e9t\u00e9 &#8230;<br \/>\n<\/span><\/p>\n<p><span style=\"text-decoration: underline\"><span style=\"color: #000000;text-decoration: underline\"><a style=\"color: #000000;text-decoration: underline\" href=\"https:\/\/drive.google.com\/open?id=1LGKqVjuzVTlKtBZqhodHSWeGFkaQUifQ\" target=\"_blank\" rel=\"noopener noreferrer\"><span style=\"color: #0000ff;text-decoration: underline\">Lien : Documents publicitaires du priv\u00e9<\/span><\/a><\/span><\/span><\/p>\n<p style=\"text-align: justify\"><span style=\"font-size: 12pt;color: #000000\">&#8230; Or, le code rural et la r\u00e9glementation sont clairs et ne manquent pas de dispositifs dissuasifs sur le sujet : en vertu de l\u2019article R 813-8 du Code rural et de la p\u00eache maritime : \u00abtoute information ou publicit\u00e9 diffus\u00e9e par l\u2019\u00e9tablissement doit clairement faire appara\u00eetre son caract\u00e8re priv\u00e9 et indiquer les formations sous contrats et les formations hors contrat. (\u2026) En cas de manquements aux dispositions du premier alin\u00e9a ci-dessus sont applicables les sanctions relatives aux manquements graves mentionn\u00e9s \u00e0 l\u2019article R 813-13\u00bb.<\/span><\/p>\n<p style=\"text-align: justify\"><span style=\"font-size: 12pt;color: #000000\">Lors d\u2019un CREA en 2017, nous avons alert\u00e9 aux membres pr\u00e9sents du non-respect du code rural par ces \u00e9tablissements, nous constatons, malheureusement, que ces \u00e9tablissements continuent d\u2019ignorer la loi.<\/span><\/p>\n<p style=\"text-align: justify\"><span style=\"font-size: 12pt;color: #000000\">Par la pr\u00e9sente, nous vous demandons Monsieur le Directeur r\u00e9gional de rappeler aux \u00e9tablissements concern\u00e9s les dispositifs du Code Rural qu\u2019ils se doivent de respecter. Nous souhaiterions, par ailleurs, qu\u2019une communication publique \u00e0 tous les membres du CREA soit r\u00e9alis\u00e9e \u00e0 ce sujet.<\/span><\/p>\n<p style=\"text-align: justify\"><span style=\"font-size: 12pt;color: #000000\">Nous profitons de ce courrier, pour attirer votre attention sur l\u2019ouverture de la formation soigneur en parc zoologique au lyc\u00e9e agricole priv\u00e9 St Joseph \u00e0 Bucquoy. Nous sommes tr\u00e8s \u00e9tonn\u00e9s de cette formation qui semble-t-il n\u2019a pas re\u00e7u l\u2019aval de vos services. Ce lyc\u00e9e communicant beaucoup pour cette formation sans pr\u00e9ciser si elle est sous contrat ou hors contrat avec le minist\u00e8re de l\u2019agriculture. Comment cela est-il donc possible ?<\/span><\/p>\n<p style=\"text-align: justify\"><span style=\"font-size: 12pt;color: #000000\">Dans l\u2019attente de votre r\u00e9ponse, nous vous prions de croire, Monsieur le Directeur r\u00e9gional, en notre d\u00e9vouement le plus sinc\u00e8re pour le Service Public d\u2019\u00e9ducation.<\/span><\/p>\n<p><span style=\"font-size: 12pt;color: #000000\">Pour le bureau r\u00e9gional des Hauts-de-France,<\/span><\/p>\n","protected":false},"excerpt":{"rendered":"<p>Quand l&rsquo;enseignement agricole priv\u00e9 communique sans respecter le code rural &#8230; Ci-dessous, le courrier adress\u00e9 par la section r\u00e9gionale SNETAP-FSU des Hauts-deFrance \u00e0 la DRAAF de la R\u00e9gion Hauts-de-France : Radinghem, le 15 avril 2019 Objet : Vigilance Priv\u00e9. Monsieur le Directeur r\u00e9gional, La section r\u00e9gionale du SNETAP-FSU attire votre attention en cette p\u00e9riode de [&hellip;]<\/p>\n","protected":false},"author":138,"featured_media":0,"comment_status":"closed","ping_status":"closed","sticky":false,"template":"","format":"standard","meta":{"ocean_post_layout":"","ocean_both_sidebars_style":"","ocean_both_sidebars_content_width":0,"ocean_both_sidebars_sidebars_width":0,"ocean_sidebar":"","ocean_second_sidebar":"","ocean_disable_margins":"enable","ocean_add_body_class":"","ocean_shortcode_before_top_bar":"","ocean_shortcode_after_top_bar":"","ocean_shortcode_before_header":"","ocean_shortcode_after_header":"","ocean_has_shortcode":"","ocean_shortcode_after_title":"","ocean_shortcode_before_footer_widgets":"","ocean_shortcode_after_footer_widgets":"","ocean_shortcode_before_footer_bottom":"","ocean_shortcode_after_footer_bottom":"","ocean_display_top_bar":"default","ocean_display_header":"default","ocean_header_style":"","ocean_center_header_left_menu":"","ocean_custom_header_template":"","ocean_custom_logo":0,"ocean_custom_retina_logo":0,"ocean_custom_logo_max_width":0,"ocean_custom_logo_tablet_max_width":0,"ocean_custom_logo_mobile_max_width":0,"ocean_custom_logo_max_height":0,"ocean_custom_logo_tablet_max_height":0,"ocean_custom_logo_mobile_max_height":0,"ocean_header_custom_menu":"","ocean_menu_typo_font_family":"","ocean_menu_typo_font_subset":"","ocean_menu_typo_font_size":0,"ocean_menu_typo_font_size_tablet":0,"ocean_menu_typo_font_size_mobile":0,"ocean_menu_typo_font_size_unit":"px","ocean_menu_typo_font_weight":"","ocean_menu_typo_font_weight_tablet":"","ocean_menu_typo_font_weight_mobile":"","ocean_menu_typo_transform":"","ocean_menu_typo_transform_tablet":"","ocean_menu_typo_transform_mobile":"","ocean_menu_typo_line_height":0,"ocean_menu_typo_line_height_tablet":0,"ocean_menu_typo_line_height_mobile":0,"ocean_menu_typo_line_height_unit":"","ocean_menu_typo_spacing":0,"ocean_menu_typo_spacing_tablet":0,"ocean_menu_typo_spacing_mobile":0,"ocean_menu_typo_spacing_unit":"","ocean_menu_link_color":"","ocean_menu_link_color_hover":"","ocean_menu_link_color_active":"","ocean_menu_link_background":"","ocean_menu_link_hover_background":"","ocean_menu_link_active_background":"","ocean_menu_social_links_bg":"","ocean_menu_social_hover_links_bg":"","ocean_menu_social_links_color":"","ocean_menu_social_hover_links_color":"","ocean_disable_title":"default","ocean_disable_heading":"default","ocean_post_title":"","ocean_post_subheading":"","ocean_post_title_style":"","ocean_post_title_background_color":"","ocean_post_title_background":0,"ocean_post_title_bg_image_position":"","ocean_post_title_bg_image_attachment":"","ocean_post_title_bg_image_repeat":"","ocean_post_title_bg_image_size":"","ocean_post_title_height":0,"ocean_post_title_bg_overlay":0.5,"ocean_post_title_bg_overlay_color":"","ocean_disable_breadcrumbs":"default","ocean_breadcrumbs_color":"","ocean_breadcrumbs_separator_color":"","ocean_breadcrumbs_links_color":"","ocean_breadcrumbs_links_hover_color":"","ocean_display_footer_widgets":"default","ocean_display_footer_bottom":"default","ocean_custom_footer_template":"","ocean_post_oembed":"","ocean_post_self_hosted_media":"","ocean_post_video_embed":"","ocean_link_format":"","ocean_link_format_target":"self","ocean_quote_format":"","ocean_quote_format_link":"post","ocean_gallery_link_images":"on","ocean_gallery_id":[],"footnotes":""},"categories":[30],"tags":[],"post_folder":[],"class_list":["post-2104","post","type-post","status-publish","format-standard","hentry","category-vigilance-prive","entry"],"yoast_head":"<!-- This site is optimized with the Yoast SEO plugin v27.4 - https:\/\/yoast.com\/product\/yoast-seo-wordpress\/ -->\n<title>L&#039;enseignement agricole priv\u00e9 ne respect pas le code rural - Formation des sites R\u00e9gionaux du SNETAP-FSU<\/title>\n<meta name=\"robots\" content=\"index, follow, max-snippet:-1, max-image-preview:large, max-video-preview:-1\" \/>\n<link rel=\"canonical\" href=\"https:\/\/regions-snetap-fsu.fr\/formation\/2019\/04\/15\/lenseignement-agricole-prive-ne-respect-pas-le-code-rural\/\" \/>\n<meta property=\"og:locale\" content=\"fr_FR\" \/>\n<meta property=\"og:type\" content=\"article\" \/>\n<meta property=\"og:title\" content=\"L&#039;enseignement agricole priv\u00e9 ne respect pas le code rural - Formation des sites R\u00e9gionaux du SNETAP-FSU\" \/>\n<meta property=\"og:description\" content=\"Quand l&rsquo;enseignement agricole priv\u00e9 communique sans respecter le code rural &#8230; Ci-dessous, le courrier adress\u00e9 par la section r\u00e9gionale SNETAP-FSU des Hauts-deFrance \u00e0 la DRAAF de la R\u00e9gion Hauts-de-France : Radinghem, le 15 avril 2019 Objet : Vigilance Priv\u00e9. Monsieur le Directeur r\u00e9gional, La section r\u00e9gionale du SNETAP-FSU attire votre attention en cette p\u00e9riode de [&hellip;]\" \/>\n<meta property=\"og:url\" content=\"https:\/\/regions-snetap-fsu.fr\/formation\/2019\/04\/15\/lenseignement-agricole-prive-ne-respect-pas-le-code-rural\/\" \/>\n<meta property=\"og:site_name\" content=\"Formation des sites R\u00e9gionaux du SNETAP-FSU\" \/>\n<meta property=\"article:published_time\" content=\"2019-04-15T16:08:24+00:00\" \/>\n<meta name=\"author\" content=\"yoctavien\" \/>\n<meta name=\"twitter:card\" content=\"summary_large_image\" \/>\n<meta name=\"twitter:label1\" content=\"\u00c9crit par\" \/>\n\t<meta name=\"twitter:data1\" content=\"yoctavien\" \/>\n\t<meta name=\"twitter:label2\" content=\"Dur\u00e9e de lecture estim\u00e9e\" \/>\n\t<meta name=\"twitter:data2\" content=\"3 minutes\" \/>\n<script type=\"application\/ld+json\" class=\"yoast-schema-graph\">{\"@context\":\"https:\\\/\\\/schema.org\",\"@graph\":[{\"@type\":\"Article\",\"@id\":\"https:\\\/\\\/regions-snetap-fsu.fr\\\/formation\\\/2019\\\/04\\\/15\\\/lenseignement-agricole-prive-ne-respect-pas-le-code-rural\\\/#article\",\"isPartOf\":{\"@id\":\"https:\\\/\\\/regions-snetap-fsu.fr\\\/formation\\\/2019\\\/04\\\/15\\\/lenseignement-agricole-prive-ne-respect-pas-le-code-rural\\\/\"},\"author\":{\"name\":\"yoctavien\",\"@id\":\"https:\\\/\\\/regions-snetap-fsu.fr\\\/formation\\\/#\\\/schema\\\/person\\\/f5dc7b6354e942ca9c5fa8e9ff7e5c93\"},\"headline\":\"L&rsquo;enseignement agricole priv\u00e9 ne respect pas le code rural\",\"datePublished\":\"2019-04-15T16:08:24+00:00\",\"mainEntityOfPage\":{\"@id\":\"https:\\\/\\\/regions-snetap-fsu.fr\\\/formation\\\/2019\\\/04\\\/15\\\/lenseignement-agricole-prive-ne-respect-pas-le-code-rural\\\/\"},\"wordCount\":580,\"publisher\":{\"@id\":\"https:\\\/\\\/regions-snetap-fsu.fr\\\/formation\\\/#organization\"},\"articleSection\":[\"Vigilance priv\u00e9\"],\"inLanguage\":\"fr-FR\"},{\"@type\":\"WebPage\",\"@id\":\"https:\\\/\\\/regions-snetap-fsu.fr\\\/formation\\\/2019\\\/04\\\/15\\\/lenseignement-agricole-prive-ne-respect-pas-le-code-rural\\\/\",\"url\":\"https:\\\/\\\/regions-snetap-fsu.fr\\\/formation\\\/2019\\\/04\\\/15\\\/lenseignement-agricole-prive-ne-respect-pas-le-code-rural\\\/\",\"name\":\"L'enseignement agricole priv\u00e9 ne respect pas le code rural - Formation des sites R\u00e9gionaux du SNETAP-FSU\",\"isPartOf\":{\"@id\":\"https:\\\/\\\/regions-snetap-fsu.fr\\\/formation\\\/#website\"},\"datePublished\":\"2019-04-15T16:08:24+00:00\",\"breadcrumb\":{\"@id\":\"https:\\\/\\\/regions-snetap-fsu.fr\\\/formation\\\/2019\\\/04\\\/15\\\/lenseignement-agricole-prive-ne-respect-pas-le-code-rural\\\/#breadcrumb\"},\"inLanguage\":\"fr-FR\",\"potentialAction\":[{\"@type\":\"ReadAction\",\"target\":[\"https:\\\/\\\/regions-snetap-fsu.fr\\\/formation\\\/2019\\\/04\\\/15\\\/lenseignement-agricole-prive-ne-respect-pas-le-code-rural\\\/\"]}]},{\"@type\":\"BreadcrumbList\",\"@id\":\"https:\\\/\\\/regions-snetap-fsu.fr\\\/formation\\\/2019\\\/04\\\/15\\\/lenseignement-agricole-prive-ne-respect-pas-le-code-rural\\\/#breadcrumb\",\"itemListElement\":[{\"@type\":\"ListItem\",\"position\":1,\"name\":\"Accueil\",\"item\":\"https:\\\/\\\/regions-snetap-fsu.fr\\\/formation\\\/\"},{\"@type\":\"ListItem\",\"position\":2,\"name\":\"L&rsquo;enseignement agricole priv\u00e9 ne respect pas le code rural\"}]},{\"@type\":\"WebSite\",\"@id\":\"https:\\\/\\\/regions-snetap-fsu.fr\\\/formation\\\/#website\",\"url\":\"https:\\\/\\\/regions-snetap-fsu.fr\\\/formation\\\/\",\"name\":\"Formation des sites R\u00e9gionaux du SNETAP-FSU\",\"description\":\"\",\"publisher\":{\"@id\":\"https:\\\/\\\/regions-snetap-fsu.fr\\\/formation\\\/#organization\"},\"potentialAction\":[{\"@type\":\"SearchAction\",\"target\":{\"@type\":\"EntryPoint\",\"urlTemplate\":\"https:\\\/\\\/regions-snetap-fsu.fr\\\/formation\\\/?s={search_term_string}\"},\"query-input\":{\"@type\":\"PropertyValueSpecification\",\"valueRequired\":true,\"valueName\":\"search_term_string\"}}],\"inLanguage\":\"fr-FR\"},{\"@type\":\"Organization\",\"@id\":\"https:\\\/\\\/regions-snetap-fsu.fr\\\/formation\\\/#organization\",\"name\":\"Formation des sites R\u00e9gionaux du SNETAP-FSU\",\"url\":\"https:\\\/\\\/regions-snetap-fsu.fr\\\/formation\\\/\",\"logo\":{\"@type\":\"ImageObject\",\"inLanguage\":\"fr-FR\",\"@id\":\"https:\\\/\\\/regions-snetap-fsu.fr\\\/formation\\\/#\\\/schema\\\/logo\\\/image\\\/\",\"url\":\"https:\\\/\\\/regions-snetap-fsu.fr\\\/formation\\\/wp-content\\\/uploads\\\/sites\\\/20\\\/2025\\\/04\\\/cropped-Logo_blanc_fond_transparent_1000x755.png\",\"contentUrl\":\"https:\\\/\\\/regions-snetap-fsu.fr\\\/formation\\\/wp-content\\\/uploads\\\/sites\\\/20\\\/2025\\\/04\\\/cropped-Logo_blanc_fond_transparent_1000x755.png\",\"width\":998,\"height\":689,\"caption\":\"Formation des sites R\u00e9gionaux du SNETAP-FSU\"},\"image\":{\"@id\":\"https:\\\/\\\/regions-snetap-fsu.fr\\\/formation\\\/#\\\/schema\\\/logo\\\/image\\\/\"}},{\"@type\":\"Person\",\"@id\":\"https:\\\/\\\/regions-snetap-fsu.fr\\\/formation\\\/#\\\/schema\\\/person\\\/f5dc7b6354e942ca9c5fa8e9ff7e5c93\",\"name\":\"yoctavien\",\"image\":{\"@type\":\"ImageObject\",\"inLanguage\":\"fr-FR\",\"@id\":\"https:\\\/\\\/secure.gravatar.com\\\/avatar\\\/382642c092b6b9da14641d3c478df2f3da4a2d17eea25691c232d4dbf735c292?s=96&d=mm&r=g\",\"url\":\"https:\\\/\\\/secure.gravatar.com\\\/avatar\\\/382642c092b6b9da14641d3c478df2f3da4a2d17eea25691c232d4dbf735c292?s=96&d=mm&r=g\",\"contentUrl\":\"https:\\\/\\\/secure.gravatar.com\\\/avatar\\\/382642c092b6b9da14641d3c478df2f3da4a2d17eea25691c232d4dbf735c292?s=96&d=mm&r=g\",\"caption\":\"yoctavien\"},\"url\":\"https:\\\/\\\/regions-snetap-fsu.fr\\\/formation\\\/author\\\/yoctavien\\\/\"}]}<\/script>\n<!-- \/ Yoast SEO plugin. -->","yoast_head_json":{"title":"L'enseignement agricole priv\u00e9 ne respect pas le code rural - Formation des sites R\u00e9gionaux du SNETAP-FSU","robots":{"index":"index","follow":"follow","max-snippet":"max-snippet:-1","max-image-preview":"max-image-preview:large","max-video-preview":"max-video-preview:-1"},"canonical":"https:\/\/regions-snetap-fsu.fr\/formation\/2019\/04\/15\/lenseignement-agricole-prive-ne-respect-pas-le-code-rural\/","og_locale":"fr_FR","og_type":"article","og_title":"L'enseignement agricole priv\u00e9 ne respect pas le code rural - Formation des sites R\u00e9gionaux du SNETAP-FSU","og_description":"Quand l&rsquo;enseignement agricole priv\u00e9 communique sans respecter le code rural &#8230; Ci-dessous, le courrier adress\u00e9 par la section r\u00e9gionale SNETAP-FSU des Hauts-deFrance \u00e0 la DRAAF de la R\u00e9gion Hauts-de-France : Radinghem, le 15 avril 2019 Objet : Vigilance Priv\u00e9. Monsieur le Directeur r\u00e9gional, La section r\u00e9gionale du SNETAP-FSU attire votre attention en cette p\u00e9riode de [&hellip;]","og_url":"https:\/\/regions-snetap-fsu.fr\/formation\/2019\/04\/15\/lenseignement-agricole-prive-ne-respect-pas-le-code-rural\/","og_site_name":"Formation des sites R\u00e9gionaux du SNETAP-FSU","article_published_time":"2019-04-15T16:08:24+00:00","author":"yoctavien","twitter_card":"summary_large_image","twitter_misc":{"\u00c9crit par":"yoctavien","Dur\u00e9e de lecture estim\u00e9e":"3 minutes"},"schema":{"@context":"https:\/\/schema.org","@graph":[{"@type":"Article","@id":"https:\/\/regions-snetap-fsu.fr\/formation\/2019\/04\/15\/lenseignement-agricole-prive-ne-respect-pas-le-code-rural\/#article","isPartOf":{"@id":"https:\/\/regions-snetap-fsu.fr\/formation\/2019\/04\/15\/lenseignement-agricole-prive-ne-respect-pas-le-code-rural\/"},"author":{"name":"yoctavien","@id":"https:\/\/regions-snetap-fsu.fr\/formation\/#\/schema\/person\/f5dc7b6354e942ca9c5fa8e9ff7e5c93"},"headline":"L&rsquo;enseignement agricole priv\u00e9 ne respect pas le code rural","datePublished":"2019-04-15T16:08:24+00:00","mainEntityOfPage":{"@id":"https:\/\/regions-snetap-fsu.fr\/formation\/2019\/04\/15\/lenseignement-agricole-prive-ne-respect-pas-le-code-rural\/"},"wordCount":580,"publisher":{"@id":"https:\/\/regions-snetap-fsu.fr\/formation\/#organization"},"articleSection":["Vigilance priv\u00e9"],"inLanguage":"fr-FR"},{"@type":"WebPage","@id":"https:\/\/regions-snetap-fsu.fr\/formation\/2019\/04\/15\/lenseignement-agricole-prive-ne-respect-pas-le-code-rural\/","url":"https:\/\/regions-snetap-fsu.fr\/formation\/2019\/04\/15\/lenseignement-agricole-prive-ne-respect-pas-le-code-rural\/","name":"L'enseignement agricole priv\u00e9 ne respect pas le code rural - Formation des sites R\u00e9gionaux du SNETAP-FSU","isPartOf":{"@id":"https:\/\/regions-snetap-fsu.fr\/formation\/#website"},"datePublished":"2019-04-15T16:08:24+00:00","breadcrumb":{"@id":"https:\/\/regions-snetap-fsu.fr\/formation\/2019\/04\/15\/lenseignement-agricole-prive-ne-respect-pas-le-code-rural\/#breadcrumb"},"inLanguage":"fr-FR","potentialAction":[{"@type":"ReadAction","target":["https:\/\/regions-snetap-fsu.fr\/formation\/2019\/04\/15\/lenseignement-agricole-prive-ne-respect-pas-le-code-rural\/"]}]},{"@type":"BreadcrumbList","@id":"https:\/\/regions-snetap-fsu.fr\/formation\/2019\/04\/15\/lenseignement-agricole-prive-ne-respect-pas-le-code-rural\/#breadcrumb","itemListElement":[{"@type":"ListItem","position":1,"name":"Accueil","item":"https:\/\/regions-snetap-fsu.fr\/formation\/"},{"@type":"ListItem","position":2,"name":"L&rsquo;enseignement agricole priv\u00e9 ne respect pas le code rural"}]},{"@type":"WebSite","@id":"https:\/\/regions-snetap-fsu.fr\/formation\/#website","url":"https:\/\/regions-snetap-fsu.fr\/formation\/","name":"Formation des sites R\u00e9gionaux du SNETAP-FSU","description":"","publisher":{"@id":"https:\/\/regions-snetap-fsu.fr\/formation\/#organization"},"potentialAction":[{"@type":"SearchAction","target":{"@type":"EntryPoint","urlTemplate":"https:\/\/regions-snetap-fsu.fr\/formation\/?s={search_term_string}"},"query-input":{"@type":"PropertyValueSpecification","valueRequired":true,"valueName":"search_term_string"}}],"inLanguage":"fr-FR"},{"@type":"Organization","@id":"https:\/\/regions-snetap-fsu.fr\/formation\/#organization","name":"Formation des sites R\u00e9gionaux du SNETAP-FSU","url":"https:\/\/regions-snetap-fsu.fr\/formation\/","logo":{"@type":"ImageObject","inLanguage":"fr-FR","@id":"https:\/\/regions-snetap-fsu.fr\/formation\/#\/schema\/logo\/image\/","url":"https:\/\/regions-snetap-fsu.fr\/formation\/wp-content\/uploads\/sites\/20\/2025\/04\/cropped-Logo_blanc_fond_transparent_1000x755.png","contentUrl":"https:\/\/regions-snetap-fsu.fr\/formation\/wp-content\/uploads\/sites\/20\/2025\/04\/cropped-Logo_blanc_fond_transparent_1000x755.png","width":998,"height":689,"caption":"Formation des sites R\u00e9gionaux du SNETAP-FSU"},"image":{"@id":"https:\/\/regions-snetap-fsu.fr\/formation\/#\/schema\/logo\/image\/"}},{"@type":"Person","@id":"https:\/\/regions-snetap-fsu.fr\/formation\/#\/schema\/person\/f5dc7b6354e942ca9c5fa8e9ff7e5c93","name":"yoctavien","image":{"@type":"ImageObject","inLanguage":"fr-FR","@id":"https:\/\/secure.gravatar.com\/avatar\/382642c092b6b9da14641d3c478df2f3da4a2d17eea25691c232d4dbf735c292?s=96&d=mm&r=g","url":"https:\/\/secure.gravatar.com\/avatar\/382642c092b6b9da14641d3c478df2f3da4a2d17eea25691c232d4dbf735c292?s=96&d=mm&r=g","contentUrl":"https:\/\/secure.gravatar.com\/avatar\/382642c092b6b9da14641d3c478df2f3da4a2d17eea25691c232d4dbf735c292?s=96&d=mm&r=g","caption":"yoctavien"},"url":"https:\/\/regions-snetap-fsu.fr\/formation\/author\/yoctavien\/"}]}},"_links":{"self":[{"href":"https:\/\/regions-snetap-fsu.fr\/formation\/wp-json\/wp\/v2\/posts\/2104","targetHints":{"allow":["GET"]}}],"collection":[{"href":"https:\/\/regions-snetap-fsu.fr\/formation\/wp-json\/wp\/v2\/posts"}],"about":[{"href":"https:\/\/regions-snetap-fsu.fr\/formation\/wp-json\/wp\/v2\/types\/post"}],"author":[{"embeddable":true,"href":"https:\/\/regions-snetap-fsu.fr\/formation\/wp-json\/wp\/v2\/users\/138"}],"replies":[{"embeddable":true,"href":"https:\/\/regions-snetap-fsu.fr\/formation\/wp-json\/wp\/v2\/comments?post=2104"}],"version-history":[{"count":0,"href":"https:\/\/regions-snetap-fsu.fr\/formation\/wp-json\/wp\/v2\/posts\/2104\/revisions"}],"wp:attachment":[{"href":"https:\/\/regions-snetap-fsu.fr\/formation\/wp-json\/wp\/v2\/media?parent=2104"}],"wp:term":[{"taxonomy":"category","embeddable":true,"href":"https:\/\/regions-snetap-fsu.fr\/formation\/wp-json\/wp\/v2\/categories?post=2104"},{"taxonomy":"post_tag","embeddable":true,"href":"https:\/\/regions-snetap-fsu.fr\/formation\/wp-json\/wp\/v2\/tags?post=2104"},{"taxonomy":"post_folder","embeddable":true,"href":"https:\/\/regions-snetap-fsu.fr\/formation\/wp-json\/wp\/v2\/post_folder?post=2104"}],"curies":[{"name":"wp","href":"https:\/\/api.w.org\/{rel}","templated":true}]}}