{"id":2093,"date":"2019-04-14T19:15:18","date_gmt":"2019-04-14T17:15:18","guid":{"rendered":"https:\/\/regions-snetap-fsu.fr\/hdf\/?p=2093"},"modified":"2019-04-14T19:15:18","modified_gmt":"2019-04-14T17:15:18","slug":"lumiere-sur-la-mairie-brune-dhenin-beaumont-la-chronique-de-visa","status":"publish","type":"post","link":"https:\/\/regions-snetap-fsu.fr\/formation\/2019\/04\/14\/lumiere-sur-la-mairie-brune-dhenin-beaumont-la-chronique-de-visa\/","title":{"rendered":"Lumi\u00e8re sur la mairie brune d&rsquo;H\u00e9nin-Beaumont &#8211; la chronique de VISA"},"content":{"rendered":"<h2 style=\"text-align: center\"><span style=\"color: #ff0000\">Lumi\u00e8re sur la mairie brune<\/span><\/h2>\n<h2 style=\"text-align: center\"><span style=\"color: #ff0000\">d&rsquo;H\u00e9nin-Beaumont<\/span><\/h2>\n<h2 style=\"text-align: center\"><span style=\"color: #ff0000\">la chronique de VISA<\/span><\/h2>\n<p style=\"text-align: justify\"><span style=\"color: #0000ff\">VISA, Vigilance Initiatives Syndicales Antifascistes, dans sa chronique n\u00b012 d&rsquo;avril 2019, fait le point des diff\u00e9rentes mairies g\u00e9r\u00e9es par le RN (ex FN).<\/span><\/p>\n<p style=\"text-align: justify\"><span style=\"color: #0000ff\">Pour la mairie d&rsquo;H\u00e9nin-Beaumont le bilan est le suivant :<\/span><\/p>\n<p style=\"text-align: justify\"><span style=\"color: #000000\">A H\u00e9nin-Beaumont, la municipalit\u00e9 reste relativement prudente dans la mesure o\u00f9 parmi toutes les mairies du FN devenu RN, c\u2019est la plus en vue : le 10 d\u00e9cembre 2018, son maire, Steeve Briois, a \u00e9t\u00e9 d\u00e9sign\u00e9 comme \u00ab directeur de campagne \u00bb du Rassemblement national pour les \u00e9lections europ\u00e9ennes du 26 mai 2019.<\/span><\/p>\n<p style=\"text-align: justify\"><span style=\"color: #000000\">C\u2019est, curieusement, au nom de la \u00ab neutralit\u00e9 politique \u00bb que la pr\u00e9sidente de ce parti \u2013 Marine Le Pen, qui est aussi d\u00e9put\u00e9e de la circonscription \u00e0 l\u2019Assembl\u00e9e nationale \u2013 demande l\u2019annulation d\u2019un d\u00e9bat avec l\u2019ex-pr\u00e9sident de la R\u00e9publique, Fran\u00e7ois Hollande, pr\u00e9sent dans un lyc\u00e9e de la ville (le lyc\u00e9e Darchicourt), le 22 mars 2019.<\/span><\/p>\n<p style=\"text-align: justify\"><span style=\"color: #000000\">D\u00e9but avril 2019, c\u2019est le taux d\u2019absent\u00e9isme du personnel de la ville qui a fait d\u00e9bat, au Conseil municipal. Depuis deux ans, toutes les municipalit\u00e9s de plus de 10.000 habitant-e-s doivent publier des chiffres, \u00e0 propos de leurs personnels, dans le cadre du\u00ab rapport d\u2019orientation budg\u00e9taire \u00bb soumis aux \u00e9lu-e-s du Conseil municipal.<\/span><\/p>\n<p style=\"text-align: justify\"><span style=\"color: #000000\">Or, contrairement \u00e0 d\u2019autres villes de la m\u00eame taille, la municipalit\u00e9 de H\u00e9nin-Beaumont a omis de communiquer des chiffres sur le taux d\u2019absent\u00e9isme, comme l\u2019a critiqu\u00e9 la conseill\u00e8re d\u2019opposition Marie Tondelier (EE-LV). Ces chiffres ne seraient-ils pas flatteurs pour la municipalit\u00e9&#8230; ?<\/span><\/p>\n<p><span style=\"color: #0000ff\">Retrouvez le bilan complet de VISA sur toutes les mairies g\u00e9r\u00e9es par le RN au lien ci-dessous :<\/span><\/p>\n<p><span style=\"text-decoration: underline;color: #000000\"><a style=\"color: #000000;text-decoration: underline\" href=\"https:\/\/drive.google.com\/open?id=1ZEeJk4Fosma2W8gY7I6xqc5zCbMdpfCH\" target=\"_blank\" rel=\"noopener noreferrer\">Lien : Lumi\u00e8re sur mairies brunes &#8211; La chronique de VISA &#8211; n\u00b012 &#8211; Avril 2019<\/a><\/span><\/p>\n<p style=\"text-align: center\"><span style=\"font-family: Arial, sans-serif;color: #ff0000\"><span style=\"font-size: large\"><span lang=\"fr-FR\"><b>\u00ab Pas une voix pour le RN \u00bb<\/b><\/span><\/span><\/span><\/p>\n","protected":false},"excerpt":{"rendered":"<p>Lumi\u00e8re sur la mairie brune d&rsquo;H\u00e9nin-Beaumont la chronique de VISA VISA, Vigilance Initiatives Syndicales Antifascistes, dans sa chronique n\u00b012 d&rsquo;avril 2019, fait le point des diff\u00e9rentes mairies g\u00e9r\u00e9es par le RN (ex FN). Pour la mairie d&rsquo;H\u00e9nin-Beaumont le bilan est le suivant : A H\u00e9nin-Beaumont, la municipalit\u00e9 reste relativement prudente dans la mesure o\u00f9 parmi [&hellip;]<\/p>\n","protected":false},"author":138,"featured_media":0,"comment_status":"closed","ping_status":"closed","sticky":false,"template":"","format":"standard","meta":{"ocean_post_layout":"","ocean_both_sidebars_style":"","ocean_both_sidebars_content_width":0,"ocean_both_sidebars_sidebars_width":0,"ocean_sidebar":"","ocean_second_sidebar":"","ocean_disable_margins":"enable","ocean_add_body_class":"","ocean_shortcode_before_top_bar":"","ocean_shortcode_after_top_bar":"","ocean_shortcode_before_header":"","ocean_shortcode_after_header":"","ocean_has_shortcode":"","ocean_shortcode_after_title":"","ocean_shortcode_before_footer_widgets":"","ocean_shortcode_after_footer_widgets":"","ocean_shortcode_before_footer_bottom":"","ocean_shortcode_after_footer_bottom":"","ocean_display_top_bar":"default","ocean_display_header":"default","ocean_header_style":"","ocean_center_header_left_menu":"","ocean_custom_header_template":"","ocean_custom_logo":0,"ocean_custom_retina_logo":0,"ocean_custom_logo_max_width":0,"ocean_custom_logo_tablet_max_width":0,"ocean_custom_logo_mobile_max_width":0,"ocean_custom_logo_max_height":0,"ocean_custom_logo_tablet_max_height":0,"ocean_custom_logo_mobile_max_height":0,"ocean_header_custom_menu":"","ocean_menu_typo_font_family":"","ocean_menu_typo_font_subset":"","ocean_menu_typo_font_size":0,"ocean_menu_typo_font_size_tablet":0,"ocean_menu_typo_font_size_mobile":0,"ocean_menu_typo_font_size_unit":"px","ocean_menu_typo_font_weight":"","ocean_menu_typo_font_weight_tablet":"","ocean_menu_typo_font_weight_mobile":"","ocean_menu_typo_transform":"","ocean_menu_typo_transform_tablet":"","ocean_menu_typo_transform_mobile":"","ocean_menu_typo_line_height":0,"ocean_menu_typo_line_height_tablet":0,"ocean_menu_typo_line_height_mobile":0,"ocean_menu_typo_line_height_unit":"","ocean_menu_typo_spacing":0,"ocean_menu_typo_spacing_tablet":0,"ocean_menu_typo_spacing_mobile":0,"ocean_menu_typo_spacing_unit":"","ocean_menu_link_color":"","ocean_menu_link_color_hover":"","ocean_menu_link_color_active":"","ocean_menu_link_background":"","ocean_menu_link_hover_background":"","ocean_menu_link_active_background":"","ocean_menu_social_links_bg":"","ocean_menu_social_hover_links_bg":"","ocean_menu_social_links_color":"","ocean_menu_social_hover_links_color":"","ocean_disable_title":"default","ocean_disable_heading":"default","ocean_post_title":"","ocean_post_subheading":"","ocean_post_title_style":"","ocean_post_title_background_color":"","ocean_post_title_background":0,"ocean_post_title_bg_image_position":"","ocean_post_title_bg_image_attachment":"","ocean_post_title_bg_image_repeat":"","ocean_post_title_bg_image_size":"","ocean_post_title_height":0,"ocean_post_title_bg_overlay":0.5,"ocean_post_title_bg_overlay_color":"","ocean_disable_breadcrumbs":"default","ocean_breadcrumbs_color":"","ocean_breadcrumbs_separator_color":"","ocean_breadcrumbs_links_color":"","ocean_breadcrumbs_links_hover_color":"","ocean_display_footer_widgets":"default","ocean_display_footer_bottom":"default","ocean_custom_footer_template":"","ocean_post_oembed":"","ocean_post_self_hosted_media":"","ocean_post_video_embed":"","ocean_link_format":"","ocean_link_format_target":"self","ocean_quote_format":"","ocean_quote_format_link":"post","ocean_gallery_link_images":"on","ocean_gallery_id":[],"footnotes":""},"categories":[27],"tags":[],"post_folder":[],"class_list":["post-2093","post","type-post","status-publish","format-standard","hentry","category-pour-information","entry"],"yoast_head":"<!-- This site is optimized with the Yoast SEO plugin v27.4 - https:\/\/yoast.com\/product\/yoast-seo-wordpress\/ -->\n<title>Lumi\u00e8re sur la mairie brune d&#039;H\u00e9nin-Beaumont - la chronique de VISA - Formation des sites R\u00e9gionaux du SNETAP-FSU<\/title>\n<meta name=\"robots\" content=\"index, follow, max-snippet:-1, max-image-preview:large, max-video-preview:-1\" \/>\n<link rel=\"canonical\" href=\"https:\/\/regions-snetap-fsu.fr\/formation\/2019\/04\/14\/lumiere-sur-la-mairie-brune-dhenin-beaumont-la-chronique-de-visa\/\" \/>\n<meta property=\"og:locale\" content=\"fr_FR\" \/>\n<meta property=\"og:type\" content=\"article\" \/>\n<meta property=\"og:title\" content=\"Lumi\u00e8re sur la mairie brune d&#039;H\u00e9nin-Beaumont - la chronique de VISA - Formation des sites R\u00e9gionaux du SNETAP-FSU\" \/>\n<meta property=\"og:description\" content=\"Lumi\u00e8re sur la mairie brune d&rsquo;H\u00e9nin-Beaumont la chronique de VISA VISA, Vigilance Initiatives Syndicales Antifascistes, dans sa chronique n\u00b012 d&rsquo;avril 2019, fait le point des diff\u00e9rentes mairies g\u00e9r\u00e9es par le RN (ex FN). Pour la mairie d&rsquo;H\u00e9nin-Beaumont le bilan est le suivant : A H\u00e9nin-Beaumont, la municipalit\u00e9 reste relativement prudente dans la mesure o\u00f9 parmi [&hellip;]\" \/>\n<meta property=\"og:url\" content=\"https:\/\/regions-snetap-fsu.fr\/formation\/2019\/04\/14\/lumiere-sur-la-mairie-brune-dhenin-beaumont-la-chronique-de-visa\/\" \/>\n<meta property=\"og:site_name\" content=\"Formation des sites R\u00e9gionaux du SNETAP-FSU\" \/>\n<meta property=\"article:published_time\" content=\"2019-04-14T17:15:18+00:00\" \/>\n<meta name=\"author\" content=\"yoctavien\" \/>\n<meta name=\"twitter:card\" content=\"summary_large_image\" \/>\n<meta name=\"twitter:label1\" content=\"\u00c9crit par\" \/>\n\t<meta name=\"twitter:data1\" content=\"yoctavien\" \/>\n\t<meta name=\"twitter:label2\" content=\"Dur\u00e9e de lecture estim\u00e9e\" \/>\n\t<meta name=\"twitter:data2\" content=\"2 minutes\" \/>\n<script type=\"application\/ld+json\" class=\"yoast-schema-graph\">{\"@context\":\"https:\\\/\\\/schema.org\",\"@graph\":[{\"@type\":\"Article\",\"@id\":\"https:\\\/\\\/regions-snetap-fsu.fr\\\/formation\\\/2019\\\/04\\\/14\\\/lumiere-sur-la-mairie-brune-dhenin-beaumont-la-chronique-de-visa\\\/#article\",\"isPartOf\":{\"@id\":\"https:\\\/\\\/regions-snetap-fsu.fr\\\/formation\\\/2019\\\/04\\\/14\\\/lumiere-sur-la-mairie-brune-dhenin-beaumont-la-chronique-de-visa\\\/\"},\"author\":{\"name\":\"yoctavien\",\"@id\":\"https:\\\/\\\/regions-snetap-fsu.fr\\\/formation\\\/#\\\/schema\\\/person\\\/f5dc7b6354e942ca9c5fa8e9ff7e5c93\"},\"headline\":\"Lumi\u00e8re sur la mairie brune d&rsquo;H\u00e9nin-Beaumont &#8211; la chronique de VISA\",\"datePublished\":\"2019-04-14T17:15:18+00:00\",\"mainEntityOfPage\":{\"@id\":\"https:\\\/\\\/regions-snetap-fsu.fr\\\/formation\\\/2019\\\/04\\\/14\\\/lumiere-sur-la-mairie-brune-dhenin-beaumont-la-chronique-de-visa\\\/\"},\"wordCount\":325,\"publisher\":{\"@id\":\"https:\\\/\\\/regions-snetap-fsu.fr\\\/formation\\\/#organization\"},\"articleSection\":[\"Pour information\"],\"inLanguage\":\"fr-FR\"},{\"@type\":\"WebPage\",\"@id\":\"https:\\\/\\\/regions-snetap-fsu.fr\\\/formation\\\/2019\\\/04\\\/14\\\/lumiere-sur-la-mairie-brune-dhenin-beaumont-la-chronique-de-visa\\\/\",\"url\":\"https:\\\/\\\/regions-snetap-fsu.fr\\\/formation\\\/2019\\\/04\\\/14\\\/lumiere-sur-la-mairie-brune-dhenin-beaumont-la-chronique-de-visa\\\/\",\"name\":\"Lumi\u00e8re sur la mairie brune d'H\u00e9nin-Beaumont - la chronique de VISA - Formation des sites R\u00e9gionaux du SNETAP-FSU\",\"isPartOf\":{\"@id\":\"https:\\\/\\\/regions-snetap-fsu.fr\\\/formation\\\/#website\"},\"datePublished\":\"2019-04-14T17:15:18+00:00\",\"breadcrumb\":{\"@id\":\"https:\\\/\\\/regions-snetap-fsu.fr\\\/formation\\\/2019\\\/04\\\/14\\\/lumiere-sur-la-mairie-brune-dhenin-beaumont-la-chronique-de-visa\\\/#breadcrumb\"},\"inLanguage\":\"fr-FR\",\"potentialAction\":[{\"@type\":\"ReadAction\",\"target\":[\"https:\\\/\\\/regions-snetap-fsu.fr\\\/formation\\\/2019\\\/04\\\/14\\\/lumiere-sur-la-mairie-brune-dhenin-beaumont-la-chronique-de-visa\\\/\"]}]},{\"@type\":\"BreadcrumbList\",\"@id\":\"https:\\\/\\\/regions-snetap-fsu.fr\\\/formation\\\/2019\\\/04\\\/14\\\/lumiere-sur-la-mairie-brune-dhenin-beaumont-la-chronique-de-visa\\\/#breadcrumb\",\"itemListElement\":[{\"@type\":\"ListItem\",\"position\":1,\"name\":\"Accueil\",\"item\":\"https:\\\/\\\/regions-snetap-fsu.fr\\\/formation\\\/\"},{\"@type\":\"ListItem\",\"position\":2,\"name\":\"Lumi\u00e8re sur la mairie brune d&rsquo;H\u00e9nin-Beaumont &#8211; la chronique de VISA\"}]},{\"@type\":\"WebSite\",\"@id\":\"https:\\\/\\\/regions-snetap-fsu.fr\\\/formation\\\/#website\",\"url\":\"https:\\\/\\\/regions-snetap-fsu.fr\\\/formation\\\/\",\"name\":\"Formation des sites R\u00e9gionaux du SNETAP-FSU\",\"description\":\"\",\"publisher\":{\"@id\":\"https:\\\/\\\/regions-snetap-fsu.fr\\\/formation\\\/#organization\"},\"potentialAction\":[{\"@type\":\"SearchAction\",\"target\":{\"@type\":\"EntryPoint\",\"urlTemplate\":\"https:\\\/\\\/regions-snetap-fsu.fr\\\/formation\\\/?s={search_term_string}\"},\"query-input\":{\"@type\":\"PropertyValueSpecification\",\"valueRequired\":true,\"valueName\":\"search_term_string\"}}],\"inLanguage\":\"fr-FR\"},{\"@type\":\"Organization\",\"@id\":\"https:\\\/\\\/regions-snetap-fsu.fr\\\/formation\\\/#organization\",\"name\":\"Formation des sites R\u00e9gionaux du SNETAP-FSU\",\"url\":\"https:\\\/\\\/regions-snetap-fsu.fr\\\/formation\\\/\",\"logo\":{\"@type\":\"ImageObject\",\"inLanguage\":\"fr-FR\",\"@id\":\"https:\\\/\\\/regions-snetap-fsu.fr\\\/formation\\\/#\\\/schema\\\/logo\\\/image\\\/\",\"url\":\"https:\\\/\\\/regions-snetap-fsu.fr\\\/formation\\\/wp-content\\\/uploads\\\/sites\\\/20\\\/2025\\\/04\\\/cropped-Logo_blanc_fond_transparent_1000x755.png\",\"contentUrl\":\"https:\\\/\\\/regions-snetap-fsu.fr\\\/formation\\\/wp-content\\\/uploads\\\/sites\\\/20\\\/2025\\\/04\\\/cropped-Logo_blanc_fond_transparent_1000x755.png\",\"width\":998,\"height\":689,\"caption\":\"Formation des sites R\u00e9gionaux du SNETAP-FSU\"},\"image\":{\"@id\":\"https:\\\/\\\/regions-snetap-fsu.fr\\\/formation\\\/#\\\/schema\\\/logo\\\/image\\\/\"}},{\"@type\":\"Person\",\"@id\":\"https:\\\/\\\/regions-snetap-fsu.fr\\\/formation\\\/#\\\/schema\\\/person\\\/f5dc7b6354e942ca9c5fa8e9ff7e5c93\",\"name\":\"yoctavien\",\"image\":{\"@type\":\"ImageObject\",\"inLanguage\":\"fr-FR\",\"@id\":\"https:\\\/\\\/secure.gravatar.com\\\/avatar\\\/382642c092b6b9da14641d3c478df2f3da4a2d17eea25691c232d4dbf735c292?s=96&d=mm&r=g\",\"url\":\"https:\\\/\\\/secure.gravatar.com\\\/avatar\\\/382642c092b6b9da14641d3c478df2f3da4a2d17eea25691c232d4dbf735c292?s=96&d=mm&r=g\",\"contentUrl\":\"https:\\\/\\\/secure.gravatar.com\\\/avatar\\\/382642c092b6b9da14641d3c478df2f3da4a2d17eea25691c232d4dbf735c292?s=96&d=mm&r=g\",\"caption\":\"yoctavien\"},\"url\":\"https:\\\/\\\/regions-snetap-fsu.fr\\\/formation\\\/author\\\/yoctavien\\\/\"}]}<\/script>\n<!-- \/ Yoast SEO plugin. -->","yoast_head_json":{"title":"Lumi\u00e8re sur la mairie brune d'H\u00e9nin-Beaumont - la chronique de VISA - Formation des sites R\u00e9gionaux du SNETAP-FSU","robots":{"index":"index","follow":"follow","max-snippet":"max-snippet:-1","max-image-preview":"max-image-preview:large","max-video-preview":"max-video-preview:-1"},"canonical":"https:\/\/regions-snetap-fsu.fr\/formation\/2019\/04\/14\/lumiere-sur-la-mairie-brune-dhenin-beaumont-la-chronique-de-visa\/","og_locale":"fr_FR","og_type":"article","og_title":"Lumi\u00e8re sur la mairie brune d'H\u00e9nin-Beaumont - la chronique de VISA - Formation des sites R\u00e9gionaux du SNETAP-FSU","og_description":"Lumi\u00e8re sur la mairie brune d&rsquo;H\u00e9nin-Beaumont la chronique de VISA VISA, Vigilance Initiatives Syndicales Antifascistes, dans sa chronique n\u00b012 d&rsquo;avril 2019, fait le point des diff\u00e9rentes mairies g\u00e9r\u00e9es par le RN (ex FN). Pour la mairie d&rsquo;H\u00e9nin-Beaumont le bilan est le suivant : A H\u00e9nin-Beaumont, la municipalit\u00e9 reste relativement prudente dans la mesure o\u00f9 parmi [&hellip;]","og_url":"https:\/\/regions-snetap-fsu.fr\/formation\/2019\/04\/14\/lumiere-sur-la-mairie-brune-dhenin-beaumont-la-chronique-de-visa\/","og_site_name":"Formation des sites R\u00e9gionaux du SNETAP-FSU","article_published_time":"2019-04-14T17:15:18+00:00","author":"yoctavien","twitter_card":"summary_large_image","twitter_misc":{"\u00c9crit par":"yoctavien","Dur\u00e9e de lecture estim\u00e9e":"2 minutes"},"schema":{"@context":"https:\/\/schema.org","@graph":[{"@type":"Article","@id":"https:\/\/regions-snetap-fsu.fr\/formation\/2019\/04\/14\/lumiere-sur-la-mairie-brune-dhenin-beaumont-la-chronique-de-visa\/#article","isPartOf":{"@id":"https:\/\/regions-snetap-fsu.fr\/formation\/2019\/04\/14\/lumiere-sur-la-mairie-brune-dhenin-beaumont-la-chronique-de-visa\/"},"author":{"name":"yoctavien","@id":"https:\/\/regions-snetap-fsu.fr\/formation\/#\/schema\/person\/f5dc7b6354e942ca9c5fa8e9ff7e5c93"},"headline":"Lumi\u00e8re sur la mairie brune d&rsquo;H\u00e9nin-Beaumont &#8211; la chronique de VISA","datePublished":"2019-04-14T17:15:18+00:00","mainEntityOfPage":{"@id":"https:\/\/regions-snetap-fsu.fr\/formation\/2019\/04\/14\/lumiere-sur-la-mairie-brune-dhenin-beaumont-la-chronique-de-visa\/"},"wordCount":325,"publisher":{"@id":"https:\/\/regions-snetap-fsu.fr\/formation\/#organization"},"articleSection":["Pour information"],"inLanguage":"fr-FR"},{"@type":"WebPage","@id":"https:\/\/regions-snetap-fsu.fr\/formation\/2019\/04\/14\/lumiere-sur-la-mairie-brune-dhenin-beaumont-la-chronique-de-visa\/","url":"https:\/\/regions-snetap-fsu.fr\/formation\/2019\/04\/14\/lumiere-sur-la-mairie-brune-dhenin-beaumont-la-chronique-de-visa\/","name":"Lumi\u00e8re sur la mairie brune d'H\u00e9nin-Beaumont - la chronique de VISA - Formation des sites R\u00e9gionaux du SNETAP-FSU","isPartOf":{"@id":"https:\/\/regions-snetap-fsu.fr\/formation\/#website"},"datePublished":"2019-04-14T17:15:18+00:00","breadcrumb":{"@id":"https:\/\/regions-snetap-fsu.fr\/formation\/2019\/04\/14\/lumiere-sur-la-mairie-brune-dhenin-beaumont-la-chronique-de-visa\/#breadcrumb"},"inLanguage":"fr-FR","potentialAction":[{"@type":"ReadAction","target":["https:\/\/regions-snetap-fsu.fr\/formation\/2019\/04\/14\/lumiere-sur-la-mairie-brune-dhenin-beaumont-la-chronique-de-visa\/"]}]},{"@type":"BreadcrumbList","@id":"https:\/\/regions-snetap-fsu.fr\/formation\/2019\/04\/14\/lumiere-sur-la-mairie-brune-dhenin-beaumont-la-chronique-de-visa\/#breadcrumb","itemListElement":[{"@type":"ListItem","position":1,"name":"Accueil","item":"https:\/\/regions-snetap-fsu.fr\/formation\/"},{"@type":"ListItem","position":2,"name":"Lumi\u00e8re sur la mairie brune d&rsquo;H\u00e9nin-Beaumont &#8211; la chronique de VISA"}]},{"@type":"WebSite","@id":"https:\/\/regions-snetap-fsu.fr\/formation\/#website","url":"https:\/\/regions-snetap-fsu.fr\/formation\/","name":"Formation des sites R\u00e9gionaux du SNETAP-FSU","description":"","publisher":{"@id":"https:\/\/regions-snetap-fsu.fr\/formation\/#organization"},"potentialAction":[{"@type":"SearchAction","target":{"@type":"EntryPoint","urlTemplate":"https:\/\/regions-snetap-fsu.fr\/formation\/?s={search_term_string}"},"query-input":{"@type":"PropertyValueSpecification","valueRequired":true,"valueName":"search_term_string"}}],"inLanguage":"fr-FR"},{"@type":"Organization","@id":"https:\/\/regions-snetap-fsu.fr\/formation\/#organization","name":"Formation des sites R\u00e9gionaux du SNETAP-FSU","url":"https:\/\/regions-snetap-fsu.fr\/formation\/","logo":{"@type":"ImageObject","inLanguage":"fr-FR","@id":"https:\/\/regions-snetap-fsu.fr\/formation\/#\/schema\/logo\/image\/","url":"https:\/\/regions-snetap-fsu.fr\/formation\/wp-content\/uploads\/sites\/20\/2025\/04\/cropped-Logo_blanc_fond_transparent_1000x755.png","contentUrl":"https:\/\/regions-snetap-fsu.fr\/formation\/wp-content\/uploads\/sites\/20\/2025\/04\/cropped-Logo_blanc_fond_transparent_1000x755.png","width":998,"height":689,"caption":"Formation des sites R\u00e9gionaux du SNETAP-FSU"},"image":{"@id":"https:\/\/regions-snetap-fsu.fr\/formation\/#\/schema\/logo\/image\/"}},{"@type":"Person","@id":"https:\/\/regions-snetap-fsu.fr\/formation\/#\/schema\/person\/f5dc7b6354e942ca9c5fa8e9ff7e5c93","name":"yoctavien","image":{"@type":"ImageObject","inLanguage":"fr-FR","@id":"https:\/\/secure.gravatar.com\/avatar\/382642c092b6b9da14641d3c478df2f3da4a2d17eea25691c232d4dbf735c292?s=96&d=mm&r=g","url":"https:\/\/secure.gravatar.com\/avatar\/382642c092b6b9da14641d3c478df2f3da4a2d17eea25691c232d4dbf735c292?s=96&d=mm&r=g","contentUrl":"https:\/\/secure.gravatar.com\/avatar\/382642c092b6b9da14641d3c478df2f3da4a2d17eea25691c232d4dbf735c292?s=96&d=mm&r=g","caption":"yoctavien"},"url":"https:\/\/regions-snetap-fsu.fr\/formation\/author\/yoctavien\/"}]}},"_links":{"self":[{"href":"https:\/\/regions-snetap-fsu.fr\/formation\/wp-json\/wp\/v2\/posts\/2093","targetHints":{"allow":["GET"]}}],"collection":[{"href":"https:\/\/regions-snetap-fsu.fr\/formation\/wp-json\/wp\/v2\/posts"}],"about":[{"href":"https:\/\/regions-snetap-fsu.fr\/formation\/wp-json\/wp\/v2\/types\/post"}],"author":[{"embeddable":true,"href":"https:\/\/regions-snetap-fsu.fr\/formation\/wp-json\/wp\/v2\/users\/138"}],"replies":[{"embeddable":true,"href":"https:\/\/regions-snetap-fsu.fr\/formation\/wp-json\/wp\/v2\/comments?post=2093"}],"version-history":[{"count":0,"href":"https:\/\/regions-snetap-fsu.fr\/formation\/wp-json\/wp\/v2\/posts\/2093\/revisions"}],"wp:attachment":[{"href":"https:\/\/regions-snetap-fsu.fr\/formation\/wp-json\/wp\/v2\/media?parent=2093"}],"wp:term":[{"taxonomy":"category","embeddable":true,"href":"https:\/\/regions-snetap-fsu.fr\/formation\/wp-json\/wp\/v2\/categories?post=2093"},{"taxonomy":"post_tag","embeddable":true,"href":"https:\/\/regions-snetap-fsu.fr\/formation\/wp-json\/wp\/v2\/tags?post=2093"},{"taxonomy":"post_folder","embeddable":true,"href":"https:\/\/regions-snetap-fsu.fr\/formation\/wp-json\/wp\/v2\/post_folder?post=2093"}],"curies":[{"name":"wp","href":"https:\/\/api.w.org\/{rel}","templated":true}]}}