{"id":2064,"date":"2019-04-07T15:33:07","date_gmt":"2019-04-07T13:33:07","guid":{"rendered":"https:\/\/regions-snetap-fsu.fr\/hdf\/?p=2064"},"modified":"2019-04-07T15:33:07","modified_gmt":"2019-04-07T13:33:07","slug":"affectations-acen-rentree-2019-demande-dun-delai-supplementaire","status":"publish","type":"post","link":"https:\/\/regions-snetap-fsu.fr\/formation\/2019\/04\/07\/affectations-acen-rentree-2019-demande-dun-delai-supplementaire\/","title":{"rendered":"Affectations ACEN rentr\u00e9e 2019 : demande d&rsquo;un d\u00e9lai suppl\u00e9mentaire"},"content":{"rendered":"<h2 style=\"text-align: center\"><span style=\"color: #ff0000\"><strong>Le secr\u00e9tariat r\u00e9gional du SNETAP-FSU des Hauts-de-France demande davantage de d\u00e9lais pour les ACEN<\/strong><\/span><\/h2>\n<p style=\"text-align: justify\"><span style=\"color: #0000ff\">Le secr\u00e9tariat r\u00e9gional du SNETAP-FSU des Hauts-de-France a interpell\u00e9 le Bureau de la gestion des dotations et des comp\u00e9tences du Service de l&rsquo;Enseignement technique de la DGER afin de d\u00e9noncer le d\u00e9lai difficilement tenable pour nos coll\u00e8gues ACEN et demander un d\u00e9lai suppl\u00e9mentaire pour que la remise des v\u0153ux se fasse dans des conditions sereines.<br \/>\n<\/span><\/p>\n<p><span style=\"color: #0000ff\">Ci-dessous l&rsquo;extrait du courriel envoy\u00e9 :<\/span><\/p>\n<div style=\"text-align: justify\" align=\"left\"><em><span style=\"color: #000000;font-family: Arial\">\u00ab\u00a0&#8230; A la lecture de la note de service du mouvement des ACEN pour la rentr\u00e9e 2019, il appara\u00eet que le d\u00e9lai de r\u00e9ponse est <span id=\"OBJ_PREFIX_DWT278_com_zimbra_date\" class=\"Object\">mardi 23 avril 2019<\/span> \u00e0 17h. Cette date pour la zone B correspond au jour de la rentr\u00e9e.<\/span><\/em><\/div>\n<div style=\"text-align: justify\" align=\"left\"><em><span style=\"color: #000000;font-family: Arial\">Vous avez publi\u00e9 cette note de service <span id=\"OBJ_PREFIX_DWT279_com_zimbra_date\" class=\"Object\">jeudi<\/span> soir et elle n&rsquo;appara\u00eet pas dans le sommaire du dernier BO Agri (lui aussi de <span id=\"OBJ_PREFIX_DWT280_com_zimbra_date\" class=\"Object\">jeudi<\/span>). Concr\u00e8tement, dans le meilleur des cas, les agents contractuels de la zone B ont pu lire cette note dans la journ\u00e9e de <span id=\"OBJ_PREFIX_DWT281_com_zimbra_date\" class=\"Object\">vendredi<\/span> et disposent des 15 jours (de vacances) pour y r\u00e9pondre le jour m\u00eame de la rentr\u00e9e.<\/span><\/em><\/div>\n<div style=\"text-align: justify\" align=\"left\"><\/div>\n<div style=\"text-align: justify\" align=\"left\"><em><span style=\"color: #000000;font-family: Arial\">Il appara\u00eet donc que dans notre zone les conditions d&rsquo;une r\u00e9ponse sereine \u00e0 cette note de service ne sont pas possibles.<\/span><\/em><\/div>\n<div style=\"text-align: justify\" align=\"left\"><\/div>\n<div style=\"text-align: justify\" align=\"left\"><em><span style=\"color: #000000;font-family: Arial\">Au nom de ces personnels et au titre du secr\u00e9tariat r\u00e9gional du SNETAP des Hauts de France, je vous demande un d\u00e9lai suppl\u00e9mentaire afin de permettre aux agents contractuels de r\u00e9pondre sereinement, dans les d\u00e9lais et avec un niveau d&rsquo;informations acceptable \u00e0 cette note de service&#8230;\u00a0\u00bb<\/span><\/em><\/div>\n<p><span style=\"color: #0000ff\">Nous vous tiendrons inform\u00e9 de la r\u00e9ponse de la DGER.<\/span><\/p>\n","protected":false},"excerpt":{"rendered":"<p>Le secr\u00e9tariat r\u00e9gional du SNETAP-FSU des Hauts-de-France demande davantage de d\u00e9lais pour les ACEN Le secr\u00e9tariat r\u00e9gional du SNETAP-FSU des Hauts-de-France a interpell\u00e9 le Bureau de la gestion des dotations et des comp\u00e9tences du Service de l&rsquo;Enseignement technique de la DGER afin de d\u00e9noncer le d\u00e9lai difficilement tenable pour nos coll\u00e8gues ACEN et demander un [&hellip;]<\/p>\n","protected":false},"author":138,"featured_media":0,"comment_status":"closed","ping_status":"closed","sticky":false,"template":"","format":"standard","meta":{"ocean_post_layout":"","ocean_both_sidebars_style":"","ocean_both_sidebars_content_width":0,"ocean_both_sidebars_sidebars_width":0,"ocean_sidebar":"","ocean_second_sidebar":"","ocean_disable_margins":"enable","ocean_add_body_class":"","ocean_shortcode_before_top_bar":"","ocean_shortcode_after_top_bar":"","ocean_shortcode_before_header":"","ocean_shortcode_after_header":"","ocean_has_shortcode":"","ocean_shortcode_after_title":"","ocean_shortcode_before_footer_widgets":"","ocean_shortcode_after_footer_widgets":"","ocean_shortcode_before_footer_bottom":"","ocean_shortcode_after_footer_bottom":"","ocean_display_top_bar":"default","ocean_display_header":"default","ocean_header_style":"","ocean_center_header_left_menu":"","ocean_custom_header_template":"","ocean_custom_logo":0,"ocean_custom_retina_logo":0,"ocean_custom_logo_max_width":0,"ocean_custom_logo_tablet_max_width":0,"ocean_custom_logo_mobile_max_width":0,"ocean_custom_logo_max_height":0,"ocean_custom_logo_tablet_max_height":0,"ocean_custom_logo_mobile_max_height":0,"ocean_header_custom_menu":"","ocean_menu_typo_font_family":"","ocean_menu_typo_font_subset":"","ocean_menu_typo_font_size":0,"ocean_menu_typo_font_size_tablet":0,"ocean_menu_typo_font_size_mobile":0,"ocean_menu_typo_font_size_unit":"px","ocean_menu_typo_font_weight":"","ocean_menu_typo_font_weight_tablet":"","ocean_menu_typo_font_weight_mobile":"","ocean_menu_typo_transform":"","ocean_menu_typo_transform_tablet":"","ocean_menu_typo_transform_mobile":"","ocean_menu_typo_line_height":0,"ocean_menu_typo_line_height_tablet":0,"ocean_menu_typo_line_height_mobile":0,"ocean_menu_typo_line_height_unit":"","ocean_menu_typo_spacing":0,"ocean_menu_typo_spacing_tablet":0,"ocean_menu_typo_spacing_mobile":0,"ocean_menu_typo_spacing_unit":"","ocean_menu_link_color":"","ocean_menu_link_color_hover":"","ocean_menu_link_color_active":"","ocean_menu_link_background":"","ocean_menu_link_hover_background":"","ocean_menu_link_active_background":"","ocean_menu_social_links_bg":"","ocean_menu_social_hover_links_bg":"","ocean_menu_social_links_color":"","ocean_menu_social_hover_links_color":"","ocean_disable_title":"default","ocean_disable_heading":"default","ocean_post_title":"","ocean_post_subheading":"","ocean_post_title_style":"","ocean_post_title_background_color":"","ocean_post_title_background":0,"ocean_post_title_bg_image_position":"","ocean_post_title_bg_image_attachment":"","ocean_post_title_bg_image_repeat":"","ocean_post_title_bg_image_size":"","ocean_post_title_height":0,"ocean_post_title_bg_overlay":0.5,"ocean_post_title_bg_overlay_color":"","ocean_disable_breadcrumbs":"default","ocean_breadcrumbs_color":"","ocean_breadcrumbs_separator_color":"","ocean_breadcrumbs_links_color":"","ocean_breadcrumbs_links_hover_color":"","ocean_display_footer_widgets":"default","ocean_display_footer_bottom":"default","ocean_custom_footer_template":"","ocean_post_oembed":"","ocean_post_self_hosted_media":"","ocean_post_video_embed":"","ocean_link_format":"","ocean_link_format_target":"self","ocean_quote_format":"","ocean_quote_format_link":"post","ocean_gallery_link_images":"on","ocean_gallery_id":[],"footnotes":""},"categories":[11],"tags":[],"post_folder":[],"class_list":["post-2064","post","type-post","status-publish","format-standard","hentry","category-communiques","entry"],"yoast_head":"<!-- This site is optimized with the Yoast SEO plugin v27.4 - https:\/\/yoast.com\/product\/yoast-seo-wordpress\/ -->\n<title>Affectations ACEN rentr\u00e9e 2019 : demande d&#039;un d\u00e9lai suppl\u00e9mentaire - Formation des sites R\u00e9gionaux du SNETAP-FSU<\/title>\n<meta name=\"robots\" content=\"index, follow, max-snippet:-1, max-image-preview:large, max-video-preview:-1\" \/>\n<link rel=\"canonical\" href=\"https:\/\/regions-snetap-fsu.fr\/formation\/2019\/04\/07\/affectations-acen-rentree-2019-demande-dun-delai-supplementaire\/\" \/>\n<meta property=\"og:locale\" content=\"fr_FR\" \/>\n<meta property=\"og:type\" content=\"article\" \/>\n<meta property=\"og:title\" content=\"Affectations ACEN rentr\u00e9e 2019 : demande d&#039;un d\u00e9lai suppl\u00e9mentaire - Formation des sites R\u00e9gionaux du SNETAP-FSU\" \/>\n<meta property=\"og:description\" content=\"Le secr\u00e9tariat r\u00e9gional du SNETAP-FSU des Hauts-de-France demande davantage de d\u00e9lais pour les ACEN Le secr\u00e9tariat r\u00e9gional du SNETAP-FSU des Hauts-de-France a interpell\u00e9 le Bureau de la gestion des dotations et des comp\u00e9tences du Service de l&rsquo;Enseignement technique de la DGER afin de d\u00e9noncer le d\u00e9lai difficilement tenable pour nos coll\u00e8gues ACEN et demander un [&hellip;]\" \/>\n<meta property=\"og:url\" content=\"https:\/\/regions-snetap-fsu.fr\/formation\/2019\/04\/07\/affectations-acen-rentree-2019-demande-dun-delai-supplementaire\/\" \/>\n<meta property=\"og:site_name\" content=\"Formation des sites R\u00e9gionaux du SNETAP-FSU\" \/>\n<meta property=\"article:published_time\" content=\"2019-04-07T13:33:07+00:00\" \/>\n<meta name=\"author\" content=\"yoctavien\" \/>\n<meta name=\"twitter:card\" content=\"summary_large_image\" \/>\n<meta name=\"twitter:label1\" content=\"\u00c9crit par\" \/>\n\t<meta name=\"twitter:data1\" content=\"yoctavien\" \/>\n\t<meta name=\"twitter:label2\" content=\"Dur\u00e9e de lecture estim\u00e9e\" \/>\n\t<meta name=\"twitter:data2\" content=\"1 minute\" \/>\n<script type=\"application\/ld+json\" class=\"yoast-schema-graph\">{\"@context\":\"https:\\\/\\\/schema.org\",\"@graph\":[{\"@type\":\"Article\",\"@id\":\"https:\\\/\\\/regions-snetap-fsu.fr\\\/formation\\\/2019\\\/04\\\/07\\\/affectations-acen-rentree-2019-demande-dun-delai-supplementaire\\\/#article\",\"isPartOf\":{\"@id\":\"https:\\\/\\\/regions-snetap-fsu.fr\\\/formation\\\/2019\\\/04\\\/07\\\/affectations-acen-rentree-2019-demande-dun-delai-supplementaire\\\/\"},\"author\":{\"name\":\"yoctavien\",\"@id\":\"https:\\\/\\\/regions-snetap-fsu.fr\\\/formation\\\/#\\\/schema\\\/person\\\/f5dc7b6354e942ca9c5fa8e9ff7e5c93\"},\"headline\":\"Affectations ACEN rentr\u00e9e 2019 : demande d&rsquo;un d\u00e9lai suppl\u00e9mentaire\",\"datePublished\":\"2019-04-07T13:33:07+00:00\",\"mainEntityOfPage\":{\"@id\":\"https:\\\/\\\/regions-snetap-fsu.fr\\\/formation\\\/2019\\\/04\\\/07\\\/affectations-acen-rentree-2019-demande-dun-delai-supplementaire\\\/\"},\"wordCount\":297,\"publisher\":{\"@id\":\"https:\\\/\\\/regions-snetap-fsu.fr\\\/formation\\\/#organization\"},\"articleSection\":[\"Communiqu\u00e9s\"],\"inLanguage\":\"fr-FR\"},{\"@type\":\"WebPage\",\"@id\":\"https:\\\/\\\/regions-snetap-fsu.fr\\\/formation\\\/2019\\\/04\\\/07\\\/affectations-acen-rentree-2019-demande-dun-delai-supplementaire\\\/\",\"url\":\"https:\\\/\\\/regions-snetap-fsu.fr\\\/formation\\\/2019\\\/04\\\/07\\\/affectations-acen-rentree-2019-demande-dun-delai-supplementaire\\\/\",\"name\":\"Affectations ACEN rentr\u00e9e 2019 : demande d'un d\u00e9lai suppl\u00e9mentaire - Formation des sites R\u00e9gionaux du SNETAP-FSU\",\"isPartOf\":{\"@id\":\"https:\\\/\\\/regions-snetap-fsu.fr\\\/formation\\\/#website\"},\"datePublished\":\"2019-04-07T13:33:07+00:00\",\"breadcrumb\":{\"@id\":\"https:\\\/\\\/regions-snetap-fsu.fr\\\/formation\\\/2019\\\/04\\\/07\\\/affectations-acen-rentree-2019-demande-dun-delai-supplementaire\\\/#breadcrumb\"},\"inLanguage\":\"fr-FR\",\"potentialAction\":[{\"@type\":\"ReadAction\",\"target\":[\"https:\\\/\\\/regions-snetap-fsu.fr\\\/formation\\\/2019\\\/04\\\/07\\\/affectations-acen-rentree-2019-demande-dun-delai-supplementaire\\\/\"]}]},{\"@type\":\"BreadcrumbList\",\"@id\":\"https:\\\/\\\/regions-snetap-fsu.fr\\\/formation\\\/2019\\\/04\\\/07\\\/affectations-acen-rentree-2019-demande-dun-delai-supplementaire\\\/#breadcrumb\",\"itemListElement\":[{\"@type\":\"ListItem\",\"position\":1,\"name\":\"Accueil\",\"item\":\"https:\\\/\\\/regions-snetap-fsu.fr\\\/formation\\\/\"},{\"@type\":\"ListItem\",\"position\":2,\"name\":\"Affectations ACEN rentr\u00e9e 2019 : demande d&rsquo;un d\u00e9lai suppl\u00e9mentaire\"}]},{\"@type\":\"WebSite\",\"@id\":\"https:\\\/\\\/regions-snetap-fsu.fr\\\/formation\\\/#website\",\"url\":\"https:\\\/\\\/regions-snetap-fsu.fr\\\/formation\\\/\",\"name\":\"Formation des sites R\u00e9gionaux du SNETAP-FSU\",\"description\":\"\",\"publisher\":{\"@id\":\"https:\\\/\\\/regions-snetap-fsu.fr\\\/formation\\\/#organization\"},\"potentialAction\":[{\"@type\":\"SearchAction\",\"target\":{\"@type\":\"EntryPoint\",\"urlTemplate\":\"https:\\\/\\\/regions-snetap-fsu.fr\\\/formation\\\/?s={search_term_string}\"},\"query-input\":{\"@type\":\"PropertyValueSpecification\",\"valueRequired\":true,\"valueName\":\"search_term_string\"}}],\"inLanguage\":\"fr-FR\"},{\"@type\":\"Organization\",\"@id\":\"https:\\\/\\\/regions-snetap-fsu.fr\\\/formation\\\/#organization\",\"name\":\"Formation des sites R\u00e9gionaux du SNETAP-FSU\",\"url\":\"https:\\\/\\\/regions-snetap-fsu.fr\\\/formation\\\/\",\"logo\":{\"@type\":\"ImageObject\",\"inLanguage\":\"fr-FR\",\"@id\":\"https:\\\/\\\/regions-snetap-fsu.fr\\\/formation\\\/#\\\/schema\\\/logo\\\/image\\\/\",\"url\":\"https:\\\/\\\/regions-snetap-fsu.fr\\\/formation\\\/wp-content\\\/uploads\\\/sites\\\/20\\\/2025\\\/04\\\/cropped-Logo_blanc_fond_transparent_1000x755.png\",\"contentUrl\":\"https:\\\/\\\/regions-snetap-fsu.fr\\\/formation\\\/wp-content\\\/uploads\\\/sites\\\/20\\\/2025\\\/04\\\/cropped-Logo_blanc_fond_transparent_1000x755.png\",\"width\":998,\"height\":689,\"caption\":\"Formation des sites R\u00e9gionaux du SNETAP-FSU\"},\"image\":{\"@id\":\"https:\\\/\\\/regions-snetap-fsu.fr\\\/formation\\\/#\\\/schema\\\/logo\\\/image\\\/\"}},{\"@type\":\"Person\",\"@id\":\"https:\\\/\\\/regions-snetap-fsu.fr\\\/formation\\\/#\\\/schema\\\/person\\\/f5dc7b6354e942ca9c5fa8e9ff7e5c93\",\"name\":\"yoctavien\",\"image\":{\"@type\":\"ImageObject\",\"inLanguage\":\"fr-FR\",\"@id\":\"https:\\\/\\\/secure.gravatar.com\\\/avatar\\\/382642c092b6b9da14641d3c478df2f3da4a2d17eea25691c232d4dbf735c292?s=96&d=mm&r=g\",\"url\":\"https:\\\/\\\/secure.gravatar.com\\\/avatar\\\/382642c092b6b9da14641d3c478df2f3da4a2d17eea25691c232d4dbf735c292?s=96&d=mm&r=g\",\"contentUrl\":\"https:\\\/\\\/secure.gravatar.com\\\/avatar\\\/382642c092b6b9da14641d3c478df2f3da4a2d17eea25691c232d4dbf735c292?s=96&d=mm&r=g\",\"caption\":\"yoctavien\"},\"url\":\"https:\\\/\\\/regions-snetap-fsu.fr\\\/formation\\\/author\\\/yoctavien\\\/\"}]}<\/script>\n<!-- \/ Yoast SEO plugin. -->","yoast_head_json":{"title":"Affectations ACEN rentr\u00e9e 2019 : demande d'un d\u00e9lai suppl\u00e9mentaire - Formation des sites R\u00e9gionaux du SNETAP-FSU","robots":{"index":"index","follow":"follow","max-snippet":"max-snippet:-1","max-image-preview":"max-image-preview:large","max-video-preview":"max-video-preview:-1"},"canonical":"https:\/\/regions-snetap-fsu.fr\/formation\/2019\/04\/07\/affectations-acen-rentree-2019-demande-dun-delai-supplementaire\/","og_locale":"fr_FR","og_type":"article","og_title":"Affectations ACEN rentr\u00e9e 2019 : demande d'un d\u00e9lai suppl\u00e9mentaire - Formation des sites R\u00e9gionaux du SNETAP-FSU","og_description":"Le secr\u00e9tariat r\u00e9gional du SNETAP-FSU des Hauts-de-France demande davantage de d\u00e9lais pour les ACEN Le secr\u00e9tariat r\u00e9gional du SNETAP-FSU des Hauts-de-France a interpell\u00e9 le Bureau de la gestion des dotations et des comp\u00e9tences du Service de l&rsquo;Enseignement technique de la DGER afin de d\u00e9noncer le d\u00e9lai difficilement tenable pour nos coll\u00e8gues ACEN et demander un [&hellip;]","og_url":"https:\/\/regions-snetap-fsu.fr\/formation\/2019\/04\/07\/affectations-acen-rentree-2019-demande-dun-delai-supplementaire\/","og_site_name":"Formation des sites R\u00e9gionaux du SNETAP-FSU","article_published_time":"2019-04-07T13:33:07+00:00","author":"yoctavien","twitter_card":"summary_large_image","twitter_misc":{"\u00c9crit par":"yoctavien","Dur\u00e9e de lecture estim\u00e9e":"1 minute"},"schema":{"@context":"https:\/\/schema.org","@graph":[{"@type":"Article","@id":"https:\/\/regions-snetap-fsu.fr\/formation\/2019\/04\/07\/affectations-acen-rentree-2019-demande-dun-delai-supplementaire\/#article","isPartOf":{"@id":"https:\/\/regions-snetap-fsu.fr\/formation\/2019\/04\/07\/affectations-acen-rentree-2019-demande-dun-delai-supplementaire\/"},"author":{"name":"yoctavien","@id":"https:\/\/regions-snetap-fsu.fr\/formation\/#\/schema\/person\/f5dc7b6354e942ca9c5fa8e9ff7e5c93"},"headline":"Affectations ACEN rentr\u00e9e 2019 : demande d&rsquo;un d\u00e9lai suppl\u00e9mentaire","datePublished":"2019-04-07T13:33:07+00:00","mainEntityOfPage":{"@id":"https:\/\/regions-snetap-fsu.fr\/formation\/2019\/04\/07\/affectations-acen-rentree-2019-demande-dun-delai-supplementaire\/"},"wordCount":297,"publisher":{"@id":"https:\/\/regions-snetap-fsu.fr\/formation\/#organization"},"articleSection":["Communiqu\u00e9s"],"inLanguage":"fr-FR"},{"@type":"WebPage","@id":"https:\/\/regions-snetap-fsu.fr\/formation\/2019\/04\/07\/affectations-acen-rentree-2019-demande-dun-delai-supplementaire\/","url":"https:\/\/regions-snetap-fsu.fr\/formation\/2019\/04\/07\/affectations-acen-rentree-2019-demande-dun-delai-supplementaire\/","name":"Affectations ACEN rentr\u00e9e 2019 : demande d'un d\u00e9lai suppl\u00e9mentaire - Formation des sites R\u00e9gionaux du SNETAP-FSU","isPartOf":{"@id":"https:\/\/regions-snetap-fsu.fr\/formation\/#website"},"datePublished":"2019-04-07T13:33:07+00:00","breadcrumb":{"@id":"https:\/\/regions-snetap-fsu.fr\/formation\/2019\/04\/07\/affectations-acen-rentree-2019-demande-dun-delai-supplementaire\/#breadcrumb"},"inLanguage":"fr-FR","potentialAction":[{"@type":"ReadAction","target":["https:\/\/regions-snetap-fsu.fr\/formation\/2019\/04\/07\/affectations-acen-rentree-2019-demande-dun-delai-supplementaire\/"]}]},{"@type":"BreadcrumbList","@id":"https:\/\/regions-snetap-fsu.fr\/formation\/2019\/04\/07\/affectations-acen-rentree-2019-demande-dun-delai-supplementaire\/#breadcrumb","itemListElement":[{"@type":"ListItem","position":1,"name":"Accueil","item":"https:\/\/regions-snetap-fsu.fr\/formation\/"},{"@type":"ListItem","position":2,"name":"Affectations ACEN rentr\u00e9e 2019 : demande d&rsquo;un d\u00e9lai suppl\u00e9mentaire"}]},{"@type":"WebSite","@id":"https:\/\/regions-snetap-fsu.fr\/formation\/#website","url":"https:\/\/regions-snetap-fsu.fr\/formation\/","name":"Formation des sites R\u00e9gionaux du SNETAP-FSU","description":"","publisher":{"@id":"https:\/\/regions-snetap-fsu.fr\/formation\/#organization"},"potentialAction":[{"@type":"SearchAction","target":{"@type":"EntryPoint","urlTemplate":"https:\/\/regions-snetap-fsu.fr\/formation\/?s={search_term_string}"},"query-input":{"@type":"PropertyValueSpecification","valueRequired":true,"valueName":"search_term_string"}}],"inLanguage":"fr-FR"},{"@type":"Organization","@id":"https:\/\/regions-snetap-fsu.fr\/formation\/#organization","name":"Formation des sites R\u00e9gionaux du SNETAP-FSU","url":"https:\/\/regions-snetap-fsu.fr\/formation\/","logo":{"@type":"ImageObject","inLanguage":"fr-FR","@id":"https:\/\/regions-snetap-fsu.fr\/formation\/#\/schema\/logo\/image\/","url":"https:\/\/regions-snetap-fsu.fr\/formation\/wp-content\/uploads\/sites\/20\/2025\/04\/cropped-Logo_blanc_fond_transparent_1000x755.png","contentUrl":"https:\/\/regions-snetap-fsu.fr\/formation\/wp-content\/uploads\/sites\/20\/2025\/04\/cropped-Logo_blanc_fond_transparent_1000x755.png","width":998,"height":689,"caption":"Formation des sites R\u00e9gionaux du SNETAP-FSU"},"image":{"@id":"https:\/\/regions-snetap-fsu.fr\/formation\/#\/schema\/logo\/image\/"}},{"@type":"Person","@id":"https:\/\/regions-snetap-fsu.fr\/formation\/#\/schema\/person\/f5dc7b6354e942ca9c5fa8e9ff7e5c93","name":"yoctavien","image":{"@type":"ImageObject","inLanguage":"fr-FR","@id":"https:\/\/secure.gravatar.com\/avatar\/382642c092b6b9da14641d3c478df2f3da4a2d17eea25691c232d4dbf735c292?s=96&d=mm&r=g","url":"https:\/\/secure.gravatar.com\/avatar\/382642c092b6b9da14641d3c478df2f3da4a2d17eea25691c232d4dbf735c292?s=96&d=mm&r=g","contentUrl":"https:\/\/secure.gravatar.com\/avatar\/382642c092b6b9da14641d3c478df2f3da4a2d17eea25691c232d4dbf735c292?s=96&d=mm&r=g","caption":"yoctavien"},"url":"https:\/\/regions-snetap-fsu.fr\/formation\/author\/yoctavien\/"}]}},"_links":{"self":[{"href":"https:\/\/regions-snetap-fsu.fr\/formation\/wp-json\/wp\/v2\/posts\/2064","targetHints":{"allow":["GET"]}}],"collection":[{"href":"https:\/\/regions-snetap-fsu.fr\/formation\/wp-json\/wp\/v2\/posts"}],"about":[{"href":"https:\/\/regions-snetap-fsu.fr\/formation\/wp-json\/wp\/v2\/types\/post"}],"author":[{"embeddable":true,"href":"https:\/\/regions-snetap-fsu.fr\/formation\/wp-json\/wp\/v2\/users\/138"}],"replies":[{"embeddable":true,"href":"https:\/\/regions-snetap-fsu.fr\/formation\/wp-json\/wp\/v2\/comments?post=2064"}],"version-history":[{"count":0,"href":"https:\/\/regions-snetap-fsu.fr\/formation\/wp-json\/wp\/v2\/posts\/2064\/revisions"}],"wp:attachment":[{"href":"https:\/\/regions-snetap-fsu.fr\/formation\/wp-json\/wp\/v2\/media?parent=2064"}],"wp:term":[{"taxonomy":"category","embeddable":true,"href":"https:\/\/regions-snetap-fsu.fr\/formation\/wp-json\/wp\/v2\/categories?post=2064"},{"taxonomy":"post_tag","embeddable":true,"href":"https:\/\/regions-snetap-fsu.fr\/formation\/wp-json\/wp\/v2\/tags?post=2064"},{"taxonomy":"post_folder","embeddable":true,"href":"https:\/\/regions-snetap-fsu.fr\/formation\/wp-json\/wp\/v2\/post_folder?post=2064"}],"curies":[{"name":"wp","href":"https:\/\/api.w.org\/{rel}","templated":true}]}}