{"id":200,"date":"2017-09-28T09:25:19","date_gmt":"2017-09-28T07:25:19","guid":{"rendered":"http:\/\/snetap-fsu.fr\/comp\/hdf\/?p=200"},"modified":"2017-09-28T09:25:19","modified_gmt":"2017-09-28T07:25:19","slug":"le-snetap-des-hauts-de-france-organise-une-journee-les-cfppa-au-legta-airion60","status":"publish","type":"post","link":"https:\/\/regions-snetap-fsu.fr\/formation\/2017\/09\/28\/le-snetap-des-hauts-de-france-organise-une-journee-les-cfppa-au-legta-airion60\/","title":{"rendered":"Le SNETAP des hauts de France organise une journ\u00e9e les CFPPA au LEGTA Airion(60)."},"content":{"rendered":"<p>Le SNETAP des hauts de France organise une journ\u00e9e th\u00e9matique sur les CFPPA. Elle se d\u00e9roulera le jeudi 5 octobre au LEGTA Airion (60).<strong> Elle est ouverte \u00e0 tous les personnels.<\/strong><br \/>\nLes d\u00e9placements des syndiqu\u00e9s peuvent \u00eatre prise en compte et des autorisations sp\u00e9ciales d&rsquo;absences (ASA) peuvent \u00eatre fournies aux agents le souhaitant.<br \/>\n<strong>Le matin est consacr\u00e9 aux probl\u00e8mes g\u00e9n\u00e9raux, l&rsquo;apr\u00e8s midi aux cas plus particuliers.<\/strong><br \/>\nN&rsquo;h\u00e9sitez pas \u00e0 vous renseigner!<br \/>\nInscriptions aupr\u00e8s de Sylvain Gu\u00e9nard.<br \/>\n<img decoding=\"async\" class=\"alignnone size-full wp-image-16\" src=\"https:\/\/regions-snetap-fsu.fr\/hdf\/wp-content\/uploads\/sites\/5\/2017\/07\/cropped-cropped-SNETAPbig-trans-100px-1-2.jpg\" alt=\"\" width=\"159\" height=\"100\" \/><br \/>\nSylvain Gu\u00e9nard<br \/>\nEnseignant d&rsquo;ESC, suppl\u00e9ant CAP des PCEA<br \/>\nCo secr\u00e9taire R\u00e9gional Nord Pas de Calais &#8211; Picardie<br \/>\nLEGTA Le Paraclet<br \/>\n80 440 Cottenchy<br \/>\n06 76 35 31 97<br \/>\nJourn\u00e9e des CFPPA<br \/>\nJeudi 5 octobre 2017<br \/>\nLyc\u00e9e agricole d\u2019Airion<br \/>\n(60 600 Airion)<\/p>\n<p><span style=\"font-size: 14pt\"><strong>Au programme :<\/strong><\/span><br \/>\n<span style=\"font-size: 14pt\">\u2022 10H accueil<\/span><br \/>\n<span style=\"font-size: 14pt\">\u2022 10h30 -12h30 Pr\u00e9sentation g\u00e9n\u00e9rale Par Thierry Nouchy et Laurence Dautraix (experts CFA CFPPA du SNETAP-FSU).<\/span><\/p>\n<p style=\"padding-left: 60px\"><span style=\"font-size: 14pt\">o Les statuts (droits et devoirs), protocole ;<\/span><br \/>\n<span style=\"font-size: 14pt\">o Repr\u00e9sentation des personnels CFA CFPPA ;<\/span><br \/>\n<span style=\"font-size: 14pt\">o CHS<\/span><br \/>\n<span style=\"font-size: 14pt\">o L\u00e9galit\u00e9 des clauses des contrats<\/span><br \/>\n<span style=\"font-size: 14pt\">o Diff\u00e9rences CDI\/CDD<\/span><br \/>\n<span style=\"font-size: 14pt\">\u2026<\/span><\/p>\n<p><span style=\"font-size: 14pt\">\u2022 12h30 -13h30 Repas<\/span><br \/>\n<span style=\"font-size: 14pt\">\u2022 14h -15h30 R\u00e9ponses aux questions individuelles.<\/span><br \/>\nCette r\u00e9union est ouverte \u00e0 tous les agents des Hauts de France le souhaitant.<br \/>\nLes frais de d\u00e9placements des syndiqu\u00e9s peuvent \u00eatre pris en charge par la comptabilit\u00e9 r\u00e9gionale du SNETAP (fiche de d\u00e9placement sur demande (sylvain.guenard@educagri.fr)).<br \/>\nDes autorisations sp\u00e9ciales d\u2019absences sont aussi disponibles pour les agents en faisant la demande.<br \/>\n<span style=\"font-size: 18pt\"><strong>Renseignements et inscriptions:<\/strong><\/span><br \/>\n<span style=\"font-size: 18pt\"><strong>Sylvain Gu\u00e9nard (06 76 35 31 97 ou sylvain.guenard@educagri.fr)<\/strong><\/span><\/p>\n","protected":false},"excerpt":{"rendered":"<p>Le SNETAP des hauts de France organise une journ\u00e9e th\u00e9matique sur les CFPPA. Elle se d\u00e9roulera le jeudi 5 octobre au LEGTA Airion (60). Elle est ouverte \u00e0 tous les personnels. Les d\u00e9placements des syndiqu\u00e9s peuvent \u00eatre prise en compte et des autorisations sp\u00e9ciales d&rsquo;absences (ASA) peuvent \u00eatre fournies aux agents le souhaitant. Le matin [&hellip;]<\/p>\n","protected":false},"author":138,"featured_media":0,"comment_status":"closed","ping_status":"closed","sticky":false,"template":"","format":"standard","meta":{"ocean_post_layout":"","ocean_both_sidebars_style":"","ocean_both_sidebars_content_width":0,"ocean_both_sidebars_sidebars_width":0,"ocean_sidebar":"","ocean_second_sidebar":"","ocean_disable_margins":"enable","ocean_add_body_class":"","ocean_shortcode_before_top_bar":"","ocean_shortcode_after_top_bar":"","ocean_shortcode_before_header":"","ocean_shortcode_after_header":"","ocean_has_shortcode":"","ocean_shortcode_after_title":"","ocean_shortcode_before_footer_widgets":"","ocean_shortcode_after_footer_widgets":"","ocean_shortcode_before_footer_bottom":"","ocean_shortcode_after_footer_bottom":"","ocean_display_top_bar":"default","ocean_display_header":"default","ocean_header_style":"","ocean_center_header_left_menu":"","ocean_custom_header_template":"","ocean_custom_logo":0,"ocean_custom_retina_logo":0,"ocean_custom_logo_max_width":0,"ocean_custom_logo_tablet_max_width":0,"ocean_custom_logo_mobile_max_width":0,"ocean_custom_logo_max_height":0,"ocean_custom_logo_tablet_max_height":0,"ocean_custom_logo_mobile_max_height":0,"ocean_header_custom_menu":"","ocean_menu_typo_font_family":"","ocean_menu_typo_font_subset":"","ocean_menu_typo_font_size":0,"ocean_menu_typo_font_size_tablet":0,"ocean_menu_typo_font_size_mobile":0,"ocean_menu_typo_font_size_unit":"px","ocean_menu_typo_font_weight":"","ocean_menu_typo_font_weight_tablet":"","ocean_menu_typo_font_weight_mobile":"","ocean_menu_typo_transform":"","ocean_menu_typo_transform_tablet":"","ocean_menu_typo_transform_mobile":"","ocean_menu_typo_line_height":0,"ocean_menu_typo_line_height_tablet":0,"ocean_menu_typo_line_height_mobile":0,"ocean_menu_typo_line_height_unit":"","ocean_menu_typo_spacing":0,"ocean_menu_typo_spacing_tablet":0,"ocean_menu_typo_spacing_mobile":0,"ocean_menu_typo_spacing_unit":"","ocean_menu_link_color":"","ocean_menu_link_color_hover":"","ocean_menu_link_color_active":"","ocean_menu_link_background":"","ocean_menu_link_hover_background":"","ocean_menu_link_active_background":"","ocean_menu_social_links_bg":"","ocean_menu_social_hover_links_bg":"","ocean_menu_social_links_color":"","ocean_menu_social_hover_links_color":"","ocean_disable_title":"default","ocean_disable_heading":"default","ocean_post_title":"","ocean_post_subheading":"","ocean_post_title_style":"","ocean_post_title_background_color":"","ocean_post_title_background":0,"ocean_post_title_bg_image_position":"","ocean_post_title_bg_image_attachment":"","ocean_post_title_bg_image_repeat":"","ocean_post_title_bg_image_size":"","ocean_post_title_height":0,"ocean_post_title_bg_overlay":0.5,"ocean_post_title_bg_overlay_color":"","ocean_disable_breadcrumbs":"default","ocean_breadcrumbs_color":"","ocean_breadcrumbs_separator_color":"","ocean_breadcrumbs_links_color":"","ocean_breadcrumbs_links_hover_color":"","ocean_display_footer_widgets":"default","ocean_display_footer_bottom":"default","ocean_custom_footer_template":"","ocean_post_oembed":"","ocean_post_self_hosted_media":"","ocean_post_video_embed":"","ocean_link_format":"","ocean_link_format_target":"self","ocean_quote_format":"","ocean_quote_format_link":"post","ocean_gallery_link_images":"on","ocean_gallery_id":[],"footnotes":""},"categories":[29],"tags":[],"post_folder":[],"class_list":["post-200","post","type-post","status-publish","format-standard","hentry","category-ufa-cfppa","entry"],"yoast_head":"<!-- This site is optimized with the Yoast SEO plugin v27.4 - https:\/\/yoast.com\/product\/yoast-seo-wordpress\/ -->\n<title>Le SNETAP des hauts de France organise une journ\u00e9e les CFPPA au LEGTA Airion(60). - Formation des sites R\u00e9gionaux du SNETAP-FSU<\/title>\n<meta name=\"robots\" content=\"index, follow, max-snippet:-1, max-image-preview:large, max-video-preview:-1\" \/>\n<link rel=\"canonical\" href=\"https:\/\/regions-snetap-fsu.fr\/formation\/2017\/09\/28\/le-snetap-des-hauts-de-france-organise-une-journee-les-cfppa-au-legta-airion60\/\" \/>\n<meta property=\"og:locale\" content=\"fr_FR\" \/>\n<meta property=\"og:type\" content=\"article\" \/>\n<meta property=\"og:title\" content=\"Le SNETAP des hauts de France organise une journ\u00e9e les CFPPA au LEGTA Airion(60). - Formation des sites R\u00e9gionaux du SNETAP-FSU\" \/>\n<meta property=\"og:description\" content=\"Le SNETAP des hauts de France organise une journ\u00e9e th\u00e9matique sur les CFPPA. Elle se d\u00e9roulera le jeudi 5 octobre au LEGTA Airion (60). Elle est ouverte \u00e0 tous les personnels. Les d\u00e9placements des syndiqu\u00e9s peuvent \u00eatre prise en compte et des autorisations sp\u00e9ciales d&rsquo;absences (ASA) peuvent \u00eatre fournies aux agents le souhaitant. Le matin [&hellip;]\" \/>\n<meta property=\"og:url\" content=\"https:\/\/regions-snetap-fsu.fr\/formation\/2017\/09\/28\/le-snetap-des-hauts-de-france-organise-une-journee-les-cfppa-au-legta-airion60\/\" \/>\n<meta property=\"og:site_name\" content=\"Formation des sites R\u00e9gionaux du SNETAP-FSU\" \/>\n<meta property=\"article:published_time\" content=\"2017-09-28T07:25:19+00:00\" \/>\n<meta name=\"author\" content=\"yoctavien\" \/>\n<meta name=\"twitter:card\" content=\"summary_large_image\" \/>\n<meta name=\"twitter:label1\" content=\"\u00c9crit par\" \/>\n\t<meta name=\"twitter:data1\" content=\"yoctavien\" \/>\n\t<meta name=\"twitter:label2\" content=\"Dur\u00e9e de lecture estim\u00e9e\" \/>\n\t<meta name=\"twitter:data2\" content=\"1 minute\" \/>\n<script type=\"application\/ld+json\" class=\"yoast-schema-graph\">{\"@context\":\"https:\\\/\\\/schema.org\",\"@graph\":[{\"@type\":\"Article\",\"@id\":\"https:\\\/\\\/regions-snetap-fsu.fr\\\/formation\\\/2017\\\/09\\\/28\\\/le-snetap-des-hauts-de-france-organise-une-journee-les-cfppa-au-legta-airion60\\\/#article\",\"isPartOf\":{\"@id\":\"https:\\\/\\\/regions-snetap-fsu.fr\\\/formation\\\/2017\\\/09\\\/28\\\/le-snetap-des-hauts-de-france-organise-une-journee-les-cfppa-au-legta-airion60\\\/\"},\"author\":{\"name\":\"yoctavien\",\"@id\":\"https:\\\/\\\/regions-snetap-fsu.fr\\\/formation\\\/#\\\/schema\\\/person\\\/f5dc7b6354e942ca9c5fa8e9ff7e5c93\"},\"headline\":\"Le SNETAP des hauts de France organise une journ\u00e9e les CFPPA au LEGTA Airion(60).\",\"datePublished\":\"2017-09-28T07:25:19+00:00\",\"mainEntityOfPage\":{\"@id\":\"https:\\\/\\\/regions-snetap-fsu.fr\\\/formation\\\/2017\\\/09\\\/28\\\/le-snetap-des-hauts-de-france-organise-une-journee-les-cfppa-au-legta-airion60\\\/\"},\"wordCount\":275,\"publisher\":{\"@id\":\"https:\\\/\\\/regions-snetap-fsu.fr\\\/formation\\\/#organization\"},\"image\":{\"@id\":\"https:\\\/\\\/regions-snetap-fsu.fr\\\/formation\\\/2017\\\/09\\\/28\\\/le-snetap-des-hauts-de-france-organise-une-journee-les-cfppa-au-legta-airion60\\\/#primaryimage\"},\"thumbnailUrl\":\"https:\\\/\\\/regions-snetap-fsu.fr\\\/hdf\\\/wp-content\\\/uploads\\\/sites\\\/5\\\/2017\\\/07\\\/cropped-cropped-SNETAPbig-trans-100px-1-2.jpg\",\"articleSection\":[\"UFA \\\/ CFPPA\"],\"inLanguage\":\"fr-FR\"},{\"@type\":\"WebPage\",\"@id\":\"https:\\\/\\\/regions-snetap-fsu.fr\\\/formation\\\/2017\\\/09\\\/28\\\/le-snetap-des-hauts-de-france-organise-une-journee-les-cfppa-au-legta-airion60\\\/\",\"url\":\"https:\\\/\\\/regions-snetap-fsu.fr\\\/formation\\\/2017\\\/09\\\/28\\\/le-snetap-des-hauts-de-france-organise-une-journee-les-cfppa-au-legta-airion60\\\/\",\"name\":\"Le SNETAP des hauts de France organise une journ\u00e9e les CFPPA au LEGTA Airion(60). - Formation des sites R\u00e9gionaux du SNETAP-FSU\",\"isPartOf\":{\"@id\":\"https:\\\/\\\/regions-snetap-fsu.fr\\\/formation\\\/#website\"},\"primaryImageOfPage\":{\"@id\":\"https:\\\/\\\/regions-snetap-fsu.fr\\\/formation\\\/2017\\\/09\\\/28\\\/le-snetap-des-hauts-de-france-organise-une-journee-les-cfppa-au-legta-airion60\\\/#primaryimage\"},\"image\":{\"@id\":\"https:\\\/\\\/regions-snetap-fsu.fr\\\/formation\\\/2017\\\/09\\\/28\\\/le-snetap-des-hauts-de-france-organise-une-journee-les-cfppa-au-legta-airion60\\\/#primaryimage\"},\"thumbnailUrl\":\"https:\\\/\\\/regions-snetap-fsu.fr\\\/hdf\\\/wp-content\\\/uploads\\\/sites\\\/5\\\/2017\\\/07\\\/cropped-cropped-SNETAPbig-trans-100px-1-2.jpg\",\"datePublished\":\"2017-09-28T07:25:19+00:00\",\"breadcrumb\":{\"@id\":\"https:\\\/\\\/regions-snetap-fsu.fr\\\/formation\\\/2017\\\/09\\\/28\\\/le-snetap-des-hauts-de-france-organise-une-journee-les-cfppa-au-legta-airion60\\\/#breadcrumb\"},\"inLanguage\":\"fr-FR\",\"potentialAction\":[{\"@type\":\"ReadAction\",\"target\":[\"https:\\\/\\\/regions-snetap-fsu.fr\\\/formation\\\/2017\\\/09\\\/28\\\/le-snetap-des-hauts-de-france-organise-une-journee-les-cfppa-au-legta-airion60\\\/\"]}]},{\"@type\":\"ImageObject\",\"inLanguage\":\"fr-FR\",\"@id\":\"https:\\\/\\\/regions-snetap-fsu.fr\\\/formation\\\/2017\\\/09\\\/28\\\/le-snetap-des-hauts-de-france-organise-une-journee-les-cfppa-au-legta-airion60\\\/#primaryimage\",\"url\":\"https:\\\/\\\/regions-snetap-fsu.fr\\\/hdf\\\/wp-content\\\/uploads\\\/sites\\\/5\\\/2017\\\/07\\\/cropped-cropped-SNETAPbig-trans-100px-1-2.jpg\",\"contentUrl\":\"https:\\\/\\\/regions-snetap-fsu.fr\\\/hdf\\\/wp-content\\\/uploads\\\/sites\\\/5\\\/2017\\\/07\\\/cropped-cropped-SNETAPbig-trans-100px-1-2.jpg\"},{\"@type\":\"BreadcrumbList\",\"@id\":\"https:\\\/\\\/regions-snetap-fsu.fr\\\/formation\\\/2017\\\/09\\\/28\\\/le-snetap-des-hauts-de-france-organise-une-journee-les-cfppa-au-legta-airion60\\\/#breadcrumb\",\"itemListElement\":[{\"@type\":\"ListItem\",\"position\":1,\"name\":\"Accueil\",\"item\":\"https:\\\/\\\/regions-snetap-fsu.fr\\\/formation\\\/\"},{\"@type\":\"ListItem\",\"position\":2,\"name\":\"Le SNETAP des hauts de France organise une journ\u00e9e les CFPPA au LEGTA Airion(60).\"}]},{\"@type\":\"WebSite\",\"@id\":\"https:\\\/\\\/regions-snetap-fsu.fr\\\/formation\\\/#website\",\"url\":\"https:\\\/\\\/regions-snetap-fsu.fr\\\/formation\\\/\",\"name\":\"Formation des sites R\u00e9gionaux du SNETAP-FSU\",\"description\":\"\",\"publisher\":{\"@id\":\"https:\\\/\\\/regions-snetap-fsu.fr\\\/formation\\\/#organization\"},\"potentialAction\":[{\"@type\":\"SearchAction\",\"target\":{\"@type\":\"EntryPoint\",\"urlTemplate\":\"https:\\\/\\\/regions-snetap-fsu.fr\\\/formation\\\/?s={search_term_string}\"},\"query-input\":{\"@type\":\"PropertyValueSpecification\",\"valueRequired\":true,\"valueName\":\"search_term_string\"}}],\"inLanguage\":\"fr-FR\"},{\"@type\":\"Organization\",\"@id\":\"https:\\\/\\\/regions-snetap-fsu.fr\\\/formation\\\/#organization\",\"name\":\"Formation des sites R\u00e9gionaux du SNETAP-FSU\",\"url\":\"https:\\\/\\\/regions-snetap-fsu.fr\\\/formation\\\/\",\"logo\":{\"@type\":\"ImageObject\",\"inLanguage\":\"fr-FR\",\"@id\":\"https:\\\/\\\/regions-snetap-fsu.fr\\\/formation\\\/#\\\/schema\\\/logo\\\/image\\\/\",\"url\":\"https:\\\/\\\/regions-snetap-fsu.fr\\\/formation\\\/wp-content\\\/uploads\\\/sites\\\/20\\\/2025\\\/04\\\/cropped-Logo_blanc_fond_transparent_1000x755.png\",\"contentUrl\":\"https:\\\/\\\/regions-snetap-fsu.fr\\\/formation\\\/wp-content\\\/uploads\\\/sites\\\/20\\\/2025\\\/04\\\/cropped-Logo_blanc_fond_transparent_1000x755.png\",\"width\":998,\"height\":689,\"caption\":\"Formation des sites R\u00e9gionaux du SNETAP-FSU\"},\"image\":{\"@id\":\"https:\\\/\\\/regions-snetap-fsu.fr\\\/formation\\\/#\\\/schema\\\/logo\\\/image\\\/\"}},{\"@type\":\"Person\",\"@id\":\"https:\\\/\\\/regions-snetap-fsu.fr\\\/formation\\\/#\\\/schema\\\/person\\\/f5dc7b6354e942ca9c5fa8e9ff7e5c93\",\"name\":\"yoctavien\",\"image\":{\"@type\":\"ImageObject\",\"inLanguage\":\"fr-FR\",\"@id\":\"https:\\\/\\\/secure.gravatar.com\\\/avatar\\\/382642c092b6b9da14641d3c478df2f3da4a2d17eea25691c232d4dbf735c292?s=96&d=mm&r=g\",\"url\":\"https:\\\/\\\/secure.gravatar.com\\\/avatar\\\/382642c092b6b9da14641d3c478df2f3da4a2d17eea25691c232d4dbf735c292?s=96&d=mm&r=g\",\"contentUrl\":\"https:\\\/\\\/secure.gravatar.com\\\/avatar\\\/382642c092b6b9da14641d3c478df2f3da4a2d17eea25691c232d4dbf735c292?s=96&d=mm&r=g\",\"caption\":\"yoctavien\"},\"url\":\"https:\\\/\\\/regions-snetap-fsu.fr\\\/formation\\\/author\\\/yoctavien\\\/\"}]}<\/script>\n<!-- \/ Yoast SEO plugin. -->","yoast_head_json":{"title":"Le SNETAP des hauts de France organise une journ\u00e9e les CFPPA au LEGTA Airion(60). - Formation des sites R\u00e9gionaux du SNETAP-FSU","robots":{"index":"index","follow":"follow","max-snippet":"max-snippet:-1","max-image-preview":"max-image-preview:large","max-video-preview":"max-video-preview:-1"},"canonical":"https:\/\/regions-snetap-fsu.fr\/formation\/2017\/09\/28\/le-snetap-des-hauts-de-france-organise-une-journee-les-cfppa-au-legta-airion60\/","og_locale":"fr_FR","og_type":"article","og_title":"Le SNETAP des hauts de France organise une journ\u00e9e les CFPPA au LEGTA Airion(60). - Formation des sites R\u00e9gionaux du SNETAP-FSU","og_description":"Le SNETAP des hauts de France organise une journ\u00e9e th\u00e9matique sur les CFPPA. Elle se d\u00e9roulera le jeudi 5 octobre au LEGTA Airion (60). Elle est ouverte \u00e0 tous les personnels. Les d\u00e9placements des syndiqu\u00e9s peuvent \u00eatre prise en compte et des autorisations sp\u00e9ciales d&rsquo;absences (ASA) peuvent \u00eatre fournies aux agents le souhaitant. Le matin [&hellip;]","og_url":"https:\/\/regions-snetap-fsu.fr\/formation\/2017\/09\/28\/le-snetap-des-hauts-de-france-organise-une-journee-les-cfppa-au-legta-airion60\/","og_site_name":"Formation des sites R\u00e9gionaux du SNETAP-FSU","article_published_time":"2017-09-28T07:25:19+00:00","author":"yoctavien","twitter_card":"summary_large_image","twitter_misc":{"\u00c9crit par":"yoctavien","Dur\u00e9e de lecture estim\u00e9e":"1 minute"},"schema":{"@context":"https:\/\/schema.org","@graph":[{"@type":"Article","@id":"https:\/\/regions-snetap-fsu.fr\/formation\/2017\/09\/28\/le-snetap-des-hauts-de-france-organise-une-journee-les-cfppa-au-legta-airion60\/#article","isPartOf":{"@id":"https:\/\/regions-snetap-fsu.fr\/formation\/2017\/09\/28\/le-snetap-des-hauts-de-france-organise-une-journee-les-cfppa-au-legta-airion60\/"},"author":{"name":"yoctavien","@id":"https:\/\/regions-snetap-fsu.fr\/formation\/#\/schema\/person\/f5dc7b6354e942ca9c5fa8e9ff7e5c93"},"headline":"Le SNETAP des hauts de France organise une journ\u00e9e les CFPPA au LEGTA Airion(60).","datePublished":"2017-09-28T07:25:19+00:00","mainEntityOfPage":{"@id":"https:\/\/regions-snetap-fsu.fr\/formation\/2017\/09\/28\/le-snetap-des-hauts-de-france-organise-une-journee-les-cfppa-au-legta-airion60\/"},"wordCount":275,"publisher":{"@id":"https:\/\/regions-snetap-fsu.fr\/formation\/#organization"},"image":{"@id":"https:\/\/regions-snetap-fsu.fr\/formation\/2017\/09\/28\/le-snetap-des-hauts-de-france-organise-une-journee-les-cfppa-au-legta-airion60\/#primaryimage"},"thumbnailUrl":"https:\/\/regions-snetap-fsu.fr\/hdf\/wp-content\/uploads\/sites\/5\/2017\/07\/cropped-cropped-SNETAPbig-trans-100px-1-2.jpg","articleSection":["UFA \/ CFPPA"],"inLanguage":"fr-FR"},{"@type":"WebPage","@id":"https:\/\/regions-snetap-fsu.fr\/formation\/2017\/09\/28\/le-snetap-des-hauts-de-france-organise-une-journee-les-cfppa-au-legta-airion60\/","url":"https:\/\/regions-snetap-fsu.fr\/formation\/2017\/09\/28\/le-snetap-des-hauts-de-france-organise-une-journee-les-cfppa-au-legta-airion60\/","name":"Le SNETAP des hauts de France organise une journ\u00e9e les CFPPA au LEGTA Airion(60). - Formation des sites R\u00e9gionaux du SNETAP-FSU","isPartOf":{"@id":"https:\/\/regions-snetap-fsu.fr\/formation\/#website"},"primaryImageOfPage":{"@id":"https:\/\/regions-snetap-fsu.fr\/formation\/2017\/09\/28\/le-snetap-des-hauts-de-france-organise-une-journee-les-cfppa-au-legta-airion60\/#primaryimage"},"image":{"@id":"https:\/\/regions-snetap-fsu.fr\/formation\/2017\/09\/28\/le-snetap-des-hauts-de-france-organise-une-journee-les-cfppa-au-legta-airion60\/#primaryimage"},"thumbnailUrl":"https:\/\/regions-snetap-fsu.fr\/hdf\/wp-content\/uploads\/sites\/5\/2017\/07\/cropped-cropped-SNETAPbig-trans-100px-1-2.jpg","datePublished":"2017-09-28T07:25:19+00:00","breadcrumb":{"@id":"https:\/\/regions-snetap-fsu.fr\/formation\/2017\/09\/28\/le-snetap-des-hauts-de-france-organise-une-journee-les-cfppa-au-legta-airion60\/#breadcrumb"},"inLanguage":"fr-FR","potentialAction":[{"@type":"ReadAction","target":["https:\/\/regions-snetap-fsu.fr\/formation\/2017\/09\/28\/le-snetap-des-hauts-de-france-organise-une-journee-les-cfppa-au-legta-airion60\/"]}]},{"@type":"ImageObject","inLanguage":"fr-FR","@id":"https:\/\/regions-snetap-fsu.fr\/formation\/2017\/09\/28\/le-snetap-des-hauts-de-france-organise-une-journee-les-cfppa-au-legta-airion60\/#primaryimage","url":"https:\/\/regions-snetap-fsu.fr\/hdf\/wp-content\/uploads\/sites\/5\/2017\/07\/cropped-cropped-SNETAPbig-trans-100px-1-2.jpg","contentUrl":"https:\/\/regions-snetap-fsu.fr\/hdf\/wp-content\/uploads\/sites\/5\/2017\/07\/cropped-cropped-SNETAPbig-trans-100px-1-2.jpg"},{"@type":"BreadcrumbList","@id":"https:\/\/regions-snetap-fsu.fr\/formation\/2017\/09\/28\/le-snetap-des-hauts-de-france-organise-une-journee-les-cfppa-au-legta-airion60\/#breadcrumb","itemListElement":[{"@type":"ListItem","position":1,"name":"Accueil","item":"https:\/\/regions-snetap-fsu.fr\/formation\/"},{"@type":"ListItem","position":2,"name":"Le SNETAP des hauts de France organise une journ\u00e9e les CFPPA au LEGTA Airion(60)."}]},{"@type":"WebSite","@id":"https:\/\/regions-snetap-fsu.fr\/formation\/#website","url":"https:\/\/regions-snetap-fsu.fr\/formation\/","name":"Formation des sites R\u00e9gionaux du SNETAP-FSU","description":"","publisher":{"@id":"https:\/\/regions-snetap-fsu.fr\/formation\/#organization"},"potentialAction":[{"@type":"SearchAction","target":{"@type":"EntryPoint","urlTemplate":"https:\/\/regions-snetap-fsu.fr\/formation\/?s={search_term_string}"},"query-input":{"@type":"PropertyValueSpecification","valueRequired":true,"valueName":"search_term_string"}}],"inLanguage":"fr-FR"},{"@type":"Organization","@id":"https:\/\/regions-snetap-fsu.fr\/formation\/#organization","name":"Formation des sites R\u00e9gionaux du SNETAP-FSU","url":"https:\/\/regions-snetap-fsu.fr\/formation\/","logo":{"@type":"ImageObject","inLanguage":"fr-FR","@id":"https:\/\/regions-snetap-fsu.fr\/formation\/#\/schema\/logo\/image\/","url":"https:\/\/regions-snetap-fsu.fr\/formation\/wp-content\/uploads\/sites\/20\/2025\/04\/cropped-Logo_blanc_fond_transparent_1000x755.png","contentUrl":"https:\/\/regions-snetap-fsu.fr\/formation\/wp-content\/uploads\/sites\/20\/2025\/04\/cropped-Logo_blanc_fond_transparent_1000x755.png","width":998,"height":689,"caption":"Formation des sites R\u00e9gionaux du SNETAP-FSU"},"image":{"@id":"https:\/\/regions-snetap-fsu.fr\/formation\/#\/schema\/logo\/image\/"}},{"@type":"Person","@id":"https:\/\/regions-snetap-fsu.fr\/formation\/#\/schema\/person\/f5dc7b6354e942ca9c5fa8e9ff7e5c93","name":"yoctavien","image":{"@type":"ImageObject","inLanguage":"fr-FR","@id":"https:\/\/secure.gravatar.com\/avatar\/382642c092b6b9da14641d3c478df2f3da4a2d17eea25691c232d4dbf735c292?s=96&d=mm&r=g","url":"https:\/\/secure.gravatar.com\/avatar\/382642c092b6b9da14641d3c478df2f3da4a2d17eea25691c232d4dbf735c292?s=96&d=mm&r=g","contentUrl":"https:\/\/secure.gravatar.com\/avatar\/382642c092b6b9da14641d3c478df2f3da4a2d17eea25691c232d4dbf735c292?s=96&d=mm&r=g","caption":"yoctavien"},"url":"https:\/\/regions-snetap-fsu.fr\/formation\/author\/yoctavien\/"}]}},"_links":{"self":[{"href":"https:\/\/regions-snetap-fsu.fr\/formation\/wp-json\/wp\/v2\/posts\/200","targetHints":{"allow":["GET"]}}],"collection":[{"href":"https:\/\/regions-snetap-fsu.fr\/formation\/wp-json\/wp\/v2\/posts"}],"about":[{"href":"https:\/\/regions-snetap-fsu.fr\/formation\/wp-json\/wp\/v2\/types\/post"}],"author":[{"embeddable":true,"href":"https:\/\/regions-snetap-fsu.fr\/formation\/wp-json\/wp\/v2\/users\/138"}],"replies":[{"embeddable":true,"href":"https:\/\/regions-snetap-fsu.fr\/formation\/wp-json\/wp\/v2\/comments?post=200"}],"version-history":[{"count":0,"href":"https:\/\/regions-snetap-fsu.fr\/formation\/wp-json\/wp\/v2\/posts\/200\/revisions"}],"wp:attachment":[{"href":"https:\/\/regions-snetap-fsu.fr\/formation\/wp-json\/wp\/v2\/media?parent=200"}],"wp:term":[{"taxonomy":"category","embeddable":true,"href":"https:\/\/regions-snetap-fsu.fr\/formation\/wp-json\/wp\/v2\/categories?post=200"},{"taxonomy":"post_tag","embeddable":true,"href":"https:\/\/regions-snetap-fsu.fr\/formation\/wp-json\/wp\/v2\/tags?post=200"},{"taxonomy":"post_folder","embeddable":true,"href":"https:\/\/regions-snetap-fsu.fr\/formation\/wp-json\/wp\/v2\/post_folder?post=200"}],"curies":[{"name":"wp","href":"https:\/\/api.w.org\/{rel}","templated":true}]}}