{"id":1970,"date":"2019-03-29T19:21:30","date_gmt":"2019-03-29T18:21:30","guid":{"rendered":"https:\/\/regions-snetap-fsu.fr\/hdf\/?p=1970"},"modified":"2019-03-29T19:21:30","modified_gmt":"2019-03-29T18:21:30","slug":"grande-semaine-de-mobilisation-dans-les-hauts-de-france","status":"publish","type":"post","link":"https:\/\/regions-snetap-fsu.fr\/formation\/2019\/03\/29\/grande-semaine-de-mobilisation-dans-les-hauts-de-france\/","title":{"rendered":"Grande semaine de mobilisation dans les Hauts-de-France"},"content":{"rendered":"<h2 style=\"text-align: center\"><span style=\"color: #ff0000\">Grande semaine de mobilisation<\/span><\/h2>\n<h2 style=\"text-align: center\"><span style=\"color: #ff0000\">dans les Hauts-de-France<\/span><\/h2>\n<h2 style=\"text-align: center\"><span style=\"color: #ff0000\"><b>pour la d\u00e9fense de nos d\u00e9doublements<\/b><\/span><\/h2>\n<h2 style=\"text-align: center\"><span style=\"color: #ff0000\"><b>pour un DGH \u00e0 la hauteur de nos<\/b><b> <\/b><b>besoins<\/b><\/span><\/h2>\n<h2 style=\"text-align: center\"><span style=\"color: #ff0000\"><strong>et pour un accueil de qualit\u00e9 des \u00e9l\u00e8ves handicap\u00e9\u00b7es<\/strong><\/span><\/h2>\n<p style=\"text-align: justify\"><span style=\"color: #0000ff\">La mobilisation doit pouvoir monter en pression lors la semaine du 1er au 5 avril, sur fond d&rsquo;appel de notre f\u00e9d\u00e9ration \u00e0 une semaine d\u2019action dans l\u2019\u00c9ducation &#8211; celle-ci \u00e9tant l&rsquo;occasion de multiplier les initiatives sur nos EPL (P\u00e9titions, courriels, HMI, banderoles, interpellation des CA, DRAAF&#8230;) !<\/span><\/p>\n<h3 style=\"text-align: center\"><span style=\"color: #008000\"><u><b>Rappel du contexte et des enjeux<\/b><\/u><u><b> <\/b><\/u>:<\/span><\/h3>\n<p style=\"text-align: justify\"><span style=\"color: #ff0000\"><b>20 ETP de supprim\u00e9s pour la rentr\u00e9e prochaine dans l\u2019Enseignement Agricole Public (EAP)<\/b><\/span> <span style=\"color: #0000ff\">contre 30 dans le Priv\u00e9 temps plein et non l\u2019inverse comme annonc\u00e9 avant que nous engagions les mobilisations &#8211; appel au boycott et blocage de certains centres d\u2019examen avant l\u2019\u00e9t\u00e9, manif nationale EAP \u00e0 l\u2019automne notamment&#8230;<\/span><\/p>\n<p style=\"text-align: justify\"><span style=\"color: #ff0000\"><b>Rehaussement des seuils de d\u00e9doublement<\/b><\/span><span style=\"color: #0000ff\"> confirm\u00e9 pour la rentr\u00e9e (par exemples passage de 16 \u00e0 19, de 24 \u00e0 27, de 32 \u00e0 35 (mais possibilit\u00e9 aux Directions de faire comme elles le souhaitent), avec une improbable enveloppe compl\u00e9mentaire, mais pas de suppression pure et simple gr\u00e2ce \u00e0 la pression exerc\u00e9e depuis plus d\u2019un trimestre maintenant par les Personnels sous l\u2019impulsion du SNETAP \u2013 p\u00e9tition port\u00e9e \u00e0 pr\u00e8s de 3 000 signatures, interpellations en cours du ministre lors de chacun de ses d\u00e9placements\u2026), ouvertures de classes nouvelles conditionn\u00e9es de fait \u00e0 fermetures\u2026<\/span><\/p>\n<p style=\"text-align: justify\"><span style=\"color: #ff0000\"><b>D\u00e9r\u00e9gulations en cours<\/b> <b>de la pluri en STAV, en EATDD\u2026<\/b><\/span> <span style=\"color: #0000ff\">que la DGER et l\u2019Inspection entra\u00eenent vers du non affect\u00e9 (frein mis \u00e0 la d\u00e9marche suite au blocage d\u2019un certain nombre d\u2019instances, de lettres p\u00e9titions adress\u00e9es par les \u00e9quipes enseignantes au DGER\u2026).<\/span><\/p>\n<p style=\"text-align: justify\"><span style=\"color: #ff0000\"><b>Baisses de DGH annonc\u00e9es\u2026<\/b><\/span> <span style=\"color: #0000ff\">nos craintes tendraient \u00e0 se confirmer avec -2,33% en r\u00e9gion Auvergne Rh\u00f4ne-Alpes, dans le Grand Est, 10 000 heures de moins en Nouvelle aquitaine, 6 000 heures en Bourgogne-FC. Concernant les Hauts-de-France, nous n&rsquo;avons pas encore pu obtenir de r\u00e9ponse ceci malgr\u00e9 une premi\u00e8re demande le 26\/03 et une deuxi\u00e8me relance le 29\/03. Les camarades de l&rsquo;EPL du Pas-de-Calais ont pu arracher une r\u00e9ponse lors du conseil d&rsquo;administration aupr\u00e8s du Directeur adjoint du SFRD. Sans donner de chiffre, il a pr\u00e9cis\u00e9 que la DGH a tendance \u00e0 se maintenir au niveau r\u00e9gional mais le SRFD favorisera les \u00e9tablissements qui recrute ! Ce genre de r\u00e9ponse et cette absence de chiffre ne sont pas bon signe pour les Hauts-de-France.<\/span><\/p>\n<p style=\"text-align: justify\"><span style=\"color: #ff0000\"><b>Contre-r\u00e9formes<\/b> <strong>du lyc\u00e9e, de l\u2019apprentissage<\/strong><\/span> <span style=\"color: #0000ff\">qui fragilisent nos \u00e9tablissements sous couvert d\u2019ouvrir les choix des jeunes (choix limit\u00e9s dans le cadre de la r\u00e9forme du bac \u00e0 3 sp\u00e9cialit\u00e9s scientifiques en premi\u00e8re, ouverture de 2 ou 3 doublettes rendues possible par la mobilisation du SNETAP,<\/span> <span style=\"color: #ff0000\"><b>toujours pas de financement garanti pour la mise en place des enseignements facultatifs n\u00e9cessaires<\/b>)\u2026<\/span><\/p>\n<p style=\"text-align: justify\"><span style=\"color: #ff0000\"><strong>Mise en place du CFA R\u00e9gional<\/strong>.<\/span> <span style=\"color: #0000ff\">Encore beaucoup de doute et de questionnement demeurent pour les conditions de travail&#8230; Protocole ? Baisse des heures de formation dans certain CFA. Deux heures de pluri compt\u00e9es une heure&#8230;<\/span><\/p>\n<h3 style=\"text-align: center\"><span style=\"color: #008000\"><u><b>Actions en cours et \u00e0 amplifier<\/b><\/u><b>\u00a0<\/b><\/span><\/h3>\n<p align=\"justify\"><span style=\"color: #0000ff\">Cette semaine d&rsquo;action vient \u00e0 point nomm\u00e9, en effet, le <span id=\"OBJ_PREFIX_DWT1550_com_zimbra_date\" class=\"Object\"><span id=\"OBJ_PREFIX_DWT1551_com_zimbra_date\" class=\"Object\"><span id=\"OBJ_PREFIX_DWT1562_com_zimbra_date\" class=\"Object\">mardi<\/span><\/span><\/span> 2 avril sera une journ\u00e9e importante de mobilisation dans l\u2019EAP pour la d\u00e9fense de nos d\u00e9doublements et contre les baisses de DGH &#8211; sachant que la DGER a pr\u00e9vu ce 2 avril de revoir l&rsquo;ensemble des grilles horaires des dipl\u00f4mes pour acter le rehaussement des seuils de d\u00e9doublement de nos classes&#8230;<\/span><\/p>\n<p style=\"text-align: justify\" align=\"justify\"><span style=\"color: #0000ff\">L&rsquo;Intersyndicale de l&rsquo;Enseignement agricole (public et priv\u00e9) a donc d\u00e9cid\u00e9 de maintenir et d&rsquo;amplifier ses actions contre la suppression de seuils et l&rsquo;ensemble des r\u00e9formes. Pour cela chaque section des Hauts-de-France se lancera dans le plan d&rsquo;action suivant :<\/span><\/p>\n<p align=\"justify\"><span style=\"color: #0000ff\"><strong>Lundi 1er avril :<\/strong><\/span><\/p>\n<ul>\n<li style=\"text-align: justify\"><span style=\"color: #0000ff\">Accueil de nos parents d\u2019\u00e9l\u00e8ves et \u00e9l\u00e8ves avec information et signature de la <strong>p\u00e9tition<\/strong> de d\u00e9fense des d\u00e9doublements. <a style=\"color: #0000ff\" href=\"https:\/\/drive.google.com\/open?id=1HceCq3jNqH182ldzXMkS2SOf9D9q6rxE\" target=\"_blank\" rel=\"noopener noreferrer\"><span style=\"text-decoration: underline\"><span style=\"color: #000000;text-decoration: underline\">Lien : P\u00e9tition papier contre suppression seuil d\u00e9doublement<\/span><\/span><\/a><\/span> . <span style=\"color: #0000ff\">Sinon le vendredi \u00e0 la sortie ou autre. Les p\u00e9titions seront \u00e0 envoyer \u00e0 la permanence SNETAP-FSU en PDF gr\u00e2ce au scanne.<br \/>\n<\/span><\/li>\n<li style=\"text-align: justify\"><span style=\"color: #0000ff\">12h &#8211; 14h, l&rsquo;ensemble du personnel<strong> envoi un courriel<\/strong>\u00a0<b> \u00e0 Messieurs Vincon et Bonaim\u00e9<\/b>, avec la carte num\u00e9rique suivante :<\/span><\/li>\n<\/ul>\n\n\t\t<div class=\"wppdfemb-frame-container-1\" style=\"-webkit-overflow-scrolling:auto;\">\n\t\t\t<iframe class=\"pdfembed-iframe nonfullscreen wppdf-emb-iframe-1\"\n\t\t\t\tsrc=\"https:\/\/regions-snetap-fsu.fr\/formation\/?pdfemb-data=eyJ1cmwiOiJodHRwczpcL1wvcmVnaW9ucy1zbmV0YXAtZnN1LmZyXC9oZGZcL3dwLWNvbnRlbnRcL3VwbG9hZHNcL3NpdGVzXC81XC8yMDE5XC8wNFwvcG9pc29uYXZyaWwyLnBkZiIsImluZGV4IjoxLCJwZGZJRCI6MH0\"\n\t\t\t\t\t\t\t\tdata-pdf-id=\"0\"\n\t\t\t\tdata-pdf-index=\"1\"\n\t\t\t\tstyle=\"border:none;width:100%;max-width:100%;height:100vh;\"\n\t\t\t\tscrolling=\"yes\">\n\t\t\t<\/iframe>\n\t\t<\/div>\n\n\t\t\n<p align=\"justify\"><span style=\"color: #0000ff\"><strong>Mardi 2 avril :<\/strong><\/span><\/p>\n<ul>\n<li><span style=\"color: #0000ff\">Si possible <strong>HMI<\/strong> de 10h \u00e0 12h (Tenu du CNEA), sinon \u00e0 d&rsquo;autres heures ou journ\u00e9e de la semaine.<\/span><\/li>\n<li style=\"text-align: justify\"><span style=\"color: #0000ff\">\u00e0 Paris : Lecture\u00a0 d&rsquo;une d\u00e9claration avant le CNEA par une intersyndicale la plus large et avec l\u2019appui de la FCPE, de la Conf. Paysanne\u2026<\/span><\/li>\n<\/ul>\n<p align=\"justify\"><span style=\"color: #0000ff\"><strong>Jeudi 4 avril :<\/strong><\/span><\/p>\n<ul>\n<li style=\"text-align: justify\"><span style=\"color: #0000ff\"><strong>Audience \u00e0 la DRAAF \u00e0 Lille \u00e0 16h<\/strong>.<br \/>\n<\/span><\/li>\n<\/ul>\n<p style=\"text-align: justify\" align=\"justify\"><span style=\"color: #0000ff\">Les frais de d\u00e9placement seront pris en charge par le SNETAP-FSU. Mais nous vous demandons de privil\u00e9gier le covoiturage.<\/span><\/p>\n<p><span style=\"color: #0000ff\">Si vous ne l\u2019avez pas encore fait, signez et faites signer la p\u00e9tition contre la suppression des seuils de d\u00e9doublement :<\/span> <span style=\"text-decoration: underline\"><span style=\"color: #000000;text-decoration: underline\"><a style=\"color: #000000;text-decoration: underline\" href=\"https:\/\/intersyndicale.fr\/non-a-la-suppression-des-seuils-de-dedoublement-dans-lenseignement-agricole\/\" target=\"_blank\" rel=\"noopener noreferrer\">Lien : P\u00e9tition contre suppression seuils d\u00e9doublement<\/a><\/span><\/span><\/p>\n<p style=\"text-align: justify\"><span style=\"color: #0000ff\">Aussi, profitez de ces actions pour diffuser le tract unitaire, ci-dessous, \u00e0 destination des usager\u00b7es (parents, &#8230;) \u00e0 propos du projet de loi de la Fonction Publique.<\/span><\/p>\n<p><span style=\"text-decoration: underline\"><span style=\"color: #000000\"><a style=\"color: #000000;text-decoration: underline\" href=\"https:\/\/drive.google.com\/open?id=1zKAQNyOufN2WcUpVvB0eqvnZ0xM8_7xD\" target=\"_blank\" rel=\"noopener noreferrer\">Lien : Tract unitaire projet de loi Fonction Publique \u00e0 destination des usager\u00b7es<\/a><\/span><\/span><\/p>\n<p style=\"text-align: justify\"><strong><span style=\"color: #ff0000\">Il ne faut pas l\u00e2cher et ne pas laisser confisquer notre parole, afin de porter le message de refus de ce traitement indigne inflig\u00e9 \u00e0 l&rsquo;Enseignement Agricole Public !<\/span><\/strong><\/p>\n<p style=\"text-align: justify\"><strong><span style=\"color: #ff0000\">Face aux enjeux de notre mobilisation, toutes et tous ensemble d\u00e9montrons que nous refusons massivement cette casse de l&rsquo;Enseignement Agricole Public !<\/span><\/strong><\/p>\n","protected":false},"excerpt":{"rendered":"<p>Grande semaine de mobilisation dans les Hauts-de-France pour la d\u00e9fense de nos d\u00e9doublements pour un DGH \u00e0 la hauteur de nos besoins et pour un accueil de qualit\u00e9 des \u00e9l\u00e8ves handicap\u00e9\u00b7es La mobilisation doit pouvoir monter en pression lors la semaine du 1er au 5 avril, sur fond d&rsquo;appel de notre f\u00e9d\u00e9ration \u00e0 une semaine [&hellip;]<\/p>\n","protected":false},"author":138,"featured_media":0,"comment_status":"closed","ping_status":"closed","sticky":false,"template":"","format":"standard","meta":{"ocean_post_layout":"","ocean_both_sidebars_style":"","ocean_both_sidebars_content_width":0,"ocean_both_sidebars_sidebars_width":0,"ocean_sidebar":"","ocean_second_sidebar":"","ocean_disable_margins":"enable","ocean_add_body_class":"","ocean_shortcode_before_top_bar":"","ocean_shortcode_after_top_bar":"","ocean_shortcode_before_header":"","ocean_shortcode_after_header":"","ocean_has_shortcode":"","ocean_shortcode_after_title":"","ocean_shortcode_before_footer_widgets":"","ocean_shortcode_after_footer_widgets":"","ocean_shortcode_before_footer_bottom":"","ocean_shortcode_after_footer_bottom":"","ocean_display_top_bar":"default","ocean_display_header":"default","ocean_header_style":"","ocean_center_header_left_menu":"","ocean_custom_header_template":"","ocean_custom_logo":0,"ocean_custom_retina_logo":0,"ocean_custom_logo_max_width":0,"ocean_custom_logo_tablet_max_width":0,"ocean_custom_logo_mobile_max_width":0,"ocean_custom_logo_max_height":0,"ocean_custom_logo_tablet_max_height":0,"ocean_custom_logo_mobile_max_height":0,"ocean_header_custom_menu":"","ocean_menu_typo_font_family":"","ocean_menu_typo_font_subset":"","ocean_menu_typo_font_size":0,"ocean_menu_typo_font_size_tablet":0,"ocean_menu_typo_font_size_mobile":0,"ocean_menu_typo_font_size_unit":"px","ocean_menu_typo_font_weight":"","ocean_menu_typo_font_weight_tablet":"","ocean_menu_typo_font_weight_mobile":"","ocean_menu_typo_transform":"","ocean_menu_typo_transform_tablet":"","ocean_menu_typo_transform_mobile":"","ocean_menu_typo_line_height":0,"ocean_menu_typo_line_height_tablet":0,"ocean_menu_typo_line_height_mobile":0,"ocean_menu_typo_line_height_unit":"","ocean_menu_typo_spacing":0,"ocean_menu_typo_spacing_tablet":0,"ocean_menu_typo_spacing_mobile":0,"ocean_menu_typo_spacing_unit":"","ocean_menu_link_color":"","ocean_menu_link_color_hover":"","ocean_menu_link_color_active":"","ocean_menu_link_background":"","ocean_menu_link_hover_background":"","ocean_menu_link_active_background":"","ocean_menu_social_links_bg":"","ocean_menu_social_hover_links_bg":"","ocean_menu_social_links_color":"","ocean_menu_social_hover_links_color":"","ocean_disable_title":"default","ocean_disable_heading":"default","ocean_post_title":"","ocean_post_subheading":"","ocean_post_title_style":"","ocean_post_title_background_color":"","ocean_post_title_background":0,"ocean_post_title_bg_image_position":"","ocean_post_title_bg_image_attachment":"","ocean_post_title_bg_image_repeat":"","ocean_post_title_bg_image_size":"","ocean_post_title_height":0,"ocean_post_title_bg_overlay":0.5,"ocean_post_title_bg_overlay_color":"","ocean_disable_breadcrumbs":"default","ocean_breadcrumbs_color":"","ocean_breadcrumbs_separator_color":"","ocean_breadcrumbs_links_color":"","ocean_breadcrumbs_links_hover_color":"","ocean_display_footer_widgets":"default","ocean_display_footer_bottom":"default","ocean_custom_footer_template":"","ocean_post_oembed":"","ocean_post_self_hosted_media":"","ocean_post_video_embed":"","ocean_link_format":"","ocean_link_format_target":"self","ocean_quote_format":"","ocean_quote_format_link":"post","ocean_gallery_link_images":"on","ocean_gallery_id":[],"footnotes":""},"categories":[3],"tags":[],"post_folder":[],"class_list":["post-1970","post","type-post","status-publish","format-standard","hentry","category-actions-greves-manifs","entry"],"yoast_head":"<!-- This site is optimized with the Yoast SEO plugin v27.4 - https:\/\/yoast.com\/product\/yoast-seo-wordpress\/ -->\n<title>Grande semaine de mobilisation dans les Hauts-de-France - Formation des sites R\u00e9gionaux du SNETAP-FSU<\/title>\n<meta name=\"robots\" content=\"index, follow, max-snippet:-1, max-image-preview:large, max-video-preview:-1\" \/>\n<link rel=\"canonical\" href=\"https:\/\/regions-snetap-fsu.fr\/formation\/2019\/03\/29\/grande-semaine-de-mobilisation-dans-les-hauts-de-france\/\" \/>\n<meta property=\"og:locale\" content=\"fr_FR\" \/>\n<meta property=\"og:type\" content=\"article\" \/>\n<meta property=\"og:title\" content=\"Grande semaine de mobilisation dans les Hauts-de-France - Formation des sites R\u00e9gionaux du SNETAP-FSU\" \/>\n<meta property=\"og:description\" content=\"Grande semaine de mobilisation dans les Hauts-de-France pour la d\u00e9fense de nos d\u00e9doublements pour un DGH \u00e0 la hauteur de nos besoins et pour un accueil de qualit\u00e9 des \u00e9l\u00e8ves handicap\u00e9\u00b7es La mobilisation doit pouvoir monter en pression lors la semaine du 1er au 5 avril, sur fond d&rsquo;appel de notre f\u00e9d\u00e9ration \u00e0 une semaine [&hellip;]\" \/>\n<meta property=\"og:url\" content=\"https:\/\/regions-snetap-fsu.fr\/formation\/2019\/03\/29\/grande-semaine-de-mobilisation-dans-les-hauts-de-france\/\" \/>\n<meta property=\"og:site_name\" content=\"Formation des sites R\u00e9gionaux du SNETAP-FSU\" \/>\n<meta property=\"article:published_time\" content=\"2019-03-29T18:21:30+00:00\" \/>\n<meta name=\"author\" content=\"yoctavien\" \/>\n<meta name=\"twitter:card\" content=\"summary_large_image\" \/>\n<meta name=\"twitter:label1\" content=\"\u00c9crit par\" \/>\n\t<meta name=\"twitter:data1\" content=\"yoctavien\" \/>\n\t<meta name=\"twitter:label2\" content=\"Dur\u00e9e de lecture estim\u00e9e\" \/>\n\t<meta name=\"twitter:data2\" content=\"4 minutes\" \/>\n<script type=\"application\/ld+json\" class=\"yoast-schema-graph\">{\"@context\":\"https:\\\/\\\/schema.org\",\"@graph\":[{\"@type\":\"Article\",\"@id\":\"https:\\\/\\\/regions-snetap-fsu.fr\\\/formation\\\/2019\\\/03\\\/29\\\/grande-semaine-de-mobilisation-dans-les-hauts-de-france\\\/#article\",\"isPartOf\":{\"@id\":\"https:\\\/\\\/regions-snetap-fsu.fr\\\/formation\\\/2019\\\/03\\\/29\\\/grande-semaine-de-mobilisation-dans-les-hauts-de-france\\\/\"},\"author\":{\"name\":\"yoctavien\",\"@id\":\"https:\\\/\\\/regions-snetap-fsu.fr\\\/formation\\\/#\\\/schema\\\/person\\\/f5dc7b6354e942ca9c5fa8e9ff7e5c93\"},\"headline\":\"Grande semaine de mobilisation dans les Hauts-de-France\",\"datePublished\":\"2019-03-29T18:21:30+00:00\",\"mainEntityOfPage\":{\"@id\":\"https:\\\/\\\/regions-snetap-fsu.fr\\\/formation\\\/2019\\\/03\\\/29\\\/grande-semaine-de-mobilisation-dans-les-hauts-de-france\\\/\"},\"wordCount\":920,\"publisher\":{\"@id\":\"https:\\\/\\\/regions-snetap-fsu.fr\\\/formation\\\/#organization\"},\"articleSection\":[\"Actions - Gr\u00e8ves - Manifs\"],\"inLanguage\":\"fr-FR\"},{\"@type\":\"WebPage\",\"@id\":\"https:\\\/\\\/regions-snetap-fsu.fr\\\/formation\\\/2019\\\/03\\\/29\\\/grande-semaine-de-mobilisation-dans-les-hauts-de-france\\\/\",\"url\":\"https:\\\/\\\/regions-snetap-fsu.fr\\\/formation\\\/2019\\\/03\\\/29\\\/grande-semaine-de-mobilisation-dans-les-hauts-de-france\\\/\",\"name\":\"Grande semaine de mobilisation dans les Hauts-de-France - Formation des sites R\u00e9gionaux du SNETAP-FSU\",\"isPartOf\":{\"@id\":\"https:\\\/\\\/regions-snetap-fsu.fr\\\/formation\\\/#website\"},\"datePublished\":\"2019-03-29T18:21:30+00:00\",\"breadcrumb\":{\"@id\":\"https:\\\/\\\/regions-snetap-fsu.fr\\\/formation\\\/2019\\\/03\\\/29\\\/grande-semaine-de-mobilisation-dans-les-hauts-de-france\\\/#breadcrumb\"},\"inLanguage\":\"fr-FR\",\"potentialAction\":[{\"@type\":\"ReadAction\",\"target\":[\"https:\\\/\\\/regions-snetap-fsu.fr\\\/formation\\\/2019\\\/03\\\/29\\\/grande-semaine-de-mobilisation-dans-les-hauts-de-france\\\/\"]}]},{\"@type\":\"BreadcrumbList\",\"@id\":\"https:\\\/\\\/regions-snetap-fsu.fr\\\/formation\\\/2019\\\/03\\\/29\\\/grande-semaine-de-mobilisation-dans-les-hauts-de-france\\\/#breadcrumb\",\"itemListElement\":[{\"@type\":\"ListItem\",\"position\":1,\"name\":\"Accueil\",\"item\":\"https:\\\/\\\/regions-snetap-fsu.fr\\\/formation\\\/\"},{\"@type\":\"ListItem\",\"position\":2,\"name\":\"Grande semaine de mobilisation dans les Hauts-de-France\"}]},{\"@type\":\"WebSite\",\"@id\":\"https:\\\/\\\/regions-snetap-fsu.fr\\\/formation\\\/#website\",\"url\":\"https:\\\/\\\/regions-snetap-fsu.fr\\\/formation\\\/\",\"name\":\"Formation des sites R\u00e9gionaux du SNETAP-FSU\",\"description\":\"\",\"publisher\":{\"@id\":\"https:\\\/\\\/regions-snetap-fsu.fr\\\/formation\\\/#organization\"},\"potentialAction\":[{\"@type\":\"SearchAction\",\"target\":{\"@type\":\"EntryPoint\",\"urlTemplate\":\"https:\\\/\\\/regions-snetap-fsu.fr\\\/formation\\\/?s={search_term_string}\"},\"query-input\":{\"@type\":\"PropertyValueSpecification\",\"valueRequired\":true,\"valueName\":\"search_term_string\"}}],\"inLanguage\":\"fr-FR\"},{\"@type\":\"Organization\",\"@id\":\"https:\\\/\\\/regions-snetap-fsu.fr\\\/formation\\\/#organization\",\"name\":\"Formation des sites R\u00e9gionaux du SNETAP-FSU\",\"url\":\"https:\\\/\\\/regions-snetap-fsu.fr\\\/formation\\\/\",\"logo\":{\"@type\":\"ImageObject\",\"inLanguage\":\"fr-FR\",\"@id\":\"https:\\\/\\\/regions-snetap-fsu.fr\\\/formation\\\/#\\\/schema\\\/logo\\\/image\\\/\",\"url\":\"https:\\\/\\\/regions-snetap-fsu.fr\\\/formation\\\/wp-content\\\/uploads\\\/sites\\\/20\\\/2025\\\/04\\\/cropped-Logo_blanc_fond_transparent_1000x755.png\",\"contentUrl\":\"https:\\\/\\\/regions-snetap-fsu.fr\\\/formation\\\/wp-content\\\/uploads\\\/sites\\\/20\\\/2025\\\/04\\\/cropped-Logo_blanc_fond_transparent_1000x755.png\",\"width\":998,\"height\":689,\"caption\":\"Formation des sites R\u00e9gionaux du SNETAP-FSU\"},\"image\":{\"@id\":\"https:\\\/\\\/regions-snetap-fsu.fr\\\/formation\\\/#\\\/schema\\\/logo\\\/image\\\/\"}},{\"@type\":\"Person\",\"@id\":\"https:\\\/\\\/regions-snetap-fsu.fr\\\/formation\\\/#\\\/schema\\\/person\\\/f5dc7b6354e942ca9c5fa8e9ff7e5c93\",\"name\":\"yoctavien\",\"image\":{\"@type\":\"ImageObject\",\"inLanguage\":\"fr-FR\",\"@id\":\"https:\\\/\\\/secure.gravatar.com\\\/avatar\\\/382642c092b6b9da14641d3c478df2f3da4a2d17eea25691c232d4dbf735c292?s=96&d=mm&r=g\",\"url\":\"https:\\\/\\\/secure.gravatar.com\\\/avatar\\\/382642c092b6b9da14641d3c478df2f3da4a2d17eea25691c232d4dbf735c292?s=96&d=mm&r=g\",\"contentUrl\":\"https:\\\/\\\/secure.gravatar.com\\\/avatar\\\/382642c092b6b9da14641d3c478df2f3da4a2d17eea25691c232d4dbf735c292?s=96&d=mm&r=g\",\"caption\":\"yoctavien\"},\"url\":\"https:\\\/\\\/regions-snetap-fsu.fr\\\/formation\\\/author\\\/yoctavien\\\/\"}]}<\/script>\n<!-- \/ Yoast SEO plugin. -->","yoast_head_json":{"title":"Grande semaine de mobilisation dans les Hauts-de-France - Formation des sites R\u00e9gionaux du SNETAP-FSU","robots":{"index":"index","follow":"follow","max-snippet":"max-snippet:-1","max-image-preview":"max-image-preview:large","max-video-preview":"max-video-preview:-1"},"canonical":"https:\/\/regions-snetap-fsu.fr\/formation\/2019\/03\/29\/grande-semaine-de-mobilisation-dans-les-hauts-de-france\/","og_locale":"fr_FR","og_type":"article","og_title":"Grande semaine de mobilisation dans les Hauts-de-France - Formation des sites R\u00e9gionaux du SNETAP-FSU","og_description":"Grande semaine de mobilisation dans les Hauts-de-France pour la d\u00e9fense de nos d\u00e9doublements pour un DGH \u00e0 la hauteur de nos besoins et pour un accueil de qualit\u00e9 des \u00e9l\u00e8ves handicap\u00e9\u00b7es La mobilisation doit pouvoir monter en pression lors la semaine du 1er au 5 avril, sur fond d&rsquo;appel de notre f\u00e9d\u00e9ration \u00e0 une semaine [&hellip;]","og_url":"https:\/\/regions-snetap-fsu.fr\/formation\/2019\/03\/29\/grande-semaine-de-mobilisation-dans-les-hauts-de-france\/","og_site_name":"Formation des sites R\u00e9gionaux du SNETAP-FSU","article_published_time":"2019-03-29T18:21:30+00:00","author":"yoctavien","twitter_card":"summary_large_image","twitter_misc":{"\u00c9crit par":"yoctavien","Dur\u00e9e de lecture estim\u00e9e":"4 minutes"},"schema":{"@context":"https:\/\/schema.org","@graph":[{"@type":"Article","@id":"https:\/\/regions-snetap-fsu.fr\/formation\/2019\/03\/29\/grande-semaine-de-mobilisation-dans-les-hauts-de-france\/#article","isPartOf":{"@id":"https:\/\/regions-snetap-fsu.fr\/formation\/2019\/03\/29\/grande-semaine-de-mobilisation-dans-les-hauts-de-france\/"},"author":{"name":"yoctavien","@id":"https:\/\/regions-snetap-fsu.fr\/formation\/#\/schema\/person\/f5dc7b6354e942ca9c5fa8e9ff7e5c93"},"headline":"Grande semaine de mobilisation dans les Hauts-de-France","datePublished":"2019-03-29T18:21:30+00:00","mainEntityOfPage":{"@id":"https:\/\/regions-snetap-fsu.fr\/formation\/2019\/03\/29\/grande-semaine-de-mobilisation-dans-les-hauts-de-france\/"},"wordCount":920,"publisher":{"@id":"https:\/\/regions-snetap-fsu.fr\/formation\/#organization"},"articleSection":["Actions - Gr\u00e8ves - Manifs"],"inLanguage":"fr-FR"},{"@type":"WebPage","@id":"https:\/\/regions-snetap-fsu.fr\/formation\/2019\/03\/29\/grande-semaine-de-mobilisation-dans-les-hauts-de-france\/","url":"https:\/\/regions-snetap-fsu.fr\/formation\/2019\/03\/29\/grande-semaine-de-mobilisation-dans-les-hauts-de-france\/","name":"Grande semaine de mobilisation dans les Hauts-de-France - Formation des sites R\u00e9gionaux du SNETAP-FSU","isPartOf":{"@id":"https:\/\/regions-snetap-fsu.fr\/formation\/#website"},"datePublished":"2019-03-29T18:21:30+00:00","breadcrumb":{"@id":"https:\/\/regions-snetap-fsu.fr\/formation\/2019\/03\/29\/grande-semaine-de-mobilisation-dans-les-hauts-de-france\/#breadcrumb"},"inLanguage":"fr-FR","potentialAction":[{"@type":"ReadAction","target":["https:\/\/regions-snetap-fsu.fr\/formation\/2019\/03\/29\/grande-semaine-de-mobilisation-dans-les-hauts-de-france\/"]}]},{"@type":"BreadcrumbList","@id":"https:\/\/regions-snetap-fsu.fr\/formation\/2019\/03\/29\/grande-semaine-de-mobilisation-dans-les-hauts-de-france\/#breadcrumb","itemListElement":[{"@type":"ListItem","position":1,"name":"Accueil","item":"https:\/\/regions-snetap-fsu.fr\/formation\/"},{"@type":"ListItem","position":2,"name":"Grande semaine de mobilisation dans les Hauts-de-France"}]},{"@type":"WebSite","@id":"https:\/\/regions-snetap-fsu.fr\/formation\/#website","url":"https:\/\/regions-snetap-fsu.fr\/formation\/","name":"Formation des sites R\u00e9gionaux du SNETAP-FSU","description":"","publisher":{"@id":"https:\/\/regions-snetap-fsu.fr\/formation\/#organization"},"potentialAction":[{"@type":"SearchAction","target":{"@type":"EntryPoint","urlTemplate":"https:\/\/regions-snetap-fsu.fr\/formation\/?s={search_term_string}"},"query-input":{"@type":"PropertyValueSpecification","valueRequired":true,"valueName":"search_term_string"}}],"inLanguage":"fr-FR"},{"@type":"Organization","@id":"https:\/\/regions-snetap-fsu.fr\/formation\/#organization","name":"Formation des sites R\u00e9gionaux du SNETAP-FSU","url":"https:\/\/regions-snetap-fsu.fr\/formation\/","logo":{"@type":"ImageObject","inLanguage":"fr-FR","@id":"https:\/\/regions-snetap-fsu.fr\/formation\/#\/schema\/logo\/image\/","url":"https:\/\/regions-snetap-fsu.fr\/formation\/wp-content\/uploads\/sites\/20\/2025\/04\/cropped-Logo_blanc_fond_transparent_1000x755.png","contentUrl":"https:\/\/regions-snetap-fsu.fr\/formation\/wp-content\/uploads\/sites\/20\/2025\/04\/cropped-Logo_blanc_fond_transparent_1000x755.png","width":998,"height":689,"caption":"Formation des sites R\u00e9gionaux du SNETAP-FSU"},"image":{"@id":"https:\/\/regions-snetap-fsu.fr\/formation\/#\/schema\/logo\/image\/"}},{"@type":"Person","@id":"https:\/\/regions-snetap-fsu.fr\/formation\/#\/schema\/person\/f5dc7b6354e942ca9c5fa8e9ff7e5c93","name":"yoctavien","image":{"@type":"ImageObject","inLanguage":"fr-FR","@id":"https:\/\/secure.gravatar.com\/avatar\/382642c092b6b9da14641d3c478df2f3da4a2d17eea25691c232d4dbf735c292?s=96&d=mm&r=g","url":"https:\/\/secure.gravatar.com\/avatar\/382642c092b6b9da14641d3c478df2f3da4a2d17eea25691c232d4dbf735c292?s=96&d=mm&r=g","contentUrl":"https:\/\/secure.gravatar.com\/avatar\/382642c092b6b9da14641d3c478df2f3da4a2d17eea25691c232d4dbf735c292?s=96&d=mm&r=g","caption":"yoctavien"},"url":"https:\/\/regions-snetap-fsu.fr\/formation\/author\/yoctavien\/"}]}},"_links":{"self":[{"href":"https:\/\/regions-snetap-fsu.fr\/formation\/wp-json\/wp\/v2\/posts\/1970","targetHints":{"allow":["GET"]}}],"collection":[{"href":"https:\/\/regions-snetap-fsu.fr\/formation\/wp-json\/wp\/v2\/posts"}],"about":[{"href":"https:\/\/regions-snetap-fsu.fr\/formation\/wp-json\/wp\/v2\/types\/post"}],"author":[{"embeddable":true,"href":"https:\/\/regions-snetap-fsu.fr\/formation\/wp-json\/wp\/v2\/users\/138"}],"replies":[{"embeddable":true,"href":"https:\/\/regions-snetap-fsu.fr\/formation\/wp-json\/wp\/v2\/comments?post=1970"}],"version-history":[{"count":0,"href":"https:\/\/regions-snetap-fsu.fr\/formation\/wp-json\/wp\/v2\/posts\/1970\/revisions"}],"wp:attachment":[{"href":"https:\/\/regions-snetap-fsu.fr\/formation\/wp-json\/wp\/v2\/media?parent=1970"}],"wp:term":[{"taxonomy":"category","embeddable":true,"href":"https:\/\/regions-snetap-fsu.fr\/formation\/wp-json\/wp\/v2\/categories?post=1970"},{"taxonomy":"post_tag","embeddable":true,"href":"https:\/\/regions-snetap-fsu.fr\/formation\/wp-json\/wp\/v2\/tags?post=1970"},{"taxonomy":"post_folder","embeddable":true,"href":"https:\/\/regions-snetap-fsu.fr\/formation\/wp-json\/wp\/v2\/post_folder?post=1970"}],"curies":[{"name":"wp","href":"https:\/\/api.w.org\/{rel}","templated":true}]}}