{"id":1954,"date":"2019-03-20T15:39:50","date_gmt":"2019-03-20T14:39:50","guid":{"rendered":"https:\/\/regions-snetap-fsu.fr\/hdf\/?p=1954"},"modified":"2019-03-20T15:39:50","modified_gmt":"2019-03-20T14:39:50","slug":"disparition-du-statut-de-fonctionnaire","status":"publish","type":"post","link":"https:\/\/regions-snetap-fsu.fr\/formation\/2019\/03\/20\/disparition-du-statut-de-fonctionnaire\/","title":{"rendered":"Disparition du statut de fonctionnaire"},"content":{"rendered":"<h2 style=\"text-align: center\"><span style=\"color: #ff0000\">Disparition du statut de fonctionnaire,<\/span><\/h2>\n<h2 style=\"text-align: center\"><span style=\"color: #ff0000\">pourquoi cette crainte ?<\/span><\/h2>\n<p style=\"text-align: justify\"><span style=\"color: #0000ff\">Emmanuel Macron, a notamment stigmatis\u00e9 au cours de la campagne pr\u00e9sidentielle le statut g\u00e9n\u00e9ral des fonctionnaires, le jugeant \u00ab inappropri\u00e9 \u00bb. Arriv\u00e9 \u00e0 la t\u00eate de l\u2019\u00c9tat, par l&rsquo;interm\u00e9diaire de son gouvernement, il lance le projet de loi dit de transformation de la fonction publique.<\/span><\/p>\n<p style=\"text-align: justify\"><span style=\"color: #0000ff\">Avec ce projet de loi, c&rsquo;est l&rsquo;heure du \u00ab\u00a0New Public Management\u00a0\u00bb d\u00e9truisant le renforcement du statut de fonctionnaire au lendemain du gouvernement de Vichy. Renforcement qui tirait les le\u00e7ons de la p\u00e9riode sombre de la 2de guerre mondiale et qui permettait aux fonctionnaires de se d\u00e9s-asservir\u00a0 des gouvernements afin de r\u00e9pondre \u00e0 tous les usagers, au peuple et \u00e0 notre devise r\u00e9publicaine : Libert\u00e9 &#8211; \u00c9galit\u00e9 &#8211; Fraternit\u00e9.<\/span><\/p>\n<p style=\"text-align: justify\"><strong><span style=\"color: #0000ff\">Si vous n&rsquo;avez pas compris les enjeux, si vous n&rsquo;avez pas eu le temps de suivre les actualit\u00e9s sociales et\u00a0 syndicales, si vous n&rsquo;avez pas compris le succ\u00e8s de la mobilisation du 19 mars, consultez l&rsquo;article ci-dessous du \u00ab\u00a0Caf\u00e9 p\u00e9dagogique\u00a0\u00bb qui synth\u00e9tise bien les cons\u00e9quences de ce projet de loi.<\/span><\/strong><\/p>\n<p style=\"text-align: justify\"><span style=\"color: #0000ff\">Extrait de l&rsquo;article \u00ab\u00a0Le Caf\u00e9 P\u00e9dagogique\u00a0\u00bb :<\/span><\/p>\n<p style=\"text-align: justify\"><span style=\"color: #0000ff\"><em>\u00ab\u00a0Bien que largement rejet\u00e9, le projet de loi de transformation de la Fonction publique devrait \u00eatre vot\u00e9 avant l&rsquo;\u00e9t\u00e9. Le 15 mars, les syndicats de fonctionnaires ont vot\u00e9 unanimement contre le projet de loi\u00a0 de transformation de la Fonction publique lors d&rsquo;un conseil commun de la Fonction publique (CCFP). Ce vote unanime donne une id\u00e9e de la r\u00e9volution qu&rsquo;apporte ce texte qui impose une gestion lib\u00e9rale des agents de la Fonction publique. Ceux ci d\u00e9pendront dor\u00e9navant de leur \u00ab\u00a0manager\u00a0\u00bb local sans que des commissions paritaires puissent controler ses actes. Le projet de loi gouvernemental revient sur le paritarisme en supprimant les CHSCT. Il r\u00e9duit fortement les comp\u00e9tences des commissions administratives paritaires (CAP). Celles ci n&rsquo;auront plus leur mot \u00e0 dire mati\u00e8re de mutation et d&rsquo;avancement. Face aux nouveaux pouvoirs des \u00ab\u00a0managers\u00a0\u00bb, aussi bien pour le recrutement que pour la gestion des carri\u00e8res et la discipline, les agents devront porter seuls leur r\u00e9clamation devant la juridiction administrative. Enfin le texte banalise le recours aux contractuels pour tous les niveaux de la Fonction publique. Bient\u00f4t des chefs d&rsquo;\u00e9tablissement et des Dasen contractuels ?\u00a0\u00bb<\/em><\/span><\/p>\n<p><span style=\"color: #0000ff\">Pour lire la suite, cliquez sur le lien suivant :<\/span> <a href=\"http:\/\/www.cafepedagogique.net\/lexpresso\/Pages\/2019\/03\/18032019Article636884897336421792.aspx#.XJCNiPRHsgU.mailto\" target=\"_blank\" rel=\"noopener noreferrer\"><span style=\"text-decoration: underline;color: #000000\">Lien: Le Caf\u00e9 P\u00e9dagogique &#8211; Fonction publique : Le projet de loi dynamite les droits des fonctionnaires <\/span><\/a><\/p>\n<p><span style=\"color: #0000ff\">Si vous avez le courage de lire davantage :<\/span><\/p>\n<p><span style=\"text-decoration: underline;color: #000000\"><a style=\"color: #000000;text-decoration: underline\" href=\"http:\/\/fsu.fr\/Anicet-Le-Pors-ministre-de-la-Fonction-publique-entre-1981-et-1984-4867\" target=\"_blank\" rel=\"noopener noreferrer\">Lien : Tribune d&rsquo;Anicet Le Pors avant sa conf\u00e9rence du 7 mars \u00e0 Douai au sujet du projet de loi<\/a><\/span><\/p>\n<p><span style=\"text-decoration: underline;color: #000000\"><a style=\"color: #000000;text-decoration: underline\" href=\"https:\/\/www.snetap-fsu.fr\/La-FSU-s-oppose-a-la-destruction-de-la-Fonction-publique.html\" target=\"_blank\" rel=\"noopener noreferrer\">Lien : La FSU s\u2019oppose \u00e0 la destruction de la Fonction publique.<\/a><\/span><\/p>\n<p><span style=\"text-decoration: underline;color: #000000\"><a style=\"color: #000000;text-decoration: underline\" href=\"https:\/\/www.snetap-fsu.fr\/Pour-la-Fonction-publique-amplifions-la-mobilisation.html\" target=\"_blank\" rel=\"noopener noreferrer\">Lien : SNETAP-FSU &#8211; Pour la Fonction publique, amplifions la mobilisation<\/a><\/span><\/p>\n<p><a href=\"https:\/\/www.snetap-fsu.fr\/30-mars-journee-nationale-d-action-Monsieur-le-Ministre-pour-ameliorer-l-Ecole.html\" target=\"_blank\" rel=\"noopener noreferrer\"><span style=\"text-decoration: underline;color: #000000\">Lien : SNETAP-FSU &#8211; 30 mars : journ\u00e9e nationale d\u2019action. Monsieur le Ministre, pour am\u00e9liorer l\u2019\u00c9cole vous n\u2019avez pas notre confiance !<\/span><\/a><\/p>\n","protected":false},"excerpt":{"rendered":"<p>Disparition du statut de fonctionnaire, pourquoi cette crainte ? Emmanuel Macron, a notamment stigmatis\u00e9 au cours de la campagne pr\u00e9sidentielle le statut g\u00e9n\u00e9ral des fonctionnaires, le jugeant \u00ab inappropri\u00e9 \u00bb. Arriv\u00e9 \u00e0 la t\u00eate de l\u2019\u00c9tat, par l&rsquo;interm\u00e9diaire de son gouvernement, il lance le projet de loi dit de transformation de la fonction publique. Avec [&hellip;]<\/p>\n","protected":false},"author":138,"featured_media":0,"comment_status":"closed","ping_status":"closed","sticky":false,"template":"","format":"standard","meta":{"ocean_post_layout":"","ocean_both_sidebars_style":"","ocean_both_sidebars_content_width":0,"ocean_both_sidebars_sidebars_width":0,"ocean_sidebar":"","ocean_second_sidebar":"","ocean_disable_margins":"enable","ocean_add_body_class":"","ocean_shortcode_before_top_bar":"","ocean_shortcode_after_top_bar":"","ocean_shortcode_before_header":"","ocean_shortcode_after_header":"","ocean_has_shortcode":"","ocean_shortcode_after_title":"","ocean_shortcode_before_footer_widgets":"","ocean_shortcode_after_footer_widgets":"","ocean_shortcode_before_footer_bottom":"","ocean_shortcode_after_footer_bottom":"","ocean_display_top_bar":"default","ocean_display_header":"default","ocean_header_style":"","ocean_center_header_left_menu":"","ocean_custom_header_template":"","ocean_custom_logo":0,"ocean_custom_retina_logo":0,"ocean_custom_logo_max_width":0,"ocean_custom_logo_tablet_max_width":0,"ocean_custom_logo_mobile_max_width":0,"ocean_custom_logo_max_height":0,"ocean_custom_logo_tablet_max_height":0,"ocean_custom_logo_mobile_max_height":0,"ocean_header_custom_menu":"","ocean_menu_typo_font_family":"","ocean_menu_typo_font_subset":"","ocean_menu_typo_font_size":0,"ocean_menu_typo_font_size_tablet":0,"ocean_menu_typo_font_size_mobile":0,"ocean_menu_typo_font_size_unit":"px","ocean_menu_typo_font_weight":"","ocean_menu_typo_font_weight_tablet":"","ocean_menu_typo_font_weight_mobile":"","ocean_menu_typo_transform":"","ocean_menu_typo_transform_tablet":"","ocean_menu_typo_transform_mobile":"","ocean_menu_typo_line_height":0,"ocean_menu_typo_line_height_tablet":0,"ocean_menu_typo_line_height_mobile":0,"ocean_menu_typo_line_height_unit":"","ocean_menu_typo_spacing":0,"ocean_menu_typo_spacing_tablet":0,"ocean_menu_typo_spacing_mobile":0,"ocean_menu_typo_spacing_unit":"","ocean_menu_link_color":"","ocean_menu_link_color_hover":"","ocean_menu_link_color_active":"","ocean_menu_link_background":"","ocean_menu_link_hover_background":"","ocean_menu_link_active_background":"","ocean_menu_social_links_bg":"","ocean_menu_social_hover_links_bg":"","ocean_menu_social_links_color":"","ocean_menu_social_hover_links_color":"","ocean_disable_title":"default","ocean_disable_heading":"default","ocean_post_title":"","ocean_post_subheading":"","ocean_post_title_style":"","ocean_post_title_background_color":"","ocean_post_title_background":0,"ocean_post_title_bg_image_position":"","ocean_post_title_bg_image_attachment":"","ocean_post_title_bg_image_repeat":"","ocean_post_title_bg_image_size":"","ocean_post_title_height":0,"ocean_post_title_bg_overlay":0.5,"ocean_post_title_bg_overlay_color":"","ocean_disable_breadcrumbs":"default","ocean_breadcrumbs_color":"","ocean_breadcrumbs_separator_color":"","ocean_breadcrumbs_links_color":"","ocean_breadcrumbs_links_hover_color":"","ocean_display_footer_widgets":"default","ocean_display_footer_bottom":"default","ocean_custom_footer_template":"","ocean_post_oembed":"","ocean_post_self_hosted_media":"","ocean_post_video_embed":"","ocean_link_format":"","ocean_link_format_target":"self","ocean_quote_format":"","ocean_quote_format_link":"post","ocean_gallery_link_images":"on","ocean_gallery_id":[],"footnotes":""},"categories":[3,11],"tags":[],"post_folder":[],"class_list":["post-1954","post","type-post","status-publish","format-standard","hentry","category-actions-greves-manifs","category-communiques","entry"],"yoast_head":"<!-- This site is optimized with the Yoast SEO plugin v27.4 - https:\/\/yoast.com\/product\/yoast-seo-wordpress\/ -->\n<title>Disparition du statut de fonctionnaire - Formation des sites R\u00e9gionaux du SNETAP-FSU<\/title>\n<meta name=\"robots\" content=\"index, follow, max-snippet:-1, max-image-preview:large, max-video-preview:-1\" \/>\n<link rel=\"canonical\" href=\"https:\/\/regions-snetap-fsu.fr\/formation\/2019\/03\/20\/disparition-du-statut-de-fonctionnaire\/\" \/>\n<meta property=\"og:locale\" content=\"fr_FR\" \/>\n<meta property=\"og:type\" content=\"article\" \/>\n<meta property=\"og:title\" content=\"Disparition du statut de fonctionnaire - Formation des sites R\u00e9gionaux du SNETAP-FSU\" \/>\n<meta property=\"og:description\" content=\"Disparition du statut de fonctionnaire, pourquoi cette crainte ? Emmanuel Macron, a notamment stigmatis\u00e9 au cours de la campagne pr\u00e9sidentielle le statut g\u00e9n\u00e9ral des fonctionnaires, le jugeant \u00ab inappropri\u00e9 \u00bb. Arriv\u00e9 \u00e0 la t\u00eate de l\u2019\u00c9tat, par l&rsquo;interm\u00e9diaire de son gouvernement, il lance le projet de loi dit de transformation de la fonction publique. Avec [&hellip;]\" \/>\n<meta property=\"og:url\" content=\"https:\/\/regions-snetap-fsu.fr\/formation\/2019\/03\/20\/disparition-du-statut-de-fonctionnaire\/\" \/>\n<meta property=\"og:site_name\" content=\"Formation des sites R\u00e9gionaux du SNETAP-FSU\" \/>\n<meta property=\"article:published_time\" content=\"2019-03-20T14:39:50+00:00\" \/>\n<meta name=\"author\" content=\"yoctavien\" \/>\n<meta name=\"twitter:card\" content=\"summary_large_image\" \/>\n<meta name=\"twitter:label1\" content=\"\u00c9crit par\" \/>\n\t<meta name=\"twitter:data1\" content=\"yoctavien\" \/>\n\t<meta name=\"twitter:label2\" content=\"Dur\u00e9e de lecture estim\u00e9e\" \/>\n\t<meta name=\"twitter:data2\" content=\"2 minutes\" \/>\n<script type=\"application\/ld+json\" class=\"yoast-schema-graph\">{\"@context\":\"https:\\\/\\\/schema.org\",\"@graph\":[{\"@type\":\"Article\",\"@id\":\"https:\\\/\\\/regions-snetap-fsu.fr\\\/formation\\\/2019\\\/03\\\/20\\\/disparition-du-statut-de-fonctionnaire\\\/#article\",\"isPartOf\":{\"@id\":\"https:\\\/\\\/regions-snetap-fsu.fr\\\/formation\\\/2019\\\/03\\\/20\\\/disparition-du-statut-de-fonctionnaire\\\/\"},\"author\":{\"name\":\"yoctavien\",\"@id\":\"https:\\\/\\\/regions-snetap-fsu.fr\\\/formation\\\/#\\\/schema\\\/person\\\/f5dc7b6354e942ca9c5fa8e9ff7e5c93\"},\"headline\":\"Disparition du statut de fonctionnaire\",\"datePublished\":\"2019-03-20T14:39:50+00:00\",\"mainEntityOfPage\":{\"@id\":\"https:\\\/\\\/regions-snetap-fsu.fr\\\/formation\\\/2019\\\/03\\\/20\\\/disparition-du-statut-de-fonctionnaire\\\/\"},\"wordCount\":493,\"publisher\":{\"@id\":\"https:\\\/\\\/regions-snetap-fsu.fr\\\/formation\\\/#organization\"},\"articleSection\":[\"Actions - Gr\u00e8ves - Manifs\",\"Communiqu\u00e9s\"],\"inLanguage\":\"fr-FR\"},{\"@type\":\"WebPage\",\"@id\":\"https:\\\/\\\/regions-snetap-fsu.fr\\\/formation\\\/2019\\\/03\\\/20\\\/disparition-du-statut-de-fonctionnaire\\\/\",\"url\":\"https:\\\/\\\/regions-snetap-fsu.fr\\\/formation\\\/2019\\\/03\\\/20\\\/disparition-du-statut-de-fonctionnaire\\\/\",\"name\":\"Disparition du statut de fonctionnaire - Formation des sites R\u00e9gionaux du SNETAP-FSU\",\"isPartOf\":{\"@id\":\"https:\\\/\\\/regions-snetap-fsu.fr\\\/formation\\\/#website\"},\"datePublished\":\"2019-03-20T14:39:50+00:00\",\"breadcrumb\":{\"@id\":\"https:\\\/\\\/regions-snetap-fsu.fr\\\/formation\\\/2019\\\/03\\\/20\\\/disparition-du-statut-de-fonctionnaire\\\/#breadcrumb\"},\"inLanguage\":\"fr-FR\",\"potentialAction\":[{\"@type\":\"ReadAction\",\"target\":[\"https:\\\/\\\/regions-snetap-fsu.fr\\\/formation\\\/2019\\\/03\\\/20\\\/disparition-du-statut-de-fonctionnaire\\\/\"]}]},{\"@type\":\"BreadcrumbList\",\"@id\":\"https:\\\/\\\/regions-snetap-fsu.fr\\\/formation\\\/2019\\\/03\\\/20\\\/disparition-du-statut-de-fonctionnaire\\\/#breadcrumb\",\"itemListElement\":[{\"@type\":\"ListItem\",\"position\":1,\"name\":\"Accueil\",\"item\":\"https:\\\/\\\/regions-snetap-fsu.fr\\\/formation\\\/\"},{\"@type\":\"ListItem\",\"position\":2,\"name\":\"Disparition du statut de fonctionnaire\"}]},{\"@type\":\"WebSite\",\"@id\":\"https:\\\/\\\/regions-snetap-fsu.fr\\\/formation\\\/#website\",\"url\":\"https:\\\/\\\/regions-snetap-fsu.fr\\\/formation\\\/\",\"name\":\"Formation des sites R\u00e9gionaux du SNETAP-FSU\",\"description\":\"\",\"publisher\":{\"@id\":\"https:\\\/\\\/regions-snetap-fsu.fr\\\/formation\\\/#organization\"},\"potentialAction\":[{\"@type\":\"SearchAction\",\"target\":{\"@type\":\"EntryPoint\",\"urlTemplate\":\"https:\\\/\\\/regions-snetap-fsu.fr\\\/formation\\\/?s={search_term_string}\"},\"query-input\":{\"@type\":\"PropertyValueSpecification\",\"valueRequired\":true,\"valueName\":\"search_term_string\"}}],\"inLanguage\":\"fr-FR\"},{\"@type\":\"Organization\",\"@id\":\"https:\\\/\\\/regions-snetap-fsu.fr\\\/formation\\\/#organization\",\"name\":\"Formation des sites R\u00e9gionaux du SNETAP-FSU\",\"url\":\"https:\\\/\\\/regions-snetap-fsu.fr\\\/formation\\\/\",\"logo\":{\"@type\":\"ImageObject\",\"inLanguage\":\"fr-FR\",\"@id\":\"https:\\\/\\\/regions-snetap-fsu.fr\\\/formation\\\/#\\\/schema\\\/logo\\\/image\\\/\",\"url\":\"https:\\\/\\\/regions-snetap-fsu.fr\\\/formation\\\/wp-content\\\/uploads\\\/sites\\\/20\\\/2025\\\/04\\\/cropped-Logo_blanc_fond_transparent_1000x755.png\",\"contentUrl\":\"https:\\\/\\\/regions-snetap-fsu.fr\\\/formation\\\/wp-content\\\/uploads\\\/sites\\\/20\\\/2025\\\/04\\\/cropped-Logo_blanc_fond_transparent_1000x755.png\",\"width\":998,\"height\":689,\"caption\":\"Formation des sites R\u00e9gionaux du SNETAP-FSU\"},\"image\":{\"@id\":\"https:\\\/\\\/regions-snetap-fsu.fr\\\/formation\\\/#\\\/schema\\\/logo\\\/image\\\/\"}},{\"@type\":\"Person\",\"@id\":\"https:\\\/\\\/regions-snetap-fsu.fr\\\/formation\\\/#\\\/schema\\\/person\\\/f5dc7b6354e942ca9c5fa8e9ff7e5c93\",\"name\":\"yoctavien\",\"image\":{\"@type\":\"ImageObject\",\"inLanguage\":\"fr-FR\",\"@id\":\"https:\\\/\\\/secure.gravatar.com\\\/avatar\\\/382642c092b6b9da14641d3c478df2f3da4a2d17eea25691c232d4dbf735c292?s=96&d=mm&r=g\",\"url\":\"https:\\\/\\\/secure.gravatar.com\\\/avatar\\\/382642c092b6b9da14641d3c478df2f3da4a2d17eea25691c232d4dbf735c292?s=96&d=mm&r=g\",\"contentUrl\":\"https:\\\/\\\/secure.gravatar.com\\\/avatar\\\/382642c092b6b9da14641d3c478df2f3da4a2d17eea25691c232d4dbf735c292?s=96&d=mm&r=g\",\"caption\":\"yoctavien\"},\"url\":\"https:\\\/\\\/regions-snetap-fsu.fr\\\/formation\\\/author\\\/yoctavien\\\/\"}]}<\/script>\n<!-- \/ Yoast SEO plugin. -->","yoast_head_json":{"title":"Disparition du statut de fonctionnaire - Formation des sites R\u00e9gionaux du SNETAP-FSU","robots":{"index":"index","follow":"follow","max-snippet":"max-snippet:-1","max-image-preview":"max-image-preview:large","max-video-preview":"max-video-preview:-1"},"canonical":"https:\/\/regions-snetap-fsu.fr\/formation\/2019\/03\/20\/disparition-du-statut-de-fonctionnaire\/","og_locale":"fr_FR","og_type":"article","og_title":"Disparition du statut de fonctionnaire - Formation des sites R\u00e9gionaux du SNETAP-FSU","og_description":"Disparition du statut de fonctionnaire, pourquoi cette crainte ? Emmanuel Macron, a notamment stigmatis\u00e9 au cours de la campagne pr\u00e9sidentielle le statut g\u00e9n\u00e9ral des fonctionnaires, le jugeant \u00ab inappropri\u00e9 \u00bb. Arriv\u00e9 \u00e0 la t\u00eate de l\u2019\u00c9tat, par l&rsquo;interm\u00e9diaire de son gouvernement, il lance le projet de loi dit de transformation de la fonction publique. Avec [&hellip;]","og_url":"https:\/\/regions-snetap-fsu.fr\/formation\/2019\/03\/20\/disparition-du-statut-de-fonctionnaire\/","og_site_name":"Formation des sites R\u00e9gionaux du SNETAP-FSU","article_published_time":"2019-03-20T14:39:50+00:00","author":"yoctavien","twitter_card":"summary_large_image","twitter_misc":{"\u00c9crit par":"yoctavien","Dur\u00e9e de lecture estim\u00e9e":"2 minutes"},"schema":{"@context":"https:\/\/schema.org","@graph":[{"@type":"Article","@id":"https:\/\/regions-snetap-fsu.fr\/formation\/2019\/03\/20\/disparition-du-statut-de-fonctionnaire\/#article","isPartOf":{"@id":"https:\/\/regions-snetap-fsu.fr\/formation\/2019\/03\/20\/disparition-du-statut-de-fonctionnaire\/"},"author":{"name":"yoctavien","@id":"https:\/\/regions-snetap-fsu.fr\/formation\/#\/schema\/person\/f5dc7b6354e942ca9c5fa8e9ff7e5c93"},"headline":"Disparition du statut de fonctionnaire","datePublished":"2019-03-20T14:39:50+00:00","mainEntityOfPage":{"@id":"https:\/\/regions-snetap-fsu.fr\/formation\/2019\/03\/20\/disparition-du-statut-de-fonctionnaire\/"},"wordCount":493,"publisher":{"@id":"https:\/\/regions-snetap-fsu.fr\/formation\/#organization"},"articleSection":["Actions - Gr\u00e8ves - Manifs","Communiqu\u00e9s"],"inLanguage":"fr-FR"},{"@type":"WebPage","@id":"https:\/\/regions-snetap-fsu.fr\/formation\/2019\/03\/20\/disparition-du-statut-de-fonctionnaire\/","url":"https:\/\/regions-snetap-fsu.fr\/formation\/2019\/03\/20\/disparition-du-statut-de-fonctionnaire\/","name":"Disparition du statut de fonctionnaire - Formation des sites R\u00e9gionaux du SNETAP-FSU","isPartOf":{"@id":"https:\/\/regions-snetap-fsu.fr\/formation\/#website"},"datePublished":"2019-03-20T14:39:50+00:00","breadcrumb":{"@id":"https:\/\/regions-snetap-fsu.fr\/formation\/2019\/03\/20\/disparition-du-statut-de-fonctionnaire\/#breadcrumb"},"inLanguage":"fr-FR","potentialAction":[{"@type":"ReadAction","target":["https:\/\/regions-snetap-fsu.fr\/formation\/2019\/03\/20\/disparition-du-statut-de-fonctionnaire\/"]}]},{"@type":"BreadcrumbList","@id":"https:\/\/regions-snetap-fsu.fr\/formation\/2019\/03\/20\/disparition-du-statut-de-fonctionnaire\/#breadcrumb","itemListElement":[{"@type":"ListItem","position":1,"name":"Accueil","item":"https:\/\/regions-snetap-fsu.fr\/formation\/"},{"@type":"ListItem","position":2,"name":"Disparition du statut de fonctionnaire"}]},{"@type":"WebSite","@id":"https:\/\/regions-snetap-fsu.fr\/formation\/#website","url":"https:\/\/regions-snetap-fsu.fr\/formation\/","name":"Formation des sites R\u00e9gionaux du SNETAP-FSU","description":"","publisher":{"@id":"https:\/\/regions-snetap-fsu.fr\/formation\/#organization"},"potentialAction":[{"@type":"SearchAction","target":{"@type":"EntryPoint","urlTemplate":"https:\/\/regions-snetap-fsu.fr\/formation\/?s={search_term_string}"},"query-input":{"@type":"PropertyValueSpecification","valueRequired":true,"valueName":"search_term_string"}}],"inLanguage":"fr-FR"},{"@type":"Organization","@id":"https:\/\/regions-snetap-fsu.fr\/formation\/#organization","name":"Formation des sites R\u00e9gionaux du SNETAP-FSU","url":"https:\/\/regions-snetap-fsu.fr\/formation\/","logo":{"@type":"ImageObject","inLanguage":"fr-FR","@id":"https:\/\/regions-snetap-fsu.fr\/formation\/#\/schema\/logo\/image\/","url":"https:\/\/regions-snetap-fsu.fr\/formation\/wp-content\/uploads\/sites\/20\/2025\/04\/cropped-Logo_blanc_fond_transparent_1000x755.png","contentUrl":"https:\/\/regions-snetap-fsu.fr\/formation\/wp-content\/uploads\/sites\/20\/2025\/04\/cropped-Logo_blanc_fond_transparent_1000x755.png","width":998,"height":689,"caption":"Formation des sites R\u00e9gionaux du SNETAP-FSU"},"image":{"@id":"https:\/\/regions-snetap-fsu.fr\/formation\/#\/schema\/logo\/image\/"}},{"@type":"Person","@id":"https:\/\/regions-snetap-fsu.fr\/formation\/#\/schema\/person\/f5dc7b6354e942ca9c5fa8e9ff7e5c93","name":"yoctavien","image":{"@type":"ImageObject","inLanguage":"fr-FR","@id":"https:\/\/secure.gravatar.com\/avatar\/382642c092b6b9da14641d3c478df2f3da4a2d17eea25691c232d4dbf735c292?s=96&d=mm&r=g","url":"https:\/\/secure.gravatar.com\/avatar\/382642c092b6b9da14641d3c478df2f3da4a2d17eea25691c232d4dbf735c292?s=96&d=mm&r=g","contentUrl":"https:\/\/secure.gravatar.com\/avatar\/382642c092b6b9da14641d3c478df2f3da4a2d17eea25691c232d4dbf735c292?s=96&d=mm&r=g","caption":"yoctavien"},"url":"https:\/\/regions-snetap-fsu.fr\/formation\/author\/yoctavien\/"}]}},"_links":{"self":[{"href":"https:\/\/regions-snetap-fsu.fr\/formation\/wp-json\/wp\/v2\/posts\/1954","targetHints":{"allow":["GET"]}}],"collection":[{"href":"https:\/\/regions-snetap-fsu.fr\/formation\/wp-json\/wp\/v2\/posts"}],"about":[{"href":"https:\/\/regions-snetap-fsu.fr\/formation\/wp-json\/wp\/v2\/types\/post"}],"author":[{"embeddable":true,"href":"https:\/\/regions-snetap-fsu.fr\/formation\/wp-json\/wp\/v2\/users\/138"}],"replies":[{"embeddable":true,"href":"https:\/\/regions-snetap-fsu.fr\/formation\/wp-json\/wp\/v2\/comments?post=1954"}],"version-history":[{"count":0,"href":"https:\/\/regions-snetap-fsu.fr\/formation\/wp-json\/wp\/v2\/posts\/1954\/revisions"}],"wp:attachment":[{"href":"https:\/\/regions-snetap-fsu.fr\/formation\/wp-json\/wp\/v2\/media?parent=1954"}],"wp:term":[{"taxonomy":"category","embeddable":true,"href":"https:\/\/regions-snetap-fsu.fr\/formation\/wp-json\/wp\/v2\/categories?post=1954"},{"taxonomy":"post_tag","embeddable":true,"href":"https:\/\/regions-snetap-fsu.fr\/formation\/wp-json\/wp\/v2\/tags?post=1954"},{"taxonomy":"post_folder","embeddable":true,"href":"https:\/\/regions-snetap-fsu.fr\/formation\/wp-json\/wp\/v2\/post_folder?post=1954"}],"curies":[{"name":"wp","href":"https:\/\/api.w.org\/{rel}","templated":true}]}}