{"id":1857,"date":"2019-03-13T16:47:08","date_gmt":"2019-03-13T15:47:08","guid":{"rendered":"https:\/\/regions-snetap-fsu.fr\/hdf\/?p=1857"},"modified":"2019-03-13T16:47:08","modified_gmt":"2019-03-13T15:47:08","slug":"ensemble-pour-le-climat-dans-les-hauts-de-france","status":"publish","type":"post","link":"https:\/\/regions-snetap-fsu.fr\/formation\/2019\/03\/13\/ensemble-pour-le-climat-dans-les-hauts-de-france\/","title":{"rendered":"Ensemble pour le climat dans les Hauts-de-France !"},"content":{"rendered":"<h2 style=\"text-align: center\"><span style=\"color: #ff0000\">Ensemble pour le climat dans les<\/span><\/h2>\n<h2 style=\"text-align: center\"><span style=\"color: #ff0000\">Hauts-de-France les 15 et 16 mars !<\/span><\/h2>\n<p><span style=\"text-decoration: underline;color: #000000\"><a style=\"color: #000000;text-decoration: underline\" href=\"https:\/\/www.snetap-fsu.fr\/Greve-des-jeunes-pour-le-climat-une-chance-pour-la-planete.html\" target=\"_blank\" rel=\"noopener noreferrer\">Lien : SNETAP-FSU &#8211; Gr\u00e8ve des jeunes pour le climat : une chance pour la plan\u00e8te !<\/a><\/span><\/p>\n<p><span style=\"text-decoration: underline\"><span style=\"color: #000000\"><a style=\"color: #000000;text-decoration: underline\" href=\"http:\/\/fsu.fr\/Transition-ecologique-juste-et-durable-l-affaire-de-toutes-et-tous.html\" target=\"_blank\" rel=\"noopener noreferrer\">Lien : FSU &#8211; Transition \u00e9cologique juste et durable : l\u2019affaire de toutes et tous !<\/a><\/span><\/span><\/p>\n<p><a href=\"https:\/\/fsu60.fsu.fr\/greve-des-jeunes-pour-le-climat-une-chance-pour-la-planete\/\" target=\"_blank\" rel=\"noopener noreferrer\"><span style=\"text-decoration: underline\"><span style=\"color: #000000;text-decoration: underline\">Lien : FSU60 &#8211; 15 mars 2019 \u2013 Gr\u00e8ve des jeunes pour le climat : une chance pour la plan\u00e8te !<\/span><\/span><\/a><\/p>\n<div style=\"text-align: justify\"><span style=\"color: #0000ff\"><b><span id=\"OBJ_PREFIX_DWT203_com_zimbra_date\" class=\"Object\">Vendredi<\/span> 15 mars<\/b> des actions \u00e0 l&rsquo;initiative des \u00e9tudiants :<\/span><\/div>\n<div style=\"text-align: justify\"><span style=\"color: #0000ff\"><strong>LILLE\u00a0<\/strong> \u00e0 8h30.<\/span><\/div>\n<div style=\"text-align: justify\"><span style=\"color: #0000ff\"><strong>VALENCIENNES<\/strong> d\u00e8s 8h.<\/span><\/div>\n<div><span style=\"color: #0000ff\"><strong>BEAUVAIS<\/strong> : 9h00, devant le lyc\u00e9e F\u00e9lix Faure.<\/span><\/div>\n<div><span style=\"color: #0000ff\"><strong>COMPIEGNE<\/strong> : 9h00, devant le lyc\u00e9e Mireille Grenet.<\/span><\/div>\n<div><span style=\"color: #0000ff\"><strong>CREIL<\/strong> : 9h00, devant le lyc\u00e9e Jules Uhry.<\/span><\/div>\n<div><span style=\"color: #0000ff\"><strong>AMIENS<\/strong> : de 12h \u00e0 22h, place d&rsquo;armes de la Citadelle<\/span><\/div>\n<div><span style=\"color: #0000ff\">Le lien \u00e0 la fin de cet article donne acc\u00e8s \u00e0 bon nombre d&rsquo;informations sur les initiatives du 15 mars<b>.<\/b><\/span><\/div>\n<div style=\"text-align: justify\">.<\/div>\n<div style=\"text-align: justify\"><span style=\"color: #0000ff\"><b><span id=\"OBJ_PREFIX_DWT204_com_zimbra_date\" class=\"Object\">Samedi<\/span> 16 mars<\/b> Il y aura des manifestations dans la r\u00e9gion et notamment sur Lens, Arras, Dunkerque, Bailleul.<\/span><\/div>\n<div style=\"text-align: justify\"><span style=\"color: #0000ff\"><b>A LILLE, <\/b>grande marche avec d\u00e9part de la Grand&rsquo;Place (du Gal De Gaulle) \u00e0 14h30 en direction du BD JB Lebas.<\/span><\/div>\n<div><span style=\"color: #0000ff\"><strong>A VALENCIENNE<\/strong>, marche avec d\u00e9part place d&rsquo;Armes \u00e0 14h.<\/span><\/div>\n<div><span style=\"color: #0000ff\"><strong>A CAMBRAI<\/strong>, marche avec d\u00e9part Porte de Paris \u00e0 14h.<\/span><\/div>\n<div><span style=\"color: #0000ff\"><strong>A ARRAS<\/strong>, marche avec d\u00e9part Place du Mar\u00e9chal Foch \u00e0 14h30.<\/span><\/div>\n<div><span style=\"color: #0000ff\"><strong>A LENS,<\/strong> marche avec d\u00e9part 4<span id=\"u_0_m\" class=\"_5xhk\">2 Rue \u00c9douard Bollaert \u00e0 10h.<\/span><\/span><\/div>\n<div><span style=\"color: #0000ff\"><strong>A BAILLEUL<\/strong>, marche avec d\u00e9part \u00e0 la gare SNCF \u00e0 15h.<\/span><\/div>\n<div><span style=\"color: #0000ff\"><strong>A CALAIS<\/strong>, marche avec d\u00e9part \u00e0 l&rsquo;Hotel de ville \u00e0 14h.<\/span><\/div>\n<div><span style=\"color: #0000ff\"><strong>A DUNKERQUE<\/strong>, Poste de secours central, Digue de mer de 11h \u00e0 12h.<\/span><\/div>\n<div><span style=\"color: #0000ff\"><strong>A AMIENS<\/strong>, marche mondiale avec d\u00e9part \u00e0 14h \u00e0 la Citadelle.<\/span><\/div>\n<div><span style=\"color: #0000ff\"><strong>A Margny L\u00e8s Compi\u00e8gne<\/strong>, 14h \u00e0 la mairie pour une V\u00e9lorution \u00e0 destination de la Mairie de Compi\u00e8gne<\/span><\/div>\n<div><span style=\"color: #0000ff\"><strong>A CHAMBLY<\/strong>, rassemblement place de l\u2019\u00c9glise de 10h \u00e0 12h.<\/span><\/div>\n<div style=\"text-align: justify\"><span style=\"color: #0000ff\"><strong>A BEAUVAIS<\/strong>, manifestation avec d\u00e9part \u00e0 10h00 devant la gare SNCF.<\/span><span style=\"text-decoration: underline;color: #000000\"> <a style=\"color: #000000\" href=\"https:\/\/fsu60.fsu.fr\/samedi-16-mars-2019-manifestation-la-marche-du-siecle-pour-le-climat-beauvais-10h00-devant-la-gare\/\" target=\"_blank\" rel=\"noopener noreferrer\">Lien : FSU60 &#8211; Samedi 16 mars 2019 : manifestation \u00ab la marche du si\u00e8cle pour le climat \u00bb Beauvais 10h00 devant la gare<\/a><\/span><\/div>\n<div>.<\/div>\n<div style=\"text-align: justify\"><span style=\"color: #0000ff\">Pour actualiser les diff\u00e9rentes actions lanc\u00e9es dans les Hauts-de-France, allez sur les r\u00e9seaux sociaux et (ou) consultez les diff\u00e9rents sites sur le th\u00e8me Ensemble pour le climat Hauts de France 15 mars et <span id=\"OBJ_PREFIX_DWT200_com_zimbra_date\" class=\"Object\">16 mars 2019.<\/span><\/span><\/div>\n<div>\n<div style=\"text-align: justify\"><span style=\"color: #0000ff\">Le lien ci-dessous donne acc\u00e8s \u00e0 bon nombre d&rsquo;informations sur les initiatives des 15 et 16 mars<b>.<\/b><\/span><\/div>\n<div><span style=\"text-decoration: underline;color: #000000\"><a style=\"color: #000000;text-decoration: underline\" href=\"https:\/\/www.snetap-fsu.fr\/Climat-il-y-a-urgence-le-15-et-le-16-mars-mobilisons-nous.html\" target=\"_blank\" rel=\"noopener noreferrer\">Lien : SNETAP-FSU &#8211; Climat : il y a urgence ! le 15 et le 16 mars mobilisons nous !<\/a><\/span><\/div>\n<\/div>\n","protected":false},"excerpt":{"rendered":"<p>Ensemble pour le climat dans les Hauts-de-France les 15 et 16 mars ! Lien : SNETAP-FSU &#8211; Gr\u00e8ve des jeunes pour le climat : une chance pour la plan\u00e8te ! Lien : FSU &#8211; Transition \u00e9cologique juste et durable : l\u2019affaire de toutes et tous ! Lien : FSU60 &#8211; 15 mars 2019 \u2013 Gr\u00e8ve [&hellip;]<\/p>\n","protected":false},"author":138,"featured_media":0,"comment_status":"closed","ping_status":"closed","sticky":false,"template":"","format":"standard","meta":{"ocean_post_layout":"","ocean_both_sidebars_style":"","ocean_both_sidebars_content_width":0,"ocean_both_sidebars_sidebars_width":0,"ocean_sidebar":"","ocean_second_sidebar":"","ocean_disable_margins":"enable","ocean_add_body_class":"","ocean_shortcode_before_top_bar":"","ocean_shortcode_after_top_bar":"","ocean_shortcode_before_header":"","ocean_shortcode_after_header":"","ocean_has_shortcode":"","ocean_shortcode_after_title":"","ocean_shortcode_before_footer_widgets":"","ocean_shortcode_after_footer_widgets":"","ocean_shortcode_before_footer_bottom":"","ocean_shortcode_after_footer_bottom":"","ocean_display_top_bar":"default","ocean_display_header":"default","ocean_header_style":"","ocean_center_header_left_menu":"","ocean_custom_header_template":"","ocean_custom_logo":0,"ocean_custom_retina_logo":0,"ocean_custom_logo_max_width":0,"ocean_custom_logo_tablet_max_width":0,"ocean_custom_logo_mobile_max_width":0,"ocean_custom_logo_max_height":0,"ocean_custom_logo_tablet_max_height":0,"ocean_custom_logo_mobile_max_height":0,"ocean_header_custom_menu":"","ocean_menu_typo_font_family":"","ocean_menu_typo_font_subset":"","ocean_menu_typo_font_size":0,"ocean_menu_typo_font_size_tablet":0,"ocean_menu_typo_font_size_mobile":0,"ocean_menu_typo_font_size_unit":"px","ocean_menu_typo_font_weight":"","ocean_menu_typo_font_weight_tablet":"","ocean_menu_typo_font_weight_mobile":"","ocean_menu_typo_transform":"","ocean_menu_typo_transform_tablet":"","ocean_menu_typo_transform_mobile":"","ocean_menu_typo_line_height":0,"ocean_menu_typo_line_height_tablet":0,"ocean_menu_typo_line_height_mobile":0,"ocean_menu_typo_line_height_unit":"","ocean_menu_typo_spacing":0,"ocean_menu_typo_spacing_tablet":0,"ocean_menu_typo_spacing_mobile":0,"ocean_menu_typo_spacing_unit":"","ocean_menu_link_color":"","ocean_menu_link_color_hover":"","ocean_menu_link_color_active":"","ocean_menu_link_background":"","ocean_menu_link_hover_background":"","ocean_menu_link_active_background":"","ocean_menu_social_links_bg":"","ocean_menu_social_hover_links_bg":"","ocean_menu_social_links_color":"","ocean_menu_social_hover_links_color":"","ocean_disable_title":"default","ocean_disable_heading":"default","ocean_post_title":"","ocean_post_subheading":"","ocean_post_title_style":"","ocean_post_title_background_color":"","ocean_post_title_background":0,"ocean_post_title_bg_image_position":"","ocean_post_title_bg_image_attachment":"","ocean_post_title_bg_image_repeat":"","ocean_post_title_bg_image_size":"","ocean_post_title_height":0,"ocean_post_title_bg_overlay":0.5,"ocean_post_title_bg_overlay_color":"","ocean_disable_breadcrumbs":"default","ocean_breadcrumbs_color":"","ocean_breadcrumbs_separator_color":"","ocean_breadcrumbs_links_color":"","ocean_breadcrumbs_links_hover_color":"","ocean_display_footer_widgets":"default","ocean_display_footer_bottom":"default","ocean_custom_footer_template":"","ocean_post_oembed":"","ocean_post_self_hosted_media":"","ocean_post_video_embed":"","ocean_link_format":"","ocean_link_format_target":"self","ocean_quote_format":"","ocean_quote_format_link":"post","ocean_gallery_link_images":"on","ocean_gallery_id":[],"footnotes":""},"categories":[3],"tags":[],"post_folder":[],"class_list":["post-1857","post","type-post","status-publish","format-standard","hentry","category-actions-greves-manifs","entry"],"yoast_head":"<!-- This site is optimized with the Yoast SEO plugin v27.4 - https:\/\/yoast.com\/product\/yoast-seo-wordpress\/ -->\n<title>Ensemble pour le climat dans les Hauts-de-France ! - Formation des sites R\u00e9gionaux du SNETAP-FSU<\/title>\n<meta name=\"robots\" content=\"index, follow, max-snippet:-1, max-image-preview:large, max-video-preview:-1\" \/>\n<link rel=\"canonical\" href=\"https:\/\/regions-snetap-fsu.fr\/formation\/2019\/03\/13\/ensemble-pour-le-climat-dans-les-hauts-de-france\/\" \/>\n<meta property=\"og:locale\" content=\"fr_FR\" \/>\n<meta property=\"og:type\" content=\"article\" \/>\n<meta property=\"og:title\" content=\"Ensemble pour le climat dans les Hauts-de-France ! - Formation des sites R\u00e9gionaux du SNETAP-FSU\" \/>\n<meta property=\"og:description\" content=\"Ensemble pour le climat dans les Hauts-de-France les 15 et 16 mars ! Lien : SNETAP-FSU &#8211; Gr\u00e8ve des jeunes pour le climat : une chance pour la plan\u00e8te ! Lien : FSU &#8211; Transition \u00e9cologique juste et durable : l\u2019affaire de toutes et tous ! Lien : FSU60 &#8211; 15 mars 2019 \u2013 Gr\u00e8ve [&hellip;]\" \/>\n<meta property=\"og:url\" content=\"https:\/\/regions-snetap-fsu.fr\/formation\/2019\/03\/13\/ensemble-pour-le-climat-dans-les-hauts-de-france\/\" \/>\n<meta property=\"og:site_name\" content=\"Formation des sites R\u00e9gionaux du SNETAP-FSU\" \/>\n<meta property=\"article:published_time\" content=\"2019-03-13T15:47:08+00:00\" \/>\n<meta name=\"author\" content=\"yoctavien\" \/>\n<meta name=\"twitter:card\" content=\"summary_large_image\" \/>\n<meta name=\"twitter:label1\" content=\"\u00c9crit par\" \/>\n\t<meta name=\"twitter:data1\" content=\"yoctavien\" \/>\n\t<meta name=\"twitter:label2\" content=\"Dur\u00e9e de lecture estim\u00e9e\" \/>\n\t<meta name=\"twitter:data2\" content=\"2 minutes\" \/>\n<script type=\"application\/ld+json\" class=\"yoast-schema-graph\">{\"@context\":\"https:\\\/\\\/schema.org\",\"@graph\":[{\"@type\":\"Article\",\"@id\":\"https:\\\/\\\/regions-snetap-fsu.fr\\\/formation\\\/2019\\\/03\\\/13\\\/ensemble-pour-le-climat-dans-les-hauts-de-france\\\/#article\",\"isPartOf\":{\"@id\":\"https:\\\/\\\/regions-snetap-fsu.fr\\\/formation\\\/2019\\\/03\\\/13\\\/ensemble-pour-le-climat-dans-les-hauts-de-france\\\/\"},\"author\":{\"name\":\"yoctavien\",\"@id\":\"https:\\\/\\\/regions-snetap-fsu.fr\\\/formation\\\/#\\\/schema\\\/person\\\/f5dc7b6354e942ca9c5fa8e9ff7e5c93\"},\"headline\":\"Ensemble pour le climat dans les Hauts-de-France !\",\"datePublished\":\"2019-03-13T15:47:08+00:00\",\"mainEntityOfPage\":{\"@id\":\"https:\\\/\\\/regions-snetap-fsu.fr\\\/formation\\\/2019\\\/03\\\/13\\\/ensemble-pour-le-climat-dans-les-hauts-de-france\\\/\"},\"wordCount\":385,\"publisher\":{\"@id\":\"https:\\\/\\\/regions-snetap-fsu.fr\\\/formation\\\/#organization\"},\"articleSection\":[\"Actions - Gr\u00e8ves - Manifs\"],\"inLanguage\":\"fr-FR\"},{\"@type\":\"WebPage\",\"@id\":\"https:\\\/\\\/regions-snetap-fsu.fr\\\/formation\\\/2019\\\/03\\\/13\\\/ensemble-pour-le-climat-dans-les-hauts-de-france\\\/\",\"url\":\"https:\\\/\\\/regions-snetap-fsu.fr\\\/formation\\\/2019\\\/03\\\/13\\\/ensemble-pour-le-climat-dans-les-hauts-de-france\\\/\",\"name\":\"Ensemble pour le climat dans les Hauts-de-France ! - Formation des sites R\u00e9gionaux du SNETAP-FSU\",\"isPartOf\":{\"@id\":\"https:\\\/\\\/regions-snetap-fsu.fr\\\/formation\\\/#website\"},\"datePublished\":\"2019-03-13T15:47:08+00:00\",\"breadcrumb\":{\"@id\":\"https:\\\/\\\/regions-snetap-fsu.fr\\\/formation\\\/2019\\\/03\\\/13\\\/ensemble-pour-le-climat-dans-les-hauts-de-france\\\/#breadcrumb\"},\"inLanguage\":\"fr-FR\",\"potentialAction\":[{\"@type\":\"ReadAction\",\"target\":[\"https:\\\/\\\/regions-snetap-fsu.fr\\\/formation\\\/2019\\\/03\\\/13\\\/ensemble-pour-le-climat-dans-les-hauts-de-france\\\/\"]}]},{\"@type\":\"BreadcrumbList\",\"@id\":\"https:\\\/\\\/regions-snetap-fsu.fr\\\/formation\\\/2019\\\/03\\\/13\\\/ensemble-pour-le-climat-dans-les-hauts-de-france\\\/#breadcrumb\",\"itemListElement\":[{\"@type\":\"ListItem\",\"position\":1,\"name\":\"Accueil\",\"item\":\"https:\\\/\\\/regions-snetap-fsu.fr\\\/formation\\\/\"},{\"@type\":\"ListItem\",\"position\":2,\"name\":\"Ensemble pour le climat dans les Hauts-de-France !\"}]},{\"@type\":\"WebSite\",\"@id\":\"https:\\\/\\\/regions-snetap-fsu.fr\\\/formation\\\/#website\",\"url\":\"https:\\\/\\\/regions-snetap-fsu.fr\\\/formation\\\/\",\"name\":\"Formation des sites R\u00e9gionaux du SNETAP-FSU\",\"description\":\"\",\"publisher\":{\"@id\":\"https:\\\/\\\/regions-snetap-fsu.fr\\\/formation\\\/#organization\"},\"potentialAction\":[{\"@type\":\"SearchAction\",\"target\":{\"@type\":\"EntryPoint\",\"urlTemplate\":\"https:\\\/\\\/regions-snetap-fsu.fr\\\/formation\\\/?s={search_term_string}\"},\"query-input\":{\"@type\":\"PropertyValueSpecification\",\"valueRequired\":true,\"valueName\":\"search_term_string\"}}],\"inLanguage\":\"fr-FR\"},{\"@type\":\"Organization\",\"@id\":\"https:\\\/\\\/regions-snetap-fsu.fr\\\/formation\\\/#organization\",\"name\":\"Formation des sites R\u00e9gionaux du SNETAP-FSU\",\"url\":\"https:\\\/\\\/regions-snetap-fsu.fr\\\/formation\\\/\",\"logo\":{\"@type\":\"ImageObject\",\"inLanguage\":\"fr-FR\",\"@id\":\"https:\\\/\\\/regions-snetap-fsu.fr\\\/formation\\\/#\\\/schema\\\/logo\\\/image\\\/\",\"url\":\"https:\\\/\\\/regions-snetap-fsu.fr\\\/formation\\\/wp-content\\\/uploads\\\/sites\\\/20\\\/2025\\\/04\\\/cropped-Logo_blanc_fond_transparent_1000x755.png\",\"contentUrl\":\"https:\\\/\\\/regions-snetap-fsu.fr\\\/formation\\\/wp-content\\\/uploads\\\/sites\\\/20\\\/2025\\\/04\\\/cropped-Logo_blanc_fond_transparent_1000x755.png\",\"width\":998,\"height\":689,\"caption\":\"Formation des sites R\u00e9gionaux du SNETAP-FSU\"},\"image\":{\"@id\":\"https:\\\/\\\/regions-snetap-fsu.fr\\\/formation\\\/#\\\/schema\\\/logo\\\/image\\\/\"}},{\"@type\":\"Person\",\"@id\":\"https:\\\/\\\/regions-snetap-fsu.fr\\\/formation\\\/#\\\/schema\\\/person\\\/f5dc7b6354e942ca9c5fa8e9ff7e5c93\",\"name\":\"yoctavien\",\"image\":{\"@type\":\"ImageObject\",\"inLanguage\":\"fr-FR\",\"@id\":\"https:\\\/\\\/secure.gravatar.com\\\/avatar\\\/382642c092b6b9da14641d3c478df2f3da4a2d17eea25691c232d4dbf735c292?s=96&d=mm&r=g\",\"url\":\"https:\\\/\\\/secure.gravatar.com\\\/avatar\\\/382642c092b6b9da14641d3c478df2f3da4a2d17eea25691c232d4dbf735c292?s=96&d=mm&r=g\",\"contentUrl\":\"https:\\\/\\\/secure.gravatar.com\\\/avatar\\\/382642c092b6b9da14641d3c478df2f3da4a2d17eea25691c232d4dbf735c292?s=96&d=mm&r=g\",\"caption\":\"yoctavien\"},\"url\":\"https:\\\/\\\/regions-snetap-fsu.fr\\\/formation\\\/author\\\/yoctavien\\\/\"}]}<\/script>\n<!-- \/ Yoast SEO plugin. -->","yoast_head_json":{"title":"Ensemble pour le climat dans les Hauts-de-France ! - Formation des sites R\u00e9gionaux du SNETAP-FSU","robots":{"index":"index","follow":"follow","max-snippet":"max-snippet:-1","max-image-preview":"max-image-preview:large","max-video-preview":"max-video-preview:-1"},"canonical":"https:\/\/regions-snetap-fsu.fr\/formation\/2019\/03\/13\/ensemble-pour-le-climat-dans-les-hauts-de-france\/","og_locale":"fr_FR","og_type":"article","og_title":"Ensemble pour le climat dans les Hauts-de-France ! - Formation des sites R\u00e9gionaux du SNETAP-FSU","og_description":"Ensemble pour le climat dans les Hauts-de-France les 15 et 16 mars ! Lien : SNETAP-FSU &#8211; Gr\u00e8ve des jeunes pour le climat : une chance pour la plan\u00e8te ! Lien : FSU &#8211; Transition \u00e9cologique juste et durable : l\u2019affaire de toutes et tous ! Lien : FSU60 &#8211; 15 mars 2019 \u2013 Gr\u00e8ve [&hellip;]","og_url":"https:\/\/regions-snetap-fsu.fr\/formation\/2019\/03\/13\/ensemble-pour-le-climat-dans-les-hauts-de-france\/","og_site_name":"Formation des sites R\u00e9gionaux du SNETAP-FSU","article_published_time":"2019-03-13T15:47:08+00:00","author":"yoctavien","twitter_card":"summary_large_image","twitter_misc":{"\u00c9crit par":"yoctavien","Dur\u00e9e de lecture estim\u00e9e":"2 minutes"},"schema":{"@context":"https:\/\/schema.org","@graph":[{"@type":"Article","@id":"https:\/\/regions-snetap-fsu.fr\/formation\/2019\/03\/13\/ensemble-pour-le-climat-dans-les-hauts-de-france\/#article","isPartOf":{"@id":"https:\/\/regions-snetap-fsu.fr\/formation\/2019\/03\/13\/ensemble-pour-le-climat-dans-les-hauts-de-france\/"},"author":{"name":"yoctavien","@id":"https:\/\/regions-snetap-fsu.fr\/formation\/#\/schema\/person\/f5dc7b6354e942ca9c5fa8e9ff7e5c93"},"headline":"Ensemble pour le climat dans les Hauts-de-France !","datePublished":"2019-03-13T15:47:08+00:00","mainEntityOfPage":{"@id":"https:\/\/regions-snetap-fsu.fr\/formation\/2019\/03\/13\/ensemble-pour-le-climat-dans-les-hauts-de-france\/"},"wordCount":385,"publisher":{"@id":"https:\/\/regions-snetap-fsu.fr\/formation\/#organization"},"articleSection":["Actions - Gr\u00e8ves - Manifs"],"inLanguage":"fr-FR"},{"@type":"WebPage","@id":"https:\/\/regions-snetap-fsu.fr\/formation\/2019\/03\/13\/ensemble-pour-le-climat-dans-les-hauts-de-france\/","url":"https:\/\/regions-snetap-fsu.fr\/formation\/2019\/03\/13\/ensemble-pour-le-climat-dans-les-hauts-de-france\/","name":"Ensemble pour le climat dans les Hauts-de-France ! - Formation des sites R\u00e9gionaux du SNETAP-FSU","isPartOf":{"@id":"https:\/\/regions-snetap-fsu.fr\/formation\/#website"},"datePublished":"2019-03-13T15:47:08+00:00","breadcrumb":{"@id":"https:\/\/regions-snetap-fsu.fr\/formation\/2019\/03\/13\/ensemble-pour-le-climat-dans-les-hauts-de-france\/#breadcrumb"},"inLanguage":"fr-FR","potentialAction":[{"@type":"ReadAction","target":["https:\/\/regions-snetap-fsu.fr\/formation\/2019\/03\/13\/ensemble-pour-le-climat-dans-les-hauts-de-france\/"]}]},{"@type":"BreadcrumbList","@id":"https:\/\/regions-snetap-fsu.fr\/formation\/2019\/03\/13\/ensemble-pour-le-climat-dans-les-hauts-de-france\/#breadcrumb","itemListElement":[{"@type":"ListItem","position":1,"name":"Accueil","item":"https:\/\/regions-snetap-fsu.fr\/formation\/"},{"@type":"ListItem","position":2,"name":"Ensemble pour le climat dans les Hauts-de-France !"}]},{"@type":"WebSite","@id":"https:\/\/regions-snetap-fsu.fr\/formation\/#website","url":"https:\/\/regions-snetap-fsu.fr\/formation\/","name":"Formation des sites R\u00e9gionaux du SNETAP-FSU","description":"","publisher":{"@id":"https:\/\/regions-snetap-fsu.fr\/formation\/#organization"},"potentialAction":[{"@type":"SearchAction","target":{"@type":"EntryPoint","urlTemplate":"https:\/\/regions-snetap-fsu.fr\/formation\/?s={search_term_string}"},"query-input":{"@type":"PropertyValueSpecification","valueRequired":true,"valueName":"search_term_string"}}],"inLanguage":"fr-FR"},{"@type":"Organization","@id":"https:\/\/regions-snetap-fsu.fr\/formation\/#organization","name":"Formation des sites R\u00e9gionaux du SNETAP-FSU","url":"https:\/\/regions-snetap-fsu.fr\/formation\/","logo":{"@type":"ImageObject","inLanguage":"fr-FR","@id":"https:\/\/regions-snetap-fsu.fr\/formation\/#\/schema\/logo\/image\/","url":"https:\/\/regions-snetap-fsu.fr\/formation\/wp-content\/uploads\/sites\/20\/2025\/04\/cropped-Logo_blanc_fond_transparent_1000x755.png","contentUrl":"https:\/\/regions-snetap-fsu.fr\/formation\/wp-content\/uploads\/sites\/20\/2025\/04\/cropped-Logo_blanc_fond_transparent_1000x755.png","width":998,"height":689,"caption":"Formation des sites R\u00e9gionaux du SNETAP-FSU"},"image":{"@id":"https:\/\/regions-snetap-fsu.fr\/formation\/#\/schema\/logo\/image\/"}},{"@type":"Person","@id":"https:\/\/regions-snetap-fsu.fr\/formation\/#\/schema\/person\/f5dc7b6354e942ca9c5fa8e9ff7e5c93","name":"yoctavien","image":{"@type":"ImageObject","inLanguage":"fr-FR","@id":"https:\/\/secure.gravatar.com\/avatar\/382642c092b6b9da14641d3c478df2f3da4a2d17eea25691c232d4dbf735c292?s=96&d=mm&r=g","url":"https:\/\/secure.gravatar.com\/avatar\/382642c092b6b9da14641d3c478df2f3da4a2d17eea25691c232d4dbf735c292?s=96&d=mm&r=g","contentUrl":"https:\/\/secure.gravatar.com\/avatar\/382642c092b6b9da14641d3c478df2f3da4a2d17eea25691c232d4dbf735c292?s=96&d=mm&r=g","caption":"yoctavien"},"url":"https:\/\/regions-snetap-fsu.fr\/formation\/author\/yoctavien\/"}]}},"_links":{"self":[{"href":"https:\/\/regions-snetap-fsu.fr\/formation\/wp-json\/wp\/v2\/posts\/1857","targetHints":{"allow":["GET"]}}],"collection":[{"href":"https:\/\/regions-snetap-fsu.fr\/formation\/wp-json\/wp\/v2\/posts"}],"about":[{"href":"https:\/\/regions-snetap-fsu.fr\/formation\/wp-json\/wp\/v2\/types\/post"}],"author":[{"embeddable":true,"href":"https:\/\/regions-snetap-fsu.fr\/formation\/wp-json\/wp\/v2\/users\/138"}],"replies":[{"embeddable":true,"href":"https:\/\/regions-snetap-fsu.fr\/formation\/wp-json\/wp\/v2\/comments?post=1857"}],"version-history":[{"count":0,"href":"https:\/\/regions-snetap-fsu.fr\/formation\/wp-json\/wp\/v2\/posts\/1857\/revisions"}],"wp:attachment":[{"href":"https:\/\/regions-snetap-fsu.fr\/formation\/wp-json\/wp\/v2\/media?parent=1857"}],"wp:term":[{"taxonomy":"category","embeddable":true,"href":"https:\/\/regions-snetap-fsu.fr\/formation\/wp-json\/wp\/v2\/categories?post=1857"},{"taxonomy":"post_tag","embeddable":true,"href":"https:\/\/regions-snetap-fsu.fr\/formation\/wp-json\/wp\/v2\/tags?post=1857"},{"taxonomy":"post_folder","embeddable":true,"href":"https:\/\/regions-snetap-fsu.fr\/formation\/wp-json\/wp\/v2\/post_folder?post=1857"}],"curies":[{"name":"wp","href":"https:\/\/api.w.org\/{rel}","templated":true}]}}