{"id":1699,"date":"2019-03-20T17:40:54","date_gmt":"2019-03-20T16:40:54","guid":{"rendered":"https:\/\/regions-snetap-fsu.fr\/hdf\/?p=1699"},"modified":"2019-03-20T17:40:54","modified_gmt":"2019-03-20T16:40:54","slug":"stav-seuils-de-dedoublement-on-ne-lache-rien-dans-les-hauts-de-france","status":"publish","type":"post","link":"https:\/\/regions-snetap-fsu.fr\/formation\/2019\/03\/20\/stav-seuils-de-dedoublement-on-ne-lache-rien-dans-les-hauts-de-france\/","title":{"rendered":"STAV, seuils de d\u00e9doublement, on ne l\u00e2che rien dans les Hauts-de-France !"},"content":{"rendered":"<h2 style=\"text-align: center\"><span style=\"color: #ff0000\">STAV, seuils de d\u00e9doublement, on ne l\u00e2che rien dans les Hauts-de-France !<\/span><\/h2>\n<div class=\"crayon article-chapo-5760 chapo surlignable\">\n<p><span style=\"color: #0000ff\">La <span class=\"gl_mot\">DGER<\/span> refuse de n\u00e9gocier, de faire \u00e9voluer \u00ab\u00a0son\u00a0\u00bb projet sur la r\u00e9forme du Bac STAV. Un projet qui\u00a0 d\u00e9sorganiserait et affaiblirait le bac STAV s&rsquo;il \u00e9tait mis en \u0153uvre.<br \/>\n<\/span><\/p>\n<p style=\"text-align: justify\"><span style=\"color: #0000ff\">En d\u00e9pit du d\u00e9dain de la DGER pour le travail remont\u00e9 des \u00e9quipes p\u00e9dagogiques et le m\u00e9pris pour la repr\u00e9sentation des personnels, nous ne nous r\u00e9signons pas. <strong>Le SNETAP-FSU des Hauts-de-France continu \u00e0 porter sa lutte avec les r\u00e9alit\u00e9s v\u00e9cues par les \u00e9quipes p\u00e9dagogiques<\/strong>.<\/span><\/p>\n<h3 style=\"text-align: center\"><span style=\"color: #008000\">Interpellations des \u00e9lu\u00b7es des Hauts-de-France par les sections :<\/span><\/h3>\n<p style=\"text-align: justify\"><span style=\"color: #0000ff\">Les sections concern\u00e9es par cette r\u00e9forme, ont adress\u00e9 aux \u00e9lu\u00b7es un courrier afin de leur demander d&rsquo;intervenir aupr\u00e8s du Ministre.<\/span><\/p>\n<p><a href=\"https:\/\/drive.google.com\/open?id=1yIP0tDfadcZYsG4pB7Rj0-AdNXIrcvsB\" target=\"_blank\" rel=\"noopener noreferrer\"><span style=\"text-decoration: underline;color: #000000\">Lien : Lettre exemple interpellation \u00e9lu\u00b7es pour STAV<\/span><\/a><\/p>\n<p><span style=\"color: #0000ff\">La <strong>section d&rsquo;Amiens<\/strong> a interpell\u00e9 :<\/span><\/p>\n<ul>\n<li><span style=\"color: #0000ff\">le d\u00e9put\u00e9, Fran\u00e7ois Ruffin &#8211; LFI &#8211; 1\u00e8re circonscription de la Somme =&gt; <strong><span style=\"color: #008000\">Rencontre \u00e0 effectuer &#8211; Pense \u00e0 mettre en question au gouvernement<\/span><\/strong><br \/>\n<\/span><\/li>\n<li><span style=\"color: #0000ff\">la d\u00e9put\u00e9e, Barbara Pompili &#8211; LREM &#8211; 2\u00e8me circonscription de la Somme =&gt;<span style=\"color: #ff0000\">Aucune r\u00e9ponse<\/span><br \/>\n<\/span><\/li>\n<li><span style=\"color: #0000ff\">Le d\u00e9put\u00e9, Emmanuel Maquet &#8211; LR &#8211; 3\u00e8me circonscription de la Somme =&gt; <span style=\"color: #008000\"><strong><span style=\"color: #ff0000\">\u00c9changes en cours &#8211; Difficult\u00e9 d&rsquo;obtenir une r\u00e9ponse positive pour une rencontre<\/span><br \/>\n<\/strong><\/span><\/span><\/li>\n<li><span style=\"color: #0000ff\">Le d\u00e9put\u00e9, Jean-Claude Leclabart &#8211; LREM &#8211; 4\u00e8me circonscription de la Somme =&gt;<\/span>\u00a0<span style=\"color: #008000\"><strong>Rencontre effectu\u00e9e<br \/>\n<\/strong><\/span><\/li>\n<li><span style=\"color: #0000ff\">Le d\u00e9put\u00e9, St\u00e9phane Demilly &#8211; UAI &#8211; 5\u00e8me circonscription de la Somme =&gt;<\/span> <span style=\"color: #ff0000\">Aucune r\u00e9ponse<\/span><\/li>\n<li><span style=\"color: #0000ff\">Le s\u00e9nateur, J\u00e9r\u00f4me Bignon &#8211; Les Ind\u00e9pendants &#8211; Circonscription de la Somme =&gt;<\/span> <span style=\"color: #ff0000\">Aucune r\u00e9ponse<\/span><\/li>\n<li><span style=\"color: #0000ff\">Le s\u00e9nateur, Daniel Dubois &#8211; UC &#8211; Circonscription de la Somme =&gt;<\/span> <span style=\"color: #ff0000\">Aucune r\u00e9ponse<\/span><\/li>\n<li><span style=\"color: #0000ff\">Le s\u00e9nateur, Christian Manable &#8211; SOCR &#8211; Circonscription de la Somme =&gt;<\/span> <span style=\"color: #ff0000\">Aucune r\u00e9ponse<\/span><\/li>\n<\/ul>\n<p><span style=\"color: #0000ff\">La <strong>section de Radinghem<\/strong> a interpell\u00e9 :<\/span><\/p>\n<ul>\n<li><span style=\"color: #0000ff\">le d\u00e9put\u00e9, Daniel Fasquelle &#8211; LR &#8211; 4\u00e8me circonscription du Pas-de-Calais =&gt; <span style=\"color: #ff0000\">Aucune r\u00e9ponse<\/span><\/span><\/li>\n<li><span style=\"color: #0000ff\"><span style=\"color: #ff0000\"><span style=\"color: #0000ff\">le d\u00e9put\u00e9, Jean-Pierre Pont &#8211; LR &#8211; 5\u00e8me circonscription du Pas-de-Calais =&gt;<\/span> <strong>R\u00e9ponse par courriel : Demande de saisir le d\u00e9put\u00e9 Daniel Fasquelle, car il s&rsquo;attache, par principe, \u00e0 ne pas intervenir dans les circonscriptions tenues par ses coll\u00e8gues d\u00e9put\u00e9s voisins<\/strong><br \/>\n<\/span><\/span><\/li>\n<li><span style=\"color: #0000ff\">la d\u00e9put\u00e9e, Brigitte Bourguignon &#8211; LREM &#8211; 6\u00e8me circonscription du Pas-de-Calais =&gt; <span style=\"color: #ff0000\">Aucune r\u00e9ponse<\/span><\/span><\/li>\n<li><span style=\"color: #0000ff\">La s\u00e9natrice, Cathy Apourceau-Poly &#8211; CRCE &#8211; Circonscription du Pas-de-Calais =&gt; <span style=\"color: #008000\"><strong>Rencontre effectu\u00e9e &#8211; Ministre saisi<br \/>\n<\/strong><\/span><\/span><\/li>\n<li><span style=\"color: #0000ff\">Le s\u00e9nateur, Jean-Fran\u00e7ois Rapin &#8211; LR &#8211; Circonscription du Pas-de-Calais =&gt; <strong><span style=\"color: #008000\">Entretien t\u00e9l\u00e9phonique effectu\u00e9 avec sa collaboratrice &#8211; doit saisir le ministre<\/span><\/strong><span style=\"color: #ff0000\"><br \/>\n<\/span><\/span><\/li>\n<\/ul>\n<p><span style=\"color: #0000ff\">La <strong>section de Tilloy-l\u00e8s-Mofflaines <\/strong>a interpell\u00e9 :<\/span><\/p>\n<ul>\n<li><span style=\"color: #0000ff\">le d\u00e9put\u00e9, Bruno Duverg\u00e9 &#8211; MODEM- 1\u00e8re circonscription du Pas-de-Calais =&gt; <span style=\"color: #ff0000\">Aucune r\u00e9ponse<\/span><br \/>\n<\/span><\/li>\n<li><span style=\"color: #0000ff\">la d\u00e9put\u00e9e, Jacqueline Maquet &#8211; LREM &#8211; 2\u00e8me circonscription du Pas-de-Calais =&gt; <span style=\"color: #ff0000\">Aucune r\u00e9ponse<\/span><br \/>\n<\/span><\/li>\n<li><span style=\"color: #0000ff\">le d\u00e9put\u00e9, Adrien Quatennens &#8211; LFI- 1\u00e8re circonscription du Nord =&gt; <span style=\"color: #ff0000\">Aucune r\u00e9ponse<\/span><br \/>\n<\/span><\/li>\n<li><span style=\"color: #0000ff\">le d\u00e9put\u00e9, Ugo Bernalicis &#8211; LFI- 2\u00e8me circonscription du Nord =&gt; <span style=\"color: #ff0000\">Aucune r\u00e9ponse<\/span><br \/>\n<\/span><\/li>\n<li><span style=\"color: #0000ff\">le d\u00e9put\u00e9, Fabien Roussel &#8211; GDR &#8211; 20\u00e8me circonscription du Nord =&gt; <span style=\"color: #008000\"><strong>Rencontre effectu\u00e9e &#8211; Ministre saisi<\/strong><\/span><br \/>\n<\/span><\/li>\n<li><span style=\"color: #0000ff\">le s\u00e9nateur, Jean-Pierre Corbisez &#8211; RDSE &#8211; Circonscription du Pas-de-Calais =&gt; <span style=\"color: #ff0000\">Aucune r\u00e9ponse<\/span><br \/>\n<\/span><\/li>\n<\/ul>\n<p><span style=\"color: #0000ff\">Cet article sera mis \u00e0 jour en fonction des suites de la part des \u00e9lu\u00b7es.<\/span><\/p>\n<h3 style=\"text-align: center\"><span style=\"color: #008000\">Courrier \u00e0 la DGER par les sections :<\/span><\/h3>\n<p style=\"text-align: justify\"><span style=\"color: #0000ff\">D\u00e8s la rentr\u00e9e des vacances d&rsquo;hiver, les sections concern\u00e9es adresserons \u00e0 monsieur Philippe Vincon, Directeur G\u00e9n\u00e9ral de l&rsquo;Enseignement et de la Recherche (avec copie \u00e0 ses adjoint\u00b7es), un courrier apr\u00e8s y avoir apposer la signature d&rsquo;un maximum de membres de l&rsquo;\u00e9quipe intervenant en Bac STAV.<\/span><\/p>\n\n\t\t<div class=\"wppdfemb-frame-container-1\" style=\"-webkit-overflow-scrolling:auto;\">\n\t\t\t<iframe class=\"pdfembed-iframe nonfullscreen wppdf-emb-iframe-1\"\n\t\t\t\tsrc=\"https:\/\/regions-snetap-fsu.fr\/formation\/?pdfemb-data=eyJ1cmwiOiJodHRwczpcL1wvcmVnaW9ucy1zbmV0YXAtZnN1LmZyXC9oZGZcL3dwLWNvbnRlbnRcL3VwbG9hZHNcL3NpdGVzXC81XC8yMDE5XC8wMlwvMjAxOS0wMi0wOF9Db3Vycmllci1hdS1ER0VSX1BsdXJpLVNUQVYucGRmIiwidGl0bGUiOiJDb3VycmllciBcdTAwZTAgbGEgREdFUiIsImluZGV4IjoxLCJwZGZJRCI6MH0\"\n\t\t\t\ttitle=\"Courrier \u00e0 la DGER\"\t\t\t\tdata-pdf-id=\"0\"\n\t\t\t\tdata-pdf-index=\"1\"\n\t\t\t\tstyle=\"border:none;width:100%;max-width:100%;height:100vh;\"\n\t\t\t\tscrolling=\"yes\">\n\t\t\t<\/iframe>\n\t\t<\/div>\n\n\t\t\n<p><span style=\"color: #0000ff\">Les sections suivantes ont d\u00e9j\u00e0 envoy\u00e9 ce courrier : Radinghem.<\/span><\/p>\n<h3 style=\"text-align: center\"><span style=\"color: #008000\">P\u00e9titions<\/span><\/h3>\n<p style=\"text-align: justify\"><span style=\"color: #0000ff\">Si vous ne l&rsquo;avez pas encore fait, signez et faites signer la p\u00e9tition contre la suppression des seuils de d\u00e9doublement :<\/span> <a href=\"https:\/\/intersyndicale.fr\/non-a-la-suppression-des-seuils-de-dedoublement-dans-lenseignement-agricole\/\" target=\"_blank\" rel=\"noopener noreferrer\"><span style=\"text-decoration: underline\"><span style=\"color: #000000;text-decoration: underline\">Lien : P\u00e9tition contre suppression seuils d\u00e9doublement<\/span><\/span><\/a><\/p>\n<p style=\"text-align: justify\"><span style=\"color: #0000ff\">Apr\u00e8s un premier temps de campagne interne de signatures de notre p\u00e9tition (plus de 2 300 signatures), il est temps de l&rsquo;ouvrir \u00e0 nos usagers<\/span> (<span style=\"text-decoration: underline;color: #000000\"><a style=\"color: #000000;text-decoration: underline\" href=\"https:\/\/drive.google.com\/open?id=1HceCq3jNqH182ldzXMkS2SOf9D9q6rxE\" target=\"_blank\" rel=\"noopener noreferrer\">Lien : P\u00e9tition papier contre suppression seuil d\u00e9doublement<\/a>\u00a0<\/span> ou\u00a0 <a href=\"https:\/\/intersyndicale.fr\/\" target=\"_blank\" rel=\"noopener noreferrer\"><span style=\"text-decoration: underline;color: #000000\">Liens : P\u00e9tition intersyndicale sur internet<\/span><\/a><span id=\"OBJ_PREFIX_DWT903_com_zimbra_url\" class=\"Object\"><\/span>)<\/p>\n<p style=\"text-align: justify\"><span style=\"color: #0000ff\">Celle-ci \u00e9tant port\u00e9e conjointement avec la FCPE d&rsquo;une part et l&rsquo;UNL d&rsquo;autre part, nous sommes fond\u00e9s, d&rsquo;\u00e9lu.e.s \u00e0 \u00e9lu.e.s dans les instances, \u00e0 proposer \u00e0 nos repr\u00e9sentant.e.s de parents d&rsquo;\u00e9l\u00e8ves (au CI et CA, voire responsables de l&rsquo;association de parents locale si elle existe) et aux \u00e9lu.e.s repr\u00e9sentant.e.s des \u00e9l\u00e8ves et \u00e9tudiants (en CI-CA) de diffuser cette p\u00e9tition par eux-m\u00eames&#8230; <\/span><\/p>\n<p style=\"text-align: justify\"><span style=\"color: #0000ff\">En fonction de la situation locale, la campagne de p\u00e9tition sera conduite, dans la semaine qui arrive sur le parking de nos \u00e9tablissements afin de toucher le plus grand nombre (vous pouvez t\u00e9l\u00e9charger la p\u00e9tition au lien ci-dessus).<\/span><\/p>\n<p style=\"text-align: justify\"><span style=\"color: #0000ff\">L&rsquo;enjeu est majeur, car c&rsquo;est clairement avec les usagers dans la bataille \u00e0 nos c\u00f4t\u00e9s, que nous parviendrons \u00e0 faire plier le minist\u00e8re sur cette mesure qu&rsquo;on tente de nous imposer, de rehaussement des seuils de d\u00e9doublement, synonyme de d\u00e9gradation des conditions d&rsquo;apprentissage de nos \u00e9l\u00e8ves et de r\u00e9gression sans pr\u00e9c\u00e9dent de nos conditions de travail.<\/span><\/p>\n<\/div>\n","protected":false},"excerpt":{"rendered":"<p>STAV, seuils de d\u00e9doublement, on ne l\u00e2che rien dans les Hauts-de-France ! La DGER refuse de n\u00e9gocier, de faire \u00e9voluer \u00ab\u00a0son\u00a0\u00bb projet sur la r\u00e9forme du Bac STAV. Un projet qui\u00a0 d\u00e9sorganiserait et affaiblirait le bac STAV s&rsquo;il \u00e9tait mis en \u0153uvre. En d\u00e9pit du d\u00e9dain de la DGER pour le travail remont\u00e9 des \u00e9quipes [&hellip;]<\/p>\n","protected":false},"author":138,"featured_media":0,"comment_status":"closed","ping_status":"closed","sticky":false,"template":"","format":"standard","meta":{"ocean_post_layout":"","ocean_both_sidebars_style":"","ocean_both_sidebars_content_width":0,"ocean_both_sidebars_sidebars_width":0,"ocean_sidebar":"","ocean_second_sidebar":"","ocean_disable_margins":"enable","ocean_add_body_class":"","ocean_shortcode_before_top_bar":"","ocean_shortcode_after_top_bar":"","ocean_shortcode_before_header":"","ocean_shortcode_after_header":"","ocean_has_shortcode":"","ocean_shortcode_after_title":"","ocean_shortcode_before_footer_widgets":"","ocean_shortcode_after_footer_widgets":"","ocean_shortcode_before_footer_bottom":"","ocean_shortcode_after_footer_bottom":"","ocean_display_top_bar":"default","ocean_display_header":"default","ocean_header_style":"","ocean_center_header_left_menu":"","ocean_custom_header_template":"","ocean_custom_logo":0,"ocean_custom_retina_logo":0,"ocean_custom_logo_max_width":0,"ocean_custom_logo_tablet_max_width":0,"ocean_custom_logo_mobile_max_width":0,"ocean_custom_logo_max_height":0,"ocean_custom_logo_tablet_max_height":0,"ocean_custom_logo_mobile_max_height":0,"ocean_header_custom_menu":"","ocean_menu_typo_font_family":"","ocean_menu_typo_font_subset":"","ocean_menu_typo_font_size":0,"ocean_menu_typo_font_size_tablet":0,"ocean_menu_typo_font_size_mobile":0,"ocean_menu_typo_font_size_unit":"px","ocean_menu_typo_font_weight":"","ocean_menu_typo_font_weight_tablet":"","ocean_menu_typo_font_weight_mobile":"","ocean_menu_typo_transform":"","ocean_menu_typo_transform_tablet":"","ocean_menu_typo_transform_mobile":"","ocean_menu_typo_line_height":0,"ocean_menu_typo_line_height_tablet":0,"ocean_menu_typo_line_height_mobile":0,"ocean_menu_typo_line_height_unit":"","ocean_menu_typo_spacing":0,"ocean_menu_typo_spacing_tablet":0,"ocean_menu_typo_spacing_mobile":0,"ocean_menu_typo_spacing_unit":"","ocean_menu_link_color":"","ocean_menu_link_color_hover":"","ocean_menu_link_color_active":"","ocean_menu_link_background":"","ocean_menu_link_hover_background":"","ocean_menu_link_active_background":"","ocean_menu_social_links_bg":"","ocean_menu_social_hover_links_bg":"","ocean_menu_social_links_color":"","ocean_menu_social_hover_links_color":"","ocean_disable_title":"default","ocean_disable_heading":"default","ocean_post_title":"","ocean_post_subheading":"","ocean_post_title_style":"","ocean_post_title_background_color":"","ocean_post_title_background":0,"ocean_post_title_bg_image_position":"","ocean_post_title_bg_image_attachment":"","ocean_post_title_bg_image_repeat":"","ocean_post_title_bg_image_size":"","ocean_post_title_height":0,"ocean_post_title_bg_overlay":0.5,"ocean_post_title_bg_overlay_color":"","ocean_disable_breadcrumbs":"default","ocean_breadcrumbs_color":"","ocean_breadcrumbs_separator_color":"","ocean_breadcrumbs_links_color":"","ocean_breadcrumbs_links_hover_color":"","ocean_display_footer_widgets":"default","ocean_display_footer_bottom":"default","ocean_custom_footer_template":"","ocean_post_oembed":"","ocean_post_self_hosted_media":"","ocean_post_video_embed":"","ocean_link_format":"","ocean_link_format_target":"self","ocean_quote_format":"","ocean_quote_format_link":"post","ocean_gallery_link_images":"on","ocean_gallery_id":[],"footnotes":""},"categories":[3,11],"tags":[],"post_folder":[],"class_list":["post-1699","post","type-post","status-publish","format-standard","hentry","category-actions-greves-manifs","category-communiques","entry"],"yoast_head":"<!-- This site is optimized with the Yoast SEO plugin v27.4 - https:\/\/yoast.com\/product\/yoast-seo-wordpress\/ -->\n<title>STAV, seuils de d\u00e9doublement, on ne l\u00e2che rien dans les Hauts-de-France ! - Formation des sites R\u00e9gionaux du SNETAP-FSU<\/title>\n<meta name=\"robots\" content=\"index, follow, max-snippet:-1, max-image-preview:large, max-video-preview:-1\" \/>\n<link rel=\"canonical\" href=\"https:\/\/regions-snetap-fsu.fr\/formation\/2019\/03\/20\/stav-seuils-de-dedoublement-on-ne-lache-rien-dans-les-hauts-de-france\/\" \/>\n<meta property=\"og:locale\" content=\"fr_FR\" \/>\n<meta property=\"og:type\" content=\"article\" \/>\n<meta property=\"og:title\" content=\"STAV, seuils de d\u00e9doublement, on ne l\u00e2che rien dans les Hauts-de-France ! - Formation des sites R\u00e9gionaux du SNETAP-FSU\" \/>\n<meta property=\"og:description\" content=\"STAV, seuils de d\u00e9doublement, on ne l\u00e2che rien dans les Hauts-de-France ! La DGER refuse de n\u00e9gocier, de faire \u00e9voluer \u00ab\u00a0son\u00a0\u00bb projet sur la r\u00e9forme du Bac STAV. Un projet qui\u00a0 d\u00e9sorganiserait et affaiblirait le bac STAV s&rsquo;il \u00e9tait mis en \u0153uvre. En d\u00e9pit du d\u00e9dain de la DGER pour le travail remont\u00e9 des \u00e9quipes [&hellip;]\" \/>\n<meta property=\"og:url\" content=\"https:\/\/regions-snetap-fsu.fr\/formation\/2019\/03\/20\/stav-seuils-de-dedoublement-on-ne-lache-rien-dans-les-hauts-de-france\/\" \/>\n<meta property=\"og:site_name\" content=\"Formation des sites R\u00e9gionaux du SNETAP-FSU\" \/>\n<meta property=\"article:published_time\" content=\"2019-03-20T16:40:54+00:00\" \/>\n<meta name=\"author\" content=\"yoctavien\" \/>\n<meta name=\"twitter:card\" content=\"summary_large_image\" \/>\n<meta name=\"twitter:label1\" content=\"\u00c9crit par\" \/>\n\t<meta name=\"twitter:data1\" content=\"yoctavien\" \/>\n\t<meta name=\"twitter:label2\" content=\"Dur\u00e9e de lecture estim\u00e9e\" \/>\n\t<meta name=\"twitter:data2\" content=\"4 minutes\" \/>\n<script type=\"application\/ld+json\" class=\"yoast-schema-graph\">{\"@context\":\"https:\\\/\\\/schema.org\",\"@graph\":[{\"@type\":\"Article\",\"@id\":\"https:\\\/\\\/regions-snetap-fsu.fr\\\/formation\\\/2019\\\/03\\\/20\\\/stav-seuils-de-dedoublement-on-ne-lache-rien-dans-les-hauts-de-france\\\/#article\",\"isPartOf\":{\"@id\":\"https:\\\/\\\/regions-snetap-fsu.fr\\\/formation\\\/2019\\\/03\\\/20\\\/stav-seuils-de-dedoublement-on-ne-lache-rien-dans-les-hauts-de-france\\\/\"},\"author\":{\"name\":\"yoctavien\",\"@id\":\"https:\\\/\\\/regions-snetap-fsu.fr\\\/formation\\\/#\\\/schema\\\/person\\\/f5dc7b6354e942ca9c5fa8e9ff7e5c93\"},\"headline\":\"STAV, seuils de d\u00e9doublement, on ne l\u00e2che rien dans les Hauts-de-France !\",\"datePublished\":\"2019-03-20T16:40:54+00:00\",\"mainEntityOfPage\":{\"@id\":\"https:\\\/\\\/regions-snetap-fsu.fr\\\/formation\\\/2019\\\/03\\\/20\\\/stav-seuils-de-dedoublement-on-ne-lache-rien-dans-les-hauts-de-france\\\/\"},\"wordCount\":917,\"publisher\":{\"@id\":\"https:\\\/\\\/regions-snetap-fsu.fr\\\/formation\\\/#organization\"},\"articleSection\":[\"Actions - Gr\u00e8ves - Manifs\",\"Communiqu\u00e9s\"],\"inLanguage\":\"fr-FR\"},{\"@type\":\"WebPage\",\"@id\":\"https:\\\/\\\/regions-snetap-fsu.fr\\\/formation\\\/2019\\\/03\\\/20\\\/stav-seuils-de-dedoublement-on-ne-lache-rien-dans-les-hauts-de-france\\\/\",\"url\":\"https:\\\/\\\/regions-snetap-fsu.fr\\\/formation\\\/2019\\\/03\\\/20\\\/stav-seuils-de-dedoublement-on-ne-lache-rien-dans-les-hauts-de-france\\\/\",\"name\":\"STAV, seuils de d\u00e9doublement, on ne l\u00e2che rien dans les Hauts-de-France ! - Formation des sites R\u00e9gionaux du SNETAP-FSU\",\"isPartOf\":{\"@id\":\"https:\\\/\\\/regions-snetap-fsu.fr\\\/formation\\\/#website\"},\"datePublished\":\"2019-03-20T16:40:54+00:00\",\"breadcrumb\":{\"@id\":\"https:\\\/\\\/regions-snetap-fsu.fr\\\/formation\\\/2019\\\/03\\\/20\\\/stav-seuils-de-dedoublement-on-ne-lache-rien-dans-les-hauts-de-france\\\/#breadcrumb\"},\"inLanguage\":\"fr-FR\",\"potentialAction\":[{\"@type\":\"ReadAction\",\"target\":[\"https:\\\/\\\/regions-snetap-fsu.fr\\\/formation\\\/2019\\\/03\\\/20\\\/stav-seuils-de-dedoublement-on-ne-lache-rien-dans-les-hauts-de-france\\\/\"]}]},{\"@type\":\"BreadcrumbList\",\"@id\":\"https:\\\/\\\/regions-snetap-fsu.fr\\\/formation\\\/2019\\\/03\\\/20\\\/stav-seuils-de-dedoublement-on-ne-lache-rien-dans-les-hauts-de-france\\\/#breadcrumb\",\"itemListElement\":[{\"@type\":\"ListItem\",\"position\":1,\"name\":\"Accueil\",\"item\":\"https:\\\/\\\/regions-snetap-fsu.fr\\\/formation\\\/\"},{\"@type\":\"ListItem\",\"position\":2,\"name\":\"STAV, seuils de d\u00e9doublement, on ne l\u00e2che rien dans les Hauts-de-France !\"}]},{\"@type\":\"WebSite\",\"@id\":\"https:\\\/\\\/regions-snetap-fsu.fr\\\/formation\\\/#website\",\"url\":\"https:\\\/\\\/regions-snetap-fsu.fr\\\/formation\\\/\",\"name\":\"Formation des sites R\u00e9gionaux du SNETAP-FSU\",\"description\":\"\",\"publisher\":{\"@id\":\"https:\\\/\\\/regions-snetap-fsu.fr\\\/formation\\\/#organization\"},\"potentialAction\":[{\"@type\":\"SearchAction\",\"target\":{\"@type\":\"EntryPoint\",\"urlTemplate\":\"https:\\\/\\\/regions-snetap-fsu.fr\\\/formation\\\/?s={search_term_string}\"},\"query-input\":{\"@type\":\"PropertyValueSpecification\",\"valueRequired\":true,\"valueName\":\"search_term_string\"}}],\"inLanguage\":\"fr-FR\"},{\"@type\":\"Organization\",\"@id\":\"https:\\\/\\\/regions-snetap-fsu.fr\\\/formation\\\/#organization\",\"name\":\"Formation des sites R\u00e9gionaux du SNETAP-FSU\",\"url\":\"https:\\\/\\\/regions-snetap-fsu.fr\\\/formation\\\/\",\"logo\":{\"@type\":\"ImageObject\",\"inLanguage\":\"fr-FR\",\"@id\":\"https:\\\/\\\/regions-snetap-fsu.fr\\\/formation\\\/#\\\/schema\\\/logo\\\/image\\\/\",\"url\":\"https:\\\/\\\/regions-snetap-fsu.fr\\\/formation\\\/wp-content\\\/uploads\\\/sites\\\/20\\\/2025\\\/04\\\/cropped-Logo_blanc_fond_transparent_1000x755.png\",\"contentUrl\":\"https:\\\/\\\/regions-snetap-fsu.fr\\\/formation\\\/wp-content\\\/uploads\\\/sites\\\/20\\\/2025\\\/04\\\/cropped-Logo_blanc_fond_transparent_1000x755.png\",\"width\":998,\"height\":689,\"caption\":\"Formation des sites R\u00e9gionaux du SNETAP-FSU\"},\"image\":{\"@id\":\"https:\\\/\\\/regions-snetap-fsu.fr\\\/formation\\\/#\\\/schema\\\/logo\\\/image\\\/\"}},{\"@type\":\"Person\",\"@id\":\"https:\\\/\\\/regions-snetap-fsu.fr\\\/formation\\\/#\\\/schema\\\/person\\\/f5dc7b6354e942ca9c5fa8e9ff7e5c93\",\"name\":\"yoctavien\",\"image\":{\"@type\":\"ImageObject\",\"inLanguage\":\"fr-FR\",\"@id\":\"https:\\\/\\\/secure.gravatar.com\\\/avatar\\\/382642c092b6b9da14641d3c478df2f3da4a2d17eea25691c232d4dbf735c292?s=96&d=mm&r=g\",\"url\":\"https:\\\/\\\/secure.gravatar.com\\\/avatar\\\/382642c092b6b9da14641d3c478df2f3da4a2d17eea25691c232d4dbf735c292?s=96&d=mm&r=g\",\"contentUrl\":\"https:\\\/\\\/secure.gravatar.com\\\/avatar\\\/382642c092b6b9da14641d3c478df2f3da4a2d17eea25691c232d4dbf735c292?s=96&d=mm&r=g\",\"caption\":\"yoctavien\"},\"url\":\"https:\\\/\\\/regions-snetap-fsu.fr\\\/formation\\\/author\\\/yoctavien\\\/\"}]}<\/script>\n<!-- \/ Yoast SEO plugin. -->","yoast_head_json":{"title":"STAV, seuils de d\u00e9doublement, on ne l\u00e2che rien dans les Hauts-de-France ! - Formation des sites R\u00e9gionaux du SNETAP-FSU","robots":{"index":"index","follow":"follow","max-snippet":"max-snippet:-1","max-image-preview":"max-image-preview:large","max-video-preview":"max-video-preview:-1"},"canonical":"https:\/\/regions-snetap-fsu.fr\/formation\/2019\/03\/20\/stav-seuils-de-dedoublement-on-ne-lache-rien-dans-les-hauts-de-france\/","og_locale":"fr_FR","og_type":"article","og_title":"STAV, seuils de d\u00e9doublement, on ne l\u00e2che rien dans les Hauts-de-France ! - Formation des sites R\u00e9gionaux du SNETAP-FSU","og_description":"STAV, seuils de d\u00e9doublement, on ne l\u00e2che rien dans les Hauts-de-France ! La DGER refuse de n\u00e9gocier, de faire \u00e9voluer \u00ab\u00a0son\u00a0\u00bb projet sur la r\u00e9forme du Bac STAV. Un projet qui\u00a0 d\u00e9sorganiserait et affaiblirait le bac STAV s&rsquo;il \u00e9tait mis en \u0153uvre. En d\u00e9pit du d\u00e9dain de la DGER pour le travail remont\u00e9 des \u00e9quipes [&hellip;]","og_url":"https:\/\/regions-snetap-fsu.fr\/formation\/2019\/03\/20\/stav-seuils-de-dedoublement-on-ne-lache-rien-dans-les-hauts-de-france\/","og_site_name":"Formation des sites R\u00e9gionaux du SNETAP-FSU","article_published_time":"2019-03-20T16:40:54+00:00","author":"yoctavien","twitter_card":"summary_large_image","twitter_misc":{"\u00c9crit par":"yoctavien","Dur\u00e9e de lecture estim\u00e9e":"4 minutes"},"schema":{"@context":"https:\/\/schema.org","@graph":[{"@type":"Article","@id":"https:\/\/regions-snetap-fsu.fr\/formation\/2019\/03\/20\/stav-seuils-de-dedoublement-on-ne-lache-rien-dans-les-hauts-de-france\/#article","isPartOf":{"@id":"https:\/\/regions-snetap-fsu.fr\/formation\/2019\/03\/20\/stav-seuils-de-dedoublement-on-ne-lache-rien-dans-les-hauts-de-france\/"},"author":{"name":"yoctavien","@id":"https:\/\/regions-snetap-fsu.fr\/formation\/#\/schema\/person\/f5dc7b6354e942ca9c5fa8e9ff7e5c93"},"headline":"STAV, seuils de d\u00e9doublement, on ne l\u00e2che rien dans les Hauts-de-France !","datePublished":"2019-03-20T16:40:54+00:00","mainEntityOfPage":{"@id":"https:\/\/regions-snetap-fsu.fr\/formation\/2019\/03\/20\/stav-seuils-de-dedoublement-on-ne-lache-rien-dans-les-hauts-de-france\/"},"wordCount":917,"publisher":{"@id":"https:\/\/regions-snetap-fsu.fr\/formation\/#organization"},"articleSection":["Actions - Gr\u00e8ves - Manifs","Communiqu\u00e9s"],"inLanguage":"fr-FR"},{"@type":"WebPage","@id":"https:\/\/regions-snetap-fsu.fr\/formation\/2019\/03\/20\/stav-seuils-de-dedoublement-on-ne-lache-rien-dans-les-hauts-de-france\/","url":"https:\/\/regions-snetap-fsu.fr\/formation\/2019\/03\/20\/stav-seuils-de-dedoublement-on-ne-lache-rien-dans-les-hauts-de-france\/","name":"STAV, seuils de d\u00e9doublement, on ne l\u00e2che rien dans les Hauts-de-France ! - Formation des sites R\u00e9gionaux du SNETAP-FSU","isPartOf":{"@id":"https:\/\/regions-snetap-fsu.fr\/formation\/#website"},"datePublished":"2019-03-20T16:40:54+00:00","breadcrumb":{"@id":"https:\/\/regions-snetap-fsu.fr\/formation\/2019\/03\/20\/stav-seuils-de-dedoublement-on-ne-lache-rien-dans-les-hauts-de-france\/#breadcrumb"},"inLanguage":"fr-FR","potentialAction":[{"@type":"ReadAction","target":["https:\/\/regions-snetap-fsu.fr\/formation\/2019\/03\/20\/stav-seuils-de-dedoublement-on-ne-lache-rien-dans-les-hauts-de-france\/"]}]},{"@type":"BreadcrumbList","@id":"https:\/\/regions-snetap-fsu.fr\/formation\/2019\/03\/20\/stav-seuils-de-dedoublement-on-ne-lache-rien-dans-les-hauts-de-france\/#breadcrumb","itemListElement":[{"@type":"ListItem","position":1,"name":"Accueil","item":"https:\/\/regions-snetap-fsu.fr\/formation\/"},{"@type":"ListItem","position":2,"name":"STAV, seuils de d\u00e9doublement, on ne l\u00e2che rien dans les Hauts-de-France !"}]},{"@type":"WebSite","@id":"https:\/\/regions-snetap-fsu.fr\/formation\/#website","url":"https:\/\/regions-snetap-fsu.fr\/formation\/","name":"Formation des sites R\u00e9gionaux du SNETAP-FSU","description":"","publisher":{"@id":"https:\/\/regions-snetap-fsu.fr\/formation\/#organization"},"potentialAction":[{"@type":"SearchAction","target":{"@type":"EntryPoint","urlTemplate":"https:\/\/regions-snetap-fsu.fr\/formation\/?s={search_term_string}"},"query-input":{"@type":"PropertyValueSpecification","valueRequired":true,"valueName":"search_term_string"}}],"inLanguage":"fr-FR"},{"@type":"Organization","@id":"https:\/\/regions-snetap-fsu.fr\/formation\/#organization","name":"Formation des sites R\u00e9gionaux du SNETAP-FSU","url":"https:\/\/regions-snetap-fsu.fr\/formation\/","logo":{"@type":"ImageObject","inLanguage":"fr-FR","@id":"https:\/\/regions-snetap-fsu.fr\/formation\/#\/schema\/logo\/image\/","url":"https:\/\/regions-snetap-fsu.fr\/formation\/wp-content\/uploads\/sites\/20\/2025\/04\/cropped-Logo_blanc_fond_transparent_1000x755.png","contentUrl":"https:\/\/regions-snetap-fsu.fr\/formation\/wp-content\/uploads\/sites\/20\/2025\/04\/cropped-Logo_blanc_fond_transparent_1000x755.png","width":998,"height":689,"caption":"Formation des sites R\u00e9gionaux du SNETAP-FSU"},"image":{"@id":"https:\/\/regions-snetap-fsu.fr\/formation\/#\/schema\/logo\/image\/"}},{"@type":"Person","@id":"https:\/\/regions-snetap-fsu.fr\/formation\/#\/schema\/person\/f5dc7b6354e942ca9c5fa8e9ff7e5c93","name":"yoctavien","image":{"@type":"ImageObject","inLanguage":"fr-FR","@id":"https:\/\/secure.gravatar.com\/avatar\/382642c092b6b9da14641d3c478df2f3da4a2d17eea25691c232d4dbf735c292?s=96&d=mm&r=g","url":"https:\/\/secure.gravatar.com\/avatar\/382642c092b6b9da14641d3c478df2f3da4a2d17eea25691c232d4dbf735c292?s=96&d=mm&r=g","contentUrl":"https:\/\/secure.gravatar.com\/avatar\/382642c092b6b9da14641d3c478df2f3da4a2d17eea25691c232d4dbf735c292?s=96&d=mm&r=g","caption":"yoctavien"},"url":"https:\/\/regions-snetap-fsu.fr\/formation\/author\/yoctavien\/"}]}},"_links":{"self":[{"href":"https:\/\/regions-snetap-fsu.fr\/formation\/wp-json\/wp\/v2\/posts\/1699","targetHints":{"allow":["GET"]}}],"collection":[{"href":"https:\/\/regions-snetap-fsu.fr\/formation\/wp-json\/wp\/v2\/posts"}],"about":[{"href":"https:\/\/regions-snetap-fsu.fr\/formation\/wp-json\/wp\/v2\/types\/post"}],"author":[{"embeddable":true,"href":"https:\/\/regions-snetap-fsu.fr\/formation\/wp-json\/wp\/v2\/users\/138"}],"replies":[{"embeddable":true,"href":"https:\/\/regions-snetap-fsu.fr\/formation\/wp-json\/wp\/v2\/comments?post=1699"}],"version-history":[{"count":0,"href":"https:\/\/regions-snetap-fsu.fr\/formation\/wp-json\/wp\/v2\/posts\/1699\/revisions"}],"wp:attachment":[{"href":"https:\/\/regions-snetap-fsu.fr\/formation\/wp-json\/wp\/v2\/media?parent=1699"}],"wp:term":[{"taxonomy":"category","embeddable":true,"href":"https:\/\/regions-snetap-fsu.fr\/formation\/wp-json\/wp\/v2\/categories?post=1699"},{"taxonomy":"post_tag","embeddable":true,"href":"https:\/\/regions-snetap-fsu.fr\/formation\/wp-json\/wp\/v2\/tags?post=1699"},{"taxonomy":"post_folder","embeddable":true,"href":"https:\/\/regions-snetap-fsu.fr\/formation\/wp-json\/wp\/v2\/post_folder?post=1699"}],"curies":[{"name":"wp","href":"https:\/\/api.w.org\/{rel}","templated":true}]}}