{"id":1675,"date":"2019-04-29T23:36:19","date_gmt":"2019-04-29T21:36:19","guid":{"rendered":"https:\/\/regions-snetap-fsu.fr\/hdf\/?p=1675"},"modified":"2019-04-29T23:36:19","modified_gmt":"2019-04-29T21:36:19","slug":"stage-fsu-mai","status":"publish","type":"post","link":"https:\/\/regions-snetap-fsu.fr\/formation\/2019\/04\/29\/stage-fsu-mai\/","title":{"rendered":"Stage FSU Mai"},"content":{"rendered":"<h2 style=\"text-align: center\"><span style=\"color: #ff0000\">Stage FSU de mai<\/span><\/h2>\n<p><span style=\"color: #0000ff\">Vous trouverez ci-dessous plusieurs stages : <\/span><\/p>\n<ol>\n<li><strong><span style=\"color: #0000ff\">\u00c9GALIT\u00c9 PROFESSIONNELLE ENTRE LES FEMMES ET LES HOMMES &#8211; 23 AU 24 <i>\/05\/19<\/i><\/span><\/strong><\/li>\n<li><span style=\"color: #0000ff\"><b>CHSCT <\/b><b>&#8211;<\/b><b> 16 AU 17 <i>\/05\/19<\/i><\/b><\/span><\/li>\n<li><span style=\"color: #0000ff\"><strong><b>RETRAITE ET RETRAIT\u00e9S 22 AU 23 <i>\/05\/19<\/i><\/b><\/strong><\/span><\/li>\n<li><span style=\"color: #0000ff\"><b>COLLOQUE DES PSYCHOLOGUES &#8211; <i>27 \/06\/19<\/i><\/b><b> <i>AU 28 \/06\/19<\/i><\/b><\/span><\/li>\n<\/ol>\n<p style=\"text-align: center\"><span style=\"color: #ff0000\"><b><i>Attention : le stage \u00abmiliter \u00e0 la fsu\u00bb initialement pr\u00e9vu le 24 et 25 janvier, est report\u00e9 \u00e0 une date ult\u00e9rieur.<\/i><\/b><\/span><\/p>\n<p><b><span style=\"color: #0000ff\">Inscription sur<\/span> <span id=\"OBJ_PREFIX_DWT5489_com_zimbra_url\" class=\"Object\"><a href=\"https:\/\/formation.fsu.fr\/\" target=\"_blank\" rel=\"noopener noreferrer\"><span style=\"text-decoration: underline;color: #000000\">https:\/\/formation.fsu.fr\/<\/span><\/a><\/span><\/b><b><\/b><\/p>\n<p style=\"text-align: center\"><span style=\"color: #ff0000\"><b>Si ce n&rsquo;est d\u00e9j\u00e0 fait, ne tardez pas \u00e0 ouvrir un compte pour vous inscrire !<\/b><\/span><\/p>\n<p><span style=\"color: #0000ff\"><strong>Aper\u00e7us des formations :<\/strong><\/span><\/p>\n<p><!--more--><\/p>\n<h3 style=\"text-align: center\"><span style=\"color: #008000\"><strong>1) EGALITE PROFESSIONNELLE ENTRE LES FEMMES ET LES HOMMES<\/strong><\/span><\/h3>\n<p><span style=\"color: #0000ff\"><strong>JEUDI 23 ET VENDREDI 24 MAI 2019<\/strong><\/span><\/p>\n<p><span style=\"color: #0000ff\">LIEU: 12 rue cabanis 75014 paris &#8211; m\u00e9tro glaciere metro L6 ou rer B Denfert-Rochereau<\/span><\/p>\n<h4><span style=\"color: #0000ff\">Description<\/span><\/h4>\n<p><span style=\"color: #0000ff\"><em>CONTENU :<\/em><\/span><\/p>\n<p style=\"text-align: justify\"><span style=\"color: #0000ff\"><em>Ce stage a pour but de faire un \u00e9tat des lieux sur la question des in\u00e9galit\u00e9s professionnelles entre les femmes et les hommes, en particulier dans la Fonction publique, de s\u2019interroger sur les causes de la persistance de ces in\u00e9galit\u00e9s, de partager les exp\u00e9riences entre les diff\u00e9rents m\u00e9tiers, services et minist\u00e8res et de voir comment la FSU et ses diff\u00e9rents SN peuvent continuer et amplifier le combat men\u00e9 en faveur de l\u2019\u00e9galit\u00e9.<\/em><\/span><\/p>\n<p style=\"text-align: justify\"><span style=\"color: #0000ff\"><em>Le stage sera l\u2019occasion dans un premier temps de d\u00e9tailler le contenu global du protocole pour l\u2019\u00e9galit\u00e9 professionnelle entre les femmes et les hommes que la FSU a sign\u00e9 en novembre 2018 (dans la continuit\u00e9 de celui de mars 2013) et la mani\u00e8re dont il peut \u00eatre utilis\u00e9 (notamment dans les CAP, les CHSCT et les CT en particulier)<\/em><\/span><\/p>\n<p><span style=\"color: #0000ff\"><em>Puis nous ferons:<\/em><\/span><\/p>\n<p style=\"text-align: justify\"><span style=\"color: #0000ff\"><em>&#8211; point sur les in\u00e9galit\u00e9s de carri\u00e8res, de salaire, d\u2019acc\u00e8s aux postes d&rsquo;encadrement: constats des in\u00e9galit\u00e9s, pourquoi, comment lutter contre, comment briser le \u00ab\u00a0plafond de verre\u00a0\u00bb? Aspects juridiques. (sous r\u00e9serve:<strong>\u00a0<\/strong>intervention de militant-es et de chercheuses\u00a0<strong>\u00e0 confirmer)<\/strong><\/em><\/span><\/p>\n<p style=\"text-align: justify\"><span style=\"color: #0000ff\"><em>&#8211; les cons\u00e9quences des st\u00e9r\u00e9otypes de genre sur la structure des fili\u00e8res professionnelles\u00a0<\/em><\/span><\/p>\n<p style=\"text-align: justify\"><span style=\"color: #0000ff\"><em>&#8211; les interventions syndicales contre les violences faites aux femmes sur le lieu de travail: quels dispositifs de pr\u00e9vention \/ de signalement exiger?, etc.<\/em><\/span><\/p>\n<p style=\"text-align: justify\"><span style=\"color: #0000ff\"><em>&#8211; les cons\u00e9quences de la r\u00e9forme des retraites en mati\u00e8res d\u2019in\u00e9galit\u00e9s femmes \/ homme<\/em><\/span><\/p>\n<p style=\"text-align: justify\"><span style=\"color: #0000ff\"><em>Ce stage s\u2019adresse \u00e0 tout-es les militant-es, en particulier les \u00e9lu-es dans les CAP, CHSCT et CT.<\/em><\/span><\/p>\n<h3 style=\"text-align: center\"><span style=\"color: #008000\"><b>2) CHSCT <\/b><\/span><\/h3>\n<p><span style=\"color: #0000ff\"><b>JEUDI 16 ET <span id=\"OBJ_PREFIX_DWT167_com_zimbra_date\" class=\"Object\">VENDREDI 17 MAI 2019<\/span><\/b><b> <\/b><\/span><\/p>\n<p><span style=\"color: #0000ff\">LIEU: <\/span><span style=\"color: #0000ff\">12 rue cabanis 75014 paris &#8211; <\/span><span style=\"color: #0000ff\">m\u00e9tro glaciere metro L6 <\/span><span style=\"color: #0000ff\">ou rer B Denfert-Rochereau<\/span><\/p>\n<p style=\"text-align: justify\"><span style=\"color: #0000ff\">Ce stage est destin\u00e9 aux militant\u2022es FSU des CHSCT quelque soit leur niveau de connaissance et de pratique de l\u2019instance.<\/span><\/p>\n<p style=\"text-align: justify\"><span style=\"color: #0000ff\">Un travail en ateliers sur une demi-journ\u00e9e permettra de diff\u00e9rencier la formation en fonction des besoins des stagiaires.<\/span><\/p>\n<p style=\"text-align: justify\"><span style=\"color: #0000ff\">Les questions suivantes seront abord\u00e9es au cours des deux journ\u00e9es (l\u2019organisation pr\u00e9cise sur les deux journ\u00e9es n\u2019est pas stabilis\u00e9e \u00e0 ce jour)<\/span><\/p>\n<p><span style=\"color: #0000ff\">Point d\u2019actualit\u00e9 sur les projets de r\u00e9forme (fusion des instances et m\u00e9decine de pr\u00e9vention notamment)<\/span><\/p>\n<p><span style=\"color: #0000ff\">Fonctionnement des CHSCT : quels progr\u00e8s et quels blocages ? (retours d\u2019exp\u00e9riences, en ateliers)<\/span><\/p>\n<p><span style=\"color: #0000ff\">Cadre l\u00e9gal et r\u00e9glementaire en mati\u00e8re de SST et conditions de travail. (en ateliers),<\/span><\/p>\n<p><span style=\"color: #0000ff\">CHSCT et pratiques syndicales : les liens avec les autres instances et avec les sections syndicales (retours d\u2019exp\u00e9riences et \u00e9changes)<\/span><\/p>\n<p><span style=\"color: #0000ff\">Initiation \u00e0 la formation en conduite d\u2019entretiens (intervenants ext\u00e9rieurs)<\/span><\/p>\n<p><span style=\"color: #0000ff\">Conf\u00e9rence &#8211; d\u00e9bats : \u00ab repr\u00e9<span lang=\"IT\">sentant<\/span>\u2022e des personnels en CHSCT : expertise et militantisme sur la question du travail.\u00bb (Intervenants ext\u00e9rieurs).<\/span><\/p>\n<h3 style=\"text-align: center\"><strong><span style=\"color: #008000\">3) RETRAITE ET RETRAITES<\/span> <\/strong><\/h3>\n<p><span style=\"color: #0000ff\"><strong>MERCREDI 22 ET JEUDI 23 MAI 2019<\/strong><\/span><\/p>\n<h4><span style=\"color: #0000ff\">Description<\/span><\/h4>\n<p><span style=\"color: #0000ff\">LIEU : 12 rue cabanis 75014 paris &#8211; metro glaciere metro L6 ou rer B Denfert-Rochereau<\/span><\/p>\n","protected":false},"excerpt":{"rendered":"<p>Stage FSU de mai Vous trouverez ci-dessous plusieurs stages : \u00c9GALIT\u00c9 PROFESSIONNELLE ENTRE LES FEMMES ET LES HOMMES &#8211; 23 AU 24 \/05\/19 CHSCT &#8211; 16 AU 17 \/05\/19 RETRAITE ET RETRAIT\u00e9S 22 AU 23 \/05\/19 COLLOQUE DES PSYCHOLOGUES &#8211; 27 \/06\/19 AU 28 \/06\/19 Attention : le stage \u00abmiliter \u00e0 la fsu\u00bb initialement pr\u00e9vu [&hellip;]<\/p>\n","protected":false},"author":138,"featured_media":0,"comment_status":"closed","ping_status":"closed","sticky":false,"template":"","format":"standard","meta":{"ocean_post_layout":"","ocean_both_sidebars_style":"","ocean_both_sidebars_content_width":0,"ocean_both_sidebars_sidebars_width":0,"ocean_sidebar":"","ocean_second_sidebar":"","ocean_disable_margins":"enable","ocean_add_body_class":"","ocean_shortcode_before_top_bar":"","ocean_shortcode_after_top_bar":"","ocean_shortcode_before_header":"","ocean_shortcode_after_header":"","ocean_has_shortcode":"","ocean_shortcode_after_title":"","ocean_shortcode_before_footer_widgets":"","ocean_shortcode_after_footer_widgets":"","ocean_shortcode_before_footer_bottom":"","ocean_shortcode_after_footer_bottom":"","ocean_display_top_bar":"default","ocean_display_header":"default","ocean_header_style":"","ocean_center_header_left_menu":"","ocean_custom_header_template":"","ocean_custom_logo":0,"ocean_custom_retina_logo":0,"ocean_custom_logo_max_width":0,"ocean_custom_logo_tablet_max_width":0,"ocean_custom_logo_mobile_max_width":0,"ocean_custom_logo_max_height":0,"ocean_custom_logo_tablet_max_height":0,"ocean_custom_logo_mobile_max_height":0,"ocean_header_custom_menu":"","ocean_menu_typo_font_family":"","ocean_menu_typo_font_subset":"","ocean_menu_typo_font_size":0,"ocean_menu_typo_font_size_tablet":0,"ocean_menu_typo_font_size_mobile":0,"ocean_menu_typo_font_size_unit":"px","ocean_menu_typo_font_weight":"","ocean_menu_typo_font_weight_tablet":"","ocean_menu_typo_font_weight_mobile":"","ocean_menu_typo_transform":"","ocean_menu_typo_transform_tablet":"","ocean_menu_typo_transform_mobile":"","ocean_menu_typo_line_height":0,"ocean_menu_typo_line_height_tablet":0,"ocean_menu_typo_line_height_mobile":0,"ocean_menu_typo_line_height_unit":"","ocean_menu_typo_spacing":0,"ocean_menu_typo_spacing_tablet":0,"ocean_menu_typo_spacing_mobile":0,"ocean_menu_typo_spacing_unit":"","ocean_menu_link_color":"","ocean_menu_link_color_hover":"","ocean_menu_link_color_active":"","ocean_menu_link_background":"","ocean_menu_link_hover_background":"","ocean_menu_link_active_background":"","ocean_menu_social_links_bg":"","ocean_menu_social_hover_links_bg":"","ocean_menu_social_links_color":"","ocean_menu_social_hover_links_color":"","ocean_disable_title":"default","ocean_disable_heading":"default","ocean_post_title":"","ocean_post_subheading":"","ocean_post_title_style":"","ocean_post_title_background_color":"","ocean_post_title_background":0,"ocean_post_title_bg_image_position":"","ocean_post_title_bg_image_attachment":"","ocean_post_title_bg_image_repeat":"","ocean_post_title_bg_image_size":"","ocean_post_title_height":0,"ocean_post_title_bg_overlay":0.5,"ocean_post_title_bg_overlay_color":"","ocean_disable_breadcrumbs":"default","ocean_breadcrumbs_color":"","ocean_breadcrumbs_separator_color":"","ocean_breadcrumbs_links_color":"","ocean_breadcrumbs_links_hover_color":"","ocean_display_footer_widgets":"default","ocean_display_footer_bottom":"default","ocean_custom_footer_template":"","ocean_post_oembed":"","ocean_post_self_hosted_media":"","ocean_post_video_embed":"","ocean_link_format":"","ocean_link_format_target":"self","ocean_quote_format":"","ocean_quote_format_link":"post","ocean_gallery_link_images":"on","ocean_gallery_id":[],"footnotes":""},"categories":[28],"tags":[],"post_folder":[],"class_list":["post-1675","post","type-post","status-publish","format-standard","hentry","category-stages","entry"],"yoast_head":"<!-- This site is optimized with the Yoast SEO plugin v27.4 - https:\/\/yoast.com\/product\/yoast-seo-wordpress\/ -->\n<title>Stage FSU Mai - Formation des sites R\u00e9gionaux du SNETAP-FSU<\/title>\n<meta name=\"robots\" content=\"index, follow, max-snippet:-1, max-image-preview:large, max-video-preview:-1\" \/>\n<link rel=\"canonical\" href=\"https:\/\/regions-snetap-fsu.fr\/formation\/2019\/04\/29\/stage-fsu-mai\/\" \/>\n<meta property=\"og:locale\" content=\"fr_FR\" \/>\n<meta property=\"og:type\" content=\"article\" \/>\n<meta property=\"og:title\" content=\"Stage FSU Mai - Formation des sites R\u00e9gionaux du SNETAP-FSU\" \/>\n<meta property=\"og:description\" content=\"Stage FSU de mai Vous trouverez ci-dessous plusieurs stages : \u00c9GALIT\u00c9 PROFESSIONNELLE ENTRE LES FEMMES ET LES HOMMES &#8211; 23 AU 24 \/05\/19 CHSCT &#8211; 16 AU 17 \/05\/19 RETRAITE ET RETRAIT\u00e9S 22 AU 23 \/05\/19 COLLOQUE DES PSYCHOLOGUES &#8211; 27 \/06\/19 AU 28 \/06\/19 Attention : le stage \u00abmiliter \u00e0 la fsu\u00bb initialement pr\u00e9vu [&hellip;]\" \/>\n<meta property=\"og:url\" content=\"https:\/\/regions-snetap-fsu.fr\/formation\/2019\/04\/29\/stage-fsu-mai\/\" \/>\n<meta property=\"og:site_name\" content=\"Formation des sites R\u00e9gionaux du SNETAP-FSU\" \/>\n<meta property=\"article:published_time\" content=\"2019-04-29T21:36:19+00:00\" \/>\n<meta name=\"author\" content=\"yoctavien\" \/>\n<meta name=\"twitter:card\" content=\"summary_large_image\" \/>\n<meta name=\"twitter:label1\" content=\"\u00c9crit par\" \/>\n\t<meta name=\"twitter:data1\" content=\"yoctavien\" \/>\n\t<meta name=\"twitter:label2\" content=\"Dur\u00e9e de lecture estim\u00e9e\" \/>\n\t<meta name=\"twitter:data2\" content=\"3 minutes\" \/>\n<script type=\"application\/ld+json\" class=\"yoast-schema-graph\">{\"@context\":\"https:\\\/\\\/schema.org\",\"@graph\":[{\"@type\":\"Article\",\"@id\":\"https:\\\/\\\/regions-snetap-fsu.fr\\\/formation\\\/2019\\\/04\\\/29\\\/stage-fsu-mai\\\/#article\",\"isPartOf\":{\"@id\":\"https:\\\/\\\/regions-snetap-fsu.fr\\\/formation\\\/2019\\\/04\\\/29\\\/stage-fsu-mai\\\/\"},\"author\":{\"name\":\"yoctavien\",\"@id\":\"https:\\\/\\\/regions-snetap-fsu.fr\\\/formation\\\/#\\\/schema\\\/person\\\/f5dc7b6354e942ca9c5fa8e9ff7e5c93\"},\"headline\":\"Stage FSU Mai\",\"datePublished\":\"2019-04-29T21:36:19+00:00\",\"mainEntityOfPage\":{\"@id\":\"https:\\\/\\\/regions-snetap-fsu.fr\\\/formation\\\/2019\\\/04\\\/29\\\/stage-fsu-mai\\\/\"},\"wordCount\":592,\"publisher\":{\"@id\":\"https:\\\/\\\/regions-snetap-fsu.fr\\\/formation\\\/#organization\"},\"articleSection\":[\"Stages\"],\"inLanguage\":\"fr-FR\"},{\"@type\":\"WebPage\",\"@id\":\"https:\\\/\\\/regions-snetap-fsu.fr\\\/formation\\\/2019\\\/04\\\/29\\\/stage-fsu-mai\\\/\",\"url\":\"https:\\\/\\\/regions-snetap-fsu.fr\\\/formation\\\/2019\\\/04\\\/29\\\/stage-fsu-mai\\\/\",\"name\":\"Stage FSU Mai - Formation des sites R\u00e9gionaux du SNETAP-FSU\",\"isPartOf\":{\"@id\":\"https:\\\/\\\/regions-snetap-fsu.fr\\\/formation\\\/#website\"},\"datePublished\":\"2019-04-29T21:36:19+00:00\",\"breadcrumb\":{\"@id\":\"https:\\\/\\\/regions-snetap-fsu.fr\\\/formation\\\/2019\\\/04\\\/29\\\/stage-fsu-mai\\\/#breadcrumb\"},\"inLanguage\":\"fr-FR\",\"potentialAction\":[{\"@type\":\"ReadAction\",\"target\":[\"https:\\\/\\\/regions-snetap-fsu.fr\\\/formation\\\/2019\\\/04\\\/29\\\/stage-fsu-mai\\\/\"]}]},{\"@type\":\"BreadcrumbList\",\"@id\":\"https:\\\/\\\/regions-snetap-fsu.fr\\\/formation\\\/2019\\\/04\\\/29\\\/stage-fsu-mai\\\/#breadcrumb\",\"itemListElement\":[{\"@type\":\"ListItem\",\"position\":1,\"name\":\"Accueil\",\"item\":\"https:\\\/\\\/regions-snetap-fsu.fr\\\/formation\\\/\"},{\"@type\":\"ListItem\",\"position\":2,\"name\":\"Stage FSU Mai\"}]},{\"@type\":\"WebSite\",\"@id\":\"https:\\\/\\\/regions-snetap-fsu.fr\\\/formation\\\/#website\",\"url\":\"https:\\\/\\\/regions-snetap-fsu.fr\\\/formation\\\/\",\"name\":\"Formation des sites R\u00e9gionaux du SNETAP-FSU\",\"description\":\"\",\"publisher\":{\"@id\":\"https:\\\/\\\/regions-snetap-fsu.fr\\\/formation\\\/#organization\"},\"potentialAction\":[{\"@type\":\"SearchAction\",\"target\":{\"@type\":\"EntryPoint\",\"urlTemplate\":\"https:\\\/\\\/regions-snetap-fsu.fr\\\/formation\\\/?s={search_term_string}\"},\"query-input\":{\"@type\":\"PropertyValueSpecification\",\"valueRequired\":true,\"valueName\":\"search_term_string\"}}],\"inLanguage\":\"fr-FR\"},{\"@type\":\"Organization\",\"@id\":\"https:\\\/\\\/regions-snetap-fsu.fr\\\/formation\\\/#organization\",\"name\":\"Formation des sites R\u00e9gionaux du SNETAP-FSU\",\"url\":\"https:\\\/\\\/regions-snetap-fsu.fr\\\/formation\\\/\",\"logo\":{\"@type\":\"ImageObject\",\"inLanguage\":\"fr-FR\",\"@id\":\"https:\\\/\\\/regions-snetap-fsu.fr\\\/formation\\\/#\\\/schema\\\/logo\\\/image\\\/\",\"url\":\"https:\\\/\\\/regions-snetap-fsu.fr\\\/formation\\\/wp-content\\\/uploads\\\/sites\\\/20\\\/2025\\\/04\\\/cropped-Logo_blanc_fond_transparent_1000x755.png\",\"contentUrl\":\"https:\\\/\\\/regions-snetap-fsu.fr\\\/formation\\\/wp-content\\\/uploads\\\/sites\\\/20\\\/2025\\\/04\\\/cropped-Logo_blanc_fond_transparent_1000x755.png\",\"width\":998,\"height\":689,\"caption\":\"Formation des sites R\u00e9gionaux du SNETAP-FSU\"},\"image\":{\"@id\":\"https:\\\/\\\/regions-snetap-fsu.fr\\\/formation\\\/#\\\/schema\\\/logo\\\/image\\\/\"}},{\"@type\":\"Person\",\"@id\":\"https:\\\/\\\/regions-snetap-fsu.fr\\\/formation\\\/#\\\/schema\\\/person\\\/f5dc7b6354e942ca9c5fa8e9ff7e5c93\",\"name\":\"yoctavien\",\"image\":{\"@type\":\"ImageObject\",\"inLanguage\":\"fr-FR\",\"@id\":\"https:\\\/\\\/secure.gravatar.com\\\/avatar\\\/382642c092b6b9da14641d3c478df2f3da4a2d17eea25691c232d4dbf735c292?s=96&d=mm&r=g\",\"url\":\"https:\\\/\\\/secure.gravatar.com\\\/avatar\\\/382642c092b6b9da14641d3c478df2f3da4a2d17eea25691c232d4dbf735c292?s=96&d=mm&r=g\",\"contentUrl\":\"https:\\\/\\\/secure.gravatar.com\\\/avatar\\\/382642c092b6b9da14641d3c478df2f3da4a2d17eea25691c232d4dbf735c292?s=96&d=mm&r=g\",\"caption\":\"yoctavien\"},\"url\":\"https:\\\/\\\/regions-snetap-fsu.fr\\\/formation\\\/author\\\/yoctavien\\\/\"}]}<\/script>\n<!-- \/ Yoast SEO plugin. -->","yoast_head_json":{"title":"Stage FSU Mai - Formation des sites R\u00e9gionaux du SNETAP-FSU","robots":{"index":"index","follow":"follow","max-snippet":"max-snippet:-1","max-image-preview":"max-image-preview:large","max-video-preview":"max-video-preview:-1"},"canonical":"https:\/\/regions-snetap-fsu.fr\/formation\/2019\/04\/29\/stage-fsu-mai\/","og_locale":"fr_FR","og_type":"article","og_title":"Stage FSU Mai - Formation des sites R\u00e9gionaux du SNETAP-FSU","og_description":"Stage FSU de mai Vous trouverez ci-dessous plusieurs stages : \u00c9GALIT\u00c9 PROFESSIONNELLE ENTRE LES FEMMES ET LES HOMMES &#8211; 23 AU 24 \/05\/19 CHSCT &#8211; 16 AU 17 \/05\/19 RETRAITE ET RETRAIT\u00e9S 22 AU 23 \/05\/19 COLLOQUE DES PSYCHOLOGUES &#8211; 27 \/06\/19 AU 28 \/06\/19 Attention : le stage \u00abmiliter \u00e0 la fsu\u00bb initialement pr\u00e9vu [&hellip;]","og_url":"https:\/\/regions-snetap-fsu.fr\/formation\/2019\/04\/29\/stage-fsu-mai\/","og_site_name":"Formation des sites R\u00e9gionaux du SNETAP-FSU","article_published_time":"2019-04-29T21:36:19+00:00","author":"yoctavien","twitter_card":"summary_large_image","twitter_misc":{"\u00c9crit par":"yoctavien","Dur\u00e9e de lecture estim\u00e9e":"3 minutes"},"schema":{"@context":"https:\/\/schema.org","@graph":[{"@type":"Article","@id":"https:\/\/regions-snetap-fsu.fr\/formation\/2019\/04\/29\/stage-fsu-mai\/#article","isPartOf":{"@id":"https:\/\/regions-snetap-fsu.fr\/formation\/2019\/04\/29\/stage-fsu-mai\/"},"author":{"name":"yoctavien","@id":"https:\/\/regions-snetap-fsu.fr\/formation\/#\/schema\/person\/f5dc7b6354e942ca9c5fa8e9ff7e5c93"},"headline":"Stage FSU Mai","datePublished":"2019-04-29T21:36:19+00:00","mainEntityOfPage":{"@id":"https:\/\/regions-snetap-fsu.fr\/formation\/2019\/04\/29\/stage-fsu-mai\/"},"wordCount":592,"publisher":{"@id":"https:\/\/regions-snetap-fsu.fr\/formation\/#organization"},"articleSection":["Stages"],"inLanguage":"fr-FR"},{"@type":"WebPage","@id":"https:\/\/regions-snetap-fsu.fr\/formation\/2019\/04\/29\/stage-fsu-mai\/","url":"https:\/\/regions-snetap-fsu.fr\/formation\/2019\/04\/29\/stage-fsu-mai\/","name":"Stage FSU Mai - Formation des sites R\u00e9gionaux du SNETAP-FSU","isPartOf":{"@id":"https:\/\/regions-snetap-fsu.fr\/formation\/#website"},"datePublished":"2019-04-29T21:36:19+00:00","breadcrumb":{"@id":"https:\/\/regions-snetap-fsu.fr\/formation\/2019\/04\/29\/stage-fsu-mai\/#breadcrumb"},"inLanguage":"fr-FR","potentialAction":[{"@type":"ReadAction","target":["https:\/\/regions-snetap-fsu.fr\/formation\/2019\/04\/29\/stage-fsu-mai\/"]}]},{"@type":"BreadcrumbList","@id":"https:\/\/regions-snetap-fsu.fr\/formation\/2019\/04\/29\/stage-fsu-mai\/#breadcrumb","itemListElement":[{"@type":"ListItem","position":1,"name":"Accueil","item":"https:\/\/regions-snetap-fsu.fr\/formation\/"},{"@type":"ListItem","position":2,"name":"Stage FSU Mai"}]},{"@type":"WebSite","@id":"https:\/\/regions-snetap-fsu.fr\/formation\/#website","url":"https:\/\/regions-snetap-fsu.fr\/formation\/","name":"Formation des sites R\u00e9gionaux du SNETAP-FSU","description":"","publisher":{"@id":"https:\/\/regions-snetap-fsu.fr\/formation\/#organization"},"potentialAction":[{"@type":"SearchAction","target":{"@type":"EntryPoint","urlTemplate":"https:\/\/regions-snetap-fsu.fr\/formation\/?s={search_term_string}"},"query-input":{"@type":"PropertyValueSpecification","valueRequired":true,"valueName":"search_term_string"}}],"inLanguage":"fr-FR"},{"@type":"Organization","@id":"https:\/\/regions-snetap-fsu.fr\/formation\/#organization","name":"Formation des sites R\u00e9gionaux du SNETAP-FSU","url":"https:\/\/regions-snetap-fsu.fr\/formation\/","logo":{"@type":"ImageObject","inLanguage":"fr-FR","@id":"https:\/\/regions-snetap-fsu.fr\/formation\/#\/schema\/logo\/image\/","url":"https:\/\/regions-snetap-fsu.fr\/formation\/wp-content\/uploads\/sites\/20\/2025\/04\/cropped-Logo_blanc_fond_transparent_1000x755.png","contentUrl":"https:\/\/regions-snetap-fsu.fr\/formation\/wp-content\/uploads\/sites\/20\/2025\/04\/cropped-Logo_blanc_fond_transparent_1000x755.png","width":998,"height":689,"caption":"Formation des sites R\u00e9gionaux du SNETAP-FSU"},"image":{"@id":"https:\/\/regions-snetap-fsu.fr\/formation\/#\/schema\/logo\/image\/"}},{"@type":"Person","@id":"https:\/\/regions-snetap-fsu.fr\/formation\/#\/schema\/person\/f5dc7b6354e942ca9c5fa8e9ff7e5c93","name":"yoctavien","image":{"@type":"ImageObject","inLanguage":"fr-FR","@id":"https:\/\/secure.gravatar.com\/avatar\/382642c092b6b9da14641d3c478df2f3da4a2d17eea25691c232d4dbf735c292?s=96&d=mm&r=g","url":"https:\/\/secure.gravatar.com\/avatar\/382642c092b6b9da14641d3c478df2f3da4a2d17eea25691c232d4dbf735c292?s=96&d=mm&r=g","contentUrl":"https:\/\/secure.gravatar.com\/avatar\/382642c092b6b9da14641d3c478df2f3da4a2d17eea25691c232d4dbf735c292?s=96&d=mm&r=g","caption":"yoctavien"},"url":"https:\/\/regions-snetap-fsu.fr\/formation\/author\/yoctavien\/"}]}},"_links":{"self":[{"href":"https:\/\/regions-snetap-fsu.fr\/formation\/wp-json\/wp\/v2\/posts\/1675","targetHints":{"allow":["GET"]}}],"collection":[{"href":"https:\/\/regions-snetap-fsu.fr\/formation\/wp-json\/wp\/v2\/posts"}],"about":[{"href":"https:\/\/regions-snetap-fsu.fr\/formation\/wp-json\/wp\/v2\/types\/post"}],"author":[{"embeddable":true,"href":"https:\/\/regions-snetap-fsu.fr\/formation\/wp-json\/wp\/v2\/users\/138"}],"replies":[{"embeddable":true,"href":"https:\/\/regions-snetap-fsu.fr\/formation\/wp-json\/wp\/v2\/comments?post=1675"}],"version-history":[{"count":0,"href":"https:\/\/regions-snetap-fsu.fr\/formation\/wp-json\/wp\/v2\/posts\/1675\/revisions"}],"wp:attachment":[{"href":"https:\/\/regions-snetap-fsu.fr\/formation\/wp-json\/wp\/v2\/media?parent=1675"}],"wp:term":[{"taxonomy":"category","embeddable":true,"href":"https:\/\/regions-snetap-fsu.fr\/formation\/wp-json\/wp\/v2\/categories?post=1675"},{"taxonomy":"post_tag","embeddable":true,"href":"https:\/\/regions-snetap-fsu.fr\/formation\/wp-json\/wp\/v2\/tags?post=1675"},{"taxonomy":"post_folder","embeddable":true,"href":"https:\/\/regions-snetap-fsu.fr\/formation\/wp-json\/wp\/v2\/post_folder?post=1675"}],"curies":[{"name":"wp","href":"https:\/\/api.w.org\/{rel}","templated":true}]}}