{"id":1643,"date":"2019-02-03T10:50:10","date_gmt":"2019-02-03T09:50:10","guid":{"rendered":"https:\/\/regions-snetap-fsu.fr\/hdf\/?p=1643"},"modified":"2019-02-03T10:50:10","modified_gmt":"2019-02-03T09:50:10","slug":"hauts-de-france-pas-de-fusion-des-academies","status":"publish","type":"post","link":"https:\/\/regions-snetap-fsu.fr\/formation\/2019\/02\/03\/hauts-de-france-pas-de-fusion-des-academies\/","title":{"rendered":"Hauts-de-France : Pas de fusion des acad\u00e9mies !"},"content":{"rendered":"<h2 style=\"text-align: center\"><span style=\"color: #ff0000\">La fusion des acad\u00e9mies Nord &#8211; Pas-de-Calais et Picardie n&rsquo;aura pas lieu.<\/span><\/h2>\n<h2 style=\"text-align: center\"><span style=\"color: #008000\">Une premi\u00e8re victoire !<\/span><\/h2>\n<p style=\"text-align: justify\"><span style=\"color: #0000ff\">Le ministre de l\u2019\u00c9ducation Nationale (EN), Jean Michel Blanquer, a annonc\u00e9 devant la Commission des Affaires culturelles et de l\u2019\u00c9ducation de l\u2019Assembl\u00e9e nationale qu\u2019il y aurait un maintien de tous les rectorats et de tous les recteurs.<\/span><\/p>\n<h3 style=\"text-align: center\"><span style=\"color: #008000\">C&rsquo;est une premi\u00e8re victoire de la FSU pour l&rsquo;EN !<\/span><\/h3>\n<p style=\"text-align: justify\"><span style=\"color: #0000ff\">Pour le SNETAP-FSU, au sein de l&rsquo;enseignement agricole, nous sommes d\u00e9j\u00e0 r\u00e9gionalis\u00e9s. Mais au prix de nombreux efforts, nous avons r\u00e9ussi \u00e0 nous r\u00e9organiser. De m\u00eame pour un autre syndicat de la FSU, le SNU P\u00f4le Emploi &#8211; FSU.<\/span><\/p>\n<p><!--more--><\/p>\n<p><span style=\"color: #0000ff\">Le lien vers l&rsquo;article du Snasub national :<\/span> <span style=\"text-decoration: underline;color: #000000\"><a style=\"color: #000000;text-decoration: underline\" href=\"http:\/\/www.snasub.fr\/spip.php?article2397\" target=\"_blank\" rel=\"noopener\">Lien : Communiqu\u00e9 du SNASUB-FSU Pas de fusion des acad\u00e9mies<\/a><\/span><\/p>\n<p><span style=\"color: #0000ff\">Texte de la FSU Hauts-de-France :<\/span><\/p>\n<p style=\"text-align: center\"><span style=\"color: #0000ff\"><u><b>La fusion des acad\u00e9mies n\u2019aura pas lieu\u00a0:\u00a0une premi\u00e8re victoire\u00a0!<\/b><\/u><\/span><\/p>\n<p align=\"justify\"><span style=\"color: #0000ff\">D\u00e8s 2015, lors de la cr\u00e9ation des treize nouvelles r\u00e9gions m\u00e9tropolitaines, le gouvernement avait \u00e9tudi\u00e9 l\u2019alignement des acad\u00e9mies sur la carte des r\u00e9gions. En attendant une \u00e9ventuelle fusion des acad\u00e9mies, un recteur de la r\u00e9gion acad\u00e9mique organisait la r\u00e9ponse de l\u2019\u00c9ducation Nationale face aux r\u00e9gions en charge des lyc\u00e9es et de la carte des formations professionnelles.<\/span><\/p>\n<p align=\"justify\"><span style=\"color: #0000ff\">En <span id=\"OBJ_PREFIX_DWT93_com_zimbra_date\" class=\"Object\">juillet 2018<\/span>, le ministre de l\u2019\u00c9ducation Nationale annon\u00e7ait la fusion de toutes les acad\u00e9mies m\u00e9tropolitaines \u00e0 partir du 1<sup>er<\/sup> <span id=\"OBJ_PREFIX_DWT94_com_zimbra_date\" class=\"Object\">janvier 2020<\/span>. Les acad\u00e9mies d\u2019Amiens et de Lille devaient fusionner d\u00e8s cette date.<\/span><\/p>\n<p align=\"justify\"><span style=\"color: #0000ff\">Pour la FSU, les sp\u00e9cificit\u00e9s de ce minist\u00e8re n\u00e9cessitaient de conserver des p\u00e9rim\u00e8tres acad\u00e9miques qui tiennent compte de ses particularit\u00e9s, du maillage territorial des \u00e9tablissements et des \u00e9coles, des enjeux propres li\u00e9s \u00e0 cette proximit\u00e9 du service public et des probl\u00e9matiques d\u2019organisation du syst\u00e8me \u00e9ducatif et de gestion de carri\u00e8res de ses personnels. Tous ces \u00e9l\u00e9ments que la fusion des acad\u00e9mies et le gigantisme remettaient en cause si l\u2019on aborde le sujet avec le souci de la qualit\u00e9 et de l\u2019efficacit\u00e9 du service public d\u2019\u00e9ducation pour la r\u00e9ussite de tous les jeunes et le souci des conditions de travail tant pour les personnels dans les services d\u00e9partementaux ou acad\u00e9miques que pour les personnels des \u00e9tablissements scolaires.<\/span><\/p>\n<p align=\"justify\"><span style=\"color: #0000ff\">D\u00e9cid\u00e9 du plus haut niveau de l\u2019\u00c9tat, ce bing-bang de \u00ab\u00a0r\u00e9organisation\u00a0\u00bb allait d\u2019abord d\u00e9sorganiser le fonctionnement de l\u2019\u00c9ducation nationale \u00e0 tous les niveaux, puis fragiliser les structures actuelles et \u00e9loigner les personnels administratifs de leurs missions premi\u00e8res. Comme lors de la cr\u00e9ation des nouvelles r\u00e9gions, des personnels auraient subi des mobilit\u00e9s g\u00e9ographiques ou fonctionnelles (changement de postes de travail et de fonction)\u00a0: la FSU a pu constater que plus de trois ans apr\u00e8s la cr\u00e9ation des nouvelles r\u00e9gions, de nombreux services r\u00e9gionaux sont encore mal organis\u00e9s autant au niveau de l\u2019\u00c9tat que du Conseil R\u00e9gional. La taille des structures emp\u00eache le travail au quotidien et \u00e9loigne les repr\u00e9sentants de l\u2019\u00c9tat des citoyens.<\/span><\/p>\n<p align=\"justify\"><span style=\"color: #0000ff\">A l\u2019interne, la FSU et les syndicats nationaux travaillaient aussi \u00e0 cette future \u00e9volution pour porter dans les instances la parole des personnels, une difficult\u00e9 de plus \u00e0 g\u00e9rer dans ces p\u00e9riodes de contre-r\u00e9formes. Ce bing-bang aurait fragilis\u00e9 les organisations syndicales et mobilisait beaucoup de temps militant qui nous manque d\u00e9j\u00e0. Certains syndicats de la FSU (le SNETAP-FSU pour l\u2019enseignement agricole ou le SNU P\u00f4le Emploi- FSU ) sont d\u00e9j\u00e0 r\u00e9gionalis\u00e9s et au prix de nombreux efforts, ils ont r\u00e9ussi \u00e0 se r\u00e9organiser.<\/span><\/p>\n<p align=\"justify\"><span style=\"color: #0000ff\">Ceci dit, la mobilisation port\u00e9e et relay\u00e9e par le SNASUB-FSU qui montait dans les services administratifs de l\u2019\u00c9ducation Nationale, a fait reculer le gouvernement. Le ministre a annonc\u00e9 ce <span id=\"OBJ_PREFIX_DWT95_com_zimbra_date\" class=\"Object\">31 janvier 2019<\/span>\u00a0: \u00ab\u00a0J\u2019ai pris la d\u00e9cision de ne pas fusionner les rectorats et de maintenir tous les rectorats et tous les recteurs\u00a0\u00bb. Cette victoire syndicale est importante pour les personnels administratifs en premier lieu mais pas seulement. Au moment o\u00f9 dans les \u00e9tablissements scolaires de l\u2019acad\u00e9mie de Lille et d\u2019Amiens, les suppressions de postes sont l\u00e9gion, le p\u00e9rim\u00e8tre acad\u00e9mique est la garantie d\u2019\u00e9viter une affectation plus lointaine dans une acad\u00e9mie qui auraient \u00e9t\u00e9 d\u00e9mesur\u00e9e.<\/span><\/p>\n<p align=\"justify\"><span style=\"color: #0000ff\">Cette premi\u00e8re victoire et ce premier coup de canif dans le grand projet de casse du Service public (AP 2022) est un signe d\u2019encouragement \u00e0 poursuivre nos mobilisations contre les r\u00e9formes du gouvernement. Elles sont mises en \u0153uvre contre l\u2019int\u00e9r\u00eat du Service Public et contre l\u2019avis des personnels. A la FSU et \u00e0 ses syndicats avec les personnels de mobiliser et de porter haut et fort nos revendications pour un Service Public du XXI\u00e8me si\u00e8cle de qualit\u00e9.<\/span><\/p>\n<p>&nbsp;<\/p>\n","protected":false},"excerpt":{"rendered":"<p>La fusion des acad\u00e9mies Nord &#8211; Pas-de-Calais et Picardie n&rsquo;aura pas lieu. Une premi\u00e8re victoire ! Le ministre de l\u2019\u00c9ducation Nationale (EN), Jean Michel Blanquer, a annonc\u00e9 devant la Commission des Affaires culturelles et de l\u2019\u00c9ducation de l\u2019Assembl\u00e9e nationale qu\u2019il y aurait un maintien de tous les rectorats et de tous les recteurs. C&rsquo;est une [&hellip;]<\/p>\n","protected":false},"author":138,"featured_media":0,"comment_status":"closed","ping_status":"closed","sticky":false,"template":"","format":"standard","meta":{"ocean_post_layout":"","ocean_both_sidebars_style":"","ocean_both_sidebars_content_width":0,"ocean_both_sidebars_sidebars_width":0,"ocean_sidebar":"","ocean_second_sidebar":"","ocean_disable_margins":"enable","ocean_add_body_class":"","ocean_shortcode_before_top_bar":"","ocean_shortcode_after_top_bar":"","ocean_shortcode_before_header":"","ocean_shortcode_after_header":"","ocean_has_shortcode":"","ocean_shortcode_after_title":"","ocean_shortcode_before_footer_widgets":"","ocean_shortcode_after_footer_widgets":"","ocean_shortcode_before_footer_bottom":"","ocean_shortcode_after_footer_bottom":"","ocean_display_top_bar":"default","ocean_display_header":"default","ocean_header_style":"","ocean_center_header_left_menu":"","ocean_custom_header_template":"","ocean_custom_logo":0,"ocean_custom_retina_logo":0,"ocean_custom_logo_max_width":0,"ocean_custom_logo_tablet_max_width":0,"ocean_custom_logo_mobile_max_width":0,"ocean_custom_logo_max_height":0,"ocean_custom_logo_tablet_max_height":0,"ocean_custom_logo_mobile_max_height":0,"ocean_header_custom_menu":"","ocean_menu_typo_font_family":"","ocean_menu_typo_font_subset":"","ocean_menu_typo_font_size":0,"ocean_menu_typo_font_size_tablet":0,"ocean_menu_typo_font_size_mobile":0,"ocean_menu_typo_font_size_unit":"px","ocean_menu_typo_font_weight":"","ocean_menu_typo_font_weight_tablet":"","ocean_menu_typo_font_weight_mobile":"","ocean_menu_typo_transform":"","ocean_menu_typo_transform_tablet":"","ocean_menu_typo_transform_mobile":"","ocean_menu_typo_line_height":0,"ocean_menu_typo_line_height_tablet":0,"ocean_menu_typo_line_height_mobile":0,"ocean_menu_typo_line_height_unit":"","ocean_menu_typo_spacing":0,"ocean_menu_typo_spacing_tablet":0,"ocean_menu_typo_spacing_mobile":0,"ocean_menu_typo_spacing_unit":"","ocean_menu_link_color":"","ocean_menu_link_color_hover":"","ocean_menu_link_color_active":"","ocean_menu_link_background":"","ocean_menu_link_hover_background":"","ocean_menu_link_active_background":"","ocean_menu_social_links_bg":"","ocean_menu_social_hover_links_bg":"","ocean_menu_social_links_color":"","ocean_menu_social_hover_links_color":"","ocean_disable_title":"default","ocean_disable_heading":"default","ocean_post_title":"","ocean_post_subheading":"","ocean_post_title_style":"","ocean_post_title_background_color":"","ocean_post_title_background":0,"ocean_post_title_bg_image_position":"","ocean_post_title_bg_image_attachment":"","ocean_post_title_bg_image_repeat":"","ocean_post_title_bg_image_size":"","ocean_post_title_height":0,"ocean_post_title_bg_overlay":0.5,"ocean_post_title_bg_overlay_color":"","ocean_disable_breadcrumbs":"default","ocean_breadcrumbs_color":"","ocean_breadcrumbs_separator_color":"","ocean_breadcrumbs_links_color":"","ocean_breadcrumbs_links_hover_color":"","ocean_display_footer_widgets":"default","ocean_display_footer_bottom":"default","ocean_custom_footer_template":"","ocean_post_oembed":"","ocean_post_self_hosted_media":"","ocean_post_video_embed":"","ocean_link_format":"","ocean_link_format_target":"self","ocean_quote_format":"","ocean_quote_format_link":"post","ocean_gallery_link_images":"on","ocean_gallery_id":[],"footnotes":""},"categories":[27],"tags":[],"post_folder":[],"class_list":["post-1643","post","type-post","status-publish","format-standard","hentry","category-pour-information","entry"],"yoast_head":"<!-- This site is optimized with the Yoast SEO plugin v27.4 - https:\/\/yoast.com\/product\/yoast-seo-wordpress\/ -->\n<title>Hauts-de-France : Pas de fusion des acad\u00e9mies ! - Formation des sites R\u00e9gionaux du SNETAP-FSU<\/title>\n<meta name=\"robots\" content=\"index, follow, max-snippet:-1, max-image-preview:large, max-video-preview:-1\" \/>\n<link rel=\"canonical\" href=\"https:\/\/regions-snetap-fsu.fr\/formation\/2019\/02\/03\/hauts-de-france-pas-de-fusion-des-academies\/\" \/>\n<meta property=\"og:locale\" content=\"fr_FR\" \/>\n<meta property=\"og:type\" content=\"article\" \/>\n<meta property=\"og:title\" content=\"Hauts-de-France : Pas de fusion des acad\u00e9mies ! - Formation des sites R\u00e9gionaux du SNETAP-FSU\" \/>\n<meta property=\"og:description\" content=\"La fusion des acad\u00e9mies Nord &#8211; Pas-de-Calais et Picardie n&rsquo;aura pas lieu. Une premi\u00e8re victoire ! Le ministre de l\u2019\u00c9ducation Nationale (EN), Jean Michel Blanquer, a annonc\u00e9 devant la Commission des Affaires culturelles et de l\u2019\u00c9ducation de l\u2019Assembl\u00e9e nationale qu\u2019il y aurait un maintien de tous les rectorats et de tous les recteurs. C&rsquo;est une [&hellip;]\" \/>\n<meta property=\"og:url\" content=\"https:\/\/regions-snetap-fsu.fr\/formation\/2019\/02\/03\/hauts-de-france-pas-de-fusion-des-academies\/\" \/>\n<meta property=\"og:site_name\" content=\"Formation des sites R\u00e9gionaux du SNETAP-FSU\" \/>\n<meta property=\"article:published_time\" content=\"2019-02-03T09:50:10+00:00\" \/>\n<meta name=\"author\" content=\"yoctavien\" \/>\n<meta name=\"twitter:card\" content=\"summary_large_image\" \/>\n<meta name=\"twitter:label1\" content=\"\u00c9crit par\" \/>\n\t<meta name=\"twitter:data1\" content=\"yoctavien\" \/>\n\t<meta name=\"twitter:label2\" content=\"Dur\u00e9e de lecture estim\u00e9e\" \/>\n\t<meta name=\"twitter:data2\" content=\"4 minutes\" \/>\n<script type=\"application\/ld+json\" class=\"yoast-schema-graph\">{\"@context\":\"https:\\\/\\\/schema.org\",\"@graph\":[{\"@type\":\"Article\",\"@id\":\"https:\\\/\\\/regions-snetap-fsu.fr\\\/formation\\\/2019\\\/02\\\/03\\\/hauts-de-france-pas-de-fusion-des-academies\\\/#article\",\"isPartOf\":{\"@id\":\"https:\\\/\\\/regions-snetap-fsu.fr\\\/formation\\\/2019\\\/02\\\/03\\\/hauts-de-france-pas-de-fusion-des-academies\\\/\"},\"author\":{\"name\":\"yoctavien\",\"@id\":\"https:\\\/\\\/regions-snetap-fsu.fr\\\/formation\\\/#\\\/schema\\\/person\\\/f5dc7b6354e942ca9c5fa8e9ff7e5c93\"},\"headline\":\"Hauts-de-France : Pas de fusion des acad\u00e9mies !\",\"datePublished\":\"2019-02-03T09:50:10+00:00\",\"mainEntityOfPage\":{\"@id\":\"https:\\\/\\\/regions-snetap-fsu.fr\\\/formation\\\/2019\\\/02\\\/03\\\/hauts-de-france-pas-de-fusion-des-academies\\\/\"},\"wordCount\":828,\"publisher\":{\"@id\":\"https:\\\/\\\/regions-snetap-fsu.fr\\\/formation\\\/#organization\"},\"articleSection\":[\"Pour information\"],\"inLanguage\":\"fr-FR\"},{\"@type\":\"WebPage\",\"@id\":\"https:\\\/\\\/regions-snetap-fsu.fr\\\/formation\\\/2019\\\/02\\\/03\\\/hauts-de-france-pas-de-fusion-des-academies\\\/\",\"url\":\"https:\\\/\\\/regions-snetap-fsu.fr\\\/formation\\\/2019\\\/02\\\/03\\\/hauts-de-france-pas-de-fusion-des-academies\\\/\",\"name\":\"Hauts-de-France : Pas de fusion des acad\u00e9mies ! - Formation des sites R\u00e9gionaux du SNETAP-FSU\",\"isPartOf\":{\"@id\":\"https:\\\/\\\/regions-snetap-fsu.fr\\\/formation\\\/#website\"},\"datePublished\":\"2019-02-03T09:50:10+00:00\",\"breadcrumb\":{\"@id\":\"https:\\\/\\\/regions-snetap-fsu.fr\\\/formation\\\/2019\\\/02\\\/03\\\/hauts-de-france-pas-de-fusion-des-academies\\\/#breadcrumb\"},\"inLanguage\":\"fr-FR\",\"potentialAction\":[{\"@type\":\"ReadAction\",\"target\":[\"https:\\\/\\\/regions-snetap-fsu.fr\\\/formation\\\/2019\\\/02\\\/03\\\/hauts-de-france-pas-de-fusion-des-academies\\\/\"]}]},{\"@type\":\"BreadcrumbList\",\"@id\":\"https:\\\/\\\/regions-snetap-fsu.fr\\\/formation\\\/2019\\\/02\\\/03\\\/hauts-de-france-pas-de-fusion-des-academies\\\/#breadcrumb\",\"itemListElement\":[{\"@type\":\"ListItem\",\"position\":1,\"name\":\"Accueil\",\"item\":\"https:\\\/\\\/regions-snetap-fsu.fr\\\/formation\\\/\"},{\"@type\":\"ListItem\",\"position\":2,\"name\":\"Hauts-de-France : Pas de fusion des acad\u00e9mies !\"}]},{\"@type\":\"WebSite\",\"@id\":\"https:\\\/\\\/regions-snetap-fsu.fr\\\/formation\\\/#website\",\"url\":\"https:\\\/\\\/regions-snetap-fsu.fr\\\/formation\\\/\",\"name\":\"Formation des sites R\u00e9gionaux du SNETAP-FSU\",\"description\":\"\",\"publisher\":{\"@id\":\"https:\\\/\\\/regions-snetap-fsu.fr\\\/formation\\\/#organization\"},\"potentialAction\":[{\"@type\":\"SearchAction\",\"target\":{\"@type\":\"EntryPoint\",\"urlTemplate\":\"https:\\\/\\\/regions-snetap-fsu.fr\\\/formation\\\/?s={search_term_string}\"},\"query-input\":{\"@type\":\"PropertyValueSpecification\",\"valueRequired\":true,\"valueName\":\"search_term_string\"}}],\"inLanguage\":\"fr-FR\"},{\"@type\":\"Organization\",\"@id\":\"https:\\\/\\\/regions-snetap-fsu.fr\\\/formation\\\/#organization\",\"name\":\"Formation des sites R\u00e9gionaux du SNETAP-FSU\",\"url\":\"https:\\\/\\\/regions-snetap-fsu.fr\\\/formation\\\/\",\"logo\":{\"@type\":\"ImageObject\",\"inLanguage\":\"fr-FR\",\"@id\":\"https:\\\/\\\/regions-snetap-fsu.fr\\\/formation\\\/#\\\/schema\\\/logo\\\/image\\\/\",\"url\":\"https:\\\/\\\/regions-snetap-fsu.fr\\\/formation\\\/wp-content\\\/uploads\\\/sites\\\/20\\\/2025\\\/04\\\/cropped-Logo_blanc_fond_transparent_1000x755.png\",\"contentUrl\":\"https:\\\/\\\/regions-snetap-fsu.fr\\\/formation\\\/wp-content\\\/uploads\\\/sites\\\/20\\\/2025\\\/04\\\/cropped-Logo_blanc_fond_transparent_1000x755.png\",\"width\":998,\"height\":689,\"caption\":\"Formation des sites R\u00e9gionaux du SNETAP-FSU\"},\"image\":{\"@id\":\"https:\\\/\\\/regions-snetap-fsu.fr\\\/formation\\\/#\\\/schema\\\/logo\\\/image\\\/\"}},{\"@type\":\"Person\",\"@id\":\"https:\\\/\\\/regions-snetap-fsu.fr\\\/formation\\\/#\\\/schema\\\/person\\\/f5dc7b6354e942ca9c5fa8e9ff7e5c93\",\"name\":\"yoctavien\",\"image\":{\"@type\":\"ImageObject\",\"inLanguage\":\"fr-FR\",\"@id\":\"https:\\\/\\\/secure.gravatar.com\\\/avatar\\\/382642c092b6b9da14641d3c478df2f3da4a2d17eea25691c232d4dbf735c292?s=96&d=mm&r=g\",\"url\":\"https:\\\/\\\/secure.gravatar.com\\\/avatar\\\/382642c092b6b9da14641d3c478df2f3da4a2d17eea25691c232d4dbf735c292?s=96&d=mm&r=g\",\"contentUrl\":\"https:\\\/\\\/secure.gravatar.com\\\/avatar\\\/382642c092b6b9da14641d3c478df2f3da4a2d17eea25691c232d4dbf735c292?s=96&d=mm&r=g\",\"caption\":\"yoctavien\"},\"url\":\"https:\\\/\\\/regions-snetap-fsu.fr\\\/formation\\\/author\\\/yoctavien\\\/\"}]}<\/script>\n<!-- \/ Yoast SEO plugin. -->","yoast_head_json":{"title":"Hauts-de-France : Pas de fusion des acad\u00e9mies ! - Formation des sites R\u00e9gionaux du SNETAP-FSU","robots":{"index":"index","follow":"follow","max-snippet":"max-snippet:-1","max-image-preview":"max-image-preview:large","max-video-preview":"max-video-preview:-1"},"canonical":"https:\/\/regions-snetap-fsu.fr\/formation\/2019\/02\/03\/hauts-de-france-pas-de-fusion-des-academies\/","og_locale":"fr_FR","og_type":"article","og_title":"Hauts-de-France : Pas de fusion des acad\u00e9mies ! - Formation des sites R\u00e9gionaux du SNETAP-FSU","og_description":"La fusion des acad\u00e9mies Nord &#8211; Pas-de-Calais et Picardie n&rsquo;aura pas lieu. Une premi\u00e8re victoire ! Le ministre de l\u2019\u00c9ducation Nationale (EN), Jean Michel Blanquer, a annonc\u00e9 devant la Commission des Affaires culturelles et de l\u2019\u00c9ducation de l\u2019Assembl\u00e9e nationale qu\u2019il y aurait un maintien de tous les rectorats et de tous les recteurs. C&rsquo;est une [&hellip;]","og_url":"https:\/\/regions-snetap-fsu.fr\/formation\/2019\/02\/03\/hauts-de-france-pas-de-fusion-des-academies\/","og_site_name":"Formation des sites R\u00e9gionaux du SNETAP-FSU","article_published_time":"2019-02-03T09:50:10+00:00","author":"yoctavien","twitter_card":"summary_large_image","twitter_misc":{"\u00c9crit par":"yoctavien","Dur\u00e9e de lecture estim\u00e9e":"4 minutes"},"schema":{"@context":"https:\/\/schema.org","@graph":[{"@type":"Article","@id":"https:\/\/regions-snetap-fsu.fr\/formation\/2019\/02\/03\/hauts-de-france-pas-de-fusion-des-academies\/#article","isPartOf":{"@id":"https:\/\/regions-snetap-fsu.fr\/formation\/2019\/02\/03\/hauts-de-france-pas-de-fusion-des-academies\/"},"author":{"name":"yoctavien","@id":"https:\/\/regions-snetap-fsu.fr\/formation\/#\/schema\/person\/f5dc7b6354e942ca9c5fa8e9ff7e5c93"},"headline":"Hauts-de-France : Pas de fusion des acad\u00e9mies !","datePublished":"2019-02-03T09:50:10+00:00","mainEntityOfPage":{"@id":"https:\/\/regions-snetap-fsu.fr\/formation\/2019\/02\/03\/hauts-de-france-pas-de-fusion-des-academies\/"},"wordCount":828,"publisher":{"@id":"https:\/\/regions-snetap-fsu.fr\/formation\/#organization"},"articleSection":["Pour information"],"inLanguage":"fr-FR"},{"@type":"WebPage","@id":"https:\/\/regions-snetap-fsu.fr\/formation\/2019\/02\/03\/hauts-de-france-pas-de-fusion-des-academies\/","url":"https:\/\/regions-snetap-fsu.fr\/formation\/2019\/02\/03\/hauts-de-france-pas-de-fusion-des-academies\/","name":"Hauts-de-France : Pas de fusion des acad\u00e9mies ! - Formation des sites R\u00e9gionaux du SNETAP-FSU","isPartOf":{"@id":"https:\/\/regions-snetap-fsu.fr\/formation\/#website"},"datePublished":"2019-02-03T09:50:10+00:00","breadcrumb":{"@id":"https:\/\/regions-snetap-fsu.fr\/formation\/2019\/02\/03\/hauts-de-france-pas-de-fusion-des-academies\/#breadcrumb"},"inLanguage":"fr-FR","potentialAction":[{"@type":"ReadAction","target":["https:\/\/regions-snetap-fsu.fr\/formation\/2019\/02\/03\/hauts-de-france-pas-de-fusion-des-academies\/"]}]},{"@type":"BreadcrumbList","@id":"https:\/\/regions-snetap-fsu.fr\/formation\/2019\/02\/03\/hauts-de-france-pas-de-fusion-des-academies\/#breadcrumb","itemListElement":[{"@type":"ListItem","position":1,"name":"Accueil","item":"https:\/\/regions-snetap-fsu.fr\/formation\/"},{"@type":"ListItem","position":2,"name":"Hauts-de-France : Pas de fusion des acad\u00e9mies !"}]},{"@type":"WebSite","@id":"https:\/\/regions-snetap-fsu.fr\/formation\/#website","url":"https:\/\/regions-snetap-fsu.fr\/formation\/","name":"Formation des sites R\u00e9gionaux du SNETAP-FSU","description":"","publisher":{"@id":"https:\/\/regions-snetap-fsu.fr\/formation\/#organization"},"potentialAction":[{"@type":"SearchAction","target":{"@type":"EntryPoint","urlTemplate":"https:\/\/regions-snetap-fsu.fr\/formation\/?s={search_term_string}"},"query-input":{"@type":"PropertyValueSpecification","valueRequired":true,"valueName":"search_term_string"}}],"inLanguage":"fr-FR"},{"@type":"Organization","@id":"https:\/\/regions-snetap-fsu.fr\/formation\/#organization","name":"Formation des sites R\u00e9gionaux du SNETAP-FSU","url":"https:\/\/regions-snetap-fsu.fr\/formation\/","logo":{"@type":"ImageObject","inLanguage":"fr-FR","@id":"https:\/\/regions-snetap-fsu.fr\/formation\/#\/schema\/logo\/image\/","url":"https:\/\/regions-snetap-fsu.fr\/formation\/wp-content\/uploads\/sites\/20\/2025\/04\/cropped-Logo_blanc_fond_transparent_1000x755.png","contentUrl":"https:\/\/regions-snetap-fsu.fr\/formation\/wp-content\/uploads\/sites\/20\/2025\/04\/cropped-Logo_blanc_fond_transparent_1000x755.png","width":998,"height":689,"caption":"Formation des sites R\u00e9gionaux du SNETAP-FSU"},"image":{"@id":"https:\/\/regions-snetap-fsu.fr\/formation\/#\/schema\/logo\/image\/"}},{"@type":"Person","@id":"https:\/\/regions-snetap-fsu.fr\/formation\/#\/schema\/person\/f5dc7b6354e942ca9c5fa8e9ff7e5c93","name":"yoctavien","image":{"@type":"ImageObject","inLanguage":"fr-FR","@id":"https:\/\/secure.gravatar.com\/avatar\/382642c092b6b9da14641d3c478df2f3da4a2d17eea25691c232d4dbf735c292?s=96&d=mm&r=g","url":"https:\/\/secure.gravatar.com\/avatar\/382642c092b6b9da14641d3c478df2f3da4a2d17eea25691c232d4dbf735c292?s=96&d=mm&r=g","contentUrl":"https:\/\/secure.gravatar.com\/avatar\/382642c092b6b9da14641d3c478df2f3da4a2d17eea25691c232d4dbf735c292?s=96&d=mm&r=g","caption":"yoctavien"},"url":"https:\/\/regions-snetap-fsu.fr\/formation\/author\/yoctavien\/"}]}},"_links":{"self":[{"href":"https:\/\/regions-snetap-fsu.fr\/formation\/wp-json\/wp\/v2\/posts\/1643","targetHints":{"allow":["GET"]}}],"collection":[{"href":"https:\/\/regions-snetap-fsu.fr\/formation\/wp-json\/wp\/v2\/posts"}],"about":[{"href":"https:\/\/regions-snetap-fsu.fr\/formation\/wp-json\/wp\/v2\/types\/post"}],"author":[{"embeddable":true,"href":"https:\/\/regions-snetap-fsu.fr\/formation\/wp-json\/wp\/v2\/users\/138"}],"replies":[{"embeddable":true,"href":"https:\/\/regions-snetap-fsu.fr\/formation\/wp-json\/wp\/v2\/comments?post=1643"}],"version-history":[{"count":0,"href":"https:\/\/regions-snetap-fsu.fr\/formation\/wp-json\/wp\/v2\/posts\/1643\/revisions"}],"wp:attachment":[{"href":"https:\/\/regions-snetap-fsu.fr\/formation\/wp-json\/wp\/v2\/media?parent=1643"}],"wp:term":[{"taxonomy":"category","embeddable":true,"href":"https:\/\/regions-snetap-fsu.fr\/formation\/wp-json\/wp\/v2\/categories?post=1643"},{"taxonomy":"post_tag","embeddable":true,"href":"https:\/\/regions-snetap-fsu.fr\/formation\/wp-json\/wp\/v2\/tags?post=1643"},{"taxonomy":"post_folder","embeddable":true,"href":"https:\/\/regions-snetap-fsu.fr\/formation\/wp-json\/wp\/v2\/post_folder?post=1643"}],"curies":[{"name":"wp","href":"https:\/\/api.w.org\/{rel}","templated":true}]}}