{"id":1613,"date":"2019-01-31T12:00:05","date_gmt":"2019-01-31T11:00:05","guid":{"rendered":"https:\/\/regions-snetap-fsu.fr\/hdf\/?p=1613"},"modified":"2019-01-31T12:00:05","modified_gmt":"2019-01-31T11:00:05","slug":"seuils-de-dedoublement-bac-stav-la-mobilisation-se-poursuit","status":"publish","type":"post","link":"https:\/\/regions-snetap-fsu.fr\/formation\/2019\/01\/31\/seuils-de-dedoublement-bac-stav-la-mobilisation-se-poursuit\/","title":{"rendered":"Seuils de d\u00e9doublement, bac STAV, la mobilisation se poursuit !"},"content":{"rendered":"<h2 style=\"text-align: center\"><span style=\"color: #ff0000\">Seuils de d\u00e9doublement, bac STAV,<\/span><\/h2>\n<h2 style=\"text-align: center\"><span style=\"color: #ff0000\">la mobilisation se poursuit !<\/span><\/h2>\n<p style=\"text-align: justify\"><span style=\"color: #0000ff\">Suite \u00e0 la mobilisation du 30 janvier \u00e0 l&rsquo;occasion du Conseil National de l&rsquo;Enseignement Agricole (CNEA) qui devait notamment examiner les projets de texte r\u00e9glementaires du STAV, l&rsquo;intersyndicale, dans la continuit\u00e9 de sa mobilisation depuis les annonces budg\u00e9taires (suppression de 50 ETP) va d\u00e9s <span id=\"OBJ_PREFIX_DWT617_com_zimbra_date\" class=\"Object\"><span id=\"OBJ_PREFIX_DWT623_com_zimbra_date\" class=\"Object\">ce matin du 31 janvier<\/span><\/span>, interpeler le ministre \u00e0 l&rsquo;occasion du Comit\u00e9 Technique Minist\u00e9riel :<\/span><\/p>\n<p><span style=\"color: #0000ff\">Retrouvez, au lien ci-dessous, le communiqu\u00e9 intersyndical CNEA :<\/span><\/p>\n<p><a href=\"https:\/\/www.snetap-fsu.fr\/Monsieur-le-Ministre-nous-vous-donnons-rendez-vous-demain-au-CTM.html\" target=\"_blank\" rel=\"noopener\"><span style=\"text-decoration: underline;color: #000000\">Lien : Communiqu\u00e9 intersyndical CNEA du 30 janvier 2019<\/span><\/a><\/p>\n<p style=\"text-align: justify\"><span style=\"color: #0000ff\">Depuis pr\u00e8s de 8 mois, les personnels de l&rsquo;Enseignement Agricole Public et leurs repr\u00e9sentant.es constatent un m\u00e9pris et l&rsquo;impossibilit\u00e9 d&rsquo;\u00eatre \u00e9cout\u00e9s. Et pourtant ce n&rsquo;est pas faute de s&rsquo;\u00eatre fait entendre et cela par toutes les voies possibles (dans les instances de consultation, de manifestations en audiences \u00e0 tous les niveaux&#8230;). La semaine pass\u00e9e, \u00e0 l&rsquo;occasion de la journ\u00e9e d&rsquo;action du 24 janvier dans le second degr\u00e9, le message \u00e9tait pourtant pass\u00e9 clairement via la CAP des PLPA, puis lors d&rsquo;une bilat\u00e9rale accord\u00e9e par le Conseiller du Ministre : d&rsquo;une part les personnels ne veulent pas voir les seuils de d\u00e9doublement supprim\u00e9s ou d\u00e9r\u00e9gul\u00e9s et d&rsquo;autre part ils n&rsquo;acceptent pas le basculement de la pluridisciplinarit\u00e9 du STAV en heures non affect\u00e9es sous couvert d&rsquo;une autonomie galvaud\u00e9e qui ne peut aboutir, dans le contexte de reprise des suppressions d&#8217;emplois, qu&rsquo;\u00e0 g\u00e9rer la p\u00e9nurie localement ! Ils l&rsquo;ont d&rsquo;ailleurs fait savoir dans le cadre de la consultation sur le projet STAV qui vient de s&rsquo;achever.<\/span><\/p>\n<p><span style=\"color: #0000ff\">D\u00e9couvrez au lien ci-dessous la vid\u00e9o de la mobilisation du CNEA et des \u00e9changes avec le DGER et son adjoint :<\/span><\/p>\n<p><span id=\"OBJ_PREFIX_DWT619_com_zimbra_url\" class=\"Object\" style=\"color: #000000\"> <span id=\"OBJ_PREFIX_DWT625_com_zimbra_url\" class=\"Object\"><a style=\"color: #000000\" href=\"https:\/\/www.snetap-fsu.fr\/-La-chaine-video-du-Snetap-.html\" target=\"_blank\" rel=\"noopener\"><span style=\"text-decoration: underline\">Lien: Vid\u00e9o \u00e9changes avec DGER au CNEA du 30 janvier 2019<\/span><\/a><\/span><\/span><\/p>\n<p style=\"text-align: justify\"><span style=\"color: #0000ff\">Continuez \u00e0 signer et \u00e0 faire signer la p\u00e9tition contre la suppression des seuils au lien ci-dessous :<\/span><\/p>\n<p><span id=\"OBJ_PREFIX_DWT620_com_zimbra_url\" class=\"Object\"><span id=\"OBJ_PREFIX_DWT626_com_zimbra_url\" class=\"Object\"><a href=\"https:\/\/intersyndicale.fr\/non-a-la-suppression-des-seuils-de-dedoublement-dans-lenseignement-agricole\/\" target=\"_blank\" rel=\"noopener\"><span style=\"text-decoration: underline\"><span style=\"color: #000000;text-decoration: underline\">Lien : pour lire et signer la p\u00e9tition contre la suppression des seuils de d\u00e9doublement<\/span><\/span><\/a><\/span><\/span><\/p>\n<p style=\"text-align: justify\"><span style=\"color: #0000ff\">Les r\u00e9ponses du ministre <span id=\"OBJ_PREFIX_DWT621_com_zimbra_date\" class=\"Object\"><span id=\"OBJ_PREFIX_DWT627_com_zimbra_date\" class=\"Object\">de cette journ\u00e9e du 31 janvier<\/span><\/span> seront cruciales pour la poursuite ou non de la mobilisation pour la d\u00e9fense des conditions d&rsquo;\u00e9tudes des jeunes et de nos conditions de travail !<\/span><\/p>\n<p><span style=\"color: #0000ff\">Pour le secr\u00e9taire g\u00e9n\u00e9rale SNETAP-FSU, Jean-Marie Le Boiteux<\/span><\/p>\n","protected":false},"excerpt":{"rendered":"<p>Seuils de d\u00e9doublement, bac STAV, la mobilisation se poursuit ! Suite \u00e0 la mobilisation du 30 janvier \u00e0 l&rsquo;occasion du Conseil National de l&rsquo;Enseignement Agricole (CNEA) qui devait notamment examiner les projets de texte r\u00e9glementaires du STAV, l&rsquo;intersyndicale, dans la continuit\u00e9 de sa mobilisation depuis les annonces budg\u00e9taires (suppression de 50 ETP) va d\u00e9s ce [&hellip;]<\/p>\n","protected":false},"author":138,"featured_media":0,"comment_status":"closed","ping_status":"closed","sticky":false,"template":"","format":"standard","meta":{"ocean_post_layout":"","ocean_both_sidebars_style":"","ocean_both_sidebars_content_width":0,"ocean_both_sidebars_sidebars_width":0,"ocean_sidebar":"","ocean_second_sidebar":"","ocean_disable_margins":"enable","ocean_add_body_class":"","ocean_shortcode_before_top_bar":"","ocean_shortcode_after_top_bar":"","ocean_shortcode_before_header":"","ocean_shortcode_after_header":"","ocean_has_shortcode":"","ocean_shortcode_after_title":"","ocean_shortcode_before_footer_widgets":"","ocean_shortcode_after_footer_widgets":"","ocean_shortcode_before_footer_bottom":"","ocean_shortcode_after_footer_bottom":"","ocean_display_top_bar":"default","ocean_display_header":"default","ocean_header_style":"","ocean_center_header_left_menu":"","ocean_custom_header_template":"","ocean_custom_logo":0,"ocean_custom_retina_logo":0,"ocean_custom_logo_max_width":0,"ocean_custom_logo_tablet_max_width":0,"ocean_custom_logo_mobile_max_width":0,"ocean_custom_logo_max_height":0,"ocean_custom_logo_tablet_max_height":0,"ocean_custom_logo_mobile_max_height":0,"ocean_header_custom_menu":"","ocean_menu_typo_font_family":"","ocean_menu_typo_font_subset":"","ocean_menu_typo_font_size":0,"ocean_menu_typo_font_size_tablet":0,"ocean_menu_typo_font_size_mobile":0,"ocean_menu_typo_font_size_unit":"px","ocean_menu_typo_font_weight":"","ocean_menu_typo_font_weight_tablet":"","ocean_menu_typo_font_weight_mobile":"","ocean_menu_typo_transform":"","ocean_menu_typo_transform_tablet":"","ocean_menu_typo_transform_mobile":"","ocean_menu_typo_line_height":0,"ocean_menu_typo_line_height_tablet":0,"ocean_menu_typo_line_height_mobile":0,"ocean_menu_typo_line_height_unit":"","ocean_menu_typo_spacing":0,"ocean_menu_typo_spacing_tablet":0,"ocean_menu_typo_spacing_mobile":0,"ocean_menu_typo_spacing_unit":"","ocean_menu_link_color":"","ocean_menu_link_color_hover":"","ocean_menu_link_color_active":"","ocean_menu_link_background":"","ocean_menu_link_hover_background":"","ocean_menu_link_active_background":"","ocean_menu_social_links_bg":"","ocean_menu_social_hover_links_bg":"","ocean_menu_social_links_color":"","ocean_menu_social_hover_links_color":"","ocean_disable_title":"default","ocean_disable_heading":"default","ocean_post_title":"","ocean_post_subheading":"","ocean_post_title_style":"","ocean_post_title_background_color":"","ocean_post_title_background":0,"ocean_post_title_bg_image_position":"","ocean_post_title_bg_image_attachment":"","ocean_post_title_bg_image_repeat":"","ocean_post_title_bg_image_size":"","ocean_post_title_height":0,"ocean_post_title_bg_overlay":0.5,"ocean_post_title_bg_overlay_color":"","ocean_disable_breadcrumbs":"default","ocean_breadcrumbs_color":"","ocean_breadcrumbs_separator_color":"","ocean_breadcrumbs_links_color":"","ocean_breadcrumbs_links_hover_color":"","ocean_display_footer_widgets":"default","ocean_display_footer_bottom":"default","ocean_custom_footer_template":"","ocean_post_oembed":"","ocean_post_self_hosted_media":"","ocean_post_video_embed":"","ocean_link_format":"","ocean_link_format_target":"self","ocean_quote_format":"","ocean_quote_format_link":"post","ocean_gallery_link_images":"on","ocean_gallery_id":[],"footnotes":""},"categories":[3,26],"tags":[],"post_folder":[],"class_list":["post-1613","post","type-post","status-publish","format-standard","hentry","category-actions-greves-manifs","category-petitions","entry"],"yoast_head":"<!-- This site is optimized with the Yoast SEO plugin v27.4 - https:\/\/yoast.com\/product\/yoast-seo-wordpress\/ -->\n<title>Seuils de d\u00e9doublement, bac STAV, la mobilisation se poursuit ! - Formation des sites R\u00e9gionaux du SNETAP-FSU<\/title>\n<meta name=\"robots\" content=\"index, follow, max-snippet:-1, max-image-preview:large, max-video-preview:-1\" \/>\n<link rel=\"canonical\" href=\"https:\/\/regions-snetap-fsu.fr\/formation\/2019\/01\/31\/seuils-de-dedoublement-bac-stav-la-mobilisation-se-poursuit\/\" \/>\n<meta property=\"og:locale\" content=\"fr_FR\" \/>\n<meta property=\"og:type\" content=\"article\" \/>\n<meta property=\"og:title\" content=\"Seuils de d\u00e9doublement, bac STAV, la mobilisation se poursuit ! - Formation des sites R\u00e9gionaux du SNETAP-FSU\" \/>\n<meta property=\"og:description\" content=\"Seuils de d\u00e9doublement, bac STAV, la mobilisation se poursuit ! Suite \u00e0 la mobilisation du 30 janvier \u00e0 l&rsquo;occasion du Conseil National de l&rsquo;Enseignement Agricole (CNEA) qui devait notamment examiner les projets de texte r\u00e9glementaires du STAV, l&rsquo;intersyndicale, dans la continuit\u00e9 de sa mobilisation depuis les annonces budg\u00e9taires (suppression de 50 ETP) va d\u00e9s ce [&hellip;]\" \/>\n<meta property=\"og:url\" content=\"https:\/\/regions-snetap-fsu.fr\/formation\/2019\/01\/31\/seuils-de-dedoublement-bac-stav-la-mobilisation-se-poursuit\/\" \/>\n<meta property=\"og:site_name\" content=\"Formation des sites R\u00e9gionaux du SNETAP-FSU\" \/>\n<meta property=\"article:published_time\" content=\"2019-01-31T11:00:05+00:00\" \/>\n<meta name=\"author\" content=\"yoctavien\" \/>\n<meta name=\"twitter:card\" content=\"summary_large_image\" \/>\n<meta name=\"twitter:label1\" content=\"\u00c9crit par\" \/>\n\t<meta name=\"twitter:data1\" content=\"yoctavien\" \/>\n\t<meta name=\"twitter:label2\" content=\"Dur\u00e9e de lecture estim\u00e9e\" \/>\n\t<meta name=\"twitter:data2\" content=\"2 minutes\" \/>\n<script type=\"application\/ld+json\" class=\"yoast-schema-graph\">{\"@context\":\"https:\\\/\\\/schema.org\",\"@graph\":[{\"@type\":\"Article\",\"@id\":\"https:\\\/\\\/regions-snetap-fsu.fr\\\/formation\\\/2019\\\/01\\\/31\\\/seuils-de-dedoublement-bac-stav-la-mobilisation-se-poursuit\\\/#article\",\"isPartOf\":{\"@id\":\"https:\\\/\\\/regions-snetap-fsu.fr\\\/formation\\\/2019\\\/01\\\/31\\\/seuils-de-dedoublement-bac-stav-la-mobilisation-se-poursuit\\\/\"},\"author\":{\"name\":\"yoctavien\",\"@id\":\"https:\\\/\\\/regions-snetap-fsu.fr\\\/formation\\\/#\\\/schema\\\/person\\\/f5dc7b6354e942ca9c5fa8e9ff7e5c93\"},\"headline\":\"Seuils de d\u00e9doublement, bac STAV, la mobilisation se poursuit !\",\"datePublished\":\"2019-01-31T11:00:05+00:00\",\"mainEntityOfPage\":{\"@id\":\"https:\\\/\\\/regions-snetap-fsu.fr\\\/formation\\\/2019\\\/01\\\/31\\\/seuils-de-dedoublement-bac-stav-la-mobilisation-se-poursuit\\\/\"},\"wordCount\":397,\"publisher\":{\"@id\":\"https:\\\/\\\/regions-snetap-fsu.fr\\\/formation\\\/#organization\"},\"articleSection\":[\"Actions - Gr\u00e8ves - Manifs\",\"P\u00e9titions\"],\"inLanguage\":\"fr-FR\"},{\"@type\":\"WebPage\",\"@id\":\"https:\\\/\\\/regions-snetap-fsu.fr\\\/formation\\\/2019\\\/01\\\/31\\\/seuils-de-dedoublement-bac-stav-la-mobilisation-se-poursuit\\\/\",\"url\":\"https:\\\/\\\/regions-snetap-fsu.fr\\\/formation\\\/2019\\\/01\\\/31\\\/seuils-de-dedoublement-bac-stav-la-mobilisation-se-poursuit\\\/\",\"name\":\"Seuils de d\u00e9doublement, bac STAV, la mobilisation se poursuit ! - Formation des sites R\u00e9gionaux du SNETAP-FSU\",\"isPartOf\":{\"@id\":\"https:\\\/\\\/regions-snetap-fsu.fr\\\/formation\\\/#website\"},\"datePublished\":\"2019-01-31T11:00:05+00:00\",\"breadcrumb\":{\"@id\":\"https:\\\/\\\/regions-snetap-fsu.fr\\\/formation\\\/2019\\\/01\\\/31\\\/seuils-de-dedoublement-bac-stav-la-mobilisation-se-poursuit\\\/#breadcrumb\"},\"inLanguage\":\"fr-FR\",\"potentialAction\":[{\"@type\":\"ReadAction\",\"target\":[\"https:\\\/\\\/regions-snetap-fsu.fr\\\/formation\\\/2019\\\/01\\\/31\\\/seuils-de-dedoublement-bac-stav-la-mobilisation-se-poursuit\\\/\"]}]},{\"@type\":\"BreadcrumbList\",\"@id\":\"https:\\\/\\\/regions-snetap-fsu.fr\\\/formation\\\/2019\\\/01\\\/31\\\/seuils-de-dedoublement-bac-stav-la-mobilisation-se-poursuit\\\/#breadcrumb\",\"itemListElement\":[{\"@type\":\"ListItem\",\"position\":1,\"name\":\"Accueil\",\"item\":\"https:\\\/\\\/regions-snetap-fsu.fr\\\/formation\\\/\"},{\"@type\":\"ListItem\",\"position\":2,\"name\":\"Seuils de d\u00e9doublement, bac STAV, la mobilisation se poursuit !\"}]},{\"@type\":\"WebSite\",\"@id\":\"https:\\\/\\\/regions-snetap-fsu.fr\\\/formation\\\/#website\",\"url\":\"https:\\\/\\\/regions-snetap-fsu.fr\\\/formation\\\/\",\"name\":\"Formation des sites R\u00e9gionaux du SNETAP-FSU\",\"description\":\"\",\"publisher\":{\"@id\":\"https:\\\/\\\/regions-snetap-fsu.fr\\\/formation\\\/#organization\"},\"potentialAction\":[{\"@type\":\"SearchAction\",\"target\":{\"@type\":\"EntryPoint\",\"urlTemplate\":\"https:\\\/\\\/regions-snetap-fsu.fr\\\/formation\\\/?s={search_term_string}\"},\"query-input\":{\"@type\":\"PropertyValueSpecification\",\"valueRequired\":true,\"valueName\":\"search_term_string\"}}],\"inLanguage\":\"fr-FR\"},{\"@type\":\"Organization\",\"@id\":\"https:\\\/\\\/regions-snetap-fsu.fr\\\/formation\\\/#organization\",\"name\":\"Formation des sites R\u00e9gionaux du SNETAP-FSU\",\"url\":\"https:\\\/\\\/regions-snetap-fsu.fr\\\/formation\\\/\",\"logo\":{\"@type\":\"ImageObject\",\"inLanguage\":\"fr-FR\",\"@id\":\"https:\\\/\\\/regions-snetap-fsu.fr\\\/formation\\\/#\\\/schema\\\/logo\\\/image\\\/\",\"url\":\"https:\\\/\\\/regions-snetap-fsu.fr\\\/formation\\\/wp-content\\\/uploads\\\/sites\\\/20\\\/2025\\\/04\\\/cropped-Logo_blanc_fond_transparent_1000x755.png\",\"contentUrl\":\"https:\\\/\\\/regions-snetap-fsu.fr\\\/formation\\\/wp-content\\\/uploads\\\/sites\\\/20\\\/2025\\\/04\\\/cropped-Logo_blanc_fond_transparent_1000x755.png\",\"width\":998,\"height\":689,\"caption\":\"Formation des sites R\u00e9gionaux du SNETAP-FSU\"},\"image\":{\"@id\":\"https:\\\/\\\/regions-snetap-fsu.fr\\\/formation\\\/#\\\/schema\\\/logo\\\/image\\\/\"}},{\"@type\":\"Person\",\"@id\":\"https:\\\/\\\/regions-snetap-fsu.fr\\\/formation\\\/#\\\/schema\\\/person\\\/f5dc7b6354e942ca9c5fa8e9ff7e5c93\",\"name\":\"yoctavien\",\"image\":{\"@type\":\"ImageObject\",\"inLanguage\":\"fr-FR\",\"@id\":\"https:\\\/\\\/secure.gravatar.com\\\/avatar\\\/382642c092b6b9da14641d3c478df2f3da4a2d17eea25691c232d4dbf735c292?s=96&d=mm&r=g\",\"url\":\"https:\\\/\\\/secure.gravatar.com\\\/avatar\\\/382642c092b6b9da14641d3c478df2f3da4a2d17eea25691c232d4dbf735c292?s=96&d=mm&r=g\",\"contentUrl\":\"https:\\\/\\\/secure.gravatar.com\\\/avatar\\\/382642c092b6b9da14641d3c478df2f3da4a2d17eea25691c232d4dbf735c292?s=96&d=mm&r=g\",\"caption\":\"yoctavien\"},\"url\":\"https:\\\/\\\/regions-snetap-fsu.fr\\\/formation\\\/author\\\/yoctavien\\\/\"}]}<\/script>\n<!-- \/ Yoast SEO plugin. -->","yoast_head_json":{"title":"Seuils de d\u00e9doublement, bac STAV, la mobilisation se poursuit ! - Formation des sites R\u00e9gionaux du SNETAP-FSU","robots":{"index":"index","follow":"follow","max-snippet":"max-snippet:-1","max-image-preview":"max-image-preview:large","max-video-preview":"max-video-preview:-1"},"canonical":"https:\/\/regions-snetap-fsu.fr\/formation\/2019\/01\/31\/seuils-de-dedoublement-bac-stav-la-mobilisation-se-poursuit\/","og_locale":"fr_FR","og_type":"article","og_title":"Seuils de d\u00e9doublement, bac STAV, la mobilisation se poursuit ! - Formation des sites R\u00e9gionaux du SNETAP-FSU","og_description":"Seuils de d\u00e9doublement, bac STAV, la mobilisation se poursuit ! Suite \u00e0 la mobilisation du 30 janvier \u00e0 l&rsquo;occasion du Conseil National de l&rsquo;Enseignement Agricole (CNEA) qui devait notamment examiner les projets de texte r\u00e9glementaires du STAV, l&rsquo;intersyndicale, dans la continuit\u00e9 de sa mobilisation depuis les annonces budg\u00e9taires (suppression de 50 ETP) va d\u00e9s ce [&hellip;]","og_url":"https:\/\/regions-snetap-fsu.fr\/formation\/2019\/01\/31\/seuils-de-dedoublement-bac-stav-la-mobilisation-se-poursuit\/","og_site_name":"Formation des sites R\u00e9gionaux du SNETAP-FSU","article_published_time":"2019-01-31T11:00:05+00:00","author":"yoctavien","twitter_card":"summary_large_image","twitter_misc":{"\u00c9crit par":"yoctavien","Dur\u00e9e de lecture estim\u00e9e":"2 minutes"},"schema":{"@context":"https:\/\/schema.org","@graph":[{"@type":"Article","@id":"https:\/\/regions-snetap-fsu.fr\/formation\/2019\/01\/31\/seuils-de-dedoublement-bac-stav-la-mobilisation-se-poursuit\/#article","isPartOf":{"@id":"https:\/\/regions-snetap-fsu.fr\/formation\/2019\/01\/31\/seuils-de-dedoublement-bac-stav-la-mobilisation-se-poursuit\/"},"author":{"name":"yoctavien","@id":"https:\/\/regions-snetap-fsu.fr\/formation\/#\/schema\/person\/f5dc7b6354e942ca9c5fa8e9ff7e5c93"},"headline":"Seuils de d\u00e9doublement, bac STAV, la mobilisation se poursuit !","datePublished":"2019-01-31T11:00:05+00:00","mainEntityOfPage":{"@id":"https:\/\/regions-snetap-fsu.fr\/formation\/2019\/01\/31\/seuils-de-dedoublement-bac-stav-la-mobilisation-se-poursuit\/"},"wordCount":397,"publisher":{"@id":"https:\/\/regions-snetap-fsu.fr\/formation\/#organization"},"articleSection":["Actions - Gr\u00e8ves - Manifs","P\u00e9titions"],"inLanguage":"fr-FR"},{"@type":"WebPage","@id":"https:\/\/regions-snetap-fsu.fr\/formation\/2019\/01\/31\/seuils-de-dedoublement-bac-stav-la-mobilisation-se-poursuit\/","url":"https:\/\/regions-snetap-fsu.fr\/formation\/2019\/01\/31\/seuils-de-dedoublement-bac-stav-la-mobilisation-se-poursuit\/","name":"Seuils de d\u00e9doublement, bac STAV, la mobilisation se poursuit ! - Formation des sites R\u00e9gionaux du SNETAP-FSU","isPartOf":{"@id":"https:\/\/regions-snetap-fsu.fr\/formation\/#website"},"datePublished":"2019-01-31T11:00:05+00:00","breadcrumb":{"@id":"https:\/\/regions-snetap-fsu.fr\/formation\/2019\/01\/31\/seuils-de-dedoublement-bac-stav-la-mobilisation-se-poursuit\/#breadcrumb"},"inLanguage":"fr-FR","potentialAction":[{"@type":"ReadAction","target":["https:\/\/regions-snetap-fsu.fr\/formation\/2019\/01\/31\/seuils-de-dedoublement-bac-stav-la-mobilisation-se-poursuit\/"]}]},{"@type":"BreadcrumbList","@id":"https:\/\/regions-snetap-fsu.fr\/formation\/2019\/01\/31\/seuils-de-dedoublement-bac-stav-la-mobilisation-se-poursuit\/#breadcrumb","itemListElement":[{"@type":"ListItem","position":1,"name":"Accueil","item":"https:\/\/regions-snetap-fsu.fr\/formation\/"},{"@type":"ListItem","position":2,"name":"Seuils de d\u00e9doublement, bac STAV, la mobilisation se poursuit !"}]},{"@type":"WebSite","@id":"https:\/\/regions-snetap-fsu.fr\/formation\/#website","url":"https:\/\/regions-snetap-fsu.fr\/formation\/","name":"Formation des sites R\u00e9gionaux du SNETAP-FSU","description":"","publisher":{"@id":"https:\/\/regions-snetap-fsu.fr\/formation\/#organization"},"potentialAction":[{"@type":"SearchAction","target":{"@type":"EntryPoint","urlTemplate":"https:\/\/regions-snetap-fsu.fr\/formation\/?s={search_term_string}"},"query-input":{"@type":"PropertyValueSpecification","valueRequired":true,"valueName":"search_term_string"}}],"inLanguage":"fr-FR"},{"@type":"Organization","@id":"https:\/\/regions-snetap-fsu.fr\/formation\/#organization","name":"Formation des sites R\u00e9gionaux du SNETAP-FSU","url":"https:\/\/regions-snetap-fsu.fr\/formation\/","logo":{"@type":"ImageObject","inLanguage":"fr-FR","@id":"https:\/\/regions-snetap-fsu.fr\/formation\/#\/schema\/logo\/image\/","url":"https:\/\/regions-snetap-fsu.fr\/formation\/wp-content\/uploads\/sites\/20\/2025\/04\/cropped-Logo_blanc_fond_transparent_1000x755.png","contentUrl":"https:\/\/regions-snetap-fsu.fr\/formation\/wp-content\/uploads\/sites\/20\/2025\/04\/cropped-Logo_blanc_fond_transparent_1000x755.png","width":998,"height":689,"caption":"Formation des sites R\u00e9gionaux du SNETAP-FSU"},"image":{"@id":"https:\/\/regions-snetap-fsu.fr\/formation\/#\/schema\/logo\/image\/"}},{"@type":"Person","@id":"https:\/\/regions-snetap-fsu.fr\/formation\/#\/schema\/person\/f5dc7b6354e942ca9c5fa8e9ff7e5c93","name":"yoctavien","image":{"@type":"ImageObject","inLanguage":"fr-FR","@id":"https:\/\/secure.gravatar.com\/avatar\/382642c092b6b9da14641d3c478df2f3da4a2d17eea25691c232d4dbf735c292?s=96&d=mm&r=g","url":"https:\/\/secure.gravatar.com\/avatar\/382642c092b6b9da14641d3c478df2f3da4a2d17eea25691c232d4dbf735c292?s=96&d=mm&r=g","contentUrl":"https:\/\/secure.gravatar.com\/avatar\/382642c092b6b9da14641d3c478df2f3da4a2d17eea25691c232d4dbf735c292?s=96&d=mm&r=g","caption":"yoctavien"},"url":"https:\/\/regions-snetap-fsu.fr\/formation\/author\/yoctavien\/"}]}},"_links":{"self":[{"href":"https:\/\/regions-snetap-fsu.fr\/formation\/wp-json\/wp\/v2\/posts\/1613","targetHints":{"allow":["GET"]}}],"collection":[{"href":"https:\/\/regions-snetap-fsu.fr\/formation\/wp-json\/wp\/v2\/posts"}],"about":[{"href":"https:\/\/regions-snetap-fsu.fr\/formation\/wp-json\/wp\/v2\/types\/post"}],"author":[{"embeddable":true,"href":"https:\/\/regions-snetap-fsu.fr\/formation\/wp-json\/wp\/v2\/users\/138"}],"replies":[{"embeddable":true,"href":"https:\/\/regions-snetap-fsu.fr\/formation\/wp-json\/wp\/v2\/comments?post=1613"}],"version-history":[{"count":0,"href":"https:\/\/regions-snetap-fsu.fr\/formation\/wp-json\/wp\/v2\/posts\/1613\/revisions"}],"wp:attachment":[{"href":"https:\/\/regions-snetap-fsu.fr\/formation\/wp-json\/wp\/v2\/media?parent=1613"}],"wp:term":[{"taxonomy":"category","embeddable":true,"href":"https:\/\/regions-snetap-fsu.fr\/formation\/wp-json\/wp\/v2\/categories?post=1613"},{"taxonomy":"post_tag","embeddable":true,"href":"https:\/\/regions-snetap-fsu.fr\/formation\/wp-json\/wp\/v2\/tags?post=1613"},{"taxonomy":"post_folder","embeddable":true,"href":"https:\/\/regions-snetap-fsu.fr\/formation\/wp-json\/wp\/v2\/post_folder?post=1613"}],"curies":[{"name":"wp","href":"https:\/\/api.w.org\/{rel}","templated":true}]}}