{"id":1579,"date":"2019-01-26T17:00:56","date_gmt":"2019-01-26T16:00:56","guid":{"rendered":"https:\/\/regions-snetap-fsu.fr\/hdf\/?p=1579"},"modified":"2019-01-26T17:00:56","modified_gmt":"2019-01-26T16:00:56","slug":"journee-nationale-daction-des-retraite%c2%b7es-du-jeudi-31-janvier","status":"publish","type":"post","link":"https:\/\/regions-snetap-fsu.fr\/formation\/2019\/01\/26\/journee-nationale-daction-des-retraite%c2%b7es-du-jeudi-31-janvier\/","title":{"rendered":"Journ\u00e9e nationale d\u2019action des retrait\u00e9\u00b7es du jeudi 31 janvier"},"content":{"rendered":"<h2 class=\"entry-title\" style=\"text-align: center\"><span style=\"color: #ff0000\">Journ\u00e9e nationale d\u2019action des retrait\u00e9\u00b7es du jeudi 31 janvier<\/span><\/h2>\n<p style=\"text-align: justify\"><span style=\"color: #0000ff\">La rencontre des 9 organisations syndicales et associations de retrait\u00e9\u00b7es (UCR-CGT, UCR-FO, UNAR-CFTC, UNIR-CFE\/CGC, FSU-Retrait\u00e9s, UNIR-Solidaires, FGR-FP, LSR, UNRPA) du <span style=\"text-decoration: underline;color: #000000\"><a style=\"color: #000000\" href=\"https:\/\/www.snetap-fsu.fr\/Rassemblement-de-5-000-retraites-M-DARMANIN-n-a-pas-le-temps.html\" target=\"_blank\" rel=\"noopener\">19 d\u00e9cembre 2018<\/a><\/span> a d\u00e9cid\u00e9 d\u2019appeler toutes et tous les retrait\u00e9\u00b7es \u00e0 faire du mois de janvier une p\u00e9riode d\u2019initiatives.<\/span><\/p>\n<p style=\"text-align: justify\"><span style=\"color: #0000ff\">Elles sont plus que jamais mobilis\u00e9es contre les attaques men\u00e9es par le gouvernement contre leur pouvoir d\u2019achat afin que les retrait\u00e9\u00b7es puissent <strong>vivre dignement de leur retraite tout simplement. C\u2019est notre droit ! <\/strong><br \/>\n<\/span><\/p>\n<h3 style=\"text-align: center\"><span style=\"color: #008000\">Manifestation unitaire d\u00e9partementale \u00e0 Lille \u00e0 14h place de la gare de Lille Flandres<\/span><\/h3>\n<p style=\"text-align: justify\"><span style=\"color: #0000ff\">Bus CGT-FSU Cambrai (13h\u00a0 maison des syndicats ) &#8211; Douai (13h30 place du Barlet) &#8211; Lille<\/span><\/p>\n<p><span style=\"color: #0000ff\">Rassemblements et d\u00e9l\u00e9gations dans le Pas de Calais, consulter le site Internet FSU62 au lien ci-dessous :<br \/>\n<\/span><\/p>\n<p><a href=\"http:\/\/sd62.fsu.fr\/Reprenez-vos-cadeaux-Rendez-nous-notre-pouvoir-d-achat.html\" target=\"_blank\" rel=\"noopener\"><span style=\"text-decoration: underline\"><span style=\"color: #000000;text-decoration: underline\">Lien : Site internet FSU62 Action retrait\u00e9\u00b7es 31 janvier 2019<\/span><\/span><\/a><\/p>\n\n\t\t<div class=\"wppdfemb-frame-container-1\" style=\"-webkit-overflow-scrolling:auto;\">\n\t\t\t<iframe class=\"pdfembed-iframe nonfullscreen wppdf-emb-iframe-1\"\n\t\t\t\tsrc=\"https:\/\/regions-snetap-fsu.fr\/formation\/?pdfemb-data=eyJ1cmwiOiJodHRwczpcL1wvcmVnaW9ucy1zbmV0YXAtZnN1LmZyXC9oZGZcL3dwLWNvbnRlbnRcL3VwbG9hZHNcL3NpdGVzXC81XC8yMDE5XC8wMVwvdHJhY3RfcmVwcmVuZXpfdm9zX2NhZGVhdXgucGRmIiwiaW5kZXgiOjEsInBkZklEIjowfQ\"\n\t\t\t\t\t\t\t\tdata-pdf-id=\"0\"\n\t\t\t\tdata-pdf-index=\"1\"\n\t\t\t\tstyle=\"border:none;width:100%;max-width:100%;height:100vh;\"\n\t\t\t\tscrolling=\"yes\">\n\t\t\t<\/iframe>\n\t\t<\/div>\n\n\t\t\n<p style=\"text-align: center\"><a href=\"https:\/\/drive.google.com\/open?id=1QU4R0pwyxvca2-lNznSXbATKZ-1LZ1Vp\" target=\"_blank\" rel=\"noopener\"><span style=\"text-decoration: underline;color: #000000\">Lien pour t\u00e9l\u00e9charger le trac \u00ab\u00a0reprenez vos cadeaux\u00a0\u00bb<\/span><\/a><\/p>\n\n\t\t<div class=\"wppdfemb-frame-container-2\" style=\"-webkit-overflow-scrolling:auto;\">\n\t\t\t<iframe class=\"pdfembed-iframe nonfullscreen wppdf-emb-iframe-2\"\n\t\t\t\tsrc=\"https:\/\/regions-snetap-fsu.fr\/formation\/?pdfemb-data=eyJ1cmwiOiJodHRwczpcL1wvcmVnaW9ucy1zbmV0YXAtZnN1LmZyXC9oZGZcL3dwLWNvbnRlbnRcL3VwbG9hZHNcL3NpdGVzXC81XC8yMDE5XC8wMVwvYWZmaWNoZXR0ZV9yZXByZW5lel92b3NfY2FkZWF1eC5wZGYiLCJpbmRleCI6MiwicGRmSUQiOjB9\"\n\t\t\t\t\t\t\t\tdata-pdf-id=\"0\"\n\t\t\t\tdata-pdf-index=\"2\"\n\t\t\t\tstyle=\"border:none;width:100%;max-width:100%;height:100vh;\"\n\t\t\t\tscrolling=\"yes\">\n\t\t\t<\/iframe>\n\t\t<\/div>\n\n\t\t\n<p style=\"text-align: center\"><a href=\"https:\/\/drive.google.com\/open?id=1KBHPVcy9Rbfkvj-X9zHmQQ39g00rUzKD\" target=\"_blank\" rel=\"noopener\"><span style=\"text-decoration: underline;color: #000000\">Lien pour t\u00e9l\u00e9charger l&rsquo;affichette \u00ab\u00a0reprenez vos cadeaux\u00a0\u00bb<\/span><\/a><\/p>\n","protected":false},"excerpt":{"rendered":"<p>Journ\u00e9e nationale d\u2019action des retrait\u00e9\u00b7es du jeudi 31 janvier La rencontre des 9 organisations syndicales et associations de retrait\u00e9\u00b7es (UCR-CGT, UCR-FO, UNAR-CFTC, UNIR-CFE\/CGC, FSU-Retrait\u00e9s, UNIR-Solidaires, FGR-FP, LSR, UNRPA) du 19 d\u00e9cembre 2018 a d\u00e9cid\u00e9 d\u2019appeler toutes et tous les retrait\u00e9\u00b7es \u00e0 faire du mois de janvier une p\u00e9riode d\u2019initiatives. Elles sont plus que jamais mobilis\u00e9es [&hellip;]<\/p>\n","protected":false},"author":138,"featured_media":0,"comment_status":"closed","ping_status":"closed","sticky":false,"template":"","format":"standard","meta":{"ocean_post_layout":"","ocean_both_sidebars_style":"","ocean_both_sidebars_content_width":0,"ocean_both_sidebars_sidebars_width":0,"ocean_sidebar":"","ocean_second_sidebar":"","ocean_disable_margins":"enable","ocean_add_body_class":"","ocean_shortcode_before_top_bar":"","ocean_shortcode_after_top_bar":"","ocean_shortcode_before_header":"","ocean_shortcode_after_header":"","ocean_has_shortcode":"","ocean_shortcode_after_title":"","ocean_shortcode_before_footer_widgets":"","ocean_shortcode_after_footer_widgets":"","ocean_shortcode_before_footer_bottom":"","ocean_shortcode_after_footer_bottom":"","ocean_display_top_bar":"default","ocean_display_header":"default","ocean_header_style":"","ocean_center_header_left_menu":"","ocean_custom_header_template":"","ocean_custom_logo":0,"ocean_custom_retina_logo":0,"ocean_custom_logo_max_width":0,"ocean_custom_logo_tablet_max_width":0,"ocean_custom_logo_mobile_max_width":0,"ocean_custom_logo_max_height":0,"ocean_custom_logo_tablet_max_height":0,"ocean_custom_logo_mobile_max_height":0,"ocean_header_custom_menu":"","ocean_menu_typo_font_family":"","ocean_menu_typo_font_subset":"","ocean_menu_typo_font_size":0,"ocean_menu_typo_font_size_tablet":0,"ocean_menu_typo_font_size_mobile":0,"ocean_menu_typo_font_size_unit":"px","ocean_menu_typo_font_weight":"","ocean_menu_typo_font_weight_tablet":"","ocean_menu_typo_font_weight_mobile":"","ocean_menu_typo_transform":"","ocean_menu_typo_transform_tablet":"","ocean_menu_typo_transform_mobile":"","ocean_menu_typo_line_height":0,"ocean_menu_typo_line_height_tablet":0,"ocean_menu_typo_line_height_mobile":0,"ocean_menu_typo_line_height_unit":"","ocean_menu_typo_spacing":0,"ocean_menu_typo_spacing_tablet":0,"ocean_menu_typo_spacing_mobile":0,"ocean_menu_typo_spacing_unit":"","ocean_menu_link_color":"","ocean_menu_link_color_hover":"","ocean_menu_link_color_active":"","ocean_menu_link_background":"","ocean_menu_link_hover_background":"","ocean_menu_link_active_background":"","ocean_menu_social_links_bg":"","ocean_menu_social_hover_links_bg":"","ocean_menu_social_links_color":"","ocean_menu_social_hover_links_color":"","ocean_disable_title":"default","ocean_disable_heading":"default","ocean_post_title":"","ocean_post_subheading":"","ocean_post_title_style":"","ocean_post_title_background_color":"","ocean_post_title_background":0,"ocean_post_title_bg_image_position":"","ocean_post_title_bg_image_attachment":"","ocean_post_title_bg_image_repeat":"","ocean_post_title_bg_image_size":"","ocean_post_title_height":0,"ocean_post_title_bg_overlay":0.5,"ocean_post_title_bg_overlay_color":"","ocean_disable_breadcrumbs":"default","ocean_breadcrumbs_color":"","ocean_breadcrumbs_separator_color":"","ocean_breadcrumbs_links_color":"","ocean_breadcrumbs_links_hover_color":"","ocean_display_footer_widgets":"default","ocean_display_footer_bottom":"default","ocean_custom_footer_template":"","ocean_post_oembed":"","ocean_post_self_hosted_media":"","ocean_post_video_embed":"","ocean_link_format":"","ocean_link_format_target":"self","ocean_quote_format":"","ocean_quote_format_link":"post","ocean_gallery_link_images":"on","ocean_gallery_id":[],"footnotes":""},"categories":[3,12],"tags":[],"post_folder":[],"class_list":["post-1579","post","type-post","status-publish","format-standard","hentry","category-actions-greves-manifs","category-communiques-retraites","entry"],"yoast_head":"<!-- This site is optimized with the Yoast SEO plugin v27.4 - https:\/\/yoast.com\/product\/yoast-seo-wordpress\/ -->\n<title>Journ\u00e9e nationale d\u2019action des retrait\u00e9\u00b7es du jeudi 31 janvier - Formation des sites R\u00e9gionaux du SNETAP-FSU<\/title>\n<meta name=\"robots\" content=\"index, follow, max-snippet:-1, max-image-preview:large, max-video-preview:-1\" \/>\n<link rel=\"canonical\" href=\"https:\/\/regions-snetap-fsu.fr\/formation\/2019\/01\/26\/journee-nationale-daction-des-retraite\u00b7es-du-jeudi-31-janvier\/\" \/>\n<meta property=\"og:locale\" content=\"fr_FR\" \/>\n<meta property=\"og:type\" content=\"article\" \/>\n<meta property=\"og:title\" content=\"Journ\u00e9e nationale d\u2019action des retrait\u00e9\u00b7es du jeudi 31 janvier - Formation des sites R\u00e9gionaux du SNETAP-FSU\" \/>\n<meta property=\"og:description\" content=\"Journ\u00e9e nationale d\u2019action des retrait\u00e9\u00b7es du jeudi 31 janvier La rencontre des 9 organisations syndicales et associations de retrait\u00e9\u00b7es (UCR-CGT, UCR-FO, UNAR-CFTC, UNIR-CFE\/CGC, FSU-Retrait\u00e9s, UNIR-Solidaires, FGR-FP, LSR, UNRPA) du 19 d\u00e9cembre 2018 a d\u00e9cid\u00e9 d\u2019appeler toutes et tous les retrait\u00e9\u00b7es \u00e0 faire du mois de janvier une p\u00e9riode d\u2019initiatives. Elles sont plus que jamais mobilis\u00e9es [&hellip;]\" \/>\n<meta property=\"og:url\" content=\"https:\/\/regions-snetap-fsu.fr\/formation\/2019\/01\/26\/journee-nationale-daction-des-retraite\u00b7es-du-jeudi-31-janvier\/\" \/>\n<meta property=\"og:site_name\" content=\"Formation des sites R\u00e9gionaux du SNETAP-FSU\" \/>\n<meta property=\"article:published_time\" content=\"2019-01-26T16:00:56+00:00\" \/>\n<meta name=\"author\" content=\"yoctavien\" \/>\n<meta name=\"twitter:card\" content=\"summary_large_image\" \/>\n<meta name=\"twitter:label1\" content=\"\u00c9crit par\" \/>\n\t<meta name=\"twitter:data1\" content=\"yoctavien\" \/>\n\t<meta name=\"twitter:label2\" content=\"Dur\u00e9e de lecture estim\u00e9e\" \/>\n\t<meta name=\"twitter:data2\" content=\"1 minute\" \/>\n<script type=\"application\/ld+json\" class=\"yoast-schema-graph\">{\"@context\":\"https:\\\/\\\/schema.org\",\"@graph\":[{\"@type\":\"Article\",\"@id\":\"https:\\\/\\\/regions-snetap-fsu.fr\\\/formation\\\/2019\\\/01\\\/26\\\/journee-nationale-daction-des-retraite%c2%b7es-du-jeudi-31-janvier\\\/#article\",\"isPartOf\":{\"@id\":\"https:\\\/\\\/regions-snetap-fsu.fr\\\/formation\\\/2019\\\/01\\\/26\\\/journee-nationale-daction-des-retraite%c2%b7es-du-jeudi-31-janvier\\\/\"},\"author\":{\"name\":\"yoctavien\",\"@id\":\"https:\\\/\\\/regions-snetap-fsu.fr\\\/formation\\\/#\\\/schema\\\/person\\\/f5dc7b6354e942ca9c5fa8e9ff7e5c93\"},\"headline\":\"Journ\u00e9e nationale d\u2019action des retrait\u00e9\u00b7es du jeudi 31 janvier\",\"datePublished\":\"2019-01-26T16:00:56+00:00\",\"mainEntityOfPage\":{\"@id\":\"https:\\\/\\\/regions-snetap-fsu.fr\\\/formation\\\/2019\\\/01\\\/26\\\/journee-nationale-daction-des-retraite%c2%b7es-du-jeudi-31-janvier\\\/\"},\"wordCount\":206,\"publisher\":{\"@id\":\"https:\\\/\\\/regions-snetap-fsu.fr\\\/formation\\\/#organization\"},\"articleSection\":[\"Actions - Gr\u00e8ves - Manifs\",\"Communiqu\u00e9s retraites\"],\"inLanguage\":\"fr-FR\"},{\"@type\":\"WebPage\",\"@id\":\"https:\\\/\\\/regions-snetap-fsu.fr\\\/formation\\\/2019\\\/01\\\/26\\\/journee-nationale-daction-des-retraite%c2%b7es-du-jeudi-31-janvier\\\/\",\"url\":\"https:\\\/\\\/regions-snetap-fsu.fr\\\/formation\\\/2019\\\/01\\\/26\\\/journee-nationale-daction-des-retraite%c2%b7es-du-jeudi-31-janvier\\\/\",\"name\":\"Journ\u00e9e nationale d\u2019action des retrait\u00e9\u00b7es du jeudi 31 janvier - Formation des sites R\u00e9gionaux du SNETAP-FSU\",\"isPartOf\":{\"@id\":\"https:\\\/\\\/regions-snetap-fsu.fr\\\/formation\\\/#website\"},\"datePublished\":\"2019-01-26T16:00:56+00:00\",\"breadcrumb\":{\"@id\":\"https:\\\/\\\/regions-snetap-fsu.fr\\\/formation\\\/2019\\\/01\\\/26\\\/journee-nationale-daction-des-retraite%c2%b7es-du-jeudi-31-janvier\\\/#breadcrumb\"},\"inLanguage\":\"fr-FR\",\"potentialAction\":[{\"@type\":\"ReadAction\",\"target\":[\"https:\\\/\\\/regions-snetap-fsu.fr\\\/formation\\\/2019\\\/01\\\/26\\\/journee-nationale-daction-des-retraite%c2%b7es-du-jeudi-31-janvier\\\/\"]}]},{\"@type\":\"BreadcrumbList\",\"@id\":\"https:\\\/\\\/regions-snetap-fsu.fr\\\/formation\\\/2019\\\/01\\\/26\\\/journee-nationale-daction-des-retraite%c2%b7es-du-jeudi-31-janvier\\\/#breadcrumb\",\"itemListElement\":[{\"@type\":\"ListItem\",\"position\":1,\"name\":\"Accueil\",\"item\":\"https:\\\/\\\/regions-snetap-fsu.fr\\\/formation\\\/\"},{\"@type\":\"ListItem\",\"position\":2,\"name\":\"Journ\u00e9e nationale d\u2019action des retrait\u00e9\u00b7es du jeudi 31 janvier\"}]},{\"@type\":\"WebSite\",\"@id\":\"https:\\\/\\\/regions-snetap-fsu.fr\\\/formation\\\/#website\",\"url\":\"https:\\\/\\\/regions-snetap-fsu.fr\\\/formation\\\/\",\"name\":\"Formation des sites R\u00e9gionaux du SNETAP-FSU\",\"description\":\"\",\"publisher\":{\"@id\":\"https:\\\/\\\/regions-snetap-fsu.fr\\\/formation\\\/#organization\"},\"potentialAction\":[{\"@type\":\"SearchAction\",\"target\":{\"@type\":\"EntryPoint\",\"urlTemplate\":\"https:\\\/\\\/regions-snetap-fsu.fr\\\/formation\\\/?s={search_term_string}\"},\"query-input\":{\"@type\":\"PropertyValueSpecification\",\"valueRequired\":true,\"valueName\":\"search_term_string\"}}],\"inLanguage\":\"fr-FR\"},{\"@type\":\"Organization\",\"@id\":\"https:\\\/\\\/regions-snetap-fsu.fr\\\/formation\\\/#organization\",\"name\":\"Formation des sites R\u00e9gionaux du SNETAP-FSU\",\"url\":\"https:\\\/\\\/regions-snetap-fsu.fr\\\/formation\\\/\",\"logo\":{\"@type\":\"ImageObject\",\"inLanguage\":\"fr-FR\",\"@id\":\"https:\\\/\\\/regions-snetap-fsu.fr\\\/formation\\\/#\\\/schema\\\/logo\\\/image\\\/\",\"url\":\"https:\\\/\\\/regions-snetap-fsu.fr\\\/formation\\\/wp-content\\\/uploads\\\/sites\\\/20\\\/2025\\\/04\\\/cropped-Logo_blanc_fond_transparent_1000x755.png\",\"contentUrl\":\"https:\\\/\\\/regions-snetap-fsu.fr\\\/formation\\\/wp-content\\\/uploads\\\/sites\\\/20\\\/2025\\\/04\\\/cropped-Logo_blanc_fond_transparent_1000x755.png\",\"width\":998,\"height\":689,\"caption\":\"Formation des sites R\u00e9gionaux du SNETAP-FSU\"},\"image\":{\"@id\":\"https:\\\/\\\/regions-snetap-fsu.fr\\\/formation\\\/#\\\/schema\\\/logo\\\/image\\\/\"}},{\"@type\":\"Person\",\"@id\":\"https:\\\/\\\/regions-snetap-fsu.fr\\\/formation\\\/#\\\/schema\\\/person\\\/f5dc7b6354e942ca9c5fa8e9ff7e5c93\",\"name\":\"yoctavien\",\"image\":{\"@type\":\"ImageObject\",\"inLanguage\":\"fr-FR\",\"@id\":\"https:\\\/\\\/secure.gravatar.com\\\/avatar\\\/382642c092b6b9da14641d3c478df2f3da4a2d17eea25691c232d4dbf735c292?s=96&d=mm&r=g\",\"url\":\"https:\\\/\\\/secure.gravatar.com\\\/avatar\\\/382642c092b6b9da14641d3c478df2f3da4a2d17eea25691c232d4dbf735c292?s=96&d=mm&r=g\",\"contentUrl\":\"https:\\\/\\\/secure.gravatar.com\\\/avatar\\\/382642c092b6b9da14641d3c478df2f3da4a2d17eea25691c232d4dbf735c292?s=96&d=mm&r=g\",\"caption\":\"yoctavien\"},\"url\":\"https:\\\/\\\/regions-snetap-fsu.fr\\\/formation\\\/author\\\/yoctavien\\\/\"}]}<\/script>\n<!-- \/ Yoast SEO plugin. -->","yoast_head_json":{"title":"Journ\u00e9e nationale d\u2019action des retrait\u00e9\u00b7es du jeudi 31 janvier - Formation des sites R\u00e9gionaux du SNETAP-FSU","robots":{"index":"index","follow":"follow","max-snippet":"max-snippet:-1","max-image-preview":"max-image-preview:large","max-video-preview":"max-video-preview:-1"},"canonical":"https:\/\/regions-snetap-fsu.fr\/formation\/2019\/01\/26\/journee-nationale-daction-des-retraite\u00b7es-du-jeudi-31-janvier\/","og_locale":"fr_FR","og_type":"article","og_title":"Journ\u00e9e nationale d\u2019action des retrait\u00e9\u00b7es du jeudi 31 janvier - Formation des sites R\u00e9gionaux du SNETAP-FSU","og_description":"Journ\u00e9e nationale d\u2019action des retrait\u00e9\u00b7es du jeudi 31 janvier La rencontre des 9 organisations syndicales et associations de retrait\u00e9\u00b7es (UCR-CGT, UCR-FO, UNAR-CFTC, UNIR-CFE\/CGC, FSU-Retrait\u00e9s, UNIR-Solidaires, FGR-FP, LSR, UNRPA) du 19 d\u00e9cembre 2018 a d\u00e9cid\u00e9 d\u2019appeler toutes et tous les retrait\u00e9\u00b7es \u00e0 faire du mois de janvier une p\u00e9riode d\u2019initiatives. Elles sont plus que jamais mobilis\u00e9es [&hellip;]","og_url":"https:\/\/regions-snetap-fsu.fr\/formation\/2019\/01\/26\/journee-nationale-daction-des-retraite\u00b7es-du-jeudi-31-janvier\/","og_site_name":"Formation des sites R\u00e9gionaux du SNETAP-FSU","article_published_time":"2019-01-26T16:00:56+00:00","author":"yoctavien","twitter_card":"summary_large_image","twitter_misc":{"\u00c9crit par":"yoctavien","Dur\u00e9e de lecture estim\u00e9e":"1 minute"},"schema":{"@context":"https:\/\/schema.org","@graph":[{"@type":"Article","@id":"https:\/\/regions-snetap-fsu.fr\/formation\/2019\/01\/26\/journee-nationale-daction-des-retraite%c2%b7es-du-jeudi-31-janvier\/#article","isPartOf":{"@id":"https:\/\/regions-snetap-fsu.fr\/formation\/2019\/01\/26\/journee-nationale-daction-des-retraite%c2%b7es-du-jeudi-31-janvier\/"},"author":{"name":"yoctavien","@id":"https:\/\/regions-snetap-fsu.fr\/formation\/#\/schema\/person\/f5dc7b6354e942ca9c5fa8e9ff7e5c93"},"headline":"Journ\u00e9e nationale d\u2019action des retrait\u00e9\u00b7es du jeudi 31 janvier","datePublished":"2019-01-26T16:00:56+00:00","mainEntityOfPage":{"@id":"https:\/\/regions-snetap-fsu.fr\/formation\/2019\/01\/26\/journee-nationale-daction-des-retraite%c2%b7es-du-jeudi-31-janvier\/"},"wordCount":206,"publisher":{"@id":"https:\/\/regions-snetap-fsu.fr\/formation\/#organization"},"articleSection":["Actions - Gr\u00e8ves - Manifs","Communiqu\u00e9s retraites"],"inLanguage":"fr-FR"},{"@type":"WebPage","@id":"https:\/\/regions-snetap-fsu.fr\/formation\/2019\/01\/26\/journee-nationale-daction-des-retraite%c2%b7es-du-jeudi-31-janvier\/","url":"https:\/\/regions-snetap-fsu.fr\/formation\/2019\/01\/26\/journee-nationale-daction-des-retraite%c2%b7es-du-jeudi-31-janvier\/","name":"Journ\u00e9e nationale d\u2019action des retrait\u00e9\u00b7es du jeudi 31 janvier - Formation des sites R\u00e9gionaux du SNETAP-FSU","isPartOf":{"@id":"https:\/\/regions-snetap-fsu.fr\/formation\/#website"},"datePublished":"2019-01-26T16:00:56+00:00","breadcrumb":{"@id":"https:\/\/regions-snetap-fsu.fr\/formation\/2019\/01\/26\/journee-nationale-daction-des-retraite%c2%b7es-du-jeudi-31-janvier\/#breadcrumb"},"inLanguage":"fr-FR","potentialAction":[{"@type":"ReadAction","target":["https:\/\/regions-snetap-fsu.fr\/formation\/2019\/01\/26\/journee-nationale-daction-des-retraite%c2%b7es-du-jeudi-31-janvier\/"]}]},{"@type":"BreadcrumbList","@id":"https:\/\/regions-snetap-fsu.fr\/formation\/2019\/01\/26\/journee-nationale-daction-des-retraite%c2%b7es-du-jeudi-31-janvier\/#breadcrumb","itemListElement":[{"@type":"ListItem","position":1,"name":"Accueil","item":"https:\/\/regions-snetap-fsu.fr\/formation\/"},{"@type":"ListItem","position":2,"name":"Journ\u00e9e nationale d\u2019action des retrait\u00e9\u00b7es du jeudi 31 janvier"}]},{"@type":"WebSite","@id":"https:\/\/regions-snetap-fsu.fr\/formation\/#website","url":"https:\/\/regions-snetap-fsu.fr\/formation\/","name":"Formation des sites R\u00e9gionaux du SNETAP-FSU","description":"","publisher":{"@id":"https:\/\/regions-snetap-fsu.fr\/formation\/#organization"},"potentialAction":[{"@type":"SearchAction","target":{"@type":"EntryPoint","urlTemplate":"https:\/\/regions-snetap-fsu.fr\/formation\/?s={search_term_string}"},"query-input":{"@type":"PropertyValueSpecification","valueRequired":true,"valueName":"search_term_string"}}],"inLanguage":"fr-FR"},{"@type":"Organization","@id":"https:\/\/regions-snetap-fsu.fr\/formation\/#organization","name":"Formation des sites R\u00e9gionaux du SNETAP-FSU","url":"https:\/\/regions-snetap-fsu.fr\/formation\/","logo":{"@type":"ImageObject","inLanguage":"fr-FR","@id":"https:\/\/regions-snetap-fsu.fr\/formation\/#\/schema\/logo\/image\/","url":"https:\/\/regions-snetap-fsu.fr\/formation\/wp-content\/uploads\/sites\/20\/2025\/04\/cropped-Logo_blanc_fond_transparent_1000x755.png","contentUrl":"https:\/\/regions-snetap-fsu.fr\/formation\/wp-content\/uploads\/sites\/20\/2025\/04\/cropped-Logo_blanc_fond_transparent_1000x755.png","width":998,"height":689,"caption":"Formation des sites R\u00e9gionaux du SNETAP-FSU"},"image":{"@id":"https:\/\/regions-snetap-fsu.fr\/formation\/#\/schema\/logo\/image\/"}},{"@type":"Person","@id":"https:\/\/regions-snetap-fsu.fr\/formation\/#\/schema\/person\/f5dc7b6354e942ca9c5fa8e9ff7e5c93","name":"yoctavien","image":{"@type":"ImageObject","inLanguage":"fr-FR","@id":"https:\/\/secure.gravatar.com\/avatar\/382642c092b6b9da14641d3c478df2f3da4a2d17eea25691c232d4dbf735c292?s=96&d=mm&r=g","url":"https:\/\/secure.gravatar.com\/avatar\/382642c092b6b9da14641d3c478df2f3da4a2d17eea25691c232d4dbf735c292?s=96&d=mm&r=g","contentUrl":"https:\/\/secure.gravatar.com\/avatar\/382642c092b6b9da14641d3c478df2f3da4a2d17eea25691c232d4dbf735c292?s=96&d=mm&r=g","caption":"yoctavien"},"url":"https:\/\/regions-snetap-fsu.fr\/formation\/author\/yoctavien\/"}]}},"_links":{"self":[{"href":"https:\/\/regions-snetap-fsu.fr\/formation\/wp-json\/wp\/v2\/posts\/1579","targetHints":{"allow":["GET"]}}],"collection":[{"href":"https:\/\/regions-snetap-fsu.fr\/formation\/wp-json\/wp\/v2\/posts"}],"about":[{"href":"https:\/\/regions-snetap-fsu.fr\/formation\/wp-json\/wp\/v2\/types\/post"}],"author":[{"embeddable":true,"href":"https:\/\/regions-snetap-fsu.fr\/formation\/wp-json\/wp\/v2\/users\/138"}],"replies":[{"embeddable":true,"href":"https:\/\/regions-snetap-fsu.fr\/formation\/wp-json\/wp\/v2\/comments?post=1579"}],"version-history":[{"count":0,"href":"https:\/\/regions-snetap-fsu.fr\/formation\/wp-json\/wp\/v2\/posts\/1579\/revisions"}],"wp:attachment":[{"href":"https:\/\/regions-snetap-fsu.fr\/formation\/wp-json\/wp\/v2\/media?parent=1579"}],"wp:term":[{"taxonomy":"category","embeddable":true,"href":"https:\/\/regions-snetap-fsu.fr\/formation\/wp-json\/wp\/v2\/categories?post=1579"},{"taxonomy":"post_tag","embeddable":true,"href":"https:\/\/regions-snetap-fsu.fr\/formation\/wp-json\/wp\/v2\/tags?post=1579"},{"taxonomy":"post_folder","embeddable":true,"href":"https:\/\/regions-snetap-fsu.fr\/formation\/wp-json\/wp\/v2\/post_folder?post=1579"}],"curies":[{"name":"wp","href":"https:\/\/api.w.org\/{rel}","templated":true}]}}