{"id":1568,"date":"2019-01-26T18:01:48","date_gmt":"2019-01-26T17:01:48","guid":{"rendered":"https:\/\/regions-snetap-fsu.fr\/hdf\/?p=1568"},"modified":"2019-01-26T18:01:48","modified_gmt":"2019-01-26T17:01:48","slug":"petition-contre-suppression-seuils-de-dedoublement","status":"publish","type":"post","link":"https:\/\/regions-snetap-fsu.fr\/formation\/2019\/01\/26\/petition-contre-suppression-seuils-de-dedoublement\/","title":{"rendered":"P\u00e9tition contre suppression seuils de d\u00e9doublement"},"content":{"rendered":"<h2 class=\"post-title\" style=\"text-align: center\"><span style=\"color: #ff0000\">NON A LA SUPPRESSION DES SEUILS DE D\u00c9DOUBLEMENT DANS L\u2019ENSEIGNEMENT AGRICOLE\u00a0!<\/span><\/h2>\n<p style=\"text-align: justify\"><span style=\"color: #0000ff\">Ce 24 janvier 2019, l\u2019Intersyndiacle <span class=\"gl_mot\">CGT<\/span>-Agri, <span class=\"gl_mot\">FO<\/span>-Enseignement Agricole, Snetap-<span class=\"gl_mot\">FSU<\/span> et <span class=\"gl_mot\">SUD<\/span>-Rural Territoires a \u00e9t\u00e9 re\u00e7ue \u00e0 sa demande par le Cabinet du Ministre. Celui-ci a confirm\u00e9 les axes de travail de la <span class=\"gl_mot\">DGER<\/span> sur une modification des seuils de d\u00e9doublement, responsables selon elle de la baisse des effectifs \u00e9l\u00e8ves et par r\u00e9percussion du nombre d\u2019emplois supprim\u00e9s dans l\u2019Enseignement Agricole. Il a pr\u00e9cis\u00e9 ne pas \u00eatre en capacit\u00e9 de nous fournir une analyse fine et chiffr\u00e9e de ces 2000 \u00e9l\u00e8ves en moins.<\/span><br class=\"autobr\" \/><span style=\"color: #ff0000\"><strong class=\"caractencadre2-spip spip\">Des r\u00e9ponses toujours aussi inqui\u00e9tantes et inacceptables pour l\u2019intersyndicale.<\/strong><\/span><\/p>\n<p style=\"text-align: justify\"><span style=\"color: #0000ff\">Ces choix seront mortif\u00e8res \u00e0 moyen terme en faisant baisser l\u2019int\u00e9r\u00eat des familles pour des formations qu\u2019elles pl\u00e9biscitent et pour leur taux de r\u00e9ussite et pour les conditions d\u2019enseignement.<\/span><\/p>\n<p style=\"text-align: justify\"><span style=\"color: #0000ff\">En cons\u00e9quence, l&rsquo;intersyndicale, (<span class=\"gl_mot\">CGT<\/span>-Agri &#8211; <span class=\"gl_mot\">FO<\/span>-Enseignement Agricole &#8211; Snetap-<span class=\"gl_mot\">FSU<\/span> &#8211; <span class=\"gl_mot\">SUD<\/span>-Rural), repr\u00e9sentant 70% des personnels de l\u2019EAP, appelle les personnels de l\u2019Enseignement Agricole Public \u00e0 rester mobilis\u00e9s contre ces projets qui ne peuvent, en tout \u00e9tat de cause que conduire \u00e0 une d\u00e9gradation des conditions d\u2019\u00e9tudes des jeunes qui nous sont confi\u00e9s et de nos conditions de travail et d\u2019emploi.<\/span><\/p>\n<p style=\"text-align: justify\"><span style=\"color: #ff0000\">Sous couvert de conforter nos effectifs, cette \u00ab r\u00e9forme annonc\u00e9e \u00bb revient en fait, en sacrifiant l&rsquo;avenir de nos jeunes, \u00e0 vouloir faire payer aux usagers et aux professionnels de l\u2019\u00c9ducation que nous sommes, la reprise des suppressions d\u2019emplois de fonctionnaires sans vouloir l\u2019assumer politiquement !<\/span><\/p>\n<p><span style=\"color: #0000ff\">Pour davantage d&rsquo;information, consulter le site national du SNETAP-FSU au lien ci-dessous :<\/span><\/p>\n<p><a href=\"https:\/\/www.snetap-fsu.fr\/Ce-24-janvier-2019-l-Intersyndiacle-CGT-Agri.html\" target=\"_blank\" rel=\"noopener\"><span style=\"text-decoration: underline\"><span style=\"color: #000000;text-decoration: underline\">Lien : Seuils de d\u00e9doublement, m\u00e8res de tous les vices ?<\/span><\/span><\/a><\/p>\n<p style=\"text-align: justify\"><span style=\"color: #0000ff\">Lisez et faites lire, signez et faites signer la p\u00e9tition contre la suppression des seuils de d\u00e9doublement dans l&rsquo;enseignement agricole !<\/span><\/p>\n<p><a href=\"https:\/\/intersyndicale.fr\/non-a-la-suppression-des-seuils-de-dedoublement-dans-lenseignement-agricole\/\" target=\"_blank\" rel=\"noopener\"><span style=\"text-decoration: underline;color: #000000\">Lien : pour lire et signer la p\u00e9tition<\/span><\/a><\/p>\n<h3 style=\"text-align: center\"><span style=\"color: #ff0000\">Nous sommes mobilis\u00e9s pour obtenir l&rsquo;am\u00e9lioration des conditions d&rsquo;\u00e9tudes des \u00e9l\u00e8ves et \u00e9tudiants de l&rsquo;Enseignement Agricole Public !<\/span><\/h3>\n<p><img fetchpriority=\"high\" decoding=\"async\" class=\"alignnone size-full wp-image-132 aligncenter\" src=\"https:\/\/intersyndicale.fr\/wp-content\/uploads\/2019\/01\/accueil-petition-02.jpg\" alt=\"Logos CGT, FO, Snetap-FSU, Sud,UNL\" width=\"440\" height=\"400\" \/><\/p>\n","protected":false},"excerpt":{"rendered":"<p>NON A LA SUPPRESSION DES SEUILS DE D\u00c9DOUBLEMENT DANS L\u2019ENSEIGNEMENT AGRICOLE\u00a0! Ce 24 janvier 2019, l\u2019Intersyndiacle CGT-Agri, FO-Enseignement Agricole, Snetap-FSU et SUD-Rural Territoires a \u00e9t\u00e9 re\u00e7ue \u00e0 sa demande par le Cabinet du Ministre. Celui-ci a confirm\u00e9 les axes de travail de la DGER sur une modification des seuils de d\u00e9doublement, responsables selon elle de [&hellip;]<\/p>\n","protected":false},"author":138,"featured_media":0,"comment_status":"closed","ping_status":"closed","sticky":false,"template":"","format":"standard","meta":{"ocean_post_layout":"","ocean_both_sidebars_style":"","ocean_both_sidebars_content_width":0,"ocean_both_sidebars_sidebars_width":0,"ocean_sidebar":"","ocean_second_sidebar":"","ocean_disable_margins":"enable","ocean_add_body_class":"","ocean_shortcode_before_top_bar":"","ocean_shortcode_after_top_bar":"","ocean_shortcode_before_header":"","ocean_shortcode_after_header":"","ocean_has_shortcode":"","ocean_shortcode_after_title":"","ocean_shortcode_before_footer_widgets":"","ocean_shortcode_after_footer_widgets":"","ocean_shortcode_before_footer_bottom":"","ocean_shortcode_after_footer_bottom":"","ocean_display_top_bar":"default","ocean_display_header":"default","ocean_header_style":"","ocean_center_header_left_menu":"","ocean_custom_header_template":"","ocean_custom_logo":0,"ocean_custom_retina_logo":0,"ocean_custom_logo_max_width":0,"ocean_custom_logo_tablet_max_width":0,"ocean_custom_logo_mobile_max_width":0,"ocean_custom_logo_max_height":0,"ocean_custom_logo_tablet_max_height":0,"ocean_custom_logo_mobile_max_height":0,"ocean_header_custom_menu":"","ocean_menu_typo_font_family":"","ocean_menu_typo_font_subset":"","ocean_menu_typo_font_size":0,"ocean_menu_typo_font_size_tablet":0,"ocean_menu_typo_font_size_mobile":0,"ocean_menu_typo_font_size_unit":"px","ocean_menu_typo_font_weight":"","ocean_menu_typo_font_weight_tablet":"","ocean_menu_typo_font_weight_mobile":"","ocean_menu_typo_transform":"","ocean_menu_typo_transform_tablet":"","ocean_menu_typo_transform_mobile":"","ocean_menu_typo_line_height":0,"ocean_menu_typo_line_height_tablet":0,"ocean_menu_typo_line_height_mobile":0,"ocean_menu_typo_line_height_unit":"","ocean_menu_typo_spacing":0,"ocean_menu_typo_spacing_tablet":0,"ocean_menu_typo_spacing_mobile":0,"ocean_menu_typo_spacing_unit":"","ocean_menu_link_color":"","ocean_menu_link_color_hover":"","ocean_menu_link_color_active":"","ocean_menu_link_background":"","ocean_menu_link_hover_background":"","ocean_menu_link_active_background":"","ocean_menu_social_links_bg":"","ocean_menu_social_hover_links_bg":"","ocean_menu_social_links_color":"","ocean_menu_social_hover_links_color":"","ocean_disable_title":"default","ocean_disable_heading":"default","ocean_post_title":"","ocean_post_subheading":"","ocean_post_title_style":"","ocean_post_title_background_color":"","ocean_post_title_background":0,"ocean_post_title_bg_image_position":"","ocean_post_title_bg_image_attachment":"","ocean_post_title_bg_image_repeat":"","ocean_post_title_bg_image_size":"","ocean_post_title_height":0,"ocean_post_title_bg_overlay":0.5,"ocean_post_title_bg_overlay_color":"","ocean_disable_breadcrumbs":"default","ocean_breadcrumbs_color":"","ocean_breadcrumbs_separator_color":"","ocean_breadcrumbs_links_color":"","ocean_breadcrumbs_links_hover_color":"","ocean_display_footer_widgets":"default","ocean_display_footer_bottom":"default","ocean_custom_footer_template":"","ocean_post_oembed":"","ocean_post_self_hosted_media":"","ocean_post_video_embed":"","ocean_link_format":"","ocean_link_format_target":"self","ocean_quote_format":"","ocean_quote_format_link":"post","ocean_gallery_link_images":"on","ocean_gallery_id":[],"footnotes":""},"categories":[26],"tags":[],"post_folder":[],"class_list":["post-1568","post","type-post","status-publish","format-standard","hentry","category-petitions","entry"],"yoast_head":"<!-- This site is optimized with the Yoast SEO plugin v27.4 - https:\/\/yoast.com\/product\/yoast-seo-wordpress\/ -->\n<title>P\u00e9tition contre suppression seuils de d\u00e9doublement - Formation des sites R\u00e9gionaux du SNETAP-FSU<\/title>\n<meta name=\"robots\" content=\"index, follow, max-snippet:-1, max-image-preview:large, max-video-preview:-1\" \/>\n<link rel=\"canonical\" href=\"https:\/\/regions-snetap-fsu.fr\/formation\/2019\/01\/26\/petition-contre-suppression-seuils-de-dedoublement\/\" \/>\n<meta property=\"og:locale\" content=\"fr_FR\" \/>\n<meta property=\"og:type\" content=\"article\" \/>\n<meta property=\"og:title\" content=\"P\u00e9tition contre suppression seuils de d\u00e9doublement - Formation des sites R\u00e9gionaux du SNETAP-FSU\" \/>\n<meta property=\"og:description\" content=\"NON A LA SUPPRESSION DES SEUILS DE D\u00c9DOUBLEMENT DANS L\u2019ENSEIGNEMENT AGRICOLE\u00a0! Ce 24 janvier 2019, l\u2019Intersyndiacle CGT-Agri, FO-Enseignement Agricole, Snetap-FSU et SUD-Rural Territoires a \u00e9t\u00e9 re\u00e7ue \u00e0 sa demande par le Cabinet du Ministre. Celui-ci a confirm\u00e9 les axes de travail de la DGER sur une modification des seuils de d\u00e9doublement, responsables selon elle de [&hellip;]\" \/>\n<meta property=\"og:url\" content=\"https:\/\/regions-snetap-fsu.fr\/formation\/2019\/01\/26\/petition-contre-suppression-seuils-de-dedoublement\/\" \/>\n<meta property=\"og:site_name\" content=\"Formation des sites R\u00e9gionaux du SNETAP-FSU\" \/>\n<meta property=\"article:published_time\" content=\"2019-01-26T17:01:48+00:00\" \/>\n<meta name=\"author\" content=\"yoctavien\" \/>\n<meta name=\"twitter:card\" content=\"summary_large_image\" \/>\n<meta name=\"twitter:label1\" content=\"\u00c9crit par\" \/>\n\t<meta name=\"twitter:data1\" content=\"yoctavien\" \/>\n\t<meta name=\"twitter:label2\" content=\"Dur\u00e9e de lecture estim\u00e9e\" \/>\n\t<meta name=\"twitter:data2\" content=\"2 minutes\" \/>\n<script type=\"application\/ld+json\" class=\"yoast-schema-graph\">{\"@context\":\"https:\\\/\\\/schema.org\",\"@graph\":[{\"@type\":\"Article\",\"@id\":\"https:\\\/\\\/regions-snetap-fsu.fr\\\/formation\\\/2019\\\/01\\\/26\\\/petition-contre-suppression-seuils-de-dedoublement\\\/#article\",\"isPartOf\":{\"@id\":\"https:\\\/\\\/regions-snetap-fsu.fr\\\/formation\\\/2019\\\/01\\\/26\\\/petition-contre-suppression-seuils-de-dedoublement\\\/\"},\"author\":{\"name\":\"yoctavien\",\"@id\":\"https:\\\/\\\/regions-snetap-fsu.fr\\\/formation\\\/#\\\/schema\\\/person\\\/f5dc7b6354e942ca9c5fa8e9ff7e5c93\"},\"headline\":\"P\u00e9tition contre suppression seuils de d\u00e9doublement\",\"datePublished\":\"2019-01-26T17:01:48+00:00\",\"mainEntityOfPage\":{\"@id\":\"https:\\\/\\\/regions-snetap-fsu.fr\\\/formation\\\/2019\\\/01\\\/26\\\/petition-contre-suppression-seuils-de-dedoublement\\\/\"},\"wordCount\":350,\"publisher\":{\"@id\":\"https:\\\/\\\/regions-snetap-fsu.fr\\\/formation\\\/#organization\"},\"image\":{\"@id\":\"https:\\\/\\\/regions-snetap-fsu.fr\\\/formation\\\/2019\\\/01\\\/26\\\/petition-contre-suppression-seuils-de-dedoublement\\\/#primaryimage\"},\"thumbnailUrl\":\"https:\\\/\\\/intersyndicale.fr\\\/wp-content\\\/uploads\\\/2019\\\/01\\\/accueil-petition-02.jpg\",\"articleSection\":[\"P\u00e9titions\"],\"inLanguage\":\"fr-FR\"},{\"@type\":\"WebPage\",\"@id\":\"https:\\\/\\\/regions-snetap-fsu.fr\\\/formation\\\/2019\\\/01\\\/26\\\/petition-contre-suppression-seuils-de-dedoublement\\\/\",\"url\":\"https:\\\/\\\/regions-snetap-fsu.fr\\\/formation\\\/2019\\\/01\\\/26\\\/petition-contre-suppression-seuils-de-dedoublement\\\/\",\"name\":\"P\u00e9tition contre suppression seuils de d\u00e9doublement - Formation des sites R\u00e9gionaux du SNETAP-FSU\",\"isPartOf\":{\"@id\":\"https:\\\/\\\/regions-snetap-fsu.fr\\\/formation\\\/#website\"},\"primaryImageOfPage\":{\"@id\":\"https:\\\/\\\/regions-snetap-fsu.fr\\\/formation\\\/2019\\\/01\\\/26\\\/petition-contre-suppression-seuils-de-dedoublement\\\/#primaryimage\"},\"image\":{\"@id\":\"https:\\\/\\\/regions-snetap-fsu.fr\\\/formation\\\/2019\\\/01\\\/26\\\/petition-contre-suppression-seuils-de-dedoublement\\\/#primaryimage\"},\"thumbnailUrl\":\"https:\\\/\\\/intersyndicale.fr\\\/wp-content\\\/uploads\\\/2019\\\/01\\\/accueil-petition-02.jpg\",\"datePublished\":\"2019-01-26T17:01:48+00:00\",\"breadcrumb\":{\"@id\":\"https:\\\/\\\/regions-snetap-fsu.fr\\\/formation\\\/2019\\\/01\\\/26\\\/petition-contre-suppression-seuils-de-dedoublement\\\/#breadcrumb\"},\"inLanguage\":\"fr-FR\",\"potentialAction\":[{\"@type\":\"ReadAction\",\"target\":[\"https:\\\/\\\/regions-snetap-fsu.fr\\\/formation\\\/2019\\\/01\\\/26\\\/petition-contre-suppression-seuils-de-dedoublement\\\/\"]}]},{\"@type\":\"ImageObject\",\"inLanguage\":\"fr-FR\",\"@id\":\"https:\\\/\\\/regions-snetap-fsu.fr\\\/formation\\\/2019\\\/01\\\/26\\\/petition-contre-suppression-seuils-de-dedoublement\\\/#primaryimage\",\"url\":\"https:\\\/\\\/intersyndicale.fr\\\/wp-content\\\/uploads\\\/2019\\\/01\\\/accueil-petition-02.jpg\",\"contentUrl\":\"https:\\\/\\\/intersyndicale.fr\\\/wp-content\\\/uploads\\\/2019\\\/01\\\/accueil-petition-02.jpg\"},{\"@type\":\"BreadcrumbList\",\"@id\":\"https:\\\/\\\/regions-snetap-fsu.fr\\\/formation\\\/2019\\\/01\\\/26\\\/petition-contre-suppression-seuils-de-dedoublement\\\/#breadcrumb\",\"itemListElement\":[{\"@type\":\"ListItem\",\"position\":1,\"name\":\"Accueil\",\"item\":\"https:\\\/\\\/regions-snetap-fsu.fr\\\/formation\\\/\"},{\"@type\":\"ListItem\",\"position\":2,\"name\":\"P\u00e9tition contre suppression seuils de d\u00e9doublement\"}]},{\"@type\":\"WebSite\",\"@id\":\"https:\\\/\\\/regions-snetap-fsu.fr\\\/formation\\\/#website\",\"url\":\"https:\\\/\\\/regions-snetap-fsu.fr\\\/formation\\\/\",\"name\":\"Formation des sites R\u00e9gionaux du SNETAP-FSU\",\"description\":\"\",\"publisher\":{\"@id\":\"https:\\\/\\\/regions-snetap-fsu.fr\\\/formation\\\/#organization\"},\"potentialAction\":[{\"@type\":\"SearchAction\",\"target\":{\"@type\":\"EntryPoint\",\"urlTemplate\":\"https:\\\/\\\/regions-snetap-fsu.fr\\\/formation\\\/?s={search_term_string}\"},\"query-input\":{\"@type\":\"PropertyValueSpecification\",\"valueRequired\":true,\"valueName\":\"search_term_string\"}}],\"inLanguage\":\"fr-FR\"},{\"@type\":\"Organization\",\"@id\":\"https:\\\/\\\/regions-snetap-fsu.fr\\\/formation\\\/#organization\",\"name\":\"Formation des sites R\u00e9gionaux du SNETAP-FSU\",\"url\":\"https:\\\/\\\/regions-snetap-fsu.fr\\\/formation\\\/\",\"logo\":{\"@type\":\"ImageObject\",\"inLanguage\":\"fr-FR\",\"@id\":\"https:\\\/\\\/regions-snetap-fsu.fr\\\/formation\\\/#\\\/schema\\\/logo\\\/image\\\/\",\"url\":\"https:\\\/\\\/regions-snetap-fsu.fr\\\/formation\\\/wp-content\\\/uploads\\\/sites\\\/20\\\/2025\\\/04\\\/cropped-Logo_blanc_fond_transparent_1000x755.png\",\"contentUrl\":\"https:\\\/\\\/regions-snetap-fsu.fr\\\/formation\\\/wp-content\\\/uploads\\\/sites\\\/20\\\/2025\\\/04\\\/cropped-Logo_blanc_fond_transparent_1000x755.png\",\"width\":998,\"height\":689,\"caption\":\"Formation des sites R\u00e9gionaux du SNETAP-FSU\"},\"image\":{\"@id\":\"https:\\\/\\\/regions-snetap-fsu.fr\\\/formation\\\/#\\\/schema\\\/logo\\\/image\\\/\"}},{\"@type\":\"Person\",\"@id\":\"https:\\\/\\\/regions-snetap-fsu.fr\\\/formation\\\/#\\\/schema\\\/person\\\/f5dc7b6354e942ca9c5fa8e9ff7e5c93\",\"name\":\"yoctavien\",\"image\":{\"@type\":\"ImageObject\",\"inLanguage\":\"fr-FR\",\"@id\":\"https:\\\/\\\/secure.gravatar.com\\\/avatar\\\/382642c092b6b9da14641d3c478df2f3da4a2d17eea25691c232d4dbf735c292?s=96&d=mm&r=g\",\"url\":\"https:\\\/\\\/secure.gravatar.com\\\/avatar\\\/382642c092b6b9da14641d3c478df2f3da4a2d17eea25691c232d4dbf735c292?s=96&d=mm&r=g\",\"contentUrl\":\"https:\\\/\\\/secure.gravatar.com\\\/avatar\\\/382642c092b6b9da14641d3c478df2f3da4a2d17eea25691c232d4dbf735c292?s=96&d=mm&r=g\",\"caption\":\"yoctavien\"},\"url\":\"https:\\\/\\\/regions-snetap-fsu.fr\\\/formation\\\/author\\\/yoctavien\\\/\"}]}<\/script>\n<!-- \/ Yoast SEO plugin. -->","yoast_head_json":{"title":"P\u00e9tition contre suppression seuils de d\u00e9doublement - Formation des sites R\u00e9gionaux du SNETAP-FSU","robots":{"index":"index","follow":"follow","max-snippet":"max-snippet:-1","max-image-preview":"max-image-preview:large","max-video-preview":"max-video-preview:-1"},"canonical":"https:\/\/regions-snetap-fsu.fr\/formation\/2019\/01\/26\/petition-contre-suppression-seuils-de-dedoublement\/","og_locale":"fr_FR","og_type":"article","og_title":"P\u00e9tition contre suppression seuils de d\u00e9doublement - Formation des sites R\u00e9gionaux du SNETAP-FSU","og_description":"NON A LA SUPPRESSION DES SEUILS DE D\u00c9DOUBLEMENT DANS L\u2019ENSEIGNEMENT AGRICOLE\u00a0! Ce 24 janvier 2019, l\u2019Intersyndiacle CGT-Agri, FO-Enseignement Agricole, Snetap-FSU et SUD-Rural Territoires a \u00e9t\u00e9 re\u00e7ue \u00e0 sa demande par le Cabinet du Ministre. Celui-ci a confirm\u00e9 les axes de travail de la DGER sur une modification des seuils de d\u00e9doublement, responsables selon elle de [&hellip;]","og_url":"https:\/\/regions-snetap-fsu.fr\/formation\/2019\/01\/26\/petition-contre-suppression-seuils-de-dedoublement\/","og_site_name":"Formation des sites R\u00e9gionaux du SNETAP-FSU","article_published_time":"2019-01-26T17:01:48+00:00","author":"yoctavien","twitter_card":"summary_large_image","twitter_misc":{"\u00c9crit par":"yoctavien","Dur\u00e9e de lecture estim\u00e9e":"2 minutes"},"schema":{"@context":"https:\/\/schema.org","@graph":[{"@type":"Article","@id":"https:\/\/regions-snetap-fsu.fr\/formation\/2019\/01\/26\/petition-contre-suppression-seuils-de-dedoublement\/#article","isPartOf":{"@id":"https:\/\/regions-snetap-fsu.fr\/formation\/2019\/01\/26\/petition-contre-suppression-seuils-de-dedoublement\/"},"author":{"name":"yoctavien","@id":"https:\/\/regions-snetap-fsu.fr\/formation\/#\/schema\/person\/f5dc7b6354e942ca9c5fa8e9ff7e5c93"},"headline":"P\u00e9tition contre suppression seuils de d\u00e9doublement","datePublished":"2019-01-26T17:01:48+00:00","mainEntityOfPage":{"@id":"https:\/\/regions-snetap-fsu.fr\/formation\/2019\/01\/26\/petition-contre-suppression-seuils-de-dedoublement\/"},"wordCount":350,"publisher":{"@id":"https:\/\/regions-snetap-fsu.fr\/formation\/#organization"},"image":{"@id":"https:\/\/regions-snetap-fsu.fr\/formation\/2019\/01\/26\/petition-contre-suppression-seuils-de-dedoublement\/#primaryimage"},"thumbnailUrl":"https:\/\/intersyndicale.fr\/wp-content\/uploads\/2019\/01\/accueil-petition-02.jpg","articleSection":["P\u00e9titions"],"inLanguage":"fr-FR"},{"@type":"WebPage","@id":"https:\/\/regions-snetap-fsu.fr\/formation\/2019\/01\/26\/petition-contre-suppression-seuils-de-dedoublement\/","url":"https:\/\/regions-snetap-fsu.fr\/formation\/2019\/01\/26\/petition-contre-suppression-seuils-de-dedoublement\/","name":"P\u00e9tition contre suppression seuils de d\u00e9doublement - Formation des sites R\u00e9gionaux du SNETAP-FSU","isPartOf":{"@id":"https:\/\/regions-snetap-fsu.fr\/formation\/#website"},"primaryImageOfPage":{"@id":"https:\/\/regions-snetap-fsu.fr\/formation\/2019\/01\/26\/petition-contre-suppression-seuils-de-dedoublement\/#primaryimage"},"image":{"@id":"https:\/\/regions-snetap-fsu.fr\/formation\/2019\/01\/26\/petition-contre-suppression-seuils-de-dedoublement\/#primaryimage"},"thumbnailUrl":"https:\/\/intersyndicale.fr\/wp-content\/uploads\/2019\/01\/accueil-petition-02.jpg","datePublished":"2019-01-26T17:01:48+00:00","breadcrumb":{"@id":"https:\/\/regions-snetap-fsu.fr\/formation\/2019\/01\/26\/petition-contre-suppression-seuils-de-dedoublement\/#breadcrumb"},"inLanguage":"fr-FR","potentialAction":[{"@type":"ReadAction","target":["https:\/\/regions-snetap-fsu.fr\/formation\/2019\/01\/26\/petition-contre-suppression-seuils-de-dedoublement\/"]}]},{"@type":"ImageObject","inLanguage":"fr-FR","@id":"https:\/\/regions-snetap-fsu.fr\/formation\/2019\/01\/26\/petition-contre-suppression-seuils-de-dedoublement\/#primaryimage","url":"https:\/\/intersyndicale.fr\/wp-content\/uploads\/2019\/01\/accueil-petition-02.jpg","contentUrl":"https:\/\/intersyndicale.fr\/wp-content\/uploads\/2019\/01\/accueil-petition-02.jpg"},{"@type":"BreadcrumbList","@id":"https:\/\/regions-snetap-fsu.fr\/formation\/2019\/01\/26\/petition-contre-suppression-seuils-de-dedoublement\/#breadcrumb","itemListElement":[{"@type":"ListItem","position":1,"name":"Accueil","item":"https:\/\/regions-snetap-fsu.fr\/formation\/"},{"@type":"ListItem","position":2,"name":"P\u00e9tition contre suppression seuils de d\u00e9doublement"}]},{"@type":"WebSite","@id":"https:\/\/regions-snetap-fsu.fr\/formation\/#website","url":"https:\/\/regions-snetap-fsu.fr\/formation\/","name":"Formation des sites R\u00e9gionaux du SNETAP-FSU","description":"","publisher":{"@id":"https:\/\/regions-snetap-fsu.fr\/formation\/#organization"},"potentialAction":[{"@type":"SearchAction","target":{"@type":"EntryPoint","urlTemplate":"https:\/\/regions-snetap-fsu.fr\/formation\/?s={search_term_string}"},"query-input":{"@type":"PropertyValueSpecification","valueRequired":true,"valueName":"search_term_string"}}],"inLanguage":"fr-FR"},{"@type":"Organization","@id":"https:\/\/regions-snetap-fsu.fr\/formation\/#organization","name":"Formation des sites R\u00e9gionaux du SNETAP-FSU","url":"https:\/\/regions-snetap-fsu.fr\/formation\/","logo":{"@type":"ImageObject","inLanguage":"fr-FR","@id":"https:\/\/regions-snetap-fsu.fr\/formation\/#\/schema\/logo\/image\/","url":"https:\/\/regions-snetap-fsu.fr\/formation\/wp-content\/uploads\/sites\/20\/2025\/04\/cropped-Logo_blanc_fond_transparent_1000x755.png","contentUrl":"https:\/\/regions-snetap-fsu.fr\/formation\/wp-content\/uploads\/sites\/20\/2025\/04\/cropped-Logo_blanc_fond_transparent_1000x755.png","width":998,"height":689,"caption":"Formation des sites R\u00e9gionaux du SNETAP-FSU"},"image":{"@id":"https:\/\/regions-snetap-fsu.fr\/formation\/#\/schema\/logo\/image\/"}},{"@type":"Person","@id":"https:\/\/regions-snetap-fsu.fr\/formation\/#\/schema\/person\/f5dc7b6354e942ca9c5fa8e9ff7e5c93","name":"yoctavien","image":{"@type":"ImageObject","inLanguage":"fr-FR","@id":"https:\/\/secure.gravatar.com\/avatar\/382642c092b6b9da14641d3c478df2f3da4a2d17eea25691c232d4dbf735c292?s=96&d=mm&r=g","url":"https:\/\/secure.gravatar.com\/avatar\/382642c092b6b9da14641d3c478df2f3da4a2d17eea25691c232d4dbf735c292?s=96&d=mm&r=g","contentUrl":"https:\/\/secure.gravatar.com\/avatar\/382642c092b6b9da14641d3c478df2f3da4a2d17eea25691c232d4dbf735c292?s=96&d=mm&r=g","caption":"yoctavien"},"url":"https:\/\/regions-snetap-fsu.fr\/formation\/author\/yoctavien\/"}]}},"_links":{"self":[{"href":"https:\/\/regions-snetap-fsu.fr\/formation\/wp-json\/wp\/v2\/posts\/1568","targetHints":{"allow":["GET"]}}],"collection":[{"href":"https:\/\/regions-snetap-fsu.fr\/formation\/wp-json\/wp\/v2\/posts"}],"about":[{"href":"https:\/\/regions-snetap-fsu.fr\/formation\/wp-json\/wp\/v2\/types\/post"}],"author":[{"embeddable":true,"href":"https:\/\/regions-snetap-fsu.fr\/formation\/wp-json\/wp\/v2\/users\/138"}],"replies":[{"embeddable":true,"href":"https:\/\/regions-snetap-fsu.fr\/formation\/wp-json\/wp\/v2\/comments?post=1568"}],"version-history":[{"count":0,"href":"https:\/\/regions-snetap-fsu.fr\/formation\/wp-json\/wp\/v2\/posts\/1568\/revisions"}],"wp:attachment":[{"href":"https:\/\/regions-snetap-fsu.fr\/formation\/wp-json\/wp\/v2\/media?parent=1568"}],"wp:term":[{"taxonomy":"category","embeddable":true,"href":"https:\/\/regions-snetap-fsu.fr\/formation\/wp-json\/wp\/v2\/categories?post=1568"},{"taxonomy":"post_tag","embeddable":true,"href":"https:\/\/regions-snetap-fsu.fr\/formation\/wp-json\/wp\/v2\/tags?post=1568"},{"taxonomy":"post_folder","embeddable":true,"href":"https:\/\/regions-snetap-fsu.fr\/formation\/wp-json\/wp\/v2\/post_folder?post=1568"}],"curies":[{"name":"wp","href":"https:\/\/api.w.org\/{rel}","templated":true}]}}