{"id":1508,"date":"2019-01-21T00:45:37","date_gmt":"2019-01-20T23:45:37","guid":{"rendered":"https:\/\/regions-snetap-fsu.fr\/hdf\/?p=1508"},"modified":"2019-01-21T00:45:37","modified_gmt":"2019-01-20T23:45:37","slug":"greve-et-manifestation-jeudi-24-janvier-2019","status":"publish","type":"post","link":"https:\/\/regions-snetap-fsu.fr\/formation\/2019\/01\/21\/greve-et-manifestation-jeudi-24-janvier-2019\/","title":{"rendered":"Gr\u00e8ve et manifestation jeudi 24 janvier 2019"},"content":{"rendered":"<h2 style=\"text-align: center\"><strong><span style=\"color: #ff0000\">Jeudi 24 janvier 2019 :<\/span><\/strong><\/h2>\n<h2 style=\"text-align: center\"><strong><span style=\"color: #ff0000\">Gr\u00e8ve et mobilisations<br \/>\n<\/span><\/strong><\/h2>\n<h2 style=\"text-align: center\"><span style=\"color: #ff0000\">dans les Hauts-de-France<\/span><\/h2>\n<h3 style=\"text-align: center\"><span style=\"color: #008000\"><strong>Manifestation \u00e0 Lille, <\/strong><strong>14h30, Porte de Paris. <\/strong><\/span><\/h3>\n<h3 style=\"text-align: center\"><span style=\"color: #008000\">AG \u00e0 Amiens, Bourse du travail.<\/span><\/h3>\n<p><span style=\"color: #0000ff\">Les attaques se pr\u00e9cisent encore pour la rentr\u00e9e 2019 et suivantes.<\/span><\/p>\n<p><span style=\"color: #0000ff\">Au programme :<\/span><\/p>\n<ul>\n<li><span style=\"color: #0000ff\">suppression des d\u00e9doublements dans nos classes.<\/span><\/li>\n<li><span style=\"color: #0000ff\">Formations professionnelles renvoy\u00e9es dans la main des employeurs.<\/span><\/li>\n<li><span style=\"color: #0000ff\">Mise en difficult\u00e9 de nos voies tant g\u00e9n\u00e9rales que technologique sur fond de reprise des suppressions d&#8217;emplois.<\/span><\/li>\n<li><span style=\"color: #0000ff\">50 postes d&rsquo;enseignant\u00b7es supprim\u00e9s dont environ les 2\/3 dans l&rsquo;enseignement agricole public.<\/span><\/li>\n<li><span style=\"color: #0000ff\">Gel du point d&rsquo;indice maintenu.<\/span><\/li>\n<li><span style=\"color: #0000ff\">Jour de carence maintenu.<\/span><\/li>\n<li><span style=\"color: #0000ff\">etc.<\/span><\/li>\n<\/ul>\n<p style=\"text-align: justify\"><span style=\"color: #0000ff\">Pour les suppressions de postes, la DGER attend le mouvement des titulaires pour enlever du temps de travail aux ACEN et \u00e9ventuellement ne pas proposer certains postes ou en r\u00e9duire le temps pour les postes de titulaire non pourvus&#8230; Elle va attendre le mouvement des retraites et des ACEN pour que ces suppressions de postes soient le plus invisibles possible aux yeux des usagers.<br \/>\n<\/span><\/p>\n<p><span style=\"color: #0000ff\">Vous <\/span><span style=\"font-family: georgia, palatino, serif;color: #0000ff\">trouverez, en prolongement du Communiqu\u00e9 g\u00e9n\u00e9ral du Conseil Syndical National qui s&rsquo;est tenu ces 16 et 17 janvier, le Texte Action qui a \u00e9t\u00e9 adopt\u00e9 se trouve au lien suivant : <\/span><\/p>\n<div align=\"left\">\n<div align=\"left\"><span style=\"font-family: georgia, palatino, serif;color: #0000ff\"><span style=\"text-decoration: underline;color: #000000\"><a style=\"color: #000000;text-decoration: underline\" href=\"https:\/\/drive.google.com\/open?id=1I9EJibTnbgZ5jy9h0sVpBWnD5uhA5Quu\" target=\"_blank\" rel=\"noopener\">Lien : Communiqu\u00e9 CSN SNETAP-FSU 16-17 janvier<\/a><\/span><br \/>\n<\/span><\/div>\n<div align=\"left\"><a href=\"https:\/\/drive.google.com\/open?id=1rU-8Jvfz1Vp33QtuhGhw5Jozg3AONr37\" target=\"_blank\" rel=\"noopener\"><span style=\"text-decoration: underline;color: #000000\">Lien : Texte Action SNETAP-FSU<\/span><\/a><\/div>\n<\/div>\n<div align=\"left\">.<\/div>\n<div align=\"left\">\n<div style=\"text-align: justify\" align=\"left\"><span style=\"font-family: georgia, palatino, serif;color: #0000ff\"> Deux pr\u00e9avis ont \u00e9t\u00e9 d\u00e9pos\u00e9s, l&rsquo;un aupr\u00e8s du Minist\u00e8re de l&rsquo;Agriculture et qui couvre l&rsquo;ensemble de la p\u00e9riode allant du 17 au 31 <\/span><span style=\"font-family: georgia, palatino, serif;color: #0000ff\">janvier et l&rsquo;autre sp\u00e9cifique \u00e0 la Territoriale pour les Agents Territoriaux de nos \u00e9tablissements.<\/span><\/div>\n<\/div>\n<div align=\"left\">.<\/div>\n<div align=\"left\"><span style=\"color: #0000ff\">Retrouver ces pr\u00e9avis et pr\u00e9cisions pour cette mobilisation sur le site national au lien suivant :<\/span><\/div>\n<div align=\"left\"><a href=\"https:\/\/www.snetap-fsu.fr\/Toutes-et-tous-dans-l-action-des-janvier.html\" target=\"_blank\" rel=\"noopener\"><span style=\"color: #000000\"><span style=\"text-decoration: underline\">Lien : Toutes et tous dans l\u2019action d\u00e8s janvier !<\/span><\/span><\/a><\/div>\n<div align=\"left\">.<\/div>\n<div style=\"text-align: center\" align=\"left\"><span style=\"font-size: 14pt;font-family: georgia, palatino, serif\"><strong><span style=\"color: #ff0000\">Toutes et tous ensemble, venez dire :<\/span><\/strong><\/span><\/div>\n<div style=\"text-align: center\" align=\"left\"><span style=\"font-size: 14pt;font-family: georgia, palatino, serif\"><strong><span style=\"color: #ff0000\">Stop au m\u00e9pris \u00e0 Lille, 14h30, Porte de Paris<\/span><\/strong><\/span><\/div>\n<div align=\"left\">.<\/div>\n<div align=\"left\"><a href=\"https:\/\/www.snetap-fsu.fr\/Au-moins-5-raisons-de-faire-greve-le-24-janvier-2019.html\" target=\"_blank\" rel=\"noopener\"><span style=\"text-decoration: underline\"><span style=\"color: #000000;text-decoration: underline\">Lien : Au moins 5 raisons de faire gr\u00e8ve le 24 janvier<\/span><\/span><\/a><\/div>\n<div align=\"left\">.<\/div>\n<div align=\"left\">\n\t\t<div class=\"wppdfemb-frame-container-1\" style=\"-webkit-overflow-scrolling:auto;\">\n\t\t\t<iframe class=\"pdfembed-iframe nonfullscreen wppdf-emb-iframe-1\"\n\t\t\t\tsrc=\"https:\/\/regions-snetap-fsu.fr\/formation\/?pdfemb-data=eyJ1cmwiOiJodHRwczpcL1wvcmVnaW9ucy1zbmV0YXAtZnN1LmZyXC9oZGZcL3dwLWNvbnRlbnRcL3VwbG9hZHNcL3NpdGVzXC81XC8yMDE5XC8wMVwvQWZmaWNoZV9zbmV0YXBfcGlcdTAwZThnZV8yNF8xMTkucGRmIiwiaW5kZXgiOjEsInBkZklEIjowfQ\"\n\t\t\t\t\t\t\t\tdata-pdf-id=\"0\"\n\t\t\t\tdata-pdf-index=\"1\"\n\t\t\t\tstyle=\"border:none;width:100%;max-width:100%;height:100vh;\"\n\t\t\t\tscrolling=\"yes\">\n\t\t\t<\/iframe>\n\t\t<\/div>\n\n\t\t<\/div>\n<div align=\"left\">\n\t\t<div class=\"wppdfemb-frame-container-2\" style=\"-webkit-overflow-scrolling:auto;\">\n\t\t\t<iframe class=\"pdfembed-iframe nonfullscreen wppdf-emb-iframe-2\"\n\t\t\t\tsrc=\"https:\/\/regions-snetap-fsu.fr\/formation\/?pdfemb-data=eyJ1cmwiOiJodHRwczpcL1wvcmVnaW9ucy1zbmV0YXAtZnN1LmZyXC9oZGZcL3dwLWNvbnRlbnRcL3VwbG9hZHNcL3NpdGVzXC81XC8yMDE5XC8wMVwvQWZmaWNoZV9zbmV0YXBfZWZmb3J0XzI0XzExOS5wZGYiLCJpbmRleCI6MiwicGRmSUQiOjB9\"\n\t\t\t\t\t\t\t\tdata-pdf-id=\"0\"\n\t\t\t\tdata-pdf-index=\"2\"\n\t\t\t\tstyle=\"border:none;width:100%;max-width:100%;height:100vh;\"\n\t\t\t\tscrolling=\"yes\">\n\t\t\t<\/iframe>\n\t\t<\/div>\n\n\t\t<\/div>\n","protected":false},"excerpt":{"rendered":"<p>Jeudi 24 janvier 2019 : Gr\u00e8ve et mobilisations dans les Hauts-de-France Manifestation \u00e0 Lille, 14h30, Porte de Paris. AG \u00e0 Amiens, Bourse du travail. Les attaques se pr\u00e9cisent encore pour la rentr\u00e9e 2019 et suivantes. Au programme : suppression des d\u00e9doublements dans nos classes. Formations professionnelles renvoy\u00e9es dans la main des employeurs. Mise en difficult\u00e9 [&hellip;]<\/p>\n","protected":false},"author":138,"featured_media":0,"comment_status":"closed","ping_status":"closed","sticky":false,"template":"","format":"standard","meta":{"ocean_post_layout":"","ocean_both_sidebars_style":"","ocean_both_sidebars_content_width":0,"ocean_both_sidebars_sidebars_width":0,"ocean_sidebar":"","ocean_second_sidebar":"","ocean_disable_margins":"enable","ocean_add_body_class":"","ocean_shortcode_before_top_bar":"","ocean_shortcode_after_top_bar":"","ocean_shortcode_before_header":"","ocean_shortcode_after_header":"","ocean_has_shortcode":"","ocean_shortcode_after_title":"","ocean_shortcode_before_footer_widgets":"","ocean_shortcode_after_footer_widgets":"","ocean_shortcode_before_footer_bottom":"","ocean_shortcode_after_footer_bottom":"","ocean_display_top_bar":"default","ocean_display_header":"default","ocean_header_style":"","ocean_center_header_left_menu":"","ocean_custom_header_template":"","ocean_custom_logo":0,"ocean_custom_retina_logo":0,"ocean_custom_logo_max_width":0,"ocean_custom_logo_tablet_max_width":0,"ocean_custom_logo_mobile_max_width":0,"ocean_custom_logo_max_height":0,"ocean_custom_logo_tablet_max_height":0,"ocean_custom_logo_mobile_max_height":0,"ocean_header_custom_menu":"","ocean_menu_typo_font_family":"","ocean_menu_typo_font_subset":"","ocean_menu_typo_font_size":0,"ocean_menu_typo_font_size_tablet":0,"ocean_menu_typo_font_size_mobile":0,"ocean_menu_typo_font_size_unit":"px","ocean_menu_typo_font_weight":"","ocean_menu_typo_font_weight_tablet":"","ocean_menu_typo_font_weight_mobile":"","ocean_menu_typo_transform":"","ocean_menu_typo_transform_tablet":"","ocean_menu_typo_transform_mobile":"","ocean_menu_typo_line_height":0,"ocean_menu_typo_line_height_tablet":0,"ocean_menu_typo_line_height_mobile":0,"ocean_menu_typo_line_height_unit":"","ocean_menu_typo_spacing":0,"ocean_menu_typo_spacing_tablet":0,"ocean_menu_typo_spacing_mobile":0,"ocean_menu_typo_spacing_unit":"","ocean_menu_link_color":"","ocean_menu_link_color_hover":"","ocean_menu_link_color_active":"","ocean_menu_link_background":"","ocean_menu_link_hover_background":"","ocean_menu_link_active_background":"","ocean_menu_social_links_bg":"","ocean_menu_social_hover_links_bg":"","ocean_menu_social_links_color":"","ocean_menu_social_hover_links_color":"","ocean_disable_title":"default","ocean_disable_heading":"default","ocean_post_title":"","ocean_post_subheading":"","ocean_post_title_style":"","ocean_post_title_background_color":"","ocean_post_title_background":0,"ocean_post_title_bg_image_position":"","ocean_post_title_bg_image_attachment":"","ocean_post_title_bg_image_repeat":"","ocean_post_title_bg_image_size":"","ocean_post_title_height":0,"ocean_post_title_bg_overlay":0.5,"ocean_post_title_bg_overlay_color":"","ocean_disable_breadcrumbs":"default","ocean_breadcrumbs_color":"","ocean_breadcrumbs_separator_color":"","ocean_breadcrumbs_links_color":"","ocean_breadcrumbs_links_hover_color":"","ocean_display_footer_widgets":"default","ocean_display_footer_bottom":"default","ocean_custom_footer_template":"","ocean_post_oembed":"","ocean_post_self_hosted_media":"","ocean_post_video_embed":"","ocean_link_format":"","ocean_link_format_target":"self","ocean_quote_format":"","ocean_quote_format_link":"post","ocean_gallery_link_images":"on","ocean_gallery_id":[],"footnotes":""},"categories":[3],"tags":[],"post_folder":[],"class_list":["post-1508","post","type-post","status-publish","format-standard","hentry","category-actions-greves-manifs","entry"],"yoast_head":"<!-- This site is optimized with the Yoast SEO plugin v27.4 - https:\/\/yoast.com\/product\/yoast-seo-wordpress\/ -->\n<title>Gr\u00e8ve et manifestation jeudi 24 janvier 2019 - Formation des sites R\u00e9gionaux du SNETAP-FSU<\/title>\n<meta name=\"robots\" content=\"index, follow, max-snippet:-1, max-image-preview:large, max-video-preview:-1\" \/>\n<link rel=\"canonical\" href=\"https:\/\/regions-snetap-fsu.fr\/formation\/2019\/01\/21\/greve-et-manifestation-jeudi-24-janvier-2019\/\" \/>\n<meta property=\"og:locale\" content=\"fr_FR\" \/>\n<meta property=\"og:type\" content=\"article\" \/>\n<meta property=\"og:title\" content=\"Gr\u00e8ve et manifestation jeudi 24 janvier 2019 - Formation des sites R\u00e9gionaux du SNETAP-FSU\" \/>\n<meta property=\"og:description\" content=\"Jeudi 24 janvier 2019 : Gr\u00e8ve et mobilisations dans les Hauts-de-France Manifestation \u00e0 Lille, 14h30, Porte de Paris. AG \u00e0 Amiens, Bourse du travail. Les attaques se pr\u00e9cisent encore pour la rentr\u00e9e 2019 et suivantes. Au programme : suppression des d\u00e9doublements dans nos classes. Formations professionnelles renvoy\u00e9es dans la main des employeurs. Mise en difficult\u00e9 [&hellip;]\" \/>\n<meta property=\"og:url\" content=\"https:\/\/regions-snetap-fsu.fr\/formation\/2019\/01\/21\/greve-et-manifestation-jeudi-24-janvier-2019\/\" \/>\n<meta property=\"og:site_name\" content=\"Formation des sites R\u00e9gionaux du SNETAP-FSU\" \/>\n<meta property=\"article:published_time\" content=\"2019-01-20T23:45:37+00:00\" \/>\n<meta name=\"author\" content=\"yoctavien\" \/>\n<meta name=\"twitter:card\" content=\"summary_large_image\" \/>\n<meta name=\"twitter:label1\" content=\"\u00c9crit par\" \/>\n\t<meta name=\"twitter:data1\" content=\"yoctavien\" \/>\n\t<meta name=\"twitter:label2\" content=\"Dur\u00e9e de lecture estim\u00e9e\" \/>\n\t<meta name=\"twitter:data2\" content=\"2 minutes\" \/>\n<script type=\"application\/ld+json\" class=\"yoast-schema-graph\">{\"@context\":\"https:\\\/\\\/schema.org\",\"@graph\":[{\"@type\":\"Article\",\"@id\":\"https:\\\/\\\/regions-snetap-fsu.fr\\\/formation\\\/2019\\\/01\\\/21\\\/greve-et-manifestation-jeudi-24-janvier-2019\\\/#article\",\"isPartOf\":{\"@id\":\"https:\\\/\\\/regions-snetap-fsu.fr\\\/formation\\\/2019\\\/01\\\/21\\\/greve-et-manifestation-jeudi-24-janvier-2019\\\/\"},\"author\":{\"name\":\"yoctavien\",\"@id\":\"https:\\\/\\\/regions-snetap-fsu.fr\\\/formation\\\/#\\\/schema\\\/person\\\/f5dc7b6354e942ca9c5fa8e9ff7e5c93\"},\"headline\":\"Gr\u00e8ve et manifestation jeudi 24 janvier 2019\",\"datePublished\":\"2019-01-20T23:45:37+00:00\",\"mainEntityOfPage\":{\"@id\":\"https:\\\/\\\/regions-snetap-fsu.fr\\\/formation\\\/2019\\\/01\\\/21\\\/greve-et-manifestation-jeudi-24-janvier-2019\\\/\"},\"wordCount\":332,\"publisher\":{\"@id\":\"https:\\\/\\\/regions-snetap-fsu.fr\\\/formation\\\/#organization\"},\"articleSection\":[\"Actions - Gr\u00e8ves - Manifs\"],\"inLanguage\":\"fr-FR\"},{\"@type\":\"WebPage\",\"@id\":\"https:\\\/\\\/regions-snetap-fsu.fr\\\/formation\\\/2019\\\/01\\\/21\\\/greve-et-manifestation-jeudi-24-janvier-2019\\\/\",\"url\":\"https:\\\/\\\/regions-snetap-fsu.fr\\\/formation\\\/2019\\\/01\\\/21\\\/greve-et-manifestation-jeudi-24-janvier-2019\\\/\",\"name\":\"Gr\u00e8ve et manifestation jeudi 24 janvier 2019 - Formation des sites R\u00e9gionaux du SNETAP-FSU\",\"isPartOf\":{\"@id\":\"https:\\\/\\\/regions-snetap-fsu.fr\\\/formation\\\/#website\"},\"datePublished\":\"2019-01-20T23:45:37+00:00\",\"breadcrumb\":{\"@id\":\"https:\\\/\\\/regions-snetap-fsu.fr\\\/formation\\\/2019\\\/01\\\/21\\\/greve-et-manifestation-jeudi-24-janvier-2019\\\/#breadcrumb\"},\"inLanguage\":\"fr-FR\",\"potentialAction\":[{\"@type\":\"ReadAction\",\"target\":[\"https:\\\/\\\/regions-snetap-fsu.fr\\\/formation\\\/2019\\\/01\\\/21\\\/greve-et-manifestation-jeudi-24-janvier-2019\\\/\"]}]},{\"@type\":\"BreadcrumbList\",\"@id\":\"https:\\\/\\\/regions-snetap-fsu.fr\\\/formation\\\/2019\\\/01\\\/21\\\/greve-et-manifestation-jeudi-24-janvier-2019\\\/#breadcrumb\",\"itemListElement\":[{\"@type\":\"ListItem\",\"position\":1,\"name\":\"Accueil\",\"item\":\"https:\\\/\\\/regions-snetap-fsu.fr\\\/formation\\\/\"},{\"@type\":\"ListItem\",\"position\":2,\"name\":\"Gr\u00e8ve et manifestation jeudi 24 janvier 2019\"}]},{\"@type\":\"WebSite\",\"@id\":\"https:\\\/\\\/regions-snetap-fsu.fr\\\/formation\\\/#website\",\"url\":\"https:\\\/\\\/regions-snetap-fsu.fr\\\/formation\\\/\",\"name\":\"Formation des sites R\u00e9gionaux du SNETAP-FSU\",\"description\":\"\",\"publisher\":{\"@id\":\"https:\\\/\\\/regions-snetap-fsu.fr\\\/formation\\\/#organization\"},\"potentialAction\":[{\"@type\":\"SearchAction\",\"target\":{\"@type\":\"EntryPoint\",\"urlTemplate\":\"https:\\\/\\\/regions-snetap-fsu.fr\\\/formation\\\/?s={search_term_string}\"},\"query-input\":{\"@type\":\"PropertyValueSpecification\",\"valueRequired\":true,\"valueName\":\"search_term_string\"}}],\"inLanguage\":\"fr-FR\"},{\"@type\":\"Organization\",\"@id\":\"https:\\\/\\\/regions-snetap-fsu.fr\\\/formation\\\/#organization\",\"name\":\"Formation des sites R\u00e9gionaux du SNETAP-FSU\",\"url\":\"https:\\\/\\\/regions-snetap-fsu.fr\\\/formation\\\/\",\"logo\":{\"@type\":\"ImageObject\",\"inLanguage\":\"fr-FR\",\"@id\":\"https:\\\/\\\/regions-snetap-fsu.fr\\\/formation\\\/#\\\/schema\\\/logo\\\/image\\\/\",\"url\":\"https:\\\/\\\/regions-snetap-fsu.fr\\\/formation\\\/wp-content\\\/uploads\\\/sites\\\/20\\\/2025\\\/04\\\/cropped-Logo_blanc_fond_transparent_1000x755.png\",\"contentUrl\":\"https:\\\/\\\/regions-snetap-fsu.fr\\\/formation\\\/wp-content\\\/uploads\\\/sites\\\/20\\\/2025\\\/04\\\/cropped-Logo_blanc_fond_transparent_1000x755.png\",\"width\":998,\"height\":689,\"caption\":\"Formation des sites R\u00e9gionaux du SNETAP-FSU\"},\"image\":{\"@id\":\"https:\\\/\\\/regions-snetap-fsu.fr\\\/formation\\\/#\\\/schema\\\/logo\\\/image\\\/\"}},{\"@type\":\"Person\",\"@id\":\"https:\\\/\\\/regions-snetap-fsu.fr\\\/formation\\\/#\\\/schema\\\/person\\\/f5dc7b6354e942ca9c5fa8e9ff7e5c93\",\"name\":\"yoctavien\",\"image\":{\"@type\":\"ImageObject\",\"inLanguage\":\"fr-FR\",\"@id\":\"https:\\\/\\\/secure.gravatar.com\\\/avatar\\\/382642c092b6b9da14641d3c478df2f3da4a2d17eea25691c232d4dbf735c292?s=96&d=mm&r=g\",\"url\":\"https:\\\/\\\/secure.gravatar.com\\\/avatar\\\/382642c092b6b9da14641d3c478df2f3da4a2d17eea25691c232d4dbf735c292?s=96&d=mm&r=g\",\"contentUrl\":\"https:\\\/\\\/secure.gravatar.com\\\/avatar\\\/382642c092b6b9da14641d3c478df2f3da4a2d17eea25691c232d4dbf735c292?s=96&d=mm&r=g\",\"caption\":\"yoctavien\"},\"url\":\"https:\\\/\\\/regions-snetap-fsu.fr\\\/formation\\\/author\\\/yoctavien\\\/\"}]}<\/script>\n<!-- \/ Yoast SEO plugin. -->","yoast_head_json":{"title":"Gr\u00e8ve et manifestation jeudi 24 janvier 2019 - Formation des sites R\u00e9gionaux du SNETAP-FSU","robots":{"index":"index","follow":"follow","max-snippet":"max-snippet:-1","max-image-preview":"max-image-preview:large","max-video-preview":"max-video-preview:-1"},"canonical":"https:\/\/regions-snetap-fsu.fr\/formation\/2019\/01\/21\/greve-et-manifestation-jeudi-24-janvier-2019\/","og_locale":"fr_FR","og_type":"article","og_title":"Gr\u00e8ve et manifestation jeudi 24 janvier 2019 - Formation des sites R\u00e9gionaux du SNETAP-FSU","og_description":"Jeudi 24 janvier 2019 : Gr\u00e8ve et mobilisations dans les Hauts-de-France Manifestation \u00e0 Lille, 14h30, Porte de Paris. AG \u00e0 Amiens, Bourse du travail. Les attaques se pr\u00e9cisent encore pour la rentr\u00e9e 2019 et suivantes. Au programme : suppression des d\u00e9doublements dans nos classes. Formations professionnelles renvoy\u00e9es dans la main des employeurs. Mise en difficult\u00e9 [&hellip;]","og_url":"https:\/\/regions-snetap-fsu.fr\/formation\/2019\/01\/21\/greve-et-manifestation-jeudi-24-janvier-2019\/","og_site_name":"Formation des sites R\u00e9gionaux du SNETAP-FSU","article_published_time":"2019-01-20T23:45:37+00:00","author":"yoctavien","twitter_card":"summary_large_image","twitter_misc":{"\u00c9crit par":"yoctavien","Dur\u00e9e de lecture estim\u00e9e":"2 minutes"},"schema":{"@context":"https:\/\/schema.org","@graph":[{"@type":"Article","@id":"https:\/\/regions-snetap-fsu.fr\/formation\/2019\/01\/21\/greve-et-manifestation-jeudi-24-janvier-2019\/#article","isPartOf":{"@id":"https:\/\/regions-snetap-fsu.fr\/formation\/2019\/01\/21\/greve-et-manifestation-jeudi-24-janvier-2019\/"},"author":{"name":"yoctavien","@id":"https:\/\/regions-snetap-fsu.fr\/formation\/#\/schema\/person\/f5dc7b6354e942ca9c5fa8e9ff7e5c93"},"headline":"Gr\u00e8ve et manifestation jeudi 24 janvier 2019","datePublished":"2019-01-20T23:45:37+00:00","mainEntityOfPage":{"@id":"https:\/\/regions-snetap-fsu.fr\/formation\/2019\/01\/21\/greve-et-manifestation-jeudi-24-janvier-2019\/"},"wordCount":332,"publisher":{"@id":"https:\/\/regions-snetap-fsu.fr\/formation\/#organization"},"articleSection":["Actions - Gr\u00e8ves - Manifs"],"inLanguage":"fr-FR"},{"@type":"WebPage","@id":"https:\/\/regions-snetap-fsu.fr\/formation\/2019\/01\/21\/greve-et-manifestation-jeudi-24-janvier-2019\/","url":"https:\/\/regions-snetap-fsu.fr\/formation\/2019\/01\/21\/greve-et-manifestation-jeudi-24-janvier-2019\/","name":"Gr\u00e8ve et manifestation jeudi 24 janvier 2019 - Formation des sites R\u00e9gionaux du SNETAP-FSU","isPartOf":{"@id":"https:\/\/regions-snetap-fsu.fr\/formation\/#website"},"datePublished":"2019-01-20T23:45:37+00:00","breadcrumb":{"@id":"https:\/\/regions-snetap-fsu.fr\/formation\/2019\/01\/21\/greve-et-manifestation-jeudi-24-janvier-2019\/#breadcrumb"},"inLanguage":"fr-FR","potentialAction":[{"@type":"ReadAction","target":["https:\/\/regions-snetap-fsu.fr\/formation\/2019\/01\/21\/greve-et-manifestation-jeudi-24-janvier-2019\/"]}]},{"@type":"BreadcrumbList","@id":"https:\/\/regions-snetap-fsu.fr\/formation\/2019\/01\/21\/greve-et-manifestation-jeudi-24-janvier-2019\/#breadcrumb","itemListElement":[{"@type":"ListItem","position":1,"name":"Accueil","item":"https:\/\/regions-snetap-fsu.fr\/formation\/"},{"@type":"ListItem","position":2,"name":"Gr\u00e8ve et manifestation jeudi 24 janvier 2019"}]},{"@type":"WebSite","@id":"https:\/\/regions-snetap-fsu.fr\/formation\/#website","url":"https:\/\/regions-snetap-fsu.fr\/formation\/","name":"Formation des sites R\u00e9gionaux du SNETAP-FSU","description":"","publisher":{"@id":"https:\/\/regions-snetap-fsu.fr\/formation\/#organization"},"potentialAction":[{"@type":"SearchAction","target":{"@type":"EntryPoint","urlTemplate":"https:\/\/regions-snetap-fsu.fr\/formation\/?s={search_term_string}"},"query-input":{"@type":"PropertyValueSpecification","valueRequired":true,"valueName":"search_term_string"}}],"inLanguage":"fr-FR"},{"@type":"Organization","@id":"https:\/\/regions-snetap-fsu.fr\/formation\/#organization","name":"Formation des sites R\u00e9gionaux du SNETAP-FSU","url":"https:\/\/regions-snetap-fsu.fr\/formation\/","logo":{"@type":"ImageObject","inLanguage":"fr-FR","@id":"https:\/\/regions-snetap-fsu.fr\/formation\/#\/schema\/logo\/image\/","url":"https:\/\/regions-snetap-fsu.fr\/formation\/wp-content\/uploads\/sites\/20\/2025\/04\/cropped-Logo_blanc_fond_transparent_1000x755.png","contentUrl":"https:\/\/regions-snetap-fsu.fr\/formation\/wp-content\/uploads\/sites\/20\/2025\/04\/cropped-Logo_blanc_fond_transparent_1000x755.png","width":998,"height":689,"caption":"Formation des sites R\u00e9gionaux du SNETAP-FSU"},"image":{"@id":"https:\/\/regions-snetap-fsu.fr\/formation\/#\/schema\/logo\/image\/"}},{"@type":"Person","@id":"https:\/\/regions-snetap-fsu.fr\/formation\/#\/schema\/person\/f5dc7b6354e942ca9c5fa8e9ff7e5c93","name":"yoctavien","image":{"@type":"ImageObject","inLanguage":"fr-FR","@id":"https:\/\/secure.gravatar.com\/avatar\/382642c092b6b9da14641d3c478df2f3da4a2d17eea25691c232d4dbf735c292?s=96&d=mm&r=g","url":"https:\/\/secure.gravatar.com\/avatar\/382642c092b6b9da14641d3c478df2f3da4a2d17eea25691c232d4dbf735c292?s=96&d=mm&r=g","contentUrl":"https:\/\/secure.gravatar.com\/avatar\/382642c092b6b9da14641d3c478df2f3da4a2d17eea25691c232d4dbf735c292?s=96&d=mm&r=g","caption":"yoctavien"},"url":"https:\/\/regions-snetap-fsu.fr\/formation\/author\/yoctavien\/"}]}},"_links":{"self":[{"href":"https:\/\/regions-snetap-fsu.fr\/formation\/wp-json\/wp\/v2\/posts\/1508","targetHints":{"allow":["GET"]}}],"collection":[{"href":"https:\/\/regions-snetap-fsu.fr\/formation\/wp-json\/wp\/v2\/posts"}],"about":[{"href":"https:\/\/regions-snetap-fsu.fr\/formation\/wp-json\/wp\/v2\/types\/post"}],"author":[{"embeddable":true,"href":"https:\/\/regions-snetap-fsu.fr\/formation\/wp-json\/wp\/v2\/users\/138"}],"replies":[{"embeddable":true,"href":"https:\/\/regions-snetap-fsu.fr\/formation\/wp-json\/wp\/v2\/comments?post=1508"}],"version-history":[{"count":0,"href":"https:\/\/regions-snetap-fsu.fr\/formation\/wp-json\/wp\/v2\/posts\/1508\/revisions"}],"wp:attachment":[{"href":"https:\/\/regions-snetap-fsu.fr\/formation\/wp-json\/wp\/v2\/media?parent=1508"}],"wp:term":[{"taxonomy":"category","embeddable":true,"href":"https:\/\/regions-snetap-fsu.fr\/formation\/wp-json\/wp\/v2\/categories?post=1508"},{"taxonomy":"post_tag","embeddable":true,"href":"https:\/\/regions-snetap-fsu.fr\/formation\/wp-json\/wp\/v2\/tags?post=1508"},{"taxonomy":"post_folder","embeddable":true,"href":"https:\/\/regions-snetap-fsu.fr\/formation\/wp-json\/wp\/v2\/post_folder?post=1508"}],"curies":[{"name":"wp","href":"https:\/\/api.w.org\/{rel}","templated":true}]}}