{"id":1479,"date":"2019-01-11T19:19:23","date_gmt":"2019-01-11T18:19:23","guid":{"rendered":"https:\/\/regions-snetap-fsu.fr\/hdf\/?p=1479"},"modified":"2019-01-11T19:19:23","modified_gmt":"2019-01-11T18:19:23","slug":"petition-fsu-obligation-de-reserve","status":"publish","type":"post","link":"https:\/\/regions-snetap-fsu.fr\/formation\/2019\/01\/11\/petition-fsu-obligation-de-reserve\/","title":{"rendered":"P\u00e9tition FSU \/ Obligation de r\u00e9serve"},"content":{"rendered":"<h2 style=\"text-align: center\"><span style=\"color: #ff0000\">La libert\u00e9 d&rsquo;expression,<\/span><\/h2>\n<h2 style=\"text-align: center\"><span style=\"color: #ff0000\">nous devons la garder,<\/span><\/h2>\n<h2 style=\"text-align: center\"><span style=\"color: #ff0000\">je signe la p\u00e9tition de la FSU !<\/span><\/h2>\n<div style=\"text-align: justify\" align=\"left\"><span style=\"color: #0000ff;font-family: georgia, palatino, serif\">La FSU a d\u00e9cid\u00e9 d&rsquo;initier une p\u00e9tition pour d\u00e9noncer l&rsquo;article 1 du projet de loi\u00a0<i>\u00ab\u00a0pour une \u00e9cole de la confiance\u00a0\u00bb<\/i>.\u00a0<\/span><\/div>\n<div align=\"left\">.<\/div>\n<div style=\"text-align: justify\" align=\"left\"><span style=\"color: #0000ff;font-family: georgia, palatino, serif\">Cet article vise \u00e0 inscrire dans la loi une obligation de r\u00e9serve qui n&rsquo;existe pas <span id=\"OBJ_PREFIX_DWT473_com_zimbra_date\" class=\"Object\">aujourd&rsquo;hui<\/span>.<\/span><\/div>\n<div align=\"left\">.<\/div>\n<div style=\"text-align: justify\" align=\"left\"><span style=\"color: #0000ff;font-family: georgia, palatino, serif\">Nous rappelons donc notre attachement aux statuts et \u00e0 la loi qui obligent les personnels de l\u2019Enseignement Agricole (comme tous fonctionnaires) \u00e0 se conformer aux instructions (art.28) aux obligations de discr\u00e9tion, au secret professionnel (art.26), \u00e0 la neutralit\u00e9 (art.25) mais pas \u00e0 la r\u00e9serve.<\/span><\/div>\n<div align=\"left\">.<\/div>\n<div style=\"text-align: justify\" align=\"left\"><span style=\"color: #000000;font-family: georgia, palatino, serif\"><span style=\"color: #0000ff\">Ci-dessous, le lien pour utiliser et faire signer massivement cette p\u00e9tition (site, publication, etc&#8230;):<\/span><br \/>\n<\/span><\/div>\n<div align=\"left\">.<\/div>\n<div style=\"text-align: center\" align=\"left\"><a href=\"https:\/\/liberte-expression.fsu.fr\/\" target=\"_blank\" rel=\"noopener\"><span style=\"text-decoration: underline\"><span style=\"color: #000000;text-decoration: underline\">Lien : P\u00e9tition FSU &#8211; Obligation de r\u00e9serve<\/span><\/span><\/a><\/div>\n<div align=\"left\">.<\/div>\n<div style=\"text-align: center\" align=\"left\"><span style=\"color: #000000;font-family: georgia, palatino, serif\"><strong><span style=\"color: #ff0000\">Ne laissez pas les fonctionnaires et les repr\u00e9sentant\u00b7es syndicaux\u00b7les<\/span><\/strong><\/span><\/div>\n<div style=\"text-align: center\" align=\"left\"><span style=\"color: #000000;font-family: georgia, palatino, serif\"><strong><span style=\"color: #ff0000\"> se faire b\u00e2illonner par le gouvernement !<\/span><\/strong><br \/>\n<\/span><\/div>\n<div align=\"left\">.<\/div>\n<div align=\"left\"><img decoding=\"async\" class=\"petition__une\" src=\"https:\/\/cdn.snuipp.fr\/cdn\/visuels\/fsu\/petitionLiberteExpression.jpg\" alt=\"Je signe la p\u00e9tition\" \/><\/div>\n","protected":false},"excerpt":{"rendered":"<p>La libert\u00e9 d&rsquo;expression, nous devons la garder, je signe la p\u00e9tition de la FSU ! La FSU a d\u00e9cid\u00e9 d&rsquo;initier une p\u00e9tition pour d\u00e9noncer l&rsquo;article 1 du projet de loi\u00a0\u00ab\u00a0pour une \u00e9cole de la confiance\u00a0\u00bb.\u00a0 . Cet article vise \u00e0 inscrire dans la loi une obligation de r\u00e9serve qui n&rsquo;existe pas aujourd&rsquo;hui. . Nous rappelons [&hellip;]<\/p>\n","protected":false},"author":138,"featured_media":0,"comment_status":"closed","ping_status":"closed","sticky":false,"template":"","format":"standard","meta":{"ocean_post_layout":"","ocean_both_sidebars_style":"","ocean_both_sidebars_content_width":0,"ocean_both_sidebars_sidebars_width":0,"ocean_sidebar":"","ocean_second_sidebar":"","ocean_disable_margins":"enable","ocean_add_body_class":"","ocean_shortcode_before_top_bar":"","ocean_shortcode_after_top_bar":"","ocean_shortcode_before_header":"","ocean_shortcode_after_header":"","ocean_has_shortcode":"","ocean_shortcode_after_title":"","ocean_shortcode_before_footer_widgets":"","ocean_shortcode_after_footer_widgets":"","ocean_shortcode_before_footer_bottom":"","ocean_shortcode_after_footer_bottom":"","ocean_display_top_bar":"default","ocean_display_header":"default","ocean_header_style":"","ocean_center_header_left_menu":"","ocean_custom_header_template":"","ocean_custom_logo":0,"ocean_custom_retina_logo":0,"ocean_custom_logo_max_width":0,"ocean_custom_logo_tablet_max_width":0,"ocean_custom_logo_mobile_max_width":0,"ocean_custom_logo_max_height":0,"ocean_custom_logo_tablet_max_height":0,"ocean_custom_logo_mobile_max_height":0,"ocean_header_custom_menu":"","ocean_menu_typo_font_family":"","ocean_menu_typo_font_subset":"","ocean_menu_typo_font_size":0,"ocean_menu_typo_font_size_tablet":0,"ocean_menu_typo_font_size_mobile":0,"ocean_menu_typo_font_size_unit":"px","ocean_menu_typo_font_weight":"","ocean_menu_typo_font_weight_tablet":"","ocean_menu_typo_font_weight_mobile":"","ocean_menu_typo_transform":"","ocean_menu_typo_transform_tablet":"","ocean_menu_typo_transform_mobile":"","ocean_menu_typo_line_height":0,"ocean_menu_typo_line_height_tablet":0,"ocean_menu_typo_line_height_mobile":0,"ocean_menu_typo_line_height_unit":"","ocean_menu_typo_spacing":0,"ocean_menu_typo_spacing_tablet":0,"ocean_menu_typo_spacing_mobile":0,"ocean_menu_typo_spacing_unit":"","ocean_menu_link_color":"","ocean_menu_link_color_hover":"","ocean_menu_link_color_active":"","ocean_menu_link_background":"","ocean_menu_link_hover_background":"","ocean_menu_link_active_background":"","ocean_menu_social_links_bg":"","ocean_menu_social_hover_links_bg":"","ocean_menu_social_links_color":"","ocean_menu_social_hover_links_color":"","ocean_disable_title":"default","ocean_disable_heading":"default","ocean_post_title":"","ocean_post_subheading":"","ocean_post_title_style":"","ocean_post_title_background_color":"","ocean_post_title_background":0,"ocean_post_title_bg_image_position":"","ocean_post_title_bg_image_attachment":"","ocean_post_title_bg_image_repeat":"","ocean_post_title_bg_image_size":"","ocean_post_title_height":0,"ocean_post_title_bg_overlay":0.5,"ocean_post_title_bg_overlay_color":"","ocean_disable_breadcrumbs":"default","ocean_breadcrumbs_color":"","ocean_breadcrumbs_separator_color":"","ocean_breadcrumbs_links_color":"","ocean_breadcrumbs_links_hover_color":"","ocean_display_footer_widgets":"default","ocean_display_footer_bottom":"default","ocean_custom_footer_template":"","ocean_post_oembed":"","ocean_post_self_hosted_media":"","ocean_post_video_embed":"","ocean_link_format":"","ocean_link_format_target":"self","ocean_quote_format":"","ocean_quote_format_link":"post","ocean_gallery_link_images":"on","ocean_gallery_id":[],"footnotes":""},"categories":[3,26],"tags":[],"post_folder":[],"class_list":["post-1479","post","type-post","status-publish","format-standard","hentry","category-actions-greves-manifs","category-petitions","entry"],"yoast_head":"<!-- This site is optimized with the Yoast SEO plugin v27.4 - https:\/\/yoast.com\/product\/yoast-seo-wordpress\/ -->\n<title>P\u00e9tition FSU \/ Obligation de r\u00e9serve - Formation des sites R\u00e9gionaux du SNETAP-FSU<\/title>\n<meta name=\"robots\" content=\"index, follow, max-snippet:-1, max-image-preview:large, max-video-preview:-1\" \/>\n<link rel=\"canonical\" href=\"https:\/\/regions-snetap-fsu.fr\/formation\/2019\/01\/11\/petition-fsu-obligation-de-reserve\/\" \/>\n<meta property=\"og:locale\" content=\"fr_FR\" \/>\n<meta property=\"og:type\" content=\"article\" \/>\n<meta property=\"og:title\" content=\"P\u00e9tition FSU \/ Obligation de r\u00e9serve - Formation des sites R\u00e9gionaux du SNETAP-FSU\" \/>\n<meta property=\"og:description\" content=\"La libert\u00e9 d&rsquo;expression, nous devons la garder, je signe la p\u00e9tition de la FSU ! La FSU a d\u00e9cid\u00e9 d&rsquo;initier une p\u00e9tition pour d\u00e9noncer l&rsquo;article 1 du projet de loi\u00a0\u00ab\u00a0pour une \u00e9cole de la confiance\u00a0\u00bb.\u00a0 . Cet article vise \u00e0 inscrire dans la loi une obligation de r\u00e9serve qui n&rsquo;existe pas aujourd&rsquo;hui. . Nous rappelons [&hellip;]\" \/>\n<meta property=\"og:url\" content=\"https:\/\/regions-snetap-fsu.fr\/formation\/2019\/01\/11\/petition-fsu-obligation-de-reserve\/\" \/>\n<meta property=\"og:site_name\" content=\"Formation des sites R\u00e9gionaux du SNETAP-FSU\" \/>\n<meta property=\"article:published_time\" content=\"2019-01-11T18:19:23+00:00\" \/>\n<meta property=\"og:image\" content=\"https:\/\/cdn.snuipp.fr\/cdn\/visuels\/fsu\/petitionLiberteExpression.jpg\" \/>\n<meta name=\"author\" content=\"yoctavien\" \/>\n<meta name=\"twitter:card\" content=\"summary_large_image\" \/>\n<meta name=\"twitter:label1\" content=\"\u00c9crit par\" \/>\n\t<meta name=\"twitter:data1\" content=\"yoctavien\" \/>\n\t<meta name=\"twitter:label2\" content=\"Dur\u00e9e de lecture estim\u00e9e\" \/>\n\t<meta name=\"twitter:data2\" content=\"1 minute\" \/>\n<script type=\"application\/ld+json\" class=\"yoast-schema-graph\">{\"@context\":\"https:\\\/\\\/schema.org\",\"@graph\":[{\"@type\":\"Article\",\"@id\":\"https:\\\/\\\/regions-snetap-fsu.fr\\\/formation\\\/2019\\\/01\\\/11\\\/petition-fsu-obligation-de-reserve\\\/#article\",\"isPartOf\":{\"@id\":\"https:\\\/\\\/regions-snetap-fsu.fr\\\/formation\\\/2019\\\/01\\\/11\\\/petition-fsu-obligation-de-reserve\\\/\"},\"author\":{\"name\":\"yoctavien\",\"@id\":\"https:\\\/\\\/regions-snetap-fsu.fr\\\/formation\\\/#\\\/schema\\\/person\\\/f5dc7b6354e942ca9c5fa8e9ff7e5c93\"},\"headline\":\"P\u00e9tition FSU \\\/ Obligation de r\u00e9serve\",\"datePublished\":\"2019-01-11T18:19:23+00:00\",\"mainEntityOfPage\":{\"@id\":\"https:\\\/\\\/regions-snetap-fsu.fr\\\/formation\\\/2019\\\/01\\\/11\\\/petition-fsu-obligation-de-reserve\\\/\"},\"wordCount\":152,\"publisher\":{\"@id\":\"https:\\\/\\\/regions-snetap-fsu.fr\\\/formation\\\/#organization\"},\"image\":{\"@id\":\"https:\\\/\\\/regions-snetap-fsu.fr\\\/formation\\\/2019\\\/01\\\/11\\\/petition-fsu-obligation-de-reserve\\\/#primaryimage\"},\"thumbnailUrl\":\"https:\\\/\\\/cdn.snuipp.fr\\\/cdn\\\/visuels\\\/fsu\\\/petitionLiberteExpression.jpg\",\"articleSection\":[\"Actions - Gr\u00e8ves - Manifs\",\"P\u00e9titions\"],\"inLanguage\":\"fr-FR\"},{\"@type\":\"WebPage\",\"@id\":\"https:\\\/\\\/regions-snetap-fsu.fr\\\/formation\\\/2019\\\/01\\\/11\\\/petition-fsu-obligation-de-reserve\\\/\",\"url\":\"https:\\\/\\\/regions-snetap-fsu.fr\\\/formation\\\/2019\\\/01\\\/11\\\/petition-fsu-obligation-de-reserve\\\/\",\"name\":\"P\u00e9tition FSU \\\/ Obligation de r\u00e9serve - Formation des sites R\u00e9gionaux du SNETAP-FSU\",\"isPartOf\":{\"@id\":\"https:\\\/\\\/regions-snetap-fsu.fr\\\/formation\\\/#website\"},\"primaryImageOfPage\":{\"@id\":\"https:\\\/\\\/regions-snetap-fsu.fr\\\/formation\\\/2019\\\/01\\\/11\\\/petition-fsu-obligation-de-reserve\\\/#primaryimage\"},\"image\":{\"@id\":\"https:\\\/\\\/regions-snetap-fsu.fr\\\/formation\\\/2019\\\/01\\\/11\\\/petition-fsu-obligation-de-reserve\\\/#primaryimage\"},\"thumbnailUrl\":\"https:\\\/\\\/cdn.snuipp.fr\\\/cdn\\\/visuels\\\/fsu\\\/petitionLiberteExpression.jpg\",\"datePublished\":\"2019-01-11T18:19:23+00:00\",\"breadcrumb\":{\"@id\":\"https:\\\/\\\/regions-snetap-fsu.fr\\\/formation\\\/2019\\\/01\\\/11\\\/petition-fsu-obligation-de-reserve\\\/#breadcrumb\"},\"inLanguage\":\"fr-FR\",\"potentialAction\":[{\"@type\":\"ReadAction\",\"target\":[\"https:\\\/\\\/regions-snetap-fsu.fr\\\/formation\\\/2019\\\/01\\\/11\\\/petition-fsu-obligation-de-reserve\\\/\"]}]},{\"@type\":\"ImageObject\",\"inLanguage\":\"fr-FR\",\"@id\":\"https:\\\/\\\/regions-snetap-fsu.fr\\\/formation\\\/2019\\\/01\\\/11\\\/petition-fsu-obligation-de-reserve\\\/#primaryimage\",\"url\":\"https:\\\/\\\/cdn.snuipp.fr\\\/cdn\\\/visuels\\\/fsu\\\/petitionLiberteExpression.jpg\",\"contentUrl\":\"https:\\\/\\\/cdn.snuipp.fr\\\/cdn\\\/visuels\\\/fsu\\\/petitionLiberteExpression.jpg\"},{\"@type\":\"BreadcrumbList\",\"@id\":\"https:\\\/\\\/regions-snetap-fsu.fr\\\/formation\\\/2019\\\/01\\\/11\\\/petition-fsu-obligation-de-reserve\\\/#breadcrumb\",\"itemListElement\":[{\"@type\":\"ListItem\",\"position\":1,\"name\":\"Accueil\",\"item\":\"https:\\\/\\\/regions-snetap-fsu.fr\\\/formation\\\/\"},{\"@type\":\"ListItem\",\"position\":2,\"name\":\"P\u00e9tition FSU \\\/ Obligation de r\u00e9serve\"}]},{\"@type\":\"WebSite\",\"@id\":\"https:\\\/\\\/regions-snetap-fsu.fr\\\/formation\\\/#website\",\"url\":\"https:\\\/\\\/regions-snetap-fsu.fr\\\/formation\\\/\",\"name\":\"Formation des sites R\u00e9gionaux du SNETAP-FSU\",\"description\":\"\",\"publisher\":{\"@id\":\"https:\\\/\\\/regions-snetap-fsu.fr\\\/formation\\\/#organization\"},\"potentialAction\":[{\"@type\":\"SearchAction\",\"target\":{\"@type\":\"EntryPoint\",\"urlTemplate\":\"https:\\\/\\\/regions-snetap-fsu.fr\\\/formation\\\/?s={search_term_string}\"},\"query-input\":{\"@type\":\"PropertyValueSpecification\",\"valueRequired\":true,\"valueName\":\"search_term_string\"}}],\"inLanguage\":\"fr-FR\"},{\"@type\":\"Organization\",\"@id\":\"https:\\\/\\\/regions-snetap-fsu.fr\\\/formation\\\/#organization\",\"name\":\"Formation des sites R\u00e9gionaux du SNETAP-FSU\",\"url\":\"https:\\\/\\\/regions-snetap-fsu.fr\\\/formation\\\/\",\"logo\":{\"@type\":\"ImageObject\",\"inLanguage\":\"fr-FR\",\"@id\":\"https:\\\/\\\/regions-snetap-fsu.fr\\\/formation\\\/#\\\/schema\\\/logo\\\/image\\\/\",\"url\":\"https:\\\/\\\/regions-snetap-fsu.fr\\\/formation\\\/wp-content\\\/uploads\\\/sites\\\/20\\\/2025\\\/04\\\/cropped-Logo_blanc_fond_transparent_1000x755.png\",\"contentUrl\":\"https:\\\/\\\/regions-snetap-fsu.fr\\\/formation\\\/wp-content\\\/uploads\\\/sites\\\/20\\\/2025\\\/04\\\/cropped-Logo_blanc_fond_transparent_1000x755.png\",\"width\":998,\"height\":689,\"caption\":\"Formation des sites R\u00e9gionaux du SNETAP-FSU\"},\"image\":{\"@id\":\"https:\\\/\\\/regions-snetap-fsu.fr\\\/formation\\\/#\\\/schema\\\/logo\\\/image\\\/\"}},{\"@type\":\"Person\",\"@id\":\"https:\\\/\\\/regions-snetap-fsu.fr\\\/formation\\\/#\\\/schema\\\/person\\\/f5dc7b6354e942ca9c5fa8e9ff7e5c93\",\"name\":\"yoctavien\",\"image\":{\"@type\":\"ImageObject\",\"inLanguage\":\"fr-FR\",\"@id\":\"https:\\\/\\\/secure.gravatar.com\\\/avatar\\\/382642c092b6b9da14641d3c478df2f3da4a2d17eea25691c232d4dbf735c292?s=96&d=mm&r=g\",\"url\":\"https:\\\/\\\/secure.gravatar.com\\\/avatar\\\/382642c092b6b9da14641d3c478df2f3da4a2d17eea25691c232d4dbf735c292?s=96&d=mm&r=g\",\"contentUrl\":\"https:\\\/\\\/secure.gravatar.com\\\/avatar\\\/382642c092b6b9da14641d3c478df2f3da4a2d17eea25691c232d4dbf735c292?s=96&d=mm&r=g\",\"caption\":\"yoctavien\"},\"url\":\"https:\\\/\\\/regions-snetap-fsu.fr\\\/formation\\\/author\\\/yoctavien\\\/\"}]}<\/script>\n<!-- \/ Yoast SEO plugin. -->","yoast_head_json":{"title":"P\u00e9tition FSU \/ Obligation de r\u00e9serve - Formation des sites R\u00e9gionaux du SNETAP-FSU","robots":{"index":"index","follow":"follow","max-snippet":"max-snippet:-1","max-image-preview":"max-image-preview:large","max-video-preview":"max-video-preview:-1"},"canonical":"https:\/\/regions-snetap-fsu.fr\/formation\/2019\/01\/11\/petition-fsu-obligation-de-reserve\/","og_locale":"fr_FR","og_type":"article","og_title":"P\u00e9tition FSU \/ Obligation de r\u00e9serve - Formation des sites R\u00e9gionaux du SNETAP-FSU","og_description":"La libert\u00e9 d&rsquo;expression, nous devons la garder, je signe la p\u00e9tition de la FSU ! La FSU a d\u00e9cid\u00e9 d&rsquo;initier une p\u00e9tition pour d\u00e9noncer l&rsquo;article 1 du projet de loi\u00a0\u00ab\u00a0pour une \u00e9cole de la confiance\u00a0\u00bb.\u00a0 . Cet article vise \u00e0 inscrire dans la loi une obligation de r\u00e9serve qui n&rsquo;existe pas aujourd&rsquo;hui. . Nous rappelons [&hellip;]","og_url":"https:\/\/regions-snetap-fsu.fr\/formation\/2019\/01\/11\/petition-fsu-obligation-de-reserve\/","og_site_name":"Formation des sites R\u00e9gionaux du SNETAP-FSU","article_published_time":"2019-01-11T18:19:23+00:00","og_image":[{"url":"https:\/\/cdn.snuipp.fr\/cdn\/visuels\/fsu\/petitionLiberteExpression.jpg","type":"","width":"","height":""}],"author":"yoctavien","twitter_card":"summary_large_image","twitter_misc":{"\u00c9crit par":"yoctavien","Dur\u00e9e de lecture estim\u00e9e":"1 minute"},"schema":{"@context":"https:\/\/schema.org","@graph":[{"@type":"Article","@id":"https:\/\/regions-snetap-fsu.fr\/formation\/2019\/01\/11\/petition-fsu-obligation-de-reserve\/#article","isPartOf":{"@id":"https:\/\/regions-snetap-fsu.fr\/formation\/2019\/01\/11\/petition-fsu-obligation-de-reserve\/"},"author":{"name":"yoctavien","@id":"https:\/\/regions-snetap-fsu.fr\/formation\/#\/schema\/person\/f5dc7b6354e942ca9c5fa8e9ff7e5c93"},"headline":"P\u00e9tition FSU \/ Obligation de r\u00e9serve","datePublished":"2019-01-11T18:19:23+00:00","mainEntityOfPage":{"@id":"https:\/\/regions-snetap-fsu.fr\/formation\/2019\/01\/11\/petition-fsu-obligation-de-reserve\/"},"wordCount":152,"publisher":{"@id":"https:\/\/regions-snetap-fsu.fr\/formation\/#organization"},"image":{"@id":"https:\/\/regions-snetap-fsu.fr\/formation\/2019\/01\/11\/petition-fsu-obligation-de-reserve\/#primaryimage"},"thumbnailUrl":"https:\/\/cdn.snuipp.fr\/cdn\/visuels\/fsu\/petitionLiberteExpression.jpg","articleSection":["Actions - Gr\u00e8ves - Manifs","P\u00e9titions"],"inLanguage":"fr-FR"},{"@type":"WebPage","@id":"https:\/\/regions-snetap-fsu.fr\/formation\/2019\/01\/11\/petition-fsu-obligation-de-reserve\/","url":"https:\/\/regions-snetap-fsu.fr\/formation\/2019\/01\/11\/petition-fsu-obligation-de-reserve\/","name":"P\u00e9tition FSU \/ Obligation de r\u00e9serve - Formation des sites R\u00e9gionaux du SNETAP-FSU","isPartOf":{"@id":"https:\/\/regions-snetap-fsu.fr\/formation\/#website"},"primaryImageOfPage":{"@id":"https:\/\/regions-snetap-fsu.fr\/formation\/2019\/01\/11\/petition-fsu-obligation-de-reserve\/#primaryimage"},"image":{"@id":"https:\/\/regions-snetap-fsu.fr\/formation\/2019\/01\/11\/petition-fsu-obligation-de-reserve\/#primaryimage"},"thumbnailUrl":"https:\/\/cdn.snuipp.fr\/cdn\/visuels\/fsu\/petitionLiberteExpression.jpg","datePublished":"2019-01-11T18:19:23+00:00","breadcrumb":{"@id":"https:\/\/regions-snetap-fsu.fr\/formation\/2019\/01\/11\/petition-fsu-obligation-de-reserve\/#breadcrumb"},"inLanguage":"fr-FR","potentialAction":[{"@type":"ReadAction","target":["https:\/\/regions-snetap-fsu.fr\/formation\/2019\/01\/11\/petition-fsu-obligation-de-reserve\/"]}]},{"@type":"ImageObject","inLanguage":"fr-FR","@id":"https:\/\/regions-snetap-fsu.fr\/formation\/2019\/01\/11\/petition-fsu-obligation-de-reserve\/#primaryimage","url":"https:\/\/cdn.snuipp.fr\/cdn\/visuels\/fsu\/petitionLiberteExpression.jpg","contentUrl":"https:\/\/cdn.snuipp.fr\/cdn\/visuels\/fsu\/petitionLiberteExpression.jpg"},{"@type":"BreadcrumbList","@id":"https:\/\/regions-snetap-fsu.fr\/formation\/2019\/01\/11\/petition-fsu-obligation-de-reserve\/#breadcrumb","itemListElement":[{"@type":"ListItem","position":1,"name":"Accueil","item":"https:\/\/regions-snetap-fsu.fr\/formation\/"},{"@type":"ListItem","position":2,"name":"P\u00e9tition FSU \/ Obligation de r\u00e9serve"}]},{"@type":"WebSite","@id":"https:\/\/regions-snetap-fsu.fr\/formation\/#website","url":"https:\/\/regions-snetap-fsu.fr\/formation\/","name":"Formation des sites R\u00e9gionaux du SNETAP-FSU","description":"","publisher":{"@id":"https:\/\/regions-snetap-fsu.fr\/formation\/#organization"},"potentialAction":[{"@type":"SearchAction","target":{"@type":"EntryPoint","urlTemplate":"https:\/\/regions-snetap-fsu.fr\/formation\/?s={search_term_string}"},"query-input":{"@type":"PropertyValueSpecification","valueRequired":true,"valueName":"search_term_string"}}],"inLanguage":"fr-FR"},{"@type":"Organization","@id":"https:\/\/regions-snetap-fsu.fr\/formation\/#organization","name":"Formation des sites R\u00e9gionaux du SNETAP-FSU","url":"https:\/\/regions-snetap-fsu.fr\/formation\/","logo":{"@type":"ImageObject","inLanguage":"fr-FR","@id":"https:\/\/regions-snetap-fsu.fr\/formation\/#\/schema\/logo\/image\/","url":"https:\/\/regions-snetap-fsu.fr\/formation\/wp-content\/uploads\/sites\/20\/2025\/04\/cropped-Logo_blanc_fond_transparent_1000x755.png","contentUrl":"https:\/\/regions-snetap-fsu.fr\/formation\/wp-content\/uploads\/sites\/20\/2025\/04\/cropped-Logo_blanc_fond_transparent_1000x755.png","width":998,"height":689,"caption":"Formation des sites R\u00e9gionaux du SNETAP-FSU"},"image":{"@id":"https:\/\/regions-snetap-fsu.fr\/formation\/#\/schema\/logo\/image\/"}},{"@type":"Person","@id":"https:\/\/regions-snetap-fsu.fr\/formation\/#\/schema\/person\/f5dc7b6354e942ca9c5fa8e9ff7e5c93","name":"yoctavien","image":{"@type":"ImageObject","inLanguage":"fr-FR","@id":"https:\/\/secure.gravatar.com\/avatar\/382642c092b6b9da14641d3c478df2f3da4a2d17eea25691c232d4dbf735c292?s=96&d=mm&r=g","url":"https:\/\/secure.gravatar.com\/avatar\/382642c092b6b9da14641d3c478df2f3da4a2d17eea25691c232d4dbf735c292?s=96&d=mm&r=g","contentUrl":"https:\/\/secure.gravatar.com\/avatar\/382642c092b6b9da14641d3c478df2f3da4a2d17eea25691c232d4dbf735c292?s=96&d=mm&r=g","caption":"yoctavien"},"url":"https:\/\/regions-snetap-fsu.fr\/formation\/author\/yoctavien\/"}]}},"_links":{"self":[{"href":"https:\/\/regions-snetap-fsu.fr\/formation\/wp-json\/wp\/v2\/posts\/1479","targetHints":{"allow":["GET"]}}],"collection":[{"href":"https:\/\/regions-snetap-fsu.fr\/formation\/wp-json\/wp\/v2\/posts"}],"about":[{"href":"https:\/\/regions-snetap-fsu.fr\/formation\/wp-json\/wp\/v2\/types\/post"}],"author":[{"embeddable":true,"href":"https:\/\/regions-snetap-fsu.fr\/formation\/wp-json\/wp\/v2\/users\/138"}],"replies":[{"embeddable":true,"href":"https:\/\/regions-snetap-fsu.fr\/formation\/wp-json\/wp\/v2\/comments?post=1479"}],"version-history":[{"count":0,"href":"https:\/\/regions-snetap-fsu.fr\/formation\/wp-json\/wp\/v2\/posts\/1479\/revisions"}],"wp:attachment":[{"href":"https:\/\/regions-snetap-fsu.fr\/formation\/wp-json\/wp\/v2\/media?parent=1479"}],"wp:term":[{"taxonomy":"category","embeddable":true,"href":"https:\/\/regions-snetap-fsu.fr\/formation\/wp-json\/wp\/v2\/categories?post=1479"},{"taxonomy":"post_tag","embeddable":true,"href":"https:\/\/regions-snetap-fsu.fr\/formation\/wp-json\/wp\/v2\/tags?post=1479"},{"taxonomy":"post_folder","embeddable":true,"href":"https:\/\/regions-snetap-fsu.fr\/formation\/wp-json\/wp\/v2\/post_folder?post=1479"}],"curies":[{"name":"wp","href":"https:\/\/api.w.org\/{rel}","templated":true}]}}