{"id":1426,"date":"2019-01-09T18:53:53","date_gmt":"2019-01-09T17:53:53","guid":{"rendered":"https:\/\/regions-snetap-fsu.fr\/hdf\/?p=1426"},"modified":"2019-01-09T18:53:53","modified_gmt":"2019-01-09T17:53:53","slug":"congres-regional-du-18-decembre-2018","status":"publish","type":"post","link":"https:\/\/regions-snetap-fsu.fr\/formation\/2019\/01\/09\/congres-regional-du-18-decembre-2018\/","title":{"rendered":"Congr\u00e8s R\u00e9gional du 18 d\u00e9cembre 2018"},"content":{"rendered":"<h2 style=\"text-align: center\"><span style=\"color: #ff0000\">Travaux du Congr\u00e8s R\u00e9gional<\/span><\/h2>\n<h2 style=\"text-align: center\"><span style=\"color: #ff0000\">SNETAP-FSU du 18 d\u00e9cembre 2018<\/span><\/h2>\n<h3><span style=\"color: #008000\"><span style=\"text-decoration: underline\">Parit\u00e9<\/span> :<\/span><\/h3>\n<p style=\"text-align: justify\"><span style=\"color: #0000ff\">En vue de la pr\u00e9paration du Congr\u00e8s National extraordinaire du SNETAP-FSU les 27 et 28 mars 2019, un vote pour d\u00e9finir le mandat au sujet de l&rsquo;\u00e9volution statutaire afin de permettre la parit\u00e9 femmes-hommes au sein de notre organisation syndicale a \u00e9t\u00e9 r\u00e9alis\u00e9.<\/span><\/p>\n<h3><span style=\"text-decoration: underline;color: #008000\">Bilan des \u00e9lections professionnelles :<\/span><\/h3>\n<p style=\"text-align: justify\"><span style=\"color: #0000ff\">Suite \u00e0 ces derni\u00e8res \u00e9lections, le SNETAP-FSU est la 1\u00e8re organisation syndicale au Minist\u00e8re de l&rsquo;Agriculture, la 1\u00e8re organisation syndicale dans l&rsquo;Enseignement Agricole Public et la 1\u00e8re organisation syndicale au sein de la DRAAF\/SRFD des Hauts-de-France (CTREA &#8211; CREA &#8211; CCP cat. A &#8211; CCP cat. B et C).<\/span><\/p>\n<p style=\"text-align: justify\"><span style=\"color: #0000ff\">Pour les CREA, CCP cat. A, CCP cat. B et C et CAEN, les organisations syndicales doivent d\u00e9signer leur repr\u00e9sentant\u00b7es. Au sein du SNETAP-FSU des Hauts-de-France nous finalisons nos listes mais les syndiqu\u00e9\u00b7es volontaires qui ne se sont pas encore signal\u00e9\u00b7es peuvent encore le faire. Mais ne tra\u00eenez pas, svp.<\/span><\/p>\n<h3><span style=\"text-decoration: underline;color: #008000\">Retraite :<\/span><\/h3>\n<p><span style=\"color: #0000ff\">Notre camarade Andr\u00e9 nous a pr\u00e9sent\u00e9 la situation des retrait\u00e9\u00b7es maltrait\u00e9\u00b7es par le gouvernement. Vous pouvez trouver le r\u00e9sum\u00e9 au lien suivant :<\/span><\/p>\n<p><a href=\"https:\/\/regions-snetap-fsu.fr\/hdf\/2018\/12\/22\/retraite%c2%b7es-pressure%c2%b7es-et-maltraite%c2%b7es\/\" target=\"_blank\" rel=\"noopener\"><span style=\"text-decoration: underline;color: #000000\">Lien : Article \u00ab\u00a0Retrait\u00e9\u00b7es pressur\u00e9\u00b7es et maltrait\u00e9\u00b7es\u00a0\u00bb<\/span><\/a><\/p>\n<p><span style=\"color: #0000ff\">Pour les retrait\u00e9\u00b7es, n&rsquo;oubliez pas que seules les organisations syndicales peuvent vous d\u00e9fendre dont le SNETAP-FSU. Le montant de la cotisation est beaucoup plus faible que pour les actifs et il est en partie d\u00e9ductible des imp\u00f4ts. Vous pouvez trouver les modalit\u00e9s de la syndicalisation dans l&rsquo;onglet \u00ab\u00a0Retraite \/Retrait\u00e9\u00b7es\u00a0\u00bb\u00a0 de ce blog.<\/span><\/p>\n<h3><span style=\"text-decoration: underline;color: #008000\">Fonctionnement R\u00e9gional :<\/span><\/h3>\n<p><span style=\"color: #0000ff\">Apr\u00e8s avoir rappel\u00e9 les charg\u00e9\u00b7es de missions (consultez l&rsquo;onglet \u00ab\u00a0vos repr\u00e9sentant\u00b7es\u00a0\u00bb de ce blog), nous avons d\u00e9fini le fonctionnement au niveau r\u00e9gional.<\/span><\/p>\n<p><span style=\"color: #0000ff\">Des listes de diffusion plus sp\u00e9cifiques seront cr\u00e9es. Il faudra se forcer \u00e0 mettre des intitul\u00e9s de courriels assez pr\u00e9cis. Il y aura des listes par mission et quatre listes plus g\u00e9n\u00e9rales :<\/span><\/p>\n<ul>\n<li><span style=\"color: #0000ff\">Bureau r\u00e9gional;<\/span><\/li>\n<li><span style=\"color: #0000ff\">CSR (Bureau r\u00e9gional plus les secr\u00e9taires de sections);<\/span><\/li>\n<li><span style=\"color: #0000ff\">Liste congr\u00e8s (r\u00e9serv\u00e9e au militant\u00b7es \u00ab\u00a0investi\u00b7es);<\/span><\/li>\n<li><span style=\"color: #0000ff\">syndiqu\u00e9\u00b7es<\/span><\/li>\n<\/ul>\n<p><span style=\"color: #0000ff\">Svp, nous demandons \u00e0 chaque secr\u00e9taire de section de v\u00e9rifier l&rsquo;exactitude de votre section dans la rubrique \u00ab\u00a0vos repr\u00e9sentant\u00b7es\u00a0\u00bb de ce blog afin de nous communiquer toute erreur ou oubli.<\/span><\/p>\n<p><span style=\"color: #0000ff\">Pour la fin de cette ann\u00e9e scolaire, un nouveau calcul des d\u00e9charges sera effectu\u00e9 et sera bas\u00e9 d\u00e9sormais sur les missions.<\/span><\/p>\n<h3><span style=\"text-decoration: underline;color: #008000\">CFA R\u00e9gional :<\/span><\/h3>\n<p><span style=\"color: #0000ff\">Un bon d\u00e9bat s&rsquo;est instaur\u00e9. Le dossier est important, des n\u00e9gociations sur le protocole du CFA R\u00e9gional seront \u00e0 effectuer.<\/span><\/p>\n<p><span style=\"color: #0000ff\">Nous sommes d\u00e9cid\u00e9s de faire intervenir notre experte Laurence Dautraix, avant ces n\u00e9gociations. La date d&rsquo;intervention est encore \u00e0 caler. Nous vous la communiquerons par l&rsquo;interm\u00e9diaire de ce blog.<\/span><\/p>\n<h3><span style=\"text-decoration: underline;color: #008000\">Bilan de la rencontre avec le Conseil R\u00e9gional :<\/span><\/h3>\n<p><span style=\"color: #0000ff\">Pour cela consultez au lien suivant :<\/span><\/p>\n<p><a href=\"https:\/\/regions-snetap-fsu.fr\/hdf\/2018\/12\/22\/rencontre-region-des-hauts-de-france-du-13-12-2018\/\" target=\"_blank\" rel=\"noopener\"><span style=\"text-decoration: underline;color: #000000\">Lien : Article \u00ab\u00a0Rencontre avec la R\u00e9gion des Hauts-de-France du 13 d\u00e9cembre 2018<\/span><\/a><\/p>\n<h3><span style=\"text-decoration: underline;color: #008000\">Bilan du dernier CTREA :<\/span><\/h3>\n<p><span style=\"color: #0000ff\">Pour cela consultez au lien suivant :<\/span><\/p>\n<p><a href=\"https:\/\/regions-snetap-fsu.fr\/hdf\/2018\/11\/27\/communique-ctrea-26-novembre-2018\/\" target=\"_blank\" rel=\"noopener\"><span style=\"text-decoration: underline;color: #000000\">Lien : Article \u00ab\u00a0Communiqu\u00e9 CTREA 26 novembre 2018\u00a0\u00bb<\/span><\/a><\/p>\n","protected":false},"excerpt":{"rendered":"<p>Travaux du Congr\u00e8s R\u00e9gional SNETAP-FSU du 18 d\u00e9cembre 2018 Parit\u00e9 : En vue de la pr\u00e9paration du Congr\u00e8s National extraordinaire du SNETAP-FSU les 27 et 28 mars 2019, un vote pour d\u00e9finir le mandat au sujet de l&rsquo;\u00e9volution statutaire afin de permettre la parit\u00e9 femmes-hommes au sein de notre organisation syndicale a \u00e9t\u00e9 r\u00e9alis\u00e9. Bilan [&hellip;]<\/p>\n","protected":false},"author":138,"featured_media":0,"comment_status":"closed","ping_status":"closed","sticky":false,"template":"","format":"standard","meta":{"ocean_post_layout":"","ocean_both_sidebars_style":"","ocean_both_sidebars_content_width":0,"ocean_both_sidebars_sidebars_width":0,"ocean_sidebar":"","ocean_second_sidebar":"","ocean_disable_margins":"enable","ocean_add_body_class":"","ocean_shortcode_before_top_bar":"","ocean_shortcode_after_top_bar":"","ocean_shortcode_before_header":"","ocean_shortcode_after_header":"","ocean_has_shortcode":"","ocean_shortcode_after_title":"","ocean_shortcode_before_footer_widgets":"","ocean_shortcode_after_footer_widgets":"","ocean_shortcode_before_footer_bottom":"","ocean_shortcode_after_footer_bottom":"","ocean_display_top_bar":"default","ocean_display_header":"default","ocean_header_style":"","ocean_center_header_left_menu":"","ocean_custom_header_template":"","ocean_custom_logo":0,"ocean_custom_retina_logo":0,"ocean_custom_logo_max_width":0,"ocean_custom_logo_tablet_max_width":0,"ocean_custom_logo_mobile_max_width":0,"ocean_custom_logo_max_height":0,"ocean_custom_logo_tablet_max_height":0,"ocean_custom_logo_mobile_max_height":0,"ocean_header_custom_menu":"","ocean_menu_typo_font_family":"","ocean_menu_typo_font_subset":"","ocean_menu_typo_font_size":0,"ocean_menu_typo_font_size_tablet":0,"ocean_menu_typo_font_size_mobile":0,"ocean_menu_typo_font_size_unit":"px","ocean_menu_typo_font_weight":"","ocean_menu_typo_font_weight_tablet":"","ocean_menu_typo_font_weight_mobile":"","ocean_menu_typo_transform":"","ocean_menu_typo_transform_tablet":"","ocean_menu_typo_transform_mobile":"","ocean_menu_typo_line_height":0,"ocean_menu_typo_line_height_tablet":0,"ocean_menu_typo_line_height_mobile":0,"ocean_menu_typo_line_height_unit":"","ocean_menu_typo_spacing":0,"ocean_menu_typo_spacing_tablet":0,"ocean_menu_typo_spacing_mobile":0,"ocean_menu_typo_spacing_unit":"","ocean_menu_link_color":"","ocean_menu_link_color_hover":"","ocean_menu_link_color_active":"","ocean_menu_link_background":"","ocean_menu_link_hover_background":"","ocean_menu_link_active_background":"","ocean_menu_social_links_bg":"","ocean_menu_social_hover_links_bg":"","ocean_menu_social_links_color":"","ocean_menu_social_hover_links_color":"","ocean_disable_title":"default","ocean_disable_heading":"default","ocean_post_title":"","ocean_post_subheading":"","ocean_post_title_style":"","ocean_post_title_background_color":"","ocean_post_title_background":0,"ocean_post_title_bg_image_position":"","ocean_post_title_bg_image_attachment":"","ocean_post_title_bg_image_repeat":"","ocean_post_title_bg_image_size":"","ocean_post_title_height":0,"ocean_post_title_bg_overlay":0.5,"ocean_post_title_bg_overlay_color":"","ocean_disable_breadcrumbs":"default","ocean_breadcrumbs_color":"","ocean_breadcrumbs_separator_color":"","ocean_breadcrumbs_links_color":"","ocean_breadcrumbs_links_hover_color":"","ocean_display_footer_widgets":"default","ocean_display_footer_bottom":"default","ocean_custom_footer_template":"","ocean_post_oembed":"","ocean_post_self_hosted_media":"","ocean_post_video_embed":"","ocean_link_format":"","ocean_link_format_target":"self","ocean_quote_format":"","ocean_quote_format_link":"post","ocean_gallery_link_images":"on","ocean_gallery_id":[],"footnotes":""},"categories":[3,11,12,22,29],"tags":[],"post_folder":[],"class_list":["post-1426","post","type-post","status-publish","format-standard","hentry","category-actions-greves-manifs","category-communiques","category-communiques-retraites","category-instances-syndicales-hdf","category-ufa-cfppa","entry"],"yoast_head":"<!-- This site is optimized with the Yoast SEO plugin v27.4 - https:\/\/yoast.com\/product\/yoast-seo-wordpress\/ -->\n<title>Congr\u00e8s R\u00e9gional du 18 d\u00e9cembre 2018 - Formation des sites R\u00e9gionaux du SNETAP-FSU<\/title>\n<meta name=\"robots\" content=\"index, follow, max-snippet:-1, max-image-preview:large, max-video-preview:-1\" \/>\n<link rel=\"canonical\" href=\"https:\/\/regions-snetap-fsu.fr\/formation\/2019\/01\/09\/congres-regional-du-18-decembre-2018\/\" \/>\n<meta property=\"og:locale\" content=\"fr_FR\" \/>\n<meta property=\"og:type\" content=\"article\" \/>\n<meta property=\"og:title\" content=\"Congr\u00e8s R\u00e9gional du 18 d\u00e9cembre 2018 - Formation des sites R\u00e9gionaux du SNETAP-FSU\" \/>\n<meta property=\"og:description\" content=\"Travaux du Congr\u00e8s R\u00e9gional SNETAP-FSU du 18 d\u00e9cembre 2018 Parit\u00e9 : En vue de la pr\u00e9paration du Congr\u00e8s National extraordinaire du SNETAP-FSU les 27 et 28 mars 2019, un vote pour d\u00e9finir le mandat au sujet de l&rsquo;\u00e9volution statutaire afin de permettre la parit\u00e9 femmes-hommes au sein de notre organisation syndicale a \u00e9t\u00e9 r\u00e9alis\u00e9. Bilan [&hellip;]\" \/>\n<meta property=\"og:url\" content=\"https:\/\/regions-snetap-fsu.fr\/formation\/2019\/01\/09\/congres-regional-du-18-decembre-2018\/\" \/>\n<meta property=\"og:site_name\" content=\"Formation des sites R\u00e9gionaux du SNETAP-FSU\" \/>\n<meta property=\"article:published_time\" content=\"2019-01-09T17:53:53+00:00\" \/>\n<meta name=\"author\" content=\"yoctavien\" \/>\n<meta name=\"twitter:card\" content=\"summary_large_image\" \/>\n<meta name=\"twitter:label1\" content=\"\u00c9crit par\" \/>\n\t<meta name=\"twitter:data1\" content=\"yoctavien\" \/>\n\t<meta name=\"twitter:label2\" content=\"Dur\u00e9e de lecture estim\u00e9e\" \/>\n\t<meta name=\"twitter:data2\" content=\"3 minutes\" \/>\n<script type=\"application\/ld+json\" class=\"yoast-schema-graph\">{\"@context\":\"https:\\\/\\\/schema.org\",\"@graph\":[{\"@type\":\"Article\",\"@id\":\"https:\\\/\\\/regions-snetap-fsu.fr\\\/formation\\\/2019\\\/01\\\/09\\\/congres-regional-du-18-decembre-2018\\\/#article\",\"isPartOf\":{\"@id\":\"https:\\\/\\\/regions-snetap-fsu.fr\\\/formation\\\/2019\\\/01\\\/09\\\/congres-regional-du-18-decembre-2018\\\/\"},\"author\":{\"name\":\"yoctavien\",\"@id\":\"https:\\\/\\\/regions-snetap-fsu.fr\\\/formation\\\/#\\\/schema\\\/person\\\/f5dc7b6354e942ca9c5fa8e9ff7e5c93\"},\"headline\":\"Congr\u00e8s R\u00e9gional du 18 d\u00e9cembre 2018\",\"datePublished\":\"2019-01-09T17:53:53+00:00\",\"mainEntityOfPage\":{\"@id\":\"https:\\\/\\\/regions-snetap-fsu.fr\\\/formation\\\/2019\\\/01\\\/09\\\/congres-regional-du-18-decembre-2018\\\/\"},\"wordCount\":527,\"publisher\":{\"@id\":\"https:\\\/\\\/regions-snetap-fsu.fr\\\/formation\\\/#organization\"},\"articleSection\":[\"Actions - Gr\u00e8ves - Manifs\",\"Communiqu\u00e9s\",\"Communiqu\u00e9s retraites\",\"Instances syndicales HdF\",\"UFA \\\/ CFPPA\"],\"inLanguage\":\"fr-FR\"},{\"@type\":\"WebPage\",\"@id\":\"https:\\\/\\\/regions-snetap-fsu.fr\\\/formation\\\/2019\\\/01\\\/09\\\/congres-regional-du-18-decembre-2018\\\/\",\"url\":\"https:\\\/\\\/regions-snetap-fsu.fr\\\/formation\\\/2019\\\/01\\\/09\\\/congres-regional-du-18-decembre-2018\\\/\",\"name\":\"Congr\u00e8s R\u00e9gional du 18 d\u00e9cembre 2018 - Formation des sites R\u00e9gionaux du SNETAP-FSU\",\"isPartOf\":{\"@id\":\"https:\\\/\\\/regions-snetap-fsu.fr\\\/formation\\\/#website\"},\"datePublished\":\"2019-01-09T17:53:53+00:00\",\"breadcrumb\":{\"@id\":\"https:\\\/\\\/regions-snetap-fsu.fr\\\/formation\\\/2019\\\/01\\\/09\\\/congres-regional-du-18-decembre-2018\\\/#breadcrumb\"},\"inLanguage\":\"fr-FR\",\"potentialAction\":[{\"@type\":\"ReadAction\",\"target\":[\"https:\\\/\\\/regions-snetap-fsu.fr\\\/formation\\\/2019\\\/01\\\/09\\\/congres-regional-du-18-decembre-2018\\\/\"]}]},{\"@type\":\"BreadcrumbList\",\"@id\":\"https:\\\/\\\/regions-snetap-fsu.fr\\\/formation\\\/2019\\\/01\\\/09\\\/congres-regional-du-18-decembre-2018\\\/#breadcrumb\",\"itemListElement\":[{\"@type\":\"ListItem\",\"position\":1,\"name\":\"Accueil\",\"item\":\"https:\\\/\\\/regions-snetap-fsu.fr\\\/formation\\\/\"},{\"@type\":\"ListItem\",\"position\":2,\"name\":\"Congr\u00e8s R\u00e9gional du 18 d\u00e9cembre 2018\"}]},{\"@type\":\"WebSite\",\"@id\":\"https:\\\/\\\/regions-snetap-fsu.fr\\\/formation\\\/#website\",\"url\":\"https:\\\/\\\/regions-snetap-fsu.fr\\\/formation\\\/\",\"name\":\"Formation des sites R\u00e9gionaux du SNETAP-FSU\",\"description\":\"\",\"publisher\":{\"@id\":\"https:\\\/\\\/regions-snetap-fsu.fr\\\/formation\\\/#organization\"},\"potentialAction\":[{\"@type\":\"SearchAction\",\"target\":{\"@type\":\"EntryPoint\",\"urlTemplate\":\"https:\\\/\\\/regions-snetap-fsu.fr\\\/formation\\\/?s={search_term_string}\"},\"query-input\":{\"@type\":\"PropertyValueSpecification\",\"valueRequired\":true,\"valueName\":\"search_term_string\"}}],\"inLanguage\":\"fr-FR\"},{\"@type\":\"Organization\",\"@id\":\"https:\\\/\\\/regions-snetap-fsu.fr\\\/formation\\\/#organization\",\"name\":\"Formation des sites R\u00e9gionaux du SNETAP-FSU\",\"url\":\"https:\\\/\\\/regions-snetap-fsu.fr\\\/formation\\\/\",\"logo\":{\"@type\":\"ImageObject\",\"inLanguage\":\"fr-FR\",\"@id\":\"https:\\\/\\\/regions-snetap-fsu.fr\\\/formation\\\/#\\\/schema\\\/logo\\\/image\\\/\",\"url\":\"https:\\\/\\\/regions-snetap-fsu.fr\\\/formation\\\/wp-content\\\/uploads\\\/sites\\\/20\\\/2025\\\/04\\\/cropped-Logo_blanc_fond_transparent_1000x755.png\",\"contentUrl\":\"https:\\\/\\\/regions-snetap-fsu.fr\\\/formation\\\/wp-content\\\/uploads\\\/sites\\\/20\\\/2025\\\/04\\\/cropped-Logo_blanc_fond_transparent_1000x755.png\",\"width\":998,\"height\":689,\"caption\":\"Formation des sites R\u00e9gionaux du SNETAP-FSU\"},\"image\":{\"@id\":\"https:\\\/\\\/regions-snetap-fsu.fr\\\/formation\\\/#\\\/schema\\\/logo\\\/image\\\/\"}},{\"@type\":\"Person\",\"@id\":\"https:\\\/\\\/regions-snetap-fsu.fr\\\/formation\\\/#\\\/schema\\\/person\\\/f5dc7b6354e942ca9c5fa8e9ff7e5c93\",\"name\":\"yoctavien\",\"image\":{\"@type\":\"ImageObject\",\"inLanguage\":\"fr-FR\",\"@id\":\"https:\\\/\\\/secure.gravatar.com\\\/avatar\\\/382642c092b6b9da14641d3c478df2f3da4a2d17eea25691c232d4dbf735c292?s=96&d=mm&r=g\",\"url\":\"https:\\\/\\\/secure.gravatar.com\\\/avatar\\\/382642c092b6b9da14641d3c478df2f3da4a2d17eea25691c232d4dbf735c292?s=96&d=mm&r=g\",\"contentUrl\":\"https:\\\/\\\/secure.gravatar.com\\\/avatar\\\/382642c092b6b9da14641d3c478df2f3da4a2d17eea25691c232d4dbf735c292?s=96&d=mm&r=g\",\"caption\":\"yoctavien\"},\"url\":\"https:\\\/\\\/regions-snetap-fsu.fr\\\/formation\\\/author\\\/yoctavien\\\/\"}]}<\/script>\n<!-- \/ Yoast SEO plugin. -->","yoast_head_json":{"title":"Congr\u00e8s R\u00e9gional du 18 d\u00e9cembre 2018 - Formation des sites R\u00e9gionaux du SNETAP-FSU","robots":{"index":"index","follow":"follow","max-snippet":"max-snippet:-1","max-image-preview":"max-image-preview:large","max-video-preview":"max-video-preview:-1"},"canonical":"https:\/\/regions-snetap-fsu.fr\/formation\/2019\/01\/09\/congres-regional-du-18-decembre-2018\/","og_locale":"fr_FR","og_type":"article","og_title":"Congr\u00e8s R\u00e9gional du 18 d\u00e9cembre 2018 - Formation des sites R\u00e9gionaux du SNETAP-FSU","og_description":"Travaux du Congr\u00e8s R\u00e9gional SNETAP-FSU du 18 d\u00e9cembre 2018 Parit\u00e9 : En vue de la pr\u00e9paration du Congr\u00e8s National extraordinaire du SNETAP-FSU les 27 et 28 mars 2019, un vote pour d\u00e9finir le mandat au sujet de l&rsquo;\u00e9volution statutaire afin de permettre la parit\u00e9 femmes-hommes au sein de notre organisation syndicale a \u00e9t\u00e9 r\u00e9alis\u00e9. Bilan [&hellip;]","og_url":"https:\/\/regions-snetap-fsu.fr\/formation\/2019\/01\/09\/congres-regional-du-18-decembre-2018\/","og_site_name":"Formation des sites R\u00e9gionaux du SNETAP-FSU","article_published_time":"2019-01-09T17:53:53+00:00","author":"yoctavien","twitter_card":"summary_large_image","twitter_misc":{"\u00c9crit par":"yoctavien","Dur\u00e9e de lecture estim\u00e9e":"3 minutes"},"schema":{"@context":"https:\/\/schema.org","@graph":[{"@type":"Article","@id":"https:\/\/regions-snetap-fsu.fr\/formation\/2019\/01\/09\/congres-regional-du-18-decembre-2018\/#article","isPartOf":{"@id":"https:\/\/regions-snetap-fsu.fr\/formation\/2019\/01\/09\/congres-regional-du-18-decembre-2018\/"},"author":{"name":"yoctavien","@id":"https:\/\/regions-snetap-fsu.fr\/formation\/#\/schema\/person\/f5dc7b6354e942ca9c5fa8e9ff7e5c93"},"headline":"Congr\u00e8s R\u00e9gional du 18 d\u00e9cembre 2018","datePublished":"2019-01-09T17:53:53+00:00","mainEntityOfPage":{"@id":"https:\/\/regions-snetap-fsu.fr\/formation\/2019\/01\/09\/congres-regional-du-18-decembre-2018\/"},"wordCount":527,"publisher":{"@id":"https:\/\/regions-snetap-fsu.fr\/formation\/#organization"},"articleSection":["Actions - Gr\u00e8ves - Manifs","Communiqu\u00e9s","Communiqu\u00e9s retraites","Instances syndicales HdF","UFA \/ CFPPA"],"inLanguage":"fr-FR"},{"@type":"WebPage","@id":"https:\/\/regions-snetap-fsu.fr\/formation\/2019\/01\/09\/congres-regional-du-18-decembre-2018\/","url":"https:\/\/regions-snetap-fsu.fr\/formation\/2019\/01\/09\/congres-regional-du-18-decembre-2018\/","name":"Congr\u00e8s R\u00e9gional du 18 d\u00e9cembre 2018 - Formation des sites R\u00e9gionaux du SNETAP-FSU","isPartOf":{"@id":"https:\/\/regions-snetap-fsu.fr\/formation\/#website"},"datePublished":"2019-01-09T17:53:53+00:00","breadcrumb":{"@id":"https:\/\/regions-snetap-fsu.fr\/formation\/2019\/01\/09\/congres-regional-du-18-decembre-2018\/#breadcrumb"},"inLanguage":"fr-FR","potentialAction":[{"@type":"ReadAction","target":["https:\/\/regions-snetap-fsu.fr\/formation\/2019\/01\/09\/congres-regional-du-18-decembre-2018\/"]}]},{"@type":"BreadcrumbList","@id":"https:\/\/regions-snetap-fsu.fr\/formation\/2019\/01\/09\/congres-regional-du-18-decembre-2018\/#breadcrumb","itemListElement":[{"@type":"ListItem","position":1,"name":"Accueil","item":"https:\/\/regions-snetap-fsu.fr\/formation\/"},{"@type":"ListItem","position":2,"name":"Congr\u00e8s R\u00e9gional du 18 d\u00e9cembre 2018"}]},{"@type":"WebSite","@id":"https:\/\/regions-snetap-fsu.fr\/formation\/#website","url":"https:\/\/regions-snetap-fsu.fr\/formation\/","name":"Formation des sites R\u00e9gionaux du SNETAP-FSU","description":"","publisher":{"@id":"https:\/\/regions-snetap-fsu.fr\/formation\/#organization"},"potentialAction":[{"@type":"SearchAction","target":{"@type":"EntryPoint","urlTemplate":"https:\/\/regions-snetap-fsu.fr\/formation\/?s={search_term_string}"},"query-input":{"@type":"PropertyValueSpecification","valueRequired":true,"valueName":"search_term_string"}}],"inLanguage":"fr-FR"},{"@type":"Organization","@id":"https:\/\/regions-snetap-fsu.fr\/formation\/#organization","name":"Formation des sites R\u00e9gionaux du SNETAP-FSU","url":"https:\/\/regions-snetap-fsu.fr\/formation\/","logo":{"@type":"ImageObject","inLanguage":"fr-FR","@id":"https:\/\/regions-snetap-fsu.fr\/formation\/#\/schema\/logo\/image\/","url":"https:\/\/regions-snetap-fsu.fr\/formation\/wp-content\/uploads\/sites\/20\/2025\/04\/cropped-Logo_blanc_fond_transparent_1000x755.png","contentUrl":"https:\/\/regions-snetap-fsu.fr\/formation\/wp-content\/uploads\/sites\/20\/2025\/04\/cropped-Logo_blanc_fond_transparent_1000x755.png","width":998,"height":689,"caption":"Formation des sites R\u00e9gionaux du SNETAP-FSU"},"image":{"@id":"https:\/\/regions-snetap-fsu.fr\/formation\/#\/schema\/logo\/image\/"}},{"@type":"Person","@id":"https:\/\/regions-snetap-fsu.fr\/formation\/#\/schema\/person\/f5dc7b6354e942ca9c5fa8e9ff7e5c93","name":"yoctavien","image":{"@type":"ImageObject","inLanguage":"fr-FR","@id":"https:\/\/secure.gravatar.com\/avatar\/382642c092b6b9da14641d3c478df2f3da4a2d17eea25691c232d4dbf735c292?s=96&d=mm&r=g","url":"https:\/\/secure.gravatar.com\/avatar\/382642c092b6b9da14641d3c478df2f3da4a2d17eea25691c232d4dbf735c292?s=96&d=mm&r=g","contentUrl":"https:\/\/secure.gravatar.com\/avatar\/382642c092b6b9da14641d3c478df2f3da4a2d17eea25691c232d4dbf735c292?s=96&d=mm&r=g","caption":"yoctavien"},"url":"https:\/\/regions-snetap-fsu.fr\/formation\/author\/yoctavien\/"}]}},"_links":{"self":[{"href":"https:\/\/regions-snetap-fsu.fr\/formation\/wp-json\/wp\/v2\/posts\/1426","targetHints":{"allow":["GET"]}}],"collection":[{"href":"https:\/\/regions-snetap-fsu.fr\/formation\/wp-json\/wp\/v2\/posts"}],"about":[{"href":"https:\/\/regions-snetap-fsu.fr\/formation\/wp-json\/wp\/v2\/types\/post"}],"author":[{"embeddable":true,"href":"https:\/\/regions-snetap-fsu.fr\/formation\/wp-json\/wp\/v2\/users\/138"}],"replies":[{"embeddable":true,"href":"https:\/\/regions-snetap-fsu.fr\/formation\/wp-json\/wp\/v2\/comments?post=1426"}],"version-history":[{"count":0,"href":"https:\/\/regions-snetap-fsu.fr\/formation\/wp-json\/wp\/v2\/posts\/1426\/revisions"}],"wp:attachment":[{"href":"https:\/\/regions-snetap-fsu.fr\/formation\/wp-json\/wp\/v2\/media?parent=1426"}],"wp:term":[{"taxonomy":"category","embeddable":true,"href":"https:\/\/regions-snetap-fsu.fr\/formation\/wp-json\/wp\/v2\/categories?post=1426"},{"taxonomy":"post_tag","embeddable":true,"href":"https:\/\/regions-snetap-fsu.fr\/formation\/wp-json\/wp\/v2\/tags?post=1426"},{"taxonomy":"post_folder","embeddable":true,"href":"https:\/\/regions-snetap-fsu.fr\/formation\/wp-json\/wp\/v2\/post_folder?post=1426"}],"curies":[{"name":"wp","href":"https:\/\/api.w.org\/{rel}","templated":true}]}}