{"id":1370,"date":"2018-12-22T12:59:23","date_gmt":"2018-12-22T11:59:23","guid":{"rendered":"https:\/\/regions-snetap-fsu.fr\/hdf\/?p=1370"},"modified":"2018-12-22T12:59:23","modified_gmt":"2018-12-22T11:59:23","slug":"retraite%c2%b7es-pressure%c2%b7es-et-maltraite%c2%b7es","status":"publish","type":"post","link":"https:\/\/regions-snetap-fsu.fr\/formation\/2018\/12\/22\/retraite%c2%b7es-pressure%c2%b7es-et-maltraite%c2%b7es\/","title":{"rendered":"Retrait\u00e9\u00b7es pressur\u00e9\u00b7es et maltrait\u00e9\u00b7es"},"content":{"rendered":"<h2 style=\"text-align: center\"><span style=\"color: #ff0000\">Retrait\u00e9\u00b7es pressur\u00e9\u00b7es et maltrait\u00e9\u00b7es<\/span><\/h2>\n<p style=\"text-align: justify\"><span style=\"color: #0000ff;font-family: georgia, palatino, serif;font-size: 12pt\">Depuis 2013, elles\u00b7ils sont de plus en plus lourdement ponctionn\u00e9\u00b7es. Il y a eu d\u2019abord la contribution additionnelle de solidarit\u00e9 pour l\u2019autonomie, la \u00a0CASA, au taux de 0,3 % portant uniquement sur les pensions et qui touche environ 60 % des retrait\u00e9s, ceux dont le revenu est sup\u00e9rieur \u00e0 un revenu fiscal de r\u00e9f\u00e9rence. Sa mise en place a \u00e9t\u00e9 suivie d\u2019un quasi gel pendant trois ans. Puis, au premier janvier 2018 les retrait\u00e9\u00b7es ont subi une augmentation de la CSG, sans aucune compensation, de 1,7 point soit + 25 %.<\/span><\/p>\n<p style=\"text-align: justify\"><span style=\"font-family: georgia, palatino, serif;font-size: 12pt;color: #0000ff\"><strong>Le tout cumul\u00e9 s\u2019est traduit par une perte estim\u00e9e \u00e0 un demi mois de pension.<\/strong><\/span><\/p>\n<p style=\"text-align: justify\"><span style=\"font-family: georgia, palatino, serif;font-size: 12pt;color: #0000ff\">Enfin pour 2019 et 2020, le gouvernement a d\u00e9cid\u00e9 que les pensions ne seront revaloris\u00e9es que de 0,3 % alors que l\u2019inflation pr\u00e9vue est de 1,7 %, ce qui provoquera une nouvelle baisse du pouvoir d\u2019achat des retraites.<\/span><\/p>\n<p style=\"text-align: justify\"><span style=\"font-family: georgia, palatino, serif;font-size: 12pt;color: #0000ff\">Les retrait\u00e9\u00b7es ont \u00e9t\u00e9 appel\u00e9\u00b7es \u00e0 manifester le 18 d\u00e9cembre, par le groupe des 9 (ensemble d\u2019organisations dont la CGT, FO, la FSU, la FGR-FP \u2026 \u00e0 l\u2019exception de la CFDT) pour exiger\u00a0:<\/span><\/p>\n<ul>\n<li><span style=\"font-family: georgia, palatino, serif;font-size: 12pt;color: #0000ff\">La suppression de la hausse de la CSG;<\/span><\/li>\n<li><span style=\"font-family: georgia, palatino, serif;font-size: 12pt;color: #0000ff\">Une revalorisation de toutes les pensions pour rattraper les pertes subies;<\/span><\/li>\n<li><span style=\"font-family: georgia, palatino, serif;font-size: 12pt;color: #0000ff\">L\u2019indexation des retraites sur les salaires, comme c\u2019\u00e9tait la r\u00e8gle jusqu\u2019au milieu des ann\u00e9es 2000.<\/span><\/li>\n<\/ul>\n<p style=\"text-align: justify\"><span style=\"font-family: georgia, palatino, serif;font-size: 12pt;color: #0000ff\">Quant au syst\u00e8me de retraite par points que le gouvernement voudrait mettre en place, il s\u2019agit d\u2019un syst\u00e8me individuel, en rupture avec les principes de solidarit\u00e9 interg\u00e9n\u00e9rationnels et qui vise essentiellement \u00e0 r\u00e9duire le poids des pensions c&rsquo;est-\u00e0-dire leur montant. La valeur du point sera une variable d\u2019ajustement comme c\u2019est d\u00e9j\u00e0 le cas dans les r\u00e9gimes de retraites compl\u00e9mentaires.<\/span><\/p>\n<p style=\"text-align: justify\"><span style=\"font-family: georgia, palatino, serif;font-size: 12pt;color: #0000ff\"><strong>En Su\u00e8de o\u00f9 ce syst\u00e8me a \u00e9t\u00e9 adopt\u00e9, les pensions ont diminu\u00e9 de 10 % entre 2010 et 2014.<\/strong><\/span><\/p>\n<p><span style=\"color: #0000ff\">Pour d&rsquo;avantage d&rsquo;information sur la r\u00e9forme Macron au sujet des retraites, cliquez sur le lien ci-dessous :<\/span><\/p>\n<p><span style=\"text-decoration: underline\"><span style=\"color: #000000\"><a style=\"color: #000000;text-decoration: underline\" href=\"http:\/\/fsu.fr\/Retraites-comprendre-la-reforme-Macron-lutter-avec-la-FSU-pour-developper-les.html\" target=\"_blank\" rel=\"noopener\">Lien : FSU &#8211; Comprendre r\u00e9forme Macron sur les retraites<\/a><\/span><\/span><\/p>\n<p style=\"text-align: justify\"><span style=\"font-family: georgia, palatino, serif;color: #0000ff\"><span style=\"font-size: 12pt\">Consultez aussi la page au sujet de la syndicalisation des retrait\u00e9\u00b7es (cotisation beaucoup plus faible que pour les actifs) :<\/span> <a style=\"color: #0000ff\" href=\"https:\/\/regions-snetap-fsu.fr\/hdf\/syndicalisation-retraite%c2%b7es\/\" target=\"_blank\" rel=\"noopener\"><span style=\"text-decoration: underline\"><span style=\"color: #000000;text-decoration: underline\">Lien : Syndicalisation pour les retrait\u00e9\u00b7es<\/span><\/span><\/a><\/span><\/p>\n<p><a href=\"https:\/\/www.snetap-fsu.fr\/Rassemblement-de-5-000-retraites-M-DARMANIN-n-a-pas-le-temps.html\" target=\"_blank\" rel=\"noopener\"><span style=\"text-decoration: underline\"><span style=\"color: #000000;text-decoration: underline\">Lien : Rassemblement de 5 000 retrait\u00e9\u00b7es : M. Darmanin n&rsquo;a pas le temps !<\/span><\/span><\/a><\/p>\n","protected":false},"excerpt":{"rendered":"<p>Retrait\u00e9\u00b7es pressur\u00e9\u00b7es et maltrait\u00e9\u00b7es Depuis 2013, elles\u00b7ils sont de plus en plus lourdement ponctionn\u00e9\u00b7es. Il y a eu d\u2019abord la contribution additionnelle de solidarit\u00e9 pour l\u2019autonomie, la \u00a0CASA, au taux de 0,3 % portant uniquement sur les pensions et qui touche environ 60 % des retrait\u00e9s, ceux dont le revenu est sup\u00e9rieur \u00e0 un revenu [&hellip;]<\/p>\n","protected":false},"author":138,"featured_media":0,"comment_status":"closed","ping_status":"closed","sticky":false,"template":"","format":"standard","meta":{"ocean_post_layout":"","ocean_both_sidebars_style":"","ocean_both_sidebars_content_width":0,"ocean_both_sidebars_sidebars_width":0,"ocean_sidebar":"","ocean_second_sidebar":"","ocean_disable_margins":"enable","ocean_add_body_class":"","ocean_shortcode_before_top_bar":"","ocean_shortcode_after_top_bar":"","ocean_shortcode_before_header":"","ocean_shortcode_after_header":"","ocean_has_shortcode":"","ocean_shortcode_after_title":"","ocean_shortcode_before_footer_widgets":"","ocean_shortcode_after_footer_widgets":"","ocean_shortcode_before_footer_bottom":"","ocean_shortcode_after_footer_bottom":"","ocean_display_top_bar":"default","ocean_display_header":"default","ocean_header_style":"","ocean_center_header_left_menu":"","ocean_custom_header_template":"","ocean_custom_logo":0,"ocean_custom_retina_logo":0,"ocean_custom_logo_max_width":0,"ocean_custom_logo_tablet_max_width":0,"ocean_custom_logo_mobile_max_width":0,"ocean_custom_logo_max_height":0,"ocean_custom_logo_tablet_max_height":0,"ocean_custom_logo_mobile_max_height":0,"ocean_header_custom_menu":"","ocean_menu_typo_font_family":"","ocean_menu_typo_font_subset":"","ocean_menu_typo_font_size":0,"ocean_menu_typo_font_size_tablet":0,"ocean_menu_typo_font_size_mobile":0,"ocean_menu_typo_font_size_unit":"px","ocean_menu_typo_font_weight":"","ocean_menu_typo_font_weight_tablet":"","ocean_menu_typo_font_weight_mobile":"","ocean_menu_typo_transform":"","ocean_menu_typo_transform_tablet":"","ocean_menu_typo_transform_mobile":"","ocean_menu_typo_line_height":0,"ocean_menu_typo_line_height_tablet":0,"ocean_menu_typo_line_height_mobile":0,"ocean_menu_typo_line_height_unit":"","ocean_menu_typo_spacing":0,"ocean_menu_typo_spacing_tablet":0,"ocean_menu_typo_spacing_mobile":0,"ocean_menu_typo_spacing_unit":"","ocean_menu_link_color":"","ocean_menu_link_color_hover":"","ocean_menu_link_color_active":"","ocean_menu_link_background":"","ocean_menu_link_hover_background":"","ocean_menu_link_active_background":"","ocean_menu_social_links_bg":"","ocean_menu_social_hover_links_bg":"","ocean_menu_social_links_color":"","ocean_menu_social_hover_links_color":"","ocean_disable_title":"default","ocean_disable_heading":"default","ocean_post_title":"","ocean_post_subheading":"","ocean_post_title_style":"","ocean_post_title_background_color":"","ocean_post_title_background":0,"ocean_post_title_bg_image_position":"","ocean_post_title_bg_image_attachment":"","ocean_post_title_bg_image_repeat":"","ocean_post_title_bg_image_size":"","ocean_post_title_height":0,"ocean_post_title_bg_overlay":0.5,"ocean_post_title_bg_overlay_color":"","ocean_disable_breadcrumbs":"default","ocean_breadcrumbs_color":"","ocean_breadcrumbs_separator_color":"","ocean_breadcrumbs_links_color":"","ocean_breadcrumbs_links_hover_color":"","ocean_display_footer_widgets":"default","ocean_display_footer_bottom":"default","ocean_custom_footer_template":"","ocean_post_oembed":"","ocean_post_self_hosted_media":"","ocean_post_video_embed":"","ocean_link_format":"","ocean_link_format_target":"self","ocean_quote_format":"","ocean_quote_format_link":"post","ocean_gallery_link_images":"on","ocean_gallery_id":[],"footnotes":""},"categories":[12],"tags":[],"post_folder":[],"class_list":["post-1370","post","type-post","status-publish","format-standard","hentry","category-communiques-retraites","entry"],"yoast_head":"<!-- This site is optimized with the Yoast SEO plugin v27.4 - https:\/\/yoast.com\/product\/yoast-seo-wordpress\/ -->\n<title>Retrait\u00e9\u00b7es pressur\u00e9\u00b7es et maltrait\u00e9\u00b7es - Formation des sites R\u00e9gionaux du SNETAP-FSU<\/title>\n<meta name=\"robots\" content=\"index, follow, max-snippet:-1, max-image-preview:large, max-video-preview:-1\" \/>\n<link rel=\"canonical\" href=\"https:\/\/regions-snetap-fsu.fr\/formation\/2018\/12\/22\/retraite\u00b7es-pressure\u00b7es-et-maltraite\u00b7es\/\" \/>\n<meta property=\"og:locale\" content=\"fr_FR\" \/>\n<meta property=\"og:type\" content=\"article\" \/>\n<meta property=\"og:title\" content=\"Retrait\u00e9\u00b7es pressur\u00e9\u00b7es et maltrait\u00e9\u00b7es - Formation des sites R\u00e9gionaux du SNETAP-FSU\" \/>\n<meta property=\"og:description\" content=\"Retrait\u00e9\u00b7es pressur\u00e9\u00b7es et maltrait\u00e9\u00b7es Depuis 2013, elles\u00b7ils sont de plus en plus lourdement ponctionn\u00e9\u00b7es. Il y a eu d\u2019abord la contribution additionnelle de solidarit\u00e9 pour l\u2019autonomie, la \u00a0CASA, au taux de 0,3 % portant uniquement sur les pensions et qui touche environ 60 % des retrait\u00e9s, ceux dont le revenu est sup\u00e9rieur \u00e0 un revenu [&hellip;]\" \/>\n<meta property=\"og:url\" content=\"https:\/\/regions-snetap-fsu.fr\/formation\/2018\/12\/22\/retraite\u00b7es-pressure\u00b7es-et-maltraite\u00b7es\/\" \/>\n<meta property=\"og:site_name\" content=\"Formation des sites R\u00e9gionaux du SNETAP-FSU\" \/>\n<meta property=\"article:published_time\" content=\"2018-12-22T11:59:23+00:00\" \/>\n<meta name=\"author\" content=\"yoctavien\" \/>\n<meta name=\"twitter:card\" content=\"summary_large_image\" \/>\n<meta name=\"twitter:label1\" content=\"\u00c9crit par\" \/>\n\t<meta name=\"twitter:data1\" content=\"yoctavien\" \/>\n\t<meta name=\"twitter:label2\" content=\"Dur\u00e9e de lecture estim\u00e9e\" \/>\n\t<meta name=\"twitter:data2\" content=\"2 minutes\" \/>\n<script type=\"application\/ld+json\" class=\"yoast-schema-graph\">{\"@context\":\"https:\\\/\\\/schema.org\",\"@graph\":[{\"@type\":\"Article\",\"@id\":\"https:\\\/\\\/regions-snetap-fsu.fr\\\/formation\\\/2018\\\/12\\\/22\\\/retraite%c2%b7es-pressure%c2%b7es-et-maltraite%c2%b7es\\\/#article\",\"isPartOf\":{\"@id\":\"https:\\\/\\\/regions-snetap-fsu.fr\\\/formation\\\/2018\\\/12\\\/22\\\/retraite%c2%b7es-pressure%c2%b7es-et-maltraite%c2%b7es\\\/\"},\"author\":{\"name\":\"yoctavien\",\"@id\":\"https:\\\/\\\/regions-snetap-fsu.fr\\\/formation\\\/#\\\/schema\\\/person\\\/f5dc7b6354e942ca9c5fa8e9ff7e5c93\"},\"headline\":\"Retrait\u00e9\u00b7es pressur\u00e9\u00b7es et maltrait\u00e9\u00b7es\",\"datePublished\":\"2018-12-22T11:59:23+00:00\",\"mainEntityOfPage\":{\"@id\":\"https:\\\/\\\/regions-snetap-fsu.fr\\\/formation\\\/2018\\\/12\\\/22\\\/retraite%c2%b7es-pressure%c2%b7es-et-maltraite%c2%b7es\\\/\"},\"wordCount\":384,\"publisher\":{\"@id\":\"https:\\\/\\\/regions-snetap-fsu.fr\\\/formation\\\/#organization\"},\"articleSection\":[\"Communiqu\u00e9s retraites\"],\"inLanguage\":\"fr-FR\"},{\"@type\":\"WebPage\",\"@id\":\"https:\\\/\\\/regions-snetap-fsu.fr\\\/formation\\\/2018\\\/12\\\/22\\\/retraite%c2%b7es-pressure%c2%b7es-et-maltraite%c2%b7es\\\/\",\"url\":\"https:\\\/\\\/regions-snetap-fsu.fr\\\/formation\\\/2018\\\/12\\\/22\\\/retraite%c2%b7es-pressure%c2%b7es-et-maltraite%c2%b7es\\\/\",\"name\":\"Retrait\u00e9\u00b7es pressur\u00e9\u00b7es et maltrait\u00e9\u00b7es - Formation des sites R\u00e9gionaux du SNETAP-FSU\",\"isPartOf\":{\"@id\":\"https:\\\/\\\/regions-snetap-fsu.fr\\\/formation\\\/#website\"},\"datePublished\":\"2018-12-22T11:59:23+00:00\",\"breadcrumb\":{\"@id\":\"https:\\\/\\\/regions-snetap-fsu.fr\\\/formation\\\/2018\\\/12\\\/22\\\/retraite%c2%b7es-pressure%c2%b7es-et-maltraite%c2%b7es\\\/#breadcrumb\"},\"inLanguage\":\"fr-FR\",\"potentialAction\":[{\"@type\":\"ReadAction\",\"target\":[\"https:\\\/\\\/regions-snetap-fsu.fr\\\/formation\\\/2018\\\/12\\\/22\\\/retraite%c2%b7es-pressure%c2%b7es-et-maltraite%c2%b7es\\\/\"]}]},{\"@type\":\"BreadcrumbList\",\"@id\":\"https:\\\/\\\/regions-snetap-fsu.fr\\\/formation\\\/2018\\\/12\\\/22\\\/retraite%c2%b7es-pressure%c2%b7es-et-maltraite%c2%b7es\\\/#breadcrumb\",\"itemListElement\":[{\"@type\":\"ListItem\",\"position\":1,\"name\":\"Accueil\",\"item\":\"https:\\\/\\\/regions-snetap-fsu.fr\\\/formation\\\/\"},{\"@type\":\"ListItem\",\"position\":2,\"name\":\"Retrait\u00e9\u00b7es pressur\u00e9\u00b7es et maltrait\u00e9\u00b7es\"}]},{\"@type\":\"WebSite\",\"@id\":\"https:\\\/\\\/regions-snetap-fsu.fr\\\/formation\\\/#website\",\"url\":\"https:\\\/\\\/regions-snetap-fsu.fr\\\/formation\\\/\",\"name\":\"Formation des sites R\u00e9gionaux du SNETAP-FSU\",\"description\":\"\",\"publisher\":{\"@id\":\"https:\\\/\\\/regions-snetap-fsu.fr\\\/formation\\\/#organization\"},\"potentialAction\":[{\"@type\":\"SearchAction\",\"target\":{\"@type\":\"EntryPoint\",\"urlTemplate\":\"https:\\\/\\\/regions-snetap-fsu.fr\\\/formation\\\/?s={search_term_string}\"},\"query-input\":{\"@type\":\"PropertyValueSpecification\",\"valueRequired\":true,\"valueName\":\"search_term_string\"}}],\"inLanguage\":\"fr-FR\"},{\"@type\":\"Organization\",\"@id\":\"https:\\\/\\\/regions-snetap-fsu.fr\\\/formation\\\/#organization\",\"name\":\"Formation des sites R\u00e9gionaux du SNETAP-FSU\",\"url\":\"https:\\\/\\\/regions-snetap-fsu.fr\\\/formation\\\/\",\"logo\":{\"@type\":\"ImageObject\",\"inLanguage\":\"fr-FR\",\"@id\":\"https:\\\/\\\/regions-snetap-fsu.fr\\\/formation\\\/#\\\/schema\\\/logo\\\/image\\\/\",\"url\":\"https:\\\/\\\/regions-snetap-fsu.fr\\\/formation\\\/wp-content\\\/uploads\\\/sites\\\/20\\\/2025\\\/04\\\/cropped-Logo_blanc_fond_transparent_1000x755.png\",\"contentUrl\":\"https:\\\/\\\/regions-snetap-fsu.fr\\\/formation\\\/wp-content\\\/uploads\\\/sites\\\/20\\\/2025\\\/04\\\/cropped-Logo_blanc_fond_transparent_1000x755.png\",\"width\":998,\"height\":689,\"caption\":\"Formation des sites R\u00e9gionaux du SNETAP-FSU\"},\"image\":{\"@id\":\"https:\\\/\\\/regions-snetap-fsu.fr\\\/formation\\\/#\\\/schema\\\/logo\\\/image\\\/\"}},{\"@type\":\"Person\",\"@id\":\"https:\\\/\\\/regions-snetap-fsu.fr\\\/formation\\\/#\\\/schema\\\/person\\\/f5dc7b6354e942ca9c5fa8e9ff7e5c93\",\"name\":\"yoctavien\",\"image\":{\"@type\":\"ImageObject\",\"inLanguage\":\"fr-FR\",\"@id\":\"https:\\\/\\\/secure.gravatar.com\\\/avatar\\\/382642c092b6b9da14641d3c478df2f3da4a2d17eea25691c232d4dbf735c292?s=96&d=mm&r=g\",\"url\":\"https:\\\/\\\/secure.gravatar.com\\\/avatar\\\/382642c092b6b9da14641d3c478df2f3da4a2d17eea25691c232d4dbf735c292?s=96&d=mm&r=g\",\"contentUrl\":\"https:\\\/\\\/secure.gravatar.com\\\/avatar\\\/382642c092b6b9da14641d3c478df2f3da4a2d17eea25691c232d4dbf735c292?s=96&d=mm&r=g\",\"caption\":\"yoctavien\"},\"url\":\"https:\\\/\\\/regions-snetap-fsu.fr\\\/formation\\\/author\\\/yoctavien\\\/\"}]}<\/script>\n<!-- \/ Yoast SEO plugin. -->","yoast_head_json":{"title":"Retrait\u00e9\u00b7es pressur\u00e9\u00b7es et maltrait\u00e9\u00b7es - Formation des sites R\u00e9gionaux du SNETAP-FSU","robots":{"index":"index","follow":"follow","max-snippet":"max-snippet:-1","max-image-preview":"max-image-preview:large","max-video-preview":"max-video-preview:-1"},"canonical":"https:\/\/regions-snetap-fsu.fr\/formation\/2018\/12\/22\/retraite\u00b7es-pressure\u00b7es-et-maltraite\u00b7es\/","og_locale":"fr_FR","og_type":"article","og_title":"Retrait\u00e9\u00b7es pressur\u00e9\u00b7es et maltrait\u00e9\u00b7es - Formation des sites R\u00e9gionaux du SNETAP-FSU","og_description":"Retrait\u00e9\u00b7es pressur\u00e9\u00b7es et maltrait\u00e9\u00b7es Depuis 2013, elles\u00b7ils sont de plus en plus lourdement ponctionn\u00e9\u00b7es. Il y a eu d\u2019abord la contribution additionnelle de solidarit\u00e9 pour l\u2019autonomie, la \u00a0CASA, au taux de 0,3 % portant uniquement sur les pensions et qui touche environ 60 % des retrait\u00e9s, ceux dont le revenu est sup\u00e9rieur \u00e0 un revenu [&hellip;]","og_url":"https:\/\/regions-snetap-fsu.fr\/formation\/2018\/12\/22\/retraite\u00b7es-pressure\u00b7es-et-maltraite\u00b7es\/","og_site_name":"Formation des sites R\u00e9gionaux du SNETAP-FSU","article_published_time":"2018-12-22T11:59:23+00:00","author":"yoctavien","twitter_card":"summary_large_image","twitter_misc":{"\u00c9crit par":"yoctavien","Dur\u00e9e de lecture estim\u00e9e":"2 minutes"},"schema":{"@context":"https:\/\/schema.org","@graph":[{"@type":"Article","@id":"https:\/\/regions-snetap-fsu.fr\/formation\/2018\/12\/22\/retraite%c2%b7es-pressure%c2%b7es-et-maltraite%c2%b7es\/#article","isPartOf":{"@id":"https:\/\/regions-snetap-fsu.fr\/formation\/2018\/12\/22\/retraite%c2%b7es-pressure%c2%b7es-et-maltraite%c2%b7es\/"},"author":{"name":"yoctavien","@id":"https:\/\/regions-snetap-fsu.fr\/formation\/#\/schema\/person\/f5dc7b6354e942ca9c5fa8e9ff7e5c93"},"headline":"Retrait\u00e9\u00b7es pressur\u00e9\u00b7es et maltrait\u00e9\u00b7es","datePublished":"2018-12-22T11:59:23+00:00","mainEntityOfPage":{"@id":"https:\/\/regions-snetap-fsu.fr\/formation\/2018\/12\/22\/retraite%c2%b7es-pressure%c2%b7es-et-maltraite%c2%b7es\/"},"wordCount":384,"publisher":{"@id":"https:\/\/regions-snetap-fsu.fr\/formation\/#organization"},"articleSection":["Communiqu\u00e9s retraites"],"inLanguage":"fr-FR"},{"@type":"WebPage","@id":"https:\/\/regions-snetap-fsu.fr\/formation\/2018\/12\/22\/retraite%c2%b7es-pressure%c2%b7es-et-maltraite%c2%b7es\/","url":"https:\/\/regions-snetap-fsu.fr\/formation\/2018\/12\/22\/retraite%c2%b7es-pressure%c2%b7es-et-maltraite%c2%b7es\/","name":"Retrait\u00e9\u00b7es pressur\u00e9\u00b7es et maltrait\u00e9\u00b7es - Formation des sites R\u00e9gionaux du SNETAP-FSU","isPartOf":{"@id":"https:\/\/regions-snetap-fsu.fr\/formation\/#website"},"datePublished":"2018-12-22T11:59:23+00:00","breadcrumb":{"@id":"https:\/\/regions-snetap-fsu.fr\/formation\/2018\/12\/22\/retraite%c2%b7es-pressure%c2%b7es-et-maltraite%c2%b7es\/#breadcrumb"},"inLanguage":"fr-FR","potentialAction":[{"@type":"ReadAction","target":["https:\/\/regions-snetap-fsu.fr\/formation\/2018\/12\/22\/retraite%c2%b7es-pressure%c2%b7es-et-maltraite%c2%b7es\/"]}]},{"@type":"BreadcrumbList","@id":"https:\/\/regions-snetap-fsu.fr\/formation\/2018\/12\/22\/retraite%c2%b7es-pressure%c2%b7es-et-maltraite%c2%b7es\/#breadcrumb","itemListElement":[{"@type":"ListItem","position":1,"name":"Accueil","item":"https:\/\/regions-snetap-fsu.fr\/formation\/"},{"@type":"ListItem","position":2,"name":"Retrait\u00e9\u00b7es pressur\u00e9\u00b7es et maltrait\u00e9\u00b7es"}]},{"@type":"WebSite","@id":"https:\/\/regions-snetap-fsu.fr\/formation\/#website","url":"https:\/\/regions-snetap-fsu.fr\/formation\/","name":"Formation des sites R\u00e9gionaux du SNETAP-FSU","description":"","publisher":{"@id":"https:\/\/regions-snetap-fsu.fr\/formation\/#organization"},"potentialAction":[{"@type":"SearchAction","target":{"@type":"EntryPoint","urlTemplate":"https:\/\/regions-snetap-fsu.fr\/formation\/?s={search_term_string}"},"query-input":{"@type":"PropertyValueSpecification","valueRequired":true,"valueName":"search_term_string"}}],"inLanguage":"fr-FR"},{"@type":"Organization","@id":"https:\/\/regions-snetap-fsu.fr\/formation\/#organization","name":"Formation des sites R\u00e9gionaux du SNETAP-FSU","url":"https:\/\/regions-snetap-fsu.fr\/formation\/","logo":{"@type":"ImageObject","inLanguage":"fr-FR","@id":"https:\/\/regions-snetap-fsu.fr\/formation\/#\/schema\/logo\/image\/","url":"https:\/\/regions-snetap-fsu.fr\/formation\/wp-content\/uploads\/sites\/20\/2025\/04\/cropped-Logo_blanc_fond_transparent_1000x755.png","contentUrl":"https:\/\/regions-snetap-fsu.fr\/formation\/wp-content\/uploads\/sites\/20\/2025\/04\/cropped-Logo_blanc_fond_transparent_1000x755.png","width":998,"height":689,"caption":"Formation des sites R\u00e9gionaux du SNETAP-FSU"},"image":{"@id":"https:\/\/regions-snetap-fsu.fr\/formation\/#\/schema\/logo\/image\/"}},{"@type":"Person","@id":"https:\/\/regions-snetap-fsu.fr\/formation\/#\/schema\/person\/f5dc7b6354e942ca9c5fa8e9ff7e5c93","name":"yoctavien","image":{"@type":"ImageObject","inLanguage":"fr-FR","@id":"https:\/\/secure.gravatar.com\/avatar\/382642c092b6b9da14641d3c478df2f3da4a2d17eea25691c232d4dbf735c292?s=96&d=mm&r=g","url":"https:\/\/secure.gravatar.com\/avatar\/382642c092b6b9da14641d3c478df2f3da4a2d17eea25691c232d4dbf735c292?s=96&d=mm&r=g","contentUrl":"https:\/\/secure.gravatar.com\/avatar\/382642c092b6b9da14641d3c478df2f3da4a2d17eea25691c232d4dbf735c292?s=96&d=mm&r=g","caption":"yoctavien"},"url":"https:\/\/regions-snetap-fsu.fr\/formation\/author\/yoctavien\/"}]}},"_links":{"self":[{"href":"https:\/\/regions-snetap-fsu.fr\/formation\/wp-json\/wp\/v2\/posts\/1370","targetHints":{"allow":["GET"]}}],"collection":[{"href":"https:\/\/regions-snetap-fsu.fr\/formation\/wp-json\/wp\/v2\/posts"}],"about":[{"href":"https:\/\/regions-snetap-fsu.fr\/formation\/wp-json\/wp\/v2\/types\/post"}],"author":[{"embeddable":true,"href":"https:\/\/regions-snetap-fsu.fr\/formation\/wp-json\/wp\/v2\/users\/138"}],"replies":[{"embeddable":true,"href":"https:\/\/regions-snetap-fsu.fr\/formation\/wp-json\/wp\/v2\/comments?post=1370"}],"version-history":[{"count":0,"href":"https:\/\/regions-snetap-fsu.fr\/formation\/wp-json\/wp\/v2\/posts\/1370\/revisions"}],"wp:attachment":[{"href":"https:\/\/regions-snetap-fsu.fr\/formation\/wp-json\/wp\/v2\/media?parent=1370"}],"wp:term":[{"taxonomy":"category","embeddable":true,"href":"https:\/\/regions-snetap-fsu.fr\/formation\/wp-json\/wp\/v2\/categories?post=1370"},{"taxonomy":"post_tag","embeddable":true,"href":"https:\/\/regions-snetap-fsu.fr\/formation\/wp-json\/wp\/v2\/tags?post=1370"},{"taxonomy":"post_folder","embeddable":true,"href":"https:\/\/regions-snetap-fsu.fr\/formation\/wp-json\/wp\/v2\/post_folder?post=1370"}],"curies":[{"name":"wp","href":"https:\/\/api.w.org\/{rel}","templated":true}]}}