{"id":1307,"date":"2019-01-09T18:54:05","date_gmt":"2019-01-09T17:54:05","guid":{"rendered":"https:\/\/regions-snetap-fsu.fr\/hdf\/?p=1307"},"modified":"2019-01-09T18:54:05","modified_gmt":"2019-01-09T17:54:05","slug":"pouvoir-dachat","status":"publish","type":"post","link":"https:\/\/regions-snetap-fsu.fr\/formation\/2019\/01\/09\/pouvoir-dachat\/","title":{"rendered":"Pouvoir d&rsquo;achat"},"content":{"rendered":"<h2 style=\"text-align: center\"><span style=\"color: #ff0000\"><strong>Am\u00e9liorer le pouvoir d&rsquo;achat<\/strong><\/span><\/h2>\n<p style=\"text-align: justify\"><span style=\"color: #0000ff\">La crise sociale qui gagne le pays trouve son origine dans les politiques lib\u00e9rales aujourd&rsquo;hui \u00e0 l\u2019\u0153uvre et dans la volont\u00e9 de remettre en cause notre mod\u00e8le social. Contraint par l&rsquo;ampleur de la contestation, le Pr\u00e9sident de la R\u00e9publique s&rsquo;est d\u00e9cid\u00e9, enfin, de sortir de son silence en nous pr\u00e9sentant de nouvelles mesures qui devaient \u00eatre surprenantes.<\/span><\/p>\n<p style=\"text-align: justify\"><span style=\"color: #0000ff\">Mais dans une situation extr\u00eamement tendue, il ne semble pas prendre la mesure de la col\u00e8re qui s&rsquo;exprime face aux injustices sociales et semble vouloir maintenir son cap. Il ne r\u00e9pond ni aux inqui\u00e9tudes ni aux revendications, particuli\u00e8rement en ce qui concerne le pouvoir d&rsquo;achat.<\/span><\/p>\n<p style=\"text-align: justify\"><span style=\"color: #0000ff\">La FSU, continuant \u00e0 lutter pour notre pouvoir d&rsquo;achat et contre le gel de notre point d&rsquo;indice, est tr\u00e8s inqui\u00e8te pour l\u2019avenir de la Fonction publique et de ses agent\u00b7es.<\/span><\/p>\n<p style=\"text-align: justify\"><span style=\"color: #0000ff\">Cependant, dans l&rsquo;attente d&rsquo;une meilleure justice sociale, il ne faut oublier que certain\u00b7es d&rsquo;entre vous peuvent b\u00e9n\u00e9ficier d&rsquo;aides pour leur faible pouvoir d&rsquo;achat. Nous sommes conscients que ces aides ne sont pas satisfaisantes, mais les b\u00e9n\u00e9ficiaires potentiels doivent faire valoir ces droits.<\/span><\/p>\n<h3 style=\"text-align: center\"><strong><span style=\"color: #008000\">La Garantie Individuelle de Pouvoir d&rsquo;Achat (GIPA)<\/span><\/strong><\/h3>\n<p style=\"text-align: justify\"><span style=\"color: #0000ff\">La GIPA est reconduite pour 2018 (p\u00e9riode allant du 31 d\u00e9cembre 2013 au 31 d\u00e9cembre 2017).<\/span><\/p>\n<p><strong><span style=\"color: #0000ff\">Le SNETAP-<span class=\"gl_mot\">FSU<\/span> rappelle que tous les agent\u00b7es de l\u2019enseignement agricole titulaires comme contractuel\u00b7les sur budget (enseignement sup\u00e9rieur et CFAA \/<span class=\"gl_mot\">CFPPA<\/span>) sont b\u00e9n\u00e9ficiaires de cette garantie.<\/span><\/strong><\/p>\n<p style=\"text-align: justify\"><span style=\"color: #ff0000\"><strong class=\"caractencadre-spip spip\">Ce travail syndical commence \u00e0 porter ses fruits. Plusieurs agents nous ont fait savoir qu\u2019ils en b\u00e9n\u00e9ficiaient ou que leur \u00e9tablissement \u00e9tait en train de traiter les dossiers.<\/strong><\/span><\/p>\n<p><span style=\"color: #0000ff\">Par cons\u00e9quent, faites valoir ce droit.<\/span><\/p>\n<p><span style=\"color: #0000ff\">Pour davantage d&rsquo;informations et calculer vos droits, cliquez sur le lien suivant :<\/span><\/p>\n<p><a href=\"https:\/\/www.snetap-fsu.fr\/GIPA-2018.html\" target=\"_blank\" rel=\"noopener\"><span style=\"text-decoration: underline\"><span style=\"color: #000000;text-decoration: underline\">Lien : GIPA 2018 &#8211; SNETAP-FSU national<\/span><\/span><\/a><\/p>\n<h3 style=\"text-align: center\"><span style=\"color: #008000\"><strong>La Prime d&rsquo;activit\u00e9<\/strong><\/span><\/h3>\n<p style=\"text-align: justify\"><span style=\"color: #0000ff\">Le chef de l\u2019\u00c9tat a promis que la r\u00e9mun\u00e9ration d&rsquo;un travailleur au SMIC augmenterait de 100 euros par mois en 2019, gr\u00e2ce \u00e0 une revalorisation anticip\u00e9e de la prime d&rsquo;activit\u00e9.<\/span><\/p>\n<p style=\"text-align: justify\"><span style=\"color: #0000ff\">La prime d&rsquo;activit\u00e9 n&rsquo;est pas une augmentation du SMIC donc de salaire. C&rsquo;est une prestation sociale, elle n&rsquo;est pas soumise aux cotisations sociales et n&rsquo;est donc pas prise en compte dans le calcul de votre retraite.<\/span><\/p>\n<p><span style=\"color: #0000ff\">Encore une pirouette m\u00e9prisante du Pr\u00e9sident de la R\u00e9publique.<\/span><\/p>\n<p style=\"text-align: justify\"><strong><span style=\"color: #0000ff\">Cependant, apr\u00e8s janvier 2019, cette revalorisation pourrait \u00eatre \u00e9largie \u00e0 certain\u00b7es fonctionnaires au SMIC qui actuellement ne pouvaient pas y pr\u00e9tendre. Un couple sans ou avec enfants ayant un seul revenu sup\u00e9rieur au SMIC pourrait en b\u00e9n\u00e9ficier selon leur condition de ressource familiale.<\/span><\/strong><\/p>\n<p style=\"text-align: justify\"><span style=\"color: #0000ff\">Dans tous les cas, n&rsquo;h\u00e9sitez pas de r\u00e9aliser une simulation et de d\u00e9poser une demande sur le site de la CAF.<\/span><\/p>\n<p style=\"text-align: justify\"><span style=\"color: #0000ff\"><strong>Depuis le 1er janvier le simulateur a \u00e9t\u00e9 remis \u00e0 jour, donc nous conseillons \u00e0 celles et ceux qui ont effectu\u00e9 la simulation avant cette date de la renouveler car les ayants droits sont \u00e9largis.<\/strong><br \/><\/span><\/p>\n<p><a href=\"http:\/\/www.caf.fr\/allocataires\/mes-services-en-ligne\/estimer-vos-droits\/simulation-prime-d-activite\" target=\"_blank\" rel=\"noopener\"><span style=\"text-decoration: underline\"><span style=\"color: #000000;text-decoration: underline\">Lien : Simulateur Prime d&rsquo;activit\u00e9 de la CAF<\/span><\/span><\/a><\/p>\n<p><span style=\"text-decoration: underline\"><span style=\"color: #000000\"><a style=\"color: #000000;text-decoration: underline\" href=\"http:\/\/www.caf.fr\/\" target=\"_blank\" rel=\"noopener\">Lien : Page d&rsquo;accueil de la CAF<\/a><\/span><\/span><\/p>\n\n<p class=\"has-text-color has-background has-vivid-red-color has-very-light-gray-background-color\" style=\"text-align: justify\"><span style=\"color: #ff0000\">Pour le SNETAP, comme pour la FSU, les annonces du Pr\u00e9sident de la R\u00e9publique, cens\u00e9es r\u00e9pondre \u00e0 la crise sociale profonde que conna\u00eet le pays, ne sont pas \u00e0 la hauteur des attentes des fran\u00e7ais mobilis\u00e9s contre les in\u00e9galit\u00e9s sociales et territoriales depuis plusieurs mois.<\/span><\/p>\n<p><span style=\"color: #ff0000\">\n\n<\/span><\/p>\n<p class=\"has-text-color has-background has-vivid-red-color has-pale-cyan-blue-background-color\" style=\"text-align: justify\"><span style=\"color: #ff0000\">C&rsquo;est pourquoi le SNETAP, avec la FSU, appelle les personnels de l\u2019Enseignement Agricole Public \u00e0 rester mobilis\u00e9s.<strong><br \/><\/strong><\/span><\/p>\n","protected":false},"excerpt":{"rendered":"<p>Am\u00e9liorer le pouvoir d&rsquo;achat La crise sociale qui gagne le pays trouve son origine dans les politiques lib\u00e9rales aujourd&rsquo;hui \u00e0 l\u2019\u0153uvre et dans la volont\u00e9 de remettre en cause notre mod\u00e8le social. Contraint par l&rsquo;ampleur de la contestation, le Pr\u00e9sident de la R\u00e9publique s&rsquo;est d\u00e9cid\u00e9, enfin, de sortir de son silence en nous pr\u00e9sentant de [&hellip;]<\/p>\n","protected":false},"author":138,"featured_media":0,"comment_status":"closed","ping_status":"closed","sticky":false,"template":"","format":"standard","meta":{"ocean_post_layout":"","ocean_both_sidebars_style":"","ocean_both_sidebars_content_width":0,"ocean_both_sidebars_sidebars_width":0,"ocean_sidebar":"","ocean_second_sidebar":"","ocean_disable_margins":"enable","ocean_add_body_class":"","ocean_shortcode_before_top_bar":"","ocean_shortcode_after_top_bar":"","ocean_shortcode_before_header":"","ocean_shortcode_after_header":"","ocean_has_shortcode":"","ocean_shortcode_after_title":"","ocean_shortcode_before_footer_widgets":"","ocean_shortcode_after_footer_widgets":"","ocean_shortcode_before_footer_bottom":"","ocean_shortcode_after_footer_bottom":"","ocean_display_top_bar":"default","ocean_display_header":"default","ocean_header_style":"","ocean_center_header_left_menu":"","ocean_custom_header_template":"","ocean_custom_logo":0,"ocean_custom_retina_logo":0,"ocean_custom_logo_max_width":0,"ocean_custom_logo_tablet_max_width":0,"ocean_custom_logo_mobile_max_width":0,"ocean_custom_logo_max_height":0,"ocean_custom_logo_tablet_max_height":0,"ocean_custom_logo_mobile_max_height":0,"ocean_header_custom_menu":"","ocean_menu_typo_font_family":"","ocean_menu_typo_font_subset":"","ocean_menu_typo_font_size":0,"ocean_menu_typo_font_size_tablet":0,"ocean_menu_typo_font_size_mobile":0,"ocean_menu_typo_font_size_unit":"px","ocean_menu_typo_font_weight":"","ocean_menu_typo_font_weight_tablet":"","ocean_menu_typo_font_weight_mobile":"","ocean_menu_typo_transform":"","ocean_menu_typo_transform_tablet":"","ocean_menu_typo_transform_mobile":"","ocean_menu_typo_line_height":0,"ocean_menu_typo_line_height_tablet":0,"ocean_menu_typo_line_height_mobile":0,"ocean_menu_typo_line_height_unit":"","ocean_menu_typo_spacing":0,"ocean_menu_typo_spacing_tablet":0,"ocean_menu_typo_spacing_mobile":0,"ocean_menu_typo_spacing_unit":"","ocean_menu_link_color":"","ocean_menu_link_color_hover":"","ocean_menu_link_color_active":"","ocean_menu_link_background":"","ocean_menu_link_hover_background":"","ocean_menu_link_active_background":"","ocean_menu_social_links_bg":"","ocean_menu_social_hover_links_bg":"","ocean_menu_social_links_color":"","ocean_menu_social_hover_links_color":"","ocean_disable_title":"default","ocean_disable_heading":"default","ocean_post_title":"","ocean_post_subheading":"","ocean_post_title_style":"","ocean_post_title_background_color":"","ocean_post_title_background":0,"ocean_post_title_bg_image_position":"","ocean_post_title_bg_image_attachment":"","ocean_post_title_bg_image_repeat":"","ocean_post_title_bg_image_size":"","ocean_post_title_height":0,"ocean_post_title_bg_overlay":0.5,"ocean_post_title_bg_overlay_color":"","ocean_disable_breadcrumbs":"default","ocean_breadcrumbs_color":"","ocean_breadcrumbs_separator_color":"","ocean_breadcrumbs_links_color":"","ocean_breadcrumbs_links_hover_color":"","ocean_display_footer_widgets":"default","ocean_display_footer_bottom":"default","ocean_custom_footer_template":"","ocean_post_oembed":"","ocean_post_self_hosted_media":"","ocean_post_video_embed":"","ocean_link_format":"","ocean_link_format_target":"self","ocean_quote_format":"","ocean_quote_format_link":"post","ocean_gallery_link_images":"on","ocean_gallery_id":[],"footnotes":""},"categories":[11],"tags":[],"post_folder":[],"class_list":["post-1307","post","type-post","status-publish","format-standard","hentry","category-communiques","entry"],"yoast_head":"<!-- This site is optimized with the Yoast SEO plugin v27.4 - https:\/\/yoast.com\/product\/yoast-seo-wordpress\/ -->\n<title>Pouvoir d&#039;achat - Formation des sites R\u00e9gionaux du SNETAP-FSU<\/title>\n<meta name=\"robots\" content=\"index, follow, max-snippet:-1, max-image-preview:large, max-video-preview:-1\" \/>\n<link rel=\"canonical\" href=\"https:\/\/regions-snetap-fsu.fr\/formation\/2019\/01\/09\/pouvoir-dachat\/\" \/>\n<meta property=\"og:locale\" content=\"fr_FR\" \/>\n<meta property=\"og:type\" content=\"article\" \/>\n<meta property=\"og:title\" content=\"Pouvoir d&#039;achat - Formation des sites R\u00e9gionaux du SNETAP-FSU\" \/>\n<meta property=\"og:description\" content=\"Am\u00e9liorer le pouvoir d&rsquo;achat La crise sociale qui gagne le pays trouve son origine dans les politiques lib\u00e9rales aujourd&rsquo;hui \u00e0 l\u2019\u0153uvre et dans la volont\u00e9 de remettre en cause notre mod\u00e8le social. Contraint par l&rsquo;ampleur de la contestation, le Pr\u00e9sident de la R\u00e9publique s&rsquo;est d\u00e9cid\u00e9, enfin, de sortir de son silence en nous pr\u00e9sentant de [&hellip;]\" \/>\n<meta property=\"og:url\" content=\"https:\/\/regions-snetap-fsu.fr\/formation\/2019\/01\/09\/pouvoir-dachat\/\" \/>\n<meta property=\"og:site_name\" content=\"Formation des sites R\u00e9gionaux du SNETAP-FSU\" \/>\n<meta property=\"article:published_time\" content=\"2019-01-09T17:54:05+00:00\" \/>\n<meta name=\"author\" content=\"yoctavien\" \/>\n<meta name=\"twitter:card\" content=\"summary_large_image\" \/>\n<meta name=\"twitter:label1\" content=\"\u00c9crit par\" \/>\n\t<meta name=\"twitter:data1\" content=\"yoctavien\" \/>\n\t<meta name=\"twitter:label2\" content=\"Dur\u00e9e de lecture estim\u00e9e\" \/>\n\t<meta name=\"twitter:data2\" content=\"3 minutes\" \/>\n<script type=\"application\/ld+json\" class=\"yoast-schema-graph\">{\"@context\":\"https:\\\/\\\/schema.org\",\"@graph\":[{\"@type\":\"Article\",\"@id\":\"https:\\\/\\\/regions-snetap-fsu.fr\\\/formation\\\/2019\\\/01\\\/09\\\/pouvoir-dachat\\\/#article\",\"isPartOf\":{\"@id\":\"https:\\\/\\\/regions-snetap-fsu.fr\\\/formation\\\/2019\\\/01\\\/09\\\/pouvoir-dachat\\\/\"},\"author\":{\"name\":\"yoctavien\",\"@id\":\"https:\\\/\\\/regions-snetap-fsu.fr\\\/formation\\\/#\\\/schema\\\/person\\\/f5dc7b6354e942ca9c5fa8e9ff7e5c93\"},\"headline\":\"Pouvoir d&rsquo;achat\",\"datePublished\":\"2019-01-09T17:54:05+00:00\",\"mainEntityOfPage\":{\"@id\":\"https:\\\/\\\/regions-snetap-fsu.fr\\\/formation\\\/2019\\\/01\\\/09\\\/pouvoir-dachat\\\/\"},\"wordCount\":604,\"publisher\":{\"@id\":\"https:\\\/\\\/regions-snetap-fsu.fr\\\/formation\\\/#organization\"},\"articleSection\":[\"Communiqu\u00e9s\"],\"inLanguage\":\"fr-FR\"},{\"@type\":\"WebPage\",\"@id\":\"https:\\\/\\\/regions-snetap-fsu.fr\\\/formation\\\/2019\\\/01\\\/09\\\/pouvoir-dachat\\\/\",\"url\":\"https:\\\/\\\/regions-snetap-fsu.fr\\\/formation\\\/2019\\\/01\\\/09\\\/pouvoir-dachat\\\/\",\"name\":\"Pouvoir d'achat - Formation des sites R\u00e9gionaux du SNETAP-FSU\",\"isPartOf\":{\"@id\":\"https:\\\/\\\/regions-snetap-fsu.fr\\\/formation\\\/#website\"},\"datePublished\":\"2019-01-09T17:54:05+00:00\",\"breadcrumb\":{\"@id\":\"https:\\\/\\\/regions-snetap-fsu.fr\\\/formation\\\/2019\\\/01\\\/09\\\/pouvoir-dachat\\\/#breadcrumb\"},\"inLanguage\":\"fr-FR\",\"potentialAction\":[{\"@type\":\"ReadAction\",\"target\":[\"https:\\\/\\\/regions-snetap-fsu.fr\\\/formation\\\/2019\\\/01\\\/09\\\/pouvoir-dachat\\\/\"]}]},{\"@type\":\"BreadcrumbList\",\"@id\":\"https:\\\/\\\/regions-snetap-fsu.fr\\\/formation\\\/2019\\\/01\\\/09\\\/pouvoir-dachat\\\/#breadcrumb\",\"itemListElement\":[{\"@type\":\"ListItem\",\"position\":1,\"name\":\"Accueil\",\"item\":\"https:\\\/\\\/regions-snetap-fsu.fr\\\/formation\\\/\"},{\"@type\":\"ListItem\",\"position\":2,\"name\":\"Pouvoir d&rsquo;achat\"}]},{\"@type\":\"WebSite\",\"@id\":\"https:\\\/\\\/regions-snetap-fsu.fr\\\/formation\\\/#website\",\"url\":\"https:\\\/\\\/regions-snetap-fsu.fr\\\/formation\\\/\",\"name\":\"Formation des sites R\u00e9gionaux du SNETAP-FSU\",\"description\":\"\",\"publisher\":{\"@id\":\"https:\\\/\\\/regions-snetap-fsu.fr\\\/formation\\\/#organization\"},\"potentialAction\":[{\"@type\":\"SearchAction\",\"target\":{\"@type\":\"EntryPoint\",\"urlTemplate\":\"https:\\\/\\\/regions-snetap-fsu.fr\\\/formation\\\/?s={search_term_string}\"},\"query-input\":{\"@type\":\"PropertyValueSpecification\",\"valueRequired\":true,\"valueName\":\"search_term_string\"}}],\"inLanguage\":\"fr-FR\"},{\"@type\":\"Organization\",\"@id\":\"https:\\\/\\\/regions-snetap-fsu.fr\\\/formation\\\/#organization\",\"name\":\"Formation des sites R\u00e9gionaux du SNETAP-FSU\",\"url\":\"https:\\\/\\\/regions-snetap-fsu.fr\\\/formation\\\/\",\"logo\":{\"@type\":\"ImageObject\",\"inLanguage\":\"fr-FR\",\"@id\":\"https:\\\/\\\/regions-snetap-fsu.fr\\\/formation\\\/#\\\/schema\\\/logo\\\/image\\\/\",\"url\":\"https:\\\/\\\/regions-snetap-fsu.fr\\\/formation\\\/wp-content\\\/uploads\\\/sites\\\/20\\\/2025\\\/04\\\/cropped-Logo_blanc_fond_transparent_1000x755.png\",\"contentUrl\":\"https:\\\/\\\/regions-snetap-fsu.fr\\\/formation\\\/wp-content\\\/uploads\\\/sites\\\/20\\\/2025\\\/04\\\/cropped-Logo_blanc_fond_transparent_1000x755.png\",\"width\":998,\"height\":689,\"caption\":\"Formation des sites R\u00e9gionaux du SNETAP-FSU\"},\"image\":{\"@id\":\"https:\\\/\\\/regions-snetap-fsu.fr\\\/formation\\\/#\\\/schema\\\/logo\\\/image\\\/\"}},{\"@type\":\"Person\",\"@id\":\"https:\\\/\\\/regions-snetap-fsu.fr\\\/formation\\\/#\\\/schema\\\/person\\\/f5dc7b6354e942ca9c5fa8e9ff7e5c93\",\"name\":\"yoctavien\",\"image\":{\"@type\":\"ImageObject\",\"inLanguage\":\"fr-FR\",\"@id\":\"https:\\\/\\\/secure.gravatar.com\\\/avatar\\\/382642c092b6b9da14641d3c478df2f3da4a2d17eea25691c232d4dbf735c292?s=96&d=mm&r=g\",\"url\":\"https:\\\/\\\/secure.gravatar.com\\\/avatar\\\/382642c092b6b9da14641d3c478df2f3da4a2d17eea25691c232d4dbf735c292?s=96&d=mm&r=g\",\"contentUrl\":\"https:\\\/\\\/secure.gravatar.com\\\/avatar\\\/382642c092b6b9da14641d3c478df2f3da4a2d17eea25691c232d4dbf735c292?s=96&d=mm&r=g\",\"caption\":\"yoctavien\"},\"url\":\"https:\\\/\\\/regions-snetap-fsu.fr\\\/formation\\\/author\\\/yoctavien\\\/\"}]}<\/script>\n<!-- \/ Yoast SEO plugin. -->","yoast_head_json":{"title":"Pouvoir d'achat - Formation des sites R\u00e9gionaux du SNETAP-FSU","robots":{"index":"index","follow":"follow","max-snippet":"max-snippet:-1","max-image-preview":"max-image-preview:large","max-video-preview":"max-video-preview:-1"},"canonical":"https:\/\/regions-snetap-fsu.fr\/formation\/2019\/01\/09\/pouvoir-dachat\/","og_locale":"fr_FR","og_type":"article","og_title":"Pouvoir d'achat - Formation des sites R\u00e9gionaux du SNETAP-FSU","og_description":"Am\u00e9liorer le pouvoir d&rsquo;achat La crise sociale qui gagne le pays trouve son origine dans les politiques lib\u00e9rales aujourd&rsquo;hui \u00e0 l\u2019\u0153uvre et dans la volont\u00e9 de remettre en cause notre mod\u00e8le social. Contraint par l&rsquo;ampleur de la contestation, le Pr\u00e9sident de la R\u00e9publique s&rsquo;est d\u00e9cid\u00e9, enfin, de sortir de son silence en nous pr\u00e9sentant de [&hellip;]","og_url":"https:\/\/regions-snetap-fsu.fr\/formation\/2019\/01\/09\/pouvoir-dachat\/","og_site_name":"Formation des sites R\u00e9gionaux du SNETAP-FSU","article_published_time":"2019-01-09T17:54:05+00:00","author":"yoctavien","twitter_card":"summary_large_image","twitter_misc":{"\u00c9crit par":"yoctavien","Dur\u00e9e de lecture estim\u00e9e":"3 minutes"},"schema":{"@context":"https:\/\/schema.org","@graph":[{"@type":"Article","@id":"https:\/\/regions-snetap-fsu.fr\/formation\/2019\/01\/09\/pouvoir-dachat\/#article","isPartOf":{"@id":"https:\/\/regions-snetap-fsu.fr\/formation\/2019\/01\/09\/pouvoir-dachat\/"},"author":{"name":"yoctavien","@id":"https:\/\/regions-snetap-fsu.fr\/formation\/#\/schema\/person\/f5dc7b6354e942ca9c5fa8e9ff7e5c93"},"headline":"Pouvoir d&rsquo;achat","datePublished":"2019-01-09T17:54:05+00:00","mainEntityOfPage":{"@id":"https:\/\/regions-snetap-fsu.fr\/formation\/2019\/01\/09\/pouvoir-dachat\/"},"wordCount":604,"publisher":{"@id":"https:\/\/regions-snetap-fsu.fr\/formation\/#organization"},"articleSection":["Communiqu\u00e9s"],"inLanguage":"fr-FR"},{"@type":"WebPage","@id":"https:\/\/regions-snetap-fsu.fr\/formation\/2019\/01\/09\/pouvoir-dachat\/","url":"https:\/\/regions-snetap-fsu.fr\/formation\/2019\/01\/09\/pouvoir-dachat\/","name":"Pouvoir d'achat - Formation des sites R\u00e9gionaux du SNETAP-FSU","isPartOf":{"@id":"https:\/\/regions-snetap-fsu.fr\/formation\/#website"},"datePublished":"2019-01-09T17:54:05+00:00","breadcrumb":{"@id":"https:\/\/regions-snetap-fsu.fr\/formation\/2019\/01\/09\/pouvoir-dachat\/#breadcrumb"},"inLanguage":"fr-FR","potentialAction":[{"@type":"ReadAction","target":["https:\/\/regions-snetap-fsu.fr\/formation\/2019\/01\/09\/pouvoir-dachat\/"]}]},{"@type":"BreadcrumbList","@id":"https:\/\/regions-snetap-fsu.fr\/formation\/2019\/01\/09\/pouvoir-dachat\/#breadcrumb","itemListElement":[{"@type":"ListItem","position":1,"name":"Accueil","item":"https:\/\/regions-snetap-fsu.fr\/formation\/"},{"@type":"ListItem","position":2,"name":"Pouvoir d&rsquo;achat"}]},{"@type":"WebSite","@id":"https:\/\/regions-snetap-fsu.fr\/formation\/#website","url":"https:\/\/regions-snetap-fsu.fr\/formation\/","name":"Formation des sites R\u00e9gionaux du SNETAP-FSU","description":"","publisher":{"@id":"https:\/\/regions-snetap-fsu.fr\/formation\/#organization"},"potentialAction":[{"@type":"SearchAction","target":{"@type":"EntryPoint","urlTemplate":"https:\/\/regions-snetap-fsu.fr\/formation\/?s={search_term_string}"},"query-input":{"@type":"PropertyValueSpecification","valueRequired":true,"valueName":"search_term_string"}}],"inLanguage":"fr-FR"},{"@type":"Organization","@id":"https:\/\/regions-snetap-fsu.fr\/formation\/#organization","name":"Formation des sites R\u00e9gionaux du SNETAP-FSU","url":"https:\/\/regions-snetap-fsu.fr\/formation\/","logo":{"@type":"ImageObject","inLanguage":"fr-FR","@id":"https:\/\/regions-snetap-fsu.fr\/formation\/#\/schema\/logo\/image\/","url":"https:\/\/regions-snetap-fsu.fr\/formation\/wp-content\/uploads\/sites\/20\/2025\/04\/cropped-Logo_blanc_fond_transparent_1000x755.png","contentUrl":"https:\/\/regions-snetap-fsu.fr\/formation\/wp-content\/uploads\/sites\/20\/2025\/04\/cropped-Logo_blanc_fond_transparent_1000x755.png","width":998,"height":689,"caption":"Formation des sites R\u00e9gionaux du SNETAP-FSU"},"image":{"@id":"https:\/\/regions-snetap-fsu.fr\/formation\/#\/schema\/logo\/image\/"}},{"@type":"Person","@id":"https:\/\/regions-snetap-fsu.fr\/formation\/#\/schema\/person\/f5dc7b6354e942ca9c5fa8e9ff7e5c93","name":"yoctavien","image":{"@type":"ImageObject","inLanguage":"fr-FR","@id":"https:\/\/secure.gravatar.com\/avatar\/382642c092b6b9da14641d3c478df2f3da4a2d17eea25691c232d4dbf735c292?s=96&d=mm&r=g","url":"https:\/\/secure.gravatar.com\/avatar\/382642c092b6b9da14641d3c478df2f3da4a2d17eea25691c232d4dbf735c292?s=96&d=mm&r=g","contentUrl":"https:\/\/secure.gravatar.com\/avatar\/382642c092b6b9da14641d3c478df2f3da4a2d17eea25691c232d4dbf735c292?s=96&d=mm&r=g","caption":"yoctavien"},"url":"https:\/\/regions-snetap-fsu.fr\/formation\/author\/yoctavien\/"}]}},"_links":{"self":[{"href":"https:\/\/regions-snetap-fsu.fr\/formation\/wp-json\/wp\/v2\/posts\/1307","targetHints":{"allow":["GET"]}}],"collection":[{"href":"https:\/\/regions-snetap-fsu.fr\/formation\/wp-json\/wp\/v2\/posts"}],"about":[{"href":"https:\/\/regions-snetap-fsu.fr\/formation\/wp-json\/wp\/v2\/types\/post"}],"author":[{"embeddable":true,"href":"https:\/\/regions-snetap-fsu.fr\/formation\/wp-json\/wp\/v2\/users\/138"}],"replies":[{"embeddable":true,"href":"https:\/\/regions-snetap-fsu.fr\/formation\/wp-json\/wp\/v2\/comments?post=1307"}],"version-history":[{"count":0,"href":"https:\/\/regions-snetap-fsu.fr\/formation\/wp-json\/wp\/v2\/posts\/1307\/revisions"}],"wp:attachment":[{"href":"https:\/\/regions-snetap-fsu.fr\/formation\/wp-json\/wp\/v2\/media?parent=1307"}],"wp:term":[{"taxonomy":"category","embeddable":true,"href":"https:\/\/regions-snetap-fsu.fr\/formation\/wp-json\/wp\/v2\/categories?post=1307"},{"taxonomy":"post_tag","embeddable":true,"href":"https:\/\/regions-snetap-fsu.fr\/formation\/wp-json\/wp\/v2\/tags?post=1307"},{"taxonomy":"post_folder","embeddable":true,"href":"https:\/\/regions-snetap-fsu.fr\/formation\/wp-json\/wp\/v2\/post_folder?post=1307"}],"curies":[{"name":"wp","href":"https:\/\/api.w.org\/{rel}","templated":true}]}}