{"id":919,"date":"2019-06-19T20:09:39","date_gmt":"2019-06-19T18:09:39","guid":{"rendered":"https:\/\/regions-snetap-fsu.fr\/cvdl\/?p=919"},"modified":"2019-06-19T20:34:17","modified_gmt":"2019-06-19T18:34:17","slug":"forte-mobilisation-a-rennes","status":"publish","type":"post","link":"https:\/\/regions-snetap-fsu.fr\/cvdl\/2019\/06\/19\/forte-mobilisation-a-rennes\/","title":{"rendered":"Forte MOBILISATION \u00e0 Rennes."},"content":{"rendered":"<p><span style=\"font-family: arial, helvetica, sans-serif;font-size: 20px\"><img fetchpriority=\"high\" decoding=\"async\" class=\"alignright wp-image-923 size-medium\" src=\"https:\/\/regions-snetap-fsu.fr\/cvdl\/wp-content\/uploads\/sites\/10\/2019\/06\/Resized_20190618_140543-300x225.jpeg\" alt=\"Manif \u00e0 Rennes : 18 juin 3019\" width=\"300\" height=\"225\" srcset=\"https:\/\/regions-snetap-fsu.fr\/cvdl\/wp-content\/uploads\/sites\/10\/2019\/06\/Resized_20190618_140543-300x225.jpeg 300w, https:\/\/regions-snetap-fsu.fr\/cvdl\/wp-content\/uploads\/sites\/10\/2019\/06\/Resized_20190618_140543-768x576.jpeg 768w, https:\/\/regions-snetap-fsu.fr\/cvdl\/wp-content\/uploads\/sites\/10\/2019\/06\/Resized_20190618_140543-1024x768.jpeg 1024w, https:\/\/regions-snetap-fsu.fr\/cvdl\/wp-content\/uploads\/sites\/10\/2019\/06\/Resized_20190618_140543-100x75.jpeg 100w, https:\/\/regions-snetap-fsu.fr\/cvdl\/wp-content\/uploads\/sites\/10\/2019\/06\/Resized_20190618_140543-150x113.jpeg 150w, https:\/\/regions-snetap-fsu.fr\/cvdl\/wp-content\/uploads\/sites\/10\/2019\/06\/Resized_20190618_140543-200x150.jpeg 200w, https:\/\/regions-snetap-fsu.fr\/cvdl\/wp-content\/uploads\/sites\/10\/2019\/06\/Resized_20190618_140543-450x338.jpeg 450w, https:\/\/regions-snetap-fsu.fr\/cvdl\/wp-content\/uploads\/sites\/10\/2019\/06\/Resized_20190618_140543-600x450.jpeg 600w, https:\/\/regions-snetap-fsu.fr\/cvdl\/wp-content\/uploads\/sites\/10\/2019\/06\/Resized_20190618_140543-900x675.jpeg 900w, https:\/\/regions-snetap-fsu.fr\/cvdl\/wp-content\/uploads\/sites\/10\/2019\/06\/Resized_20190618_140543.jpeg 1440w\" sizes=\"(max-width: 300px) 100vw, 300px\" \/>\u00c0 l\u2019appel des organisations syndicales et notamment du SNETAP, une <\/span><span style=\"font-family: arial, helvetica, sans-serif;font-size: 20px\">centaine de profs et personnels de l\u2019enseignement agricole, venus de <\/span><span style=\"font-family: arial, helvetica, sans-serif;font-size: 20px\">Normandie, Bretagne, Pays de la Loire et de la R\u00e9gion Centre-Val de Loire <\/span><span style=\"font-family: arial, helvetica, sans-serif;font-size: 20px\">notamment de Ch\u00e2teauroux, Tours et Vend\u00f4me, ont bloqu\u00e9 ce mardi 18 <\/span><span style=\"font-family: arial, helvetica, sans-serif;font-size: 20px\">juin, \u00e0 Rennes, l\u2019acc\u00e8s au centre de correction du Bac Techno STAV.<\/span><\/p>\n<p><span style=\"font-family: arial, helvetica, sans-serif;font-size: 20px\">Apr\u00e8s discussion, dans un 1er temps, avec la DRAAF-SRFD Bretagne, <\/span><span style=\"font-family: arial, helvetica, sans-serif;font-size: 20px\">l\u2019intersyndicale a \u00e9t\u00e9 re\u00e7ue ce m\u00eame jour en fin d\u2019apr\u00e8s-midi \u00e0 <\/span><span style=\"font-family: arial, helvetica, sans-serif;font-size: 20px\">Paris par la DGER soit disant mandat\u00e9 par le cabinet du ministre pour <\/span><span style=\"font-family: arial, helvetica, sans-serif;font-size: 20px\">n\u00e9gocier. <\/span><span style=\"font-family: arial, helvetica, sans-serif;font-size: 20px\">Or apr\u00e8s 2 h de r\u00e9union, R\u00e9sultat Alarmant :Aucune \u00e9coute ! Aucune <\/span><span style=\"font-family: arial, helvetica, sans-serif;font-size: 20px\">proposition ! Aucune amorce de n\u00e9gociation ! Aucune volont\u00e9 de sortir <\/span><span style=\"font-family: arial, helvetica, sans-serif;font-size: 20px\">du conflit ! <\/span><span style=\"font-family: arial, helvetica, sans-serif;font-size: 20px\">La DGER n\u2019a pas pris la mesure de la gravit\u00e9 de la situation.<\/span><\/p>\n<p style=\"text-align: center\"><img decoding=\"async\" class=\"alignnone size-medium wp-image-925\" src=\"https:\/\/regions-snetap-fsu.fr\/cvdl\/wp-content\/uploads\/sites\/10\/2019\/06\/Resized_20190618_144208-225x300.jpeg\" alt=\"Manif \u00e0 Rennes : 18 juin 2019\" width=\"225\" height=\"300\" srcset=\"https:\/\/regions-snetap-fsu.fr\/cvdl\/wp-content\/uploads\/sites\/10\/2019\/06\/Resized_20190618_144208-225x300.jpeg 225w, https:\/\/regions-snetap-fsu.fr\/cvdl\/wp-content\/uploads\/sites\/10\/2019\/06\/Resized_20190618_144208-768x1024.jpeg 768w, https:\/\/regions-snetap-fsu.fr\/cvdl\/wp-content\/uploads\/sites\/10\/2019\/06\/Resized_20190618_144208-100x133.jpeg 100w, https:\/\/regions-snetap-fsu.fr\/cvdl\/wp-content\/uploads\/sites\/10\/2019\/06\/Resized_20190618_144208-150x200.jpeg 150w, https:\/\/regions-snetap-fsu.fr\/cvdl\/wp-content\/uploads\/sites\/10\/2019\/06\/Resized_20190618_144208-200x267.jpeg 200w, https:\/\/regions-snetap-fsu.fr\/cvdl\/wp-content\/uploads\/sites\/10\/2019\/06\/Resized_20190618_144208-300x400.jpeg 300w, https:\/\/regions-snetap-fsu.fr\/cvdl\/wp-content\/uploads\/sites\/10\/2019\/06\/Resized_20190618_144208-450x600.jpeg 450w, https:\/\/regions-snetap-fsu.fr\/cvdl\/wp-content\/uploads\/sites\/10\/2019\/06\/Resized_20190618_144208-600x800.jpeg 600w, https:\/\/regions-snetap-fsu.fr\/cvdl\/wp-content\/uploads\/sites\/10\/2019\/06\/Resized_20190618_144208.jpeg 810w\" sizes=\"(max-width: 225px) 100vw, 225px\" \/> <img decoding=\"async\" class=\"alignnone size-medium wp-image-924\" src=\"https:\/\/regions-snetap-fsu.fr\/cvdl\/wp-content\/uploads\/sites\/10\/2019\/06\/Resized_20190618_140607-225x300.jpeg\" alt=\"Manif \u00e0 Rennes : 18 juin 2019\" width=\"225\" height=\"300\" srcset=\"https:\/\/regions-snetap-fsu.fr\/cvdl\/wp-content\/uploads\/sites\/10\/2019\/06\/Resized_20190618_140607-225x300.jpeg 225w, https:\/\/regions-snetap-fsu.fr\/cvdl\/wp-content\/uploads\/sites\/10\/2019\/06\/Resized_20190618_140607-768x1024.jpeg 768w, https:\/\/regions-snetap-fsu.fr\/cvdl\/wp-content\/uploads\/sites\/10\/2019\/06\/Resized_20190618_140607-100x133.jpeg 100w, https:\/\/regions-snetap-fsu.fr\/cvdl\/wp-content\/uploads\/sites\/10\/2019\/06\/Resized_20190618_140607-150x200.jpeg 150w, https:\/\/regions-snetap-fsu.fr\/cvdl\/wp-content\/uploads\/sites\/10\/2019\/06\/Resized_20190618_140607-200x267.jpeg 200w, https:\/\/regions-snetap-fsu.fr\/cvdl\/wp-content\/uploads\/sites\/10\/2019\/06\/Resized_20190618_140607-300x400.jpeg 300w, https:\/\/regions-snetap-fsu.fr\/cvdl\/wp-content\/uploads\/sites\/10\/2019\/06\/Resized_20190618_140607-450x600.jpeg 450w, https:\/\/regions-snetap-fsu.fr\/cvdl\/wp-content\/uploads\/sites\/10\/2019\/06\/Resized_20190618_140607-600x800.jpeg 600w, https:\/\/regions-snetap-fsu.fr\/cvdl\/wp-content\/uploads\/sites\/10\/2019\/06\/Resized_20190618_140607.jpeg 810w\" sizes=\"(max-width: 225px) 100vw, 225px\" \/><\/p>\n<p><span style=\"font-family: arial, helvetica, sans-serif;font-size: 20px\">Toutes les organisations syndicales appellent donc les coll\u00e8gues \u00e0 <\/span><span style=\"font-family: arial, helvetica, sans-serif;font-size: 20px\">renforcer le mouvement social et \u00e0 participer massivement \u00e0 des <\/span><span style=\"font-family: arial, helvetica, sans-serif;font-size: 20px\">rassemblements devant les centres de corrections.<\/span><\/p>\n<p><span style=\"font-family: arial, helvetica, sans-serif;font-size: 20px\">Le communiqu\u00e9 des organisations syndicales est <a href=\"https:\/\/www.snetap-fsu.fr\/IMG\/pdf\/2019-06-18_communique_intersyn_dical_suite_a_audience_dge.pdf\" target=\"_blank\" rel=\"noopener noreferrer\">visible et t\u00e9l\u00e9chargeable en cliquant ici<\/a>.<\/span><\/p>\n<p style=\"text-align: center\">_____________________________________<\/p>\n","protected":false},"excerpt":{"rendered":"<p>\u00c0 l\u2019appel des organisations syndicales et notamment du SNETAP, une centaine de profs et personnels de l\u2019enseignement agricole, venus de Normandie, Bretagne, Pays de la Loire et de la R\u00e9gion Centre-Val de Loire notamment de Ch\u00e2teauroux, Tours et Vend\u00f4me, ont bloqu\u00e9 ce mardi 18 juin, \u00e0 Rennes, l\u2019acc\u00e8s au centre de correction du Bac Techno [&hellip;]<\/p>\n","protected":false},"author":129,"featured_media":0,"comment_status":"closed","ping_status":"closed","sticky":false,"template":"","format":"standard","meta":{"ocean_post_layout":"","ocean_both_sidebars_style":"","ocean_both_sidebars_content_width":0,"ocean_both_sidebars_sidebars_width":0,"ocean_sidebar":"","ocean_second_sidebar":"","ocean_disable_margins":"enable","ocean_add_body_class":"","ocean_shortcode_before_top_bar":"","ocean_shortcode_after_top_bar":"","ocean_shortcode_before_header":"","ocean_shortcode_after_header":"","ocean_has_shortcode":"","ocean_shortcode_after_title":"","ocean_shortcode_before_footer_widgets":"","ocean_shortcode_after_footer_widgets":"","ocean_shortcode_before_footer_bottom":"","ocean_shortcode_after_footer_bottom":"","ocean_display_top_bar":"default","ocean_display_header":"default","ocean_header_style":"","ocean_center_header_left_menu":"","ocean_custom_header_template":"","ocean_custom_logo":0,"ocean_custom_retina_logo":0,"ocean_custom_logo_max_width":0,"ocean_custom_logo_tablet_max_width":0,"ocean_custom_logo_mobile_max_width":0,"ocean_custom_logo_max_height":0,"ocean_custom_logo_tablet_max_height":0,"ocean_custom_logo_mobile_max_height":0,"ocean_header_custom_menu":"","ocean_menu_typo_font_family":"","ocean_menu_typo_font_subset":"","ocean_menu_typo_font_size":0,"ocean_menu_typo_font_size_tablet":0,"ocean_menu_typo_font_size_mobile":0,"ocean_menu_typo_font_size_unit":"px","ocean_menu_typo_font_weight":"","ocean_menu_typo_font_weight_tablet":"","ocean_menu_typo_font_weight_mobile":"","ocean_menu_typo_transform":"","ocean_menu_typo_transform_tablet":"","ocean_menu_typo_transform_mobile":"","ocean_menu_typo_line_height":0,"ocean_menu_typo_line_height_tablet":0,"ocean_menu_typo_line_height_mobile":0,"ocean_menu_typo_line_height_unit":"","ocean_menu_typo_spacing":0,"ocean_menu_typo_spacing_tablet":0,"ocean_menu_typo_spacing_mobile":0,"ocean_menu_typo_spacing_unit":"","ocean_menu_link_color":"","ocean_menu_link_color_hover":"","ocean_menu_link_color_active":"","ocean_menu_link_background":"","ocean_menu_link_hover_background":"","ocean_menu_link_active_background":"","ocean_menu_social_links_bg":"","ocean_menu_social_hover_links_bg":"","ocean_menu_social_links_color":"","ocean_menu_social_hover_links_color":"","ocean_disable_title":"default","ocean_disable_heading":"default","ocean_post_title":"","ocean_post_subheading":"","ocean_post_title_style":"","ocean_post_title_background_color":"","ocean_post_title_background":0,"ocean_post_title_bg_image_position":"","ocean_post_title_bg_image_attachment":"","ocean_post_title_bg_image_repeat":"","ocean_post_title_bg_image_size":"","ocean_post_title_height":0,"ocean_post_title_bg_overlay":0.5,"ocean_post_title_bg_overlay_color":"","ocean_disable_breadcrumbs":"default","ocean_breadcrumbs_color":"","ocean_breadcrumbs_separator_color":"","ocean_breadcrumbs_links_color":"","ocean_breadcrumbs_links_hover_color":"","ocean_display_footer_widgets":"default","ocean_display_footer_bottom":"default","ocean_custom_footer_template":"","ocean_post_oembed":"","ocean_post_self_hosted_media":"","ocean_post_video_embed":"","ocean_link_format":"","ocean_link_format_target":"self","ocean_quote_format":"","ocean_quote_format_link":"post","ocean_gallery_link_images":"on","ocean_gallery_id":[],"footnotes":""},"categories":[11,12],"tags":[],"post_folder":[],"class_list":["post-919","post","type-post","status-publish","format-standard","hentry","category-actions-regionales","category-manifs","entry"],"yoast_head":"<!-- This site is optimized with the Yoast SEO plugin v27.4 - https:\/\/yoast.com\/product\/yoast-seo-wordpress\/ -->\n<title>Forte MOBILISATION \u00e0 Rennes. - CENTRE-VAL DE LOIRE<\/title>\n<meta name=\"robots\" content=\"index, follow, max-snippet:-1, max-image-preview:large, max-video-preview:-1\" \/>\n<link rel=\"canonical\" href=\"https:\/\/regions-snetap-fsu.fr\/cvdl\/2019\/06\/19\/forte-mobilisation-a-rennes\/\" \/>\n<meta property=\"og:locale\" content=\"fr_FR\" \/>\n<meta property=\"og:type\" content=\"article\" \/>\n<meta property=\"og:title\" content=\"Forte MOBILISATION \u00e0 Rennes. - CENTRE-VAL DE LOIRE\" \/>\n<meta property=\"og:description\" content=\"\u00c0 l\u2019appel des organisations syndicales et notamment du SNETAP, une centaine de profs et personnels de l\u2019enseignement agricole, venus de Normandie, Bretagne, Pays de la Loire et de la R\u00e9gion Centre-Val de Loire notamment de Ch\u00e2teauroux, Tours et Vend\u00f4me, ont bloqu\u00e9 ce mardi 18 juin, \u00e0 Rennes, l\u2019acc\u00e8s au centre de correction du Bac Techno [&hellip;]\" \/>\n<meta property=\"og:url\" content=\"https:\/\/regions-snetap-fsu.fr\/cvdl\/2019\/06\/19\/forte-mobilisation-a-rennes\/\" \/>\n<meta property=\"og:site_name\" content=\"CENTRE-VAL DE LOIRE\" \/>\n<meta property=\"article:published_time\" content=\"2019-06-19T18:09:39+00:00\" \/>\n<meta property=\"article:modified_time\" content=\"2019-06-19T18:34:17+00:00\" \/>\n<meta property=\"og:image\" content=\"https:\/\/regions-snetap-fsu.fr\/cvdl\/wp-content\/uploads\/sites\/10\/2019\/06\/Resized_20190618_140543-300x225.jpeg\" \/>\n<meta name=\"author\" content=\"amasson\" \/>\n<meta name=\"twitter:card\" content=\"summary_large_image\" \/>\n<meta name=\"twitter:label1\" content=\"\u00c9crit par\" \/>\n\t<meta name=\"twitter:data1\" content=\"amasson\" \/>\n\t<meta name=\"twitter:label2\" content=\"Dur\u00e9e de lecture estim\u00e9e\" \/>\n\t<meta name=\"twitter:data2\" content=\"1 minute\" \/>\n<script type=\"application\/ld+json\" class=\"yoast-schema-graph\">{\"@context\":\"https:\\\/\\\/schema.org\",\"@graph\":[{\"@type\":\"Article\",\"@id\":\"https:\\\/\\\/regions-snetap-fsu.fr\\\/cvdl\\\/2019\\\/06\\\/19\\\/forte-mobilisation-a-rennes\\\/#article\",\"isPartOf\":{\"@id\":\"https:\\\/\\\/regions-snetap-fsu.fr\\\/cvdl\\\/2019\\\/06\\\/19\\\/forte-mobilisation-a-rennes\\\/\"},\"author\":{\"name\":\"amasson\",\"@id\":\"https:\\\/\\\/regions-snetap-fsu.fr\\\/cvdl\\\/#\\\/schema\\\/person\\\/4bf7bfcfd5483dec77bc7a3532f5b895\"},\"headline\":\"Forte MOBILISATION \u00e0 Rennes.\",\"datePublished\":\"2019-06-19T18:09:39+00:00\",\"dateModified\":\"2019-06-19T18:34:17+00:00\",\"mainEntityOfPage\":{\"@id\":\"https:\\\/\\\/regions-snetap-fsu.fr\\\/cvdl\\\/2019\\\/06\\\/19\\\/forte-mobilisation-a-rennes\\\/\"},\"wordCount\":180,\"publisher\":{\"@id\":\"https:\\\/\\\/regions-snetap-fsu.fr\\\/cvdl\\\/#organization\"},\"image\":{\"@id\":\"https:\\\/\\\/regions-snetap-fsu.fr\\\/cvdl\\\/2019\\\/06\\\/19\\\/forte-mobilisation-a-rennes\\\/#primaryimage\"},\"thumbnailUrl\":\"https:\\\/\\\/regions-snetap-fsu.fr\\\/cvdl\\\/wp-content\\\/uploads\\\/sites\\\/10\\\/2019\\\/06\\\/Resized_20190618_140543-300x225.jpeg\",\"articleSection\":[\"Actions r\u00e9gionales\",\"Manifs\"],\"inLanguage\":\"fr-FR\"},{\"@type\":\"WebPage\",\"@id\":\"https:\\\/\\\/regions-snetap-fsu.fr\\\/cvdl\\\/2019\\\/06\\\/19\\\/forte-mobilisation-a-rennes\\\/\",\"url\":\"https:\\\/\\\/regions-snetap-fsu.fr\\\/cvdl\\\/2019\\\/06\\\/19\\\/forte-mobilisation-a-rennes\\\/\",\"name\":\"Forte MOBILISATION \u00e0 Rennes. - CENTRE-VAL DE LOIRE\",\"isPartOf\":{\"@id\":\"https:\\\/\\\/regions-snetap-fsu.fr\\\/cvdl\\\/#website\"},\"primaryImageOfPage\":{\"@id\":\"https:\\\/\\\/regions-snetap-fsu.fr\\\/cvdl\\\/2019\\\/06\\\/19\\\/forte-mobilisation-a-rennes\\\/#primaryimage\"},\"image\":{\"@id\":\"https:\\\/\\\/regions-snetap-fsu.fr\\\/cvdl\\\/2019\\\/06\\\/19\\\/forte-mobilisation-a-rennes\\\/#primaryimage\"},\"thumbnailUrl\":\"https:\\\/\\\/regions-snetap-fsu.fr\\\/cvdl\\\/wp-content\\\/uploads\\\/sites\\\/10\\\/2019\\\/06\\\/Resized_20190618_140543-300x225.jpeg\",\"datePublished\":\"2019-06-19T18:09:39+00:00\",\"dateModified\":\"2019-06-19T18:34:17+00:00\",\"breadcrumb\":{\"@id\":\"https:\\\/\\\/regions-snetap-fsu.fr\\\/cvdl\\\/2019\\\/06\\\/19\\\/forte-mobilisation-a-rennes\\\/#breadcrumb\"},\"inLanguage\":\"fr-FR\",\"potentialAction\":[{\"@type\":\"ReadAction\",\"target\":[\"https:\\\/\\\/regions-snetap-fsu.fr\\\/cvdl\\\/2019\\\/06\\\/19\\\/forte-mobilisation-a-rennes\\\/\"]}]},{\"@type\":\"ImageObject\",\"inLanguage\":\"fr-FR\",\"@id\":\"https:\\\/\\\/regions-snetap-fsu.fr\\\/cvdl\\\/2019\\\/06\\\/19\\\/forte-mobilisation-a-rennes\\\/#primaryimage\",\"url\":\"https:\\\/\\\/regions-snetap-fsu.fr\\\/cvdl\\\/wp-content\\\/uploads\\\/sites\\\/10\\\/2019\\\/06\\\/Resized_20190618_140543-300x225.jpeg\",\"contentUrl\":\"https:\\\/\\\/regions-snetap-fsu.fr\\\/cvdl\\\/wp-content\\\/uploads\\\/sites\\\/10\\\/2019\\\/06\\\/Resized_20190618_140543-300x225.jpeg\"},{\"@type\":\"BreadcrumbList\",\"@id\":\"https:\\\/\\\/regions-snetap-fsu.fr\\\/cvdl\\\/2019\\\/06\\\/19\\\/forte-mobilisation-a-rennes\\\/#breadcrumb\",\"itemListElement\":[{\"@type\":\"ListItem\",\"position\":1,\"name\":\"Accueil\",\"item\":\"https:\\\/\\\/regions-snetap-fsu.fr\\\/cvdl\\\/\"},{\"@type\":\"ListItem\",\"position\":2,\"name\":\"Forte MOBILISATION \u00e0 Rennes.\"}]},{\"@type\":\"WebSite\",\"@id\":\"https:\\\/\\\/regions-snetap-fsu.fr\\\/cvdl\\\/#website\",\"url\":\"https:\\\/\\\/regions-snetap-fsu.fr\\\/cvdl\\\/\",\"name\":\"SNETAP-FSU - CENTRE-VAL DE LOIRE\",\"description\":\"Le blog de la Section R\u00e9gionale\",\"publisher\":{\"@id\":\"https:\\\/\\\/regions-snetap-fsu.fr\\\/cvdl\\\/#organization\"},\"potentialAction\":[{\"@type\":\"SearchAction\",\"target\":{\"@type\":\"EntryPoint\",\"urlTemplate\":\"https:\\\/\\\/regions-snetap-fsu.fr\\\/cvdl\\\/?s={search_term_string}\"},\"query-input\":{\"@type\":\"PropertyValueSpecification\",\"valueRequired\":true,\"valueName\":\"search_term_string\"}}],\"inLanguage\":\"fr-FR\"},{\"@type\":\"Organization\",\"@id\":\"https:\\\/\\\/regions-snetap-fsu.fr\\\/cvdl\\\/#organization\",\"name\":\"SNETAP-FSU - Centre Val de Loire\",\"url\":\"https:\\\/\\\/regions-snetap-fsu.fr\\\/cvdl\\\/\",\"logo\":{\"@type\":\"ImageObject\",\"inLanguage\":\"fr-FR\",\"@id\":\"https:\\\/\\\/regions-snetap-fsu.fr\\\/cvdl\\\/#\\\/schema\\\/logo\\\/image\\\/\",\"url\":\"https:\\\/\\\/regions-snetap-fsu.fr\\\/cvdl\\\/wp-content\\\/uploads\\\/sites\\\/10\\\/2020\\\/09\\\/logo-SNETAP.png\",\"contentUrl\":\"https:\\\/\\\/regions-snetap-fsu.fr\\\/cvdl\\\/wp-content\\\/uploads\\\/sites\\\/10\\\/2020\\\/09\\\/logo-SNETAP.png\",\"width\":380,\"height\":290,\"caption\":\"SNETAP-FSU - Centre Val de Loire\"},\"image\":{\"@id\":\"https:\\\/\\\/regions-snetap-fsu.fr\\\/cvdl\\\/#\\\/schema\\\/logo\\\/image\\\/\"}},{\"@type\":\"Person\",\"@id\":\"https:\\\/\\\/regions-snetap-fsu.fr\\\/cvdl\\\/#\\\/schema\\\/person\\\/4bf7bfcfd5483dec77bc7a3532f5b895\",\"name\":\"amasson\",\"image\":{\"@type\":\"ImageObject\",\"inLanguage\":\"fr-FR\",\"@id\":\"https:\\\/\\\/secure.gravatar.com\\\/avatar\\\/603812a842658d69c5a357f4b2beb470231ad8ab03d31d1af5a8e107f8d945f2?s=96&d=mm&r=g\",\"url\":\"https:\\\/\\\/secure.gravatar.com\\\/avatar\\\/603812a842658d69c5a357f4b2beb470231ad8ab03d31d1af5a8e107f8d945f2?s=96&d=mm&r=g\",\"contentUrl\":\"https:\\\/\\\/secure.gravatar.com\\\/avatar\\\/603812a842658d69c5a357f4b2beb470231ad8ab03d31d1af5a8e107f8d945f2?s=96&d=mm&r=g\",\"caption\":\"amasson\"},\"url\":\"https:\\\/\\\/regions-snetap-fsu.fr\\\/cvdl\\\/author\\\/amasson\\\/\"}]}<\/script>\n<!-- \/ Yoast SEO plugin. -->","yoast_head_json":{"title":"Forte MOBILISATION \u00e0 Rennes. - CENTRE-VAL DE LOIRE","robots":{"index":"index","follow":"follow","max-snippet":"max-snippet:-1","max-image-preview":"max-image-preview:large","max-video-preview":"max-video-preview:-1"},"canonical":"https:\/\/regions-snetap-fsu.fr\/cvdl\/2019\/06\/19\/forte-mobilisation-a-rennes\/","og_locale":"fr_FR","og_type":"article","og_title":"Forte MOBILISATION \u00e0 Rennes. - CENTRE-VAL DE LOIRE","og_description":"\u00c0 l\u2019appel des organisations syndicales et notamment du SNETAP, une centaine de profs et personnels de l\u2019enseignement agricole, venus de Normandie, Bretagne, Pays de la Loire et de la R\u00e9gion Centre-Val de Loire notamment de Ch\u00e2teauroux, Tours et Vend\u00f4me, ont bloqu\u00e9 ce mardi 18 juin, \u00e0 Rennes, l\u2019acc\u00e8s au centre de correction du Bac Techno [&hellip;]","og_url":"https:\/\/regions-snetap-fsu.fr\/cvdl\/2019\/06\/19\/forte-mobilisation-a-rennes\/","og_site_name":"CENTRE-VAL DE LOIRE","article_published_time":"2019-06-19T18:09:39+00:00","article_modified_time":"2019-06-19T18:34:17+00:00","og_image":[{"url":"https:\/\/regions-snetap-fsu.fr\/cvdl\/wp-content\/uploads\/sites\/10\/2019\/06\/Resized_20190618_140543-300x225.jpeg","type":"","width":"","height":""}],"author":"amasson","twitter_card":"summary_large_image","twitter_misc":{"\u00c9crit par":"amasson","Dur\u00e9e de lecture estim\u00e9e":"1 minute"},"schema":{"@context":"https:\/\/schema.org","@graph":[{"@type":"Article","@id":"https:\/\/regions-snetap-fsu.fr\/cvdl\/2019\/06\/19\/forte-mobilisation-a-rennes\/#article","isPartOf":{"@id":"https:\/\/regions-snetap-fsu.fr\/cvdl\/2019\/06\/19\/forte-mobilisation-a-rennes\/"},"author":{"name":"amasson","@id":"https:\/\/regions-snetap-fsu.fr\/cvdl\/#\/schema\/person\/4bf7bfcfd5483dec77bc7a3532f5b895"},"headline":"Forte MOBILISATION \u00e0 Rennes.","datePublished":"2019-06-19T18:09:39+00:00","dateModified":"2019-06-19T18:34:17+00:00","mainEntityOfPage":{"@id":"https:\/\/regions-snetap-fsu.fr\/cvdl\/2019\/06\/19\/forte-mobilisation-a-rennes\/"},"wordCount":180,"publisher":{"@id":"https:\/\/regions-snetap-fsu.fr\/cvdl\/#organization"},"image":{"@id":"https:\/\/regions-snetap-fsu.fr\/cvdl\/2019\/06\/19\/forte-mobilisation-a-rennes\/#primaryimage"},"thumbnailUrl":"https:\/\/regions-snetap-fsu.fr\/cvdl\/wp-content\/uploads\/sites\/10\/2019\/06\/Resized_20190618_140543-300x225.jpeg","articleSection":["Actions r\u00e9gionales","Manifs"],"inLanguage":"fr-FR"},{"@type":"WebPage","@id":"https:\/\/regions-snetap-fsu.fr\/cvdl\/2019\/06\/19\/forte-mobilisation-a-rennes\/","url":"https:\/\/regions-snetap-fsu.fr\/cvdl\/2019\/06\/19\/forte-mobilisation-a-rennes\/","name":"Forte MOBILISATION \u00e0 Rennes. - CENTRE-VAL DE LOIRE","isPartOf":{"@id":"https:\/\/regions-snetap-fsu.fr\/cvdl\/#website"},"primaryImageOfPage":{"@id":"https:\/\/regions-snetap-fsu.fr\/cvdl\/2019\/06\/19\/forte-mobilisation-a-rennes\/#primaryimage"},"image":{"@id":"https:\/\/regions-snetap-fsu.fr\/cvdl\/2019\/06\/19\/forte-mobilisation-a-rennes\/#primaryimage"},"thumbnailUrl":"https:\/\/regions-snetap-fsu.fr\/cvdl\/wp-content\/uploads\/sites\/10\/2019\/06\/Resized_20190618_140543-300x225.jpeg","datePublished":"2019-06-19T18:09:39+00:00","dateModified":"2019-06-19T18:34:17+00:00","breadcrumb":{"@id":"https:\/\/regions-snetap-fsu.fr\/cvdl\/2019\/06\/19\/forte-mobilisation-a-rennes\/#breadcrumb"},"inLanguage":"fr-FR","potentialAction":[{"@type":"ReadAction","target":["https:\/\/regions-snetap-fsu.fr\/cvdl\/2019\/06\/19\/forte-mobilisation-a-rennes\/"]}]},{"@type":"ImageObject","inLanguage":"fr-FR","@id":"https:\/\/regions-snetap-fsu.fr\/cvdl\/2019\/06\/19\/forte-mobilisation-a-rennes\/#primaryimage","url":"https:\/\/regions-snetap-fsu.fr\/cvdl\/wp-content\/uploads\/sites\/10\/2019\/06\/Resized_20190618_140543-300x225.jpeg","contentUrl":"https:\/\/regions-snetap-fsu.fr\/cvdl\/wp-content\/uploads\/sites\/10\/2019\/06\/Resized_20190618_140543-300x225.jpeg"},{"@type":"BreadcrumbList","@id":"https:\/\/regions-snetap-fsu.fr\/cvdl\/2019\/06\/19\/forte-mobilisation-a-rennes\/#breadcrumb","itemListElement":[{"@type":"ListItem","position":1,"name":"Accueil","item":"https:\/\/regions-snetap-fsu.fr\/cvdl\/"},{"@type":"ListItem","position":2,"name":"Forte MOBILISATION \u00e0 Rennes."}]},{"@type":"WebSite","@id":"https:\/\/regions-snetap-fsu.fr\/cvdl\/#website","url":"https:\/\/regions-snetap-fsu.fr\/cvdl\/","name":"SNETAP-FSU - CENTRE-VAL DE LOIRE","description":"Le blog de la Section R\u00e9gionale","publisher":{"@id":"https:\/\/regions-snetap-fsu.fr\/cvdl\/#organization"},"potentialAction":[{"@type":"SearchAction","target":{"@type":"EntryPoint","urlTemplate":"https:\/\/regions-snetap-fsu.fr\/cvdl\/?s={search_term_string}"},"query-input":{"@type":"PropertyValueSpecification","valueRequired":true,"valueName":"search_term_string"}}],"inLanguage":"fr-FR"},{"@type":"Organization","@id":"https:\/\/regions-snetap-fsu.fr\/cvdl\/#organization","name":"SNETAP-FSU - Centre Val de Loire","url":"https:\/\/regions-snetap-fsu.fr\/cvdl\/","logo":{"@type":"ImageObject","inLanguage":"fr-FR","@id":"https:\/\/regions-snetap-fsu.fr\/cvdl\/#\/schema\/logo\/image\/","url":"https:\/\/regions-snetap-fsu.fr\/cvdl\/wp-content\/uploads\/sites\/10\/2020\/09\/logo-SNETAP.png","contentUrl":"https:\/\/regions-snetap-fsu.fr\/cvdl\/wp-content\/uploads\/sites\/10\/2020\/09\/logo-SNETAP.png","width":380,"height":290,"caption":"SNETAP-FSU - Centre Val de Loire"},"image":{"@id":"https:\/\/regions-snetap-fsu.fr\/cvdl\/#\/schema\/logo\/image\/"}},{"@type":"Person","@id":"https:\/\/regions-snetap-fsu.fr\/cvdl\/#\/schema\/person\/4bf7bfcfd5483dec77bc7a3532f5b895","name":"amasson","image":{"@type":"ImageObject","inLanguage":"fr-FR","@id":"https:\/\/secure.gravatar.com\/avatar\/603812a842658d69c5a357f4b2beb470231ad8ab03d31d1af5a8e107f8d945f2?s=96&d=mm&r=g","url":"https:\/\/secure.gravatar.com\/avatar\/603812a842658d69c5a357f4b2beb470231ad8ab03d31d1af5a8e107f8d945f2?s=96&d=mm&r=g","contentUrl":"https:\/\/secure.gravatar.com\/avatar\/603812a842658d69c5a357f4b2beb470231ad8ab03d31d1af5a8e107f8d945f2?s=96&d=mm&r=g","caption":"amasson"},"url":"https:\/\/regions-snetap-fsu.fr\/cvdl\/author\/amasson\/"}]}},"_links":{"self":[{"href":"https:\/\/regions-snetap-fsu.fr\/cvdl\/wp-json\/wp\/v2\/posts\/919","targetHints":{"allow":["GET"]}}],"collection":[{"href":"https:\/\/regions-snetap-fsu.fr\/cvdl\/wp-json\/wp\/v2\/posts"}],"about":[{"href":"https:\/\/regions-snetap-fsu.fr\/cvdl\/wp-json\/wp\/v2\/types\/post"}],"author":[{"embeddable":true,"href":"https:\/\/regions-snetap-fsu.fr\/cvdl\/wp-json\/wp\/v2\/users\/129"}],"replies":[{"embeddable":true,"href":"https:\/\/regions-snetap-fsu.fr\/cvdl\/wp-json\/wp\/v2\/comments?post=919"}],"version-history":[{"count":4,"href":"https:\/\/regions-snetap-fsu.fr\/cvdl\/wp-json\/wp\/v2\/posts\/919\/revisions"}],"predecessor-version":[{"id":927,"href":"https:\/\/regions-snetap-fsu.fr\/cvdl\/wp-json\/wp\/v2\/posts\/919\/revisions\/927"}],"wp:attachment":[{"href":"https:\/\/regions-snetap-fsu.fr\/cvdl\/wp-json\/wp\/v2\/media?parent=919"}],"wp:term":[{"taxonomy":"category","embeddable":true,"href":"https:\/\/regions-snetap-fsu.fr\/cvdl\/wp-json\/wp\/v2\/categories?post=919"},{"taxonomy":"post_tag","embeddable":true,"href":"https:\/\/regions-snetap-fsu.fr\/cvdl\/wp-json\/wp\/v2\/tags?post=919"},{"taxonomy":"post_folder","embeddable":true,"href":"https:\/\/regions-snetap-fsu.fr\/cvdl\/wp-json\/wp\/v2\/post_folder?post=919"}],"curies":[{"name":"wp","href":"https:\/\/api.w.org\/{rel}","templated":true}]}}