{"id":913,"date":"2019-06-19T11:08:48","date_gmt":"2019-06-19T09:08:48","guid":{"rendered":"https:\/\/regions-snetap-fsu.fr\/cvdl\/?p=913"},"modified":"2019-06-20T11:18:44","modified_gmt":"2019-06-20T09:18:44","slug":"retour-du-caen","status":"publish","type":"post","link":"https:\/\/regions-snetap-fsu.fr\/cvdl\/2019\/06\/19\/retour-du-caen\/","title":{"rendered":"Retour du CAEN"},"content":{"rendered":"<p><span style=\"font-family: arial, helvetica, sans-serif;font-size: 20px\">La DRAAF n&rsquo;est jamais bien \u00e0 l&rsquo;aise au CAEN&#8230; et quand il s&rsquo;agit de rendre compte de \u00ab\u00a0sa\u00a0\u00bb mise en place de la r\u00e9forme Blanquer dans sa version \u00ab\u00a0enseignement agricole\u00a0\u00bb, c&rsquo;est pire !<\/span><\/p>\n<p><span style=\"font-family: arial, helvetica, sans-serif;font-size: 20px\">En effet les inqui\u00e9tudes sur la rentr\u00e9e sont bien r\u00e9elles. Ainsi, &gt;malgr\u00e9 le vote des diff\u00e9rents CA des \u00e9tablissements, il n\u2019y a toujours pas les financements pour les 2, voire 3 doublettes d\u2019Enseignements de Sp\u00e9cialit\u00e9s. De plus, sur le document fourni en s\u00e9ance (non transmis aux \u00e9lu.e.s du CTREA), certains enseignements facultatifs ne figurent pas, notamment les maths expertes et maths compl\u00e9mentaires \u00e0 Tours, l&rsquo;AET dans certains LEGTA et m\u00eame \u00e0 Bourges alors que cette option est financ\u00e9e par de la DGH obligatoire puisque l&rsquo;\u00e9tablissement ne propose qu\u2019une seule doublette en Terminale. Les \u00e9l\u00e8ves de bac techno doivent avoir acc\u00e8s \u00e0 2 options or le LEGTA de Vend\u00f4me et de Tours n\u2019en propose qu\u2019une seule, etc. Ce sont bien l\u00e0 des \u00e9l\u00e9ments de craintes majeures pour le recrutement et l\u2019attractivit\u00e9 des LEGTA et potentiellement des freins \u00e0 la poursuite d\u2019\u00e9tude de nos \u00e9l\u00e8ves via Parcours Sup.<\/span><\/p>\n<p><span style=\"font-family: arial, helvetica, sans-serif;font-size: 20px\">Face \u00e0 ses inqui\u00e9tudes, la DRAAF tergiverse et a du mal \u00e0 justifier le tout : \u00ab\u00a0des \u00ab erreurs\u00a0\u00bb des \u00e9tablissements, une absence de financements pour les trois doublettes, des options encore \u00e0 v\u00e9rifier, ce n&rsquo;est pas le lieu d\u2019en parler&#8230;\u00a0\u00bb(sic).<\/span><\/p>\n<p><span style=\"font-family: arial, helvetica, sans-serif;font-size: 20px\">Bref, on aura du mal \u00e0 faire taire les personnels devant la r\u00e9alit\u00e9 de terrain&#8230; <strong>La mobilisation doit continuer<\/strong>, car cette mani\u00e8re brouillonne et mal assum\u00e9e de traiter nos \u00e9l\u00e8ves, nos \u00e9tablissements comme les personnels est inacceptable !<br \/>\n<\/span><\/p>\n<p style=\"text-align: center\" align=\"left\">_____________________________________________<\/p>\n","protected":false},"excerpt":{"rendered":"<p>La DRAAF n&rsquo;est jamais bien \u00e0 l&rsquo;aise au CAEN&#8230; et quand il s&rsquo;agit de rendre compte de \u00ab\u00a0sa\u00a0\u00bb mise en place de la r\u00e9forme Blanquer dans sa version \u00ab\u00a0enseignement agricole\u00a0\u00bb, c&rsquo;est pire ! En effet les inqui\u00e9tudes sur la rentr\u00e9e sont bien r\u00e9elles. Ainsi, &gt;malgr\u00e9 le vote des diff\u00e9rents CA des \u00e9tablissements, il n\u2019y a [&hellip;]<\/p>\n","protected":false},"author":129,"featured_media":0,"comment_status":"closed","ping_status":"closed","sticky":false,"template":"","format":"standard","meta":{"ocean_post_layout":"","ocean_both_sidebars_style":"","ocean_both_sidebars_content_width":0,"ocean_both_sidebars_sidebars_width":0,"ocean_sidebar":"","ocean_second_sidebar":"","ocean_disable_margins":"enable","ocean_add_body_class":"","ocean_shortcode_before_top_bar":"","ocean_shortcode_after_top_bar":"","ocean_shortcode_before_header":"","ocean_shortcode_after_header":"","ocean_has_shortcode":"","ocean_shortcode_after_title":"","ocean_shortcode_before_footer_widgets":"","ocean_shortcode_after_footer_widgets":"","ocean_shortcode_before_footer_bottom":"","ocean_shortcode_after_footer_bottom":"","ocean_display_top_bar":"default","ocean_display_header":"default","ocean_header_style":"","ocean_center_header_left_menu":"","ocean_custom_header_template":"","ocean_custom_logo":0,"ocean_custom_retina_logo":0,"ocean_custom_logo_max_width":0,"ocean_custom_logo_tablet_max_width":0,"ocean_custom_logo_mobile_max_width":0,"ocean_custom_logo_max_height":0,"ocean_custom_logo_tablet_max_height":0,"ocean_custom_logo_mobile_max_height":0,"ocean_header_custom_menu":"","ocean_menu_typo_font_family":"","ocean_menu_typo_font_subset":"","ocean_menu_typo_font_size":0,"ocean_menu_typo_font_size_tablet":0,"ocean_menu_typo_font_size_mobile":0,"ocean_menu_typo_font_size_unit":"px","ocean_menu_typo_font_weight":"","ocean_menu_typo_font_weight_tablet":"","ocean_menu_typo_font_weight_mobile":"","ocean_menu_typo_transform":"","ocean_menu_typo_transform_tablet":"","ocean_menu_typo_transform_mobile":"","ocean_menu_typo_line_height":0,"ocean_menu_typo_line_height_tablet":0,"ocean_menu_typo_line_height_mobile":0,"ocean_menu_typo_line_height_unit":"","ocean_menu_typo_spacing":0,"ocean_menu_typo_spacing_tablet":0,"ocean_menu_typo_spacing_mobile":0,"ocean_menu_typo_spacing_unit":"","ocean_menu_link_color":"","ocean_menu_link_color_hover":"","ocean_menu_link_color_active":"","ocean_menu_link_background":"","ocean_menu_link_hover_background":"","ocean_menu_link_active_background":"","ocean_menu_social_links_bg":"","ocean_menu_social_hover_links_bg":"","ocean_menu_social_links_color":"","ocean_menu_social_hover_links_color":"","ocean_disable_title":"default","ocean_disable_heading":"default","ocean_post_title":"","ocean_post_subheading":"","ocean_post_title_style":"","ocean_post_title_background_color":"","ocean_post_title_background":0,"ocean_post_title_bg_image_position":"","ocean_post_title_bg_image_attachment":"","ocean_post_title_bg_image_repeat":"","ocean_post_title_bg_image_size":"","ocean_post_title_height":0,"ocean_post_title_bg_overlay":0.5,"ocean_post_title_bg_overlay_color":"","ocean_disable_breadcrumbs":"default","ocean_breadcrumbs_color":"","ocean_breadcrumbs_separator_color":"","ocean_breadcrumbs_links_color":"","ocean_breadcrumbs_links_hover_color":"","ocean_display_footer_widgets":"default","ocean_display_footer_bottom":"default","ocean_custom_footer_template":"","ocean_post_oembed":"","ocean_post_self_hosted_media":"","ocean_post_video_embed":"","ocean_link_format":"","ocean_link_format_target":"self","ocean_quote_format":"","ocean_quote_format_link":"post","ocean_gallery_link_images":"on","ocean_gallery_id":[],"footnotes":""},"categories":[11],"tags":[],"post_folder":[],"class_list":["post-913","post","type-post","status-publish","format-standard","hentry","category-actions-regionales","entry"],"yoast_head":"<!-- This site is optimized with the Yoast SEO plugin v27.4 - https:\/\/yoast.com\/product\/yoast-seo-wordpress\/ -->\n<title>Retour du CAEN - CENTRE-VAL DE LOIRE<\/title>\n<meta name=\"robots\" content=\"index, follow, max-snippet:-1, max-image-preview:large, max-video-preview:-1\" \/>\n<link rel=\"canonical\" href=\"https:\/\/regions-snetap-fsu.fr\/cvdl\/2019\/06\/19\/retour-du-caen\/\" \/>\n<meta property=\"og:locale\" content=\"fr_FR\" \/>\n<meta property=\"og:type\" content=\"article\" \/>\n<meta property=\"og:title\" content=\"Retour du CAEN - CENTRE-VAL DE LOIRE\" \/>\n<meta property=\"og:description\" content=\"La DRAAF n&rsquo;est jamais bien \u00e0 l&rsquo;aise au CAEN&#8230; et quand il s&rsquo;agit de rendre compte de \u00ab\u00a0sa\u00a0\u00bb mise en place de la r\u00e9forme Blanquer dans sa version \u00ab\u00a0enseignement agricole\u00a0\u00bb, c&rsquo;est pire ! En effet les inqui\u00e9tudes sur la rentr\u00e9e sont bien r\u00e9elles. Ainsi, &gt;malgr\u00e9 le vote des diff\u00e9rents CA des \u00e9tablissements, il n\u2019y a [&hellip;]\" \/>\n<meta property=\"og:url\" content=\"https:\/\/regions-snetap-fsu.fr\/cvdl\/2019\/06\/19\/retour-du-caen\/\" \/>\n<meta property=\"og:site_name\" content=\"CENTRE-VAL DE LOIRE\" \/>\n<meta property=\"article:published_time\" content=\"2019-06-19T09:08:48+00:00\" \/>\n<meta property=\"article:modified_time\" content=\"2019-06-20T09:18:44+00:00\" \/>\n<meta name=\"author\" content=\"amasson\" \/>\n<meta name=\"twitter:card\" content=\"summary_large_image\" \/>\n<meta name=\"twitter:label1\" content=\"\u00c9crit par\" \/>\n\t<meta name=\"twitter:data1\" content=\"amasson\" \/>\n\t<meta name=\"twitter:label2\" content=\"Dur\u00e9e de lecture estim\u00e9e\" \/>\n\t<meta name=\"twitter:data2\" content=\"1 minute\" \/>\n<script type=\"application\/ld+json\" class=\"yoast-schema-graph\">{\"@context\":\"https:\\\/\\\/schema.org\",\"@graph\":[{\"@type\":\"Article\",\"@id\":\"https:\\\/\\\/regions-snetap-fsu.fr\\\/cvdl\\\/2019\\\/06\\\/19\\\/retour-du-caen\\\/#article\",\"isPartOf\":{\"@id\":\"https:\\\/\\\/regions-snetap-fsu.fr\\\/cvdl\\\/2019\\\/06\\\/19\\\/retour-du-caen\\\/\"},\"author\":{\"name\":\"amasson\",\"@id\":\"https:\\\/\\\/regions-snetap-fsu.fr\\\/cvdl\\\/#\\\/schema\\\/person\\\/4bf7bfcfd5483dec77bc7a3532f5b895\"},\"headline\":\"Retour du CAEN\",\"datePublished\":\"2019-06-19T09:08:48+00:00\",\"dateModified\":\"2019-06-20T09:18:44+00:00\",\"mainEntityOfPage\":{\"@id\":\"https:\\\/\\\/regions-snetap-fsu.fr\\\/cvdl\\\/2019\\\/06\\\/19\\\/retour-du-caen\\\/\"},\"wordCount\":286,\"publisher\":{\"@id\":\"https:\\\/\\\/regions-snetap-fsu.fr\\\/cvdl\\\/#organization\"},\"articleSection\":[\"Actions r\u00e9gionales\"],\"inLanguage\":\"fr-FR\"},{\"@type\":\"WebPage\",\"@id\":\"https:\\\/\\\/regions-snetap-fsu.fr\\\/cvdl\\\/2019\\\/06\\\/19\\\/retour-du-caen\\\/\",\"url\":\"https:\\\/\\\/regions-snetap-fsu.fr\\\/cvdl\\\/2019\\\/06\\\/19\\\/retour-du-caen\\\/\",\"name\":\"Retour du CAEN - CENTRE-VAL DE LOIRE\",\"isPartOf\":{\"@id\":\"https:\\\/\\\/regions-snetap-fsu.fr\\\/cvdl\\\/#website\"},\"datePublished\":\"2019-06-19T09:08:48+00:00\",\"dateModified\":\"2019-06-20T09:18:44+00:00\",\"breadcrumb\":{\"@id\":\"https:\\\/\\\/regions-snetap-fsu.fr\\\/cvdl\\\/2019\\\/06\\\/19\\\/retour-du-caen\\\/#breadcrumb\"},\"inLanguage\":\"fr-FR\",\"potentialAction\":[{\"@type\":\"ReadAction\",\"target\":[\"https:\\\/\\\/regions-snetap-fsu.fr\\\/cvdl\\\/2019\\\/06\\\/19\\\/retour-du-caen\\\/\"]}]},{\"@type\":\"BreadcrumbList\",\"@id\":\"https:\\\/\\\/regions-snetap-fsu.fr\\\/cvdl\\\/2019\\\/06\\\/19\\\/retour-du-caen\\\/#breadcrumb\",\"itemListElement\":[{\"@type\":\"ListItem\",\"position\":1,\"name\":\"Accueil\",\"item\":\"https:\\\/\\\/regions-snetap-fsu.fr\\\/cvdl\\\/\"},{\"@type\":\"ListItem\",\"position\":2,\"name\":\"Retour du CAEN\"}]},{\"@type\":\"WebSite\",\"@id\":\"https:\\\/\\\/regions-snetap-fsu.fr\\\/cvdl\\\/#website\",\"url\":\"https:\\\/\\\/regions-snetap-fsu.fr\\\/cvdl\\\/\",\"name\":\"SNETAP-FSU - CENTRE-VAL DE LOIRE\",\"description\":\"Le blog de la Section R\u00e9gionale\",\"publisher\":{\"@id\":\"https:\\\/\\\/regions-snetap-fsu.fr\\\/cvdl\\\/#organization\"},\"potentialAction\":[{\"@type\":\"SearchAction\",\"target\":{\"@type\":\"EntryPoint\",\"urlTemplate\":\"https:\\\/\\\/regions-snetap-fsu.fr\\\/cvdl\\\/?s={search_term_string}\"},\"query-input\":{\"@type\":\"PropertyValueSpecification\",\"valueRequired\":true,\"valueName\":\"search_term_string\"}}],\"inLanguage\":\"fr-FR\"},{\"@type\":\"Organization\",\"@id\":\"https:\\\/\\\/regions-snetap-fsu.fr\\\/cvdl\\\/#organization\",\"name\":\"SNETAP-FSU - Centre Val de Loire\",\"url\":\"https:\\\/\\\/regions-snetap-fsu.fr\\\/cvdl\\\/\",\"logo\":{\"@type\":\"ImageObject\",\"inLanguage\":\"fr-FR\",\"@id\":\"https:\\\/\\\/regions-snetap-fsu.fr\\\/cvdl\\\/#\\\/schema\\\/logo\\\/image\\\/\",\"url\":\"https:\\\/\\\/regions-snetap-fsu.fr\\\/cvdl\\\/wp-content\\\/uploads\\\/sites\\\/10\\\/2020\\\/09\\\/logo-SNETAP.png\",\"contentUrl\":\"https:\\\/\\\/regions-snetap-fsu.fr\\\/cvdl\\\/wp-content\\\/uploads\\\/sites\\\/10\\\/2020\\\/09\\\/logo-SNETAP.png\",\"width\":380,\"height\":290,\"caption\":\"SNETAP-FSU - Centre Val de Loire\"},\"image\":{\"@id\":\"https:\\\/\\\/regions-snetap-fsu.fr\\\/cvdl\\\/#\\\/schema\\\/logo\\\/image\\\/\"}},{\"@type\":\"Person\",\"@id\":\"https:\\\/\\\/regions-snetap-fsu.fr\\\/cvdl\\\/#\\\/schema\\\/person\\\/4bf7bfcfd5483dec77bc7a3532f5b895\",\"name\":\"amasson\",\"image\":{\"@type\":\"ImageObject\",\"inLanguage\":\"fr-FR\",\"@id\":\"https:\\\/\\\/secure.gravatar.com\\\/avatar\\\/603812a842658d69c5a357f4b2beb470231ad8ab03d31d1af5a8e107f8d945f2?s=96&d=mm&r=g\",\"url\":\"https:\\\/\\\/secure.gravatar.com\\\/avatar\\\/603812a842658d69c5a357f4b2beb470231ad8ab03d31d1af5a8e107f8d945f2?s=96&d=mm&r=g\",\"contentUrl\":\"https:\\\/\\\/secure.gravatar.com\\\/avatar\\\/603812a842658d69c5a357f4b2beb470231ad8ab03d31d1af5a8e107f8d945f2?s=96&d=mm&r=g\",\"caption\":\"amasson\"},\"url\":\"https:\\\/\\\/regions-snetap-fsu.fr\\\/cvdl\\\/author\\\/amasson\\\/\"}]}<\/script>\n<!-- \/ Yoast SEO plugin. -->","yoast_head_json":{"title":"Retour du CAEN - CENTRE-VAL DE LOIRE","robots":{"index":"index","follow":"follow","max-snippet":"max-snippet:-1","max-image-preview":"max-image-preview:large","max-video-preview":"max-video-preview:-1"},"canonical":"https:\/\/regions-snetap-fsu.fr\/cvdl\/2019\/06\/19\/retour-du-caen\/","og_locale":"fr_FR","og_type":"article","og_title":"Retour du CAEN - CENTRE-VAL DE LOIRE","og_description":"La DRAAF n&rsquo;est jamais bien \u00e0 l&rsquo;aise au CAEN&#8230; et quand il s&rsquo;agit de rendre compte de \u00ab\u00a0sa\u00a0\u00bb mise en place de la r\u00e9forme Blanquer dans sa version \u00ab\u00a0enseignement agricole\u00a0\u00bb, c&rsquo;est pire ! En effet les inqui\u00e9tudes sur la rentr\u00e9e sont bien r\u00e9elles. Ainsi, &gt;malgr\u00e9 le vote des diff\u00e9rents CA des \u00e9tablissements, il n\u2019y a [&hellip;]","og_url":"https:\/\/regions-snetap-fsu.fr\/cvdl\/2019\/06\/19\/retour-du-caen\/","og_site_name":"CENTRE-VAL DE LOIRE","article_published_time":"2019-06-19T09:08:48+00:00","article_modified_time":"2019-06-20T09:18:44+00:00","author":"amasson","twitter_card":"summary_large_image","twitter_misc":{"\u00c9crit par":"amasson","Dur\u00e9e de lecture estim\u00e9e":"1 minute"},"schema":{"@context":"https:\/\/schema.org","@graph":[{"@type":"Article","@id":"https:\/\/regions-snetap-fsu.fr\/cvdl\/2019\/06\/19\/retour-du-caen\/#article","isPartOf":{"@id":"https:\/\/regions-snetap-fsu.fr\/cvdl\/2019\/06\/19\/retour-du-caen\/"},"author":{"name":"amasson","@id":"https:\/\/regions-snetap-fsu.fr\/cvdl\/#\/schema\/person\/4bf7bfcfd5483dec77bc7a3532f5b895"},"headline":"Retour du CAEN","datePublished":"2019-06-19T09:08:48+00:00","dateModified":"2019-06-20T09:18:44+00:00","mainEntityOfPage":{"@id":"https:\/\/regions-snetap-fsu.fr\/cvdl\/2019\/06\/19\/retour-du-caen\/"},"wordCount":286,"publisher":{"@id":"https:\/\/regions-snetap-fsu.fr\/cvdl\/#organization"},"articleSection":["Actions r\u00e9gionales"],"inLanguage":"fr-FR"},{"@type":"WebPage","@id":"https:\/\/regions-snetap-fsu.fr\/cvdl\/2019\/06\/19\/retour-du-caen\/","url":"https:\/\/regions-snetap-fsu.fr\/cvdl\/2019\/06\/19\/retour-du-caen\/","name":"Retour du CAEN - CENTRE-VAL DE LOIRE","isPartOf":{"@id":"https:\/\/regions-snetap-fsu.fr\/cvdl\/#website"},"datePublished":"2019-06-19T09:08:48+00:00","dateModified":"2019-06-20T09:18:44+00:00","breadcrumb":{"@id":"https:\/\/regions-snetap-fsu.fr\/cvdl\/2019\/06\/19\/retour-du-caen\/#breadcrumb"},"inLanguage":"fr-FR","potentialAction":[{"@type":"ReadAction","target":["https:\/\/regions-snetap-fsu.fr\/cvdl\/2019\/06\/19\/retour-du-caen\/"]}]},{"@type":"BreadcrumbList","@id":"https:\/\/regions-snetap-fsu.fr\/cvdl\/2019\/06\/19\/retour-du-caen\/#breadcrumb","itemListElement":[{"@type":"ListItem","position":1,"name":"Accueil","item":"https:\/\/regions-snetap-fsu.fr\/cvdl\/"},{"@type":"ListItem","position":2,"name":"Retour du CAEN"}]},{"@type":"WebSite","@id":"https:\/\/regions-snetap-fsu.fr\/cvdl\/#website","url":"https:\/\/regions-snetap-fsu.fr\/cvdl\/","name":"SNETAP-FSU - CENTRE-VAL DE LOIRE","description":"Le blog de la Section R\u00e9gionale","publisher":{"@id":"https:\/\/regions-snetap-fsu.fr\/cvdl\/#organization"},"potentialAction":[{"@type":"SearchAction","target":{"@type":"EntryPoint","urlTemplate":"https:\/\/regions-snetap-fsu.fr\/cvdl\/?s={search_term_string}"},"query-input":{"@type":"PropertyValueSpecification","valueRequired":true,"valueName":"search_term_string"}}],"inLanguage":"fr-FR"},{"@type":"Organization","@id":"https:\/\/regions-snetap-fsu.fr\/cvdl\/#organization","name":"SNETAP-FSU - Centre Val de Loire","url":"https:\/\/regions-snetap-fsu.fr\/cvdl\/","logo":{"@type":"ImageObject","inLanguage":"fr-FR","@id":"https:\/\/regions-snetap-fsu.fr\/cvdl\/#\/schema\/logo\/image\/","url":"https:\/\/regions-snetap-fsu.fr\/cvdl\/wp-content\/uploads\/sites\/10\/2020\/09\/logo-SNETAP.png","contentUrl":"https:\/\/regions-snetap-fsu.fr\/cvdl\/wp-content\/uploads\/sites\/10\/2020\/09\/logo-SNETAP.png","width":380,"height":290,"caption":"SNETAP-FSU - Centre Val de Loire"},"image":{"@id":"https:\/\/regions-snetap-fsu.fr\/cvdl\/#\/schema\/logo\/image\/"}},{"@type":"Person","@id":"https:\/\/regions-snetap-fsu.fr\/cvdl\/#\/schema\/person\/4bf7bfcfd5483dec77bc7a3532f5b895","name":"amasson","image":{"@type":"ImageObject","inLanguage":"fr-FR","@id":"https:\/\/secure.gravatar.com\/avatar\/603812a842658d69c5a357f4b2beb470231ad8ab03d31d1af5a8e107f8d945f2?s=96&d=mm&r=g","url":"https:\/\/secure.gravatar.com\/avatar\/603812a842658d69c5a357f4b2beb470231ad8ab03d31d1af5a8e107f8d945f2?s=96&d=mm&r=g","contentUrl":"https:\/\/secure.gravatar.com\/avatar\/603812a842658d69c5a357f4b2beb470231ad8ab03d31d1af5a8e107f8d945f2?s=96&d=mm&r=g","caption":"amasson"},"url":"https:\/\/regions-snetap-fsu.fr\/cvdl\/author\/amasson\/"}]}},"_links":{"self":[{"href":"https:\/\/regions-snetap-fsu.fr\/cvdl\/wp-json\/wp\/v2\/posts\/913","targetHints":{"allow":["GET"]}}],"collection":[{"href":"https:\/\/regions-snetap-fsu.fr\/cvdl\/wp-json\/wp\/v2\/posts"}],"about":[{"href":"https:\/\/regions-snetap-fsu.fr\/cvdl\/wp-json\/wp\/v2\/types\/post"}],"author":[{"embeddable":true,"href":"https:\/\/regions-snetap-fsu.fr\/cvdl\/wp-json\/wp\/v2\/users\/129"}],"replies":[{"embeddable":true,"href":"https:\/\/regions-snetap-fsu.fr\/cvdl\/wp-json\/wp\/v2\/comments?post=913"}],"version-history":[{"count":6,"href":"https:\/\/regions-snetap-fsu.fr\/cvdl\/wp-json\/wp\/v2\/posts\/913\/revisions"}],"predecessor-version":[{"id":928,"href":"https:\/\/regions-snetap-fsu.fr\/cvdl\/wp-json\/wp\/v2\/posts\/913\/revisions\/928"}],"wp:attachment":[{"href":"https:\/\/regions-snetap-fsu.fr\/cvdl\/wp-json\/wp\/v2\/media?parent=913"}],"wp:term":[{"taxonomy":"category","embeddable":true,"href":"https:\/\/regions-snetap-fsu.fr\/cvdl\/wp-json\/wp\/v2\/categories?post=913"},{"taxonomy":"post_tag","embeddable":true,"href":"https:\/\/regions-snetap-fsu.fr\/cvdl\/wp-json\/wp\/v2\/tags?post=913"},{"taxonomy":"post_folder","embeddable":true,"href":"https:\/\/regions-snetap-fsu.fr\/cvdl\/wp-json\/wp\/v2\/post_folder?post=913"}],"curies":[{"name":"wp","href":"https:\/\/api.w.org\/{rel}","templated":true}]}}