{"id":656,"date":"2018-12-11T21:40:23","date_gmt":"2018-12-11T20:40:23","guid":{"rendered":"https:\/\/regions-snetap-fsu.fr\/cvdl\/?p=656"},"modified":"2025-12-03T11:52:48","modified_gmt":"2025-12-03T10:52:48","slug":"elections-pro-les-resultats","status":"publish","type":"post","link":"https:\/\/regions-snetap-fsu.fr\/cvdl\/2018\/12\/11\/elections-pro-les-resultats\/","title":{"rendered":"\u00c9lections pro : les r\u00e9sultats"},"content":{"rendered":"<p align=\"justify\"><span style=\"color: #000000\">Tous les r\u00e9sultats de la r\u00e9gion Centre-Val de Loire sont maintenant connus et v\u00e9rifi\u00e9s. Comme en 2014, le SNETAP-FSU va occuper tous les si\u00e8ges du <a href=\"https:\/\/regions-snetap-fsu.fr\/cvdl\/2018\/08\/29\/kesako-ctrea\/\" target=\"_blank\" rel=\"noopener\"><span style=\"text-decoration: underline;color: #0000ff\"><strong>CTREA<\/strong><\/span><\/a> comme de la <a href=\"https:\/\/regions-snetap-fsu.fr\/cvdl\/2018\/08\/29\/kesako-la-ccpr\/\" target=\"_blank\" rel=\"noopener\"><span style=\"text-decoration: underline;color: #0000ff\"><strong>CCPR<\/strong><\/span><\/a> (Cat. A et Cat. B-C).<\/span><\/p>\n<p align=\"justify\"><span style=\"color: #000000\">Pour le CTREA, le SNETAP-FSU \u00e9tait la seule organisation capable de pr\u00e9senter une liste. La surprise ne vient donc pas du r\u00e9sultat en lui m\u00eame mais de l\u2019augmentation du nombre de voix qui se sont port\u00e9es sur notre organisation (pr\u00e8s de 88% des suffrages).<\/span><\/p>\n<p align=\"justify\"><span style=\"color: #000000\">Pour les deux coll\u00e8gues de la CCPR, malgr\u00e9 la pr\u00e9sence des autres syndicats, le SNETAP-FSU en inter-syndicale avec la CGT (mandat national), se voit confier tous les si\u00e8ges.<\/span><\/p>\n<p><span style=\"color: #000000\">D\u00e9couvrez l&rsquo;analyse du secr\u00e9tariat r\u00e9<\/span>gional en <a href=\"https:\/\/regions-snetap-fsu.fr\/cvdl\/wp-content\/uploads\/sites\/10\/2018\/12\/communiqu\u00e9-\u00e9lections-pro-2018-SNETAP-Centre.pdf\" target=\"_blank\" rel=\"noopener\"><strong><span style=\"color: #0000ff\"><u>cliquant ici<\/u><\/span><\/strong><\/a>.<br \/>\nLes r\u00e9sultats du CTREA et la liste des \u00e9lu<span style=\"color: #ff0000\">.e.<\/span>s en <a href=\"https:\/\/regions-snetap-fsu.fr\/cvdl\/wp-content\/uploads\/sites\/10\/2018\/12\/CTREA_CVDL_R\u00e9sultats.pdf\" target=\"_blank\" rel=\"noopener\"><strong><span style=\"color: #0000ff\"><u>cliquant ici<\/u><\/span><\/strong><\/a>.<br \/>\nLes r\u00e9sultats de la CCPR cat\u00e9gorie A en <a href=\"https:\/\/regions-snetap-fsu.fr\/cvdl\/wp-content\/uploads\/sites\/10\/2018\/12\/PV_CCPR_CatA.pdf\" target=\"_blank\" rel=\"noopener\"><strong><span style=\"color: #0000ff\"><u>cliquant ici<\/u><\/span><\/strong><\/a>.<br \/>\nLes r\u00e9sultats de la CCPR cat\u00e9gorie B et C <span style=\"color: #000000\">en <\/span><a href=\"https:\/\/regions-snetap-fsu.fr\/cvdl\/wp-content\/uploads\/sites\/10\/2018\/12\/PV_CCPR_CatBC.pdf\" target=\"_blank\" rel=\"noopener\"><strong><span style=\"color: #0000ff\"><u>cliquant ici<\/u><\/span><\/strong><\/a>.<\/p>\n<p><span style=\"color: #000000\">Merci de votre confiance\u00a0renouvel\u00e9e !<\/span><\/p>\n<p style=\"text-align: center\">________________________________________<\/p>\n","protected":false},"excerpt":{"rendered":"<p>Tous les r\u00e9sultats de la r\u00e9gion Centre-Val de Loire sont maintenant connus et v\u00e9rifi\u00e9s. Comme en 2014, le SNETAP-FSU va occuper tous les si\u00e8ges du CTREA comme de la CCPR (Cat. A et Cat. B-C). Pour le CTREA, le SNETAP-FSU \u00e9tait la seule organisation capable de pr\u00e9senter une liste. La surprise ne vient donc pas [&hellip;]<\/p>\n","protected":false},"author":129,"featured_media":0,"comment_status":"closed","ping_status":"closed","sticky":false,"template":"","format":"standard","meta":{"ocean_post_layout":"","ocean_both_sidebars_style":"","ocean_both_sidebars_content_width":0,"ocean_both_sidebars_sidebars_width":0,"ocean_sidebar":"","ocean_second_sidebar":"","ocean_disable_margins":"enable","ocean_add_body_class":"","ocean_shortcode_before_top_bar":"","ocean_shortcode_after_top_bar":"","ocean_shortcode_before_header":"","ocean_shortcode_after_header":"","ocean_has_shortcode":"","ocean_shortcode_after_title":"","ocean_shortcode_before_footer_widgets":"","ocean_shortcode_after_footer_widgets":"","ocean_shortcode_before_footer_bottom":"","ocean_shortcode_after_footer_bottom":"","ocean_display_top_bar":"default","ocean_display_header":"default","ocean_header_style":"","ocean_center_header_left_menu":"","ocean_custom_header_template":"","ocean_custom_logo":0,"ocean_custom_retina_logo":0,"ocean_custom_logo_max_width":0,"ocean_custom_logo_tablet_max_width":0,"ocean_custom_logo_mobile_max_width":0,"ocean_custom_logo_max_height":0,"ocean_custom_logo_tablet_max_height":0,"ocean_custom_logo_mobile_max_height":0,"ocean_header_custom_menu":"","ocean_menu_typo_font_family":"","ocean_menu_typo_font_subset":"","ocean_menu_typo_font_size":0,"ocean_menu_typo_font_size_tablet":0,"ocean_menu_typo_font_size_mobile":0,"ocean_menu_typo_font_size_unit":"px","ocean_menu_typo_font_weight":"","ocean_menu_typo_font_weight_tablet":"","ocean_menu_typo_font_weight_mobile":"","ocean_menu_typo_transform":"","ocean_menu_typo_transform_tablet":"","ocean_menu_typo_transform_mobile":"","ocean_menu_typo_line_height":0,"ocean_menu_typo_line_height_tablet":0,"ocean_menu_typo_line_height_mobile":0,"ocean_menu_typo_line_height_unit":"","ocean_menu_typo_spacing":0,"ocean_menu_typo_spacing_tablet":0,"ocean_menu_typo_spacing_mobile":0,"ocean_menu_typo_spacing_unit":"","ocean_menu_link_color":"","ocean_menu_link_color_hover":"","ocean_menu_link_color_active":"","ocean_menu_link_background":"","ocean_menu_link_hover_background":"","ocean_menu_link_active_background":"","ocean_menu_social_links_bg":"","ocean_menu_social_hover_links_bg":"","ocean_menu_social_links_color":"","ocean_menu_social_hover_links_color":"","ocean_disable_title":"default","ocean_disable_heading":"default","ocean_post_title":"","ocean_post_subheading":"","ocean_post_title_style":"","ocean_post_title_background_color":"","ocean_post_title_background":0,"ocean_post_title_bg_image_position":"","ocean_post_title_bg_image_attachment":"","ocean_post_title_bg_image_repeat":"","ocean_post_title_bg_image_size":"","ocean_post_title_height":0,"ocean_post_title_bg_overlay":0.5,"ocean_post_title_bg_overlay_color":"","ocean_disable_breadcrumbs":"default","ocean_breadcrumbs_color":"","ocean_breadcrumbs_separator_color":"","ocean_breadcrumbs_links_color":"","ocean_breadcrumbs_links_hover_color":"","ocean_display_footer_widgets":"default","ocean_display_footer_bottom":"default","ocean_custom_footer_template":"","ocean_post_oembed":"","ocean_post_self_hosted_media":"","ocean_post_video_embed":"","ocean_link_format":"","ocean_link_format_target":"self","ocean_quote_format":"","ocean_quote_format_link":"post","ocean_gallery_link_images":"on","ocean_gallery_id":[],"footnotes":""},"categories":[16],"tags":[],"post_folder":[],"class_list":["post-656","post","type-post","status-publish","format-standard","hentry","category-elections-professionnelles","entry"],"yoast_head":"<!-- This site is optimized with the Yoast SEO plugin v27.4 - https:\/\/yoast.com\/product\/yoast-seo-wordpress\/ -->\n<title>\u00c9lections pro : les r\u00e9sultats - CENTRE-VAL DE LOIRE<\/title>\n<meta name=\"robots\" content=\"index, follow, max-snippet:-1, max-image-preview:large, max-video-preview:-1\" \/>\n<link rel=\"canonical\" href=\"https:\/\/regions-snetap-fsu.fr\/cvdl\/2018\/12\/11\/elections-pro-les-resultats\/\" \/>\n<meta property=\"og:locale\" content=\"fr_FR\" \/>\n<meta property=\"og:type\" content=\"article\" \/>\n<meta property=\"og:title\" content=\"\u00c9lections pro : les r\u00e9sultats - CENTRE-VAL DE LOIRE\" \/>\n<meta property=\"og:description\" content=\"Tous les r\u00e9sultats de la r\u00e9gion Centre-Val de Loire sont maintenant connus et v\u00e9rifi\u00e9s. Comme en 2014, le SNETAP-FSU va occuper tous les si\u00e8ges du CTREA comme de la CCPR (Cat. A et Cat. B-C). Pour le CTREA, le SNETAP-FSU \u00e9tait la seule organisation capable de pr\u00e9senter une liste. La surprise ne vient donc pas [&hellip;]\" \/>\n<meta property=\"og:url\" content=\"https:\/\/regions-snetap-fsu.fr\/cvdl\/2018\/12\/11\/elections-pro-les-resultats\/\" \/>\n<meta property=\"og:site_name\" content=\"CENTRE-VAL DE LOIRE\" \/>\n<meta property=\"article:published_time\" content=\"2018-12-11T20:40:23+00:00\" \/>\n<meta property=\"article:modified_time\" content=\"2025-12-03T10:52:48+00:00\" \/>\n<meta name=\"author\" content=\"amasson\" \/>\n<meta name=\"twitter:card\" content=\"summary_large_image\" \/>\n<meta name=\"twitter:label1\" content=\"\u00c9crit par\" \/>\n\t<meta name=\"twitter:data1\" content=\"amasson\" \/>\n\t<meta name=\"twitter:label2\" content=\"Dur\u00e9e de lecture estim\u00e9e\" \/>\n\t<meta name=\"twitter:data2\" content=\"1 minute\" \/>\n<script type=\"application\/ld+json\" class=\"yoast-schema-graph\">{\"@context\":\"https:\\\/\\\/schema.org\",\"@graph\":[{\"@type\":\"Article\",\"@id\":\"https:\\\/\\\/regions-snetap-fsu.fr\\\/cvdl\\\/2018\\\/12\\\/11\\\/elections-pro-les-resultats\\\/#article\",\"isPartOf\":{\"@id\":\"https:\\\/\\\/regions-snetap-fsu.fr\\\/cvdl\\\/2018\\\/12\\\/11\\\/elections-pro-les-resultats\\\/\"},\"author\":{\"name\":\"amasson\",\"@id\":\"https:\\\/\\\/regions-snetap-fsu.fr\\\/cvdl\\\/#\\\/schema\\\/person\\\/4bf7bfcfd5483dec77bc7a3532f5b895\"},\"headline\":\"\u00c9lections pro : les r\u00e9sultats\",\"datePublished\":\"2018-12-11T20:40:23+00:00\",\"dateModified\":\"2025-12-03T10:52:48+00:00\",\"mainEntityOfPage\":{\"@id\":\"https:\\\/\\\/regions-snetap-fsu.fr\\\/cvdl\\\/2018\\\/12\\\/11\\\/elections-pro-les-resultats\\\/\"},\"wordCount\":183,\"publisher\":{\"@id\":\"https:\\\/\\\/regions-snetap-fsu.fr\\\/cvdl\\\/#organization\"},\"articleSection\":[\"\u00c9lections professionnelles\"],\"inLanguage\":\"fr-FR\"},{\"@type\":\"WebPage\",\"@id\":\"https:\\\/\\\/regions-snetap-fsu.fr\\\/cvdl\\\/2018\\\/12\\\/11\\\/elections-pro-les-resultats\\\/\",\"url\":\"https:\\\/\\\/regions-snetap-fsu.fr\\\/cvdl\\\/2018\\\/12\\\/11\\\/elections-pro-les-resultats\\\/\",\"name\":\"\u00c9lections pro : les r\u00e9sultats - CENTRE-VAL DE LOIRE\",\"isPartOf\":{\"@id\":\"https:\\\/\\\/regions-snetap-fsu.fr\\\/cvdl\\\/#website\"},\"datePublished\":\"2018-12-11T20:40:23+00:00\",\"dateModified\":\"2025-12-03T10:52:48+00:00\",\"breadcrumb\":{\"@id\":\"https:\\\/\\\/regions-snetap-fsu.fr\\\/cvdl\\\/2018\\\/12\\\/11\\\/elections-pro-les-resultats\\\/#breadcrumb\"},\"inLanguage\":\"fr-FR\",\"potentialAction\":[{\"@type\":\"ReadAction\",\"target\":[\"https:\\\/\\\/regions-snetap-fsu.fr\\\/cvdl\\\/2018\\\/12\\\/11\\\/elections-pro-les-resultats\\\/\"]}]},{\"@type\":\"BreadcrumbList\",\"@id\":\"https:\\\/\\\/regions-snetap-fsu.fr\\\/cvdl\\\/2018\\\/12\\\/11\\\/elections-pro-les-resultats\\\/#breadcrumb\",\"itemListElement\":[{\"@type\":\"ListItem\",\"position\":1,\"name\":\"Accueil\",\"item\":\"https:\\\/\\\/regions-snetap-fsu.fr\\\/cvdl\\\/\"},{\"@type\":\"ListItem\",\"position\":2,\"name\":\"\u00c9lections pro : les r\u00e9sultats\"}]},{\"@type\":\"WebSite\",\"@id\":\"https:\\\/\\\/regions-snetap-fsu.fr\\\/cvdl\\\/#website\",\"url\":\"https:\\\/\\\/regions-snetap-fsu.fr\\\/cvdl\\\/\",\"name\":\"SNETAP-FSU - CENTRE-VAL DE LOIRE\",\"description\":\"Le blog de la Section R\u00e9gionale\",\"publisher\":{\"@id\":\"https:\\\/\\\/regions-snetap-fsu.fr\\\/cvdl\\\/#organization\"},\"potentialAction\":[{\"@type\":\"SearchAction\",\"target\":{\"@type\":\"EntryPoint\",\"urlTemplate\":\"https:\\\/\\\/regions-snetap-fsu.fr\\\/cvdl\\\/?s={search_term_string}\"},\"query-input\":{\"@type\":\"PropertyValueSpecification\",\"valueRequired\":true,\"valueName\":\"search_term_string\"}}],\"inLanguage\":\"fr-FR\"},{\"@type\":\"Organization\",\"@id\":\"https:\\\/\\\/regions-snetap-fsu.fr\\\/cvdl\\\/#organization\",\"name\":\"SNETAP-FSU - Centre Val de Loire\",\"url\":\"https:\\\/\\\/regions-snetap-fsu.fr\\\/cvdl\\\/\",\"logo\":{\"@type\":\"ImageObject\",\"inLanguage\":\"fr-FR\",\"@id\":\"https:\\\/\\\/regions-snetap-fsu.fr\\\/cvdl\\\/#\\\/schema\\\/logo\\\/image\\\/\",\"url\":\"https:\\\/\\\/regions-snetap-fsu.fr\\\/cvdl\\\/wp-content\\\/uploads\\\/sites\\\/10\\\/2020\\\/09\\\/logo-SNETAP.png\",\"contentUrl\":\"https:\\\/\\\/regions-snetap-fsu.fr\\\/cvdl\\\/wp-content\\\/uploads\\\/sites\\\/10\\\/2020\\\/09\\\/logo-SNETAP.png\",\"width\":380,\"height\":290,\"caption\":\"SNETAP-FSU - Centre Val de Loire\"},\"image\":{\"@id\":\"https:\\\/\\\/regions-snetap-fsu.fr\\\/cvdl\\\/#\\\/schema\\\/logo\\\/image\\\/\"}},{\"@type\":\"Person\",\"@id\":\"https:\\\/\\\/regions-snetap-fsu.fr\\\/cvdl\\\/#\\\/schema\\\/person\\\/4bf7bfcfd5483dec77bc7a3532f5b895\",\"name\":\"amasson\",\"image\":{\"@type\":\"ImageObject\",\"inLanguage\":\"fr-FR\",\"@id\":\"https:\\\/\\\/secure.gravatar.com\\\/avatar\\\/603812a842658d69c5a357f4b2beb470231ad8ab03d31d1af5a8e107f8d945f2?s=96&d=mm&r=g\",\"url\":\"https:\\\/\\\/secure.gravatar.com\\\/avatar\\\/603812a842658d69c5a357f4b2beb470231ad8ab03d31d1af5a8e107f8d945f2?s=96&d=mm&r=g\",\"contentUrl\":\"https:\\\/\\\/secure.gravatar.com\\\/avatar\\\/603812a842658d69c5a357f4b2beb470231ad8ab03d31d1af5a8e107f8d945f2?s=96&d=mm&r=g\",\"caption\":\"amasson\"},\"url\":\"https:\\\/\\\/regions-snetap-fsu.fr\\\/cvdl\\\/author\\\/amasson\\\/\"}]}<\/script>\n<!-- \/ Yoast SEO plugin. -->","yoast_head_json":{"title":"\u00c9lections pro : les r\u00e9sultats - CENTRE-VAL DE LOIRE","robots":{"index":"index","follow":"follow","max-snippet":"max-snippet:-1","max-image-preview":"max-image-preview:large","max-video-preview":"max-video-preview:-1"},"canonical":"https:\/\/regions-snetap-fsu.fr\/cvdl\/2018\/12\/11\/elections-pro-les-resultats\/","og_locale":"fr_FR","og_type":"article","og_title":"\u00c9lections pro : les r\u00e9sultats - CENTRE-VAL DE LOIRE","og_description":"Tous les r\u00e9sultats de la r\u00e9gion Centre-Val de Loire sont maintenant connus et v\u00e9rifi\u00e9s. Comme en 2014, le SNETAP-FSU va occuper tous les si\u00e8ges du CTREA comme de la CCPR (Cat. A et Cat. B-C). Pour le CTREA, le SNETAP-FSU \u00e9tait la seule organisation capable de pr\u00e9senter une liste. La surprise ne vient donc pas [&hellip;]","og_url":"https:\/\/regions-snetap-fsu.fr\/cvdl\/2018\/12\/11\/elections-pro-les-resultats\/","og_site_name":"CENTRE-VAL DE LOIRE","article_published_time":"2018-12-11T20:40:23+00:00","article_modified_time":"2025-12-03T10:52:48+00:00","author":"amasson","twitter_card":"summary_large_image","twitter_misc":{"\u00c9crit par":"amasson","Dur\u00e9e de lecture estim\u00e9e":"1 minute"},"schema":{"@context":"https:\/\/schema.org","@graph":[{"@type":"Article","@id":"https:\/\/regions-snetap-fsu.fr\/cvdl\/2018\/12\/11\/elections-pro-les-resultats\/#article","isPartOf":{"@id":"https:\/\/regions-snetap-fsu.fr\/cvdl\/2018\/12\/11\/elections-pro-les-resultats\/"},"author":{"name":"amasson","@id":"https:\/\/regions-snetap-fsu.fr\/cvdl\/#\/schema\/person\/4bf7bfcfd5483dec77bc7a3532f5b895"},"headline":"\u00c9lections pro : les r\u00e9sultats","datePublished":"2018-12-11T20:40:23+00:00","dateModified":"2025-12-03T10:52:48+00:00","mainEntityOfPage":{"@id":"https:\/\/regions-snetap-fsu.fr\/cvdl\/2018\/12\/11\/elections-pro-les-resultats\/"},"wordCount":183,"publisher":{"@id":"https:\/\/regions-snetap-fsu.fr\/cvdl\/#organization"},"articleSection":["\u00c9lections professionnelles"],"inLanguage":"fr-FR"},{"@type":"WebPage","@id":"https:\/\/regions-snetap-fsu.fr\/cvdl\/2018\/12\/11\/elections-pro-les-resultats\/","url":"https:\/\/regions-snetap-fsu.fr\/cvdl\/2018\/12\/11\/elections-pro-les-resultats\/","name":"\u00c9lections pro : les r\u00e9sultats - CENTRE-VAL DE LOIRE","isPartOf":{"@id":"https:\/\/regions-snetap-fsu.fr\/cvdl\/#website"},"datePublished":"2018-12-11T20:40:23+00:00","dateModified":"2025-12-03T10:52:48+00:00","breadcrumb":{"@id":"https:\/\/regions-snetap-fsu.fr\/cvdl\/2018\/12\/11\/elections-pro-les-resultats\/#breadcrumb"},"inLanguage":"fr-FR","potentialAction":[{"@type":"ReadAction","target":["https:\/\/regions-snetap-fsu.fr\/cvdl\/2018\/12\/11\/elections-pro-les-resultats\/"]}]},{"@type":"BreadcrumbList","@id":"https:\/\/regions-snetap-fsu.fr\/cvdl\/2018\/12\/11\/elections-pro-les-resultats\/#breadcrumb","itemListElement":[{"@type":"ListItem","position":1,"name":"Accueil","item":"https:\/\/regions-snetap-fsu.fr\/cvdl\/"},{"@type":"ListItem","position":2,"name":"\u00c9lections pro : les r\u00e9sultats"}]},{"@type":"WebSite","@id":"https:\/\/regions-snetap-fsu.fr\/cvdl\/#website","url":"https:\/\/regions-snetap-fsu.fr\/cvdl\/","name":"SNETAP-FSU - CENTRE-VAL DE LOIRE","description":"Le blog de la Section R\u00e9gionale","publisher":{"@id":"https:\/\/regions-snetap-fsu.fr\/cvdl\/#organization"},"potentialAction":[{"@type":"SearchAction","target":{"@type":"EntryPoint","urlTemplate":"https:\/\/regions-snetap-fsu.fr\/cvdl\/?s={search_term_string}"},"query-input":{"@type":"PropertyValueSpecification","valueRequired":true,"valueName":"search_term_string"}}],"inLanguage":"fr-FR"},{"@type":"Organization","@id":"https:\/\/regions-snetap-fsu.fr\/cvdl\/#organization","name":"SNETAP-FSU - Centre Val de Loire","url":"https:\/\/regions-snetap-fsu.fr\/cvdl\/","logo":{"@type":"ImageObject","inLanguage":"fr-FR","@id":"https:\/\/regions-snetap-fsu.fr\/cvdl\/#\/schema\/logo\/image\/","url":"https:\/\/regions-snetap-fsu.fr\/cvdl\/wp-content\/uploads\/sites\/10\/2020\/09\/logo-SNETAP.png","contentUrl":"https:\/\/regions-snetap-fsu.fr\/cvdl\/wp-content\/uploads\/sites\/10\/2020\/09\/logo-SNETAP.png","width":380,"height":290,"caption":"SNETAP-FSU - Centre Val de Loire"},"image":{"@id":"https:\/\/regions-snetap-fsu.fr\/cvdl\/#\/schema\/logo\/image\/"}},{"@type":"Person","@id":"https:\/\/regions-snetap-fsu.fr\/cvdl\/#\/schema\/person\/4bf7bfcfd5483dec77bc7a3532f5b895","name":"amasson","image":{"@type":"ImageObject","inLanguage":"fr-FR","@id":"https:\/\/secure.gravatar.com\/avatar\/603812a842658d69c5a357f4b2beb470231ad8ab03d31d1af5a8e107f8d945f2?s=96&d=mm&r=g","url":"https:\/\/secure.gravatar.com\/avatar\/603812a842658d69c5a357f4b2beb470231ad8ab03d31d1af5a8e107f8d945f2?s=96&d=mm&r=g","contentUrl":"https:\/\/secure.gravatar.com\/avatar\/603812a842658d69c5a357f4b2beb470231ad8ab03d31d1af5a8e107f8d945f2?s=96&d=mm&r=g","caption":"amasson"},"url":"https:\/\/regions-snetap-fsu.fr\/cvdl\/author\/amasson\/"}]}},"_links":{"self":[{"href":"https:\/\/regions-snetap-fsu.fr\/cvdl\/wp-json\/wp\/v2\/posts\/656","targetHints":{"allow":["GET"]}}],"collection":[{"href":"https:\/\/regions-snetap-fsu.fr\/cvdl\/wp-json\/wp\/v2\/posts"}],"about":[{"href":"https:\/\/regions-snetap-fsu.fr\/cvdl\/wp-json\/wp\/v2\/types\/post"}],"author":[{"embeddable":true,"href":"https:\/\/regions-snetap-fsu.fr\/cvdl\/wp-json\/wp\/v2\/users\/129"}],"replies":[{"embeddable":true,"href":"https:\/\/regions-snetap-fsu.fr\/cvdl\/wp-json\/wp\/v2\/comments?post=656"}],"version-history":[{"count":13,"href":"https:\/\/regions-snetap-fsu.fr\/cvdl\/wp-json\/wp\/v2\/posts\/656\/revisions"}],"predecessor-version":[{"id":682,"href":"https:\/\/regions-snetap-fsu.fr\/cvdl\/wp-json\/wp\/v2\/posts\/656\/revisions\/682"}],"wp:attachment":[{"href":"https:\/\/regions-snetap-fsu.fr\/cvdl\/wp-json\/wp\/v2\/media?parent=656"}],"wp:term":[{"taxonomy":"category","embeddable":true,"href":"https:\/\/regions-snetap-fsu.fr\/cvdl\/wp-json\/wp\/v2\/categories?post=656"},{"taxonomy":"post_tag","embeddable":true,"href":"https:\/\/regions-snetap-fsu.fr\/cvdl\/wp-json\/wp\/v2\/tags?post=656"},{"taxonomy":"post_folder","embeddable":true,"href":"https:\/\/regions-snetap-fsu.fr\/cvdl\/wp-json\/wp\/v2\/post_folder?post=656"}],"curies":[{"name":"wp","href":"https:\/\/api.w.org\/{rel}","templated":true}]}}