{"id":2141,"date":"2023-03-24T11:48:03","date_gmt":"2023-03-24T10:48:03","guid":{"rendered":"https:\/\/regions-snetap-fsu.fr\/cvdl\/?p=2141"},"modified":"2023-03-24T11:48:03","modified_gmt":"2023-03-24T10:48:03","slug":"23-mars-2023","status":"publish","type":"post","link":"https:\/\/regions-snetap-fsu.fr\/cvdl\/2023\/03\/24\/23-mars-2023\/","title":{"rendered":"23 mars 2023"},"content":{"rendered":"<p><span style=\"font-family: arial, helvetica, sans-serif;font-size: 20px\">Et m\u00eame les \u00ab\u00a0autorit\u00e9s\u00a0\u00bb doivent reconna\u00eetre qu&rsquo;il y a plus de monde que la derni\u00e8re fois dans les rues ! Les chiffres du graphique tir\u00e9 de la Nouvelle R\u00e9publique sont les chiffres de la police alors visez plut\u00f4t la r\u00e9alit\u00e9 !<\/span><\/p>\n<p><a href=\"https:\/\/www.lanouvellerepublique.fr\/a-la-une\/retraites-net-rebond-de-la-mobilisation-mais-aussi-plus-d-incidents\" target=\"_blank\" rel=\"noopener\"><img fetchpriority=\"high\" decoding=\"async\" class=\"aligncenter wp-image-2137 size-full\" src=\"https:\/\/regions-snetap-fsu.fr\/cvdl\/wp-content\/uploads\/sites\/10\/2023\/03\/graphique-NR.png\" alt=\"graphique NR\" width=\"815\" height=\"377\" \/><\/a><\/p>\n<p><img decoding=\"async\" class=\"size-medium wp-image-2140 aligncenter\" src=\"https:\/\/regions-snetap-fsu.fr\/cvdl\/wp-content\/uploads\/sites\/10\/2023\/03\/Resized_20230323_130056-300x300.jpg\" alt=\"Manif du 23 mars\" width=\"300\" height=\"300\" srcset=\"https:\/\/regions-snetap-fsu.fr\/cvdl\/wp-content\/uploads\/sites\/10\/2023\/03\/Resized_20230323_130056-300x300.jpg 300w, https:\/\/regions-snetap-fsu.fr\/cvdl\/wp-content\/uploads\/sites\/10\/2023\/03\/Resized_20230323_130056-1024x1024.jpg 1024w, https:\/\/regions-snetap-fsu.fr\/cvdl\/wp-content\/uploads\/sites\/10\/2023\/03\/Resized_20230323_130056-150x150.jpg 150w, https:\/\/regions-snetap-fsu.fr\/cvdl\/wp-content\/uploads\/sites\/10\/2023\/03\/Resized_20230323_130056-768x768.jpg 768w, https:\/\/regions-snetap-fsu.fr\/cvdl\/wp-content\/uploads\/sites\/10\/2023\/03\/Resized_20230323_130056-600x600.jpg 600w, https:\/\/regions-snetap-fsu.fr\/cvdl\/wp-content\/uploads\/sites\/10\/2023\/03\/Resized_20230323_130056.jpg 1080w\" sizes=\"(max-width: 300px) 100vw, 300px\" \/><\/p>\n<p><img decoding=\"async\" class=\"size-medium wp-image-2139 aligncenter\" src=\"https:\/\/regions-snetap-fsu.fr\/cvdl\/wp-content\/uploads\/sites\/10\/2023\/03\/IMG-20230323-WA0002-300x225.jpg\" alt=\"Manif du 23 mars\" width=\"300\" height=\"225\" srcset=\"https:\/\/regions-snetap-fsu.fr\/cvdl\/wp-content\/uploads\/sites\/10\/2023\/03\/IMG-20230323-WA0002-300x225.jpg 300w, https:\/\/regions-snetap-fsu.fr\/cvdl\/wp-content\/uploads\/sites\/10\/2023\/03\/IMG-20230323-WA0002-1024x768.jpg 1024w, https:\/\/regions-snetap-fsu.fr\/cvdl\/wp-content\/uploads\/sites\/10\/2023\/03\/IMG-20230323-WA0002-768x576.jpg 768w, https:\/\/regions-snetap-fsu.fr\/cvdl\/wp-content\/uploads\/sites\/10\/2023\/03\/IMG-20230323-WA0002-1536x1152.jpg 1536w, https:\/\/regions-snetap-fsu.fr\/cvdl\/wp-content\/uploads\/sites\/10\/2023\/03\/IMG-20230323-WA0002.jpg 1600w\" sizes=\"(max-width: 300px) 100vw, 300px\" \/><\/p>\n<p><img loading=\"lazy\" decoding=\"async\" class=\"size-medium wp-image-2138 aligncenter\" src=\"https:\/\/regions-snetap-fsu.fr\/cvdl\/wp-content\/uploads\/sites\/10\/2023\/03\/IMG-20230323-WA0001-169x300.jpg\" alt=\"Manif du 23 mars\" width=\"169\" height=\"300\" srcset=\"https:\/\/regions-snetap-fsu.fr\/cvdl\/wp-content\/uploads\/sites\/10\/2023\/03\/IMG-20230323-WA0001-169x300.jpg 169w, https:\/\/regions-snetap-fsu.fr\/cvdl\/wp-content\/uploads\/sites\/10\/2023\/03\/IMG-20230323-WA0001-576x1024.jpg 576w, https:\/\/regions-snetap-fsu.fr\/cvdl\/wp-content\/uploads\/sites\/10\/2023\/03\/IMG-20230323-WA0001-768x1365.jpg 768w, https:\/\/regions-snetap-fsu.fr\/cvdl\/wp-content\/uploads\/sites\/10\/2023\/03\/IMG-20230323-WA0001-864x1536.jpg 864w, https:\/\/regions-snetap-fsu.fr\/cvdl\/wp-content\/uploads\/sites\/10\/2023\/03\/IMG-20230323-WA0001.jpg 1134w\" sizes=\"(max-width: 169px) 100vw, 169px\" \/><\/p>\n","protected":false},"excerpt":{"rendered":"<p>Et m\u00eame les \u00ab\u00a0autorit\u00e9s\u00a0\u00bb doivent reconna\u00eetre qu&rsquo;il y a plus de monde que la derni\u00e8re fois dans les rues ! Les chiffres du graphique tir\u00e9 de la Nouvelle R\u00e9publique sont les chiffres de la police alors visez plut\u00f4t la r\u00e9alit\u00e9 !<\/p>\n","protected":false},"author":129,"featured_media":0,"comment_status":"closed","ping_status":"closed","sticky":false,"template":"","format":"standard","meta":{"ocean_post_layout":"","ocean_both_sidebars_style":"","ocean_both_sidebars_content_width":0,"ocean_both_sidebars_sidebars_width":0,"ocean_sidebar":"0","ocean_second_sidebar":"0","ocean_disable_margins":"enable","ocean_add_body_class":"","ocean_shortcode_before_top_bar":"","ocean_shortcode_after_top_bar":"","ocean_shortcode_before_header":"","ocean_shortcode_after_header":"","ocean_has_shortcode":"","ocean_shortcode_after_title":"","ocean_shortcode_before_footer_widgets":"","ocean_shortcode_after_footer_widgets":"","ocean_shortcode_before_footer_bottom":"","ocean_shortcode_after_footer_bottom":"","ocean_display_top_bar":"default","ocean_display_header":"default","ocean_header_style":"","ocean_center_header_left_menu":"0","ocean_custom_header_template":"0","ocean_custom_logo":0,"ocean_custom_retina_logo":0,"ocean_custom_logo_max_width":0,"ocean_custom_logo_tablet_max_width":0,"ocean_custom_logo_mobile_max_width":0,"ocean_custom_logo_max_height":0,"ocean_custom_logo_tablet_max_height":0,"ocean_custom_logo_mobile_max_height":0,"ocean_header_custom_menu":"0","ocean_menu_typo_font_family":"0","ocean_menu_typo_font_subset":"","ocean_menu_typo_font_size":0,"ocean_menu_typo_font_size_tablet":0,"ocean_menu_typo_font_size_mobile":0,"ocean_menu_typo_font_size_unit":"px","ocean_menu_typo_font_weight":"","ocean_menu_typo_font_weight_tablet":"","ocean_menu_typo_font_weight_mobile":"","ocean_menu_typo_transform":"","ocean_menu_typo_transform_tablet":"","ocean_menu_typo_transform_mobile":"","ocean_menu_typo_line_height":0,"ocean_menu_typo_line_height_tablet":0,"ocean_menu_typo_line_height_mobile":0,"ocean_menu_typo_line_height_unit":"","ocean_menu_typo_spacing":0,"ocean_menu_typo_spacing_tablet":0,"ocean_menu_typo_spacing_mobile":0,"ocean_menu_typo_spacing_unit":"","ocean_menu_link_color":"","ocean_menu_link_color_hover":"","ocean_menu_link_color_active":"","ocean_menu_link_background":"","ocean_menu_link_hover_background":"","ocean_menu_link_active_background":"","ocean_menu_social_links_bg":"","ocean_menu_social_hover_links_bg":"","ocean_menu_social_links_color":"","ocean_menu_social_hover_links_color":"","ocean_disable_title":"default","ocean_disable_heading":"default","ocean_post_title":"","ocean_post_subheading":"","ocean_post_title_style":"","ocean_post_title_background_color":"","ocean_post_title_background":0,"ocean_post_title_bg_image_position":"","ocean_post_title_bg_image_attachment":"","ocean_post_title_bg_image_repeat":"","ocean_post_title_bg_image_size":"","ocean_post_title_height":0,"ocean_post_title_bg_overlay":0.5,"ocean_post_title_bg_overlay_color":"","ocean_disable_breadcrumbs":"default","ocean_breadcrumbs_color":"","ocean_breadcrumbs_separator_color":"","ocean_breadcrumbs_links_color":"","ocean_breadcrumbs_links_hover_color":"","ocean_display_footer_widgets":"default","ocean_display_footer_bottom":"default","ocean_custom_footer_template":"0","ocean_post_oembed":"","ocean_post_self_hosted_media":"","ocean_post_video_embed":"","ocean_link_format":"","ocean_link_format_target":"self","ocean_quote_format":"","ocean_quote_format_link":"post","ocean_gallery_link_images":"off","ocean_gallery_id":[],"footnotes":""},"categories":[24,11,25,12],"tags":[],"post_folder":[],"class_list":["post-2141","post","type-post","status-publish","format-standard","hentry","category-actions-nationales","category-actions-regionales","category-greves","category-manifs","entry"],"yoast_head":"<!-- This site is optimized with the Yoast SEO plugin v27.4 - https:\/\/yoast.com\/product\/yoast-seo-wordpress\/ -->\n<title>23 mars 2023 - CENTRE-VAL DE LOIRE<\/title>\n<meta name=\"robots\" content=\"index, follow, max-snippet:-1, max-image-preview:large, max-video-preview:-1\" \/>\n<link rel=\"canonical\" href=\"https:\/\/regions-snetap-fsu.fr\/cvdl\/2023\/03\/24\/23-mars-2023\/\" \/>\n<meta property=\"og:locale\" content=\"fr_FR\" \/>\n<meta property=\"og:type\" content=\"article\" \/>\n<meta property=\"og:title\" content=\"23 mars 2023 - CENTRE-VAL DE LOIRE\" \/>\n<meta property=\"og:description\" content=\"Et m\u00eame les \u00ab\u00a0autorit\u00e9s\u00a0\u00bb doivent reconna\u00eetre qu&rsquo;il y a plus de monde que la derni\u00e8re fois dans les rues ! Les chiffres du graphique tir\u00e9 de la Nouvelle R\u00e9publique sont les chiffres de la police alors visez plut\u00f4t la r\u00e9alit\u00e9 !\" \/>\n<meta property=\"og:url\" content=\"https:\/\/regions-snetap-fsu.fr\/cvdl\/2023\/03\/24\/23-mars-2023\/\" \/>\n<meta property=\"og:site_name\" content=\"CENTRE-VAL DE LOIRE\" \/>\n<meta property=\"article:published_time\" content=\"2023-03-24T10:48:03+00:00\" \/>\n<meta property=\"og:image\" content=\"https:\/\/regions-snetap-fsu.fr\/cvdl\/wp-content\/uploads\/sites\/10\/2023\/03\/graphique-NR.png\" \/>\n\t<meta property=\"og:image:width\" content=\"815\" \/>\n\t<meta property=\"og:image:height\" content=\"377\" \/>\n\t<meta property=\"og:image:type\" content=\"image\/png\" \/>\n<meta name=\"author\" content=\"amasson\" \/>\n<meta name=\"twitter:card\" content=\"summary_large_image\" \/>\n<meta name=\"twitter:label1\" content=\"\u00c9crit par\" \/>\n\t<meta name=\"twitter:data1\" content=\"amasson\" \/>\n<script type=\"application\/ld+json\" class=\"yoast-schema-graph\">{\"@context\":\"https:\\\/\\\/schema.org\",\"@graph\":[{\"@type\":\"Article\",\"@id\":\"https:\\\/\\\/regions-snetap-fsu.fr\\\/cvdl\\\/2023\\\/03\\\/24\\\/23-mars-2023\\\/#article\",\"isPartOf\":{\"@id\":\"https:\\\/\\\/regions-snetap-fsu.fr\\\/cvdl\\\/2023\\\/03\\\/24\\\/23-mars-2023\\\/\"},\"author\":{\"name\":\"amasson\",\"@id\":\"https:\\\/\\\/regions-snetap-fsu.fr\\\/cvdl\\\/#\\\/schema\\\/person\\\/4bf7bfcfd5483dec77bc7a3532f5b895\"},\"headline\":\"23 mars 2023\",\"datePublished\":\"2023-03-24T10:48:03+00:00\",\"mainEntityOfPage\":{\"@id\":\"https:\\\/\\\/regions-snetap-fsu.fr\\\/cvdl\\\/2023\\\/03\\\/24\\\/23-mars-2023\\\/\"},\"wordCount\":48,\"publisher\":{\"@id\":\"https:\\\/\\\/regions-snetap-fsu.fr\\\/cvdl\\\/#organization\"},\"image\":{\"@id\":\"https:\\\/\\\/regions-snetap-fsu.fr\\\/cvdl\\\/2023\\\/03\\\/24\\\/23-mars-2023\\\/#primaryimage\"},\"thumbnailUrl\":\"https:\\\/\\\/regions-snetap-fsu.fr\\\/cvdl\\\/wp-content\\\/uploads\\\/sites\\\/10\\\/2023\\\/03\\\/graphique-NR.png\",\"articleSection\":[\"Actions nationales\",\"Actions r\u00e9gionales\",\"gr\u00e8ves\",\"Manifs\"],\"inLanguage\":\"fr-FR\"},{\"@type\":\"WebPage\",\"@id\":\"https:\\\/\\\/regions-snetap-fsu.fr\\\/cvdl\\\/2023\\\/03\\\/24\\\/23-mars-2023\\\/\",\"url\":\"https:\\\/\\\/regions-snetap-fsu.fr\\\/cvdl\\\/2023\\\/03\\\/24\\\/23-mars-2023\\\/\",\"name\":\"23 mars 2023 - CENTRE-VAL DE LOIRE\",\"isPartOf\":{\"@id\":\"https:\\\/\\\/regions-snetap-fsu.fr\\\/cvdl\\\/#website\"},\"primaryImageOfPage\":{\"@id\":\"https:\\\/\\\/regions-snetap-fsu.fr\\\/cvdl\\\/2023\\\/03\\\/24\\\/23-mars-2023\\\/#primaryimage\"},\"image\":{\"@id\":\"https:\\\/\\\/regions-snetap-fsu.fr\\\/cvdl\\\/2023\\\/03\\\/24\\\/23-mars-2023\\\/#primaryimage\"},\"thumbnailUrl\":\"https:\\\/\\\/regions-snetap-fsu.fr\\\/cvdl\\\/wp-content\\\/uploads\\\/sites\\\/10\\\/2023\\\/03\\\/graphique-NR.png\",\"datePublished\":\"2023-03-24T10:48:03+00:00\",\"breadcrumb\":{\"@id\":\"https:\\\/\\\/regions-snetap-fsu.fr\\\/cvdl\\\/2023\\\/03\\\/24\\\/23-mars-2023\\\/#breadcrumb\"},\"inLanguage\":\"fr-FR\",\"potentialAction\":[{\"@type\":\"ReadAction\",\"target\":[\"https:\\\/\\\/regions-snetap-fsu.fr\\\/cvdl\\\/2023\\\/03\\\/24\\\/23-mars-2023\\\/\"]}]},{\"@type\":\"ImageObject\",\"inLanguage\":\"fr-FR\",\"@id\":\"https:\\\/\\\/regions-snetap-fsu.fr\\\/cvdl\\\/2023\\\/03\\\/24\\\/23-mars-2023\\\/#primaryimage\",\"url\":\"\",\"contentUrl\":\"\"},{\"@type\":\"BreadcrumbList\",\"@id\":\"https:\\\/\\\/regions-snetap-fsu.fr\\\/cvdl\\\/2023\\\/03\\\/24\\\/23-mars-2023\\\/#breadcrumb\",\"itemListElement\":[{\"@type\":\"ListItem\",\"position\":1,\"name\":\"Accueil\",\"item\":\"https:\\\/\\\/regions-snetap-fsu.fr\\\/cvdl\\\/\"},{\"@type\":\"ListItem\",\"position\":2,\"name\":\"23 mars 2023\"}]},{\"@type\":\"WebSite\",\"@id\":\"https:\\\/\\\/regions-snetap-fsu.fr\\\/cvdl\\\/#website\",\"url\":\"https:\\\/\\\/regions-snetap-fsu.fr\\\/cvdl\\\/\",\"name\":\"SNETAP-FSU - CENTRE-VAL DE LOIRE\",\"description\":\"Le blog de la Section R\u00e9gionale\",\"publisher\":{\"@id\":\"https:\\\/\\\/regions-snetap-fsu.fr\\\/cvdl\\\/#organization\"},\"potentialAction\":[{\"@type\":\"SearchAction\",\"target\":{\"@type\":\"EntryPoint\",\"urlTemplate\":\"https:\\\/\\\/regions-snetap-fsu.fr\\\/cvdl\\\/?s={search_term_string}\"},\"query-input\":{\"@type\":\"PropertyValueSpecification\",\"valueRequired\":true,\"valueName\":\"search_term_string\"}}],\"inLanguage\":\"fr-FR\"},{\"@type\":\"Organization\",\"@id\":\"https:\\\/\\\/regions-snetap-fsu.fr\\\/cvdl\\\/#organization\",\"name\":\"SNETAP-FSU - Centre Val de Loire\",\"url\":\"https:\\\/\\\/regions-snetap-fsu.fr\\\/cvdl\\\/\",\"logo\":{\"@type\":\"ImageObject\",\"inLanguage\":\"fr-FR\",\"@id\":\"https:\\\/\\\/regions-snetap-fsu.fr\\\/cvdl\\\/#\\\/schema\\\/logo\\\/image\\\/\",\"url\":\"https:\\\/\\\/regions-snetap-fsu.fr\\\/cvdl\\\/wp-content\\\/uploads\\\/sites\\\/10\\\/2020\\\/09\\\/logo-SNETAP.png\",\"contentUrl\":\"https:\\\/\\\/regions-snetap-fsu.fr\\\/cvdl\\\/wp-content\\\/uploads\\\/sites\\\/10\\\/2020\\\/09\\\/logo-SNETAP.png\",\"width\":380,\"height\":290,\"caption\":\"SNETAP-FSU - Centre Val de Loire\"},\"image\":{\"@id\":\"https:\\\/\\\/regions-snetap-fsu.fr\\\/cvdl\\\/#\\\/schema\\\/logo\\\/image\\\/\"}},{\"@type\":\"Person\",\"@id\":\"https:\\\/\\\/regions-snetap-fsu.fr\\\/cvdl\\\/#\\\/schema\\\/person\\\/4bf7bfcfd5483dec77bc7a3532f5b895\",\"name\":\"amasson\",\"image\":{\"@type\":\"ImageObject\",\"inLanguage\":\"fr-FR\",\"@id\":\"https:\\\/\\\/secure.gravatar.com\\\/avatar\\\/603812a842658d69c5a357f4b2beb470231ad8ab03d31d1af5a8e107f8d945f2?s=96&d=mm&r=g\",\"url\":\"https:\\\/\\\/secure.gravatar.com\\\/avatar\\\/603812a842658d69c5a357f4b2beb470231ad8ab03d31d1af5a8e107f8d945f2?s=96&d=mm&r=g\",\"contentUrl\":\"https:\\\/\\\/secure.gravatar.com\\\/avatar\\\/603812a842658d69c5a357f4b2beb470231ad8ab03d31d1af5a8e107f8d945f2?s=96&d=mm&r=g\",\"caption\":\"amasson\"},\"url\":\"https:\\\/\\\/regions-snetap-fsu.fr\\\/cvdl\\\/author\\\/amasson\\\/\"}]}<\/script>\n<!-- \/ Yoast SEO plugin. -->","yoast_head_json":{"title":"23 mars 2023 - CENTRE-VAL DE LOIRE","robots":{"index":"index","follow":"follow","max-snippet":"max-snippet:-1","max-image-preview":"max-image-preview:large","max-video-preview":"max-video-preview:-1"},"canonical":"https:\/\/regions-snetap-fsu.fr\/cvdl\/2023\/03\/24\/23-mars-2023\/","og_locale":"fr_FR","og_type":"article","og_title":"23 mars 2023 - CENTRE-VAL DE LOIRE","og_description":"Et m\u00eame les \u00ab\u00a0autorit\u00e9s\u00a0\u00bb doivent reconna\u00eetre qu&rsquo;il y a plus de monde que la derni\u00e8re fois dans les rues ! Les chiffres du graphique tir\u00e9 de la Nouvelle R\u00e9publique sont les chiffres de la police alors visez plut\u00f4t la r\u00e9alit\u00e9 !","og_url":"https:\/\/regions-snetap-fsu.fr\/cvdl\/2023\/03\/24\/23-mars-2023\/","og_site_name":"CENTRE-VAL DE LOIRE","article_published_time":"2023-03-24T10:48:03+00:00","og_image":[{"width":815,"height":377,"url":"https:\/\/regions-snetap-fsu.fr\/cvdl\/wp-content\/uploads\/sites\/10\/2023\/03\/graphique-NR.png","type":"image\/png"}],"author":"amasson","twitter_card":"summary_large_image","twitter_misc":{"\u00c9crit par":"amasson"},"schema":{"@context":"https:\/\/schema.org","@graph":[{"@type":"Article","@id":"https:\/\/regions-snetap-fsu.fr\/cvdl\/2023\/03\/24\/23-mars-2023\/#article","isPartOf":{"@id":"https:\/\/regions-snetap-fsu.fr\/cvdl\/2023\/03\/24\/23-mars-2023\/"},"author":{"name":"amasson","@id":"https:\/\/regions-snetap-fsu.fr\/cvdl\/#\/schema\/person\/4bf7bfcfd5483dec77bc7a3532f5b895"},"headline":"23 mars 2023","datePublished":"2023-03-24T10:48:03+00:00","mainEntityOfPage":{"@id":"https:\/\/regions-snetap-fsu.fr\/cvdl\/2023\/03\/24\/23-mars-2023\/"},"wordCount":48,"publisher":{"@id":"https:\/\/regions-snetap-fsu.fr\/cvdl\/#organization"},"image":{"@id":"https:\/\/regions-snetap-fsu.fr\/cvdl\/2023\/03\/24\/23-mars-2023\/#primaryimage"},"thumbnailUrl":"https:\/\/regions-snetap-fsu.fr\/cvdl\/wp-content\/uploads\/sites\/10\/2023\/03\/graphique-NR.png","articleSection":["Actions nationales","Actions r\u00e9gionales","gr\u00e8ves","Manifs"],"inLanguage":"fr-FR"},{"@type":"WebPage","@id":"https:\/\/regions-snetap-fsu.fr\/cvdl\/2023\/03\/24\/23-mars-2023\/","url":"https:\/\/regions-snetap-fsu.fr\/cvdl\/2023\/03\/24\/23-mars-2023\/","name":"23 mars 2023 - CENTRE-VAL DE LOIRE","isPartOf":{"@id":"https:\/\/regions-snetap-fsu.fr\/cvdl\/#website"},"primaryImageOfPage":{"@id":"https:\/\/regions-snetap-fsu.fr\/cvdl\/2023\/03\/24\/23-mars-2023\/#primaryimage"},"image":{"@id":"https:\/\/regions-snetap-fsu.fr\/cvdl\/2023\/03\/24\/23-mars-2023\/#primaryimage"},"thumbnailUrl":"https:\/\/regions-snetap-fsu.fr\/cvdl\/wp-content\/uploads\/sites\/10\/2023\/03\/graphique-NR.png","datePublished":"2023-03-24T10:48:03+00:00","breadcrumb":{"@id":"https:\/\/regions-snetap-fsu.fr\/cvdl\/2023\/03\/24\/23-mars-2023\/#breadcrumb"},"inLanguage":"fr-FR","potentialAction":[{"@type":"ReadAction","target":["https:\/\/regions-snetap-fsu.fr\/cvdl\/2023\/03\/24\/23-mars-2023\/"]}]},{"@type":"ImageObject","inLanguage":"fr-FR","@id":"https:\/\/regions-snetap-fsu.fr\/cvdl\/2023\/03\/24\/23-mars-2023\/#primaryimage","url":"","contentUrl":""},{"@type":"BreadcrumbList","@id":"https:\/\/regions-snetap-fsu.fr\/cvdl\/2023\/03\/24\/23-mars-2023\/#breadcrumb","itemListElement":[{"@type":"ListItem","position":1,"name":"Accueil","item":"https:\/\/regions-snetap-fsu.fr\/cvdl\/"},{"@type":"ListItem","position":2,"name":"23 mars 2023"}]},{"@type":"WebSite","@id":"https:\/\/regions-snetap-fsu.fr\/cvdl\/#website","url":"https:\/\/regions-snetap-fsu.fr\/cvdl\/","name":"SNETAP-FSU - CENTRE-VAL DE LOIRE","description":"Le blog de la Section R\u00e9gionale","publisher":{"@id":"https:\/\/regions-snetap-fsu.fr\/cvdl\/#organization"},"potentialAction":[{"@type":"SearchAction","target":{"@type":"EntryPoint","urlTemplate":"https:\/\/regions-snetap-fsu.fr\/cvdl\/?s={search_term_string}"},"query-input":{"@type":"PropertyValueSpecification","valueRequired":true,"valueName":"search_term_string"}}],"inLanguage":"fr-FR"},{"@type":"Organization","@id":"https:\/\/regions-snetap-fsu.fr\/cvdl\/#organization","name":"SNETAP-FSU - Centre Val de Loire","url":"https:\/\/regions-snetap-fsu.fr\/cvdl\/","logo":{"@type":"ImageObject","inLanguage":"fr-FR","@id":"https:\/\/regions-snetap-fsu.fr\/cvdl\/#\/schema\/logo\/image\/","url":"https:\/\/regions-snetap-fsu.fr\/cvdl\/wp-content\/uploads\/sites\/10\/2020\/09\/logo-SNETAP.png","contentUrl":"https:\/\/regions-snetap-fsu.fr\/cvdl\/wp-content\/uploads\/sites\/10\/2020\/09\/logo-SNETAP.png","width":380,"height":290,"caption":"SNETAP-FSU - Centre Val de Loire"},"image":{"@id":"https:\/\/regions-snetap-fsu.fr\/cvdl\/#\/schema\/logo\/image\/"}},{"@type":"Person","@id":"https:\/\/regions-snetap-fsu.fr\/cvdl\/#\/schema\/person\/4bf7bfcfd5483dec77bc7a3532f5b895","name":"amasson","image":{"@type":"ImageObject","inLanguage":"fr-FR","@id":"https:\/\/secure.gravatar.com\/avatar\/603812a842658d69c5a357f4b2beb470231ad8ab03d31d1af5a8e107f8d945f2?s=96&d=mm&r=g","url":"https:\/\/secure.gravatar.com\/avatar\/603812a842658d69c5a357f4b2beb470231ad8ab03d31d1af5a8e107f8d945f2?s=96&d=mm&r=g","contentUrl":"https:\/\/secure.gravatar.com\/avatar\/603812a842658d69c5a357f4b2beb470231ad8ab03d31d1af5a8e107f8d945f2?s=96&d=mm&r=g","caption":"amasson"},"url":"https:\/\/regions-snetap-fsu.fr\/cvdl\/author\/amasson\/"}]}},"_links":{"self":[{"href":"https:\/\/regions-snetap-fsu.fr\/cvdl\/wp-json\/wp\/v2\/posts\/2141","targetHints":{"allow":["GET"]}}],"collection":[{"href":"https:\/\/regions-snetap-fsu.fr\/cvdl\/wp-json\/wp\/v2\/posts"}],"about":[{"href":"https:\/\/regions-snetap-fsu.fr\/cvdl\/wp-json\/wp\/v2\/types\/post"}],"author":[{"embeddable":true,"href":"https:\/\/regions-snetap-fsu.fr\/cvdl\/wp-json\/wp\/v2\/users\/129"}],"replies":[{"embeddable":true,"href":"https:\/\/regions-snetap-fsu.fr\/cvdl\/wp-json\/wp\/v2\/comments?post=2141"}],"version-history":[{"count":2,"href":"https:\/\/regions-snetap-fsu.fr\/cvdl\/wp-json\/wp\/v2\/posts\/2141\/revisions"}],"predecessor-version":[{"id":2143,"href":"https:\/\/regions-snetap-fsu.fr\/cvdl\/wp-json\/wp\/v2\/posts\/2141\/revisions\/2143"}],"wp:attachment":[{"href":"https:\/\/regions-snetap-fsu.fr\/cvdl\/wp-json\/wp\/v2\/media?parent=2141"}],"wp:term":[{"taxonomy":"category","embeddable":true,"href":"https:\/\/regions-snetap-fsu.fr\/cvdl\/wp-json\/wp\/v2\/categories?post=2141"},{"taxonomy":"post_tag","embeddable":true,"href":"https:\/\/regions-snetap-fsu.fr\/cvdl\/wp-json\/wp\/v2\/tags?post=2141"},{"taxonomy":"post_folder","embeddable":true,"href":"https:\/\/regions-snetap-fsu.fr\/cvdl\/wp-json\/wp\/v2\/post_folder?post=2141"}],"curies":[{"name":"wp","href":"https:\/\/api.w.org\/{rel}","templated":true}]}}