{"id":1766,"date":"2021-05-22T16:22:05","date_gmt":"2021-05-22T14:22:05","guid":{"rendered":"https:\/\/regions-snetap-fsu.fr\/cvdl\/?p=1766"},"modified":"2021-05-22T16:24:26","modified_gmt":"2021-05-22T14:24:26","slug":"boycott-des-examens","status":"publish","type":"post","link":"https:\/\/regions-snetap-fsu.fr\/cvdl\/2021\/05\/22\/boycott-des-examens\/","title":{"rendered":"Boycott des examens"},"content":{"rendered":"<p><span style=\"font-family: arial, helvetica, sans-serif\"><span style=\"color: #ff0000\"><strong>Face au d\u00e9ni de r\u00e9alit\u00e9<\/strong><\/span> du gouvernement et de notre ministre en particulier qui\u00a0persistent \u00e0 nier\u00a0les conditions dans lesquelles cette ann\u00e9e scolaire s\u2019est d\u00e9roul\u00e9e\u00a0avec des progressions p\u00e9dagogiques boulevers\u00e9es par une alternance distanciel &#8211; pr\u00e9sentiel\u00a0parfois\u00a0depuis octobre 2020, avec des fermetures\u00a0chroniques\u00a0de classes voire d\u2019\u00e9tablissements\u00a0;<br \/>\n<\/span><span style=\"font-family: arial, helvetica, sans-serif\"><span style=\"color: #ff0000\"><strong>Face au refus d\u2019anticiper cette situation<\/strong><\/span> en am\u00e9nageant les programmes et les \u00e9preuves malgr\u00e9 les demandes r\u00e9p\u00e9t\u00e9es de notre organisation d\u00e9s le mois de juin 2020\u00a0et r\u00e9it\u00e9r\u00e9es tout l&rsquo;automne;<br \/>\n<\/span><span style=\"font-family: arial, helvetica, sans-serif\"><span style=\"color: #ff0000\"><strong>Face au m\u00e9pris avec lequel\u00a0les enseignant.es sont trait\u00e9.es<\/strong><\/span> par leur\u00a0ministre incapable de tenir l\u2019engagement pris de r\u00e9mun\u00e9rer les correcteur.rices des rapports et oraux de l\u2019ann\u00e9e derni\u00e8re\u00a0(dossier \u00ab\u00a0sans objet\u00a0\u00bb avant notre mobilisation collective, puis trop compliqu\u00e9 \u00e0 recenser et enfin bloqu\u00e9 pour des sombres raisons de logiciel de paie \u2013 sic)\u00a0;<\/span><\/p>\n<p><span style=\"font-family: arial, helvetica, sans-serif\"><strong>Le SNETAP-FSU appelle les personnels \u00e0 exprimer leur col\u00e8re en refusant de participer \u00e0 l\u2019organisation et \u00e0 la tenue des \u00e9preuves terminales<\/strong>\u00a0(surveillance, rapports, corrections, oraux) afin d\u2019exiger, dans l\u2019int\u00e9r\u00eat de toutes et tous, le passage en Contr\u00f4le Continu\u2026<br \/>\nL<\/span><span style=\"font-family: arial, helvetica, sans-serif\">e SNETAP-FSU appelle tous les agents \u00e0 refuser de \u00ab faire semblant \u00bb, de \u00ab faire comme si\u00a0 tout allait bien \u00bb !<br \/>\n<\/span><span style=\"color: #ff0000\"><strong><span style=\"font-family: arial, helvetica, sans-serif\">Aujourd\u2019hui, seule une forte mobilisation am\u00e8nera ce ministre et le gouvernement \u00e0 entendre les revendications l\u00e9gitimes des jeunes, de leurs familles et des personnels soucieux de la r\u00e9ussite de leurs \u00e9l\u00e8ves, apprenti.es, \u00e9tudiantes et stagiaires\u00a0!<br \/>\n<\/span><\/strong><\/span><span style=\"font-family: arial, helvetica, sans-serif\">Le SNETAP-FSU\u00a0d\u00e9pose donc\u00a0un pr\u00e9avis de gr\u00e8ve couvrant la p\u00e9riode des examens<br \/>\n<\/span><span style=\"font-family: arial, helvetica, sans-serif\">Le SNETAP-FSU saisit en urgence le cabinet du ministre de l\u2019Agriculture.<\/span><\/p>\n<p><a href=\"https:\/\/regions-snetap-fsu.fr\/cvdl\/wp-content\/uploads\/sites\/10\/2021\/05\/2021_05_21_snetap-fsu_courrier_ministre_depot_preavis_greve_examens.pdf\" target=\"_blank\" rel=\"noopener\">T\u00e9l\u00e9chargement du courrier au ministre<\/a><br \/>\n<a href=\"https:\/\/regions-snetap-fsu.fr\/cvdl\/wp-content\/uploads\/sites\/10\/2021\/05\/2021_Boycott-e-preuves-terminales_Tract.pdf\" target=\"_blank\" rel=\"noopener\">T\u00e9l\u00e9chargement du tract<\/a><\/p>\n","protected":false},"excerpt":{"rendered":"<p>Face au d\u00e9ni de r\u00e9alit\u00e9 du gouvernement et de notre ministre en particulier qui\u00a0persistent \u00e0 nier\u00a0les conditions dans lesquelles cette ann\u00e9e scolaire s\u2019est d\u00e9roul\u00e9e\u00a0avec des progressions p\u00e9dagogiques boulevers\u00e9es par une alternance distanciel &#8211; pr\u00e9sentiel\u00a0parfois\u00a0depuis octobre 2020, avec des fermetures\u00a0chroniques\u00a0de classes voire d\u2019\u00e9tablissements\u00a0; Face au refus d\u2019anticiper cette situation en am\u00e9nageant les programmes et les \u00e9preuves [&hellip;]<\/p>\n","protected":false},"author":129,"featured_media":1765,"comment_status":"closed","ping_status":"closed","sticky":false,"template":"","format":"standard","meta":{"ocean_post_layout":"","ocean_both_sidebars_style":"","ocean_both_sidebars_content_width":0,"ocean_both_sidebars_sidebars_width":0,"ocean_sidebar":"0","ocean_second_sidebar":"0","ocean_disable_margins":"enable","ocean_add_body_class":"","ocean_shortcode_before_top_bar":"","ocean_shortcode_after_top_bar":"","ocean_shortcode_before_header":"","ocean_shortcode_after_header":"","ocean_has_shortcode":"","ocean_shortcode_after_title":"","ocean_shortcode_before_footer_widgets":"","ocean_shortcode_after_footer_widgets":"","ocean_shortcode_before_footer_bottom":"","ocean_shortcode_after_footer_bottom":"","ocean_display_top_bar":"default","ocean_display_header":"default","ocean_header_style":"","ocean_center_header_left_menu":"0","ocean_custom_header_template":"0","ocean_custom_logo":0,"ocean_custom_retina_logo":0,"ocean_custom_logo_max_width":0,"ocean_custom_logo_tablet_max_width":0,"ocean_custom_logo_mobile_max_width":0,"ocean_custom_logo_max_height":0,"ocean_custom_logo_tablet_max_height":0,"ocean_custom_logo_mobile_max_height":0,"ocean_header_custom_menu":"0","ocean_menu_typo_font_family":"0","ocean_menu_typo_font_subset":"","ocean_menu_typo_font_size":0,"ocean_menu_typo_font_size_tablet":0,"ocean_menu_typo_font_size_mobile":0,"ocean_menu_typo_font_size_unit":"px","ocean_menu_typo_font_weight":"","ocean_menu_typo_font_weight_tablet":"","ocean_menu_typo_font_weight_mobile":"","ocean_menu_typo_transform":"","ocean_menu_typo_transform_tablet":"","ocean_menu_typo_transform_mobile":"","ocean_menu_typo_line_height":0,"ocean_menu_typo_line_height_tablet":0,"ocean_menu_typo_line_height_mobile":0,"ocean_menu_typo_line_height_unit":"","ocean_menu_typo_spacing":0,"ocean_menu_typo_spacing_tablet":0,"ocean_menu_typo_spacing_mobile":0,"ocean_menu_typo_spacing_unit":"","ocean_menu_link_color":"","ocean_menu_link_color_hover":"","ocean_menu_link_color_active":"","ocean_menu_link_background":"","ocean_menu_link_hover_background":"","ocean_menu_link_active_background":"","ocean_menu_social_links_bg":"","ocean_menu_social_hover_links_bg":"","ocean_menu_social_links_color":"","ocean_menu_social_hover_links_color":"","ocean_disable_title":"default","ocean_disable_heading":"default","ocean_post_title":"","ocean_post_subheading":"","ocean_post_title_style":"","ocean_post_title_background_color":"","ocean_post_title_background":0,"ocean_post_title_bg_image_position":"","ocean_post_title_bg_image_attachment":"","ocean_post_title_bg_image_repeat":"","ocean_post_title_bg_image_size":"","ocean_post_title_height":0,"ocean_post_title_bg_overlay":0.5,"ocean_post_title_bg_overlay_color":"","ocean_disable_breadcrumbs":"default","ocean_breadcrumbs_color":"","ocean_breadcrumbs_separator_color":"","ocean_breadcrumbs_links_color":"","ocean_breadcrumbs_links_hover_color":"","ocean_display_footer_widgets":"default","ocean_display_footer_bottom":"default","ocean_custom_footer_template":"0","ocean_post_oembed":"","ocean_post_self_hosted_media":"","ocean_post_video_embed":"","ocean_link_format":"","ocean_link_format_target":"self","ocean_quote_format":"","ocean_quote_format_link":"post","ocean_gallery_link_images":"off","ocean_gallery_id":[],"footnotes":""},"categories":[1],"tags":[],"post_folder":[],"class_list":["post-1766","post","type-post","status-publish","format-standard","has-post-thumbnail","hentry","category-non-classe","entry","has-media"],"yoast_head":"<!-- This site is optimized with the Yoast SEO plugin v27.4 - https:\/\/yoast.com\/product\/yoast-seo-wordpress\/ -->\n<title>Boycott des examens - CENTRE-VAL DE LOIRE<\/title>\n<meta name=\"robots\" content=\"index, follow, max-snippet:-1, max-image-preview:large, max-video-preview:-1\" \/>\n<link rel=\"canonical\" href=\"https:\/\/regions-snetap-fsu.fr\/cvdl\/2021\/05\/22\/boycott-des-examens\/\" \/>\n<meta property=\"og:locale\" content=\"fr_FR\" \/>\n<meta property=\"og:type\" content=\"article\" \/>\n<meta property=\"og:title\" content=\"Boycott des examens - CENTRE-VAL DE LOIRE\" \/>\n<meta property=\"og:description\" content=\"Face au d\u00e9ni de r\u00e9alit\u00e9 du gouvernement et de notre ministre en particulier qui\u00a0persistent \u00e0 nier\u00a0les conditions dans lesquelles cette ann\u00e9e scolaire s\u2019est d\u00e9roul\u00e9e\u00a0avec des progressions p\u00e9dagogiques boulevers\u00e9es par une alternance distanciel &#8211; pr\u00e9sentiel\u00a0parfois\u00a0depuis octobre 2020, avec des fermetures\u00a0chroniques\u00a0de classes voire d\u2019\u00e9tablissements\u00a0; Face au refus d\u2019anticiper cette situation en am\u00e9nageant les programmes et les \u00e9preuves [&hellip;]\" \/>\n<meta property=\"og:url\" content=\"https:\/\/regions-snetap-fsu.fr\/cvdl\/2021\/05\/22\/boycott-des-examens\/\" \/>\n<meta property=\"og:site_name\" content=\"CENTRE-VAL DE LOIRE\" \/>\n<meta property=\"article:published_time\" content=\"2021-05-22T14:22:05+00:00\" \/>\n<meta property=\"article:modified_time\" content=\"2021-05-22T14:24:26+00:00\" \/>\n<meta property=\"og:image\" content=\"https:\/\/regions-snetap-fsu.fr\/cvdl\/wp-content\/uploads\/sites\/10\/2021\/05\/boycott.png\" \/>\n\t<meta property=\"og:image:width\" content=\"862\" \/>\n\t<meta property=\"og:image:height\" content=\"360\" \/>\n\t<meta property=\"og:image:type\" content=\"image\/png\" \/>\n<meta name=\"author\" content=\"amasson\" \/>\n<meta name=\"twitter:card\" content=\"summary_large_image\" \/>\n<meta name=\"twitter:label1\" content=\"\u00c9crit par\" \/>\n\t<meta name=\"twitter:data1\" content=\"amasson\" \/>\n\t<meta name=\"twitter:label2\" content=\"Dur\u00e9e de lecture estim\u00e9e\" \/>\n\t<meta name=\"twitter:data2\" content=\"1 minute\" \/>\n<script type=\"application\/ld+json\" class=\"yoast-schema-graph\">{\"@context\":\"https:\\\/\\\/schema.org\",\"@graph\":[{\"@type\":\"Article\",\"@id\":\"https:\\\/\\\/regions-snetap-fsu.fr\\\/cvdl\\\/2021\\\/05\\\/22\\\/boycott-des-examens\\\/#article\",\"isPartOf\":{\"@id\":\"https:\\\/\\\/regions-snetap-fsu.fr\\\/cvdl\\\/2021\\\/05\\\/22\\\/boycott-des-examens\\\/\"},\"author\":{\"name\":\"amasson\",\"@id\":\"https:\\\/\\\/regions-snetap-fsu.fr\\\/cvdl\\\/#\\\/schema\\\/person\\\/4bf7bfcfd5483dec77bc7a3532f5b895\"},\"headline\":\"Boycott des examens\",\"datePublished\":\"2021-05-22T14:22:05+00:00\",\"dateModified\":\"2021-05-22T14:24:26+00:00\",\"mainEntityOfPage\":{\"@id\":\"https:\\\/\\\/regions-snetap-fsu.fr\\\/cvdl\\\/2021\\\/05\\\/22\\\/boycott-des-examens\\\/\"},\"wordCount\":302,\"publisher\":{\"@id\":\"https:\\\/\\\/regions-snetap-fsu.fr\\\/cvdl\\\/#organization\"},\"image\":{\"@id\":\"https:\\\/\\\/regions-snetap-fsu.fr\\\/cvdl\\\/2021\\\/05\\\/22\\\/boycott-des-examens\\\/#primaryimage\"},\"thumbnailUrl\":\"https:\\\/\\\/regions-snetap-fsu.fr\\\/cvdl\\\/wp-content\\\/uploads\\\/sites\\\/10\\\/2021\\\/05\\\/boycott.png\",\"inLanguage\":\"fr-FR\"},{\"@type\":\"WebPage\",\"@id\":\"https:\\\/\\\/regions-snetap-fsu.fr\\\/cvdl\\\/2021\\\/05\\\/22\\\/boycott-des-examens\\\/\",\"url\":\"https:\\\/\\\/regions-snetap-fsu.fr\\\/cvdl\\\/2021\\\/05\\\/22\\\/boycott-des-examens\\\/\",\"name\":\"Boycott des examens - CENTRE-VAL DE LOIRE\",\"isPartOf\":{\"@id\":\"https:\\\/\\\/regions-snetap-fsu.fr\\\/cvdl\\\/#website\"},\"primaryImageOfPage\":{\"@id\":\"https:\\\/\\\/regions-snetap-fsu.fr\\\/cvdl\\\/2021\\\/05\\\/22\\\/boycott-des-examens\\\/#primaryimage\"},\"image\":{\"@id\":\"https:\\\/\\\/regions-snetap-fsu.fr\\\/cvdl\\\/2021\\\/05\\\/22\\\/boycott-des-examens\\\/#primaryimage\"},\"thumbnailUrl\":\"https:\\\/\\\/regions-snetap-fsu.fr\\\/cvdl\\\/wp-content\\\/uploads\\\/sites\\\/10\\\/2021\\\/05\\\/boycott.png\",\"datePublished\":\"2021-05-22T14:22:05+00:00\",\"dateModified\":\"2021-05-22T14:24:26+00:00\",\"breadcrumb\":{\"@id\":\"https:\\\/\\\/regions-snetap-fsu.fr\\\/cvdl\\\/2021\\\/05\\\/22\\\/boycott-des-examens\\\/#breadcrumb\"},\"inLanguage\":\"fr-FR\",\"potentialAction\":[{\"@type\":\"ReadAction\",\"target\":[\"https:\\\/\\\/regions-snetap-fsu.fr\\\/cvdl\\\/2021\\\/05\\\/22\\\/boycott-des-examens\\\/\"]}]},{\"@type\":\"ImageObject\",\"inLanguage\":\"fr-FR\",\"@id\":\"https:\\\/\\\/regions-snetap-fsu.fr\\\/cvdl\\\/2021\\\/05\\\/22\\\/boycott-des-examens\\\/#primaryimage\",\"url\":\"https:\\\/\\\/regions-snetap-fsu.fr\\\/cvdl\\\/wp-content\\\/uploads\\\/sites\\\/10\\\/2021\\\/05\\\/boycott.png\",\"contentUrl\":\"https:\\\/\\\/regions-snetap-fsu.fr\\\/cvdl\\\/wp-content\\\/uploads\\\/sites\\\/10\\\/2021\\\/05\\\/boycott.png\",\"width\":862,\"height\":360},{\"@type\":\"BreadcrumbList\",\"@id\":\"https:\\\/\\\/regions-snetap-fsu.fr\\\/cvdl\\\/2021\\\/05\\\/22\\\/boycott-des-examens\\\/#breadcrumb\",\"itemListElement\":[{\"@type\":\"ListItem\",\"position\":1,\"name\":\"Accueil\",\"item\":\"https:\\\/\\\/regions-snetap-fsu.fr\\\/cvdl\\\/\"},{\"@type\":\"ListItem\",\"position\":2,\"name\":\"Boycott des examens\"}]},{\"@type\":\"WebSite\",\"@id\":\"https:\\\/\\\/regions-snetap-fsu.fr\\\/cvdl\\\/#website\",\"url\":\"https:\\\/\\\/regions-snetap-fsu.fr\\\/cvdl\\\/\",\"name\":\"SNETAP-FSU - CENTRE-VAL DE LOIRE\",\"description\":\"Le blog de la Section R\u00e9gionale\",\"publisher\":{\"@id\":\"https:\\\/\\\/regions-snetap-fsu.fr\\\/cvdl\\\/#organization\"},\"potentialAction\":[{\"@type\":\"SearchAction\",\"target\":{\"@type\":\"EntryPoint\",\"urlTemplate\":\"https:\\\/\\\/regions-snetap-fsu.fr\\\/cvdl\\\/?s={search_term_string}\"},\"query-input\":{\"@type\":\"PropertyValueSpecification\",\"valueRequired\":true,\"valueName\":\"search_term_string\"}}],\"inLanguage\":\"fr-FR\"},{\"@type\":\"Organization\",\"@id\":\"https:\\\/\\\/regions-snetap-fsu.fr\\\/cvdl\\\/#organization\",\"name\":\"SNETAP-FSU - Centre Val de Loire\",\"url\":\"https:\\\/\\\/regions-snetap-fsu.fr\\\/cvdl\\\/\",\"logo\":{\"@type\":\"ImageObject\",\"inLanguage\":\"fr-FR\",\"@id\":\"https:\\\/\\\/regions-snetap-fsu.fr\\\/cvdl\\\/#\\\/schema\\\/logo\\\/image\\\/\",\"url\":\"https:\\\/\\\/regions-snetap-fsu.fr\\\/cvdl\\\/wp-content\\\/uploads\\\/sites\\\/10\\\/2020\\\/09\\\/logo-SNETAP.png\",\"contentUrl\":\"https:\\\/\\\/regions-snetap-fsu.fr\\\/cvdl\\\/wp-content\\\/uploads\\\/sites\\\/10\\\/2020\\\/09\\\/logo-SNETAP.png\",\"width\":380,\"height\":290,\"caption\":\"SNETAP-FSU - Centre Val de Loire\"},\"image\":{\"@id\":\"https:\\\/\\\/regions-snetap-fsu.fr\\\/cvdl\\\/#\\\/schema\\\/logo\\\/image\\\/\"}},{\"@type\":\"Person\",\"@id\":\"https:\\\/\\\/regions-snetap-fsu.fr\\\/cvdl\\\/#\\\/schema\\\/person\\\/4bf7bfcfd5483dec77bc7a3532f5b895\",\"name\":\"amasson\",\"image\":{\"@type\":\"ImageObject\",\"inLanguage\":\"fr-FR\",\"@id\":\"https:\\\/\\\/secure.gravatar.com\\\/avatar\\\/603812a842658d69c5a357f4b2beb470231ad8ab03d31d1af5a8e107f8d945f2?s=96&d=mm&r=g\",\"url\":\"https:\\\/\\\/secure.gravatar.com\\\/avatar\\\/603812a842658d69c5a357f4b2beb470231ad8ab03d31d1af5a8e107f8d945f2?s=96&d=mm&r=g\",\"contentUrl\":\"https:\\\/\\\/secure.gravatar.com\\\/avatar\\\/603812a842658d69c5a357f4b2beb470231ad8ab03d31d1af5a8e107f8d945f2?s=96&d=mm&r=g\",\"caption\":\"amasson\"},\"url\":\"https:\\\/\\\/regions-snetap-fsu.fr\\\/cvdl\\\/author\\\/amasson\\\/\"}]}<\/script>\n<!-- \/ Yoast SEO plugin. -->","yoast_head_json":{"title":"Boycott des examens - CENTRE-VAL DE LOIRE","robots":{"index":"index","follow":"follow","max-snippet":"max-snippet:-1","max-image-preview":"max-image-preview:large","max-video-preview":"max-video-preview:-1"},"canonical":"https:\/\/regions-snetap-fsu.fr\/cvdl\/2021\/05\/22\/boycott-des-examens\/","og_locale":"fr_FR","og_type":"article","og_title":"Boycott des examens - CENTRE-VAL DE LOIRE","og_description":"Face au d\u00e9ni de r\u00e9alit\u00e9 du gouvernement et de notre ministre en particulier qui\u00a0persistent \u00e0 nier\u00a0les conditions dans lesquelles cette ann\u00e9e scolaire s\u2019est d\u00e9roul\u00e9e\u00a0avec des progressions p\u00e9dagogiques boulevers\u00e9es par une alternance distanciel &#8211; pr\u00e9sentiel\u00a0parfois\u00a0depuis octobre 2020, avec des fermetures\u00a0chroniques\u00a0de classes voire d\u2019\u00e9tablissements\u00a0; Face au refus d\u2019anticiper cette situation en am\u00e9nageant les programmes et les \u00e9preuves [&hellip;]","og_url":"https:\/\/regions-snetap-fsu.fr\/cvdl\/2021\/05\/22\/boycott-des-examens\/","og_site_name":"CENTRE-VAL DE LOIRE","article_published_time":"2021-05-22T14:22:05+00:00","article_modified_time":"2021-05-22T14:24:26+00:00","og_image":[{"width":862,"height":360,"url":"https:\/\/regions-snetap-fsu.fr\/cvdl\/wp-content\/uploads\/sites\/10\/2021\/05\/boycott.png","type":"image\/png"}],"author":"amasson","twitter_card":"summary_large_image","twitter_misc":{"\u00c9crit par":"amasson","Dur\u00e9e de lecture estim\u00e9e":"1 minute"},"schema":{"@context":"https:\/\/schema.org","@graph":[{"@type":"Article","@id":"https:\/\/regions-snetap-fsu.fr\/cvdl\/2021\/05\/22\/boycott-des-examens\/#article","isPartOf":{"@id":"https:\/\/regions-snetap-fsu.fr\/cvdl\/2021\/05\/22\/boycott-des-examens\/"},"author":{"name":"amasson","@id":"https:\/\/regions-snetap-fsu.fr\/cvdl\/#\/schema\/person\/4bf7bfcfd5483dec77bc7a3532f5b895"},"headline":"Boycott des examens","datePublished":"2021-05-22T14:22:05+00:00","dateModified":"2021-05-22T14:24:26+00:00","mainEntityOfPage":{"@id":"https:\/\/regions-snetap-fsu.fr\/cvdl\/2021\/05\/22\/boycott-des-examens\/"},"wordCount":302,"publisher":{"@id":"https:\/\/regions-snetap-fsu.fr\/cvdl\/#organization"},"image":{"@id":"https:\/\/regions-snetap-fsu.fr\/cvdl\/2021\/05\/22\/boycott-des-examens\/#primaryimage"},"thumbnailUrl":"https:\/\/regions-snetap-fsu.fr\/cvdl\/wp-content\/uploads\/sites\/10\/2021\/05\/boycott.png","inLanguage":"fr-FR"},{"@type":"WebPage","@id":"https:\/\/regions-snetap-fsu.fr\/cvdl\/2021\/05\/22\/boycott-des-examens\/","url":"https:\/\/regions-snetap-fsu.fr\/cvdl\/2021\/05\/22\/boycott-des-examens\/","name":"Boycott des examens - CENTRE-VAL DE LOIRE","isPartOf":{"@id":"https:\/\/regions-snetap-fsu.fr\/cvdl\/#website"},"primaryImageOfPage":{"@id":"https:\/\/regions-snetap-fsu.fr\/cvdl\/2021\/05\/22\/boycott-des-examens\/#primaryimage"},"image":{"@id":"https:\/\/regions-snetap-fsu.fr\/cvdl\/2021\/05\/22\/boycott-des-examens\/#primaryimage"},"thumbnailUrl":"https:\/\/regions-snetap-fsu.fr\/cvdl\/wp-content\/uploads\/sites\/10\/2021\/05\/boycott.png","datePublished":"2021-05-22T14:22:05+00:00","dateModified":"2021-05-22T14:24:26+00:00","breadcrumb":{"@id":"https:\/\/regions-snetap-fsu.fr\/cvdl\/2021\/05\/22\/boycott-des-examens\/#breadcrumb"},"inLanguage":"fr-FR","potentialAction":[{"@type":"ReadAction","target":["https:\/\/regions-snetap-fsu.fr\/cvdl\/2021\/05\/22\/boycott-des-examens\/"]}]},{"@type":"ImageObject","inLanguage":"fr-FR","@id":"https:\/\/regions-snetap-fsu.fr\/cvdl\/2021\/05\/22\/boycott-des-examens\/#primaryimage","url":"https:\/\/regions-snetap-fsu.fr\/cvdl\/wp-content\/uploads\/sites\/10\/2021\/05\/boycott.png","contentUrl":"https:\/\/regions-snetap-fsu.fr\/cvdl\/wp-content\/uploads\/sites\/10\/2021\/05\/boycott.png","width":862,"height":360},{"@type":"BreadcrumbList","@id":"https:\/\/regions-snetap-fsu.fr\/cvdl\/2021\/05\/22\/boycott-des-examens\/#breadcrumb","itemListElement":[{"@type":"ListItem","position":1,"name":"Accueil","item":"https:\/\/regions-snetap-fsu.fr\/cvdl\/"},{"@type":"ListItem","position":2,"name":"Boycott des examens"}]},{"@type":"WebSite","@id":"https:\/\/regions-snetap-fsu.fr\/cvdl\/#website","url":"https:\/\/regions-snetap-fsu.fr\/cvdl\/","name":"SNETAP-FSU - CENTRE-VAL DE LOIRE","description":"Le blog de la Section R\u00e9gionale","publisher":{"@id":"https:\/\/regions-snetap-fsu.fr\/cvdl\/#organization"},"potentialAction":[{"@type":"SearchAction","target":{"@type":"EntryPoint","urlTemplate":"https:\/\/regions-snetap-fsu.fr\/cvdl\/?s={search_term_string}"},"query-input":{"@type":"PropertyValueSpecification","valueRequired":true,"valueName":"search_term_string"}}],"inLanguage":"fr-FR"},{"@type":"Organization","@id":"https:\/\/regions-snetap-fsu.fr\/cvdl\/#organization","name":"SNETAP-FSU - Centre Val de Loire","url":"https:\/\/regions-snetap-fsu.fr\/cvdl\/","logo":{"@type":"ImageObject","inLanguage":"fr-FR","@id":"https:\/\/regions-snetap-fsu.fr\/cvdl\/#\/schema\/logo\/image\/","url":"https:\/\/regions-snetap-fsu.fr\/cvdl\/wp-content\/uploads\/sites\/10\/2020\/09\/logo-SNETAP.png","contentUrl":"https:\/\/regions-snetap-fsu.fr\/cvdl\/wp-content\/uploads\/sites\/10\/2020\/09\/logo-SNETAP.png","width":380,"height":290,"caption":"SNETAP-FSU - Centre Val de Loire"},"image":{"@id":"https:\/\/regions-snetap-fsu.fr\/cvdl\/#\/schema\/logo\/image\/"}},{"@type":"Person","@id":"https:\/\/regions-snetap-fsu.fr\/cvdl\/#\/schema\/person\/4bf7bfcfd5483dec77bc7a3532f5b895","name":"amasson","image":{"@type":"ImageObject","inLanguage":"fr-FR","@id":"https:\/\/secure.gravatar.com\/avatar\/603812a842658d69c5a357f4b2beb470231ad8ab03d31d1af5a8e107f8d945f2?s=96&d=mm&r=g","url":"https:\/\/secure.gravatar.com\/avatar\/603812a842658d69c5a357f4b2beb470231ad8ab03d31d1af5a8e107f8d945f2?s=96&d=mm&r=g","contentUrl":"https:\/\/secure.gravatar.com\/avatar\/603812a842658d69c5a357f4b2beb470231ad8ab03d31d1af5a8e107f8d945f2?s=96&d=mm&r=g","caption":"amasson"},"url":"https:\/\/regions-snetap-fsu.fr\/cvdl\/author\/amasson\/"}]}},"_links":{"self":[{"href":"https:\/\/regions-snetap-fsu.fr\/cvdl\/wp-json\/wp\/v2\/posts\/1766","targetHints":{"allow":["GET"]}}],"collection":[{"href":"https:\/\/regions-snetap-fsu.fr\/cvdl\/wp-json\/wp\/v2\/posts"}],"about":[{"href":"https:\/\/regions-snetap-fsu.fr\/cvdl\/wp-json\/wp\/v2\/types\/post"}],"author":[{"embeddable":true,"href":"https:\/\/regions-snetap-fsu.fr\/cvdl\/wp-json\/wp\/v2\/users\/129"}],"replies":[{"embeddable":true,"href":"https:\/\/regions-snetap-fsu.fr\/cvdl\/wp-json\/wp\/v2\/comments?post=1766"}],"version-history":[{"count":4,"href":"https:\/\/regions-snetap-fsu.fr\/cvdl\/wp-json\/wp\/v2\/posts\/1766\/revisions"}],"predecessor-version":[{"id":1770,"href":"https:\/\/regions-snetap-fsu.fr\/cvdl\/wp-json\/wp\/v2\/posts\/1766\/revisions\/1770"}],"wp:featuredmedia":[{"embeddable":true,"href":"https:\/\/regions-snetap-fsu.fr\/cvdl\/wp-json\/wp\/v2\/media\/1765"}],"wp:attachment":[{"href":"https:\/\/regions-snetap-fsu.fr\/cvdl\/wp-json\/wp\/v2\/media?parent=1766"}],"wp:term":[{"taxonomy":"category","embeddable":true,"href":"https:\/\/regions-snetap-fsu.fr\/cvdl\/wp-json\/wp\/v2\/categories?post=1766"},{"taxonomy":"post_tag","embeddable":true,"href":"https:\/\/regions-snetap-fsu.fr\/cvdl\/wp-json\/wp\/v2\/tags?post=1766"},{"taxonomy":"post_folder","embeddable":true,"href":"https:\/\/regions-snetap-fsu.fr\/cvdl\/wp-json\/wp\/v2\/post_folder?post=1766"}],"curies":[{"name":"wp","href":"https:\/\/api.w.org\/{rel}","templated":true}]}}