{"id":1564,"date":"2020-11-28T22:28:52","date_gmt":"2020-11-28T21:28:52","guid":{"rendered":"https:\/\/regions-snetap-fsu.fr\/cvdl\/?p=1564"},"modified":"2020-11-29T13:40:34","modified_gmt":"2020-11-29T12:40:34","slug":"blanquer-avenir-lyceen-orleans-tours","status":"publish","type":"post","link":"https:\/\/regions-snetap-fsu.fr\/cvdl\/2020\/11\/28\/blanquer-avenir-lyceen-orleans-tours\/","title":{"rendered":"Blanquer &#8211; Avenir lyc\u00e9en \u2013 Orl\u00e9ans Tours\u2026"},"content":{"rendered":"<p><span style=\"font-family: arial, helvetica, sans-serif\">L\u2019acad\u00e9mie d\u2019Orl\u00e9ans-Tours serait impliqu\u00e9e dans le scandale du syndicat Avenir Lyc\u00e9en (syndicat mont\u00e9 de toute pi\u00e8ce, sous influence pour ne pas dire pilot\u00e9 de la rue de Grenelle, d\u00e9l\u00e9gu\u00e9.es lyc\u00e9en.nes instrumentalis\u00e9.es dans leur communication en pleine mobilisation contre la r\u00e9forme du lyc\u00e9e&#8230;). De plus, l&rsquo;acad\u00e9mie ne r\u00e9pond ni aux questions pos\u00e9es par la presse et le SNES-FSU. <\/span><span style=\"font-family: arial, helvetica, sans-serif\">Les r\u00e9v\u00e9lations de M\u00e9diapart et Lib\u00e9ration seraient-elles donc g\u00eanantes \u00e0 ce point\u00a0?<\/span><\/p>\n<p><span style=\"font-family: arial, helvetica, sans-serif\">Ce lien renvoie au site du SNES qui donne la possibilit\u00e9 d&rsquo;acc\u00e9der aux organes de presse qui ont r\u00e9v\u00e9l\u00e9e l\u2019affaire tant sur le plan national que sur le plan r\u00e9gional : <a href=\"http:\/\/orleans.snes.edu\/BlanquerGate-communique-de-presse.html\" target=\"_blank\" rel=\"noopener noreferrer\">http:\/\/orleans.snes.edu\/BlanquerGate-communique-de-presse.html<\/a><br \/>\n<\/span><\/p>\n<p><span style=\"font-family: arial, helvetica, sans-serif\">En cliqhant <a href=\"https:\/\/regions-snetap-fsu.fr\/cvdl\/wp-content\/uploads\/sites\/10\/2020\/11\/communique_du_snes-fsu_ot_blanquergate_sortir_du_silence_24_11.pdf\" target=\"_blank\" rel=\"noopener noreferrer\">\u00ab\u00a0ici\u00a0\u00bb<\/a> vous aurez le communiqu\u00e9 du SNES-FSU.<\/span><\/p>\n","protected":false},"excerpt":{"rendered":"<p>L\u2019acad\u00e9mie d\u2019Orl\u00e9ans-Tours serait impliqu\u00e9e dans le scandale du syndicat Avenir Lyc\u00e9en (syndicat mont\u00e9 de toute pi\u00e8ce, sous influence pour ne pas dire pilot\u00e9 de la rue de Grenelle, d\u00e9l\u00e9gu\u00e9.es lyc\u00e9en.nes instrumentalis\u00e9.es dans leur communication en pleine mobilisation contre la r\u00e9forme du lyc\u00e9e&#8230;). De plus, l&rsquo;acad\u00e9mie ne r\u00e9pond ni aux questions pos\u00e9es par la presse et [&hellip;]<\/p>\n","protected":false},"author":129,"featured_media":0,"comment_status":"closed","ping_status":"closed","sticky":false,"template":"","format":"standard","meta":{"ocean_post_layout":"","ocean_both_sidebars_style":"","ocean_both_sidebars_content_width":0,"ocean_both_sidebars_sidebars_width":0,"ocean_sidebar":"0","ocean_second_sidebar":"0","ocean_disable_margins":"enable","ocean_add_body_class":"","ocean_shortcode_before_top_bar":"","ocean_shortcode_after_top_bar":"","ocean_shortcode_before_header":"","ocean_shortcode_after_header":"","ocean_has_shortcode":"","ocean_shortcode_after_title":"","ocean_shortcode_before_footer_widgets":"","ocean_shortcode_after_footer_widgets":"","ocean_shortcode_before_footer_bottom":"","ocean_shortcode_after_footer_bottom":"","ocean_display_top_bar":"default","ocean_display_header":"default","ocean_header_style":"","ocean_center_header_left_menu":"0","ocean_custom_header_template":"0","ocean_custom_logo":0,"ocean_custom_retina_logo":0,"ocean_custom_logo_max_width":0,"ocean_custom_logo_tablet_max_width":0,"ocean_custom_logo_mobile_max_width":0,"ocean_custom_logo_max_height":0,"ocean_custom_logo_tablet_max_height":0,"ocean_custom_logo_mobile_max_height":0,"ocean_header_custom_menu":"0","ocean_menu_typo_font_family":"0","ocean_menu_typo_font_subset":"","ocean_menu_typo_font_size":0,"ocean_menu_typo_font_size_tablet":0,"ocean_menu_typo_font_size_mobile":0,"ocean_menu_typo_font_size_unit":"px","ocean_menu_typo_font_weight":"","ocean_menu_typo_font_weight_tablet":"","ocean_menu_typo_font_weight_mobile":"","ocean_menu_typo_transform":"","ocean_menu_typo_transform_tablet":"","ocean_menu_typo_transform_mobile":"","ocean_menu_typo_line_height":0,"ocean_menu_typo_line_height_tablet":0,"ocean_menu_typo_line_height_mobile":0,"ocean_menu_typo_line_height_unit":"","ocean_menu_typo_spacing":0,"ocean_menu_typo_spacing_tablet":0,"ocean_menu_typo_spacing_mobile":0,"ocean_menu_typo_spacing_unit":"","ocean_menu_link_color":"","ocean_menu_link_color_hover":"","ocean_menu_link_color_active":"","ocean_menu_link_background":"","ocean_menu_link_hover_background":"","ocean_menu_link_active_background":"","ocean_menu_social_links_bg":"","ocean_menu_social_hover_links_bg":"","ocean_menu_social_links_color":"","ocean_menu_social_hover_links_color":"","ocean_disable_title":"default","ocean_disable_heading":"default","ocean_post_title":"","ocean_post_subheading":"","ocean_post_title_style":"","ocean_post_title_background_color":"","ocean_post_title_background":0,"ocean_post_title_bg_image_position":"","ocean_post_title_bg_image_attachment":"","ocean_post_title_bg_image_repeat":"","ocean_post_title_bg_image_size":"","ocean_post_title_height":0,"ocean_post_title_bg_overlay":0.5,"ocean_post_title_bg_overlay_color":"","ocean_disable_breadcrumbs":"default","ocean_breadcrumbs_color":"","ocean_breadcrumbs_separator_color":"","ocean_breadcrumbs_links_color":"","ocean_breadcrumbs_links_hover_color":"","ocean_display_footer_widgets":"default","ocean_display_footer_bottom":"default","ocean_custom_footer_template":"0","ocean_post_oembed":"","ocean_post_self_hosted_media":"","ocean_post_video_embed":"","ocean_link_format":"","ocean_link_format_target":"self","ocean_quote_format":"","ocean_quote_format_link":"post","ocean_gallery_link_images":"off","ocean_gallery_id":[],"footnotes":""},"categories":[1],"tags":[],"post_folder":[],"class_list":["post-1564","post","type-post","status-publish","format-standard","hentry","category-non-classe","entry"],"yoast_head":"<!-- This site is optimized with the Yoast SEO plugin v27.4 - https:\/\/yoast.com\/product\/yoast-seo-wordpress\/ -->\n<title>Blanquer - Avenir lyc\u00e9en \u2013 Orl\u00e9ans Tours\u2026 - CENTRE-VAL DE LOIRE<\/title>\n<meta name=\"robots\" content=\"index, follow, max-snippet:-1, max-image-preview:large, max-video-preview:-1\" \/>\n<link rel=\"canonical\" href=\"https:\/\/regions-snetap-fsu.fr\/cvdl\/2020\/11\/28\/blanquer-avenir-lyceen-orleans-tours\/\" \/>\n<meta property=\"og:locale\" content=\"fr_FR\" \/>\n<meta property=\"og:type\" content=\"article\" \/>\n<meta property=\"og:title\" content=\"Blanquer - Avenir lyc\u00e9en \u2013 Orl\u00e9ans Tours\u2026 - CENTRE-VAL DE LOIRE\" \/>\n<meta property=\"og:description\" content=\"L\u2019acad\u00e9mie d\u2019Orl\u00e9ans-Tours serait impliqu\u00e9e dans le scandale du syndicat Avenir Lyc\u00e9en (syndicat mont\u00e9 de toute pi\u00e8ce, sous influence pour ne pas dire pilot\u00e9 de la rue de Grenelle, d\u00e9l\u00e9gu\u00e9.es lyc\u00e9en.nes instrumentalis\u00e9.es dans leur communication en pleine mobilisation contre la r\u00e9forme du lyc\u00e9e&#8230;). De plus, l&rsquo;acad\u00e9mie ne r\u00e9pond ni aux questions pos\u00e9es par la presse et [&hellip;]\" \/>\n<meta property=\"og:url\" content=\"https:\/\/regions-snetap-fsu.fr\/cvdl\/2020\/11\/28\/blanquer-avenir-lyceen-orleans-tours\/\" \/>\n<meta property=\"og:site_name\" content=\"CENTRE-VAL DE LOIRE\" \/>\n<meta property=\"article:published_time\" content=\"2020-11-28T21:28:52+00:00\" \/>\n<meta property=\"article:modified_time\" content=\"2020-11-29T12:40:34+00:00\" \/>\n<meta property=\"og:image\" content=\"https:\/\/regions-snetap-fsu.fr\/cvdl\/wp-content\/uploads\/sites\/10\/2020\/11\/libe-mediapart.jpg\" \/>\n\t<meta property=\"og:image:width\" content=\"435\" \/>\n\t<meta property=\"og:image:height\" content=\"200\" \/>\n\t<meta property=\"og:image:type\" content=\"image\/jpeg\" \/>\n<meta name=\"author\" content=\"amasson\" \/>\n<meta name=\"twitter:card\" content=\"summary_large_image\" \/>\n<meta name=\"twitter:label1\" content=\"\u00c9crit par\" \/>\n\t<meta name=\"twitter:data1\" content=\"amasson\" \/>\n\t<meta name=\"twitter:label2\" content=\"Dur\u00e9e de lecture estim\u00e9e\" \/>\n\t<meta name=\"twitter:data2\" content=\"1 minute\" \/>\n<script type=\"application\/ld+json\" class=\"yoast-schema-graph\">{\"@context\":\"https:\\\/\\\/schema.org\",\"@graph\":[{\"@type\":\"Article\",\"@id\":\"https:\\\/\\\/regions-snetap-fsu.fr\\\/cvdl\\\/2020\\\/11\\\/28\\\/blanquer-avenir-lyceen-orleans-tours\\\/#article\",\"isPartOf\":{\"@id\":\"https:\\\/\\\/regions-snetap-fsu.fr\\\/cvdl\\\/2020\\\/11\\\/28\\\/blanquer-avenir-lyceen-orleans-tours\\\/\"},\"author\":{\"name\":\"amasson\",\"@id\":\"https:\\\/\\\/regions-snetap-fsu.fr\\\/cvdl\\\/#\\\/schema\\\/person\\\/4bf7bfcfd5483dec77bc7a3532f5b895\"},\"headline\":\"Blanquer &#8211; Avenir lyc\u00e9en \u2013 Orl\u00e9ans Tours\u2026\",\"datePublished\":\"2020-11-28T21:28:52+00:00\",\"dateModified\":\"2020-11-29T12:40:34+00:00\",\"mainEntityOfPage\":{\"@id\":\"https:\\\/\\\/regions-snetap-fsu.fr\\\/cvdl\\\/2020\\\/11\\\/28\\\/blanquer-avenir-lyceen-orleans-tours\\\/\"},\"wordCount\":152,\"publisher\":{\"@id\":\"https:\\\/\\\/regions-snetap-fsu.fr\\\/cvdl\\\/#organization\"},\"inLanguage\":\"fr-FR\"},{\"@type\":\"WebPage\",\"@id\":\"https:\\\/\\\/regions-snetap-fsu.fr\\\/cvdl\\\/2020\\\/11\\\/28\\\/blanquer-avenir-lyceen-orleans-tours\\\/\",\"url\":\"https:\\\/\\\/regions-snetap-fsu.fr\\\/cvdl\\\/2020\\\/11\\\/28\\\/blanquer-avenir-lyceen-orleans-tours\\\/\",\"name\":\"Blanquer - Avenir lyc\u00e9en \u2013 Orl\u00e9ans Tours\u2026 - CENTRE-VAL DE LOIRE\",\"isPartOf\":{\"@id\":\"https:\\\/\\\/regions-snetap-fsu.fr\\\/cvdl\\\/#website\"},\"datePublished\":\"2020-11-28T21:28:52+00:00\",\"dateModified\":\"2020-11-29T12:40:34+00:00\",\"breadcrumb\":{\"@id\":\"https:\\\/\\\/regions-snetap-fsu.fr\\\/cvdl\\\/2020\\\/11\\\/28\\\/blanquer-avenir-lyceen-orleans-tours\\\/#breadcrumb\"},\"inLanguage\":\"fr-FR\",\"potentialAction\":[{\"@type\":\"ReadAction\",\"target\":[\"https:\\\/\\\/regions-snetap-fsu.fr\\\/cvdl\\\/2020\\\/11\\\/28\\\/blanquer-avenir-lyceen-orleans-tours\\\/\"]}]},{\"@type\":\"BreadcrumbList\",\"@id\":\"https:\\\/\\\/regions-snetap-fsu.fr\\\/cvdl\\\/2020\\\/11\\\/28\\\/blanquer-avenir-lyceen-orleans-tours\\\/#breadcrumb\",\"itemListElement\":[{\"@type\":\"ListItem\",\"position\":1,\"name\":\"Accueil\",\"item\":\"https:\\\/\\\/regions-snetap-fsu.fr\\\/cvdl\\\/\"},{\"@type\":\"ListItem\",\"position\":2,\"name\":\"Blanquer &#8211; Avenir lyc\u00e9en \u2013 Orl\u00e9ans Tours\u2026\"}]},{\"@type\":\"WebSite\",\"@id\":\"https:\\\/\\\/regions-snetap-fsu.fr\\\/cvdl\\\/#website\",\"url\":\"https:\\\/\\\/regions-snetap-fsu.fr\\\/cvdl\\\/\",\"name\":\"SNETAP-FSU - CENTRE-VAL DE LOIRE\",\"description\":\"Le blog de la Section R\u00e9gionale\",\"publisher\":{\"@id\":\"https:\\\/\\\/regions-snetap-fsu.fr\\\/cvdl\\\/#organization\"},\"potentialAction\":[{\"@type\":\"SearchAction\",\"target\":{\"@type\":\"EntryPoint\",\"urlTemplate\":\"https:\\\/\\\/regions-snetap-fsu.fr\\\/cvdl\\\/?s={search_term_string}\"},\"query-input\":{\"@type\":\"PropertyValueSpecification\",\"valueRequired\":true,\"valueName\":\"search_term_string\"}}],\"inLanguage\":\"fr-FR\"},{\"@type\":\"Organization\",\"@id\":\"https:\\\/\\\/regions-snetap-fsu.fr\\\/cvdl\\\/#organization\",\"name\":\"SNETAP-FSU - Centre Val de Loire\",\"url\":\"https:\\\/\\\/regions-snetap-fsu.fr\\\/cvdl\\\/\",\"logo\":{\"@type\":\"ImageObject\",\"inLanguage\":\"fr-FR\",\"@id\":\"https:\\\/\\\/regions-snetap-fsu.fr\\\/cvdl\\\/#\\\/schema\\\/logo\\\/image\\\/\",\"url\":\"https:\\\/\\\/regions-snetap-fsu.fr\\\/cvdl\\\/wp-content\\\/uploads\\\/sites\\\/10\\\/2020\\\/09\\\/logo-SNETAP.png\",\"contentUrl\":\"https:\\\/\\\/regions-snetap-fsu.fr\\\/cvdl\\\/wp-content\\\/uploads\\\/sites\\\/10\\\/2020\\\/09\\\/logo-SNETAP.png\",\"width\":380,\"height\":290,\"caption\":\"SNETAP-FSU - Centre Val de Loire\"},\"image\":{\"@id\":\"https:\\\/\\\/regions-snetap-fsu.fr\\\/cvdl\\\/#\\\/schema\\\/logo\\\/image\\\/\"}},{\"@type\":\"Person\",\"@id\":\"https:\\\/\\\/regions-snetap-fsu.fr\\\/cvdl\\\/#\\\/schema\\\/person\\\/4bf7bfcfd5483dec77bc7a3532f5b895\",\"name\":\"amasson\",\"image\":{\"@type\":\"ImageObject\",\"inLanguage\":\"fr-FR\",\"@id\":\"https:\\\/\\\/secure.gravatar.com\\\/avatar\\\/603812a842658d69c5a357f4b2beb470231ad8ab03d31d1af5a8e107f8d945f2?s=96&d=mm&r=g\",\"url\":\"https:\\\/\\\/secure.gravatar.com\\\/avatar\\\/603812a842658d69c5a357f4b2beb470231ad8ab03d31d1af5a8e107f8d945f2?s=96&d=mm&r=g\",\"contentUrl\":\"https:\\\/\\\/secure.gravatar.com\\\/avatar\\\/603812a842658d69c5a357f4b2beb470231ad8ab03d31d1af5a8e107f8d945f2?s=96&d=mm&r=g\",\"caption\":\"amasson\"},\"url\":\"https:\\\/\\\/regions-snetap-fsu.fr\\\/cvdl\\\/author\\\/amasson\\\/\"}]}<\/script>\n<!-- \/ Yoast SEO plugin. -->","yoast_head_json":{"title":"Blanquer - Avenir lyc\u00e9en \u2013 Orl\u00e9ans Tours\u2026 - CENTRE-VAL DE LOIRE","robots":{"index":"index","follow":"follow","max-snippet":"max-snippet:-1","max-image-preview":"max-image-preview:large","max-video-preview":"max-video-preview:-1"},"canonical":"https:\/\/regions-snetap-fsu.fr\/cvdl\/2020\/11\/28\/blanquer-avenir-lyceen-orleans-tours\/","og_locale":"fr_FR","og_type":"article","og_title":"Blanquer - Avenir lyc\u00e9en \u2013 Orl\u00e9ans Tours\u2026 - CENTRE-VAL DE LOIRE","og_description":"L\u2019acad\u00e9mie d\u2019Orl\u00e9ans-Tours serait impliqu\u00e9e dans le scandale du syndicat Avenir Lyc\u00e9en (syndicat mont\u00e9 de toute pi\u00e8ce, sous influence pour ne pas dire pilot\u00e9 de la rue de Grenelle, d\u00e9l\u00e9gu\u00e9.es lyc\u00e9en.nes instrumentalis\u00e9.es dans leur communication en pleine mobilisation contre la r\u00e9forme du lyc\u00e9e&#8230;). De plus, l&rsquo;acad\u00e9mie ne r\u00e9pond ni aux questions pos\u00e9es par la presse et [&hellip;]","og_url":"https:\/\/regions-snetap-fsu.fr\/cvdl\/2020\/11\/28\/blanquer-avenir-lyceen-orleans-tours\/","og_site_name":"CENTRE-VAL DE LOIRE","article_published_time":"2020-11-28T21:28:52+00:00","article_modified_time":"2020-11-29T12:40:34+00:00","og_image":[{"width":435,"height":200,"url":"https:\/\/regions-snetap-fsu.fr\/cvdl\/wp-content\/uploads\/sites\/10\/2020\/11\/libe-mediapart.jpg","type":"image\/jpeg"}],"author":"amasson","twitter_card":"summary_large_image","twitter_misc":{"\u00c9crit par":"amasson","Dur\u00e9e de lecture estim\u00e9e":"1 minute"},"schema":{"@context":"https:\/\/schema.org","@graph":[{"@type":"Article","@id":"https:\/\/regions-snetap-fsu.fr\/cvdl\/2020\/11\/28\/blanquer-avenir-lyceen-orleans-tours\/#article","isPartOf":{"@id":"https:\/\/regions-snetap-fsu.fr\/cvdl\/2020\/11\/28\/blanquer-avenir-lyceen-orleans-tours\/"},"author":{"name":"amasson","@id":"https:\/\/regions-snetap-fsu.fr\/cvdl\/#\/schema\/person\/4bf7bfcfd5483dec77bc7a3532f5b895"},"headline":"Blanquer &#8211; Avenir lyc\u00e9en \u2013 Orl\u00e9ans Tours\u2026","datePublished":"2020-11-28T21:28:52+00:00","dateModified":"2020-11-29T12:40:34+00:00","mainEntityOfPage":{"@id":"https:\/\/regions-snetap-fsu.fr\/cvdl\/2020\/11\/28\/blanquer-avenir-lyceen-orleans-tours\/"},"wordCount":152,"publisher":{"@id":"https:\/\/regions-snetap-fsu.fr\/cvdl\/#organization"},"inLanguage":"fr-FR"},{"@type":"WebPage","@id":"https:\/\/regions-snetap-fsu.fr\/cvdl\/2020\/11\/28\/blanquer-avenir-lyceen-orleans-tours\/","url":"https:\/\/regions-snetap-fsu.fr\/cvdl\/2020\/11\/28\/blanquer-avenir-lyceen-orleans-tours\/","name":"Blanquer - Avenir lyc\u00e9en \u2013 Orl\u00e9ans Tours\u2026 - CENTRE-VAL DE LOIRE","isPartOf":{"@id":"https:\/\/regions-snetap-fsu.fr\/cvdl\/#website"},"datePublished":"2020-11-28T21:28:52+00:00","dateModified":"2020-11-29T12:40:34+00:00","breadcrumb":{"@id":"https:\/\/regions-snetap-fsu.fr\/cvdl\/2020\/11\/28\/blanquer-avenir-lyceen-orleans-tours\/#breadcrumb"},"inLanguage":"fr-FR","potentialAction":[{"@type":"ReadAction","target":["https:\/\/regions-snetap-fsu.fr\/cvdl\/2020\/11\/28\/blanquer-avenir-lyceen-orleans-tours\/"]}]},{"@type":"BreadcrumbList","@id":"https:\/\/regions-snetap-fsu.fr\/cvdl\/2020\/11\/28\/blanquer-avenir-lyceen-orleans-tours\/#breadcrumb","itemListElement":[{"@type":"ListItem","position":1,"name":"Accueil","item":"https:\/\/regions-snetap-fsu.fr\/cvdl\/"},{"@type":"ListItem","position":2,"name":"Blanquer &#8211; Avenir lyc\u00e9en \u2013 Orl\u00e9ans Tours\u2026"}]},{"@type":"WebSite","@id":"https:\/\/regions-snetap-fsu.fr\/cvdl\/#website","url":"https:\/\/regions-snetap-fsu.fr\/cvdl\/","name":"SNETAP-FSU - CENTRE-VAL DE LOIRE","description":"Le blog de la Section R\u00e9gionale","publisher":{"@id":"https:\/\/regions-snetap-fsu.fr\/cvdl\/#organization"},"potentialAction":[{"@type":"SearchAction","target":{"@type":"EntryPoint","urlTemplate":"https:\/\/regions-snetap-fsu.fr\/cvdl\/?s={search_term_string}"},"query-input":{"@type":"PropertyValueSpecification","valueRequired":true,"valueName":"search_term_string"}}],"inLanguage":"fr-FR"},{"@type":"Organization","@id":"https:\/\/regions-snetap-fsu.fr\/cvdl\/#organization","name":"SNETAP-FSU - Centre Val de Loire","url":"https:\/\/regions-snetap-fsu.fr\/cvdl\/","logo":{"@type":"ImageObject","inLanguage":"fr-FR","@id":"https:\/\/regions-snetap-fsu.fr\/cvdl\/#\/schema\/logo\/image\/","url":"https:\/\/regions-snetap-fsu.fr\/cvdl\/wp-content\/uploads\/sites\/10\/2020\/09\/logo-SNETAP.png","contentUrl":"https:\/\/regions-snetap-fsu.fr\/cvdl\/wp-content\/uploads\/sites\/10\/2020\/09\/logo-SNETAP.png","width":380,"height":290,"caption":"SNETAP-FSU - Centre Val de Loire"},"image":{"@id":"https:\/\/regions-snetap-fsu.fr\/cvdl\/#\/schema\/logo\/image\/"}},{"@type":"Person","@id":"https:\/\/regions-snetap-fsu.fr\/cvdl\/#\/schema\/person\/4bf7bfcfd5483dec77bc7a3532f5b895","name":"amasson","image":{"@type":"ImageObject","inLanguage":"fr-FR","@id":"https:\/\/secure.gravatar.com\/avatar\/603812a842658d69c5a357f4b2beb470231ad8ab03d31d1af5a8e107f8d945f2?s=96&d=mm&r=g","url":"https:\/\/secure.gravatar.com\/avatar\/603812a842658d69c5a357f4b2beb470231ad8ab03d31d1af5a8e107f8d945f2?s=96&d=mm&r=g","contentUrl":"https:\/\/secure.gravatar.com\/avatar\/603812a842658d69c5a357f4b2beb470231ad8ab03d31d1af5a8e107f8d945f2?s=96&d=mm&r=g","caption":"amasson"},"url":"https:\/\/regions-snetap-fsu.fr\/cvdl\/author\/amasson\/"}]}},"_links":{"self":[{"href":"https:\/\/regions-snetap-fsu.fr\/cvdl\/wp-json\/wp\/v2\/posts\/1564","targetHints":{"allow":["GET"]}}],"collection":[{"href":"https:\/\/regions-snetap-fsu.fr\/cvdl\/wp-json\/wp\/v2\/posts"}],"about":[{"href":"https:\/\/regions-snetap-fsu.fr\/cvdl\/wp-json\/wp\/v2\/types\/post"}],"author":[{"embeddable":true,"href":"https:\/\/regions-snetap-fsu.fr\/cvdl\/wp-json\/wp\/v2\/users\/129"}],"replies":[{"embeddable":true,"href":"https:\/\/regions-snetap-fsu.fr\/cvdl\/wp-json\/wp\/v2\/comments?post=1564"}],"version-history":[{"count":5,"href":"https:\/\/regions-snetap-fsu.fr\/cvdl\/wp-json\/wp\/v2\/posts\/1564\/revisions"}],"predecessor-version":[{"id":1571,"href":"https:\/\/regions-snetap-fsu.fr\/cvdl\/wp-json\/wp\/v2\/posts\/1564\/revisions\/1571"}],"wp:attachment":[{"href":"https:\/\/regions-snetap-fsu.fr\/cvdl\/wp-json\/wp\/v2\/media?parent=1564"}],"wp:term":[{"taxonomy":"category","embeddable":true,"href":"https:\/\/regions-snetap-fsu.fr\/cvdl\/wp-json\/wp\/v2\/categories?post=1564"},{"taxonomy":"post_tag","embeddable":true,"href":"https:\/\/regions-snetap-fsu.fr\/cvdl\/wp-json\/wp\/v2\/tags?post=1564"},{"taxonomy":"post_folder","embeddable":true,"href":"https:\/\/regions-snetap-fsu.fr\/cvdl\/wp-json\/wp\/v2\/post_folder?post=1564"}],"curies":[{"name":"wp","href":"https:\/\/api.w.org\/{rel}","templated":true}]}}