{"id":1521,"date":"2020-10-19T15:10:24","date_gmt":"2020-10-19T13:10:24","guid":{"rendered":"https:\/\/regions-snetap-fsu.fr\/cvdl\/?p=1521"},"modified":"2020-10-20T14:09:24","modified_gmt":"2020-10-20T12:09:24","slug":"noubliez-pas-2","status":"publish","type":"post","link":"https:\/\/regions-snetap-fsu.fr\/cvdl\/2020\/10\/19\/noubliez-pas-2\/","title":{"rendered":"N&rsquo;oubliez pas !"},"content":{"rendered":"<p><a href=\"https:\/\/regions-snetap-fsu.fr\/cvdl\/wp-content\/uploads\/sites\/10\/2020\/10\/Co-parlementaires-PLF2021-6-10-20-section.pdf\" target=\"_blank\" rel=\"noopener noreferrer\"><span style=\"font-family: arial, helvetica, sans-serif\">En cliquant ici<\/span><\/a><span style=\"font-family: arial, helvetica, sans-serif;font-size: 16px\">, <\/span><span style=\"font-family: arial, helvetica, sans-serif;font-size: 16px\">vous trouverez\u00a0le courrier \u00e0 envoyer par chaque section locale\u00a0\u00e0 nos d\u00e9put\u00e9s et de nos s\u00e9nateurs pour les\u00a0alerter et \u00e0 les informer sur le projet de loi de finances 2021.<\/span><\/p>\n<p><span style=\"font-family: arial, helvetica, sans-serif;font-size: 16px\">Voici les liens qui permettent de trouver les coordonn\u00e9es n\u00e9cessaires :<br \/>\n<a href=\"https:\/\/docs.google.com\/spreadsheets\/d\/11jLIMeoQyqQD5X0e_zRc-E41RmSkfvGlU69IdCCcrtA\/edit?usp=sharing\" target=\"_blank\" rel=\"noopener noreferrer\">https:\/\/docs.google.com\/spreadsheets\/d\/11jLIMeoQyqQD5X0e_zRc-E41RmSkfvGlU69IdCCcrtA\/edit?usp=sharing<\/a><br \/>\n<a href=\"https:\/\/docs.google.com\/spreadsheets\/d\/11T2QSrWcHbrvnXux4SK5rJGSLN9r0O9sYeSTEMiGSgc\/edit?usp=sharing\" target=\"_blank\" rel=\"noopener noreferrer\">https:\/\/docs.google.com\/spreadsheets\/d\/11T2QSrWcHbrvnXux4SK5rJGSLN9r0O9sYeSTEMiGSgc\/edit?usp=sharing<\/a><br \/>\n<\/span><\/p>\n","protected":false},"excerpt":{"rendered":"<p>En cliquant ici, vous trouverez\u00a0le courrier \u00e0 envoyer par chaque section locale\u00a0\u00e0 nos d\u00e9put\u00e9s et de nos s\u00e9nateurs pour les\u00a0alerter et \u00e0 les informer sur le projet de loi de finances 2021. Voici les liens qui permettent de trouver les coordonn\u00e9es n\u00e9cessaires : https:\/\/docs.google.com\/spreadsheets\/d\/11jLIMeoQyqQD5X0e_zRc-E41RmSkfvGlU69IdCCcrtA\/edit?usp=sharing https:\/\/docs.google.com\/spreadsheets\/d\/11T2QSrWcHbrvnXux4SK5rJGSLN9r0O9sYeSTEMiGSgc\/edit?usp=sharing<\/p>\n","protected":false},"author":129,"featured_media":0,"comment_status":"closed","ping_status":"closed","sticky":false,"template":"","format":"standard","meta":{"ocean_post_layout":"","ocean_both_sidebars_style":"","ocean_both_sidebars_content_width":0,"ocean_both_sidebars_sidebars_width":0,"ocean_sidebar":"0","ocean_second_sidebar":"0","ocean_disable_margins":"enable","ocean_add_body_class":"","ocean_shortcode_before_top_bar":"","ocean_shortcode_after_top_bar":"","ocean_shortcode_before_header":"","ocean_shortcode_after_header":"","ocean_has_shortcode":"","ocean_shortcode_after_title":"","ocean_shortcode_before_footer_widgets":"","ocean_shortcode_after_footer_widgets":"","ocean_shortcode_before_footer_bottom":"","ocean_shortcode_after_footer_bottom":"","ocean_display_top_bar":"default","ocean_display_header":"default","ocean_header_style":"","ocean_center_header_left_menu":"0","ocean_custom_header_template":"0","ocean_custom_logo":0,"ocean_custom_retina_logo":0,"ocean_custom_logo_max_width":0,"ocean_custom_logo_tablet_max_width":0,"ocean_custom_logo_mobile_max_width":0,"ocean_custom_logo_max_height":0,"ocean_custom_logo_tablet_max_height":0,"ocean_custom_logo_mobile_max_height":0,"ocean_header_custom_menu":"0","ocean_menu_typo_font_family":"0","ocean_menu_typo_font_subset":"","ocean_menu_typo_font_size":0,"ocean_menu_typo_font_size_tablet":0,"ocean_menu_typo_font_size_mobile":0,"ocean_menu_typo_font_size_unit":"px","ocean_menu_typo_font_weight":"","ocean_menu_typo_font_weight_tablet":"","ocean_menu_typo_font_weight_mobile":"","ocean_menu_typo_transform":"","ocean_menu_typo_transform_tablet":"","ocean_menu_typo_transform_mobile":"","ocean_menu_typo_line_height":0,"ocean_menu_typo_line_height_tablet":0,"ocean_menu_typo_line_height_mobile":0,"ocean_menu_typo_line_height_unit":"","ocean_menu_typo_spacing":0,"ocean_menu_typo_spacing_tablet":0,"ocean_menu_typo_spacing_mobile":0,"ocean_menu_typo_spacing_unit":"","ocean_menu_link_color":"","ocean_menu_link_color_hover":"","ocean_menu_link_color_active":"","ocean_menu_link_background":"","ocean_menu_link_hover_background":"","ocean_menu_link_active_background":"","ocean_menu_social_links_bg":"","ocean_menu_social_hover_links_bg":"","ocean_menu_social_links_color":"","ocean_menu_social_hover_links_color":"","ocean_disable_title":"default","ocean_disable_heading":"default","ocean_post_title":"","ocean_post_subheading":"","ocean_post_title_style":"","ocean_post_title_background_color":"","ocean_post_title_background":0,"ocean_post_title_bg_image_position":"","ocean_post_title_bg_image_attachment":"","ocean_post_title_bg_image_repeat":"","ocean_post_title_bg_image_size":"","ocean_post_title_height":0,"ocean_post_title_bg_overlay":0.5,"ocean_post_title_bg_overlay_color":"","ocean_disable_breadcrumbs":"default","ocean_breadcrumbs_color":"","ocean_breadcrumbs_separator_color":"","ocean_breadcrumbs_links_color":"","ocean_breadcrumbs_links_hover_color":"","ocean_display_footer_widgets":"default","ocean_display_footer_bottom":"default","ocean_custom_footer_template":"0","ocean_post_oembed":"","ocean_post_self_hosted_media":"","ocean_post_video_embed":"","ocean_link_format":"","ocean_link_format_target":"self","ocean_quote_format":"","ocean_quote_format_link":"post","ocean_gallery_link_images":"off","ocean_gallery_id":[],"footnotes":""},"categories":[1],"tags":[],"post_folder":[],"class_list":["post-1521","post","type-post","status-publish","format-standard","hentry","category-non-classe","entry"],"yoast_head":"<!-- This site is optimized with the Yoast SEO plugin v27.4 - https:\/\/yoast.com\/product\/yoast-seo-wordpress\/ -->\n<title>N&#039;oubliez pas ! - CENTRE-VAL DE LOIRE<\/title>\n<meta name=\"robots\" content=\"index, follow, max-snippet:-1, max-image-preview:large, max-video-preview:-1\" \/>\n<link rel=\"canonical\" href=\"https:\/\/regions-snetap-fsu.fr\/cvdl\/2020\/10\/19\/noubliez-pas-2\/\" \/>\n<meta property=\"og:locale\" content=\"fr_FR\" \/>\n<meta property=\"og:type\" content=\"article\" \/>\n<meta property=\"og:title\" content=\"N&#039;oubliez pas ! - CENTRE-VAL DE LOIRE\" \/>\n<meta property=\"og:description\" content=\"En cliquant ici, vous trouverez\u00a0le courrier \u00e0 envoyer par chaque section locale\u00a0\u00e0 nos d\u00e9put\u00e9s et de nos s\u00e9nateurs pour les\u00a0alerter et \u00e0 les informer sur le projet de loi de finances 2021. Voici les liens qui permettent de trouver les coordonn\u00e9es n\u00e9cessaires : https:\/\/docs.google.com\/spreadsheets\/d\/11jLIMeoQyqQD5X0e_zRc-E41RmSkfvGlU69IdCCcrtA\/edit?usp=sharing https:\/\/docs.google.com\/spreadsheets\/d\/11T2QSrWcHbrvnXux4SK5rJGSLN9r0O9sYeSTEMiGSgc\/edit?usp=sharing\" \/>\n<meta property=\"og:url\" content=\"https:\/\/regions-snetap-fsu.fr\/cvdl\/2020\/10\/19\/noubliez-pas-2\/\" \/>\n<meta property=\"og:site_name\" content=\"CENTRE-VAL DE LOIRE\" \/>\n<meta property=\"article:published_time\" content=\"2020-10-19T13:10:24+00:00\" \/>\n<meta property=\"article:modified_time\" content=\"2020-10-20T12:09:24+00:00\" \/>\n<meta property=\"og:image\" content=\"https:\/\/regions-snetap-fsu.fr\/cvdl\/wp-content\/uploads\/sites\/10\/2020\/10\/logo-ANatio-Senat.png\" \/>\n\t<meta property=\"og:image:width\" content=\"435\" \/>\n\t<meta property=\"og:image:height\" content=\"200\" \/>\n\t<meta property=\"og:image:type\" content=\"image\/png\" \/>\n<meta name=\"author\" content=\"amasson\" \/>\n<meta name=\"twitter:card\" content=\"summary_large_image\" \/>\n<meta name=\"twitter:label1\" content=\"\u00c9crit par\" \/>\n\t<meta name=\"twitter:data1\" content=\"amasson\" \/>\n<script type=\"application\/ld+json\" class=\"yoast-schema-graph\">{\"@context\":\"https:\\\/\\\/schema.org\",\"@graph\":[{\"@type\":\"Article\",\"@id\":\"https:\\\/\\\/regions-snetap-fsu.fr\\\/cvdl\\\/2020\\\/10\\\/19\\\/noubliez-pas-2\\\/#article\",\"isPartOf\":{\"@id\":\"https:\\\/\\\/regions-snetap-fsu.fr\\\/cvdl\\\/2020\\\/10\\\/19\\\/noubliez-pas-2\\\/\"},\"author\":{\"name\":\"amasson\",\"@id\":\"https:\\\/\\\/regions-snetap-fsu.fr\\\/cvdl\\\/#\\\/schema\\\/person\\\/4bf7bfcfd5483dec77bc7a3532f5b895\"},\"headline\":\"N&rsquo;oubliez pas !\",\"datePublished\":\"2020-10-19T13:10:24+00:00\",\"dateModified\":\"2020-10-20T12:09:24+00:00\",\"mainEntityOfPage\":{\"@id\":\"https:\\\/\\\/regions-snetap-fsu.fr\\\/cvdl\\\/2020\\\/10\\\/19\\\/noubliez-pas-2\\\/\"},\"wordCount\":80,\"publisher\":{\"@id\":\"https:\\\/\\\/regions-snetap-fsu.fr\\\/cvdl\\\/#organization\"},\"inLanguage\":\"fr-FR\"},{\"@type\":\"WebPage\",\"@id\":\"https:\\\/\\\/regions-snetap-fsu.fr\\\/cvdl\\\/2020\\\/10\\\/19\\\/noubliez-pas-2\\\/\",\"url\":\"https:\\\/\\\/regions-snetap-fsu.fr\\\/cvdl\\\/2020\\\/10\\\/19\\\/noubliez-pas-2\\\/\",\"name\":\"N'oubliez pas ! - CENTRE-VAL DE LOIRE\",\"isPartOf\":{\"@id\":\"https:\\\/\\\/regions-snetap-fsu.fr\\\/cvdl\\\/#website\"},\"datePublished\":\"2020-10-19T13:10:24+00:00\",\"dateModified\":\"2020-10-20T12:09:24+00:00\",\"breadcrumb\":{\"@id\":\"https:\\\/\\\/regions-snetap-fsu.fr\\\/cvdl\\\/2020\\\/10\\\/19\\\/noubliez-pas-2\\\/#breadcrumb\"},\"inLanguage\":\"fr-FR\",\"potentialAction\":[{\"@type\":\"ReadAction\",\"target\":[\"https:\\\/\\\/regions-snetap-fsu.fr\\\/cvdl\\\/2020\\\/10\\\/19\\\/noubliez-pas-2\\\/\"]}]},{\"@type\":\"BreadcrumbList\",\"@id\":\"https:\\\/\\\/regions-snetap-fsu.fr\\\/cvdl\\\/2020\\\/10\\\/19\\\/noubliez-pas-2\\\/#breadcrumb\",\"itemListElement\":[{\"@type\":\"ListItem\",\"position\":1,\"name\":\"Accueil\",\"item\":\"https:\\\/\\\/regions-snetap-fsu.fr\\\/cvdl\\\/\"},{\"@type\":\"ListItem\",\"position\":2,\"name\":\"N&rsquo;oubliez pas !\"}]},{\"@type\":\"WebSite\",\"@id\":\"https:\\\/\\\/regions-snetap-fsu.fr\\\/cvdl\\\/#website\",\"url\":\"https:\\\/\\\/regions-snetap-fsu.fr\\\/cvdl\\\/\",\"name\":\"SNETAP-FSU - CENTRE-VAL DE LOIRE\",\"description\":\"Le blog de la Section R\u00e9gionale\",\"publisher\":{\"@id\":\"https:\\\/\\\/regions-snetap-fsu.fr\\\/cvdl\\\/#organization\"},\"potentialAction\":[{\"@type\":\"SearchAction\",\"target\":{\"@type\":\"EntryPoint\",\"urlTemplate\":\"https:\\\/\\\/regions-snetap-fsu.fr\\\/cvdl\\\/?s={search_term_string}\"},\"query-input\":{\"@type\":\"PropertyValueSpecification\",\"valueRequired\":true,\"valueName\":\"search_term_string\"}}],\"inLanguage\":\"fr-FR\"},{\"@type\":\"Organization\",\"@id\":\"https:\\\/\\\/regions-snetap-fsu.fr\\\/cvdl\\\/#organization\",\"name\":\"SNETAP-FSU - Centre Val de Loire\",\"url\":\"https:\\\/\\\/regions-snetap-fsu.fr\\\/cvdl\\\/\",\"logo\":{\"@type\":\"ImageObject\",\"inLanguage\":\"fr-FR\",\"@id\":\"https:\\\/\\\/regions-snetap-fsu.fr\\\/cvdl\\\/#\\\/schema\\\/logo\\\/image\\\/\",\"url\":\"https:\\\/\\\/regions-snetap-fsu.fr\\\/cvdl\\\/wp-content\\\/uploads\\\/sites\\\/10\\\/2020\\\/09\\\/logo-SNETAP.png\",\"contentUrl\":\"https:\\\/\\\/regions-snetap-fsu.fr\\\/cvdl\\\/wp-content\\\/uploads\\\/sites\\\/10\\\/2020\\\/09\\\/logo-SNETAP.png\",\"width\":380,\"height\":290,\"caption\":\"SNETAP-FSU - Centre Val de Loire\"},\"image\":{\"@id\":\"https:\\\/\\\/regions-snetap-fsu.fr\\\/cvdl\\\/#\\\/schema\\\/logo\\\/image\\\/\"}},{\"@type\":\"Person\",\"@id\":\"https:\\\/\\\/regions-snetap-fsu.fr\\\/cvdl\\\/#\\\/schema\\\/person\\\/4bf7bfcfd5483dec77bc7a3532f5b895\",\"name\":\"amasson\",\"image\":{\"@type\":\"ImageObject\",\"inLanguage\":\"fr-FR\",\"@id\":\"https:\\\/\\\/secure.gravatar.com\\\/avatar\\\/603812a842658d69c5a357f4b2beb470231ad8ab03d31d1af5a8e107f8d945f2?s=96&d=mm&r=g\",\"url\":\"https:\\\/\\\/secure.gravatar.com\\\/avatar\\\/603812a842658d69c5a357f4b2beb470231ad8ab03d31d1af5a8e107f8d945f2?s=96&d=mm&r=g\",\"contentUrl\":\"https:\\\/\\\/secure.gravatar.com\\\/avatar\\\/603812a842658d69c5a357f4b2beb470231ad8ab03d31d1af5a8e107f8d945f2?s=96&d=mm&r=g\",\"caption\":\"amasson\"},\"url\":\"https:\\\/\\\/regions-snetap-fsu.fr\\\/cvdl\\\/author\\\/amasson\\\/\"}]}<\/script>\n<!-- \/ Yoast SEO plugin. -->","yoast_head_json":{"title":"N'oubliez pas ! - CENTRE-VAL DE LOIRE","robots":{"index":"index","follow":"follow","max-snippet":"max-snippet:-1","max-image-preview":"max-image-preview:large","max-video-preview":"max-video-preview:-1"},"canonical":"https:\/\/regions-snetap-fsu.fr\/cvdl\/2020\/10\/19\/noubliez-pas-2\/","og_locale":"fr_FR","og_type":"article","og_title":"N'oubliez pas ! - CENTRE-VAL DE LOIRE","og_description":"En cliquant ici, vous trouverez\u00a0le courrier \u00e0 envoyer par chaque section locale\u00a0\u00e0 nos d\u00e9put\u00e9s et de nos s\u00e9nateurs pour les\u00a0alerter et \u00e0 les informer sur le projet de loi de finances 2021. Voici les liens qui permettent de trouver les coordonn\u00e9es n\u00e9cessaires : https:\/\/docs.google.com\/spreadsheets\/d\/11jLIMeoQyqQD5X0e_zRc-E41RmSkfvGlU69IdCCcrtA\/edit?usp=sharing https:\/\/docs.google.com\/spreadsheets\/d\/11T2QSrWcHbrvnXux4SK5rJGSLN9r0O9sYeSTEMiGSgc\/edit?usp=sharing","og_url":"https:\/\/regions-snetap-fsu.fr\/cvdl\/2020\/10\/19\/noubliez-pas-2\/","og_site_name":"CENTRE-VAL DE LOIRE","article_published_time":"2020-10-19T13:10:24+00:00","article_modified_time":"2020-10-20T12:09:24+00:00","og_image":[{"width":435,"height":200,"url":"https:\/\/regions-snetap-fsu.fr\/cvdl\/wp-content\/uploads\/sites\/10\/2020\/10\/logo-ANatio-Senat.png","type":"image\/png"}],"author":"amasson","twitter_card":"summary_large_image","twitter_misc":{"\u00c9crit par":"amasson"},"schema":{"@context":"https:\/\/schema.org","@graph":[{"@type":"Article","@id":"https:\/\/regions-snetap-fsu.fr\/cvdl\/2020\/10\/19\/noubliez-pas-2\/#article","isPartOf":{"@id":"https:\/\/regions-snetap-fsu.fr\/cvdl\/2020\/10\/19\/noubliez-pas-2\/"},"author":{"name":"amasson","@id":"https:\/\/regions-snetap-fsu.fr\/cvdl\/#\/schema\/person\/4bf7bfcfd5483dec77bc7a3532f5b895"},"headline":"N&rsquo;oubliez pas !","datePublished":"2020-10-19T13:10:24+00:00","dateModified":"2020-10-20T12:09:24+00:00","mainEntityOfPage":{"@id":"https:\/\/regions-snetap-fsu.fr\/cvdl\/2020\/10\/19\/noubliez-pas-2\/"},"wordCount":80,"publisher":{"@id":"https:\/\/regions-snetap-fsu.fr\/cvdl\/#organization"},"inLanguage":"fr-FR"},{"@type":"WebPage","@id":"https:\/\/regions-snetap-fsu.fr\/cvdl\/2020\/10\/19\/noubliez-pas-2\/","url":"https:\/\/regions-snetap-fsu.fr\/cvdl\/2020\/10\/19\/noubliez-pas-2\/","name":"N'oubliez pas ! - CENTRE-VAL DE LOIRE","isPartOf":{"@id":"https:\/\/regions-snetap-fsu.fr\/cvdl\/#website"},"datePublished":"2020-10-19T13:10:24+00:00","dateModified":"2020-10-20T12:09:24+00:00","breadcrumb":{"@id":"https:\/\/regions-snetap-fsu.fr\/cvdl\/2020\/10\/19\/noubliez-pas-2\/#breadcrumb"},"inLanguage":"fr-FR","potentialAction":[{"@type":"ReadAction","target":["https:\/\/regions-snetap-fsu.fr\/cvdl\/2020\/10\/19\/noubliez-pas-2\/"]}]},{"@type":"BreadcrumbList","@id":"https:\/\/regions-snetap-fsu.fr\/cvdl\/2020\/10\/19\/noubliez-pas-2\/#breadcrumb","itemListElement":[{"@type":"ListItem","position":1,"name":"Accueil","item":"https:\/\/regions-snetap-fsu.fr\/cvdl\/"},{"@type":"ListItem","position":2,"name":"N&rsquo;oubliez pas !"}]},{"@type":"WebSite","@id":"https:\/\/regions-snetap-fsu.fr\/cvdl\/#website","url":"https:\/\/regions-snetap-fsu.fr\/cvdl\/","name":"SNETAP-FSU - CENTRE-VAL DE LOIRE","description":"Le blog de la Section R\u00e9gionale","publisher":{"@id":"https:\/\/regions-snetap-fsu.fr\/cvdl\/#organization"},"potentialAction":[{"@type":"SearchAction","target":{"@type":"EntryPoint","urlTemplate":"https:\/\/regions-snetap-fsu.fr\/cvdl\/?s={search_term_string}"},"query-input":{"@type":"PropertyValueSpecification","valueRequired":true,"valueName":"search_term_string"}}],"inLanguage":"fr-FR"},{"@type":"Organization","@id":"https:\/\/regions-snetap-fsu.fr\/cvdl\/#organization","name":"SNETAP-FSU - Centre Val de Loire","url":"https:\/\/regions-snetap-fsu.fr\/cvdl\/","logo":{"@type":"ImageObject","inLanguage":"fr-FR","@id":"https:\/\/regions-snetap-fsu.fr\/cvdl\/#\/schema\/logo\/image\/","url":"https:\/\/regions-snetap-fsu.fr\/cvdl\/wp-content\/uploads\/sites\/10\/2020\/09\/logo-SNETAP.png","contentUrl":"https:\/\/regions-snetap-fsu.fr\/cvdl\/wp-content\/uploads\/sites\/10\/2020\/09\/logo-SNETAP.png","width":380,"height":290,"caption":"SNETAP-FSU - Centre Val de Loire"},"image":{"@id":"https:\/\/regions-snetap-fsu.fr\/cvdl\/#\/schema\/logo\/image\/"}},{"@type":"Person","@id":"https:\/\/regions-snetap-fsu.fr\/cvdl\/#\/schema\/person\/4bf7bfcfd5483dec77bc7a3532f5b895","name":"amasson","image":{"@type":"ImageObject","inLanguage":"fr-FR","@id":"https:\/\/secure.gravatar.com\/avatar\/603812a842658d69c5a357f4b2beb470231ad8ab03d31d1af5a8e107f8d945f2?s=96&d=mm&r=g","url":"https:\/\/secure.gravatar.com\/avatar\/603812a842658d69c5a357f4b2beb470231ad8ab03d31d1af5a8e107f8d945f2?s=96&d=mm&r=g","contentUrl":"https:\/\/secure.gravatar.com\/avatar\/603812a842658d69c5a357f4b2beb470231ad8ab03d31d1af5a8e107f8d945f2?s=96&d=mm&r=g","caption":"amasson"},"url":"https:\/\/regions-snetap-fsu.fr\/cvdl\/author\/amasson\/"}]}},"_links":{"self":[{"href":"https:\/\/regions-snetap-fsu.fr\/cvdl\/wp-json\/wp\/v2\/posts\/1521","targetHints":{"allow":["GET"]}}],"collection":[{"href":"https:\/\/regions-snetap-fsu.fr\/cvdl\/wp-json\/wp\/v2\/posts"}],"about":[{"href":"https:\/\/regions-snetap-fsu.fr\/cvdl\/wp-json\/wp\/v2\/types\/post"}],"author":[{"embeddable":true,"href":"https:\/\/regions-snetap-fsu.fr\/cvdl\/wp-json\/wp\/v2\/users\/129"}],"replies":[{"embeddable":true,"href":"https:\/\/regions-snetap-fsu.fr\/cvdl\/wp-json\/wp\/v2\/comments?post=1521"}],"version-history":[{"count":5,"href":"https:\/\/regions-snetap-fsu.fr\/cvdl\/wp-json\/wp\/v2\/posts\/1521\/revisions"}],"predecessor-version":[{"id":1528,"href":"https:\/\/regions-snetap-fsu.fr\/cvdl\/wp-json\/wp\/v2\/posts\/1521\/revisions\/1528"}],"wp:attachment":[{"href":"https:\/\/regions-snetap-fsu.fr\/cvdl\/wp-json\/wp\/v2\/media?parent=1521"}],"wp:term":[{"taxonomy":"category","embeddable":true,"href":"https:\/\/regions-snetap-fsu.fr\/cvdl\/wp-json\/wp\/v2\/categories?post=1521"},{"taxonomy":"post_tag","embeddable":true,"href":"https:\/\/regions-snetap-fsu.fr\/cvdl\/wp-json\/wp\/v2\/tags?post=1521"},{"taxonomy":"post_folder","embeddable":true,"href":"https:\/\/regions-snetap-fsu.fr\/cvdl\/wp-json\/wp\/v2\/post_folder?post=1521"}],"curies":[{"name":"wp","href":"https:\/\/api.w.org\/{rel}","templated":true}]}}