{"id":1511,"date":"2020-10-12T11:41:03","date_gmt":"2020-10-12T09:41:03","guid":{"rendered":"https:\/\/regions-snetap-fsu.fr\/cvdl\/?p=1511"},"modified":"2020-10-12T12:18:43","modified_gmt":"2020-10-12T10:18:43","slug":"congres-national","status":"publish","type":"post","link":"https:\/\/regions-snetap-fsu.fr\/cvdl\/2020\/10\/12\/congres-national\/","title":{"rendered":"CONGR\u00c8S NATIONAL"},"content":{"rendered":"<div align=\"center\"><span style=\"font-family: arial, helvetica, sans-serif;font-size: 24px\"><span style=\"color: #000000\">Le prochain <\/span><span style=\"color: #006600\"><b>congr\u00e8s national du SNETAP<\/b><\/span><span style=\"color: #000000\"> aura lieu<\/span><\/span><\/div>\n<div align=\"center\"><span style=\"font-family: arial, helvetica, sans-serif;font-size: 24px\"><span style=\"color: #000000\"> \u00e0 <\/span><strong><span style=\"color: #dd0000\">Poitiers <\/span><\/strong><\/span><\/div>\n<div align=\"center\"><span style=\"font-size: 24px\"><strong><span style=\"font-family: arial, helvetica, sans-serif\"><span style=\"color: #dd0000\">les 18, 19 et 20 novem<span style=\"color: #ff0000\">bre<\/span><\/span><span style=\"color: #ff0000\"> prochain.<\/span><\/span><\/strong><\/span><\/div>\n<div align=\"left\"><span style=\"color: #000000;font-family: arial, helvetica, sans-serif;font-size: 16px\">\u00a0<\/span><\/div>\n<div align=\"left\"><span style=\"font-family: arial, helvetica, sans-serif;font-size: 16px\"><span style=\"color: #000000\">Les inscriptions doivent se faire au plus tard \u00a0le<\/span><span style=\"color: #0000dd\"><i><b> 16 octobre prochain.<\/b><\/i><\/span><\/span><\/div>\n<div align=\"left\"><span style=\"color: #000000;font-family: arial, helvetica, sans-serif;font-size: 16px\">En cliquant<a href=\"https:\/\/regions-snetap-fsu.fr\/cvdl\/wp-content\/uploads\/sites\/10\/2020\/10\/appel-inscription-novembre-2020.pdf\" target=\"_blank\" rel=\"noopener noreferrer\"> ici<\/a>, vous trouverez les modalit\u00e9s de participation au congr\u00e8s ainsi que l&rsquo;ASA.<\/span><\/div>\n<div align=\"left\"><span style=\"color: #000000;font-family: arial, helvetica, sans-serif;font-size: 16px\">\u00a0<\/span><\/div>\n<div align=\"left\"><span style=\"color: #000000;font-family: arial, helvetica, sans-serif;font-size: 16px\"><u><i>Quelques rappels\u00a0:<\/i><\/u><\/span><\/div>\n<div align=\"left\"><span style=\"color: #000000;font-family: arial, helvetica, sans-serif;font-size: 16px\">\u00a0<\/span><span style=\"color: #000000;font-family: arial, helvetica, sans-serif;font-size: 16px\">&#8211; Chaque section avec moins de 40 adh\u00e9rent.es peut d\u00e9signer 2 d\u00e9l\u00e9gu\u00e9.es pour participer au congr\u00e8s\u00a0; l\u2019id\u00e9e \u00e9tant de ne pas partir seul.e quand on est un.e r\u00e9cent.e adh\u00e9rent.e<\/span><\/div>\n<div align=\"left\"><span style=\"color: #000000;font-family: arial, helvetica, sans-serif;font-size: 16px\">\u00a0<\/span><span style=\"color: #000000;font-family: arial, helvetica, sans-serif;font-size: 16px\">&#8211; Si vous aviez rempli et renvoy\u00e9 un proc\u00e8s-verbal au printemps dernier, il demeure valable sauf s\u2019il y a un changement de d\u00e9l\u00e9gu\u00e9.es\u00a0;<\/span><\/div>\n<div align=\"left\"><span style=\"color: #000000;font-family: arial, helvetica, sans-serif;font-size: 16px\">\u00a0<\/span><span style=\"font-family: arial, helvetica, sans-serif;font-size: 16px\"><span style=\"color: #000000\">&#8211; Par contre, il est essentiel de demander \u00e0 chacun.e des congressistes de remplir l\u2019inscription individuelle et de nous la retourner au plus vite \u00e0 l\u2019adresse <\/span><a href=\"mailto:congres.poitiers@snetap-fsu.fr\" target=\"_blank\" rel=\"noopener noreferrer\">congres.poitiers@snetap-fsu.fr<\/a><\/span><\/div>\n<div align=\"left\"><span style=\"color: #000000;font-family: arial, helvetica, sans-serif;font-size: 16px\">\u00a0<\/span><span style=\"color: #000000;font-family: arial, helvetica, sans-serif;font-size: 16px\">&#8211; Pensez \u00e0 remplir l\u2019ASA qui sera \u00e0 remettre au plus tard 48 heures avant le d\u00e9part pour le congr\u00e8s.<\/span><\/div>\n","protected":false},"excerpt":{"rendered":"<p>Le prochain congr\u00e8s national du SNETAP aura lieu \u00e0 Poitiers les 18, 19 et 20 novembre prochain. \u00a0 Les inscriptions doivent se faire au plus tard \u00a0le 16 octobre prochain. En cliquant ici, vous trouverez les modalit\u00e9s de participation au congr\u00e8s ainsi que l&rsquo;ASA. \u00a0 Quelques rappels\u00a0: \u00a0&#8211; Chaque section avec moins de 40 adh\u00e9rent.es [&hellip;]<\/p>\n","protected":false},"author":129,"featured_media":1514,"comment_status":"closed","ping_status":"closed","sticky":false,"template":"","format":"standard","meta":{"ocean_post_layout":"","ocean_both_sidebars_style":"","ocean_both_sidebars_content_width":0,"ocean_both_sidebars_sidebars_width":0,"ocean_sidebar":"0","ocean_second_sidebar":"0","ocean_disable_margins":"enable","ocean_add_body_class":"","ocean_shortcode_before_top_bar":"","ocean_shortcode_after_top_bar":"","ocean_shortcode_before_header":"","ocean_shortcode_after_header":"","ocean_has_shortcode":"","ocean_shortcode_after_title":"","ocean_shortcode_before_footer_widgets":"","ocean_shortcode_after_footer_widgets":"","ocean_shortcode_before_footer_bottom":"","ocean_shortcode_after_footer_bottom":"","ocean_display_top_bar":"default","ocean_display_header":"default","ocean_header_style":"","ocean_center_header_left_menu":"0","ocean_custom_header_template":"0","ocean_custom_logo":0,"ocean_custom_retina_logo":0,"ocean_custom_logo_max_width":0,"ocean_custom_logo_tablet_max_width":0,"ocean_custom_logo_mobile_max_width":0,"ocean_custom_logo_max_height":0,"ocean_custom_logo_tablet_max_height":0,"ocean_custom_logo_mobile_max_height":0,"ocean_header_custom_menu":"0","ocean_menu_typo_font_family":"0","ocean_menu_typo_font_subset":"","ocean_menu_typo_font_size":0,"ocean_menu_typo_font_size_tablet":0,"ocean_menu_typo_font_size_mobile":0,"ocean_menu_typo_font_size_unit":"px","ocean_menu_typo_font_weight":"","ocean_menu_typo_font_weight_tablet":"","ocean_menu_typo_font_weight_mobile":"","ocean_menu_typo_transform":"","ocean_menu_typo_transform_tablet":"","ocean_menu_typo_transform_mobile":"","ocean_menu_typo_line_height":0,"ocean_menu_typo_line_height_tablet":0,"ocean_menu_typo_line_height_mobile":0,"ocean_menu_typo_line_height_unit":"","ocean_menu_typo_spacing":0,"ocean_menu_typo_spacing_tablet":0,"ocean_menu_typo_spacing_mobile":0,"ocean_menu_typo_spacing_unit":"","ocean_menu_link_color":"","ocean_menu_link_color_hover":"","ocean_menu_link_color_active":"","ocean_menu_link_background":"","ocean_menu_link_hover_background":"","ocean_menu_link_active_background":"","ocean_menu_social_links_bg":"","ocean_menu_social_hover_links_bg":"","ocean_menu_social_links_color":"","ocean_menu_social_hover_links_color":"","ocean_disable_title":"default","ocean_disable_heading":"default","ocean_post_title":"","ocean_post_subheading":"","ocean_post_title_style":"","ocean_post_title_background_color":"","ocean_post_title_background":0,"ocean_post_title_bg_image_position":"","ocean_post_title_bg_image_attachment":"","ocean_post_title_bg_image_repeat":"","ocean_post_title_bg_image_size":"","ocean_post_title_height":0,"ocean_post_title_bg_overlay":0.5,"ocean_post_title_bg_overlay_color":"","ocean_disable_breadcrumbs":"default","ocean_breadcrumbs_color":"","ocean_breadcrumbs_separator_color":"","ocean_breadcrumbs_links_color":"","ocean_breadcrumbs_links_hover_color":"","ocean_display_footer_widgets":"default","ocean_display_footer_bottom":"default","ocean_custom_footer_template":"0","ocean_post_oembed":"","ocean_post_self_hosted_media":"","ocean_post_video_embed":"","ocean_link_format":"","ocean_link_format_target":"self","ocean_quote_format":"","ocean_quote_format_link":"post","ocean_gallery_link_images":"off","ocean_gallery_id":[],"footnotes":""},"categories":[23],"tags":[],"post_folder":[],"class_list":["post-1511","post","type-post","status-publish","format-standard","has-post-thumbnail","hentry","category-infos","entry","has-media"],"yoast_head":"<!-- This site is optimized with the Yoast SEO plugin v27.4 - https:\/\/yoast.com\/product\/yoast-seo-wordpress\/ -->\n<title>CONGR\u00c8S NATIONAL - CENTRE-VAL DE LOIRE<\/title>\n<meta name=\"robots\" content=\"index, follow, max-snippet:-1, max-image-preview:large, max-video-preview:-1\" \/>\n<link rel=\"canonical\" href=\"https:\/\/regions-snetap-fsu.fr\/cvdl\/2020\/10\/12\/congres-national\/\" \/>\n<meta property=\"og:locale\" content=\"fr_FR\" \/>\n<meta property=\"og:type\" content=\"article\" \/>\n<meta property=\"og:title\" content=\"CONGR\u00c8S NATIONAL - CENTRE-VAL DE LOIRE\" \/>\n<meta property=\"og:description\" content=\"Le prochain congr\u00e8s national du SNETAP aura lieu \u00e0 Poitiers les 18, 19 et 20 novembre prochain. \u00a0 Les inscriptions doivent se faire au plus tard \u00a0le 16 octobre prochain. En cliquant ici, vous trouverez les modalit\u00e9s de participation au congr\u00e8s ainsi que l&rsquo;ASA. \u00a0 Quelques rappels\u00a0: \u00a0&#8211; Chaque section avec moins de 40 adh\u00e9rent.es [&hellip;]\" \/>\n<meta property=\"og:url\" content=\"https:\/\/regions-snetap-fsu.fr\/cvdl\/2020\/10\/12\/congres-national\/\" \/>\n<meta property=\"og:site_name\" content=\"CENTRE-VAL DE LOIRE\" \/>\n<meta property=\"article:published_time\" content=\"2020-10-12T09:41:03+00:00\" \/>\n<meta property=\"article:modified_time\" content=\"2020-10-12T10:18:43+00:00\" \/>\n<meta property=\"og:image\" content=\"https:\/\/regions-snetap-fsu.fr\/cvdl\/wp-content\/uploads\/sites\/10\/2020\/10\/congres2020.png\" \/>\n\t<meta property=\"og:image:width\" content=\"435\" \/>\n\t<meta property=\"og:image:height\" content=\"200\" \/>\n\t<meta property=\"og:image:type\" content=\"image\/png\" \/>\n<meta name=\"author\" content=\"amasson\" \/>\n<meta name=\"twitter:card\" content=\"summary_large_image\" \/>\n<meta name=\"twitter:label1\" content=\"\u00c9crit par\" \/>\n\t<meta name=\"twitter:data1\" content=\"amasson\" \/>\n\t<meta name=\"twitter:label2\" content=\"Dur\u00e9e de lecture estim\u00e9e\" \/>\n\t<meta name=\"twitter:data2\" content=\"1 minute\" \/>\n<script type=\"application\/ld+json\" class=\"yoast-schema-graph\">{\"@context\":\"https:\\\/\\\/schema.org\",\"@graph\":[{\"@type\":\"Article\",\"@id\":\"https:\\\/\\\/regions-snetap-fsu.fr\\\/cvdl\\\/2020\\\/10\\\/12\\\/congres-national\\\/#article\",\"isPartOf\":{\"@id\":\"https:\\\/\\\/regions-snetap-fsu.fr\\\/cvdl\\\/2020\\\/10\\\/12\\\/congres-national\\\/\"},\"author\":{\"name\":\"amasson\",\"@id\":\"https:\\\/\\\/regions-snetap-fsu.fr\\\/cvdl\\\/#\\\/schema\\\/person\\\/4bf7bfcfd5483dec77bc7a3532f5b895\"},\"headline\":\"CONGR\u00c8S NATIONAL\",\"datePublished\":\"2020-10-12T09:41:03+00:00\",\"dateModified\":\"2020-10-12T10:18:43+00:00\",\"mainEntityOfPage\":{\"@id\":\"https:\\\/\\\/regions-snetap-fsu.fr\\\/cvdl\\\/2020\\\/10\\\/12\\\/congres-national\\\/\"},\"wordCount\":168,\"publisher\":{\"@id\":\"https:\\\/\\\/regions-snetap-fsu.fr\\\/cvdl\\\/#organization\"},\"image\":{\"@id\":\"https:\\\/\\\/regions-snetap-fsu.fr\\\/cvdl\\\/2020\\\/10\\\/12\\\/congres-national\\\/#primaryimage\"},\"thumbnailUrl\":\"https:\\\/\\\/regions-snetap-fsu.fr\\\/cvdl\\\/wp-content\\\/uploads\\\/sites\\\/10\\\/2020\\\/10\\\/congres2020.png\",\"articleSection\":[\"Infos\"],\"inLanguage\":\"fr-FR\"},{\"@type\":\"WebPage\",\"@id\":\"https:\\\/\\\/regions-snetap-fsu.fr\\\/cvdl\\\/2020\\\/10\\\/12\\\/congres-national\\\/\",\"url\":\"https:\\\/\\\/regions-snetap-fsu.fr\\\/cvdl\\\/2020\\\/10\\\/12\\\/congres-national\\\/\",\"name\":\"CONGR\u00c8S NATIONAL - CENTRE-VAL DE LOIRE\",\"isPartOf\":{\"@id\":\"https:\\\/\\\/regions-snetap-fsu.fr\\\/cvdl\\\/#website\"},\"primaryImageOfPage\":{\"@id\":\"https:\\\/\\\/regions-snetap-fsu.fr\\\/cvdl\\\/2020\\\/10\\\/12\\\/congres-national\\\/#primaryimage\"},\"image\":{\"@id\":\"https:\\\/\\\/regions-snetap-fsu.fr\\\/cvdl\\\/2020\\\/10\\\/12\\\/congres-national\\\/#primaryimage\"},\"thumbnailUrl\":\"https:\\\/\\\/regions-snetap-fsu.fr\\\/cvdl\\\/wp-content\\\/uploads\\\/sites\\\/10\\\/2020\\\/10\\\/congres2020.png\",\"datePublished\":\"2020-10-12T09:41:03+00:00\",\"dateModified\":\"2020-10-12T10:18:43+00:00\",\"breadcrumb\":{\"@id\":\"https:\\\/\\\/regions-snetap-fsu.fr\\\/cvdl\\\/2020\\\/10\\\/12\\\/congres-national\\\/#breadcrumb\"},\"inLanguage\":\"fr-FR\",\"potentialAction\":[{\"@type\":\"ReadAction\",\"target\":[\"https:\\\/\\\/regions-snetap-fsu.fr\\\/cvdl\\\/2020\\\/10\\\/12\\\/congres-national\\\/\"]}]},{\"@type\":\"ImageObject\",\"inLanguage\":\"fr-FR\",\"@id\":\"https:\\\/\\\/regions-snetap-fsu.fr\\\/cvdl\\\/2020\\\/10\\\/12\\\/congres-national\\\/#primaryimage\",\"url\":\"https:\\\/\\\/regions-snetap-fsu.fr\\\/cvdl\\\/wp-content\\\/uploads\\\/sites\\\/10\\\/2020\\\/10\\\/congres2020.png\",\"contentUrl\":\"https:\\\/\\\/regions-snetap-fsu.fr\\\/cvdl\\\/wp-content\\\/uploads\\\/sites\\\/10\\\/2020\\\/10\\\/congres2020.png\",\"width\":435,\"height\":200},{\"@type\":\"BreadcrumbList\",\"@id\":\"https:\\\/\\\/regions-snetap-fsu.fr\\\/cvdl\\\/2020\\\/10\\\/12\\\/congres-national\\\/#breadcrumb\",\"itemListElement\":[{\"@type\":\"ListItem\",\"position\":1,\"name\":\"Accueil\",\"item\":\"https:\\\/\\\/regions-snetap-fsu.fr\\\/cvdl\\\/\"},{\"@type\":\"ListItem\",\"position\":2,\"name\":\"CONGR\u00c8S NATIONAL\"}]},{\"@type\":\"WebSite\",\"@id\":\"https:\\\/\\\/regions-snetap-fsu.fr\\\/cvdl\\\/#website\",\"url\":\"https:\\\/\\\/regions-snetap-fsu.fr\\\/cvdl\\\/\",\"name\":\"SNETAP-FSU - CENTRE-VAL DE LOIRE\",\"description\":\"Le blog de la Section R\u00e9gionale\",\"publisher\":{\"@id\":\"https:\\\/\\\/regions-snetap-fsu.fr\\\/cvdl\\\/#organization\"},\"potentialAction\":[{\"@type\":\"SearchAction\",\"target\":{\"@type\":\"EntryPoint\",\"urlTemplate\":\"https:\\\/\\\/regions-snetap-fsu.fr\\\/cvdl\\\/?s={search_term_string}\"},\"query-input\":{\"@type\":\"PropertyValueSpecification\",\"valueRequired\":true,\"valueName\":\"search_term_string\"}}],\"inLanguage\":\"fr-FR\"},{\"@type\":\"Organization\",\"@id\":\"https:\\\/\\\/regions-snetap-fsu.fr\\\/cvdl\\\/#organization\",\"name\":\"SNETAP-FSU - Centre Val de Loire\",\"url\":\"https:\\\/\\\/regions-snetap-fsu.fr\\\/cvdl\\\/\",\"logo\":{\"@type\":\"ImageObject\",\"inLanguage\":\"fr-FR\",\"@id\":\"https:\\\/\\\/regions-snetap-fsu.fr\\\/cvdl\\\/#\\\/schema\\\/logo\\\/image\\\/\",\"url\":\"https:\\\/\\\/regions-snetap-fsu.fr\\\/cvdl\\\/wp-content\\\/uploads\\\/sites\\\/10\\\/2020\\\/09\\\/logo-SNETAP.png\",\"contentUrl\":\"https:\\\/\\\/regions-snetap-fsu.fr\\\/cvdl\\\/wp-content\\\/uploads\\\/sites\\\/10\\\/2020\\\/09\\\/logo-SNETAP.png\",\"width\":380,\"height\":290,\"caption\":\"SNETAP-FSU - Centre Val de Loire\"},\"image\":{\"@id\":\"https:\\\/\\\/regions-snetap-fsu.fr\\\/cvdl\\\/#\\\/schema\\\/logo\\\/image\\\/\"}},{\"@type\":\"Person\",\"@id\":\"https:\\\/\\\/regions-snetap-fsu.fr\\\/cvdl\\\/#\\\/schema\\\/person\\\/4bf7bfcfd5483dec77bc7a3532f5b895\",\"name\":\"amasson\",\"image\":{\"@type\":\"ImageObject\",\"inLanguage\":\"fr-FR\",\"@id\":\"https:\\\/\\\/secure.gravatar.com\\\/avatar\\\/603812a842658d69c5a357f4b2beb470231ad8ab03d31d1af5a8e107f8d945f2?s=96&d=mm&r=g\",\"url\":\"https:\\\/\\\/secure.gravatar.com\\\/avatar\\\/603812a842658d69c5a357f4b2beb470231ad8ab03d31d1af5a8e107f8d945f2?s=96&d=mm&r=g\",\"contentUrl\":\"https:\\\/\\\/secure.gravatar.com\\\/avatar\\\/603812a842658d69c5a357f4b2beb470231ad8ab03d31d1af5a8e107f8d945f2?s=96&d=mm&r=g\",\"caption\":\"amasson\"},\"url\":\"https:\\\/\\\/regions-snetap-fsu.fr\\\/cvdl\\\/author\\\/amasson\\\/\"}]}<\/script>\n<!-- \/ Yoast SEO plugin. -->","yoast_head_json":{"title":"CONGR\u00c8S NATIONAL - CENTRE-VAL DE LOIRE","robots":{"index":"index","follow":"follow","max-snippet":"max-snippet:-1","max-image-preview":"max-image-preview:large","max-video-preview":"max-video-preview:-1"},"canonical":"https:\/\/regions-snetap-fsu.fr\/cvdl\/2020\/10\/12\/congres-national\/","og_locale":"fr_FR","og_type":"article","og_title":"CONGR\u00c8S NATIONAL - CENTRE-VAL DE LOIRE","og_description":"Le prochain congr\u00e8s national du SNETAP aura lieu \u00e0 Poitiers les 18, 19 et 20 novembre prochain. \u00a0 Les inscriptions doivent se faire au plus tard \u00a0le 16 octobre prochain. En cliquant ici, vous trouverez les modalit\u00e9s de participation au congr\u00e8s ainsi que l&rsquo;ASA. \u00a0 Quelques rappels\u00a0: \u00a0&#8211; Chaque section avec moins de 40 adh\u00e9rent.es [&hellip;]","og_url":"https:\/\/regions-snetap-fsu.fr\/cvdl\/2020\/10\/12\/congres-national\/","og_site_name":"CENTRE-VAL DE LOIRE","article_published_time":"2020-10-12T09:41:03+00:00","article_modified_time":"2020-10-12T10:18:43+00:00","og_image":[{"width":435,"height":200,"url":"https:\/\/regions-snetap-fsu.fr\/cvdl\/wp-content\/uploads\/sites\/10\/2020\/10\/congres2020.png","type":"image\/png"}],"author":"amasson","twitter_card":"summary_large_image","twitter_misc":{"\u00c9crit par":"amasson","Dur\u00e9e de lecture estim\u00e9e":"1 minute"},"schema":{"@context":"https:\/\/schema.org","@graph":[{"@type":"Article","@id":"https:\/\/regions-snetap-fsu.fr\/cvdl\/2020\/10\/12\/congres-national\/#article","isPartOf":{"@id":"https:\/\/regions-snetap-fsu.fr\/cvdl\/2020\/10\/12\/congres-national\/"},"author":{"name":"amasson","@id":"https:\/\/regions-snetap-fsu.fr\/cvdl\/#\/schema\/person\/4bf7bfcfd5483dec77bc7a3532f5b895"},"headline":"CONGR\u00c8S NATIONAL","datePublished":"2020-10-12T09:41:03+00:00","dateModified":"2020-10-12T10:18:43+00:00","mainEntityOfPage":{"@id":"https:\/\/regions-snetap-fsu.fr\/cvdl\/2020\/10\/12\/congres-national\/"},"wordCount":168,"publisher":{"@id":"https:\/\/regions-snetap-fsu.fr\/cvdl\/#organization"},"image":{"@id":"https:\/\/regions-snetap-fsu.fr\/cvdl\/2020\/10\/12\/congres-national\/#primaryimage"},"thumbnailUrl":"https:\/\/regions-snetap-fsu.fr\/cvdl\/wp-content\/uploads\/sites\/10\/2020\/10\/congres2020.png","articleSection":["Infos"],"inLanguage":"fr-FR"},{"@type":"WebPage","@id":"https:\/\/regions-snetap-fsu.fr\/cvdl\/2020\/10\/12\/congres-national\/","url":"https:\/\/regions-snetap-fsu.fr\/cvdl\/2020\/10\/12\/congres-national\/","name":"CONGR\u00c8S NATIONAL - CENTRE-VAL DE LOIRE","isPartOf":{"@id":"https:\/\/regions-snetap-fsu.fr\/cvdl\/#website"},"primaryImageOfPage":{"@id":"https:\/\/regions-snetap-fsu.fr\/cvdl\/2020\/10\/12\/congres-national\/#primaryimage"},"image":{"@id":"https:\/\/regions-snetap-fsu.fr\/cvdl\/2020\/10\/12\/congres-national\/#primaryimage"},"thumbnailUrl":"https:\/\/regions-snetap-fsu.fr\/cvdl\/wp-content\/uploads\/sites\/10\/2020\/10\/congres2020.png","datePublished":"2020-10-12T09:41:03+00:00","dateModified":"2020-10-12T10:18:43+00:00","breadcrumb":{"@id":"https:\/\/regions-snetap-fsu.fr\/cvdl\/2020\/10\/12\/congres-national\/#breadcrumb"},"inLanguage":"fr-FR","potentialAction":[{"@type":"ReadAction","target":["https:\/\/regions-snetap-fsu.fr\/cvdl\/2020\/10\/12\/congres-national\/"]}]},{"@type":"ImageObject","inLanguage":"fr-FR","@id":"https:\/\/regions-snetap-fsu.fr\/cvdl\/2020\/10\/12\/congres-national\/#primaryimage","url":"https:\/\/regions-snetap-fsu.fr\/cvdl\/wp-content\/uploads\/sites\/10\/2020\/10\/congres2020.png","contentUrl":"https:\/\/regions-snetap-fsu.fr\/cvdl\/wp-content\/uploads\/sites\/10\/2020\/10\/congres2020.png","width":435,"height":200},{"@type":"BreadcrumbList","@id":"https:\/\/regions-snetap-fsu.fr\/cvdl\/2020\/10\/12\/congres-national\/#breadcrumb","itemListElement":[{"@type":"ListItem","position":1,"name":"Accueil","item":"https:\/\/regions-snetap-fsu.fr\/cvdl\/"},{"@type":"ListItem","position":2,"name":"CONGR\u00c8S NATIONAL"}]},{"@type":"WebSite","@id":"https:\/\/regions-snetap-fsu.fr\/cvdl\/#website","url":"https:\/\/regions-snetap-fsu.fr\/cvdl\/","name":"SNETAP-FSU - CENTRE-VAL DE LOIRE","description":"Le blog de la Section R\u00e9gionale","publisher":{"@id":"https:\/\/regions-snetap-fsu.fr\/cvdl\/#organization"},"potentialAction":[{"@type":"SearchAction","target":{"@type":"EntryPoint","urlTemplate":"https:\/\/regions-snetap-fsu.fr\/cvdl\/?s={search_term_string}"},"query-input":{"@type":"PropertyValueSpecification","valueRequired":true,"valueName":"search_term_string"}}],"inLanguage":"fr-FR"},{"@type":"Organization","@id":"https:\/\/regions-snetap-fsu.fr\/cvdl\/#organization","name":"SNETAP-FSU - Centre Val de Loire","url":"https:\/\/regions-snetap-fsu.fr\/cvdl\/","logo":{"@type":"ImageObject","inLanguage":"fr-FR","@id":"https:\/\/regions-snetap-fsu.fr\/cvdl\/#\/schema\/logo\/image\/","url":"https:\/\/regions-snetap-fsu.fr\/cvdl\/wp-content\/uploads\/sites\/10\/2020\/09\/logo-SNETAP.png","contentUrl":"https:\/\/regions-snetap-fsu.fr\/cvdl\/wp-content\/uploads\/sites\/10\/2020\/09\/logo-SNETAP.png","width":380,"height":290,"caption":"SNETAP-FSU - Centre Val de Loire"},"image":{"@id":"https:\/\/regions-snetap-fsu.fr\/cvdl\/#\/schema\/logo\/image\/"}},{"@type":"Person","@id":"https:\/\/regions-snetap-fsu.fr\/cvdl\/#\/schema\/person\/4bf7bfcfd5483dec77bc7a3532f5b895","name":"amasson","image":{"@type":"ImageObject","inLanguage":"fr-FR","@id":"https:\/\/secure.gravatar.com\/avatar\/603812a842658d69c5a357f4b2beb470231ad8ab03d31d1af5a8e107f8d945f2?s=96&d=mm&r=g","url":"https:\/\/secure.gravatar.com\/avatar\/603812a842658d69c5a357f4b2beb470231ad8ab03d31d1af5a8e107f8d945f2?s=96&d=mm&r=g","contentUrl":"https:\/\/secure.gravatar.com\/avatar\/603812a842658d69c5a357f4b2beb470231ad8ab03d31d1af5a8e107f8d945f2?s=96&d=mm&r=g","caption":"amasson"},"url":"https:\/\/regions-snetap-fsu.fr\/cvdl\/author\/amasson\/"}]}},"_links":{"self":[{"href":"https:\/\/regions-snetap-fsu.fr\/cvdl\/wp-json\/wp\/v2\/posts\/1511","targetHints":{"allow":["GET"]}}],"collection":[{"href":"https:\/\/regions-snetap-fsu.fr\/cvdl\/wp-json\/wp\/v2\/posts"}],"about":[{"href":"https:\/\/regions-snetap-fsu.fr\/cvdl\/wp-json\/wp\/v2\/types\/post"}],"author":[{"embeddable":true,"href":"https:\/\/regions-snetap-fsu.fr\/cvdl\/wp-json\/wp\/v2\/users\/129"}],"replies":[{"embeddable":true,"href":"https:\/\/regions-snetap-fsu.fr\/cvdl\/wp-json\/wp\/v2\/comments?post=1511"}],"version-history":[{"count":3,"href":"https:\/\/regions-snetap-fsu.fr\/cvdl\/wp-json\/wp\/v2\/posts\/1511\/revisions"}],"predecessor-version":[{"id":1515,"href":"https:\/\/regions-snetap-fsu.fr\/cvdl\/wp-json\/wp\/v2\/posts\/1511\/revisions\/1515"}],"wp:featuredmedia":[{"embeddable":true,"href":"https:\/\/regions-snetap-fsu.fr\/cvdl\/wp-json\/wp\/v2\/media\/1514"}],"wp:attachment":[{"href":"https:\/\/regions-snetap-fsu.fr\/cvdl\/wp-json\/wp\/v2\/media?parent=1511"}],"wp:term":[{"taxonomy":"category","embeddable":true,"href":"https:\/\/regions-snetap-fsu.fr\/cvdl\/wp-json\/wp\/v2\/categories?post=1511"},{"taxonomy":"post_tag","embeddable":true,"href":"https:\/\/regions-snetap-fsu.fr\/cvdl\/wp-json\/wp\/v2\/tags?post=1511"},{"taxonomy":"post_folder","embeddable":true,"href":"https:\/\/regions-snetap-fsu.fr\/cvdl\/wp-json\/wp\/v2\/post_folder?post=1511"}],"curies":[{"name":"wp","href":"https:\/\/api.w.org\/{rel}","templated":true}]}}