{"id":1309,"date":"2020-04-08T13:42:28","date_gmt":"2020-04-08T11:42:28","guid":{"rendered":"https:\/\/regions-snetap-fsu.fr\/cvdl\/?p=1309"},"modified":"2020-04-08T13:43:38","modified_gmt":"2020-04-08T11:43:38","slug":"mobilite-2020-titulaires-et-acen","status":"publish","type":"post","link":"https:\/\/regions-snetap-fsu.fr\/cvdl\/2020\/04\/08\/mobilite-2020-titulaires-et-acen\/","title":{"rendered":"Mobilit\u00e9 2020 titulaires et ACEN"},"content":{"rendered":"<div align=\"left\"><span style=\"font-family: arial, helvetica, sans-serif;font-size: 20px\"><span style=\"color: #000000\"><u><strong>Mobilit\u00e9 des titulaires et ACEN CDI<\/strong><\/u><\/span><\/span><\/div>\n<div align=\"left\"><span style=\"font-family: arial, helvetica, sans-serif;font-size: 20px\"><span style=\"color: #000000\">La publication des r\u00e9sultats de la mobilit\u00e9 des enseignant.es et CPE titulaires et en CDI sera d\u00e9cal\u00e9e d\u2019une semaine, soit durant la<\/span><span style=\"color: #0000dd\"> semaine du 16 au 23 avril prochain<\/span><span style=\"color: #000000\">. <\/span><\/span><span style=\"color: #000000;font-family: arial, helvetica, sans-serif;font-size: 20px\">D\u00e9s publication de ces d\u00e9cisions, tout agent disposera d\u2019un droit de recours pour contester la d\u00e9cision de l\u2019administration. Retrouvez ici le d\u00e9tail de ce droit :\u00a0<\/span><a href=\"https:\/\/www.snetap-fsu.fr\/Rentree-2020-les-notes-de-services-sont-sorties.html\" target=\"_blank\" rel=\"noopener noreferrer\"><span style=\"font-family: Times New Roman;font-size: xx-small\"><span style=\"font-family: arial, helvetica, sans-serif;font-size: 20px\">https:\/\/www.snetap-fsu.fr\/Rentree-2020-les-notes-de-services-sont-sorties.html<\/span><\/span><\/a><\/div>\n<div align=\"left\">\n<div align=\"left\"><strong><span style=\"color: #000000;font-family: arial, helvetica, sans-serif;font-size: 20px\"><u> Mobilit\u00e9 des ACEN en CDD et double inspection d\u00e9favorable<br \/>\n<\/u><\/span><\/strong><\/div>\n<div align=\"left\"><span style=\"font-family: arial, helvetica, sans-serif;font-size: 20px\"><span style=\"color: #000000\">Suite \u00e0 l&rsquo;intervention du SNETAP, contre l\u2019avis de l\u2019administration et apr\u00e8s arbitrage favorable du cabinet du ministre ce sera une v\u00e9ritable campagne de mobilit\u00e9 avec la possibilit\u00e9 d\u2019affectation de coll\u00e8gues contractuels dans un autre \u00e9tablissement sans passer par une nouvelle proc\u00e9dure de recrutement. <a style=\"color: #000000\" href=\"https:\/\/www.snetap-fsu.fr\/Rentree-2020-L-administration-torpille-la-campagne-de-mobilite-nationale-des.html\" target=\"_blank\" rel=\"noopener noreferrer\"><span style=\"color: #3366ff\"><span style=\"color: #0000ff\"><span style=\"color: #3366ff\">https:\/\/www.snetap-fsu.fr\/Rentree-2020-L-administration-torpille-la-campagne-de-mobilite-nationale-des.html<\/span><\/span><\/span><\/a><\/span><\/span><\/div>\n<div align=\"left\"><span style=\"color: #000000;font-family: arial, helvetica, sans-serif;font-size: 20px\">A propos des coll\u00e8gues ACEN qui ont \u00e9t\u00e9 inspect\u00e9.es d\u00e9favorablement, le SNETAP demande un moratoire pour la fin de cette ann\u00e9e scolaire si singuli\u00e8re, permettant ainsi leur embauche l\u2019ann\u00e9e prochaine avec un accompagnement individualis\u00e9.<\/span><\/div>\n<div style=\"text-align: center\" align=\"left\">_______________________________<\/div>\n<\/div>\n","protected":false},"excerpt":{"rendered":"<p>Mobilit\u00e9 des titulaires et ACEN CDI La publication des r\u00e9sultats de la mobilit\u00e9 des enseignant.es et CPE titulaires et en CDI sera d\u00e9cal\u00e9e d\u2019une semaine, soit durant la semaine du 16 au 23 avril prochain. D\u00e9s publication de ces d\u00e9cisions, tout agent disposera d\u2019un droit de recours pour contester la d\u00e9cision de l\u2019administration. Retrouvez ici [&hellip;]<\/p>\n","protected":false},"author":129,"featured_media":0,"comment_status":"closed","ping_status":"closed","sticky":false,"template":"","format":"standard","meta":{"ocean_post_layout":"","ocean_both_sidebars_style":"","ocean_both_sidebars_content_width":0,"ocean_both_sidebars_sidebars_width":0,"ocean_sidebar":"","ocean_second_sidebar":"","ocean_disable_margins":"enable","ocean_add_body_class":"","ocean_shortcode_before_top_bar":"","ocean_shortcode_after_top_bar":"","ocean_shortcode_before_header":"","ocean_shortcode_after_header":"","ocean_has_shortcode":"","ocean_shortcode_after_title":"","ocean_shortcode_before_footer_widgets":"","ocean_shortcode_after_footer_widgets":"","ocean_shortcode_before_footer_bottom":"","ocean_shortcode_after_footer_bottom":"","ocean_display_top_bar":"default","ocean_display_header":"default","ocean_header_style":"","ocean_center_header_left_menu":"","ocean_custom_header_template":"","ocean_custom_logo":0,"ocean_custom_retina_logo":0,"ocean_custom_logo_max_width":0,"ocean_custom_logo_tablet_max_width":0,"ocean_custom_logo_mobile_max_width":0,"ocean_custom_logo_max_height":0,"ocean_custom_logo_tablet_max_height":0,"ocean_custom_logo_mobile_max_height":0,"ocean_header_custom_menu":"","ocean_menu_typo_font_family":"","ocean_menu_typo_font_subset":"","ocean_menu_typo_font_size":0,"ocean_menu_typo_font_size_tablet":0,"ocean_menu_typo_font_size_mobile":0,"ocean_menu_typo_font_size_unit":"px","ocean_menu_typo_font_weight":"","ocean_menu_typo_font_weight_tablet":"","ocean_menu_typo_font_weight_mobile":"","ocean_menu_typo_transform":"","ocean_menu_typo_transform_tablet":"","ocean_menu_typo_transform_mobile":"","ocean_menu_typo_line_height":0,"ocean_menu_typo_line_height_tablet":0,"ocean_menu_typo_line_height_mobile":0,"ocean_menu_typo_line_height_unit":"","ocean_menu_typo_spacing":0,"ocean_menu_typo_spacing_tablet":0,"ocean_menu_typo_spacing_mobile":0,"ocean_menu_typo_spacing_unit":"","ocean_menu_link_color":"","ocean_menu_link_color_hover":"","ocean_menu_link_color_active":"","ocean_menu_link_background":"","ocean_menu_link_hover_background":"","ocean_menu_link_active_background":"","ocean_menu_social_links_bg":"","ocean_menu_social_hover_links_bg":"","ocean_menu_social_links_color":"","ocean_menu_social_hover_links_color":"","ocean_disable_title":"default","ocean_disable_heading":"default","ocean_post_title":"","ocean_post_subheading":"","ocean_post_title_style":"","ocean_post_title_background_color":"","ocean_post_title_background":0,"ocean_post_title_bg_image_position":"","ocean_post_title_bg_image_attachment":"","ocean_post_title_bg_image_repeat":"","ocean_post_title_bg_image_size":"","ocean_post_title_height":0,"ocean_post_title_bg_overlay":0.5,"ocean_post_title_bg_overlay_color":"","ocean_disable_breadcrumbs":"default","ocean_breadcrumbs_color":"","ocean_breadcrumbs_separator_color":"","ocean_breadcrumbs_links_color":"","ocean_breadcrumbs_links_hover_color":"","ocean_display_footer_widgets":"default","ocean_display_footer_bottom":"default","ocean_custom_footer_template":"","ocean_post_oembed":"","ocean_post_self_hosted_media":"","ocean_post_video_embed":"","ocean_link_format":"","ocean_link_format_target":"self","ocean_quote_format":"","ocean_quote_format_link":"post","ocean_gallery_link_images":"on","ocean_gallery_id":[],"footnotes":""},"categories":[1],"tags":[],"post_folder":[],"class_list":["post-1309","post","type-post","status-publish","format-standard","hentry","category-non-classe","entry"],"yoast_head":"<!-- This site is optimized with the Yoast SEO plugin v27.4 - https:\/\/yoast.com\/product\/yoast-seo-wordpress\/ -->\n<title>Mobilit\u00e9 2020 titulaires et ACEN - CENTRE-VAL DE LOIRE<\/title>\n<meta name=\"robots\" content=\"index, follow, max-snippet:-1, max-image-preview:large, max-video-preview:-1\" \/>\n<link rel=\"canonical\" href=\"https:\/\/regions-snetap-fsu.fr\/cvdl\/2020\/04\/08\/mobilite-2020-titulaires-et-acen\/\" \/>\n<meta property=\"og:locale\" content=\"fr_FR\" \/>\n<meta property=\"og:type\" content=\"article\" \/>\n<meta property=\"og:title\" content=\"Mobilit\u00e9 2020 titulaires et ACEN - CENTRE-VAL DE LOIRE\" \/>\n<meta property=\"og:description\" content=\"Mobilit\u00e9 des titulaires et ACEN CDI La publication des r\u00e9sultats de la mobilit\u00e9 des enseignant.es et CPE titulaires et en CDI sera d\u00e9cal\u00e9e d\u2019une semaine, soit durant la semaine du 16 au 23 avril prochain. D\u00e9s publication de ces d\u00e9cisions, tout agent disposera d\u2019un droit de recours pour contester la d\u00e9cision de l\u2019administration. Retrouvez ici [&hellip;]\" \/>\n<meta property=\"og:url\" content=\"https:\/\/regions-snetap-fsu.fr\/cvdl\/2020\/04\/08\/mobilite-2020-titulaires-et-acen\/\" \/>\n<meta property=\"og:site_name\" content=\"CENTRE-VAL DE LOIRE\" \/>\n<meta property=\"article:published_time\" content=\"2020-04-08T11:42:28+00:00\" \/>\n<meta property=\"article:modified_time\" content=\"2020-04-08T11:43:38+00:00\" \/>\n<meta name=\"author\" content=\"amasson\" \/>\n<meta name=\"twitter:card\" content=\"summary_large_image\" \/>\n<meta name=\"twitter:label1\" content=\"\u00c9crit par\" \/>\n\t<meta name=\"twitter:data1\" content=\"amasson\" \/>\n\t<meta name=\"twitter:label2\" content=\"Dur\u00e9e de lecture estim\u00e9e\" \/>\n\t<meta name=\"twitter:data2\" content=\"1 minute\" \/>\n<script type=\"application\/ld+json\" class=\"yoast-schema-graph\">{\"@context\":\"https:\\\/\\\/schema.org\",\"@graph\":[{\"@type\":\"Article\",\"@id\":\"https:\\\/\\\/regions-snetap-fsu.fr\\\/cvdl\\\/2020\\\/04\\\/08\\\/mobilite-2020-titulaires-et-acen\\\/#article\",\"isPartOf\":{\"@id\":\"https:\\\/\\\/regions-snetap-fsu.fr\\\/cvdl\\\/2020\\\/04\\\/08\\\/mobilite-2020-titulaires-et-acen\\\/\"},\"author\":{\"name\":\"amasson\",\"@id\":\"https:\\\/\\\/regions-snetap-fsu.fr\\\/cvdl\\\/#\\\/schema\\\/person\\\/4bf7bfcfd5483dec77bc7a3532f5b895\"},\"headline\":\"Mobilit\u00e9 2020 titulaires et ACEN\",\"datePublished\":\"2020-04-08T11:42:28+00:00\",\"dateModified\":\"2020-04-08T11:43:38+00:00\",\"mainEntityOfPage\":{\"@id\":\"https:\\\/\\\/regions-snetap-fsu.fr\\\/cvdl\\\/2020\\\/04\\\/08\\\/mobilite-2020-titulaires-et-acen\\\/\"},\"wordCount\":188,\"publisher\":{\"@id\":\"https:\\\/\\\/regions-snetap-fsu.fr\\\/cvdl\\\/#organization\"},\"inLanguage\":\"fr-FR\"},{\"@type\":\"WebPage\",\"@id\":\"https:\\\/\\\/regions-snetap-fsu.fr\\\/cvdl\\\/2020\\\/04\\\/08\\\/mobilite-2020-titulaires-et-acen\\\/\",\"url\":\"https:\\\/\\\/regions-snetap-fsu.fr\\\/cvdl\\\/2020\\\/04\\\/08\\\/mobilite-2020-titulaires-et-acen\\\/\",\"name\":\"Mobilit\u00e9 2020 titulaires et ACEN - CENTRE-VAL DE LOIRE\",\"isPartOf\":{\"@id\":\"https:\\\/\\\/regions-snetap-fsu.fr\\\/cvdl\\\/#website\"},\"datePublished\":\"2020-04-08T11:42:28+00:00\",\"dateModified\":\"2020-04-08T11:43:38+00:00\",\"breadcrumb\":{\"@id\":\"https:\\\/\\\/regions-snetap-fsu.fr\\\/cvdl\\\/2020\\\/04\\\/08\\\/mobilite-2020-titulaires-et-acen\\\/#breadcrumb\"},\"inLanguage\":\"fr-FR\",\"potentialAction\":[{\"@type\":\"ReadAction\",\"target\":[\"https:\\\/\\\/regions-snetap-fsu.fr\\\/cvdl\\\/2020\\\/04\\\/08\\\/mobilite-2020-titulaires-et-acen\\\/\"]}]},{\"@type\":\"BreadcrumbList\",\"@id\":\"https:\\\/\\\/regions-snetap-fsu.fr\\\/cvdl\\\/2020\\\/04\\\/08\\\/mobilite-2020-titulaires-et-acen\\\/#breadcrumb\",\"itemListElement\":[{\"@type\":\"ListItem\",\"position\":1,\"name\":\"Accueil\",\"item\":\"https:\\\/\\\/regions-snetap-fsu.fr\\\/cvdl\\\/\"},{\"@type\":\"ListItem\",\"position\":2,\"name\":\"Mobilit\u00e9 2020 titulaires et ACEN\"}]},{\"@type\":\"WebSite\",\"@id\":\"https:\\\/\\\/regions-snetap-fsu.fr\\\/cvdl\\\/#website\",\"url\":\"https:\\\/\\\/regions-snetap-fsu.fr\\\/cvdl\\\/\",\"name\":\"SNETAP-FSU - CENTRE-VAL DE LOIRE\",\"description\":\"Le blog de la Section R\u00e9gionale\",\"publisher\":{\"@id\":\"https:\\\/\\\/regions-snetap-fsu.fr\\\/cvdl\\\/#organization\"},\"potentialAction\":[{\"@type\":\"SearchAction\",\"target\":{\"@type\":\"EntryPoint\",\"urlTemplate\":\"https:\\\/\\\/regions-snetap-fsu.fr\\\/cvdl\\\/?s={search_term_string}\"},\"query-input\":{\"@type\":\"PropertyValueSpecification\",\"valueRequired\":true,\"valueName\":\"search_term_string\"}}],\"inLanguage\":\"fr-FR\"},{\"@type\":\"Organization\",\"@id\":\"https:\\\/\\\/regions-snetap-fsu.fr\\\/cvdl\\\/#organization\",\"name\":\"SNETAP-FSU - Centre Val de Loire\",\"url\":\"https:\\\/\\\/regions-snetap-fsu.fr\\\/cvdl\\\/\",\"logo\":{\"@type\":\"ImageObject\",\"inLanguage\":\"fr-FR\",\"@id\":\"https:\\\/\\\/regions-snetap-fsu.fr\\\/cvdl\\\/#\\\/schema\\\/logo\\\/image\\\/\",\"url\":\"https:\\\/\\\/regions-snetap-fsu.fr\\\/cvdl\\\/wp-content\\\/uploads\\\/sites\\\/10\\\/2020\\\/09\\\/logo-SNETAP.png\",\"contentUrl\":\"https:\\\/\\\/regions-snetap-fsu.fr\\\/cvdl\\\/wp-content\\\/uploads\\\/sites\\\/10\\\/2020\\\/09\\\/logo-SNETAP.png\",\"width\":380,\"height\":290,\"caption\":\"SNETAP-FSU - Centre Val de Loire\"},\"image\":{\"@id\":\"https:\\\/\\\/regions-snetap-fsu.fr\\\/cvdl\\\/#\\\/schema\\\/logo\\\/image\\\/\"}},{\"@type\":\"Person\",\"@id\":\"https:\\\/\\\/regions-snetap-fsu.fr\\\/cvdl\\\/#\\\/schema\\\/person\\\/4bf7bfcfd5483dec77bc7a3532f5b895\",\"name\":\"amasson\",\"image\":{\"@type\":\"ImageObject\",\"inLanguage\":\"fr-FR\",\"@id\":\"https:\\\/\\\/secure.gravatar.com\\\/avatar\\\/603812a842658d69c5a357f4b2beb470231ad8ab03d31d1af5a8e107f8d945f2?s=96&d=mm&r=g\",\"url\":\"https:\\\/\\\/secure.gravatar.com\\\/avatar\\\/603812a842658d69c5a357f4b2beb470231ad8ab03d31d1af5a8e107f8d945f2?s=96&d=mm&r=g\",\"contentUrl\":\"https:\\\/\\\/secure.gravatar.com\\\/avatar\\\/603812a842658d69c5a357f4b2beb470231ad8ab03d31d1af5a8e107f8d945f2?s=96&d=mm&r=g\",\"caption\":\"amasson\"},\"url\":\"https:\\\/\\\/regions-snetap-fsu.fr\\\/cvdl\\\/author\\\/amasson\\\/\"}]}<\/script>\n<!-- \/ Yoast SEO plugin. -->","yoast_head_json":{"title":"Mobilit\u00e9 2020 titulaires et ACEN - CENTRE-VAL DE LOIRE","robots":{"index":"index","follow":"follow","max-snippet":"max-snippet:-1","max-image-preview":"max-image-preview:large","max-video-preview":"max-video-preview:-1"},"canonical":"https:\/\/regions-snetap-fsu.fr\/cvdl\/2020\/04\/08\/mobilite-2020-titulaires-et-acen\/","og_locale":"fr_FR","og_type":"article","og_title":"Mobilit\u00e9 2020 titulaires et ACEN - CENTRE-VAL DE LOIRE","og_description":"Mobilit\u00e9 des titulaires et ACEN CDI La publication des r\u00e9sultats de la mobilit\u00e9 des enseignant.es et CPE titulaires et en CDI sera d\u00e9cal\u00e9e d\u2019une semaine, soit durant la semaine du 16 au 23 avril prochain. D\u00e9s publication de ces d\u00e9cisions, tout agent disposera d\u2019un droit de recours pour contester la d\u00e9cision de l\u2019administration. Retrouvez ici [&hellip;]","og_url":"https:\/\/regions-snetap-fsu.fr\/cvdl\/2020\/04\/08\/mobilite-2020-titulaires-et-acen\/","og_site_name":"CENTRE-VAL DE LOIRE","article_published_time":"2020-04-08T11:42:28+00:00","article_modified_time":"2020-04-08T11:43:38+00:00","author":"amasson","twitter_card":"summary_large_image","twitter_misc":{"\u00c9crit par":"amasson","Dur\u00e9e de lecture estim\u00e9e":"1 minute"},"schema":{"@context":"https:\/\/schema.org","@graph":[{"@type":"Article","@id":"https:\/\/regions-snetap-fsu.fr\/cvdl\/2020\/04\/08\/mobilite-2020-titulaires-et-acen\/#article","isPartOf":{"@id":"https:\/\/regions-snetap-fsu.fr\/cvdl\/2020\/04\/08\/mobilite-2020-titulaires-et-acen\/"},"author":{"name":"amasson","@id":"https:\/\/regions-snetap-fsu.fr\/cvdl\/#\/schema\/person\/4bf7bfcfd5483dec77bc7a3532f5b895"},"headline":"Mobilit\u00e9 2020 titulaires et ACEN","datePublished":"2020-04-08T11:42:28+00:00","dateModified":"2020-04-08T11:43:38+00:00","mainEntityOfPage":{"@id":"https:\/\/regions-snetap-fsu.fr\/cvdl\/2020\/04\/08\/mobilite-2020-titulaires-et-acen\/"},"wordCount":188,"publisher":{"@id":"https:\/\/regions-snetap-fsu.fr\/cvdl\/#organization"},"inLanguage":"fr-FR"},{"@type":"WebPage","@id":"https:\/\/regions-snetap-fsu.fr\/cvdl\/2020\/04\/08\/mobilite-2020-titulaires-et-acen\/","url":"https:\/\/regions-snetap-fsu.fr\/cvdl\/2020\/04\/08\/mobilite-2020-titulaires-et-acen\/","name":"Mobilit\u00e9 2020 titulaires et ACEN - CENTRE-VAL DE LOIRE","isPartOf":{"@id":"https:\/\/regions-snetap-fsu.fr\/cvdl\/#website"},"datePublished":"2020-04-08T11:42:28+00:00","dateModified":"2020-04-08T11:43:38+00:00","breadcrumb":{"@id":"https:\/\/regions-snetap-fsu.fr\/cvdl\/2020\/04\/08\/mobilite-2020-titulaires-et-acen\/#breadcrumb"},"inLanguage":"fr-FR","potentialAction":[{"@type":"ReadAction","target":["https:\/\/regions-snetap-fsu.fr\/cvdl\/2020\/04\/08\/mobilite-2020-titulaires-et-acen\/"]}]},{"@type":"BreadcrumbList","@id":"https:\/\/regions-snetap-fsu.fr\/cvdl\/2020\/04\/08\/mobilite-2020-titulaires-et-acen\/#breadcrumb","itemListElement":[{"@type":"ListItem","position":1,"name":"Accueil","item":"https:\/\/regions-snetap-fsu.fr\/cvdl\/"},{"@type":"ListItem","position":2,"name":"Mobilit\u00e9 2020 titulaires et ACEN"}]},{"@type":"WebSite","@id":"https:\/\/regions-snetap-fsu.fr\/cvdl\/#website","url":"https:\/\/regions-snetap-fsu.fr\/cvdl\/","name":"SNETAP-FSU - CENTRE-VAL DE LOIRE","description":"Le blog de la Section R\u00e9gionale","publisher":{"@id":"https:\/\/regions-snetap-fsu.fr\/cvdl\/#organization"},"potentialAction":[{"@type":"SearchAction","target":{"@type":"EntryPoint","urlTemplate":"https:\/\/regions-snetap-fsu.fr\/cvdl\/?s={search_term_string}"},"query-input":{"@type":"PropertyValueSpecification","valueRequired":true,"valueName":"search_term_string"}}],"inLanguage":"fr-FR"},{"@type":"Organization","@id":"https:\/\/regions-snetap-fsu.fr\/cvdl\/#organization","name":"SNETAP-FSU - Centre Val de Loire","url":"https:\/\/regions-snetap-fsu.fr\/cvdl\/","logo":{"@type":"ImageObject","inLanguage":"fr-FR","@id":"https:\/\/regions-snetap-fsu.fr\/cvdl\/#\/schema\/logo\/image\/","url":"https:\/\/regions-snetap-fsu.fr\/cvdl\/wp-content\/uploads\/sites\/10\/2020\/09\/logo-SNETAP.png","contentUrl":"https:\/\/regions-snetap-fsu.fr\/cvdl\/wp-content\/uploads\/sites\/10\/2020\/09\/logo-SNETAP.png","width":380,"height":290,"caption":"SNETAP-FSU - Centre Val de Loire"},"image":{"@id":"https:\/\/regions-snetap-fsu.fr\/cvdl\/#\/schema\/logo\/image\/"}},{"@type":"Person","@id":"https:\/\/regions-snetap-fsu.fr\/cvdl\/#\/schema\/person\/4bf7bfcfd5483dec77bc7a3532f5b895","name":"amasson","image":{"@type":"ImageObject","inLanguage":"fr-FR","@id":"https:\/\/secure.gravatar.com\/avatar\/603812a842658d69c5a357f4b2beb470231ad8ab03d31d1af5a8e107f8d945f2?s=96&d=mm&r=g","url":"https:\/\/secure.gravatar.com\/avatar\/603812a842658d69c5a357f4b2beb470231ad8ab03d31d1af5a8e107f8d945f2?s=96&d=mm&r=g","contentUrl":"https:\/\/secure.gravatar.com\/avatar\/603812a842658d69c5a357f4b2beb470231ad8ab03d31d1af5a8e107f8d945f2?s=96&d=mm&r=g","caption":"amasson"},"url":"https:\/\/regions-snetap-fsu.fr\/cvdl\/author\/amasson\/"}]}},"_links":{"self":[{"href":"https:\/\/regions-snetap-fsu.fr\/cvdl\/wp-json\/wp\/v2\/posts\/1309","targetHints":{"allow":["GET"]}}],"collection":[{"href":"https:\/\/regions-snetap-fsu.fr\/cvdl\/wp-json\/wp\/v2\/posts"}],"about":[{"href":"https:\/\/regions-snetap-fsu.fr\/cvdl\/wp-json\/wp\/v2\/types\/post"}],"author":[{"embeddable":true,"href":"https:\/\/regions-snetap-fsu.fr\/cvdl\/wp-json\/wp\/v2\/users\/129"}],"replies":[{"embeddable":true,"href":"https:\/\/regions-snetap-fsu.fr\/cvdl\/wp-json\/wp\/v2\/comments?post=1309"}],"version-history":[{"count":4,"href":"https:\/\/regions-snetap-fsu.fr\/cvdl\/wp-json\/wp\/v2\/posts\/1309\/revisions"}],"predecessor-version":[{"id":1313,"href":"https:\/\/regions-snetap-fsu.fr\/cvdl\/wp-json\/wp\/v2\/posts\/1309\/revisions\/1313"}],"wp:attachment":[{"href":"https:\/\/regions-snetap-fsu.fr\/cvdl\/wp-json\/wp\/v2\/media?parent=1309"}],"wp:term":[{"taxonomy":"category","embeddable":true,"href":"https:\/\/regions-snetap-fsu.fr\/cvdl\/wp-json\/wp\/v2\/categories?post=1309"},{"taxonomy":"post_tag","embeddable":true,"href":"https:\/\/regions-snetap-fsu.fr\/cvdl\/wp-json\/wp\/v2\/tags?post=1309"},{"taxonomy":"post_folder","embeddable":true,"href":"https:\/\/regions-snetap-fsu.fr\/cvdl\/wp-json\/wp\/v2\/post_folder?post=1309"}],"curies":[{"name":"wp","href":"https:\/\/api.w.org\/{rel}","templated":true}]}}