{"id":1281,"date":"2020-02-29T21:28:56","date_gmt":"2020-02-29T20:28:56","guid":{"rendered":"https:\/\/regions-snetap-fsu.fr\/cvdl\/?p=1281"},"modified":"2020-02-29T21:28:56","modified_gmt":"2020-02-29T20:28:56","slug":"la-retraite-a-point-ca-passe-pas","status":"publish","type":"post","link":"https:\/\/regions-snetap-fsu.fr\/cvdl\/2020\/02\/29\/la-retraite-a-point-ca-passe-pas\/","title":{"rendered":"La retraite \u00e0 point, \u00e7a passe pas !"},"content":{"rendered":"<div align=\"left\"><span style=\"color: #000000;font-family: arial;font-size: 20px\">L&rsquo;utilisation probable du 49.3 pour un passage en force de la r\u00e9forme des retraites est le dernier coup port\u00e9 \u00e0 l&rsquo;encontre de la majorit\u00e9 des fran\u00e7ais.e.s qui rejette toujours cette mise \u00e0 mal des retraites. Sans compter toutes les zones d&rsquo;ombre qui masquent mal la d\u00e9gradation des retraites \u00e0 venir pour la majorit\u00e9 des fran\u00e7ais.e.s.<\/span><\/div>\n<div align=\"left\"><span style=\"font-size: 20px\"><span style=\"color: #000000;font-family: arial\">Les opposant.es proposent un <\/span><span style=\"color: #dd0000;font-family: arial\">grand rendez-vous de manifestation le 31 mars<\/span><span style=\"color: #000000;font-family: arial\"> ou avant selon l&rsquo;actualit\u00e9 (<\/span><span style=\"color: #dd0000;font-family: arial\">si utilisation du 49-3, manifestation le jour-m\u00eame \u00e0 18h, place du capitole<\/span><span style=\"color: #000000;font-family: arial\">).<\/span><\/span><\/div>\n<div align=\"left\"><span style=\"color: #0000dd;font-family: arial;font-size: 20px\">Mais avant, nous vous proposons d&rsquo;envoyer indivisuellement un courrier type aux d\u00e9put\u00e9.e.s de la majorit\u00e9 (par courriel ou lettre), du genre:<\/span><\/div>\n<div align=\"left\"><span style=\"color: #000000;font-family: arial;font-size: 20px\"><i> \u00ab\u00a0Madame, Monsieur, je tiens \u00e0 vous alerter sur le d\u00e9ni de d\u00e9mocratie que repr\u00e9sente l&rsquo;utilisation probable du 49.3 pour faire passer en force une r\u00e9forme des retraites toujours massivement rejet\u00e9e par les fran\u00e7ais.e.s. Le mandat que le peuple vous a confi\u00e9 est bien de le repr\u00e9senter et non pas d&rsquo;agir contre ses int\u00e9r\u00eats. Votre soutien \u00e0 ce projet injuste et incertain marque votre m\u00e9pris du peuple et de la d\u00e9mocratie\u00a0\u00bb.<\/i><\/span><\/div>\n<div align=\"left\"><span style=\"color: #000000;font-family: arial, helvetica, sans-serif;font-size: 20px\">Voici la liste de nos d\u00e9put\u00e9s par d\u00e9partement pour notre r\u00e9gion:<\/span><\/div>\n<div align=\"left\"><span style=\"font-size: 16px\"><span style=\"color: #000000;font-family: Times New Roman\">\u00a0\u00a0\u00a0\u00a0\u00a0\u00a0\u00a0\u00a0<\/span><span id=\"OBJ_PREFIX_DWT386_com_zimbra_url\" class=\"Object\"><a href=\"https:\/\/www.nosdeputes.fr\/circonscription\/departement\/Cher\" target=\"_blank\" rel=\"noopener noreferrer\"><span style=\"font-family: Times New Roman\">https:\/\/www.nosdeputes.fr\/circonscription\/departement\/Cher<\/span><\/a><\/span><\/span><\/div>\n<div align=\"left\"><span style=\"font-size: 16px\"><span style=\"color: #000000;font-family: Times New Roman\">\u00a0\u00a0\u00a0\u00a0\u00a0\u00a0\u00a0\u00a0<\/span><span id=\"OBJ_PREFIX_DWT387_com_zimbra_url\" class=\"Object\"><a href=\"https:\/\/www.nosdeputes.fr\/circonscription\/departement\/Indre\" target=\"_blank\" rel=\"noopener noreferrer\"><span style=\"font-family: Times New Roman\">https:\/\/www.nosdeputes.fr\/circonscription\/departement\/Indre<\/span><\/a><\/span><\/span><\/div>\n<div align=\"left\"><span style=\"font-size: 16px\"><span style=\"color: #000000;font-family: Arial\"> \u00a0\u00a0\u00a0\u00a0\u00a0\u00a0 <\/span><span id=\"OBJ_PREFIX_DWT388_com_zimbra_url\" class=\"Object\"><a href=\"https:\/\/www.nosdeputes.fr\/circonscription\/departement\/Indre-et-Loire\" target=\"_blank\" rel=\"noopener noreferrer\"><span style=\"font-family: Times New Roman\">https:\/\/www.nosdeputes.fr\/circonscription\/departement\/Indre-et-Loire<\/span><\/a><\/span><\/span><\/div>\n<div align=\"left\"><span style=\"font-size: 16px\"><span style=\"color: #000000;font-family: Times New Roman\">\u00a0\u00a0\u00a0\u00a0\u00a0\u00a0\u00a0\u00a0<\/span><span id=\"OBJ_PREFIX_DWT389_com_zimbra_url\" class=\"Object\"><a href=\"https:\/\/www.nosdeputes.fr\/circonscription\/departement\/Loir-et-Cher\" target=\"_blank\" rel=\"noopener noreferrer\"><span style=\"font-family: Times New Roman\">https:\/\/www.nosdeputes.fr\/circonscription\/departement\/Loir-et-Cher<\/span><\/a><\/span><\/span><\/div>\n<div align=\"left\"><span style=\"font-size: 16px\"><span style=\"color: #000000;font-family: Times New Roman\">\u00a0\u00a0\u00a0\u00a0\u00a0\u00a0\u00a0\u00a0<\/span><span id=\"OBJ_PREFIX_DWT390_com_zimbra_url\" class=\"Object\"><a href=\"https:\/\/www.nosdeputes.fr\/circonscription\/departement\/Loiret\" target=\"_blank\" rel=\"noopener noreferrer\"><span style=\"font-family: Times New Roman\">https:\/\/www.nosdeputes.fr\/circonscription\/departement\/Loiret<\/span><\/a><\/span><\/span><\/div>\n","protected":false},"excerpt":{"rendered":"<p>L&rsquo;utilisation probable du 49.3 pour un passage en force de la r\u00e9forme des retraites est le dernier coup port\u00e9 \u00e0 l&rsquo;encontre de la majorit\u00e9 des fran\u00e7ais.e.s qui rejette toujours cette mise \u00e0 mal des retraites. Sans compter toutes les zones d&rsquo;ombre qui masquent mal la d\u00e9gradation des retraites \u00e0 venir pour la majorit\u00e9 des fran\u00e7ais.e.s. [&hellip;]<\/p>\n","protected":false},"author":129,"featured_media":0,"comment_status":"closed","ping_status":"closed","sticky":false,"template":"","format":"standard","meta":{"ocean_post_layout":"","ocean_both_sidebars_style":"","ocean_both_sidebars_content_width":0,"ocean_both_sidebars_sidebars_width":0,"ocean_sidebar":"","ocean_second_sidebar":"","ocean_disable_margins":"enable","ocean_add_body_class":"","ocean_shortcode_before_top_bar":"","ocean_shortcode_after_top_bar":"","ocean_shortcode_before_header":"","ocean_shortcode_after_header":"","ocean_has_shortcode":"","ocean_shortcode_after_title":"","ocean_shortcode_before_footer_widgets":"","ocean_shortcode_after_footer_widgets":"","ocean_shortcode_before_footer_bottom":"","ocean_shortcode_after_footer_bottom":"","ocean_display_top_bar":"default","ocean_display_header":"default","ocean_header_style":"","ocean_center_header_left_menu":"","ocean_custom_header_template":"","ocean_custom_logo":0,"ocean_custom_retina_logo":0,"ocean_custom_logo_max_width":0,"ocean_custom_logo_tablet_max_width":0,"ocean_custom_logo_mobile_max_width":0,"ocean_custom_logo_max_height":0,"ocean_custom_logo_tablet_max_height":0,"ocean_custom_logo_mobile_max_height":0,"ocean_header_custom_menu":"","ocean_menu_typo_font_family":"","ocean_menu_typo_font_subset":"","ocean_menu_typo_font_size":0,"ocean_menu_typo_font_size_tablet":0,"ocean_menu_typo_font_size_mobile":0,"ocean_menu_typo_font_size_unit":"px","ocean_menu_typo_font_weight":"","ocean_menu_typo_font_weight_tablet":"","ocean_menu_typo_font_weight_mobile":"","ocean_menu_typo_transform":"","ocean_menu_typo_transform_tablet":"","ocean_menu_typo_transform_mobile":"","ocean_menu_typo_line_height":0,"ocean_menu_typo_line_height_tablet":0,"ocean_menu_typo_line_height_mobile":0,"ocean_menu_typo_line_height_unit":"","ocean_menu_typo_spacing":0,"ocean_menu_typo_spacing_tablet":0,"ocean_menu_typo_spacing_mobile":0,"ocean_menu_typo_spacing_unit":"","ocean_menu_link_color":"","ocean_menu_link_color_hover":"","ocean_menu_link_color_active":"","ocean_menu_link_background":"","ocean_menu_link_hover_background":"","ocean_menu_link_active_background":"","ocean_menu_social_links_bg":"","ocean_menu_social_hover_links_bg":"","ocean_menu_social_links_color":"","ocean_menu_social_hover_links_color":"","ocean_disable_title":"default","ocean_disable_heading":"default","ocean_post_title":"","ocean_post_subheading":"","ocean_post_title_style":"","ocean_post_title_background_color":"","ocean_post_title_background":0,"ocean_post_title_bg_image_position":"","ocean_post_title_bg_image_attachment":"","ocean_post_title_bg_image_repeat":"","ocean_post_title_bg_image_size":"","ocean_post_title_height":0,"ocean_post_title_bg_overlay":0.5,"ocean_post_title_bg_overlay_color":"","ocean_disable_breadcrumbs":"default","ocean_breadcrumbs_color":"","ocean_breadcrumbs_separator_color":"","ocean_breadcrumbs_links_color":"","ocean_breadcrumbs_links_hover_color":"","ocean_display_footer_widgets":"default","ocean_display_footer_bottom":"default","ocean_custom_footer_template":"","ocean_post_oembed":"","ocean_post_self_hosted_media":"","ocean_post_video_embed":"","ocean_link_format":"","ocean_link_format_target":"self","ocean_quote_format":"","ocean_quote_format_link":"post","ocean_gallery_link_images":"on","ocean_gallery_id":[],"footnotes":""},"categories":[11],"tags":[],"post_folder":[],"class_list":["post-1281","post","type-post","status-publish","format-standard","hentry","category-actions-regionales","entry"],"yoast_head":"<!-- This site is optimized with the Yoast SEO plugin v27.4 - https:\/\/yoast.com\/product\/yoast-seo-wordpress\/ -->\n<title>La retraite \u00e0 point, \u00e7a passe pas ! - CENTRE-VAL DE LOIRE<\/title>\n<meta name=\"robots\" content=\"index, follow, max-snippet:-1, max-image-preview:large, max-video-preview:-1\" \/>\n<link rel=\"canonical\" href=\"https:\/\/regions-snetap-fsu.fr\/cvdl\/2020\/02\/29\/la-retraite-a-point-ca-passe-pas\/\" \/>\n<meta property=\"og:locale\" content=\"fr_FR\" \/>\n<meta property=\"og:type\" content=\"article\" \/>\n<meta property=\"og:title\" content=\"La retraite \u00e0 point, \u00e7a passe pas ! - CENTRE-VAL DE LOIRE\" \/>\n<meta property=\"og:description\" content=\"L&rsquo;utilisation probable du 49.3 pour un passage en force de la r\u00e9forme des retraites est le dernier coup port\u00e9 \u00e0 l&rsquo;encontre de la majorit\u00e9 des fran\u00e7ais.e.s qui rejette toujours cette mise \u00e0 mal des retraites. Sans compter toutes les zones d&rsquo;ombre qui masquent mal la d\u00e9gradation des retraites \u00e0 venir pour la majorit\u00e9 des fran\u00e7ais.e.s. [&hellip;]\" \/>\n<meta property=\"og:url\" content=\"https:\/\/regions-snetap-fsu.fr\/cvdl\/2020\/02\/29\/la-retraite-a-point-ca-passe-pas\/\" \/>\n<meta property=\"og:site_name\" content=\"CENTRE-VAL DE LOIRE\" \/>\n<meta property=\"article:published_time\" content=\"2020-02-29T20:28:56+00:00\" \/>\n<meta name=\"author\" content=\"amasson\" \/>\n<meta name=\"twitter:card\" content=\"summary_large_image\" \/>\n<meta name=\"twitter:label1\" content=\"\u00c9crit par\" \/>\n\t<meta name=\"twitter:data1\" content=\"amasson\" \/>\n\t<meta name=\"twitter:label2\" content=\"Dur\u00e9e de lecture estim\u00e9e\" \/>\n\t<meta name=\"twitter:data2\" content=\"1 minute\" \/>\n<script type=\"application\/ld+json\" class=\"yoast-schema-graph\">{\"@context\":\"https:\\\/\\\/schema.org\",\"@graph\":[{\"@type\":\"Article\",\"@id\":\"https:\\\/\\\/regions-snetap-fsu.fr\\\/cvdl\\\/2020\\\/02\\\/29\\\/la-retraite-a-point-ca-passe-pas\\\/#article\",\"isPartOf\":{\"@id\":\"https:\\\/\\\/regions-snetap-fsu.fr\\\/cvdl\\\/2020\\\/02\\\/29\\\/la-retraite-a-point-ca-passe-pas\\\/\"},\"author\":{\"name\":\"amasson\",\"@id\":\"https:\\\/\\\/regions-snetap-fsu.fr\\\/cvdl\\\/#\\\/schema\\\/person\\\/4bf7bfcfd5483dec77bc7a3532f5b895\"},\"headline\":\"La retraite \u00e0 point, \u00e7a passe pas !\",\"datePublished\":\"2020-02-29T20:28:56+00:00\",\"mainEntityOfPage\":{\"@id\":\"https:\\\/\\\/regions-snetap-fsu.fr\\\/cvdl\\\/2020\\\/02\\\/29\\\/la-retraite-a-point-ca-passe-pas\\\/\"},\"wordCount\":253,\"publisher\":{\"@id\":\"https:\\\/\\\/regions-snetap-fsu.fr\\\/cvdl\\\/#organization\"},\"articleSection\":[\"Actions r\u00e9gionales\"],\"inLanguage\":\"fr-FR\"},{\"@type\":\"WebPage\",\"@id\":\"https:\\\/\\\/regions-snetap-fsu.fr\\\/cvdl\\\/2020\\\/02\\\/29\\\/la-retraite-a-point-ca-passe-pas\\\/\",\"url\":\"https:\\\/\\\/regions-snetap-fsu.fr\\\/cvdl\\\/2020\\\/02\\\/29\\\/la-retraite-a-point-ca-passe-pas\\\/\",\"name\":\"La retraite \u00e0 point, \u00e7a passe pas ! - CENTRE-VAL DE LOIRE\",\"isPartOf\":{\"@id\":\"https:\\\/\\\/regions-snetap-fsu.fr\\\/cvdl\\\/#website\"},\"datePublished\":\"2020-02-29T20:28:56+00:00\",\"breadcrumb\":{\"@id\":\"https:\\\/\\\/regions-snetap-fsu.fr\\\/cvdl\\\/2020\\\/02\\\/29\\\/la-retraite-a-point-ca-passe-pas\\\/#breadcrumb\"},\"inLanguage\":\"fr-FR\",\"potentialAction\":[{\"@type\":\"ReadAction\",\"target\":[\"https:\\\/\\\/regions-snetap-fsu.fr\\\/cvdl\\\/2020\\\/02\\\/29\\\/la-retraite-a-point-ca-passe-pas\\\/\"]}]},{\"@type\":\"BreadcrumbList\",\"@id\":\"https:\\\/\\\/regions-snetap-fsu.fr\\\/cvdl\\\/2020\\\/02\\\/29\\\/la-retraite-a-point-ca-passe-pas\\\/#breadcrumb\",\"itemListElement\":[{\"@type\":\"ListItem\",\"position\":1,\"name\":\"Accueil\",\"item\":\"https:\\\/\\\/regions-snetap-fsu.fr\\\/cvdl\\\/\"},{\"@type\":\"ListItem\",\"position\":2,\"name\":\"La retraite \u00e0 point, \u00e7a passe pas !\"}]},{\"@type\":\"WebSite\",\"@id\":\"https:\\\/\\\/regions-snetap-fsu.fr\\\/cvdl\\\/#website\",\"url\":\"https:\\\/\\\/regions-snetap-fsu.fr\\\/cvdl\\\/\",\"name\":\"SNETAP-FSU - CENTRE-VAL DE LOIRE\",\"description\":\"Le blog de la Section R\u00e9gionale\",\"publisher\":{\"@id\":\"https:\\\/\\\/regions-snetap-fsu.fr\\\/cvdl\\\/#organization\"},\"potentialAction\":[{\"@type\":\"SearchAction\",\"target\":{\"@type\":\"EntryPoint\",\"urlTemplate\":\"https:\\\/\\\/regions-snetap-fsu.fr\\\/cvdl\\\/?s={search_term_string}\"},\"query-input\":{\"@type\":\"PropertyValueSpecification\",\"valueRequired\":true,\"valueName\":\"search_term_string\"}}],\"inLanguage\":\"fr-FR\"},{\"@type\":\"Organization\",\"@id\":\"https:\\\/\\\/regions-snetap-fsu.fr\\\/cvdl\\\/#organization\",\"name\":\"SNETAP-FSU - Centre Val de Loire\",\"url\":\"https:\\\/\\\/regions-snetap-fsu.fr\\\/cvdl\\\/\",\"logo\":{\"@type\":\"ImageObject\",\"inLanguage\":\"fr-FR\",\"@id\":\"https:\\\/\\\/regions-snetap-fsu.fr\\\/cvdl\\\/#\\\/schema\\\/logo\\\/image\\\/\",\"url\":\"https:\\\/\\\/regions-snetap-fsu.fr\\\/cvdl\\\/wp-content\\\/uploads\\\/sites\\\/10\\\/2020\\\/09\\\/logo-SNETAP.png\",\"contentUrl\":\"https:\\\/\\\/regions-snetap-fsu.fr\\\/cvdl\\\/wp-content\\\/uploads\\\/sites\\\/10\\\/2020\\\/09\\\/logo-SNETAP.png\",\"width\":380,\"height\":290,\"caption\":\"SNETAP-FSU - Centre Val de Loire\"},\"image\":{\"@id\":\"https:\\\/\\\/regions-snetap-fsu.fr\\\/cvdl\\\/#\\\/schema\\\/logo\\\/image\\\/\"}},{\"@type\":\"Person\",\"@id\":\"https:\\\/\\\/regions-snetap-fsu.fr\\\/cvdl\\\/#\\\/schema\\\/person\\\/4bf7bfcfd5483dec77bc7a3532f5b895\",\"name\":\"amasson\",\"image\":{\"@type\":\"ImageObject\",\"inLanguage\":\"fr-FR\",\"@id\":\"https:\\\/\\\/secure.gravatar.com\\\/avatar\\\/603812a842658d69c5a357f4b2beb470231ad8ab03d31d1af5a8e107f8d945f2?s=96&d=mm&r=g\",\"url\":\"https:\\\/\\\/secure.gravatar.com\\\/avatar\\\/603812a842658d69c5a357f4b2beb470231ad8ab03d31d1af5a8e107f8d945f2?s=96&d=mm&r=g\",\"contentUrl\":\"https:\\\/\\\/secure.gravatar.com\\\/avatar\\\/603812a842658d69c5a357f4b2beb470231ad8ab03d31d1af5a8e107f8d945f2?s=96&d=mm&r=g\",\"caption\":\"amasson\"},\"url\":\"https:\\\/\\\/regions-snetap-fsu.fr\\\/cvdl\\\/author\\\/amasson\\\/\"}]}<\/script>\n<!-- \/ Yoast SEO plugin. -->","yoast_head_json":{"title":"La retraite \u00e0 point, \u00e7a passe pas ! - CENTRE-VAL DE LOIRE","robots":{"index":"index","follow":"follow","max-snippet":"max-snippet:-1","max-image-preview":"max-image-preview:large","max-video-preview":"max-video-preview:-1"},"canonical":"https:\/\/regions-snetap-fsu.fr\/cvdl\/2020\/02\/29\/la-retraite-a-point-ca-passe-pas\/","og_locale":"fr_FR","og_type":"article","og_title":"La retraite \u00e0 point, \u00e7a passe pas ! - CENTRE-VAL DE LOIRE","og_description":"L&rsquo;utilisation probable du 49.3 pour un passage en force de la r\u00e9forme des retraites est le dernier coup port\u00e9 \u00e0 l&rsquo;encontre de la majorit\u00e9 des fran\u00e7ais.e.s qui rejette toujours cette mise \u00e0 mal des retraites. Sans compter toutes les zones d&rsquo;ombre qui masquent mal la d\u00e9gradation des retraites \u00e0 venir pour la majorit\u00e9 des fran\u00e7ais.e.s. [&hellip;]","og_url":"https:\/\/regions-snetap-fsu.fr\/cvdl\/2020\/02\/29\/la-retraite-a-point-ca-passe-pas\/","og_site_name":"CENTRE-VAL DE LOIRE","article_published_time":"2020-02-29T20:28:56+00:00","author":"amasson","twitter_card":"summary_large_image","twitter_misc":{"\u00c9crit par":"amasson","Dur\u00e9e de lecture estim\u00e9e":"1 minute"},"schema":{"@context":"https:\/\/schema.org","@graph":[{"@type":"Article","@id":"https:\/\/regions-snetap-fsu.fr\/cvdl\/2020\/02\/29\/la-retraite-a-point-ca-passe-pas\/#article","isPartOf":{"@id":"https:\/\/regions-snetap-fsu.fr\/cvdl\/2020\/02\/29\/la-retraite-a-point-ca-passe-pas\/"},"author":{"name":"amasson","@id":"https:\/\/regions-snetap-fsu.fr\/cvdl\/#\/schema\/person\/4bf7bfcfd5483dec77bc7a3532f5b895"},"headline":"La retraite \u00e0 point, \u00e7a passe pas !","datePublished":"2020-02-29T20:28:56+00:00","mainEntityOfPage":{"@id":"https:\/\/regions-snetap-fsu.fr\/cvdl\/2020\/02\/29\/la-retraite-a-point-ca-passe-pas\/"},"wordCount":253,"publisher":{"@id":"https:\/\/regions-snetap-fsu.fr\/cvdl\/#organization"},"articleSection":["Actions r\u00e9gionales"],"inLanguage":"fr-FR"},{"@type":"WebPage","@id":"https:\/\/regions-snetap-fsu.fr\/cvdl\/2020\/02\/29\/la-retraite-a-point-ca-passe-pas\/","url":"https:\/\/regions-snetap-fsu.fr\/cvdl\/2020\/02\/29\/la-retraite-a-point-ca-passe-pas\/","name":"La retraite \u00e0 point, \u00e7a passe pas ! - CENTRE-VAL DE LOIRE","isPartOf":{"@id":"https:\/\/regions-snetap-fsu.fr\/cvdl\/#website"},"datePublished":"2020-02-29T20:28:56+00:00","breadcrumb":{"@id":"https:\/\/regions-snetap-fsu.fr\/cvdl\/2020\/02\/29\/la-retraite-a-point-ca-passe-pas\/#breadcrumb"},"inLanguage":"fr-FR","potentialAction":[{"@type":"ReadAction","target":["https:\/\/regions-snetap-fsu.fr\/cvdl\/2020\/02\/29\/la-retraite-a-point-ca-passe-pas\/"]}]},{"@type":"BreadcrumbList","@id":"https:\/\/regions-snetap-fsu.fr\/cvdl\/2020\/02\/29\/la-retraite-a-point-ca-passe-pas\/#breadcrumb","itemListElement":[{"@type":"ListItem","position":1,"name":"Accueil","item":"https:\/\/regions-snetap-fsu.fr\/cvdl\/"},{"@type":"ListItem","position":2,"name":"La retraite \u00e0 point, \u00e7a passe pas !"}]},{"@type":"WebSite","@id":"https:\/\/regions-snetap-fsu.fr\/cvdl\/#website","url":"https:\/\/regions-snetap-fsu.fr\/cvdl\/","name":"SNETAP-FSU - CENTRE-VAL DE LOIRE","description":"Le blog de la Section R\u00e9gionale","publisher":{"@id":"https:\/\/regions-snetap-fsu.fr\/cvdl\/#organization"},"potentialAction":[{"@type":"SearchAction","target":{"@type":"EntryPoint","urlTemplate":"https:\/\/regions-snetap-fsu.fr\/cvdl\/?s={search_term_string}"},"query-input":{"@type":"PropertyValueSpecification","valueRequired":true,"valueName":"search_term_string"}}],"inLanguage":"fr-FR"},{"@type":"Organization","@id":"https:\/\/regions-snetap-fsu.fr\/cvdl\/#organization","name":"SNETAP-FSU - Centre Val de Loire","url":"https:\/\/regions-snetap-fsu.fr\/cvdl\/","logo":{"@type":"ImageObject","inLanguage":"fr-FR","@id":"https:\/\/regions-snetap-fsu.fr\/cvdl\/#\/schema\/logo\/image\/","url":"https:\/\/regions-snetap-fsu.fr\/cvdl\/wp-content\/uploads\/sites\/10\/2020\/09\/logo-SNETAP.png","contentUrl":"https:\/\/regions-snetap-fsu.fr\/cvdl\/wp-content\/uploads\/sites\/10\/2020\/09\/logo-SNETAP.png","width":380,"height":290,"caption":"SNETAP-FSU - Centre Val de Loire"},"image":{"@id":"https:\/\/regions-snetap-fsu.fr\/cvdl\/#\/schema\/logo\/image\/"}},{"@type":"Person","@id":"https:\/\/regions-snetap-fsu.fr\/cvdl\/#\/schema\/person\/4bf7bfcfd5483dec77bc7a3532f5b895","name":"amasson","image":{"@type":"ImageObject","inLanguage":"fr-FR","@id":"https:\/\/secure.gravatar.com\/avatar\/603812a842658d69c5a357f4b2beb470231ad8ab03d31d1af5a8e107f8d945f2?s=96&d=mm&r=g","url":"https:\/\/secure.gravatar.com\/avatar\/603812a842658d69c5a357f4b2beb470231ad8ab03d31d1af5a8e107f8d945f2?s=96&d=mm&r=g","contentUrl":"https:\/\/secure.gravatar.com\/avatar\/603812a842658d69c5a357f4b2beb470231ad8ab03d31d1af5a8e107f8d945f2?s=96&d=mm&r=g","caption":"amasson"},"url":"https:\/\/regions-snetap-fsu.fr\/cvdl\/author\/amasson\/"}]}},"_links":{"self":[{"href":"https:\/\/regions-snetap-fsu.fr\/cvdl\/wp-json\/wp\/v2\/posts\/1281","targetHints":{"allow":["GET"]}}],"collection":[{"href":"https:\/\/regions-snetap-fsu.fr\/cvdl\/wp-json\/wp\/v2\/posts"}],"about":[{"href":"https:\/\/regions-snetap-fsu.fr\/cvdl\/wp-json\/wp\/v2\/types\/post"}],"author":[{"embeddable":true,"href":"https:\/\/regions-snetap-fsu.fr\/cvdl\/wp-json\/wp\/v2\/users\/129"}],"replies":[{"embeddable":true,"href":"https:\/\/regions-snetap-fsu.fr\/cvdl\/wp-json\/wp\/v2\/comments?post=1281"}],"version-history":[{"count":2,"href":"https:\/\/regions-snetap-fsu.fr\/cvdl\/wp-json\/wp\/v2\/posts\/1281\/revisions"}],"predecessor-version":[{"id":1283,"href":"https:\/\/regions-snetap-fsu.fr\/cvdl\/wp-json\/wp\/v2\/posts\/1281\/revisions\/1283"}],"wp:attachment":[{"href":"https:\/\/regions-snetap-fsu.fr\/cvdl\/wp-json\/wp\/v2\/media?parent=1281"}],"wp:term":[{"taxonomy":"category","embeddable":true,"href":"https:\/\/regions-snetap-fsu.fr\/cvdl\/wp-json\/wp\/v2\/categories?post=1281"},{"taxonomy":"post_tag","embeddable":true,"href":"https:\/\/regions-snetap-fsu.fr\/cvdl\/wp-json\/wp\/v2\/tags?post=1281"},{"taxonomy":"post_folder","embeddable":true,"href":"https:\/\/regions-snetap-fsu.fr\/cvdl\/wp-json\/wp\/v2\/post_folder?post=1281"}],"curies":[{"name":"wp","href":"https:\/\/api.w.org\/{rel}","templated":true}]}}