{"id":1055,"date":"2019-11-20T22:23:35","date_gmt":"2019-11-20T21:23:35","guid":{"rendered":"https:\/\/regions-snetap-fsu.fr\/cvdl\/?p=1055"},"modified":"2019-11-20T22:30:38","modified_gmt":"2019-11-20T21:30:38","slug":"la-manif-du-jeudi-5","status":"publish","type":"post","link":"https:\/\/regions-snetap-fsu.fr\/cvdl\/2019\/11\/20\/la-manif-du-jeudi-5\/","title":{"rendered":"La MANIF du jeudi 5"},"content":{"rendered":"<div align=\"center\">\n<div align=\"center\"><img decoding=\"async\" class=\"alignnone wp-image-1058 size-medium\" src=\"https:\/\/regions-snetap-fsu.fr\/cvdl\/wp-content\/uploads\/sites\/10\/2019\/11\/retraites-2019-12-05-300x124.jpg\" alt=\"affichette pour la gr\u00e8ve du 5 d\u00e9cembre\" width=\"300\" height=\"124\" srcset=\"https:\/\/regions-snetap-fsu.fr\/cvdl\/wp-content\/uploads\/sites\/10\/2019\/11\/retraites-2019-12-05-300x124.jpg 300w, https:\/\/regions-snetap-fsu.fr\/cvdl\/wp-content\/uploads\/sites\/10\/2019\/11\/retraites-2019-12-05-100x41.jpg 100w, https:\/\/regions-snetap-fsu.fr\/cvdl\/wp-content\/uploads\/sites\/10\/2019\/11\/retraites-2019-12-05-150x62.jpg 150w, https:\/\/regions-snetap-fsu.fr\/cvdl\/wp-content\/uploads\/sites\/10\/2019\/11\/retraites-2019-12-05-200x83.jpg 200w, https:\/\/regions-snetap-fsu.fr\/cvdl\/wp-content\/uploads\/sites\/10\/2019\/11\/retraites-2019-12-05-450x186.jpg 450w, https:\/\/regions-snetap-fsu.fr\/cvdl\/wp-content\/uploads\/sites\/10\/2019\/11\/retraites-2019-12-05-600x248.jpg 600w, https:\/\/regions-snetap-fsu.fr\/cvdl\/wp-content\/uploads\/sites\/10\/2019\/11\/retraites-2019-12-05.jpg 745w\" sizes=\"(max-width: 300px) 100vw, 300px\" \/><\/div>\n<p><span style=\"color: #000000;font-family: arial, helvetica, sans-serif;font-size: 20px\">D\u00e9gradation des retraites : toutes et tous concern\u00e9.es !<\/span><\/p>\n<\/div>\n<div align=\"center\"><span style=\"color: #006600;font-family: arial, helvetica, sans-serif;font-size: 20px\"><b>Le SNETAP-FSU appelle \u00e0 la mobilisation contre le projet de r\u00e9forme des retraites<\/b><\/span><\/div>\n<div align=\"center\"><span style=\"color: #ff0000;font-family: arial, helvetica, sans-serif;font-size: 20px\"><b>Toutes et Tous en gr\u00e8ve le 5 d\u00e9cembre<\/b><\/span><\/div>\n<div align=\"center\"><\/div>\n<div align=\"center\"><\/div>\n<div align=\"center\">\n<div align=\"left\"><span style=\"color: #000000;font-family: arial, helvetica, sans-serif;font-size: 20px\"><u>Baisse des pensions depuis 30 ans de r\u00e9formes<\/u> avec:<\/span><\/div>\n<div align=\"left\"><span style=\"color: #000000;font-family: arial, helvetica, sans-serif;font-size: 20px\">\u00a0\u00a0\u00a0\u00a0\u00a0\u00a0\u00a0\u00a0&#8211; en 1993, le passage de 10 \u00e0 25 ans de carri\u00e8re pour la prise en compte des salaires servant \u00e0 d\u00e9terminer la pension au au r\u00e9gime g\u00e9n\u00e9ral<\/span><\/div>\n<div align=\"left\"><span style=\"color: #000000;font-family: arial, helvetica, sans-serif;font-size: 20px\">\u00a0\u00a0\u00a0\u00a0\u00a0\u00a0\u00a0\u00a0&#8211; en 2003, au nom de l\u2019\u00e9quit\u00e9 public-priv\u00e9, la loi Fillon qui \u00e9tend au secteur public l\u2019allongement de la dur\u00e9e de cotisation et l\u2019application d\u2019une d\u00e9cote pour carri\u00e8re incompl\u00e8te\u00a0;<\/span><\/div>\n<div align=\"left\"><span style=\"color: #000000;font-family: arial, helvetica, sans-serif;font-size: 20px\">\u00a0\u00a0\u00a0\u00a0\u00a0\u00a0\u00a0\u00a0&#8211; en 2010, l\u2019\u00e2ge de d\u00e9part \u00e0 la retraite recule de 60 \u00e0 62 ans et l\u2019\u00e2ge d\u2019annulation de la d\u00e9cote est fix\u00e9 \u00e0 67 ans\u00a0<\/span><\/div>\n<div align=\"left\"><span style=\"color: #000000;font-family: arial, helvetica, sans-serif;font-size: 20px\">\u00a0\u00a0\u00a0\u00a0\u00a0\u00a0\u00a0\u00a0&#8211; depuis 2014, 43 annuit\u00e9s sont requises pour les g\u00e9n\u00e9rations n\u00e9es \u00e0 partir de 1973.<\/span><\/div>\n<div align=\"left\"><span style=\"font-family: arial, helvetica, sans-serif;font-size: 20px;color: #000000\">Et <span id=\"OBJ_PREFIX_DWT232_com_zimbra_date\" class=\"Object\">aujourd&rsquo;hui<\/span>, Un projet gouvernemental qui va encore acc\u00e9l\u00e9rer le d\u00e9crochage entre le niveau de pension et le dernier salaire des fonctionnaires avec la prise en compte de l\u2019int\u00e9gralit\u00e9 de la carri\u00e8re (et plus seulement le dernier indice)<\/span><\/div>\n<div align=\"center\"><span style=\"color: #ff0000;font-family: arial, helvetica, sans-serif;font-size: 36px\"><b>\u00c7A SUFFIT\u00a0!<\/b><\/span><\/div>\n<div style=\"text-align: left\" align=\"center\"><span style=\"font-family: arial, helvetica, sans-serif;font-size: 20px\">Pas encore convaincus ? Cliquez sur ce lien : <span id=\"OBJ_PREFIX_DWT233_com_zimbra_url\" class=\"Object\"><a href=\"https:\/\/www.etmaretraite.fr\/\" target=\"_blank\" rel=\"noopener noreferrer\"><i>https:\/\/www.etmaretraite.fr\/\u00a0<\/i><\/a><\/span><i> <\/i>et \u00e9valuez votre prochaine \u00ab\u00a0retraite\u00a0\u00bb. \u00c7a devrait vous parler.<\/span><\/div>\n<\/div>\n","protected":false},"excerpt":{"rendered":"<p>D\u00e9gradation des retraites : toutes et tous concern\u00e9.es ! Le SNETAP-FSU appelle \u00e0 la mobilisation contre le projet de r\u00e9forme des retraites Toutes et Tous en gr\u00e8ve le 5 d\u00e9cembre Baisse des pensions depuis 30 ans de r\u00e9formes avec: \u00a0\u00a0\u00a0\u00a0\u00a0\u00a0\u00a0\u00a0&#8211; en 1993, le passage de 10 \u00e0 25 ans de carri\u00e8re pour la prise en [&hellip;]<\/p>\n","protected":false},"author":129,"featured_media":0,"comment_status":"closed","ping_status":"closed","sticky":false,"template":"","format":"standard","meta":{"ocean_post_layout":"","ocean_both_sidebars_style":"","ocean_both_sidebars_content_width":0,"ocean_both_sidebars_sidebars_width":0,"ocean_sidebar":"","ocean_second_sidebar":"","ocean_disable_margins":"enable","ocean_add_body_class":"","ocean_shortcode_before_top_bar":"","ocean_shortcode_after_top_bar":"","ocean_shortcode_before_header":"","ocean_shortcode_after_header":"","ocean_has_shortcode":"","ocean_shortcode_after_title":"","ocean_shortcode_before_footer_widgets":"","ocean_shortcode_after_footer_widgets":"","ocean_shortcode_before_footer_bottom":"","ocean_shortcode_after_footer_bottom":"","ocean_display_top_bar":"default","ocean_display_header":"default","ocean_header_style":"","ocean_center_header_left_menu":"","ocean_custom_header_template":"","ocean_custom_logo":0,"ocean_custom_retina_logo":0,"ocean_custom_logo_max_width":0,"ocean_custom_logo_tablet_max_width":0,"ocean_custom_logo_mobile_max_width":0,"ocean_custom_logo_max_height":0,"ocean_custom_logo_tablet_max_height":0,"ocean_custom_logo_mobile_max_height":0,"ocean_header_custom_menu":"","ocean_menu_typo_font_family":"","ocean_menu_typo_font_subset":"","ocean_menu_typo_font_size":0,"ocean_menu_typo_font_size_tablet":0,"ocean_menu_typo_font_size_mobile":0,"ocean_menu_typo_font_size_unit":"px","ocean_menu_typo_font_weight":"","ocean_menu_typo_font_weight_tablet":"","ocean_menu_typo_font_weight_mobile":"","ocean_menu_typo_transform":"","ocean_menu_typo_transform_tablet":"","ocean_menu_typo_transform_mobile":"","ocean_menu_typo_line_height":0,"ocean_menu_typo_line_height_tablet":0,"ocean_menu_typo_line_height_mobile":0,"ocean_menu_typo_line_height_unit":"","ocean_menu_typo_spacing":0,"ocean_menu_typo_spacing_tablet":0,"ocean_menu_typo_spacing_mobile":0,"ocean_menu_typo_spacing_unit":"","ocean_menu_link_color":"","ocean_menu_link_color_hover":"","ocean_menu_link_color_active":"","ocean_menu_link_background":"","ocean_menu_link_hover_background":"","ocean_menu_link_active_background":"","ocean_menu_social_links_bg":"","ocean_menu_social_hover_links_bg":"","ocean_menu_social_links_color":"","ocean_menu_social_hover_links_color":"","ocean_disable_title":"default","ocean_disable_heading":"default","ocean_post_title":"","ocean_post_subheading":"","ocean_post_title_style":"","ocean_post_title_background_color":"","ocean_post_title_background":0,"ocean_post_title_bg_image_position":"","ocean_post_title_bg_image_attachment":"","ocean_post_title_bg_image_repeat":"","ocean_post_title_bg_image_size":"","ocean_post_title_height":0,"ocean_post_title_bg_overlay":0.5,"ocean_post_title_bg_overlay_color":"","ocean_disable_breadcrumbs":"default","ocean_breadcrumbs_color":"","ocean_breadcrumbs_separator_color":"","ocean_breadcrumbs_links_color":"","ocean_breadcrumbs_links_hover_color":"","ocean_display_footer_widgets":"default","ocean_display_footer_bottom":"default","ocean_custom_footer_template":"","ocean_post_oembed":"","ocean_post_self_hosted_media":"","ocean_post_video_embed":"","ocean_link_format":"","ocean_link_format_target":"self","ocean_quote_format":"","ocean_quote_format_link":"post","ocean_gallery_link_images":"on","ocean_gallery_id":[],"footnotes":""},"categories":[12],"tags":[],"post_folder":[],"class_list":["post-1055","post","type-post","status-publish","format-standard","hentry","category-manifs","entry"],"yoast_head":"<!-- This site is optimized with the Yoast SEO plugin v27.4 - https:\/\/yoast.com\/product\/yoast-seo-wordpress\/ -->\n<title>La MANIF du jeudi 5 - CENTRE-VAL DE LOIRE<\/title>\n<meta name=\"robots\" content=\"index, follow, max-snippet:-1, max-image-preview:large, max-video-preview:-1\" \/>\n<link rel=\"canonical\" href=\"https:\/\/regions-snetap-fsu.fr\/cvdl\/2019\/11\/20\/la-manif-du-jeudi-5\/\" \/>\n<meta property=\"og:locale\" content=\"fr_FR\" \/>\n<meta property=\"og:type\" content=\"article\" \/>\n<meta property=\"og:title\" content=\"La MANIF du jeudi 5 - CENTRE-VAL DE LOIRE\" \/>\n<meta property=\"og:description\" content=\"D\u00e9gradation des retraites : toutes et tous concern\u00e9.es ! Le SNETAP-FSU appelle \u00e0 la mobilisation contre le projet de r\u00e9forme des retraites Toutes et Tous en gr\u00e8ve le 5 d\u00e9cembre Baisse des pensions depuis 30 ans de r\u00e9formes avec: \u00a0\u00a0\u00a0\u00a0\u00a0\u00a0\u00a0\u00a0&#8211; en 1993, le passage de 10 \u00e0 25 ans de carri\u00e8re pour la prise en [&hellip;]\" \/>\n<meta property=\"og:url\" content=\"https:\/\/regions-snetap-fsu.fr\/cvdl\/2019\/11\/20\/la-manif-du-jeudi-5\/\" \/>\n<meta property=\"og:site_name\" content=\"CENTRE-VAL DE LOIRE\" \/>\n<meta property=\"article:published_time\" content=\"2019-11-20T21:23:35+00:00\" \/>\n<meta property=\"article:modified_time\" content=\"2019-11-20T21:30:38+00:00\" \/>\n<meta property=\"og:image\" content=\"https:\/\/regions-snetap-fsu.fr\/cvdl\/wp-content\/uploads\/sites\/10\/2019\/11\/retraites-2019-12-05-300x124.jpg\" \/>\n<meta name=\"author\" content=\"amasson\" \/>\n<meta name=\"twitter:card\" content=\"summary_large_image\" \/>\n<meta name=\"twitter:label1\" content=\"\u00c9crit par\" \/>\n\t<meta name=\"twitter:data1\" content=\"amasson\" \/>\n\t<meta name=\"twitter:label2\" content=\"Dur\u00e9e de lecture estim\u00e9e\" \/>\n\t<meta name=\"twitter:data2\" content=\"1 minute\" \/>\n<script type=\"application\/ld+json\" class=\"yoast-schema-graph\">{\"@context\":\"https:\\\/\\\/schema.org\",\"@graph\":[{\"@type\":\"Article\",\"@id\":\"https:\\\/\\\/regions-snetap-fsu.fr\\\/cvdl\\\/2019\\\/11\\\/20\\\/la-manif-du-jeudi-5\\\/#article\",\"isPartOf\":{\"@id\":\"https:\\\/\\\/regions-snetap-fsu.fr\\\/cvdl\\\/2019\\\/11\\\/20\\\/la-manif-du-jeudi-5\\\/\"},\"author\":{\"name\":\"amasson\",\"@id\":\"https:\\\/\\\/regions-snetap-fsu.fr\\\/cvdl\\\/#\\\/schema\\\/person\\\/4bf7bfcfd5483dec77bc7a3532f5b895\"},\"headline\":\"La MANIF du jeudi 5\",\"datePublished\":\"2019-11-20T21:23:35+00:00\",\"dateModified\":\"2019-11-20T21:30:38+00:00\",\"mainEntityOfPage\":{\"@id\":\"https:\\\/\\\/regions-snetap-fsu.fr\\\/cvdl\\\/2019\\\/11\\\/20\\\/la-manif-du-jeudi-5\\\/\"},\"wordCount\":214,\"publisher\":{\"@id\":\"https:\\\/\\\/regions-snetap-fsu.fr\\\/cvdl\\\/#organization\"},\"image\":{\"@id\":\"https:\\\/\\\/regions-snetap-fsu.fr\\\/cvdl\\\/2019\\\/11\\\/20\\\/la-manif-du-jeudi-5\\\/#primaryimage\"},\"thumbnailUrl\":\"https:\\\/\\\/regions-snetap-fsu.fr\\\/cvdl\\\/wp-content\\\/uploads\\\/sites\\\/10\\\/2019\\\/11\\\/retraites-2019-12-05-300x124.jpg\",\"articleSection\":[\"Manifs\"],\"inLanguage\":\"fr-FR\"},{\"@type\":\"WebPage\",\"@id\":\"https:\\\/\\\/regions-snetap-fsu.fr\\\/cvdl\\\/2019\\\/11\\\/20\\\/la-manif-du-jeudi-5\\\/\",\"url\":\"https:\\\/\\\/regions-snetap-fsu.fr\\\/cvdl\\\/2019\\\/11\\\/20\\\/la-manif-du-jeudi-5\\\/\",\"name\":\"La MANIF du jeudi 5 - CENTRE-VAL DE LOIRE\",\"isPartOf\":{\"@id\":\"https:\\\/\\\/regions-snetap-fsu.fr\\\/cvdl\\\/#website\"},\"primaryImageOfPage\":{\"@id\":\"https:\\\/\\\/regions-snetap-fsu.fr\\\/cvdl\\\/2019\\\/11\\\/20\\\/la-manif-du-jeudi-5\\\/#primaryimage\"},\"image\":{\"@id\":\"https:\\\/\\\/regions-snetap-fsu.fr\\\/cvdl\\\/2019\\\/11\\\/20\\\/la-manif-du-jeudi-5\\\/#primaryimage\"},\"thumbnailUrl\":\"https:\\\/\\\/regions-snetap-fsu.fr\\\/cvdl\\\/wp-content\\\/uploads\\\/sites\\\/10\\\/2019\\\/11\\\/retraites-2019-12-05-300x124.jpg\",\"datePublished\":\"2019-11-20T21:23:35+00:00\",\"dateModified\":\"2019-11-20T21:30:38+00:00\",\"breadcrumb\":{\"@id\":\"https:\\\/\\\/regions-snetap-fsu.fr\\\/cvdl\\\/2019\\\/11\\\/20\\\/la-manif-du-jeudi-5\\\/#breadcrumb\"},\"inLanguage\":\"fr-FR\",\"potentialAction\":[{\"@type\":\"ReadAction\",\"target\":[\"https:\\\/\\\/regions-snetap-fsu.fr\\\/cvdl\\\/2019\\\/11\\\/20\\\/la-manif-du-jeudi-5\\\/\"]}]},{\"@type\":\"ImageObject\",\"inLanguage\":\"fr-FR\",\"@id\":\"https:\\\/\\\/regions-snetap-fsu.fr\\\/cvdl\\\/2019\\\/11\\\/20\\\/la-manif-du-jeudi-5\\\/#primaryimage\",\"url\":\"https:\\\/\\\/regions-snetap-fsu.fr\\\/cvdl\\\/wp-content\\\/uploads\\\/sites\\\/10\\\/2019\\\/11\\\/retraites-2019-12-05.jpg\",\"contentUrl\":\"https:\\\/\\\/regions-snetap-fsu.fr\\\/cvdl\\\/wp-content\\\/uploads\\\/sites\\\/10\\\/2019\\\/11\\\/retraites-2019-12-05.jpg\",\"width\":745,\"height\":308},{\"@type\":\"BreadcrumbList\",\"@id\":\"https:\\\/\\\/regions-snetap-fsu.fr\\\/cvdl\\\/2019\\\/11\\\/20\\\/la-manif-du-jeudi-5\\\/#breadcrumb\",\"itemListElement\":[{\"@type\":\"ListItem\",\"position\":1,\"name\":\"Accueil\",\"item\":\"https:\\\/\\\/regions-snetap-fsu.fr\\\/cvdl\\\/\"},{\"@type\":\"ListItem\",\"position\":2,\"name\":\"La MANIF du jeudi 5\"}]},{\"@type\":\"WebSite\",\"@id\":\"https:\\\/\\\/regions-snetap-fsu.fr\\\/cvdl\\\/#website\",\"url\":\"https:\\\/\\\/regions-snetap-fsu.fr\\\/cvdl\\\/\",\"name\":\"SNETAP-FSU - CENTRE-VAL DE LOIRE\",\"description\":\"Le blog de la Section R\u00e9gionale\",\"publisher\":{\"@id\":\"https:\\\/\\\/regions-snetap-fsu.fr\\\/cvdl\\\/#organization\"},\"potentialAction\":[{\"@type\":\"SearchAction\",\"target\":{\"@type\":\"EntryPoint\",\"urlTemplate\":\"https:\\\/\\\/regions-snetap-fsu.fr\\\/cvdl\\\/?s={search_term_string}\"},\"query-input\":{\"@type\":\"PropertyValueSpecification\",\"valueRequired\":true,\"valueName\":\"search_term_string\"}}],\"inLanguage\":\"fr-FR\"},{\"@type\":\"Organization\",\"@id\":\"https:\\\/\\\/regions-snetap-fsu.fr\\\/cvdl\\\/#organization\",\"name\":\"SNETAP-FSU - Centre Val de Loire\",\"url\":\"https:\\\/\\\/regions-snetap-fsu.fr\\\/cvdl\\\/\",\"logo\":{\"@type\":\"ImageObject\",\"inLanguage\":\"fr-FR\",\"@id\":\"https:\\\/\\\/regions-snetap-fsu.fr\\\/cvdl\\\/#\\\/schema\\\/logo\\\/image\\\/\",\"url\":\"https:\\\/\\\/regions-snetap-fsu.fr\\\/cvdl\\\/wp-content\\\/uploads\\\/sites\\\/10\\\/2020\\\/09\\\/logo-SNETAP.png\",\"contentUrl\":\"https:\\\/\\\/regions-snetap-fsu.fr\\\/cvdl\\\/wp-content\\\/uploads\\\/sites\\\/10\\\/2020\\\/09\\\/logo-SNETAP.png\",\"width\":380,\"height\":290,\"caption\":\"SNETAP-FSU - Centre Val de Loire\"},\"image\":{\"@id\":\"https:\\\/\\\/regions-snetap-fsu.fr\\\/cvdl\\\/#\\\/schema\\\/logo\\\/image\\\/\"}},{\"@type\":\"Person\",\"@id\":\"https:\\\/\\\/regions-snetap-fsu.fr\\\/cvdl\\\/#\\\/schema\\\/person\\\/4bf7bfcfd5483dec77bc7a3532f5b895\",\"name\":\"amasson\",\"image\":{\"@type\":\"ImageObject\",\"inLanguage\":\"fr-FR\",\"@id\":\"https:\\\/\\\/secure.gravatar.com\\\/avatar\\\/603812a842658d69c5a357f4b2beb470231ad8ab03d31d1af5a8e107f8d945f2?s=96&d=mm&r=g\",\"url\":\"https:\\\/\\\/secure.gravatar.com\\\/avatar\\\/603812a842658d69c5a357f4b2beb470231ad8ab03d31d1af5a8e107f8d945f2?s=96&d=mm&r=g\",\"contentUrl\":\"https:\\\/\\\/secure.gravatar.com\\\/avatar\\\/603812a842658d69c5a357f4b2beb470231ad8ab03d31d1af5a8e107f8d945f2?s=96&d=mm&r=g\",\"caption\":\"amasson\"},\"url\":\"https:\\\/\\\/regions-snetap-fsu.fr\\\/cvdl\\\/author\\\/amasson\\\/\"}]}<\/script>\n<!-- \/ Yoast SEO plugin. -->","yoast_head_json":{"title":"La MANIF du jeudi 5 - CENTRE-VAL DE LOIRE","robots":{"index":"index","follow":"follow","max-snippet":"max-snippet:-1","max-image-preview":"max-image-preview:large","max-video-preview":"max-video-preview:-1"},"canonical":"https:\/\/regions-snetap-fsu.fr\/cvdl\/2019\/11\/20\/la-manif-du-jeudi-5\/","og_locale":"fr_FR","og_type":"article","og_title":"La MANIF du jeudi 5 - CENTRE-VAL DE LOIRE","og_description":"D\u00e9gradation des retraites : toutes et tous concern\u00e9.es ! Le SNETAP-FSU appelle \u00e0 la mobilisation contre le projet de r\u00e9forme des retraites Toutes et Tous en gr\u00e8ve le 5 d\u00e9cembre Baisse des pensions depuis 30 ans de r\u00e9formes avec: \u00a0\u00a0\u00a0\u00a0\u00a0\u00a0\u00a0\u00a0&#8211; en 1993, le passage de 10 \u00e0 25 ans de carri\u00e8re pour la prise en [&hellip;]","og_url":"https:\/\/regions-snetap-fsu.fr\/cvdl\/2019\/11\/20\/la-manif-du-jeudi-5\/","og_site_name":"CENTRE-VAL DE LOIRE","article_published_time":"2019-11-20T21:23:35+00:00","article_modified_time":"2019-11-20T21:30:38+00:00","og_image":[{"url":"https:\/\/regions-snetap-fsu.fr\/cvdl\/wp-content\/uploads\/sites\/10\/2019\/11\/retraites-2019-12-05-300x124.jpg","type":"","width":"","height":""}],"author":"amasson","twitter_card":"summary_large_image","twitter_misc":{"\u00c9crit par":"amasson","Dur\u00e9e de lecture estim\u00e9e":"1 minute"},"schema":{"@context":"https:\/\/schema.org","@graph":[{"@type":"Article","@id":"https:\/\/regions-snetap-fsu.fr\/cvdl\/2019\/11\/20\/la-manif-du-jeudi-5\/#article","isPartOf":{"@id":"https:\/\/regions-snetap-fsu.fr\/cvdl\/2019\/11\/20\/la-manif-du-jeudi-5\/"},"author":{"name":"amasson","@id":"https:\/\/regions-snetap-fsu.fr\/cvdl\/#\/schema\/person\/4bf7bfcfd5483dec77bc7a3532f5b895"},"headline":"La MANIF du jeudi 5","datePublished":"2019-11-20T21:23:35+00:00","dateModified":"2019-11-20T21:30:38+00:00","mainEntityOfPage":{"@id":"https:\/\/regions-snetap-fsu.fr\/cvdl\/2019\/11\/20\/la-manif-du-jeudi-5\/"},"wordCount":214,"publisher":{"@id":"https:\/\/regions-snetap-fsu.fr\/cvdl\/#organization"},"image":{"@id":"https:\/\/regions-snetap-fsu.fr\/cvdl\/2019\/11\/20\/la-manif-du-jeudi-5\/#primaryimage"},"thumbnailUrl":"https:\/\/regions-snetap-fsu.fr\/cvdl\/wp-content\/uploads\/sites\/10\/2019\/11\/retraites-2019-12-05-300x124.jpg","articleSection":["Manifs"],"inLanguage":"fr-FR"},{"@type":"WebPage","@id":"https:\/\/regions-snetap-fsu.fr\/cvdl\/2019\/11\/20\/la-manif-du-jeudi-5\/","url":"https:\/\/regions-snetap-fsu.fr\/cvdl\/2019\/11\/20\/la-manif-du-jeudi-5\/","name":"La MANIF du jeudi 5 - CENTRE-VAL DE LOIRE","isPartOf":{"@id":"https:\/\/regions-snetap-fsu.fr\/cvdl\/#website"},"primaryImageOfPage":{"@id":"https:\/\/regions-snetap-fsu.fr\/cvdl\/2019\/11\/20\/la-manif-du-jeudi-5\/#primaryimage"},"image":{"@id":"https:\/\/regions-snetap-fsu.fr\/cvdl\/2019\/11\/20\/la-manif-du-jeudi-5\/#primaryimage"},"thumbnailUrl":"https:\/\/regions-snetap-fsu.fr\/cvdl\/wp-content\/uploads\/sites\/10\/2019\/11\/retraites-2019-12-05-300x124.jpg","datePublished":"2019-11-20T21:23:35+00:00","dateModified":"2019-11-20T21:30:38+00:00","breadcrumb":{"@id":"https:\/\/regions-snetap-fsu.fr\/cvdl\/2019\/11\/20\/la-manif-du-jeudi-5\/#breadcrumb"},"inLanguage":"fr-FR","potentialAction":[{"@type":"ReadAction","target":["https:\/\/regions-snetap-fsu.fr\/cvdl\/2019\/11\/20\/la-manif-du-jeudi-5\/"]}]},{"@type":"ImageObject","inLanguage":"fr-FR","@id":"https:\/\/regions-snetap-fsu.fr\/cvdl\/2019\/11\/20\/la-manif-du-jeudi-5\/#primaryimage","url":"https:\/\/regions-snetap-fsu.fr\/cvdl\/wp-content\/uploads\/sites\/10\/2019\/11\/retraites-2019-12-05.jpg","contentUrl":"https:\/\/regions-snetap-fsu.fr\/cvdl\/wp-content\/uploads\/sites\/10\/2019\/11\/retraites-2019-12-05.jpg","width":745,"height":308},{"@type":"BreadcrumbList","@id":"https:\/\/regions-snetap-fsu.fr\/cvdl\/2019\/11\/20\/la-manif-du-jeudi-5\/#breadcrumb","itemListElement":[{"@type":"ListItem","position":1,"name":"Accueil","item":"https:\/\/regions-snetap-fsu.fr\/cvdl\/"},{"@type":"ListItem","position":2,"name":"La MANIF du jeudi 5"}]},{"@type":"WebSite","@id":"https:\/\/regions-snetap-fsu.fr\/cvdl\/#website","url":"https:\/\/regions-snetap-fsu.fr\/cvdl\/","name":"SNETAP-FSU - CENTRE-VAL DE LOIRE","description":"Le blog de la Section R\u00e9gionale","publisher":{"@id":"https:\/\/regions-snetap-fsu.fr\/cvdl\/#organization"},"potentialAction":[{"@type":"SearchAction","target":{"@type":"EntryPoint","urlTemplate":"https:\/\/regions-snetap-fsu.fr\/cvdl\/?s={search_term_string}"},"query-input":{"@type":"PropertyValueSpecification","valueRequired":true,"valueName":"search_term_string"}}],"inLanguage":"fr-FR"},{"@type":"Organization","@id":"https:\/\/regions-snetap-fsu.fr\/cvdl\/#organization","name":"SNETAP-FSU - Centre Val de Loire","url":"https:\/\/regions-snetap-fsu.fr\/cvdl\/","logo":{"@type":"ImageObject","inLanguage":"fr-FR","@id":"https:\/\/regions-snetap-fsu.fr\/cvdl\/#\/schema\/logo\/image\/","url":"https:\/\/regions-snetap-fsu.fr\/cvdl\/wp-content\/uploads\/sites\/10\/2020\/09\/logo-SNETAP.png","contentUrl":"https:\/\/regions-snetap-fsu.fr\/cvdl\/wp-content\/uploads\/sites\/10\/2020\/09\/logo-SNETAP.png","width":380,"height":290,"caption":"SNETAP-FSU - Centre Val de Loire"},"image":{"@id":"https:\/\/regions-snetap-fsu.fr\/cvdl\/#\/schema\/logo\/image\/"}},{"@type":"Person","@id":"https:\/\/regions-snetap-fsu.fr\/cvdl\/#\/schema\/person\/4bf7bfcfd5483dec77bc7a3532f5b895","name":"amasson","image":{"@type":"ImageObject","inLanguage":"fr-FR","@id":"https:\/\/secure.gravatar.com\/avatar\/603812a842658d69c5a357f4b2beb470231ad8ab03d31d1af5a8e107f8d945f2?s=96&d=mm&r=g","url":"https:\/\/secure.gravatar.com\/avatar\/603812a842658d69c5a357f4b2beb470231ad8ab03d31d1af5a8e107f8d945f2?s=96&d=mm&r=g","contentUrl":"https:\/\/secure.gravatar.com\/avatar\/603812a842658d69c5a357f4b2beb470231ad8ab03d31d1af5a8e107f8d945f2?s=96&d=mm&r=g","caption":"amasson"},"url":"https:\/\/regions-snetap-fsu.fr\/cvdl\/author\/amasson\/"}]}},"_links":{"self":[{"href":"https:\/\/regions-snetap-fsu.fr\/cvdl\/wp-json\/wp\/v2\/posts\/1055","targetHints":{"allow":["GET"]}}],"collection":[{"href":"https:\/\/regions-snetap-fsu.fr\/cvdl\/wp-json\/wp\/v2\/posts"}],"about":[{"href":"https:\/\/regions-snetap-fsu.fr\/cvdl\/wp-json\/wp\/v2\/types\/post"}],"author":[{"embeddable":true,"href":"https:\/\/regions-snetap-fsu.fr\/cvdl\/wp-json\/wp\/v2\/users\/129"}],"replies":[{"embeddable":true,"href":"https:\/\/regions-snetap-fsu.fr\/cvdl\/wp-json\/wp\/v2\/comments?post=1055"}],"version-history":[{"count":6,"href":"https:\/\/regions-snetap-fsu.fr\/cvdl\/wp-json\/wp\/v2\/posts\/1055\/revisions"}],"predecessor-version":[{"id":1063,"href":"https:\/\/regions-snetap-fsu.fr\/cvdl\/wp-json\/wp\/v2\/posts\/1055\/revisions\/1063"}],"wp:attachment":[{"href":"https:\/\/regions-snetap-fsu.fr\/cvdl\/wp-json\/wp\/v2\/media?parent=1055"}],"wp:term":[{"taxonomy":"category","embeddable":true,"href":"https:\/\/regions-snetap-fsu.fr\/cvdl\/wp-json\/wp\/v2\/categories?post=1055"},{"taxonomy":"post_tag","embeddable":true,"href":"https:\/\/regions-snetap-fsu.fr\/cvdl\/wp-json\/wp\/v2\/tags?post=1055"},{"taxonomy":"post_folder","embeddable":true,"href":"https:\/\/regions-snetap-fsu.fr\/cvdl\/wp-json\/wp\/v2\/post_folder?post=1055"}],"curies":[{"name":"wp","href":"https:\/\/api.w.org\/{rel}","templated":true}]}}