{"id":995,"date":"2023-12-19T14:54:03","date_gmt":"2023-12-19T13:54:03","guid":{"rendered":"https:\/\/regions-snetap-fsu.fr\/bfc\/?p=995"},"modified":"2023-12-19T14:54:25","modified_gmt":"2023-12-19T13:54:25","slug":"fscsarea-du-18-decembre-2023","status":"publish","type":"post","link":"https:\/\/regions-snetap-fsu.fr\/bfc\/2023\/12\/19\/fscsarea-du-18-decembre-2023\/","title":{"rendered":"FSCSAREA du 18 d\u00e9cembre 2023"},"content":{"rendered":"<p>Vos \u00e9lus ont particip\u00e9 \u00e0 la r\u00e9union FS de ce lundi 18 d\u00e9cembre \u00e0 la DRAF \u00e0 Dijon .<\/p>\n<p>Cette r\u00e9union a d\u00e9but\u00e9 par une d\u00e9claration liminaire de l&rsquo;Elan Commun qui indique que\u00a0 le choix de ne pas boycotter (en lien avec l&rsquo;appel national) cette instance\u00a0 a \u00e9t\u00e9 choisi du fait des nombreuses probl\u00e9matiques complexes en BFC qui doivent \u00eatre \u00e9voqu\u00e9es urgemment\u00a0 \u00a0mais pour autant le\u00a0 d\u00e9saccord concernant\u00a0 le \u00ab\u00a0hold up\u00a0\u00bb de nos fiches de service\u00a0 \u00a0et le manque de consid\u00e9ration de la part de notre ministre qui refuse tout dialogue\u00a0 doit \u00eatre soulign\u00e9<\/p>\n<p>Les points abord\u00e9s lors cette r\u00e9union :<\/p>\n<ul>\n<li>Une synth\u00e8se sur la probl\u00e9matique de la r\u00e9mun\u00e9ration des AC depuis la rentr\u00e9e 2023\u00a0 : \u00e0 ce jour , il y a encore des soucis de r\u00e9gularisation de contrat et de paiement<\/li>\n<\/ul>\n<p>Un GT devrait avoir lieu prochainement pour g\u00e9rer cette probl\u00e9matique pour les ann\u00e9es \u00e0 venir<\/p>\n<p>Un tableau de recensement des diff\u00e9rentes probl\u00e9matiques doit \u00eatre remont\u00e9 prochainement aupr\u00e8s de la SRH\u00a0 sur les contrats, les r\u00e9mun\u00e9rations, les fins de contrat, les primes CFC, les revalorisations salariales &#8230;<\/p>\n<p>A noter que ces difficult\u00e9s de paiement et de contrat ont engendr\u00e9 de nombreux RPS.<\/p>\n<ul>\n<li>La m\u00e9decine de pr\u00e9vention\u00a0 en BFC est toujours\u00a0 (h\u00e9las!) au point mort : aucun m\u00e9decin de pr\u00e9vention en BFC ce qui pose des difficult\u00e9s pour les postes \u00e0 risque sur lesquels il n&rsquo;y a donc pas de suivi !!<\/li>\n<li>Les conditions de travail dans plusieurs lyc\u00e9es de BFC\u00a0 sont insatisfaisantes du fait d&rsquo;absences de directions\u00a0 ce qui g\u00e9n\u00e8re\u00a0 des soucis du quotidien et qui influe sur les conditions de travail de tous<\/li>\n<li>La Cellule Veille et Alerte doit \u00eatre relanc\u00e9e avec un premier temps : campagne de pr\u00e9-recrutement et temps d&rsquo;information , en deuxi\u00e8me temps : le recensement des candidatures et enfin une derni\u00e8re \u00e9tape de formation<\/li>\n<\/ul>\n<p>Un temps de travail\u00a0 sur la CVA sera \u00e0 caler en janvier 2024<\/p>\n<p>Prochaines\u00a0 FS :\u00a0 les 04 avril et 1er juillet 2024<\/p>\n","protected":false},"excerpt":{"rendered":"<p>Vos \u00e9lus ont particip\u00e9 \u00e0 la r\u00e9union FS de ce lundi 18 d\u00e9cembre \u00e0 la DRAF \u00e0 Dijon . Cette r\u00e9union a d\u00e9but\u00e9 par une d\u00e9claration liminaire de l&rsquo;Elan Commun qui indique que\u00a0 le choix de ne pas boycotter (en lien avec l&rsquo;appel national) cette instance\u00a0 a \u00e9t\u00e9 choisi du fait des nombreuses probl\u00e9matiques complexes [&hellip;]<\/p>\n","protected":false},"author":109,"featured_media":710,"comment_status":"closed","ping_status":"closed","sticky":false,"template":"","format":"standard","meta":{"ocean_post_layout":"","ocean_both_sidebars_style":"","ocean_both_sidebars_content_width":0,"ocean_both_sidebars_sidebars_width":0,"ocean_sidebar":"0","ocean_second_sidebar":"0","ocean_disable_margins":"enable","ocean_add_body_class":"","ocean_shortcode_before_top_bar":"","ocean_shortcode_after_top_bar":"","ocean_shortcode_before_header":"","ocean_shortcode_after_header":"","ocean_has_shortcode":"","ocean_shortcode_after_title":"","ocean_shortcode_before_footer_widgets":"","ocean_shortcode_after_footer_widgets":"","ocean_shortcode_before_footer_bottom":"","ocean_shortcode_after_footer_bottom":"","ocean_display_top_bar":"default","ocean_display_header":"default","ocean_header_style":"","ocean_center_header_left_menu":"0","ocean_custom_header_template":"0","ocean_custom_logo":0,"ocean_custom_retina_logo":0,"ocean_custom_logo_max_width":0,"ocean_custom_logo_tablet_max_width":0,"ocean_custom_logo_mobile_max_width":0,"ocean_custom_logo_max_height":0,"ocean_custom_logo_tablet_max_height":0,"ocean_custom_logo_mobile_max_height":0,"ocean_header_custom_menu":"0","ocean_menu_typo_font_family":"0","ocean_menu_typo_font_subset":"","ocean_menu_typo_font_size":0,"ocean_menu_typo_font_size_tablet":0,"ocean_menu_typo_font_size_mobile":0,"ocean_menu_typo_font_size_unit":"px","ocean_menu_typo_font_weight":"","ocean_menu_typo_font_weight_tablet":"","ocean_menu_typo_font_weight_mobile":"","ocean_menu_typo_transform":"","ocean_menu_typo_transform_tablet":"","ocean_menu_typo_transform_mobile":"","ocean_menu_typo_line_height":0,"ocean_menu_typo_line_height_tablet":0,"ocean_menu_typo_line_height_mobile":0,"ocean_menu_typo_line_height_unit":"","ocean_menu_typo_spacing":0,"ocean_menu_typo_spacing_tablet":0,"ocean_menu_typo_spacing_mobile":0,"ocean_menu_typo_spacing_unit":"","ocean_menu_link_color":"","ocean_menu_link_color_hover":"","ocean_menu_link_color_active":"","ocean_menu_link_background":"","ocean_menu_link_hover_background":"","ocean_menu_link_active_background":"","ocean_menu_social_links_bg":"","ocean_menu_social_hover_links_bg":"","ocean_menu_social_links_color":"","ocean_menu_social_hover_links_color":"","ocean_disable_title":"default","ocean_disable_heading":"default","ocean_post_title":"","ocean_post_subheading":"","ocean_post_title_style":"","ocean_post_title_background_color":"","ocean_post_title_background":0,"ocean_post_title_bg_image_position":"","ocean_post_title_bg_image_attachment":"","ocean_post_title_bg_image_repeat":"","ocean_post_title_bg_image_size":"","ocean_post_title_height":0,"ocean_post_title_bg_overlay":0.5,"ocean_post_title_bg_overlay_color":"","ocean_disable_breadcrumbs":"default","ocean_breadcrumbs_color":"","ocean_breadcrumbs_separator_color":"","ocean_breadcrumbs_links_color":"","ocean_breadcrumbs_links_hover_color":"","ocean_display_footer_widgets":"default","ocean_display_footer_bottom":"default","ocean_custom_footer_template":"0","ocean_post_oembed":"","ocean_post_self_hosted_media":"","ocean_post_video_embed":"","ocean_link_format":"","ocean_link_format_target":"self","ocean_quote_format":"","ocean_quote_format_link":"post","ocean_gallery_link_images":"on","ocean_gallery_id":[],"footnotes":""},"categories":[18],"tags":[],"post_folder":[],"class_list":["post-995","post","type-post","status-publish","format-standard","has-post-thumbnail","hentry","category-chsctrea","entry","has-media"],"yoast_head":"<!-- This site is optimized with the Yoast SEO plugin v27.4 - https:\/\/yoast.com\/product\/yoast-seo-wordpress\/ -->\n<title>FSCSAREA du 18 d\u00e9cembre 2023 - BOURGOGNE FRANCHE-COMTE<\/title>\n<meta name=\"robots\" content=\"index, follow, max-snippet:-1, max-image-preview:large, max-video-preview:-1\" \/>\n<link rel=\"canonical\" href=\"https:\/\/regions-snetap-fsu.fr\/bfc\/2023\/12\/19\/fscsarea-du-18-decembre-2023\/\" \/>\n<meta property=\"og:locale\" content=\"fr_FR\" \/>\n<meta property=\"og:type\" content=\"article\" \/>\n<meta property=\"og:title\" content=\"FSCSAREA du 18 d\u00e9cembre 2023 - BOURGOGNE FRANCHE-COMTE\" \/>\n<meta property=\"og:description\" content=\"Vos \u00e9lus ont particip\u00e9 \u00e0 la r\u00e9union FS de ce lundi 18 d\u00e9cembre \u00e0 la DRAF \u00e0 Dijon . Cette r\u00e9union a d\u00e9but\u00e9 par une d\u00e9claration liminaire de l&rsquo;Elan Commun qui indique que\u00a0 le choix de ne pas boycotter (en lien avec l&rsquo;appel national) cette instance\u00a0 a \u00e9t\u00e9 choisi du fait des nombreuses probl\u00e9matiques complexes [&hellip;]\" \/>\n<meta property=\"og:url\" content=\"https:\/\/regions-snetap-fsu.fr\/bfc\/2023\/12\/19\/fscsarea-du-18-decembre-2023\/\" \/>\n<meta property=\"og:site_name\" content=\"BOURGOGNE FRANCHE-COMTE\" \/>\n<meta property=\"article:published_time\" content=\"2023-12-19T13:54:03+00:00\" \/>\n<meta property=\"article:modified_time\" content=\"2023-12-19T13:54:25+00:00\" \/>\n<meta property=\"og:image\" content=\"https:\/\/regions-snetap-fsu.fr\/bfc\/wp-content\/uploads\/sites\/8\/2021\/10\/CHSCTREA-BFC.jpg\" \/>\n\t<meta property=\"og:image:width\" content=\"1740\" \/>\n\t<meta property=\"og:image:height\" content=\"800\" \/>\n\t<meta property=\"og:image:type\" content=\"image\/jpeg\" \/>\n<meta name=\"twitter:card\" content=\"summary_large_image\" \/>\n<meta name=\"twitter:label1\" content=\"\u00c9crit par\" \/>\n\t<meta name=\"twitter:data1\" content=\"\" \/>\n\t<meta name=\"twitter:label2\" content=\"Dur\u00e9e de lecture estim\u00e9e\" \/>\n\t<meta name=\"twitter:data2\" content=\"2 minutes\" \/>\n<script type=\"application\/ld+json\" class=\"yoast-schema-graph\">{\"@context\":\"https:\\\/\\\/schema.org\",\"@graph\":[{\"@type\":\"Article\",\"@id\":\"https:\\\/\\\/regions-snetap-fsu.fr\\\/bfc\\\/2023\\\/12\\\/19\\\/fscsarea-du-18-decembre-2023\\\/#article\",\"isPartOf\":{\"@id\":\"https:\\\/\\\/regions-snetap-fsu.fr\\\/bfc\\\/2023\\\/12\\\/19\\\/fscsarea-du-18-decembre-2023\\\/\"},\"author\":{\"name\":\"\",\"@id\":\"\"},\"headline\":\"FSCSAREA du 18 d\u00e9cembre 2023\",\"datePublished\":\"2023-12-19T13:54:03+00:00\",\"dateModified\":\"2023-12-19T13:54:25+00:00\",\"mainEntityOfPage\":{\"@id\":\"https:\\\/\\\/regions-snetap-fsu.fr\\\/bfc\\\/2023\\\/12\\\/19\\\/fscsarea-du-18-decembre-2023\\\/\"},\"wordCount\":349,\"publisher\":{\"@id\":\"https:\\\/\\\/regions-snetap-fsu.fr\\\/bfc\\\/#organization\"},\"image\":{\"@id\":\"https:\\\/\\\/regions-snetap-fsu.fr\\\/bfc\\\/2023\\\/12\\\/19\\\/fscsarea-du-18-decembre-2023\\\/#primaryimage\"},\"thumbnailUrl\":\"https:\\\/\\\/regions-snetap-fsu.fr\\\/bfc\\\/wp-content\\\/uploads\\\/sites\\\/8\\\/2021\\\/10\\\/CHSCTREA-BFC.jpg\",\"articleSection\":[\"CHSCTREA\"],\"inLanguage\":\"fr-FR\"},{\"@type\":\"WebPage\",\"@id\":\"https:\\\/\\\/regions-snetap-fsu.fr\\\/bfc\\\/2023\\\/12\\\/19\\\/fscsarea-du-18-decembre-2023\\\/\",\"url\":\"https:\\\/\\\/regions-snetap-fsu.fr\\\/bfc\\\/2023\\\/12\\\/19\\\/fscsarea-du-18-decembre-2023\\\/\",\"name\":\"FSCSAREA du 18 d\u00e9cembre 2023 - BOURGOGNE FRANCHE-COMTE\",\"isPartOf\":{\"@id\":\"https:\\\/\\\/regions-snetap-fsu.fr\\\/bfc\\\/#website\"},\"primaryImageOfPage\":{\"@id\":\"https:\\\/\\\/regions-snetap-fsu.fr\\\/bfc\\\/2023\\\/12\\\/19\\\/fscsarea-du-18-decembre-2023\\\/#primaryimage\"},\"image\":{\"@id\":\"https:\\\/\\\/regions-snetap-fsu.fr\\\/bfc\\\/2023\\\/12\\\/19\\\/fscsarea-du-18-decembre-2023\\\/#primaryimage\"},\"thumbnailUrl\":\"https:\\\/\\\/regions-snetap-fsu.fr\\\/bfc\\\/wp-content\\\/uploads\\\/sites\\\/8\\\/2021\\\/10\\\/CHSCTREA-BFC.jpg\",\"datePublished\":\"2023-12-19T13:54:03+00:00\",\"dateModified\":\"2023-12-19T13:54:25+00:00\",\"breadcrumb\":{\"@id\":\"https:\\\/\\\/regions-snetap-fsu.fr\\\/bfc\\\/2023\\\/12\\\/19\\\/fscsarea-du-18-decembre-2023\\\/#breadcrumb\"},\"inLanguage\":\"fr-FR\",\"potentialAction\":[{\"@type\":\"ReadAction\",\"target\":[\"https:\\\/\\\/regions-snetap-fsu.fr\\\/bfc\\\/2023\\\/12\\\/19\\\/fscsarea-du-18-decembre-2023\\\/\"]}]},{\"@type\":\"ImageObject\",\"inLanguage\":\"fr-FR\",\"@id\":\"https:\\\/\\\/regions-snetap-fsu.fr\\\/bfc\\\/2023\\\/12\\\/19\\\/fscsarea-du-18-decembre-2023\\\/#primaryimage\",\"url\":\"https:\\\/\\\/regions-snetap-fsu.fr\\\/bfc\\\/wp-content\\\/uploads\\\/sites\\\/8\\\/2021\\\/10\\\/CHSCTREA-BFC.jpg\",\"contentUrl\":\"https:\\\/\\\/regions-snetap-fsu.fr\\\/bfc\\\/wp-content\\\/uploads\\\/sites\\\/8\\\/2021\\\/10\\\/CHSCTREA-BFC.jpg\",\"width\":1740,\"height\":800,\"caption\":\"CHSCTREA\"},{\"@type\":\"BreadcrumbList\",\"@id\":\"https:\\\/\\\/regions-snetap-fsu.fr\\\/bfc\\\/2023\\\/12\\\/19\\\/fscsarea-du-18-decembre-2023\\\/#breadcrumb\",\"itemListElement\":[{\"@type\":\"ListItem\",\"position\":1,\"name\":\"Accueil\",\"item\":\"https:\\\/\\\/regions-snetap-fsu.fr\\\/bfc\\\/\"},{\"@type\":\"ListItem\",\"position\":2,\"name\":\"FSCSAREA du 18 d\u00e9cembre 2023\"}]},{\"@type\":\"WebSite\",\"@id\":\"https:\\\/\\\/regions-snetap-fsu.fr\\\/bfc\\\/#website\",\"url\":\"https:\\\/\\\/regions-snetap-fsu.fr\\\/bfc\\\/\",\"name\":\"SNETAP-FSU BOURGOGNE FRANCHE-COMTE\",\"description\":\"Le blog de la Section R\u00e9gionale\",\"publisher\":{\"@id\":\"https:\\\/\\\/regions-snetap-fsu.fr\\\/bfc\\\/#organization\"},\"potentialAction\":[{\"@type\":\"SearchAction\",\"target\":{\"@type\":\"EntryPoint\",\"urlTemplate\":\"https:\\\/\\\/regions-snetap-fsu.fr\\\/bfc\\\/?s={search_term_string}\"},\"query-input\":{\"@type\":\"PropertyValueSpecification\",\"valueRequired\":true,\"valueName\":\"search_term_string\"}}],\"inLanguage\":\"fr-FR\"},{\"@type\":\"Organization\",\"@id\":\"https:\\\/\\\/regions-snetap-fsu.fr\\\/bfc\\\/#organization\",\"name\":\"SNETAP-FSU Bourgogne Franche Comt\u00e9\",\"url\":\"https:\\\/\\\/regions-snetap-fsu.fr\\\/bfc\\\/\",\"logo\":{\"@type\":\"ImageObject\",\"inLanguage\":\"fr-FR\",\"@id\":\"https:\\\/\\\/regions-snetap-fsu.fr\\\/bfc\\\/#\\\/schema\\\/logo\\\/image\\\/\",\"url\":\"https:\\\/\\\/regions-snetap-fsu.fr\\\/bfc\\\/wp-content\\\/uploads\\\/sites\\\/8\\\/2020\\\/12\\\/SNETAP-Logo.jpg\",\"contentUrl\":\"https:\\\/\\\/regions-snetap-fsu.fr\\\/bfc\\\/wp-content\\\/uploads\\\/sites\\\/8\\\/2020\\\/12\\\/SNETAP-Logo.jpg\",\"width\":464,\"height\":334,\"caption\":\"SNETAP-FSU Bourgogne Franche Comt\u00e9\"},\"image\":{\"@id\":\"https:\\\/\\\/regions-snetap-fsu.fr\\\/bfc\\\/#\\\/schema\\\/logo\\\/image\\\/\"}},{\"@type\":\"Person\",\"@id\":\"\",\"url\":\"https:\\\/\\\/regions-snetap-fsu.fr\\\/bfc\\\/author\\\/\"}]}<\/script>\n<!-- \/ Yoast SEO plugin. -->","yoast_head_json":{"title":"FSCSAREA du 18 d\u00e9cembre 2023 - BOURGOGNE FRANCHE-COMTE","robots":{"index":"index","follow":"follow","max-snippet":"max-snippet:-1","max-image-preview":"max-image-preview:large","max-video-preview":"max-video-preview:-1"},"canonical":"https:\/\/regions-snetap-fsu.fr\/bfc\/2023\/12\/19\/fscsarea-du-18-decembre-2023\/","og_locale":"fr_FR","og_type":"article","og_title":"FSCSAREA du 18 d\u00e9cembre 2023 - BOURGOGNE FRANCHE-COMTE","og_description":"Vos \u00e9lus ont particip\u00e9 \u00e0 la r\u00e9union FS de ce lundi 18 d\u00e9cembre \u00e0 la DRAF \u00e0 Dijon . Cette r\u00e9union a d\u00e9but\u00e9 par une d\u00e9claration liminaire de l&rsquo;Elan Commun qui indique que\u00a0 le choix de ne pas boycotter (en lien avec l&rsquo;appel national) cette instance\u00a0 a \u00e9t\u00e9 choisi du fait des nombreuses probl\u00e9matiques complexes [&hellip;]","og_url":"https:\/\/regions-snetap-fsu.fr\/bfc\/2023\/12\/19\/fscsarea-du-18-decembre-2023\/","og_site_name":"BOURGOGNE FRANCHE-COMTE","article_published_time":"2023-12-19T13:54:03+00:00","article_modified_time":"2023-12-19T13:54:25+00:00","og_image":[{"width":1740,"height":800,"url":"https:\/\/regions-snetap-fsu.fr\/bfc\/wp-content\/uploads\/sites\/8\/2021\/10\/CHSCTREA-BFC.jpg","type":"image\/jpeg"}],"twitter_card":"summary_large_image","twitter_misc":{"\u00c9crit par":"","Dur\u00e9e de lecture estim\u00e9e":"2 minutes"},"schema":{"@context":"https:\/\/schema.org","@graph":[{"@type":"Article","@id":"https:\/\/regions-snetap-fsu.fr\/bfc\/2023\/12\/19\/fscsarea-du-18-decembre-2023\/#article","isPartOf":{"@id":"https:\/\/regions-snetap-fsu.fr\/bfc\/2023\/12\/19\/fscsarea-du-18-decembre-2023\/"},"author":{"name":"","@id":""},"headline":"FSCSAREA du 18 d\u00e9cembre 2023","datePublished":"2023-12-19T13:54:03+00:00","dateModified":"2023-12-19T13:54:25+00:00","mainEntityOfPage":{"@id":"https:\/\/regions-snetap-fsu.fr\/bfc\/2023\/12\/19\/fscsarea-du-18-decembre-2023\/"},"wordCount":349,"publisher":{"@id":"https:\/\/regions-snetap-fsu.fr\/bfc\/#organization"},"image":{"@id":"https:\/\/regions-snetap-fsu.fr\/bfc\/2023\/12\/19\/fscsarea-du-18-decembre-2023\/#primaryimage"},"thumbnailUrl":"https:\/\/regions-snetap-fsu.fr\/bfc\/wp-content\/uploads\/sites\/8\/2021\/10\/CHSCTREA-BFC.jpg","articleSection":["CHSCTREA"],"inLanguage":"fr-FR"},{"@type":"WebPage","@id":"https:\/\/regions-snetap-fsu.fr\/bfc\/2023\/12\/19\/fscsarea-du-18-decembre-2023\/","url":"https:\/\/regions-snetap-fsu.fr\/bfc\/2023\/12\/19\/fscsarea-du-18-decembre-2023\/","name":"FSCSAREA du 18 d\u00e9cembre 2023 - BOURGOGNE FRANCHE-COMTE","isPartOf":{"@id":"https:\/\/regions-snetap-fsu.fr\/bfc\/#website"},"primaryImageOfPage":{"@id":"https:\/\/regions-snetap-fsu.fr\/bfc\/2023\/12\/19\/fscsarea-du-18-decembre-2023\/#primaryimage"},"image":{"@id":"https:\/\/regions-snetap-fsu.fr\/bfc\/2023\/12\/19\/fscsarea-du-18-decembre-2023\/#primaryimage"},"thumbnailUrl":"https:\/\/regions-snetap-fsu.fr\/bfc\/wp-content\/uploads\/sites\/8\/2021\/10\/CHSCTREA-BFC.jpg","datePublished":"2023-12-19T13:54:03+00:00","dateModified":"2023-12-19T13:54:25+00:00","breadcrumb":{"@id":"https:\/\/regions-snetap-fsu.fr\/bfc\/2023\/12\/19\/fscsarea-du-18-decembre-2023\/#breadcrumb"},"inLanguage":"fr-FR","potentialAction":[{"@type":"ReadAction","target":["https:\/\/regions-snetap-fsu.fr\/bfc\/2023\/12\/19\/fscsarea-du-18-decembre-2023\/"]}]},{"@type":"ImageObject","inLanguage":"fr-FR","@id":"https:\/\/regions-snetap-fsu.fr\/bfc\/2023\/12\/19\/fscsarea-du-18-decembre-2023\/#primaryimage","url":"https:\/\/regions-snetap-fsu.fr\/bfc\/wp-content\/uploads\/sites\/8\/2021\/10\/CHSCTREA-BFC.jpg","contentUrl":"https:\/\/regions-snetap-fsu.fr\/bfc\/wp-content\/uploads\/sites\/8\/2021\/10\/CHSCTREA-BFC.jpg","width":1740,"height":800,"caption":"CHSCTREA"},{"@type":"BreadcrumbList","@id":"https:\/\/regions-snetap-fsu.fr\/bfc\/2023\/12\/19\/fscsarea-du-18-decembre-2023\/#breadcrumb","itemListElement":[{"@type":"ListItem","position":1,"name":"Accueil","item":"https:\/\/regions-snetap-fsu.fr\/bfc\/"},{"@type":"ListItem","position":2,"name":"FSCSAREA du 18 d\u00e9cembre 2023"}]},{"@type":"WebSite","@id":"https:\/\/regions-snetap-fsu.fr\/bfc\/#website","url":"https:\/\/regions-snetap-fsu.fr\/bfc\/","name":"SNETAP-FSU BOURGOGNE FRANCHE-COMTE","description":"Le blog de la Section R\u00e9gionale","publisher":{"@id":"https:\/\/regions-snetap-fsu.fr\/bfc\/#organization"},"potentialAction":[{"@type":"SearchAction","target":{"@type":"EntryPoint","urlTemplate":"https:\/\/regions-snetap-fsu.fr\/bfc\/?s={search_term_string}"},"query-input":{"@type":"PropertyValueSpecification","valueRequired":true,"valueName":"search_term_string"}}],"inLanguage":"fr-FR"},{"@type":"Organization","@id":"https:\/\/regions-snetap-fsu.fr\/bfc\/#organization","name":"SNETAP-FSU Bourgogne Franche Comt\u00e9","url":"https:\/\/regions-snetap-fsu.fr\/bfc\/","logo":{"@type":"ImageObject","inLanguage":"fr-FR","@id":"https:\/\/regions-snetap-fsu.fr\/bfc\/#\/schema\/logo\/image\/","url":"https:\/\/regions-snetap-fsu.fr\/bfc\/wp-content\/uploads\/sites\/8\/2020\/12\/SNETAP-Logo.jpg","contentUrl":"https:\/\/regions-snetap-fsu.fr\/bfc\/wp-content\/uploads\/sites\/8\/2020\/12\/SNETAP-Logo.jpg","width":464,"height":334,"caption":"SNETAP-FSU Bourgogne Franche Comt\u00e9"},"image":{"@id":"https:\/\/regions-snetap-fsu.fr\/bfc\/#\/schema\/logo\/image\/"}},{"@type":"Person","@id":"","url":"https:\/\/regions-snetap-fsu.fr\/bfc\/author\/"}]}},"_links":{"self":[{"href":"https:\/\/regions-snetap-fsu.fr\/bfc\/wp-json\/wp\/v2\/posts\/995","targetHints":{"allow":["GET"]}}],"collection":[{"href":"https:\/\/regions-snetap-fsu.fr\/bfc\/wp-json\/wp\/v2\/posts"}],"about":[{"href":"https:\/\/regions-snetap-fsu.fr\/bfc\/wp-json\/wp\/v2\/types\/post"}],"author":[{"embeddable":true,"href":"https:\/\/regions-snetap-fsu.fr\/bfc\/wp-json\/wp\/v2\/users\/109"}],"replies":[{"embeddable":true,"href":"https:\/\/regions-snetap-fsu.fr\/bfc\/wp-json\/wp\/v2\/comments?post=995"}],"version-history":[{"count":2,"href":"https:\/\/regions-snetap-fsu.fr\/bfc\/wp-json\/wp\/v2\/posts\/995\/revisions"}],"predecessor-version":[{"id":998,"href":"https:\/\/regions-snetap-fsu.fr\/bfc\/wp-json\/wp\/v2\/posts\/995\/revisions\/998"}],"wp:featuredmedia":[{"embeddable":true,"href":"https:\/\/regions-snetap-fsu.fr\/bfc\/wp-json\/wp\/v2\/media\/710"}],"wp:attachment":[{"href":"https:\/\/regions-snetap-fsu.fr\/bfc\/wp-json\/wp\/v2\/media?parent=995"}],"wp:term":[{"taxonomy":"category","embeddable":true,"href":"https:\/\/regions-snetap-fsu.fr\/bfc\/wp-json\/wp\/v2\/categories?post=995"},{"taxonomy":"post_tag","embeddable":true,"href":"https:\/\/regions-snetap-fsu.fr\/bfc\/wp-json\/wp\/v2\/tags?post=995"},{"taxonomy":"post_folder","embeddable":true,"href":"https:\/\/regions-snetap-fsu.fr\/bfc\/wp-json\/wp\/v2\/post_folder?post=995"}],"curies":[{"name":"wp","href":"https:\/\/api.w.org\/{rel}","templated":true}]}}