{"id":989,"date":"2023-12-07T16:53:38","date_gmt":"2023-12-07T15:53:38","guid":{"rendered":"https:\/\/regions-snetap-fsu.fr\/bfc\/?p=989"},"modified":"2023-12-07T16:54:15","modified_gmt":"2023-12-07T15:54:15","slug":"reunion-des-regionaux-a-paris-le-28-novembre","status":"publish","type":"post","link":"https:\/\/regions-snetap-fsu.fr\/bfc\/2023\/12\/07\/reunion-des-regionaux-a-paris-le-28-novembre\/","title":{"rendered":"R\u00e9union des r\u00e9gionaux \u00e0 Paris le 28 novembre"},"content":{"rendered":"<p>Ce mardi 28 novembre, Marie Agn\u00e8s Liegeon et V\u00e9ronique Dupaquier se sont rendues \u00e0 Paris pour le regroupement des secr\u00e9taires\u00a0 de r\u00e9gion.<\/p>\n<p>Il a \u00e9t\u00e9 question des actions \u00e0 venir concernant le hold up des fiches de service, la r\u00e9forme de la voie professionnelle mais aussi les diff\u00e9rents dossiers sur la CDisation des AESH, les formations sur le harc\u00e8lement, le pacte enseignant, les conventions bac pro, la syndicalisation, la mobilisation aux diff\u00e9rentes actions.<\/p>\n<p>A venir une mobilisation le 12 d\u00e9cembre contre la r\u00e9forme de la voie professionnelle \u00e0 l&rsquo;EN\u00a0 mais d&rsquo;autres mobilisations sont \u00e0 venir pour les fiches de service notamment<\/p>\n","protected":false},"excerpt":{"rendered":"<p>Ce mardi 28 novembre, Marie Agn\u00e8s Liegeon et V\u00e9ronique Dupaquier se sont rendues \u00e0 Paris pour le regroupement des secr\u00e9taires\u00a0 de r\u00e9gion. Il a \u00e9t\u00e9 question des actions \u00e0 venir concernant le hold up des fiches de service, la r\u00e9forme de la voie professionnelle mais aussi les diff\u00e9rents dossiers sur la CDisation des AESH, les [&hellip;]<\/p>\n","protected":false},"author":109,"featured_media":990,"comment_status":"closed","ping_status":"closed","sticky":false,"template":"","format":"standard","meta":{"ocean_post_layout":"","ocean_both_sidebars_style":"","ocean_both_sidebars_content_width":0,"ocean_both_sidebars_sidebars_width":0,"ocean_sidebar":"0","ocean_second_sidebar":"0","ocean_disable_margins":"enable","ocean_add_body_class":"","ocean_shortcode_before_top_bar":"","ocean_shortcode_after_top_bar":"","ocean_shortcode_before_header":"","ocean_shortcode_after_header":"","ocean_has_shortcode":"","ocean_shortcode_after_title":"","ocean_shortcode_before_footer_widgets":"","ocean_shortcode_after_footer_widgets":"","ocean_shortcode_before_footer_bottom":"","ocean_shortcode_after_footer_bottom":"","ocean_display_top_bar":"default","ocean_display_header":"default","ocean_header_style":"","ocean_center_header_left_menu":"0","ocean_custom_header_template":"0","ocean_custom_logo":0,"ocean_custom_retina_logo":0,"ocean_custom_logo_max_width":0,"ocean_custom_logo_tablet_max_width":0,"ocean_custom_logo_mobile_max_width":0,"ocean_custom_logo_max_height":0,"ocean_custom_logo_tablet_max_height":0,"ocean_custom_logo_mobile_max_height":0,"ocean_header_custom_menu":"0","ocean_menu_typo_font_family":"0","ocean_menu_typo_font_subset":"","ocean_menu_typo_font_size":0,"ocean_menu_typo_font_size_tablet":0,"ocean_menu_typo_font_size_mobile":0,"ocean_menu_typo_font_size_unit":"px","ocean_menu_typo_font_weight":"","ocean_menu_typo_font_weight_tablet":"","ocean_menu_typo_font_weight_mobile":"","ocean_menu_typo_transform":"","ocean_menu_typo_transform_tablet":"","ocean_menu_typo_transform_mobile":"","ocean_menu_typo_line_height":0,"ocean_menu_typo_line_height_tablet":0,"ocean_menu_typo_line_height_mobile":0,"ocean_menu_typo_line_height_unit":"","ocean_menu_typo_spacing":0,"ocean_menu_typo_spacing_tablet":0,"ocean_menu_typo_spacing_mobile":0,"ocean_menu_typo_spacing_unit":"","ocean_menu_link_color":"","ocean_menu_link_color_hover":"","ocean_menu_link_color_active":"","ocean_menu_link_background":"","ocean_menu_link_hover_background":"","ocean_menu_link_active_background":"","ocean_menu_social_links_bg":"","ocean_menu_social_hover_links_bg":"","ocean_menu_social_links_color":"","ocean_menu_social_hover_links_color":"","ocean_disable_title":"default","ocean_disable_heading":"default","ocean_post_title":"","ocean_post_subheading":"","ocean_post_title_style":"","ocean_post_title_background_color":"","ocean_post_title_background":0,"ocean_post_title_bg_image_position":"","ocean_post_title_bg_image_attachment":"","ocean_post_title_bg_image_repeat":"","ocean_post_title_bg_image_size":"","ocean_post_title_height":0,"ocean_post_title_bg_overlay":0.5,"ocean_post_title_bg_overlay_color":"","ocean_disable_breadcrumbs":"default","ocean_breadcrumbs_color":"","ocean_breadcrumbs_separator_color":"","ocean_breadcrumbs_links_color":"","ocean_breadcrumbs_links_hover_color":"","ocean_display_footer_widgets":"default","ocean_display_footer_bottom":"default","ocean_custom_footer_template":"0","ocean_post_oembed":"","ocean_post_self_hosted_media":"","ocean_post_video_embed":"","ocean_link_format":"","ocean_link_format_target":"self","ocean_quote_format":"","ocean_quote_format_link":"post","ocean_gallery_link_images":"on","ocean_gallery_id":[],"footnotes":""},"categories":[13],"tags":[],"post_folder":[],"class_list":["post-989","post","type-post","status-publish","format-standard","has-post-thumbnail","hentry","category-congres","entry","has-media"],"yoast_head":"<!-- This site is optimized with the Yoast SEO plugin v27.4 - https:\/\/yoast.com\/product\/yoast-seo-wordpress\/ -->\n<title>R\u00e9union des r\u00e9gionaux \u00e0 Paris le 28 novembre - BOURGOGNE FRANCHE-COMTE<\/title>\n<meta name=\"robots\" content=\"index, follow, max-snippet:-1, max-image-preview:large, max-video-preview:-1\" \/>\n<link rel=\"canonical\" href=\"https:\/\/regions-snetap-fsu.fr\/bfc\/2023\/12\/07\/reunion-des-regionaux-a-paris-le-28-novembre\/\" \/>\n<meta property=\"og:locale\" content=\"fr_FR\" \/>\n<meta property=\"og:type\" content=\"article\" \/>\n<meta property=\"og:title\" content=\"R\u00e9union des r\u00e9gionaux \u00e0 Paris le 28 novembre - BOURGOGNE FRANCHE-COMTE\" \/>\n<meta property=\"og:description\" content=\"Ce mardi 28 novembre, Marie Agn\u00e8s Liegeon et V\u00e9ronique Dupaquier se sont rendues \u00e0 Paris pour le regroupement des secr\u00e9taires\u00a0 de r\u00e9gion. Il a \u00e9t\u00e9 question des actions \u00e0 venir concernant le hold up des fiches de service, la r\u00e9forme de la voie professionnelle mais aussi les diff\u00e9rents dossiers sur la CDisation des AESH, les [&hellip;]\" \/>\n<meta property=\"og:url\" content=\"https:\/\/regions-snetap-fsu.fr\/bfc\/2023\/12\/07\/reunion-des-regionaux-a-paris-le-28-novembre\/\" \/>\n<meta property=\"og:site_name\" content=\"BOURGOGNE FRANCHE-COMTE\" \/>\n<meta property=\"article:published_time\" content=\"2023-12-07T15:53:38+00:00\" \/>\n<meta property=\"article:modified_time\" content=\"2023-12-07T15:54:15+00:00\" \/>\n<meta property=\"og:image\" content=\"https:\/\/regions-snetap-fsu.fr\/bfc\/wp-content\/uploads\/sites\/8\/2023\/12\/reunion-regionaux-28-nov-23-scaled.jpg\" \/>\n\t<meta property=\"og:image:width\" content=\"2560\" \/>\n\t<meta property=\"og:image:height\" content=\"1920\" \/>\n\t<meta property=\"og:image:type\" content=\"image\/jpeg\" \/>\n<meta name=\"twitter:card\" content=\"summary_large_image\" \/>\n<meta name=\"twitter:label1\" content=\"\u00c9crit par\" \/>\n\t<meta name=\"twitter:data1\" content=\"\" \/>\n\t<meta name=\"twitter:label2\" content=\"Dur\u00e9e de lecture estim\u00e9e\" \/>\n\t<meta name=\"twitter:data2\" content=\"1 minute\" \/>\n<script type=\"application\/ld+json\" class=\"yoast-schema-graph\">{\"@context\":\"https:\\\/\\\/schema.org\",\"@graph\":[{\"@type\":\"Article\",\"@id\":\"https:\\\/\\\/regions-snetap-fsu.fr\\\/bfc\\\/2023\\\/12\\\/07\\\/reunion-des-regionaux-a-paris-le-28-novembre\\\/#article\",\"isPartOf\":{\"@id\":\"https:\\\/\\\/regions-snetap-fsu.fr\\\/bfc\\\/2023\\\/12\\\/07\\\/reunion-des-regionaux-a-paris-le-28-novembre\\\/\"},\"author\":{\"name\":\"\",\"@id\":\"\"},\"headline\":\"R\u00e9union des r\u00e9gionaux \u00e0 Paris le 28 novembre\",\"datePublished\":\"2023-12-07T15:53:38+00:00\",\"dateModified\":\"2023-12-07T15:54:15+00:00\",\"mainEntityOfPage\":{\"@id\":\"https:\\\/\\\/regions-snetap-fsu.fr\\\/bfc\\\/2023\\\/12\\\/07\\\/reunion-des-regionaux-a-paris-le-28-novembre\\\/\"},\"wordCount\":115,\"publisher\":{\"@id\":\"https:\\\/\\\/regions-snetap-fsu.fr\\\/bfc\\\/#organization\"},\"image\":{\"@id\":\"https:\\\/\\\/regions-snetap-fsu.fr\\\/bfc\\\/2023\\\/12\\\/07\\\/reunion-des-regionaux-a-paris-le-28-novembre\\\/#primaryimage\"},\"thumbnailUrl\":\"https:\\\/\\\/regions-snetap-fsu.fr\\\/bfc\\\/wp-content\\\/uploads\\\/sites\\\/8\\\/2023\\\/12\\\/reunion-regionaux-28-nov-23-scaled.jpg\",\"articleSection\":[\"Congr\u00e8s\"],\"inLanguage\":\"fr-FR\"},{\"@type\":\"WebPage\",\"@id\":\"https:\\\/\\\/regions-snetap-fsu.fr\\\/bfc\\\/2023\\\/12\\\/07\\\/reunion-des-regionaux-a-paris-le-28-novembre\\\/\",\"url\":\"https:\\\/\\\/regions-snetap-fsu.fr\\\/bfc\\\/2023\\\/12\\\/07\\\/reunion-des-regionaux-a-paris-le-28-novembre\\\/\",\"name\":\"R\u00e9union des r\u00e9gionaux \u00e0 Paris le 28 novembre - BOURGOGNE FRANCHE-COMTE\",\"isPartOf\":{\"@id\":\"https:\\\/\\\/regions-snetap-fsu.fr\\\/bfc\\\/#website\"},\"primaryImageOfPage\":{\"@id\":\"https:\\\/\\\/regions-snetap-fsu.fr\\\/bfc\\\/2023\\\/12\\\/07\\\/reunion-des-regionaux-a-paris-le-28-novembre\\\/#primaryimage\"},\"image\":{\"@id\":\"https:\\\/\\\/regions-snetap-fsu.fr\\\/bfc\\\/2023\\\/12\\\/07\\\/reunion-des-regionaux-a-paris-le-28-novembre\\\/#primaryimage\"},\"thumbnailUrl\":\"https:\\\/\\\/regions-snetap-fsu.fr\\\/bfc\\\/wp-content\\\/uploads\\\/sites\\\/8\\\/2023\\\/12\\\/reunion-regionaux-28-nov-23-scaled.jpg\",\"datePublished\":\"2023-12-07T15:53:38+00:00\",\"dateModified\":\"2023-12-07T15:54:15+00:00\",\"breadcrumb\":{\"@id\":\"https:\\\/\\\/regions-snetap-fsu.fr\\\/bfc\\\/2023\\\/12\\\/07\\\/reunion-des-regionaux-a-paris-le-28-novembre\\\/#breadcrumb\"},\"inLanguage\":\"fr-FR\",\"potentialAction\":[{\"@type\":\"ReadAction\",\"target\":[\"https:\\\/\\\/regions-snetap-fsu.fr\\\/bfc\\\/2023\\\/12\\\/07\\\/reunion-des-regionaux-a-paris-le-28-novembre\\\/\"]}]},{\"@type\":\"ImageObject\",\"inLanguage\":\"fr-FR\",\"@id\":\"https:\\\/\\\/regions-snetap-fsu.fr\\\/bfc\\\/2023\\\/12\\\/07\\\/reunion-des-regionaux-a-paris-le-28-novembre\\\/#primaryimage\",\"url\":\"https:\\\/\\\/regions-snetap-fsu.fr\\\/bfc\\\/wp-content\\\/uploads\\\/sites\\\/8\\\/2023\\\/12\\\/reunion-regionaux-28-nov-23-scaled.jpg\",\"contentUrl\":\"https:\\\/\\\/regions-snetap-fsu.fr\\\/bfc\\\/wp-content\\\/uploads\\\/sites\\\/8\\\/2023\\\/12\\\/reunion-regionaux-28-nov-23-scaled.jpg\",\"width\":2560,\"height\":1920},{\"@type\":\"BreadcrumbList\",\"@id\":\"https:\\\/\\\/regions-snetap-fsu.fr\\\/bfc\\\/2023\\\/12\\\/07\\\/reunion-des-regionaux-a-paris-le-28-novembre\\\/#breadcrumb\",\"itemListElement\":[{\"@type\":\"ListItem\",\"position\":1,\"name\":\"Accueil\",\"item\":\"https:\\\/\\\/regions-snetap-fsu.fr\\\/bfc\\\/\"},{\"@type\":\"ListItem\",\"position\":2,\"name\":\"R\u00e9union des r\u00e9gionaux \u00e0 Paris le 28 novembre\"}]},{\"@type\":\"WebSite\",\"@id\":\"https:\\\/\\\/regions-snetap-fsu.fr\\\/bfc\\\/#website\",\"url\":\"https:\\\/\\\/regions-snetap-fsu.fr\\\/bfc\\\/\",\"name\":\"SNETAP-FSU BOURGOGNE FRANCHE-COMTE\",\"description\":\"Le blog de la Section R\u00e9gionale\",\"publisher\":{\"@id\":\"https:\\\/\\\/regions-snetap-fsu.fr\\\/bfc\\\/#organization\"},\"potentialAction\":[{\"@type\":\"SearchAction\",\"target\":{\"@type\":\"EntryPoint\",\"urlTemplate\":\"https:\\\/\\\/regions-snetap-fsu.fr\\\/bfc\\\/?s={search_term_string}\"},\"query-input\":{\"@type\":\"PropertyValueSpecification\",\"valueRequired\":true,\"valueName\":\"search_term_string\"}}],\"inLanguage\":\"fr-FR\"},{\"@type\":\"Organization\",\"@id\":\"https:\\\/\\\/regions-snetap-fsu.fr\\\/bfc\\\/#organization\",\"name\":\"SNETAP-FSU Bourgogne Franche Comt\u00e9\",\"url\":\"https:\\\/\\\/regions-snetap-fsu.fr\\\/bfc\\\/\",\"logo\":{\"@type\":\"ImageObject\",\"inLanguage\":\"fr-FR\",\"@id\":\"https:\\\/\\\/regions-snetap-fsu.fr\\\/bfc\\\/#\\\/schema\\\/logo\\\/image\\\/\",\"url\":\"https:\\\/\\\/regions-snetap-fsu.fr\\\/bfc\\\/wp-content\\\/uploads\\\/sites\\\/8\\\/2020\\\/12\\\/SNETAP-Logo.jpg\",\"contentUrl\":\"https:\\\/\\\/regions-snetap-fsu.fr\\\/bfc\\\/wp-content\\\/uploads\\\/sites\\\/8\\\/2020\\\/12\\\/SNETAP-Logo.jpg\",\"width\":464,\"height\":334,\"caption\":\"SNETAP-FSU Bourgogne Franche Comt\u00e9\"},\"image\":{\"@id\":\"https:\\\/\\\/regions-snetap-fsu.fr\\\/bfc\\\/#\\\/schema\\\/logo\\\/image\\\/\"}},{\"@type\":\"Person\",\"@id\":\"\",\"url\":\"https:\\\/\\\/regions-snetap-fsu.fr\\\/bfc\\\/author\\\/\"}]}<\/script>\n<!-- \/ Yoast SEO plugin. -->","yoast_head_json":{"title":"R\u00e9union des r\u00e9gionaux \u00e0 Paris le 28 novembre - BOURGOGNE FRANCHE-COMTE","robots":{"index":"index","follow":"follow","max-snippet":"max-snippet:-1","max-image-preview":"max-image-preview:large","max-video-preview":"max-video-preview:-1"},"canonical":"https:\/\/regions-snetap-fsu.fr\/bfc\/2023\/12\/07\/reunion-des-regionaux-a-paris-le-28-novembre\/","og_locale":"fr_FR","og_type":"article","og_title":"R\u00e9union des r\u00e9gionaux \u00e0 Paris le 28 novembre - BOURGOGNE FRANCHE-COMTE","og_description":"Ce mardi 28 novembre, Marie Agn\u00e8s Liegeon et V\u00e9ronique Dupaquier se sont rendues \u00e0 Paris pour le regroupement des secr\u00e9taires\u00a0 de r\u00e9gion. Il a \u00e9t\u00e9 question des actions \u00e0 venir concernant le hold up des fiches de service, la r\u00e9forme de la voie professionnelle mais aussi les diff\u00e9rents dossiers sur la CDisation des AESH, les [&hellip;]","og_url":"https:\/\/regions-snetap-fsu.fr\/bfc\/2023\/12\/07\/reunion-des-regionaux-a-paris-le-28-novembre\/","og_site_name":"BOURGOGNE FRANCHE-COMTE","article_published_time":"2023-12-07T15:53:38+00:00","article_modified_time":"2023-12-07T15:54:15+00:00","og_image":[{"width":2560,"height":1920,"url":"https:\/\/regions-snetap-fsu.fr\/bfc\/wp-content\/uploads\/sites\/8\/2023\/12\/reunion-regionaux-28-nov-23-scaled.jpg","type":"image\/jpeg"}],"twitter_card":"summary_large_image","twitter_misc":{"\u00c9crit par":"","Dur\u00e9e de lecture estim\u00e9e":"1 minute"},"schema":{"@context":"https:\/\/schema.org","@graph":[{"@type":"Article","@id":"https:\/\/regions-snetap-fsu.fr\/bfc\/2023\/12\/07\/reunion-des-regionaux-a-paris-le-28-novembre\/#article","isPartOf":{"@id":"https:\/\/regions-snetap-fsu.fr\/bfc\/2023\/12\/07\/reunion-des-regionaux-a-paris-le-28-novembre\/"},"author":{"name":"","@id":""},"headline":"R\u00e9union des r\u00e9gionaux \u00e0 Paris le 28 novembre","datePublished":"2023-12-07T15:53:38+00:00","dateModified":"2023-12-07T15:54:15+00:00","mainEntityOfPage":{"@id":"https:\/\/regions-snetap-fsu.fr\/bfc\/2023\/12\/07\/reunion-des-regionaux-a-paris-le-28-novembre\/"},"wordCount":115,"publisher":{"@id":"https:\/\/regions-snetap-fsu.fr\/bfc\/#organization"},"image":{"@id":"https:\/\/regions-snetap-fsu.fr\/bfc\/2023\/12\/07\/reunion-des-regionaux-a-paris-le-28-novembre\/#primaryimage"},"thumbnailUrl":"https:\/\/regions-snetap-fsu.fr\/bfc\/wp-content\/uploads\/sites\/8\/2023\/12\/reunion-regionaux-28-nov-23-scaled.jpg","articleSection":["Congr\u00e8s"],"inLanguage":"fr-FR"},{"@type":"WebPage","@id":"https:\/\/regions-snetap-fsu.fr\/bfc\/2023\/12\/07\/reunion-des-regionaux-a-paris-le-28-novembre\/","url":"https:\/\/regions-snetap-fsu.fr\/bfc\/2023\/12\/07\/reunion-des-regionaux-a-paris-le-28-novembre\/","name":"R\u00e9union des r\u00e9gionaux \u00e0 Paris le 28 novembre - BOURGOGNE FRANCHE-COMTE","isPartOf":{"@id":"https:\/\/regions-snetap-fsu.fr\/bfc\/#website"},"primaryImageOfPage":{"@id":"https:\/\/regions-snetap-fsu.fr\/bfc\/2023\/12\/07\/reunion-des-regionaux-a-paris-le-28-novembre\/#primaryimage"},"image":{"@id":"https:\/\/regions-snetap-fsu.fr\/bfc\/2023\/12\/07\/reunion-des-regionaux-a-paris-le-28-novembre\/#primaryimage"},"thumbnailUrl":"https:\/\/regions-snetap-fsu.fr\/bfc\/wp-content\/uploads\/sites\/8\/2023\/12\/reunion-regionaux-28-nov-23-scaled.jpg","datePublished":"2023-12-07T15:53:38+00:00","dateModified":"2023-12-07T15:54:15+00:00","breadcrumb":{"@id":"https:\/\/regions-snetap-fsu.fr\/bfc\/2023\/12\/07\/reunion-des-regionaux-a-paris-le-28-novembre\/#breadcrumb"},"inLanguage":"fr-FR","potentialAction":[{"@type":"ReadAction","target":["https:\/\/regions-snetap-fsu.fr\/bfc\/2023\/12\/07\/reunion-des-regionaux-a-paris-le-28-novembre\/"]}]},{"@type":"ImageObject","inLanguage":"fr-FR","@id":"https:\/\/regions-snetap-fsu.fr\/bfc\/2023\/12\/07\/reunion-des-regionaux-a-paris-le-28-novembre\/#primaryimage","url":"https:\/\/regions-snetap-fsu.fr\/bfc\/wp-content\/uploads\/sites\/8\/2023\/12\/reunion-regionaux-28-nov-23-scaled.jpg","contentUrl":"https:\/\/regions-snetap-fsu.fr\/bfc\/wp-content\/uploads\/sites\/8\/2023\/12\/reunion-regionaux-28-nov-23-scaled.jpg","width":2560,"height":1920},{"@type":"BreadcrumbList","@id":"https:\/\/regions-snetap-fsu.fr\/bfc\/2023\/12\/07\/reunion-des-regionaux-a-paris-le-28-novembre\/#breadcrumb","itemListElement":[{"@type":"ListItem","position":1,"name":"Accueil","item":"https:\/\/regions-snetap-fsu.fr\/bfc\/"},{"@type":"ListItem","position":2,"name":"R\u00e9union des r\u00e9gionaux \u00e0 Paris le 28 novembre"}]},{"@type":"WebSite","@id":"https:\/\/regions-snetap-fsu.fr\/bfc\/#website","url":"https:\/\/regions-snetap-fsu.fr\/bfc\/","name":"SNETAP-FSU BOURGOGNE FRANCHE-COMTE","description":"Le blog de la Section R\u00e9gionale","publisher":{"@id":"https:\/\/regions-snetap-fsu.fr\/bfc\/#organization"},"potentialAction":[{"@type":"SearchAction","target":{"@type":"EntryPoint","urlTemplate":"https:\/\/regions-snetap-fsu.fr\/bfc\/?s={search_term_string}"},"query-input":{"@type":"PropertyValueSpecification","valueRequired":true,"valueName":"search_term_string"}}],"inLanguage":"fr-FR"},{"@type":"Organization","@id":"https:\/\/regions-snetap-fsu.fr\/bfc\/#organization","name":"SNETAP-FSU Bourgogne Franche Comt\u00e9","url":"https:\/\/regions-snetap-fsu.fr\/bfc\/","logo":{"@type":"ImageObject","inLanguage":"fr-FR","@id":"https:\/\/regions-snetap-fsu.fr\/bfc\/#\/schema\/logo\/image\/","url":"https:\/\/regions-snetap-fsu.fr\/bfc\/wp-content\/uploads\/sites\/8\/2020\/12\/SNETAP-Logo.jpg","contentUrl":"https:\/\/regions-snetap-fsu.fr\/bfc\/wp-content\/uploads\/sites\/8\/2020\/12\/SNETAP-Logo.jpg","width":464,"height":334,"caption":"SNETAP-FSU Bourgogne Franche Comt\u00e9"},"image":{"@id":"https:\/\/regions-snetap-fsu.fr\/bfc\/#\/schema\/logo\/image\/"}},{"@type":"Person","@id":"","url":"https:\/\/regions-snetap-fsu.fr\/bfc\/author\/"}]}},"_links":{"self":[{"href":"https:\/\/regions-snetap-fsu.fr\/bfc\/wp-json\/wp\/v2\/posts\/989","targetHints":{"allow":["GET"]}}],"collection":[{"href":"https:\/\/regions-snetap-fsu.fr\/bfc\/wp-json\/wp\/v2\/posts"}],"about":[{"href":"https:\/\/regions-snetap-fsu.fr\/bfc\/wp-json\/wp\/v2\/types\/post"}],"author":[{"embeddable":true,"href":"https:\/\/regions-snetap-fsu.fr\/bfc\/wp-json\/wp\/v2\/users\/109"}],"replies":[{"embeddable":true,"href":"https:\/\/regions-snetap-fsu.fr\/bfc\/wp-json\/wp\/v2\/comments?post=989"}],"version-history":[{"count":1,"href":"https:\/\/regions-snetap-fsu.fr\/bfc\/wp-json\/wp\/v2\/posts\/989\/revisions"}],"predecessor-version":[{"id":991,"href":"https:\/\/regions-snetap-fsu.fr\/bfc\/wp-json\/wp\/v2\/posts\/989\/revisions\/991"}],"wp:featuredmedia":[{"embeddable":true,"href":"https:\/\/regions-snetap-fsu.fr\/bfc\/wp-json\/wp\/v2\/media\/990"}],"wp:attachment":[{"href":"https:\/\/regions-snetap-fsu.fr\/bfc\/wp-json\/wp\/v2\/media?parent=989"}],"wp:term":[{"taxonomy":"category","embeddable":true,"href":"https:\/\/regions-snetap-fsu.fr\/bfc\/wp-json\/wp\/v2\/categories?post=989"},{"taxonomy":"post_tag","embeddable":true,"href":"https:\/\/regions-snetap-fsu.fr\/bfc\/wp-json\/wp\/v2\/tags?post=989"},{"taxonomy":"post_folder","embeddable":true,"href":"https:\/\/regions-snetap-fsu.fr\/bfc\/wp-json\/wp\/v2\/post_folder?post=989"}],"curies":[{"name":"wp","href":"https:\/\/api.w.org\/{rel}","templated":true}]}}