{"id":925,"date":"2023-05-25T17:16:41","date_gmt":"2023-05-25T15:16:41","guid":{"rendered":"https:\/\/regions-snetap-fsu.fr\/bfc\/?p=925"},"modified":"2023-05-25T17:16:41","modified_gmt":"2023-05-25T15:16:41","slug":"compte-rendu-du-csr-du-22-mai-2023","status":"publish","type":"post","link":"https:\/\/regions-snetap-fsu.fr\/bfc\/2023\/05\/25\/compte-rendu-du-csr-du-22-mai-2023\/","title":{"rendered":"Compte Rendu du CSR du 22 mai 2023"},"content":{"rendered":"<p>C&rsquo;est au Legta de Quetigny qu&rsquo;a eu lieu le Conseil Syndical r\u00e9gional de mai . Une douzaine de participants a pu \u00e9changer autour de th\u00e8mes vari\u00e9s.<\/p>\n<ul>\n<li>Caisse de solidarit\u00e9 : arr\u00eat des remboursements pour le 31 mai<\/li>\n<li>CSAUREA du 24 mai : d\u00e9claration liminaire\u00a0 \u00a0pour \u00e9voquer les soucis de dialogue social<\/li>\n<li>r\u00e9forme voie professionnelle et pacte et socle enseignant :mise en place d&rsquo;HMI dans les sections pour communiquer et expliquer les enjeux<\/li>\n<li>DGH : forte baisse dans quelques \u00e9tablissements inqui\u00e9tante<\/li>\n<li>\u00e9volution des structures \u00e0 Macon, Plombi\u00e8res , Nevers, Charolles, Tournus<\/li>\n<li>CREA du 5 juin : interrogations sur le r\u00f4le du CNEAP en r\u00e9f\u00e9rence \u00e0 l&rsquo;\u00e9pisode Chamblanc d&rsquo;avril<\/li>\n<li>protocole CFA CFPPA : \u00e0 venir une commission r\u00e9gionale<\/li>\n<li>avance de frais examens : ne pas h\u00e9siter \u00e0 solliciter la MIREX<\/li>\n<\/ul>\n<p><span style=\"color: #ff0000\">Les actions \u00e0 venir\u00a0 contre la r\u00e9forme voie professionnelle et la reforme retraite : 31 mai et 6 juin<\/span><\/p>\n","protected":false},"excerpt":{"rendered":"<p>C&rsquo;est au Legta de Quetigny qu&rsquo;a eu lieu le Conseil Syndical r\u00e9gional de mai . Une douzaine de participants a pu \u00e9changer autour de th\u00e8mes vari\u00e9s. Caisse de solidarit\u00e9 : arr\u00eat des remboursements pour le 31 mai CSAUREA du 24 mai : d\u00e9claration liminaire\u00a0 \u00a0pour \u00e9voquer les soucis de dialogue social r\u00e9forme voie professionnelle et [&hellip;]<\/p>\n","protected":false},"author":109,"featured_media":576,"comment_status":"closed","ping_status":"closed","sticky":false,"template":"","format":"standard","meta":{"ocean_post_layout":"","ocean_both_sidebars_style":"","ocean_both_sidebars_content_width":0,"ocean_both_sidebars_sidebars_width":0,"ocean_sidebar":"0","ocean_second_sidebar":"0","ocean_disable_margins":"enable","ocean_add_body_class":"","ocean_shortcode_before_top_bar":"","ocean_shortcode_after_top_bar":"","ocean_shortcode_before_header":"","ocean_shortcode_after_header":"","ocean_has_shortcode":"","ocean_shortcode_after_title":"","ocean_shortcode_before_footer_widgets":"","ocean_shortcode_after_footer_widgets":"","ocean_shortcode_before_footer_bottom":"","ocean_shortcode_after_footer_bottom":"","ocean_display_top_bar":"default","ocean_display_header":"default","ocean_header_style":"","ocean_center_header_left_menu":"0","ocean_custom_header_template":"0","ocean_custom_logo":0,"ocean_custom_retina_logo":0,"ocean_custom_logo_max_width":0,"ocean_custom_logo_tablet_max_width":0,"ocean_custom_logo_mobile_max_width":0,"ocean_custom_logo_max_height":0,"ocean_custom_logo_tablet_max_height":0,"ocean_custom_logo_mobile_max_height":0,"ocean_header_custom_menu":"0","ocean_menu_typo_font_family":"0","ocean_menu_typo_font_subset":"","ocean_menu_typo_font_size":0,"ocean_menu_typo_font_size_tablet":0,"ocean_menu_typo_font_size_mobile":0,"ocean_menu_typo_font_size_unit":"px","ocean_menu_typo_font_weight":"","ocean_menu_typo_font_weight_tablet":"","ocean_menu_typo_font_weight_mobile":"","ocean_menu_typo_transform":"","ocean_menu_typo_transform_tablet":"","ocean_menu_typo_transform_mobile":"","ocean_menu_typo_line_height":0,"ocean_menu_typo_line_height_tablet":0,"ocean_menu_typo_line_height_mobile":0,"ocean_menu_typo_line_height_unit":"","ocean_menu_typo_spacing":0,"ocean_menu_typo_spacing_tablet":0,"ocean_menu_typo_spacing_mobile":0,"ocean_menu_typo_spacing_unit":"","ocean_menu_link_color":"","ocean_menu_link_color_hover":"","ocean_menu_link_color_active":"","ocean_menu_link_background":"","ocean_menu_link_hover_background":"","ocean_menu_link_active_background":"","ocean_menu_social_links_bg":"","ocean_menu_social_hover_links_bg":"","ocean_menu_social_links_color":"","ocean_menu_social_hover_links_color":"","ocean_disable_title":"default","ocean_disable_heading":"default","ocean_post_title":"","ocean_post_subheading":"","ocean_post_title_style":"","ocean_post_title_background_color":"","ocean_post_title_background":0,"ocean_post_title_bg_image_position":"","ocean_post_title_bg_image_attachment":"","ocean_post_title_bg_image_repeat":"","ocean_post_title_bg_image_size":"","ocean_post_title_height":0,"ocean_post_title_bg_overlay":0.5,"ocean_post_title_bg_overlay_color":"","ocean_disable_breadcrumbs":"default","ocean_breadcrumbs_color":"","ocean_breadcrumbs_separator_color":"","ocean_breadcrumbs_links_color":"","ocean_breadcrumbs_links_hover_color":"","ocean_display_footer_widgets":"default","ocean_display_footer_bottom":"default","ocean_custom_footer_template":"0","ocean_post_oembed":"","ocean_post_self_hosted_media":"","ocean_post_video_embed":"","ocean_link_format":"","ocean_link_format_target":"self","ocean_quote_format":"","ocean_quote_format_link":"post","ocean_gallery_link_images":"off","ocean_gallery_id":[],"footnotes":""},"categories":[20],"tags":[],"post_folder":[],"class_list":["post-925","post","type-post","status-publish","format-standard","has-post-thumbnail","hentry","category-conseil-regional-syndical","entry","has-media"],"yoast_head":"<!-- This site is optimized with the Yoast SEO plugin v27.4 - https:\/\/yoast.com\/product\/yoast-seo-wordpress\/ -->\n<title>Compte Rendu du CSR du 22 mai 2023 - BOURGOGNE FRANCHE-COMTE<\/title>\n<meta name=\"robots\" content=\"index, follow, max-snippet:-1, max-image-preview:large, max-video-preview:-1\" \/>\n<link rel=\"canonical\" href=\"https:\/\/regions-snetap-fsu.fr\/bfc\/2023\/05\/25\/compte-rendu-du-csr-du-22-mai-2023\/\" \/>\n<meta property=\"og:locale\" content=\"fr_FR\" \/>\n<meta property=\"og:type\" content=\"article\" \/>\n<meta property=\"og:title\" content=\"Compte Rendu du CSR du 22 mai 2023 - BOURGOGNE FRANCHE-COMTE\" \/>\n<meta property=\"og:description\" content=\"C&rsquo;est au Legta de Quetigny qu&rsquo;a eu lieu le Conseil Syndical r\u00e9gional de mai . Une douzaine de participants a pu \u00e9changer autour de th\u00e8mes vari\u00e9s. Caisse de solidarit\u00e9 : arr\u00eat des remboursements pour le 31 mai CSAUREA du 24 mai : d\u00e9claration liminaire\u00a0 \u00a0pour \u00e9voquer les soucis de dialogue social r\u00e9forme voie professionnelle et [&hellip;]\" \/>\n<meta property=\"og:url\" content=\"https:\/\/regions-snetap-fsu.fr\/bfc\/2023\/05\/25\/compte-rendu-du-csr-du-22-mai-2023\/\" \/>\n<meta property=\"og:site_name\" content=\"BOURGOGNE FRANCHE-COMTE\" \/>\n<meta property=\"article:published_time\" content=\"2023-05-25T15:16:41+00:00\" \/>\n<meta property=\"og:image\" content=\"https:\/\/regions-snetap-fsu.fr\/bfc\/wp-content\/uploads\/sites\/8\/2021\/01\/reunion.jpg\" \/>\n\t<meta property=\"og:image:width\" content=\"612\" \/>\n\t<meta property=\"og:image:height\" content=\"459\" \/>\n\t<meta property=\"og:image:type\" content=\"image\/jpeg\" \/>\n<meta name=\"twitter:card\" content=\"summary_large_image\" \/>\n<meta name=\"twitter:label1\" content=\"\u00c9crit par\" \/>\n\t<meta name=\"twitter:data1\" content=\"\" \/>\n\t<meta name=\"twitter:label2\" content=\"Dur\u00e9e de lecture estim\u00e9e\" \/>\n\t<meta name=\"twitter:data2\" content=\"1 minute\" \/>\n<script type=\"application\/ld+json\" class=\"yoast-schema-graph\">{\"@context\":\"https:\\\/\\\/schema.org\",\"@graph\":[{\"@type\":\"Article\",\"@id\":\"https:\\\/\\\/regions-snetap-fsu.fr\\\/bfc\\\/2023\\\/05\\\/25\\\/compte-rendu-du-csr-du-22-mai-2023\\\/#article\",\"isPartOf\":{\"@id\":\"https:\\\/\\\/regions-snetap-fsu.fr\\\/bfc\\\/2023\\\/05\\\/25\\\/compte-rendu-du-csr-du-22-mai-2023\\\/\"},\"author\":{\"name\":\"\",\"@id\":\"\"},\"headline\":\"Compte Rendu du CSR du 22 mai 2023\",\"datePublished\":\"2023-05-25T15:16:41+00:00\",\"mainEntityOfPage\":{\"@id\":\"https:\\\/\\\/regions-snetap-fsu.fr\\\/bfc\\\/2023\\\/05\\\/25\\\/compte-rendu-du-csr-du-22-mai-2023\\\/\"},\"wordCount\":153,\"publisher\":{\"@id\":\"https:\\\/\\\/regions-snetap-fsu.fr\\\/bfc\\\/#organization\"},\"image\":{\"@id\":\"https:\\\/\\\/regions-snetap-fsu.fr\\\/bfc\\\/2023\\\/05\\\/25\\\/compte-rendu-du-csr-du-22-mai-2023\\\/#primaryimage\"},\"thumbnailUrl\":\"https:\\\/\\\/regions-snetap-fsu.fr\\\/bfc\\\/wp-content\\\/uploads\\\/sites\\\/8\\\/2021\\\/01\\\/reunion.jpg\",\"articleSection\":[\"Conseil R\u00e9gional Syndical\"],\"inLanguage\":\"fr-FR\"},{\"@type\":\"WebPage\",\"@id\":\"https:\\\/\\\/regions-snetap-fsu.fr\\\/bfc\\\/2023\\\/05\\\/25\\\/compte-rendu-du-csr-du-22-mai-2023\\\/\",\"url\":\"https:\\\/\\\/regions-snetap-fsu.fr\\\/bfc\\\/2023\\\/05\\\/25\\\/compte-rendu-du-csr-du-22-mai-2023\\\/\",\"name\":\"Compte Rendu du CSR du 22 mai 2023 - BOURGOGNE FRANCHE-COMTE\",\"isPartOf\":{\"@id\":\"https:\\\/\\\/regions-snetap-fsu.fr\\\/bfc\\\/#website\"},\"primaryImageOfPage\":{\"@id\":\"https:\\\/\\\/regions-snetap-fsu.fr\\\/bfc\\\/2023\\\/05\\\/25\\\/compte-rendu-du-csr-du-22-mai-2023\\\/#primaryimage\"},\"image\":{\"@id\":\"https:\\\/\\\/regions-snetap-fsu.fr\\\/bfc\\\/2023\\\/05\\\/25\\\/compte-rendu-du-csr-du-22-mai-2023\\\/#primaryimage\"},\"thumbnailUrl\":\"https:\\\/\\\/regions-snetap-fsu.fr\\\/bfc\\\/wp-content\\\/uploads\\\/sites\\\/8\\\/2021\\\/01\\\/reunion.jpg\",\"datePublished\":\"2023-05-25T15:16:41+00:00\",\"breadcrumb\":{\"@id\":\"https:\\\/\\\/regions-snetap-fsu.fr\\\/bfc\\\/2023\\\/05\\\/25\\\/compte-rendu-du-csr-du-22-mai-2023\\\/#breadcrumb\"},\"inLanguage\":\"fr-FR\",\"potentialAction\":[{\"@type\":\"ReadAction\",\"target\":[\"https:\\\/\\\/regions-snetap-fsu.fr\\\/bfc\\\/2023\\\/05\\\/25\\\/compte-rendu-du-csr-du-22-mai-2023\\\/\"]}]},{\"@type\":\"ImageObject\",\"inLanguage\":\"fr-FR\",\"@id\":\"https:\\\/\\\/regions-snetap-fsu.fr\\\/bfc\\\/2023\\\/05\\\/25\\\/compte-rendu-du-csr-du-22-mai-2023\\\/#primaryimage\",\"url\":\"https:\\\/\\\/regions-snetap-fsu.fr\\\/bfc\\\/wp-content\\\/uploads\\\/sites\\\/8\\\/2021\\\/01\\\/reunion.jpg\",\"contentUrl\":\"https:\\\/\\\/regions-snetap-fsu.fr\\\/bfc\\\/wp-content\\\/uploads\\\/sites\\\/8\\\/2021\\\/01\\\/reunion.jpg\",\"width\":612,\"height\":459},{\"@type\":\"BreadcrumbList\",\"@id\":\"https:\\\/\\\/regions-snetap-fsu.fr\\\/bfc\\\/2023\\\/05\\\/25\\\/compte-rendu-du-csr-du-22-mai-2023\\\/#breadcrumb\",\"itemListElement\":[{\"@type\":\"ListItem\",\"position\":1,\"name\":\"Accueil\",\"item\":\"https:\\\/\\\/regions-snetap-fsu.fr\\\/bfc\\\/\"},{\"@type\":\"ListItem\",\"position\":2,\"name\":\"Compte Rendu du CSR du 22 mai 2023\"}]},{\"@type\":\"WebSite\",\"@id\":\"https:\\\/\\\/regions-snetap-fsu.fr\\\/bfc\\\/#website\",\"url\":\"https:\\\/\\\/regions-snetap-fsu.fr\\\/bfc\\\/\",\"name\":\"SNETAP-FSU BOURGOGNE FRANCHE-COMTE\",\"description\":\"Le blog de la Section R\u00e9gionale\",\"publisher\":{\"@id\":\"https:\\\/\\\/regions-snetap-fsu.fr\\\/bfc\\\/#organization\"},\"potentialAction\":[{\"@type\":\"SearchAction\",\"target\":{\"@type\":\"EntryPoint\",\"urlTemplate\":\"https:\\\/\\\/regions-snetap-fsu.fr\\\/bfc\\\/?s={search_term_string}\"},\"query-input\":{\"@type\":\"PropertyValueSpecification\",\"valueRequired\":true,\"valueName\":\"search_term_string\"}}],\"inLanguage\":\"fr-FR\"},{\"@type\":\"Organization\",\"@id\":\"https:\\\/\\\/regions-snetap-fsu.fr\\\/bfc\\\/#organization\",\"name\":\"SNETAP-FSU Bourgogne Franche Comt\u00e9\",\"url\":\"https:\\\/\\\/regions-snetap-fsu.fr\\\/bfc\\\/\",\"logo\":{\"@type\":\"ImageObject\",\"inLanguage\":\"fr-FR\",\"@id\":\"https:\\\/\\\/regions-snetap-fsu.fr\\\/bfc\\\/#\\\/schema\\\/logo\\\/image\\\/\",\"url\":\"https:\\\/\\\/regions-snetap-fsu.fr\\\/bfc\\\/wp-content\\\/uploads\\\/sites\\\/8\\\/2020\\\/12\\\/SNETAP-Logo.jpg\",\"contentUrl\":\"https:\\\/\\\/regions-snetap-fsu.fr\\\/bfc\\\/wp-content\\\/uploads\\\/sites\\\/8\\\/2020\\\/12\\\/SNETAP-Logo.jpg\",\"width\":464,\"height\":334,\"caption\":\"SNETAP-FSU Bourgogne Franche Comt\u00e9\"},\"image\":{\"@id\":\"https:\\\/\\\/regions-snetap-fsu.fr\\\/bfc\\\/#\\\/schema\\\/logo\\\/image\\\/\"}},{\"@type\":\"Person\",\"@id\":\"\",\"url\":\"https:\\\/\\\/regions-snetap-fsu.fr\\\/bfc\\\/author\\\/\"}]}<\/script>\n<!-- \/ Yoast SEO plugin. -->","yoast_head_json":{"title":"Compte Rendu du CSR du 22 mai 2023 - BOURGOGNE FRANCHE-COMTE","robots":{"index":"index","follow":"follow","max-snippet":"max-snippet:-1","max-image-preview":"max-image-preview:large","max-video-preview":"max-video-preview:-1"},"canonical":"https:\/\/regions-snetap-fsu.fr\/bfc\/2023\/05\/25\/compte-rendu-du-csr-du-22-mai-2023\/","og_locale":"fr_FR","og_type":"article","og_title":"Compte Rendu du CSR du 22 mai 2023 - BOURGOGNE FRANCHE-COMTE","og_description":"C&rsquo;est au Legta de Quetigny qu&rsquo;a eu lieu le Conseil Syndical r\u00e9gional de mai . Une douzaine de participants a pu \u00e9changer autour de th\u00e8mes vari\u00e9s. Caisse de solidarit\u00e9 : arr\u00eat des remboursements pour le 31 mai CSAUREA du 24 mai : d\u00e9claration liminaire\u00a0 \u00a0pour \u00e9voquer les soucis de dialogue social r\u00e9forme voie professionnelle et [&hellip;]","og_url":"https:\/\/regions-snetap-fsu.fr\/bfc\/2023\/05\/25\/compte-rendu-du-csr-du-22-mai-2023\/","og_site_name":"BOURGOGNE FRANCHE-COMTE","article_published_time":"2023-05-25T15:16:41+00:00","og_image":[{"width":612,"height":459,"url":"https:\/\/regions-snetap-fsu.fr\/bfc\/wp-content\/uploads\/sites\/8\/2021\/01\/reunion.jpg","type":"image\/jpeg"}],"twitter_card":"summary_large_image","twitter_misc":{"\u00c9crit par":"","Dur\u00e9e de lecture estim\u00e9e":"1 minute"},"schema":{"@context":"https:\/\/schema.org","@graph":[{"@type":"Article","@id":"https:\/\/regions-snetap-fsu.fr\/bfc\/2023\/05\/25\/compte-rendu-du-csr-du-22-mai-2023\/#article","isPartOf":{"@id":"https:\/\/regions-snetap-fsu.fr\/bfc\/2023\/05\/25\/compte-rendu-du-csr-du-22-mai-2023\/"},"author":{"name":"","@id":""},"headline":"Compte Rendu du CSR du 22 mai 2023","datePublished":"2023-05-25T15:16:41+00:00","mainEntityOfPage":{"@id":"https:\/\/regions-snetap-fsu.fr\/bfc\/2023\/05\/25\/compte-rendu-du-csr-du-22-mai-2023\/"},"wordCount":153,"publisher":{"@id":"https:\/\/regions-snetap-fsu.fr\/bfc\/#organization"},"image":{"@id":"https:\/\/regions-snetap-fsu.fr\/bfc\/2023\/05\/25\/compte-rendu-du-csr-du-22-mai-2023\/#primaryimage"},"thumbnailUrl":"https:\/\/regions-snetap-fsu.fr\/bfc\/wp-content\/uploads\/sites\/8\/2021\/01\/reunion.jpg","articleSection":["Conseil R\u00e9gional Syndical"],"inLanguage":"fr-FR"},{"@type":"WebPage","@id":"https:\/\/regions-snetap-fsu.fr\/bfc\/2023\/05\/25\/compte-rendu-du-csr-du-22-mai-2023\/","url":"https:\/\/regions-snetap-fsu.fr\/bfc\/2023\/05\/25\/compte-rendu-du-csr-du-22-mai-2023\/","name":"Compte Rendu du CSR du 22 mai 2023 - BOURGOGNE FRANCHE-COMTE","isPartOf":{"@id":"https:\/\/regions-snetap-fsu.fr\/bfc\/#website"},"primaryImageOfPage":{"@id":"https:\/\/regions-snetap-fsu.fr\/bfc\/2023\/05\/25\/compte-rendu-du-csr-du-22-mai-2023\/#primaryimage"},"image":{"@id":"https:\/\/regions-snetap-fsu.fr\/bfc\/2023\/05\/25\/compte-rendu-du-csr-du-22-mai-2023\/#primaryimage"},"thumbnailUrl":"https:\/\/regions-snetap-fsu.fr\/bfc\/wp-content\/uploads\/sites\/8\/2021\/01\/reunion.jpg","datePublished":"2023-05-25T15:16:41+00:00","breadcrumb":{"@id":"https:\/\/regions-snetap-fsu.fr\/bfc\/2023\/05\/25\/compte-rendu-du-csr-du-22-mai-2023\/#breadcrumb"},"inLanguage":"fr-FR","potentialAction":[{"@type":"ReadAction","target":["https:\/\/regions-snetap-fsu.fr\/bfc\/2023\/05\/25\/compte-rendu-du-csr-du-22-mai-2023\/"]}]},{"@type":"ImageObject","inLanguage":"fr-FR","@id":"https:\/\/regions-snetap-fsu.fr\/bfc\/2023\/05\/25\/compte-rendu-du-csr-du-22-mai-2023\/#primaryimage","url":"https:\/\/regions-snetap-fsu.fr\/bfc\/wp-content\/uploads\/sites\/8\/2021\/01\/reunion.jpg","contentUrl":"https:\/\/regions-snetap-fsu.fr\/bfc\/wp-content\/uploads\/sites\/8\/2021\/01\/reunion.jpg","width":612,"height":459},{"@type":"BreadcrumbList","@id":"https:\/\/regions-snetap-fsu.fr\/bfc\/2023\/05\/25\/compte-rendu-du-csr-du-22-mai-2023\/#breadcrumb","itemListElement":[{"@type":"ListItem","position":1,"name":"Accueil","item":"https:\/\/regions-snetap-fsu.fr\/bfc\/"},{"@type":"ListItem","position":2,"name":"Compte Rendu du CSR du 22 mai 2023"}]},{"@type":"WebSite","@id":"https:\/\/regions-snetap-fsu.fr\/bfc\/#website","url":"https:\/\/regions-snetap-fsu.fr\/bfc\/","name":"SNETAP-FSU BOURGOGNE FRANCHE-COMTE","description":"Le blog de la Section R\u00e9gionale","publisher":{"@id":"https:\/\/regions-snetap-fsu.fr\/bfc\/#organization"},"potentialAction":[{"@type":"SearchAction","target":{"@type":"EntryPoint","urlTemplate":"https:\/\/regions-snetap-fsu.fr\/bfc\/?s={search_term_string}"},"query-input":{"@type":"PropertyValueSpecification","valueRequired":true,"valueName":"search_term_string"}}],"inLanguage":"fr-FR"},{"@type":"Organization","@id":"https:\/\/regions-snetap-fsu.fr\/bfc\/#organization","name":"SNETAP-FSU Bourgogne Franche Comt\u00e9","url":"https:\/\/regions-snetap-fsu.fr\/bfc\/","logo":{"@type":"ImageObject","inLanguage":"fr-FR","@id":"https:\/\/regions-snetap-fsu.fr\/bfc\/#\/schema\/logo\/image\/","url":"https:\/\/regions-snetap-fsu.fr\/bfc\/wp-content\/uploads\/sites\/8\/2020\/12\/SNETAP-Logo.jpg","contentUrl":"https:\/\/regions-snetap-fsu.fr\/bfc\/wp-content\/uploads\/sites\/8\/2020\/12\/SNETAP-Logo.jpg","width":464,"height":334,"caption":"SNETAP-FSU Bourgogne Franche Comt\u00e9"},"image":{"@id":"https:\/\/regions-snetap-fsu.fr\/bfc\/#\/schema\/logo\/image\/"}},{"@type":"Person","@id":"","url":"https:\/\/regions-snetap-fsu.fr\/bfc\/author\/"}]}},"_links":{"self":[{"href":"https:\/\/regions-snetap-fsu.fr\/bfc\/wp-json\/wp\/v2\/posts\/925","targetHints":{"allow":["GET"]}}],"collection":[{"href":"https:\/\/regions-snetap-fsu.fr\/bfc\/wp-json\/wp\/v2\/posts"}],"about":[{"href":"https:\/\/regions-snetap-fsu.fr\/bfc\/wp-json\/wp\/v2\/types\/post"}],"author":[{"embeddable":true,"href":"https:\/\/regions-snetap-fsu.fr\/bfc\/wp-json\/wp\/v2\/users\/109"}],"replies":[{"embeddable":true,"href":"https:\/\/regions-snetap-fsu.fr\/bfc\/wp-json\/wp\/v2\/comments?post=925"}],"version-history":[{"count":1,"href":"https:\/\/regions-snetap-fsu.fr\/bfc\/wp-json\/wp\/v2\/posts\/925\/revisions"}],"predecessor-version":[{"id":926,"href":"https:\/\/regions-snetap-fsu.fr\/bfc\/wp-json\/wp\/v2\/posts\/925\/revisions\/926"}],"wp:featuredmedia":[{"embeddable":true,"href":"https:\/\/regions-snetap-fsu.fr\/bfc\/wp-json\/wp\/v2\/media\/576"}],"wp:attachment":[{"href":"https:\/\/regions-snetap-fsu.fr\/bfc\/wp-json\/wp\/v2\/media?parent=925"}],"wp:term":[{"taxonomy":"category","embeddable":true,"href":"https:\/\/regions-snetap-fsu.fr\/bfc\/wp-json\/wp\/v2\/categories?post=925"},{"taxonomy":"post_tag","embeddable":true,"href":"https:\/\/regions-snetap-fsu.fr\/bfc\/wp-json\/wp\/v2\/tags?post=925"},{"taxonomy":"post_folder","embeddable":true,"href":"https:\/\/regions-snetap-fsu.fr\/bfc\/wp-json\/wp\/v2\/post_folder?post=925"}],"curies":[{"name":"wp","href":"https:\/\/api.w.org\/{rel}","templated":true}]}}