{"id":813,"date":"2022-09-30T16:20:21","date_gmt":"2022-09-30T14:20:21","guid":{"rendered":"https:\/\/regions-snetap-fsu.fr\/bfc\/?p=813"},"modified":"2022-09-30T16:20:21","modified_gmt":"2022-09-30T14:20:21","slug":"boycott-du-ctrea-2","status":"publish","type":"post","link":"https:\/\/regions-snetap-fsu.fr\/bfc\/2022\/09\/30\/boycott-du-ctrea-2\/","title":{"rendered":"Boycott du CTREA"},"content":{"rendered":"<p><!--more--><\/p>\n<p>&nbsp;<\/p>\n<p>Nous, repr\u00e9sentants des personnels SNETAP\/FSU, SGEN CFDT, FO , UNSA nous vous informons que nous ne si\u00e8gerons pas pour la tenue de ce CTREA.<\/p>\n<p>En effet, depuis quelques mois les CTREA se suivent et se succ\u00e8dent et nous faisons tous le m\u00eame constat\u00a0: \u00a0manque de moyen, manque de DGH, manque de m\u00e9decine de pr\u00e9vention\u2026Mais aucune r\u00e9ponse n\u2019est donn\u00e9e \u00e0 nos interrogations et aucun moyen suppl\u00e9mentaire n\u2019est accord\u00e9 pour permettre aux \u00e9tablissements de r\u00e9pondre \u00e0 leur mission de service public.<\/p>\n<p>Nous demandions \u00e0 ce que les directeurs d\u2019 EPLEFPA attendent les directives de la DGER avant de se lancer dans l\u2019 \u00e9criture de protocole, nous avions \u00e9chang\u00e9 avec vous face \u00e0 cette situation. Mais, certains continuent et pensent m\u00eame \u00a0les faire \u00a0accepter dans leur prochain CA, se moquant des recommandations du Minist\u00e8re d\u2019attendre les \u00e9lections professionnelles.<\/p>\n<p>De plus, nous aurions appr\u00e9ci\u00e9 un peu de bienveillance, et comme certaines organisations syndicales le demandaient, pouvoir participer \u00e0 ce CTREA en visio-conf\u00e9rence pour les personnes oblig\u00e9es d\u2019\u00eatre isol\u00e9es.<\/p>\n<p>Parce que nous voulons \u00eatre entendus et obtenir des moyens suppl\u00e9mentaires pour \u00a0l\u2019 EAP en Bourgogne Franche-Comt\u00e9 , nous ne si\u00e8gerons pas lors de cette instance.<\/p>\n","protected":false},"excerpt":{"rendered":"","protected":false},"author":109,"featured_media":704,"comment_status":"closed","ping_status":"closed","sticky":false,"template":"","format":"standard","meta":{"ocean_post_layout":"","ocean_both_sidebars_style":"","ocean_both_sidebars_content_width":0,"ocean_both_sidebars_sidebars_width":0,"ocean_sidebar":"0","ocean_second_sidebar":"0","ocean_disable_margins":"enable","ocean_add_body_class":"","ocean_shortcode_before_top_bar":"","ocean_shortcode_after_top_bar":"","ocean_shortcode_before_header":"","ocean_shortcode_after_header":"","ocean_has_shortcode":"","ocean_shortcode_after_title":"","ocean_shortcode_before_footer_widgets":"","ocean_shortcode_after_footer_widgets":"","ocean_shortcode_before_footer_bottom":"","ocean_shortcode_after_footer_bottom":"","ocean_display_top_bar":"default","ocean_display_header":"default","ocean_header_style":"","ocean_center_header_left_menu":"0","ocean_custom_header_template":"0","ocean_custom_logo":0,"ocean_custom_retina_logo":0,"ocean_custom_logo_max_width":0,"ocean_custom_logo_tablet_max_width":0,"ocean_custom_logo_mobile_max_width":0,"ocean_custom_logo_max_height":0,"ocean_custom_logo_tablet_max_height":0,"ocean_custom_logo_mobile_max_height":0,"ocean_header_custom_menu":"0","ocean_menu_typo_font_family":"0","ocean_menu_typo_font_subset":"","ocean_menu_typo_font_size":0,"ocean_menu_typo_font_size_tablet":0,"ocean_menu_typo_font_size_mobile":0,"ocean_menu_typo_font_size_unit":"px","ocean_menu_typo_font_weight":"","ocean_menu_typo_font_weight_tablet":"","ocean_menu_typo_font_weight_mobile":"","ocean_menu_typo_transform":"","ocean_menu_typo_transform_tablet":"","ocean_menu_typo_transform_mobile":"","ocean_menu_typo_line_height":0,"ocean_menu_typo_line_height_tablet":0,"ocean_menu_typo_line_height_mobile":0,"ocean_menu_typo_line_height_unit":"","ocean_menu_typo_spacing":0,"ocean_menu_typo_spacing_tablet":0,"ocean_menu_typo_spacing_mobile":0,"ocean_menu_typo_spacing_unit":"","ocean_menu_link_color":"","ocean_menu_link_color_hover":"","ocean_menu_link_color_active":"","ocean_menu_link_background":"","ocean_menu_link_hover_background":"","ocean_menu_link_active_background":"","ocean_menu_social_links_bg":"","ocean_menu_social_hover_links_bg":"","ocean_menu_social_links_color":"","ocean_menu_social_hover_links_color":"","ocean_disable_title":"default","ocean_disable_heading":"default","ocean_post_title":"","ocean_post_subheading":"","ocean_post_title_style":"","ocean_post_title_background_color":"","ocean_post_title_background":0,"ocean_post_title_bg_image_position":"","ocean_post_title_bg_image_attachment":"","ocean_post_title_bg_image_repeat":"","ocean_post_title_bg_image_size":"","ocean_post_title_height":0,"ocean_post_title_bg_overlay":0.5,"ocean_post_title_bg_overlay_color":"","ocean_disable_breadcrumbs":"default","ocean_breadcrumbs_color":"","ocean_breadcrumbs_separator_color":"","ocean_breadcrumbs_links_color":"","ocean_breadcrumbs_links_hover_color":"","ocean_display_footer_widgets":"default","ocean_display_footer_bottom":"default","ocean_custom_footer_template":"0","ocean_post_oembed":"","ocean_post_self_hosted_media":"","ocean_post_video_embed":"","ocean_link_format":"","ocean_link_format_target":"self","ocean_quote_format":"","ocean_quote_format_link":"post","ocean_gallery_link_images":"off","ocean_gallery_id":[],"footnotes":""},"categories":[10],"tags":[],"post_folder":[],"class_list":["post-813","post","type-post","status-publish","format-standard","has-post-thumbnail","hentry","category-ctrea","entry","has-media"],"yoast_head":"<!-- This site is optimized with the Yoast SEO plugin v27.4 - https:\/\/yoast.com\/product\/yoast-seo-wordpress\/ -->\n<title>Boycott du CTREA - BOURGOGNE FRANCHE-COMTE<\/title>\n<meta name=\"robots\" content=\"index, follow, max-snippet:-1, max-image-preview:large, max-video-preview:-1\" \/>\n<link rel=\"canonical\" href=\"https:\/\/regions-snetap-fsu.fr\/bfc\/2022\/09\/30\/boycott-du-ctrea-2\/\" \/>\n<meta property=\"og:locale\" content=\"fr_FR\" \/>\n<meta property=\"og:type\" content=\"article\" \/>\n<meta property=\"og:title\" content=\"Boycott du CTREA - BOURGOGNE FRANCHE-COMTE\" \/>\n<meta property=\"og:url\" content=\"https:\/\/regions-snetap-fsu.fr\/bfc\/2022\/09\/30\/boycott-du-ctrea-2\/\" \/>\n<meta property=\"og:site_name\" content=\"BOURGOGNE FRANCHE-COMTE\" \/>\n<meta property=\"article:published_time\" content=\"2022-09-30T14:20:21+00:00\" \/>\n<meta name=\"twitter:card\" content=\"summary_large_image\" \/>\n<meta name=\"twitter:label1\" content=\"\u00c9crit par\" \/>\n\t<meta name=\"twitter:data1\" content=\"\" \/>\n\t<meta name=\"twitter:label2\" content=\"Dur\u00e9e de lecture estim\u00e9e\" \/>\n\t<meta name=\"twitter:data2\" content=\"1 minute\" \/>\n<script type=\"application\/ld+json\" class=\"yoast-schema-graph\">{\"@context\":\"https:\\\/\\\/schema.org\",\"@graph\":[{\"@type\":\"Article\",\"@id\":\"https:\\\/\\\/regions-snetap-fsu.fr\\\/bfc\\\/2022\\\/09\\\/30\\\/boycott-du-ctrea-2\\\/#article\",\"isPartOf\":{\"@id\":\"https:\\\/\\\/regions-snetap-fsu.fr\\\/bfc\\\/2022\\\/09\\\/30\\\/boycott-du-ctrea-2\\\/\"},\"author\":{\"name\":\"\",\"@id\":\"\"},\"headline\":\"Boycott du CTREA\",\"datePublished\":\"2022-09-30T14:20:21+00:00\",\"mainEntityOfPage\":{\"@id\":\"https:\\\/\\\/regions-snetap-fsu.fr\\\/bfc\\\/2022\\\/09\\\/30\\\/boycott-du-ctrea-2\\\/\"},\"wordCount\":211,\"publisher\":{\"@id\":\"https:\\\/\\\/regions-snetap-fsu.fr\\\/bfc\\\/#organization\"},\"image\":{\"@id\":\"https:\\\/\\\/regions-snetap-fsu.fr\\\/bfc\\\/2022\\\/09\\\/30\\\/boycott-du-ctrea-2\\\/#primaryimage\"},\"thumbnailUrl\":\"https:\\\/\\\/regions-snetap-fsu.fr\\\/bfc\\\/wp-content\\\/uploads\\\/sites\\\/8\\\/2021\\\/10\\\/CTREA-BFC.jpg\",\"articleSection\":[\"CTREA\"],\"inLanguage\":\"fr-FR\"},{\"@type\":\"WebPage\",\"@id\":\"https:\\\/\\\/regions-snetap-fsu.fr\\\/bfc\\\/2022\\\/09\\\/30\\\/boycott-du-ctrea-2\\\/\",\"url\":\"https:\\\/\\\/regions-snetap-fsu.fr\\\/bfc\\\/2022\\\/09\\\/30\\\/boycott-du-ctrea-2\\\/\",\"name\":\"Boycott du CTREA - BOURGOGNE FRANCHE-COMTE\",\"isPartOf\":{\"@id\":\"https:\\\/\\\/regions-snetap-fsu.fr\\\/bfc\\\/#website\"},\"primaryImageOfPage\":{\"@id\":\"https:\\\/\\\/regions-snetap-fsu.fr\\\/bfc\\\/2022\\\/09\\\/30\\\/boycott-du-ctrea-2\\\/#primaryimage\"},\"image\":{\"@id\":\"https:\\\/\\\/regions-snetap-fsu.fr\\\/bfc\\\/2022\\\/09\\\/30\\\/boycott-du-ctrea-2\\\/#primaryimage\"},\"thumbnailUrl\":\"https:\\\/\\\/regions-snetap-fsu.fr\\\/bfc\\\/wp-content\\\/uploads\\\/sites\\\/8\\\/2021\\\/10\\\/CTREA-BFC.jpg\",\"datePublished\":\"2022-09-30T14:20:21+00:00\",\"breadcrumb\":{\"@id\":\"https:\\\/\\\/regions-snetap-fsu.fr\\\/bfc\\\/2022\\\/09\\\/30\\\/boycott-du-ctrea-2\\\/#breadcrumb\"},\"inLanguage\":\"fr-FR\",\"potentialAction\":[{\"@type\":\"ReadAction\",\"target\":[\"https:\\\/\\\/regions-snetap-fsu.fr\\\/bfc\\\/2022\\\/09\\\/30\\\/boycott-du-ctrea-2\\\/\"]}]},{\"@type\":\"ImageObject\",\"inLanguage\":\"fr-FR\",\"@id\":\"https:\\\/\\\/regions-snetap-fsu.fr\\\/bfc\\\/2022\\\/09\\\/30\\\/boycott-du-ctrea-2\\\/#primaryimage\",\"url\":\"https:\\\/\\\/regions-snetap-fsu.fr\\\/bfc\\\/wp-content\\\/uploads\\\/sites\\\/8\\\/2021\\\/10\\\/CTREA-BFC.jpg\",\"contentUrl\":\"https:\\\/\\\/regions-snetap-fsu.fr\\\/bfc\\\/wp-content\\\/uploads\\\/sites\\\/8\\\/2021\\\/10\\\/CTREA-BFC.jpg\",\"width\":1740,\"height\":800,\"caption\":\"CTREA BFC\"},{\"@type\":\"BreadcrumbList\",\"@id\":\"https:\\\/\\\/regions-snetap-fsu.fr\\\/bfc\\\/2022\\\/09\\\/30\\\/boycott-du-ctrea-2\\\/#breadcrumb\",\"itemListElement\":[{\"@type\":\"ListItem\",\"position\":1,\"name\":\"Accueil\",\"item\":\"https:\\\/\\\/regions-snetap-fsu.fr\\\/bfc\\\/\"},{\"@type\":\"ListItem\",\"position\":2,\"name\":\"Boycott du CTREA\"}]},{\"@type\":\"WebSite\",\"@id\":\"https:\\\/\\\/regions-snetap-fsu.fr\\\/bfc\\\/#website\",\"url\":\"https:\\\/\\\/regions-snetap-fsu.fr\\\/bfc\\\/\",\"name\":\"SNETAP-FSU BOURGOGNE FRANCHE-COMTE\",\"description\":\"Le blog de la Section R\u00e9gionale\",\"publisher\":{\"@id\":\"https:\\\/\\\/regions-snetap-fsu.fr\\\/bfc\\\/#organization\"},\"potentialAction\":[{\"@type\":\"SearchAction\",\"target\":{\"@type\":\"EntryPoint\",\"urlTemplate\":\"https:\\\/\\\/regions-snetap-fsu.fr\\\/bfc\\\/?s={search_term_string}\"},\"query-input\":{\"@type\":\"PropertyValueSpecification\",\"valueRequired\":true,\"valueName\":\"search_term_string\"}}],\"inLanguage\":\"fr-FR\"},{\"@type\":\"Organization\",\"@id\":\"https:\\\/\\\/regions-snetap-fsu.fr\\\/bfc\\\/#organization\",\"name\":\"SNETAP-FSU Bourgogne Franche Comt\u00e9\",\"url\":\"https:\\\/\\\/regions-snetap-fsu.fr\\\/bfc\\\/\",\"logo\":{\"@type\":\"ImageObject\",\"inLanguage\":\"fr-FR\",\"@id\":\"https:\\\/\\\/regions-snetap-fsu.fr\\\/bfc\\\/#\\\/schema\\\/logo\\\/image\\\/\",\"url\":\"https:\\\/\\\/regions-snetap-fsu.fr\\\/bfc\\\/wp-content\\\/uploads\\\/sites\\\/8\\\/2020\\\/12\\\/SNETAP-Logo.jpg\",\"contentUrl\":\"https:\\\/\\\/regions-snetap-fsu.fr\\\/bfc\\\/wp-content\\\/uploads\\\/sites\\\/8\\\/2020\\\/12\\\/SNETAP-Logo.jpg\",\"width\":464,\"height\":334,\"caption\":\"SNETAP-FSU Bourgogne Franche Comt\u00e9\"},\"image\":{\"@id\":\"https:\\\/\\\/regions-snetap-fsu.fr\\\/bfc\\\/#\\\/schema\\\/logo\\\/image\\\/\"}},{\"@type\":\"Person\",\"@id\":\"\",\"url\":\"https:\\\/\\\/regions-snetap-fsu.fr\\\/bfc\\\/author\\\/\"}]}<\/script>\n<!-- \/ Yoast SEO plugin. -->","yoast_head_json":{"title":"Boycott du CTREA - BOURGOGNE FRANCHE-COMTE","robots":{"index":"index","follow":"follow","max-snippet":"max-snippet:-1","max-image-preview":"max-image-preview:large","max-video-preview":"max-video-preview:-1"},"canonical":"https:\/\/regions-snetap-fsu.fr\/bfc\/2022\/09\/30\/boycott-du-ctrea-2\/","og_locale":"fr_FR","og_type":"article","og_title":"Boycott du CTREA - BOURGOGNE FRANCHE-COMTE","og_url":"https:\/\/regions-snetap-fsu.fr\/bfc\/2022\/09\/30\/boycott-du-ctrea-2\/","og_site_name":"BOURGOGNE FRANCHE-COMTE","article_published_time":"2022-09-30T14:20:21+00:00","twitter_card":"summary_large_image","twitter_misc":{"\u00c9crit par":"","Dur\u00e9e de lecture estim\u00e9e":"1 minute"},"schema":{"@context":"https:\/\/schema.org","@graph":[{"@type":"Article","@id":"https:\/\/regions-snetap-fsu.fr\/bfc\/2022\/09\/30\/boycott-du-ctrea-2\/#article","isPartOf":{"@id":"https:\/\/regions-snetap-fsu.fr\/bfc\/2022\/09\/30\/boycott-du-ctrea-2\/"},"author":{"name":"","@id":""},"headline":"Boycott du CTREA","datePublished":"2022-09-30T14:20:21+00:00","mainEntityOfPage":{"@id":"https:\/\/regions-snetap-fsu.fr\/bfc\/2022\/09\/30\/boycott-du-ctrea-2\/"},"wordCount":211,"publisher":{"@id":"https:\/\/regions-snetap-fsu.fr\/bfc\/#organization"},"image":{"@id":"https:\/\/regions-snetap-fsu.fr\/bfc\/2022\/09\/30\/boycott-du-ctrea-2\/#primaryimage"},"thumbnailUrl":"https:\/\/regions-snetap-fsu.fr\/bfc\/wp-content\/uploads\/sites\/8\/2021\/10\/CTREA-BFC.jpg","articleSection":["CTREA"],"inLanguage":"fr-FR"},{"@type":"WebPage","@id":"https:\/\/regions-snetap-fsu.fr\/bfc\/2022\/09\/30\/boycott-du-ctrea-2\/","url":"https:\/\/regions-snetap-fsu.fr\/bfc\/2022\/09\/30\/boycott-du-ctrea-2\/","name":"Boycott du CTREA - BOURGOGNE FRANCHE-COMTE","isPartOf":{"@id":"https:\/\/regions-snetap-fsu.fr\/bfc\/#website"},"primaryImageOfPage":{"@id":"https:\/\/regions-snetap-fsu.fr\/bfc\/2022\/09\/30\/boycott-du-ctrea-2\/#primaryimage"},"image":{"@id":"https:\/\/regions-snetap-fsu.fr\/bfc\/2022\/09\/30\/boycott-du-ctrea-2\/#primaryimage"},"thumbnailUrl":"https:\/\/regions-snetap-fsu.fr\/bfc\/wp-content\/uploads\/sites\/8\/2021\/10\/CTREA-BFC.jpg","datePublished":"2022-09-30T14:20:21+00:00","breadcrumb":{"@id":"https:\/\/regions-snetap-fsu.fr\/bfc\/2022\/09\/30\/boycott-du-ctrea-2\/#breadcrumb"},"inLanguage":"fr-FR","potentialAction":[{"@type":"ReadAction","target":["https:\/\/regions-snetap-fsu.fr\/bfc\/2022\/09\/30\/boycott-du-ctrea-2\/"]}]},{"@type":"ImageObject","inLanguage":"fr-FR","@id":"https:\/\/regions-snetap-fsu.fr\/bfc\/2022\/09\/30\/boycott-du-ctrea-2\/#primaryimage","url":"https:\/\/regions-snetap-fsu.fr\/bfc\/wp-content\/uploads\/sites\/8\/2021\/10\/CTREA-BFC.jpg","contentUrl":"https:\/\/regions-snetap-fsu.fr\/bfc\/wp-content\/uploads\/sites\/8\/2021\/10\/CTREA-BFC.jpg","width":1740,"height":800,"caption":"CTREA BFC"},{"@type":"BreadcrumbList","@id":"https:\/\/regions-snetap-fsu.fr\/bfc\/2022\/09\/30\/boycott-du-ctrea-2\/#breadcrumb","itemListElement":[{"@type":"ListItem","position":1,"name":"Accueil","item":"https:\/\/regions-snetap-fsu.fr\/bfc\/"},{"@type":"ListItem","position":2,"name":"Boycott du CTREA"}]},{"@type":"WebSite","@id":"https:\/\/regions-snetap-fsu.fr\/bfc\/#website","url":"https:\/\/regions-snetap-fsu.fr\/bfc\/","name":"SNETAP-FSU BOURGOGNE FRANCHE-COMTE","description":"Le blog de la Section R\u00e9gionale","publisher":{"@id":"https:\/\/regions-snetap-fsu.fr\/bfc\/#organization"},"potentialAction":[{"@type":"SearchAction","target":{"@type":"EntryPoint","urlTemplate":"https:\/\/regions-snetap-fsu.fr\/bfc\/?s={search_term_string}"},"query-input":{"@type":"PropertyValueSpecification","valueRequired":true,"valueName":"search_term_string"}}],"inLanguage":"fr-FR"},{"@type":"Organization","@id":"https:\/\/regions-snetap-fsu.fr\/bfc\/#organization","name":"SNETAP-FSU Bourgogne Franche Comt\u00e9","url":"https:\/\/regions-snetap-fsu.fr\/bfc\/","logo":{"@type":"ImageObject","inLanguage":"fr-FR","@id":"https:\/\/regions-snetap-fsu.fr\/bfc\/#\/schema\/logo\/image\/","url":"https:\/\/regions-snetap-fsu.fr\/bfc\/wp-content\/uploads\/sites\/8\/2020\/12\/SNETAP-Logo.jpg","contentUrl":"https:\/\/regions-snetap-fsu.fr\/bfc\/wp-content\/uploads\/sites\/8\/2020\/12\/SNETAP-Logo.jpg","width":464,"height":334,"caption":"SNETAP-FSU Bourgogne Franche Comt\u00e9"},"image":{"@id":"https:\/\/regions-snetap-fsu.fr\/bfc\/#\/schema\/logo\/image\/"}},{"@type":"Person","@id":"","url":"https:\/\/regions-snetap-fsu.fr\/bfc\/author\/"}]}},"_links":{"self":[{"href":"https:\/\/regions-snetap-fsu.fr\/bfc\/wp-json\/wp\/v2\/posts\/813","targetHints":{"allow":["GET"]}}],"collection":[{"href":"https:\/\/regions-snetap-fsu.fr\/bfc\/wp-json\/wp\/v2\/posts"}],"about":[{"href":"https:\/\/regions-snetap-fsu.fr\/bfc\/wp-json\/wp\/v2\/types\/post"}],"author":[{"embeddable":true,"href":"https:\/\/regions-snetap-fsu.fr\/bfc\/wp-json\/wp\/v2\/users\/109"}],"replies":[{"embeddable":true,"href":"https:\/\/regions-snetap-fsu.fr\/bfc\/wp-json\/wp\/v2\/comments?post=813"}],"version-history":[{"count":2,"href":"https:\/\/regions-snetap-fsu.fr\/bfc\/wp-json\/wp\/v2\/posts\/813\/revisions"}],"predecessor-version":[{"id":815,"href":"https:\/\/regions-snetap-fsu.fr\/bfc\/wp-json\/wp\/v2\/posts\/813\/revisions\/815"}],"wp:featuredmedia":[{"embeddable":true,"href":"https:\/\/regions-snetap-fsu.fr\/bfc\/wp-json\/wp\/v2\/media\/704"}],"wp:attachment":[{"href":"https:\/\/regions-snetap-fsu.fr\/bfc\/wp-json\/wp\/v2\/media?parent=813"}],"wp:term":[{"taxonomy":"category","embeddable":true,"href":"https:\/\/regions-snetap-fsu.fr\/bfc\/wp-json\/wp\/v2\/categories?post=813"},{"taxonomy":"post_tag","embeddable":true,"href":"https:\/\/regions-snetap-fsu.fr\/bfc\/wp-json\/wp\/v2\/tags?post=813"},{"taxonomy":"post_folder","embeddable":true,"href":"https:\/\/regions-snetap-fsu.fr\/bfc\/wp-json\/wp\/v2\/post_folder?post=813"}],"curies":[{"name":"wp","href":"https:\/\/api.w.org\/{rel}","templated":true}]}}